{"id":100229,"date":"2019-05-01T03:41:42","date_gmt":"2019-05-01T08:41:42","guid":{"rendered":"https:\/\/insightcrime.org\/?p=100229"},"modified":"2024-09-02T15:07:18","modified_gmt":"2024-09-02T20:07:18","slug":"okaida-emulos-de-al-qaeda-se-expanden-en-nordeste-de-brasil","status":"publish","type":"post","link":"https:\/\/insightcrime.org\/es\/noticias\/okaida-emulos-de-al-qaeda-se-expanden-en-nordeste-de-brasil\/","title":{"rendered":"Okaida, \u00e9mulos de Al-Qaeda, se expanden en nordeste de Brasil"},"content":{"rendered":"\n<p class=\"wp-block-paragraph\">Tras imponerse en una guerra de territorio librada durante una d\u00e9cada en el estado de Para\u00edba, nordeste de Brasil, Okaida, pandilla local llamada como el grupo terrorista isl\u00e1mico Al-Qaeda, ha tenido v\u00eda libre al fin para extender sus ambiciones y entrar en el estado vecino de Pernambuco.<\/p>\n\n\n\n<p class=\"wp-block-paragraph\">Se cree que la pandilla tiene ahora hasta <a href=\"https:\/\/www.bbc.com\/portuguese\/brasil-47942626\" target=\"_blank\" rel=\"noopener\">6.000 integrantes<\/a> solo en Para\u00edba, en su mayor parte miembros m\u00e1s j\u00f3venes atra\u00eddos por la reputaci\u00f3n de Okaida en las redes sociales, seg\u00fan una organizaci\u00f3n adelantada por el gobierno estatal.<\/p>\n\n\n\n<p class=\"wp-block-paragraph\">Creada a mediados de la d\u00e9cada de 2000, en sus comienzos Okaida no se hizo notar mucho fuera de su estado natal. Principalmente estaba enfrascada en una <a href=\"https:\/\/www.bbc.com\/portuguese\/brasil-38917335\" target=\"_blank\" rel=\"noopener\">larga y sangrienta guerra de territorio<\/a> con la pandilla rival, Estados Unidos.<\/p>\n\n\n\n<p class=\"wp-block-paragraph\">El grupo narcotraficante m\u00e1s grande de Brasil, el <a href=\"https:\/\/es.insightcrime.org\/noticias-sobre-crimen-organizado-en-brasil\/primer-comando-capital-pcc\/\" target=\"_blank\" rel=\"noopener\">Primer Comando de la Capital<\/a> (PCC), <a href=\"https:\/\/www.maispb.com.br\/247031\/faccao-okaida-bloqueia-entrada-do-pcc-na-paraiba-diz-ex-secretario.html\" target=\"_blank\" rel=\"noopener\">estuvo inicialmente del lado de Okaida<\/a> hasta una disputa en 2010. Luego de eso, el PCC se ali\u00f3 con Estados Unidos.<\/p>\n\n\n\n<p class=\"wp-block-paragraph\"><span style=\"color: #800000;\"><strong>VEA TAMBI\u00c9N:<\/strong><\/span> <a href=\"https:\/\/es.insightcrime.org\/noticias-sobre-crimen-organizado-en-brasil\/primer-comando-capital-pcc\/\" target=\"_blank\" rel=\"noopener\">Noticias y perfiles del PCC<\/a><\/p>\n\n\n\n<p class=\"wp-block-paragraph\">Sin embargo, la p\u00e9rdida de su aliado no parece haber impedido la expansi\u00f3n de Okaida. El grupo <a href=\"https:\/\/www.bbc.com\/portuguese\/brasil-47942626\" target=\"_blank\" rel=\"noopener\">uni\u00f3 fuerzas<\/a> con el <a href=\"https:\/\/es.insightcrime.org\/noticias-crimen-organizado-brasil\/comando-rojo\/\" target=\"_blank\" rel=\"noopener\">Comando Rojo<\/a> (CV) y la Familia del Norte, para contrarrestar los avances agresivos del PCC.<\/p>\n\n\n\n<p class=\"wp-block-paragraph\">El a\u00f1o pasado hubo evidencias de la llegada de Okaida a Pernambuco <a href=\"https:\/\/www.clickpb.com.br\/Policial\/policia-desarticula-celula-da-okaida-que-estava-se-desenvolvendo-em-pernambuco-237662.html\" target=\"_blank\" rel=\"noopener\">con el arresto<\/a> de algunos pandilleros en la ciudad de Zona da Mata Norte. En el operativo sorpresa participaron casi 200 agentes de polic\u00eda y varios helic\u00f3pteros, una muestra de la seriedad con la que las autoridades respondieron a la expansi\u00f3n del grupo.<\/p>\n\n\n\n<p class=\"wp-block-paragraph\">Tambi\u00e9n en 2018, se atribuyeron a la pandilla varios homicidios en la ciudad de Camutangam, Pernambuco, y hay denuncias de que obligaron a algunos residentes a dejar sus casas y tomaron control de ellas.<\/p>\n\n\n\n<p class=\"wp-block-paragraph\">Pero Okaida parece haber llegado para quedarse en Pernambuco. A comienzos de abril, otro pandillero <a href=\"https:\/\/www.folhape.com.br\/noticias\/noticias\/policia\/2019\/04\/03\/NWS,100812,70,624,NOTICIAS,2190-PRESO-RECIFE-MEMBRO-FACCAO-OKAIDA-LIGADA-PCC.aspx\" target=\"_blank\" rel=\"noopener\">fue detenido<\/a> en Recife capital del estado, por venta de crack y robo.<\/p>\n\n\n\n<h3 class=\"wp-block-heading\">An\u00e1lisis de InSight Crime<\/h3>\n\n\n\n<p class=\"wp-block-paragraph\">Fue su enemistad lo que determin\u00f3 la elecci\u00f3n de los nombres de Okaida y sus rivales, Estados Unidos. Okaida tom\u00f3 su nombre del grupo terrorista Al Qaeda, de Osama Bin Laden, y Estados Unidos se bautiz\u00f3 como el enemigo de los terroristas.<\/p>\n\n\n\n<p class=\"wp-block-paragraph\">Pero en un giro de la historia, en los \u00faltimos a\u00f1os Okaida ha sacado ventaja permanente en Para\u00edba, <a href=\"https:\/\/www.terra.com.br\/noticias\/brasil\/policia\/a-ascensao-da-okaida-faccao-criminosa-com-6-mil-soldados-na-paraiba,1ba491b7c9d72008da6bb43642130b993fznsp46.html\" target=\"_blank\" rel=\"noopener\">tomando control del territorio<\/a> en las regiones de Mandacaru, Bola da Rede y Novais.<\/p>\n\n\n\n<p class=\"wp-block-paragraph\">Delegados de seguridad del estado afirman que Okaida ha ganado m\u00e1s adeptos que Estados Unidos, superando en fuerza a sus enemigos en las calles. En las prisiones, sin embargo, las facciones muchas veces ocupan pabellones separados y sus enfrentamientos <a href=\"https:\/\/ultimosegundo.ig.com.br\/brasil\/faccoes-al-qaeda-e-eua-disputam-controle-do-trafico-em-joao-pess\/n1597654715441.html\" target=\"_blank\" rel=\"noopener\">se han hecho letales<\/a>.<\/p>\n\n\n\n<p class=\"wp-block-paragraph\"><strong><span style=\"color: #800000;\">VEA TAMBI\u00c9N:<\/span>&nbsp;<\/strong><a href=\"https:\/\/es.insightcrime.org\/noticias-sobre-crimen-organizado-en-brasil\/\" target=\"_blank\" rel=\"noopener\">Noticias y perfiles de Brasil<\/a><\/p>\n\n\n\n<p class=\"wp-block-paragraph\">La estrategia de reclutamiento de Okaida ha dependido en su gran mayor\u00eda de las redes sociales: publican videos de rap, realizando trucos publicitarios con actos acrob\u00e1ticos y haciendo alarde de tatuajes de Chucky, el mu\u00f1eco asesino.<\/p>\n\n\n\n<p class=\"wp-block-paragraph\">En octubre de 2018, para celebrar su aniversario, Okaida orquest\u00f3 el lanzamiento simult\u00e1neo de juegos pirot\u00e9cnicos en seis ciudades de Para\u00edba.<\/p>\n\n\n\n<p class=\"wp-block-paragraph\">Un video de rap, grabado por pandilleros en la prisi\u00f3n en 2017, llam\u00f3 la atenci\u00f3n recientemente cuando comenz\u00f3 a difundirse la noticia del \u00e9xito de Okaida.<\/p>\n\n\n\n<p class=\"wp-block-paragraph\"><iframe loading=\"lazy\" title=\"OKAIDA - MAGO DO FAC\u00c3O\" width=\"500\" height=\"375\" src=\"https:\/\/www.youtube.com\/embed\/0f4wsq7j5jg?feature=oembed\" frameborder=\"0\" allow=\"accelerometer; autoplay; clipboard-write; encrypted-media; gyroscope; picture-in-picture; web-share\" allowfullscreen=\"\"><\/iframe><\/p>\n\n\n\n<p class=\"wp-block-paragraph\">Aunque 6.000 miembros de Okaida es un n\u00famero peque\u00f1o en comparaci\u00f3n con los 30.000 o m\u00e1s que el PCC asegura tener en todo el pa\u00eds, su foco regional y la capacidad de atraer nuevos elementos hace de la pandilla un fen\u00f3meno que es preciso enfrentar en el nordeste de Brasil.<\/p>\n","protected":false},"excerpt":{"rendered":"<p>Tras imponerse en una guerra de territorio librada durante una d\u00e9cada en el estado de Para\u00edba, nordeste de Brasil, Okaida, pandilla local llamada como el grupo terrorista isl\u00e1mico Al-Qaeda, ha tenido v\u00eda libre al fin para extender sus ambiciones y entrar en el estado vecino de Pernambuco..<\/p>\n","protected":false},"author":178,"featured_media":100127,"comment_status":"closed","ping_status":"closed","sticky":false,"template":"","format":"standard","meta":{"newspack_ads_suppress_ads":false,"newspack_popups_has_disabled_popups":false,"newspack_sponsor_sponsorship_scope":"","newspack_sponsor_native_byline_display":"inherit","newspack_sponsor_native_category_display":"inherit","newspack_sponsor_underwriter_style":"inherit","newspack_sponsor_underwriter_placement":"inherit","_EventAllDay":false,"_EventTimezone":"","_EventStartDate":"","_EventEndDate":"","_EventStartDateUTC":"","_EventEndDateUTC":"","_EventShowMap":false,"_EventShowMapLink":false,"_EventURL":"","_EventCost":"","_EventCostDescription":"","_EventCurrencySymbol":"","_EventCurrencyCode":"","_EventCurrencyPosition":"","_EventDateTimeSeparator":"","_EventTimeRangeSeparator":"","_EventOrganizerID":[],"_EventVenueID":[],"_OrganizerEmail":"","_OrganizerPhone":"","_OrganizerWebsite":"","_VenueAddress":"","_VenueCity":"","_VenueCountry":"","_VenueProvince":"","_VenueState":"","_VenueZip":"","_VenuePhone":"","_VenueURL":"","_VenueStateProvince":"","_VenueLat":"","_VenueLng":"","_VenueShowMap":false,"_VenueShowMapLink":false,"_newspack_byline_active":false,"_newspack_byline":"","newspack_hide_updated_date":false,"newspack_show_updated_date":false,"newspack_featured_image_position":"","newspack_post_subtitle":"","newspack_article_summary_title":"Overview:","newspack_article_summary":"","_jetpack_memberships_contains_paid_content":false,"footnotes":""},"categories":[759],"tags":[405,446],"newspack_spnsrs_tax":[],"coauthors":[4140],"class_list":["post-100229","post","type-post","status-publish","format-standard","has-post-thumbnail","hentry","category-noticias","tag-brasil","tag-el-pcc","entry"],"parsely":{"version":"1.1.0","canonical_url":"https:\/\/insightcrime.org\/es\/noticias\/okaida-emulos-de-al-qaeda-se-expanden-en-nordeste-de-brasil\/","smart_links":{"inbound":0,"outbound":0},"traffic_boost_suggestions_count":0,"meta":{"@context":"https:\/\/schema.org","@type":"NewsArticle","headline":"Okaida, \u00e9mulos de Al-Qaeda, se expanden en nordeste de Brasil","url":"http:\/\/insightcrime.org\/es\/noticias\/okaida-emulos-de-al-qaeda-se-expanden-en-nordeste-de-brasil\/","mainEntityOfPage":{"@type":"WebPage","@id":"http:\/\/insightcrime.org\/es\/noticias\/okaida-emulos-de-al-qaeda-se-expanden-en-nordeste-de-brasil\/"},"thumbnailUrl":"https:\/\/i0.wp.com\/insightcrime.org\/wp-content\/uploads\/2019\/04\/dsmw9lm6x6691tpyk8jeznll3-1.jpg?resize=150%2C150&quality=100&ssl=1","image":{"@type":"ImageObject","url":"https:\/\/i0.wp.com\/insightcrime.org\/wp-content\/uploads\/2019\/04\/dsmw9lm6x6691tpyk8jeznll3-1.jpg?fit=350%2C250&quality=100&ssl=1"},"articleSection":"Noticias","author":[{"@type":"Person","name":"Chris Dalby"}],"creator":["Chris Dalby"],"publisher":{"@type":"Organization","name":"InSight Crime","logo":"https:\/\/insightcrime.org\/wp-content\/uploads\/2023\/08\/logo.png"},"keywords":["brasil","pcc"],"dateCreated":"2019-05-01T08:41:42Z","datePublished":"2019-05-01T08:41:42Z","dateModified":"2024-09-02T20:07:18Z"},"rendered":"<meta name=\"parsely-title\" content=\"Okaida, \u00e9mulos de Al-Qaeda, se expanden en nordeste de Brasil\" \/>\n<meta name=\"parsely-link\" content=\"http:\/\/insightcrime.org\/es\/noticias\/okaida-emulos-de-al-qaeda-se-expanden-en-nordeste-de-brasil\/\" \/>\n<meta name=\"parsely-type\" content=\"post\" \/>\n<meta name=\"parsely-image-url\" content=\"https:\/\/i0.wp.com\/insightcrime.org\/wp-content\/uploads\/2019\/04\/dsmw9lm6x6691tpyk8jeznll3-1.jpg?resize=150%2C150&amp;quality=100&amp;ssl=1\" \/>\n<meta name=\"parsely-pub-date\" content=\"2019-05-01T08:41:42Z\" \/>\n<meta name=\"parsely-section\" content=\"Noticias\" \/>\n<meta name=\"parsely-tags\" content=\"brasil,pcc\" \/>\n<meta name=\"parsely-author\" content=\"Chris Dalby\" \/>","tracker_url":"https:\/\/cdn.parsely.com\/keys\/insightcrime.org\/p.js"},"jetpack_sharing_enabled":true,"jetpack-related-posts":[{"id":147811,"url":"https:\/\/insightcrime.org\/es\/noticias\/guerra-milicias-comando-rojo-explica-violencia-manaos-brasil\/","url_meta":{"origin":100229,"position":0},"title":"\u00bfGuerra entre milicias y Comando Rojo explica violencia en Manaos, Brasil?","author":"Chris Dalby","date":"9 de junio de 2021","format":false,"excerpt":"Manaos, centro econ\u00f3mico del Amazonas brasile\u00f1o, est\u00e1 sitiada por el Comando Rojo despu\u00e9s del asesinato de un importante jefe de la pandilla. Pero estos ataques pueden ser apenas un cap\u00edtulo m\u00e1s en una guerra criminal que escal\u00f3 a todo el territorio nacional.","rel":"","context":"En \u00abNoticias\u00bb","block_context":{"text":"Noticias","link":"https:\/\/insightcrime.org\/es\/category\/noticias\/"},"img":{"alt_text":"A bus is burned during violence in Manaus, Amazonas, carried out by the Red Command","src":"https:\/\/i0.wp.com\/insightcrime.org\/wp-content\/uploads\/2021\/06\/show_02705f82-e8eb-4920-9eb6-bce32db5b960_FF778BB0-4A14-4416-AD54-30BEB6F38958.jpg?fit=350%2C250&quality=100&ssl=1&resize=350%2C200","width":350,"height":200},"classes":[]},{"id":166038,"url":"https:\/\/insightcrime.org\/es\/noticias\/guerra-fronteras-brasil-detona-conflicto-pandillas-uruguay\/","url_meta":{"origin":100229,"position":1},"title":"Guerra por fronteras en Brasil detona conflicto de pandillas en Uruguay","author":"Katie Jones","date":"24 de agosto de 2021","format":false,"excerpt":"La guerra localizada entre pandillas en el estado brasile\u00f1o de Rio Grande do Sul ha desatado una crisis de seguridad al otro lado de su frontera con Uruguay.","rel":"","context":"En \u00abNoticias\u00bb","block_context":{"text":"Noticias","link":"https:\/\/insightcrime.org\/es\/category\/noticias\/"},"img":{"alt_text":"Police in Rivera, Uruguay, are struggling to contain a spate of murders linked to Brazilian gangs.","src":"https:\/\/i0.wp.com\/insightcrime.org\/wp-content\/uploads\/2021\/08\/5fc16a735c690.jpeg?fit=350%2C250&quality=100&ssl=1&resize=350%2C200","width":350,"height":200},"classes":[]},{"id":177699,"url":"https:\/\/insightcrime.org\/es\/noticias\/santa-cruz-bolivia-epicentro-guerra-pcc-cv-brasil\/","url_meta":{"origin":100229,"position":2},"title":"Santa Cruz, Bolivia, es el epicentro de la guerra entre PCC y CV de Brasil","author":"Alessandro Ford","date":"10 de febrero de 2022","format":false,"excerpt":"El asesinato de dos traficantes brasile\u00f1os en un departamento fronterizo de Bolivia representa un nuevo ejemplo de la violencia desbordada por la guerra entre las dos agrupaciones criminales m\u00e1s poderosas de Brasil por el control de las rutas de tr\u00e1fico de drogas.","rel":"","context":"En \u00abNoticias\u00bb","block_context":{"text":"Noticias","link":"https:\/\/insightcrime.org\/es\/category\/noticias\/"},"img":{"alt_text":"Varios polic\u00edas bolivianos salen de una camioneta blanca de la polic\u00eda en San Mat\u00edas","src":"https:\/\/i0.wp.com\/insightcrime.org\/wp-content\/uploads\/2022\/02\/San-Matias-FELCN-atribuye-a-la-disputa-del-Comando-Vermelho-y-PCC-muerte-de-brasileno.jpg?fit=350%2C250&quality=100&ssl=1&resize=350%2C200","width":350,"height":200},"classes":[]},{"id":7021,"url":"https:\/\/insightcrime.org\/es\/noticias-crimen-organizado-brasil\/primer-comando-capital-pcc-perfil\/","url_meta":{"origin":100229,"position":3},"title":"Primer Comando Capital (PCC)","author":"InSight Crime","date":"20 de julio de 2026","format":false,"excerpt":"El Primer Comando Capital (Primeiro Comando da Capital, PCC) es la mayor red criminal de Brasil y participa en el tr\u00e1fico internacional de drogas. Perfil actualizado de 2026.","rel":"","context":"En \u00abBrasil\u00bb","block_context":{"text":"Brasil","link":"https:\/\/insightcrime.org\/es\/category\/noticias-crimen-organizado-brasil\/"},"img":{"alt_text":"Primer Comando Capital (Primeiro comando da capital, PCC).","src":"https:\/\/i0.wp.com\/insightcrime.org\/wp-content\/uploads\/2026\/05\/Grupo-criminal-PCC.jpg?fit=1200%2C900&quality=100&ssl=1&resize=350%2C200","width":350,"height":200,"srcset":"https:\/\/i0.wp.com\/insightcrime.org\/wp-content\/uploads\/2026\/05\/Grupo-criminal-PCC.jpg?fit=1200%2C900&quality=100&ssl=1&resize=350%2C200 1x, https:\/\/i0.wp.com\/insightcrime.org\/wp-content\/uploads\/2026\/05\/Grupo-criminal-PCC.jpg?fit=1200%2C900&quality=100&ssl=1&resize=525%2C300 1.5x, https:\/\/i0.wp.com\/insightcrime.org\/wp-content\/uploads\/2026\/05\/Grupo-criminal-PCC.jpg?fit=1200%2C900&quality=100&ssl=1&resize=700%2C400 2x, https:\/\/i0.wp.com\/insightcrime.org\/wp-content\/uploads\/2026\/05\/Grupo-criminal-PCC.jpg?fit=1200%2C900&quality=100&ssl=1&resize=1050%2C600 3x"},"classes":[]},{"id":125168,"url":"https:\/\/insightcrime.org\/es\/noticias\/covid-19-pandillas-construccion-de-estado-amenazas-y-oportunidades\/","url_meta":{"origin":100229,"position":4},"title":"COVID-19: Pandillas, construcci\u00f3n de Estado, amenazas y oportunidades","author":"Steven Dudley","date":"7 de octubre de 2020","format":false,"excerpt":"En marzo de 2020, poco despu\u00e9s de que el miedo al coronavirus comenzara a extenderse por el continente americano, algunos de los principales grupos criminales comenzaron a imponer sus propias formas de confinamiento.","rel":"","context":"En \u00abNoticias\u00bb","block_context":{"text":"Noticias","link":"https:\/\/insightcrime.org\/es\/category\/noticias\/"},"img":{"alt_text":"","src":"https:\/\/i0.wp.com\/insightcrime.org\/wp-content\/uploads\/2020\/10\/26332030-0-image-a-5_1585038282081-1.jpg?fit=350%2C250&quality=100&ssl=1&resize=350%2C200","width":350,"height":200},"classes":[]},{"id":83323,"url":"https:\/\/insightcrime.org\/es\/noticias-crimen-organizado-brasil\/comando-rojo\/","url_meta":{"origin":100229,"position":5},"title":"Comando Vermelho","author":"InSight Crime","date":"13 de agosto de 2026","format":false,"excerpt":"El Comando Rojo (Comando Vermelho, CV) es el grupo criminal m\u00e1s antiguo de Brasil, conformado en una prisi\u00f3n de R\u00edo de Janeiro en los a\u00f1os setenta como un grupo de autoprotecci\u00f3n de los prisioneros. Comenz\u00f3 con delitos menores, como asaltos y robos a bancos, pero en los a\u00f1os ochenta el\u2026","rel":"","context":"En \u00abBrasil\u00bb","block_context":{"text":"Brasil","link":"https:\/\/insightcrime.org\/es\/category\/noticias-crimen-organizado-brasil\/"},"img":{"alt_text":"Comando Vermelho (Comando Rojo).","src":"https:\/\/i0.wp.com\/insightcrime.org\/wp-content\/uploads\/2026\/05\/Grupo-Criminal-Comando-Vermelho.jpg?fit=1200%2C900&quality=100&ssl=1&resize=350%2C200","width":350,"height":200,"srcset":"https:\/\/i0.wp.com\/insightcrime.org\/wp-content\/uploads\/2026\/05\/Grupo-Criminal-Comando-Vermelho.jpg?fit=1200%2C900&quality=100&ssl=1&resize=350%2C200 1x, https:\/\/i0.wp.com\/insightcrime.org\/wp-content\/uploads\/2026\/05\/Grupo-Criminal-Comando-Vermelho.jpg?fit=1200%2C900&quality=100&ssl=1&resize=525%2C300 1.5x, https:\/\/i0.wp.com\/insightcrime.org\/wp-content\/uploads\/2026\/05\/Grupo-Criminal-Comando-Vermelho.jpg?fit=1200%2C900&quality=100&ssl=1&resize=700%2C400 2x, https:\/\/i0.wp.com\/insightcrime.org\/wp-content\/uploads\/2026\/05\/Grupo-Criminal-Comando-Vermelho.jpg?fit=1200%2C900&quality=100&ssl=1&resize=1050%2C600 3x"},"classes":[]}],"jetpack_featured_media_url":"https:\/\/i0.wp.com\/insightcrime.org\/wp-content\/uploads\/2019\/04\/dsmw9lm6x6691tpyk8jeznll3-1.jpg?fit=350%2C250&quality=100&ssl=1","_links":{"self":[{"href":"https:\/\/insightcrime.org\/es\/wp-json\/wp\/v2\/posts\/100229","targetHints":{"allow":["GET"]}}],"collection":[{"href":"https:\/\/insightcrime.org\/es\/wp-json\/wp\/v2\/posts"}],"about":[{"href":"https:\/\/insightcrime.org\/es\/wp-json\/wp\/v2\/types\/post"}],"author":[{"embeddable":true,"href":"https:\/\/insightcrime.org\/es\/wp-json\/wp\/v2\/users\/178"}],"replies":[{"embeddable":true,"href":"https:\/\/insightcrime.org\/es\/wp-json\/wp\/v2\/comments?post=100229"}],"version-history":[{"count":6,"href":"https:\/\/insightcrime.org\/es\/wp-json\/wp\/v2\/posts\/100229\/revisions"}],"predecessor-version":[{"id":291343,"href":"https:\/\/insightcrime.org\/es\/wp-json\/wp\/v2\/posts\/100229\/revisions\/291343"}],"wp:featuredmedia":[{"embeddable":true,"href":"https:\/\/insightcrime.org\/es\/wp-json\/wp\/v2\/media\/100127"}],"wp:attachment":[{"href":"https:\/\/insightcrime.org\/es\/wp-json\/wp\/v2\/media?parent=100229"}],"wp:term":[{"taxonomy":"category","embeddable":true,"href":"https:\/\/insightcrime.org\/es\/wp-json\/wp\/v2\/categories?post=100229"},{"taxonomy":"post_tag","embeddable":true,"href":"https:\/\/insightcrime.org\/es\/wp-json\/wp\/v2\/tags?post=100229"},{"taxonomy":"newspack_spnsrs_tax","embeddable":true,"href":"https:\/\/insightcrime.org\/es\/wp-json\/wp\/v2\/newspack_spnsrs_tax?post=100229"},{"taxonomy":"author","embeddable":true,"href":"https:\/\/insightcrime.org\/es\/wp-json\/wp\/v2\/coauthors?post=100229"}],"curies":[{"name":"wp","href":"https:\/\/api.w.org\/{rel}","templated":true}]}}