{"id":101866,"date":"2019-06-04T18:00:15","date_gmt":"2019-06-04T23:00:15","guid":{"rendered":"https:\/\/insightcrime.org\/?p=101866"},"modified":"2024-09-02T15:07:08","modified_gmt":"2024-09-02T20:07:08","slug":"bomba-de-tiempo-en-calabozos-policiales-de-colombia-por-hacinamiento","status":"publish","type":"post","link":"https:\/\/insightcrime.org\/es\/noticias\/bomba-de-tiempo-en-calabozos-policiales-de-colombia-por-hacinamiento\/","title":{"rendered":"Bomba de tiempo en calabozos policiales de Colombia por hacinamiento"},"content":{"rendered":"\n<p class=\"wp-block-paragraph\">El reciente intento de fuga de varios internos de una estaci\u00f3n de polic\u00eda de Medell\u00edn prende las alarmas sobre el efecto cascada que podr\u00eda generar la situaci\u00f3n de hacinamiento en las prisiones en Colombia. El problema parece desbordar la capacidad de las autoridades.<\/p>\n\n\n\n<p class=\"wp-block-paragraph\">El 28 de mayo un enfrentamiento en la estaci\u00f3n de polic\u00eda de La Candelaria en Medell\u00edn, departamento de Antioquia, termin\u00f3 convirti\u00e9ndose en un <a href=\"https:\/\/www.eltiempo.com\/colombia\/medellin\/frustran-motin-e-intento-de-fuga-en-estacion-de-policia-de-medellin-368038\" target=\"_blank\" rel=\"noopener\">intento de fuga<\/a> de los detenidos. Agentes policiales evitaron la huida de los presos, que hab\u00edan forzado una reja que conectaba los calabozos con una v\u00eda p\u00fablica.<\/p>\n\n\n\n<p class=\"wp-block-paragraph\"><a href=\"https:\/\/www.elcolombiano.com\/antioquia\/seguridad\/intento-de-fuga-de-presos-en-estacion-de-policia-de-la-candelaria-centro-de-medellin-GM10854424\" target=\"_blank\" rel=\"noopener\">El brigadier general Eli\u00e9cer Camacho<\/a>, comandante de la polic\u00eda de Medell\u00edn, afirm\u00f3 que en la ciudad hay 21 estaciones en situaciones similares, que no cumplen con las condiciones de sanidad o log\u00edstica para alojar a casi 1.670 personas sindicadas de diferentes delitos en el \u00e1rea metropolitana.<\/p>\n\n\n\n<p class=\"wp-block-paragraph\"><strong><span style=\"color: #800000;\">VEA TAMBI\u00c9N:&nbsp;<\/span><\/strong><span style=\"color: #800000;\">&nbsp;<a href=\"https:\/\/es.insightcrime.org\/noticias-sobre-crimen-organizado-en-colombia\/\" target=\"_blank\" rel=\"noopener\">Noticias y perfiles de Colombia<\/a><\/span><\/p>\n\n\n\n<p class=\"wp-block-paragraph\">Este episodio se suma a otros ocurridos a lo largo de 2019 en c\u00e1rceles y estaciones de polic\u00eda en Medell\u00edn, donde el hacinamiento en que viven los internos ocasiona confrontaciones y fugas. En febrero tambi\u00e9n se hab\u00eda presentado un mot\u00edn en la misma estaci\u00f3n y, en el mismo mes, <a href=\"https:\/\/www.rcnradio.com\/colombia\/antioquia\/cuatro-internos-se-fugaron-de-los-calabozos-de-la-sijin-en-medellin\" target=\"_blank\" rel=\"noopener\">cuatro internos se fugaron<\/a> de los calabozos de una Seccional de la Direcci\u00f3n de Investigaci\u00f3n Criminal (Sij\u00edn).<\/p>\n\n\n\n<p class=\"wp-block-paragraph\">En esta ocasi\u00f3n las autoridades reconocieron que las instalaciones no cumpl\u00edan con los requisitos para asegurar la permanencia de los presos. Por la misma raz\u00f3n, en los calabozos <a href=\"https:\/\/canal1.com.co\/noticias\/nacional\/nuevo-intento-de-fuga-en-calabozos-del-bunker-de-la-fiscalia-en-medellin\/\" target=\"_blank\" rel=\"noopener\">del b\u00fanker de la fiscal\u00eda<\/a> hubo un mot\u00edn e intento de fuga por parte de varios internos a comienzos de este a\u00f1o.<\/p>\n\n\n\n<h2 class=\"wp-block-heading\">An\u00e1lisis de InSight Crime<\/h2>\n\n\n\n<p class=\"wp-block-paragraph\">Las condiciones de hacinamiento en las c\u00e1rceles de Colombia no son <a href=\"https:\/\/www.eltiempo.com\/colombia\/medellin\/las-graves-cifras-del-hacinamiento-carcelario-en-antioquia-344416\" target=\"_blank\" rel=\"noopener\">desconocidas por las autoridades<\/a>. La situaci\u00f3n contribuye a que los centros penitenciarios sean <a href=\"https:\/\/es.insightcrime.org\/investigaciones\/dilema-prisiones-incubadoras-crimen-organizado-latinoamerica\/\" target=\"_blank\" rel=\"noopener\">incubadoras del crimen organizado,<\/a>&nbsp;pues muchos criminales contin\u00faan manejando sus negocios desde las celdas y la corrupci\u00f3n del sistema es innegable.<\/p>\n\n\n\n<p class=\"wp-block-paragraph\">La problem\u00e1tica de hacinamiento y sus consecuencias se han trasladado a los calabozos policiales. Las estaciones de polic\u00eda son lugares de tr\u00e1nsito, donde los sindicados de cometer delitos esperan pasar a fase judicial, para despu\u00e9s ser trasladadas a las prisiones. Los oficiales que se encuentran en las estaciones deben asumir el cuidado de los presos, para lo que no est\u00e1n entrenados; adem\u00e1s, incumplen su funci\u00f3n de vigilar la ciudadan\u00eda, lo que implica un alto costo social.<\/p>\n\n\n\n<p class=\"wp-block-paragraph\">Una fuga ocurrida en marzo <a href=\"https:\/\/noticias.caracoltv.com\/antioquia\/asi-fue-la-fuga-de-cinco-presos-de-una-de-las-carceles-mas-protegidas-de-colombia\" target=\"_blank\" rel=\"noopener\">en la prisi\u00f3n de m\u00e1xima seguridad<\/a> de Bellavista, en Antioquia, dej\u00f3 al descubierto la falta de capacidad de las autoridades para controlar la situaci\u00f3n y mostr\u00f3 graves fallas en el sistema judicial, que demora los procesos de detenidos.<\/p>\n\n\n\n<p class=\"wp-block-paragraph\"><strong><span style=\"color: #800000;\">VEA TAMBI\u00c9N:&nbsp;<\/span><\/strong> <span style=\"color: #800000;\"><a href=\"https:\/\/es.insightcrime.org\/indepth\/prisiones\/\" target=\"_blank\" rel=\"noopener\">InDepth Cobertura sobre prisiones<\/a><\/span><\/p>\n\n\n\n<p class=\"wp-block-paragraph\">Situaciones similares se repiten en varios pa\u00edses de Am\u00e9rica Latina como <a href=\"https:\/\/www.elobservador.com.uy\/nota\/crisis-del-sistema-carcelario-que-proponen-los-partidos-y-cuales-son-sus-debilidades--201951019250\" target=\"_blank\" rel=\"noopener\">Uruguay<\/a>, <a href=\"https:\/\/www.eluniverso.com\/noticias\/2019\/05\/28\/nota\/7351051\/10-carceles-pais-registran-mas-100-hacinamiento-revela-decreto\" target=\"_blank\" rel=\"noopener\">Ecuador<\/a>, <a href=\"https:\/\/www.telemundo51.com\/noticias\/mundo\/carcel-penal-tacumbu-asuncion-paraguay-ponen-cartel-de--510216421.html\" target=\"_blank\" rel=\"noopener\">Paraguay<\/a> y <a href=\"https:\/\/www.elespectador.com\/noticias\/el-mundo\/lo-ocurrido-en-carceles-brasilenas-puede-pasar-en-cualquier-lugar-dice-moro-articulo-863195\" target=\"_blank\" rel=\"noopener\">Brasil<\/a>, donde el hacinamiento de las prisiones se ha convertido en una dificultad para las autoridades. En el caso de Colombia, particularmente en Medell\u00edn, los hechos que se han venido registrando guardan semejanzas con lo que se vive en los <a href=\"https:\/\/talcualdigital.com\/index.php\/2019\/05\/21\/ovv-denuncia-que-violencia-carcelaria-se-ha-trasladado-hasta-los-calabozos-policiales\/\" target=\"_blank\" rel=\"noopener\">calabozos y c\u00e1rceles de Venezuela<\/a>, donde el hacinamiento tambi\u00e9n se padece en las estaciones de polic\u00eda, y las autoridades se muestran incapaces de mantener el orden.<\/p>\n\n\n\n<p class=\"wp-block-paragraph\">Ante la falta de capacidad en las c\u00e1rceles, los sindicados de delitos van quedando relegados en las estaciones de polic\u00eda o en los calabozos de las diferentes entidades, poniendo en riesgo a la poblaci\u00f3n civil y a los funcionarios administrativos.<\/p>\n","protected":false},"excerpt":{"rendered":"<p>El reciente intento de fuga de varios internos de una estaci\u00f3n de polic\u00eda de Medell\u00edn prende las alarmas sobre el efecto cascada que podr\u00eda generar la situaci\u00f3n de hacinamiento en las prisiones en Colombia. El problema parece desbordar la capacidad de las autoridades.<\/p>\n","protected":false},"author":176,"featured_media":101984,"comment_status":"closed","ping_status":"closed","sticky":false,"template":"","format":"standard","meta":{"newspack_ads_suppress_ads":false,"newspack_popups_has_disabled_popups":false,"newspack_sponsor_sponsorship_scope":"","newspack_sponsor_native_byline_display":"inherit","newspack_sponsor_native_category_display":"inherit","newspack_sponsor_underwriter_style":"inherit","newspack_sponsor_underwriter_placement":"inherit","_EventAllDay":false,"_EventTimezone":"","_EventStartDate":"","_EventEndDate":"","_EventStartDateUTC":"","_EventEndDateUTC":"","_EventShowMap":false,"_EventShowMapLink":false,"_EventURL":"","_EventCost":"","_EventCostDescription":"","_EventCurrencySymbol":"","_EventCurrencyCode":"","_EventCurrencyPosition":"","_EventDateTimeSeparator":"","_EventTimeRangeSeparator":"","_EventOrganizerID":[],"_EventVenueID":[],"_OrganizerEmail":"","_OrganizerPhone":"","_OrganizerWebsite":"","_VenueAddress":"","_VenueCity":"","_VenueCountry":"","_VenueProvince":"","_VenueState":"","_VenueZip":"","_VenuePhone":"","_VenueURL":"","_VenueStateProvince":"","_VenueLat":"","_VenueLng":"","_VenueShowMap":false,"_VenueShowMapLink":false,"_newspack_byline_active":false,"_newspack_byline":"","newspack_hide_updated_date":false,"newspack_show_updated_date":false,"newspack_featured_image_position":"","newspack_post_subtitle":"","newspack_article_summary_title":"Overview:","newspack_article_summary":"","_jetpack_memberships_contains_paid_content":false,"footnotes":""},"categories":[759],"tags":[368,450,3021],"newspack_spnsrs_tax":[],"coauthors":[4186],"class_list":["post-101866","post","type-post","status-publish","format-standard","has-post-thumbnail","hentry","category-noticias","tag-colombia-pais","tag-derechos-humanos","tag-prisiones-es","entry"],"parsely":{"version":"1.1.0","canonical_url":"https:\/\/insightcrime.org\/es\/noticias\/bomba-de-tiempo-en-calabozos-policiales-de-colombia-por-hacinamiento\/","smart_links":{"inbound":0,"outbound":0},"traffic_boost_suggestions_count":0,"meta":{"@context":"https:\/\/schema.org","@type":"NewsArticle","headline":"Bomba de tiempo en calabozos policiales de Colombia por hacinamiento","url":"http:\/\/insightcrime.org\/es\/noticias\/bomba-de-tiempo-en-calabozos-policiales-de-colombia-por-hacinamiento\/","mainEntityOfPage":{"@type":"WebPage","@id":"http:\/\/insightcrime.org\/es\/noticias\/bomba-de-tiempo-en-calabozos-policiales-de-colombia-por-hacinamiento\/"},"thumbnailUrl":"https:\/\/i0.wp.com\/insightcrime.org\/wp-content\/uploads\/2019\/06\/Colombia-Prison.jpg?resize=150%2C150&quality=100&ssl=1","image":{"@type":"ImageObject","url":"https:\/\/i0.wp.com\/insightcrime.org\/wp-content\/uploads\/2019\/06\/Colombia-Prison.jpg?fit=350%2C250&quality=100&ssl=1"},"articleSection":"Noticias","author":[{"@type":"Person","name":"Alicia Florez"}],"creator":["Alicia Florez"],"publisher":{"@type":"Organization","name":"InSight Crime","logo":"https:\/\/insightcrime.org\/wp-content\/uploads\/2023\/08\/logo.png"},"keywords":["colombia","derechos humanos","prisiones"],"dateCreated":"2019-06-04T23:00:15Z","datePublished":"2019-06-04T23:00:15Z","dateModified":"2024-09-02T20:07:08Z"},"rendered":"<meta name=\"parsely-title\" content=\"Bomba de tiempo en calabozos policiales de Colombia por hacinamiento\" \/>\n<meta name=\"parsely-link\" content=\"http:\/\/insightcrime.org\/es\/noticias\/bomba-de-tiempo-en-calabozos-policiales-de-colombia-por-hacinamiento\/\" \/>\n<meta name=\"parsely-type\" content=\"post\" \/>\n<meta name=\"parsely-image-url\" content=\"https:\/\/i0.wp.com\/insightcrime.org\/wp-content\/uploads\/2019\/06\/Colombia-Prison.jpg?resize=150%2C150&amp;quality=100&amp;ssl=1\" \/>\n<meta name=\"parsely-pub-date\" content=\"2019-06-04T23:00:15Z\" \/>\n<meta name=\"parsely-section\" content=\"Noticias\" \/>\n<meta name=\"parsely-tags\" content=\"colombia,derechos humanos,prisiones\" \/>\n<meta name=\"parsely-author\" content=\"Alicia Florez\" \/>","tracker_url":"https:\/\/cdn.parsely.com\/keys\/insightcrime.org\/p.js"},"jetpack_sharing_enabled":true,"jetpack-related-posts":[{"id":123139,"url":"https:\/\/insightcrime.org\/es\/news\/muertes-de-presos-se-duplicaron-en-venezuela-durante-la-pandemia\/","url_meta":{"origin":101866,"position":0},"title":"Muertes de presos se duplicaron en Venezuela durante la pandemia","author":"Unidad Investigativa de Venezuela","date":"10 de septiembre de 2020","format":false,"excerpt":"Las muertes de reclusos se han duplicado en los centros penitenciarios de Venezuela durante la pandemia por el coronavirus, una crisis que pone en evidencia c\u00f3mo la anarqu\u00eda de las prisiones del pa\u00eds favorece la violencia y la propagaci\u00f3n de enfermedades.","rel":"","context":"En \u00abNews\u00bb","block_context":{"text":"News","link":"https:\/\/insightcrime.org\/category\/news\/"},"img":{"alt_text":"","src":"https:\/\/i0.wp.com\/insightcrime.org\/wp-content\/uploads\/2020\/09\/Venezuela_Muertes-en-centros-penitenciarios-durante-la-cuarentena_InSight-Crime_08-09-2020.jpg?resize=350%2C200&quality=100&ssl=1","width":350,"height":200,"srcset":"https:\/\/i0.wp.com\/insightcrime.org\/wp-content\/uploads\/2020\/09\/Venezuela_Muertes-en-centros-penitenciarios-durante-la-cuarentena_InSight-Crime_08-09-2020.jpg?resize=350%2C200&quality=100&ssl=1 1x, https:\/\/i0.wp.com\/insightcrime.org\/wp-content\/uploads\/2020\/09\/Venezuela_Muertes-en-centros-penitenciarios-durante-la-cuarentena_InSight-Crime_08-09-2020.jpg?resize=525%2C300&quality=100&ssl=1 1.5x, https:\/\/i0.wp.com\/insightcrime.org\/wp-content\/uploads\/2020\/09\/Venezuela_Muertes-en-centros-penitenciarios-durante-la-cuarentena_InSight-Crime_08-09-2020.jpg?resize=700%2C400&quality=100&ssl=1 2x, https:\/\/i0.wp.com\/insightcrime.org\/wp-content\/uploads\/2020\/09\/Venezuela_Muertes-en-centros-penitenciarios-durante-la-cuarentena_InSight-Crime_08-09-2020.jpg?resize=1050%2C600&quality=100&ssl=1 3x"},"classes":[]},{"id":279081,"url":"https:\/\/insightcrime.org\/es\/noticias\/carceles-venezuela-siguen-fuera-control-despues-intervencion-estatal\/","url_meta":{"origin":101866,"position":1},"title":"C\u00e1rceles en Venezuela siguen fuera de control despu\u00e9s de intervenci\u00f3n estatal","author":"Unidad Investigativa de Venezuela","date":"12 de junio de 2024","format":false,"excerpt":"Pese a que las autoridades venezolanas celebraron el restablecimiento del orden carcelario, despu\u00e9s de varias operaciones para retomar el control de las prisiones \u2013en poder de l\u00edderes carcelarios, conocidos como pranes\u2013 los episodios de violencia y la crisis humanitaria del sistema penitenciario contin\u00faan.","rel":"","context":"En \u00abNoticias\u00bb","block_context":{"text":"Noticias","link":"https:\/\/insightcrime.org\/es\/category\/noticias\/"},"img":{"alt_text":"","src":"https:\/\/i0.wp.com\/insightcrime.org\/wp-content\/uploads\/2024\/06\/Huelga-pacifica-presos-Venezuela.jpg?fit=350%2C250&quality=100&ssl=1&resize=350%2C200","width":350,"height":200},"classes":[]},{"id":211413,"url":"https:\/\/insightcrime.org\/es\/noticias\/pandillas-rurales-haiti-amenazan-produccion-agricola-agravan-crisis-alimentaria\/","url_meta":{"origin":101866,"position":2},"title":"Pandillas rurales de Hait\u00ed amenazan producci\u00f3n agr\u00edcola y agravan crisis alimentaria","author":"Gavin Voss","date":"27 de febrero de 2023","format":false,"excerpt":"Las pandillas rurales de Hait\u00ed han protagonizado enfrentamientos con la polic\u00eda en la principal regi\u00f3n agr\u00edcola del pa\u00eds, una se\u00f1al de que la violencia criminal podr\u00eda estar obstaculizando la producci\u00f3n de alimentos y empujando al pa\u00eds caribe\u00f1o a una grave crisis alimentaria.","rel":"","context":"En \u00abNoticias\u00bb","block_context":{"text":"Noticias","link":"https:\/\/insightcrime.org\/es\/category\/noticias\/"},"img":{"alt_text":"Farmers work rice in the fields of Haiti's Artibonite department.","src":"https:\/\/i0.wp.com\/insightcrime.org\/wp-content\/uploads\/2023\/02\/Haiti-Rural-Gangs-GPJ-020302311.jpg?fit=350%2C250&quality=100&ssl=1&resize=350%2C200","width":350,"height":200},"classes":[]},{"id":186730,"url":"https:\/\/insightcrime.org\/es\/noticias\/dinamica-narcotrafico-sur-colombia-cambiar-muerte-matamba\/","url_meta":{"origin":101866,"position":3},"title":"Din\u00e1mica de narcotr\u00e1fico en el sur de Colombia podr\u00eda cambiar con la muerte de &#8216;Matamba&#8217;","author":"Juan Diego Posada","date":"27 de mayo de 2022","format":false,"excerpt":"La muerte de un importante capo podr\u00eda generar una inestable situaci\u00f3n por las econom\u00edas criminales en el departamento de Nari\u00f1o. Varios grupos criminales podr\u00edan verse interesados.","rel":"","context":"En \u00abNoticias\u00bb","block_context":{"text":"Noticias","link":"https:\/\/insightcrime.org\/es\/category\/noticias\/"},"img":{"alt_text":"Alias Matamba has been captured in May 2021 and escaped in March 2022, exposing corruption inside Colombian prisons","src":"https:\/\/i0.wp.com\/insightcrime.org\/wp-content\/uploads\/2022\/03\/Matamba-imagen.jpg?fit=350%2C250&quality=100&ssl=1&resize=350%2C200","width":350,"height":200},"classes":[]},{"id":180366,"url":"https:\/\/insightcrime.org\/es\/noticias\/extorsion-prisiones-agudiza-retraso-procesal-venezuela\/","url_meta":{"origin":101866,"position":4},"title":"Extorsi\u00f3n en prisiones agudiza el retraso procesal en Venezuela","author":"Unidad Investigativa de Venezuela","date":"17 de marzo de 2022","format":false,"excerpt":"Las denuncias realizadas por familiares de presos evidencian c\u00f3mo las extorsiones por parte de funcionarios del Estado para trasladar a los reclusos a tribunales, agudizan el retraso en los procesos judiciales de Venezuela.","rel":"","context":"En \u00abNoticias\u00bb","block_context":{"text":"Noticias","link":"https:\/\/insightcrime.org\/es\/category\/noticias\/"},"img":{"alt_text":"Familiares de reclusos en la entrada a una estaci\u00f3n de polic\u00eda","src":"https:\/\/i0.wp.com\/insightcrime.org\/wp-content\/uploads\/2022\/03\/Prisiones-Venezuela.jpg?fit=350%2C250&quality=100&ssl=1&resize=350%2C200","width":350,"height":200},"classes":[]},{"id":213586,"url":"https:\/\/insightcrime.org\/es\/noticias\/volatil-mercado-negro-gasolina-zulia-venezuela\/","url_meta":{"origin":101866,"position":5},"title":"Una mirada al vol\u00e1til mercado negro de la gasolina en Zulia, Venezuela","author":"Unidad Investigativa de Venezuela","date":"12 de abril de 2023","format":false,"excerpt":"El mercado negro de la gasolina se est\u00e1 esfumando en el petrolero estado de Zulia, Venezuela, socavado por los cambios en las pol\u00edticas y los mayores suministros.","rel":"","context":"En \u00abNoticias\u00bb","block_context":{"text":"Noticias","link":"https:\/\/insightcrime.org\/es\/category\/noticias\/"},"img":{"alt_text":"Vendedores de gasolina de contrabando en Zulia, Venezuela.","src":"https:\/\/i0.wp.com\/insightcrime.org\/wp-content\/uploads\/2023\/04\/Venezuela-Gasoline-Black-Market-Contraband-033023-Anastasia-Austin-A2.jpg?fit=1200%2C690&quality=100&ssl=1&resize=350%2C200","width":350,"height":200,"srcset":"https:\/\/i0.wp.com\/insightcrime.org\/wp-content\/uploads\/2023\/04\/Venezuela-Gasoline-Black-Market-Contraband-033023-Anastasia-Austin-A2.jpg?fit=1200%2C690&quality=100&ssl=1&resize=350%2C200 1x, https:\/\/i0.wp.com\/insightcrime.org\/wp-content\/uploads\/2023\/04\/Venezuela-Gasoline-Black-Market-Contraband-033023-Anastasia-Austin-A2.jpg?fit=1200%2C690&quality=100&ssl=1&resize=525%2C300 1.5x, https:\/\/i0.wp.com\/insightcrime.org\/wp-content\/uploads\/2023\/04\/Venezuela-Gasoline-Black-Market-Contraband-033023-Anastasia-Austin-A2.jpg?fit=1200%2C690&quality=100&ssl=1&resize=700%2C400 2x, https:\/\/i0.wp.com\/insightcrime.org\/wp-content\/uploads\/2023\/04\/Venezuela-Gasoline-Black-Market-Contraband-033023-Anastasia-Austin-A2.jpg?fit=1200%2C690&quality=100&ssl=1&resize=1050%2C600 3x"},"classes":[]}],"jetpack_featured_media_url":"https:\/\/i0.wp.com\/insightcrime.org\/wp-content\/uploads\/2019\/06\/Colombia-Prison.jpg?fit=350%2C250&quality=100&ssl=1","_links":{"self":[{"href":"https:\/\/insightcrime.org\/es\/wp-json\/wp\/v2\/posts\/101866","targetHints":{"allow":["GET"]}}],"collection":[{"href":"https:\/\/insightcrime.org\/es\/wp-json\/wp\/v2\/posts"}],"about":[{"href":"https:\/\/insightcrime.org\/es\/wp-json\/wp\/v2\/types\/post"}],"author":[{"embeddable":true,"href":"https:\/\/insightcrime.org\/es\/wp-json\/wp\/v2\/users\/176"}],"replies":[{"embeddable":true,"href":"https:\/\/insightcrime.org\/es\/wp-json\/wp\/v2\/comments?post=101866"}],"version-history":[{"count":6,"href":"https:\/\/insightcrime.org\/es\/wp-json\/wp\/v2\/posts\/101866\/revisions"}],"predecessor-version":[{"id":291321,"href":"https:\/\/insightcrime.org\/es\/wp-json\/wp\/v2\/posts\/101866\/revisions\/291321"}],"wp:featuredmedia":[{"embeddable":true,"href":"https:\/\/insightcrime.org\/es\/wp-json\/wp\/v2\/media\/101984"}],"wp:attachment":[{"href":"https:\/\/insightcrime.org\/es\/wp-json\/wp\/v2\/media?parent=101866"}],"wp:term":[{"taxonomy":"category","embeddable":true,"href":"https:\/\/insightcrime.org\/es\/wp-json\/wp\/v2\/categories?post=101866"},{"taxonomy":"post_tag","embeddable":true,"href":"https:\/\/insightcrime.org\/es\/wp-json\/wp\/v2\/tags?post=101866"},{"taxonomy":"newspack_spnsrs_tax","embeddable":true,"href":"https:\/\/insightcrime.org\/es\/wp-json\/wp\/v2\/newspack_spnsrs_tax?post=101866"},{"taxonomy":"author","embeddable":true,"href":"https:\/\/insightcrime.org\/es\/wp-json\/wp\/v2\/coauthors?post=101866"}],"curies":[{"name":"wp","href":"https:\/\/api.w.org\/{rel}","templated":true}]}}