{"id":102707,"date":"2019-06-25T17:12:08","date_gmt":"2019-06-25T22:12:08","guid":{"rendered":"https:\/\/insightcrime.org\/?p=102707"},"modified":"2024-09-02T15:07:03","modified_gmt":"2024-09-02T20:07:03","slug":"mexico-secuestro-asesinato-estudiante","status":"publish","type":"post","link":"https:\/\/insightcrime.org\/es\/noticias\/mexico-secuestro-asesinato-estudiante\/","title":{"rendered":"M\u00e9xico en alerta de secuestros tras asesinato de estudiante"},"content":{"rendered":"\n<p class=\"wp-block-paragraph\">El asesinato de un estudiante universitario ha vuelto todas las miradas hacia el aumento de los secuestros extorsivos en Ciudad de M\u00e9xico, y generado especulaci\u00f3n sobre el rol de la organizaci\u00f3n criminal \u201cLas Pelonas\u201d en el caso.<\/p>\n\n\n\n<p class=\"wp-block-paragraph\">El cuerpo sin vida de Norberto Ronquillo, estudiante de mercadotecnia de la Universidad del Pedregal, en Tlalpan, al sur de Ciudad de M\u00e9xico, fue encontrado el 9 de junio, a pocos kil\u00f3metros de su universidad, seg\u00fan <a href=\"https:\/\/twitter.com\/PGJDF_CDMX\/status\/1138126945693028355\" target=\"_blank\" rel=\"noopener\">inform\u00f3<\/a> la Procuradur\u00eda General de Justicia de la Ciudad de M\u00e9xico en una conferencia de prensa.<\/p>\n\n\n\n<p class=\"wp-block-paragraph\">Ronquillo hab\u00eda sido secuestrado el 4 de junio. Los secuestradores exigieron cerca de US$260.000 por el joven, que los padres pagaron. Pero Ronquillo <a href=\"https:\/\/twitter.com\/PGJDF_CDMX\/status\/1138126945693028355\" target=\"_blank\" rel=\"noopener\">nunca fue liberado<\/a> y se cree que fue asesinado pocas horas despu\u00e9s de su secuestro.<\/p>\n\n\n\n<p class=\"wp-block-paragraph\"><span style=\"color: #800000;\"><strong>VEA TAMBI\u00c9N:<\/strong> <\/span><a href=\"https:\/\/es.insightcrime.org\/noticias\/analisis\/reciente-violencia-ciudad-mexico\/\" target=\"_blank\" rel=\"noopener\">\u00bfQu\u00e9 hay detr\u00e1s de la reciente ola de violencia en Ciudad de M\u00e9xico?<\/a><\/p>\n\n\n\n<p class=\"wp-block-paragraph\">Medios mexicanos han reportado una serie de l\u00edneas oficiales de investigaci\u00f3n. Entre ellas, el posible rol de la banda criminal Las Pelonas en el caso, por las similitudes en el modus operandi de otros cr\u00edmenes que se le adjudicaron a la organizaci\u00f3n.<\/p>\n\n\n\n<p class=\"wp-block-paragraph\">Las Pelonas cuentan con un <a href=\"https:\/\/lasillarota.com\/las-pelonas-el-grupo-criminal-que-estaria-detras-del-secuestro-y-asesinato-de-norberto-ronquillo\/290260\" target=\"_blank\" rel=\"noopener\">historial de secuestros extorsivos<\/a> de j\u00f3venes estudiantes en Xochimilco, Tlalpan y Coyoac\u00e1n, en la misma zona en la que fue secuestrado Ronquillo, seg\u00fan informaci\u00f3n publicada por La Silla Rota. En casi todos los casos exigieron montos similares de dinero.<\/p>\n\n\n\n<p class=\"wp-block-paragraph\">Las autoridades tienen identificado el accionar de Las Pelonas desde 2007, cuando <a href=\"https:\/\/www.infobae.com\/america\/mexico\/2019\/06\/12\/las-pelonas-la-banda-de-secuestradores-que-estaria-detras-del-asesinato-de-norberto-ronquillo\/\" target=\"_blank\" rel=\"noopener\">secuestraron a Priscila Lora<\/a>, una joven de 18 a\u00f1os, quien estuvo en cautiverio por m\u00e1s de dos a\u00f1os y despu\u00e9s fue asesinada.<\/p>\n\n\n\n<p class=\"wp-block-paragraph\">Entre 2015 y 2018 se han reportado cinco secuestros que estar\u00edan relacionados con esta banda. <a href=\"https:\/\/www.eluniversal.com.mx\/metropoli\/cdmx\/banda-secuestra-alumnos-de-escuelas-privadas-operan-en-el-sur\" target=\"_blank\" rel=\"noopener\">De las v\u00edctimas tres fueron asesinadas<\/a> y dos devueltas con vida.<\/p>\n\n\n\n<p class=\"wp-block-paragraph\">Alias \u201cLas Barbas\u201d es el \u00fanico integrante que las autoridades han identificado, seg\u00fan report\u00f3 <a href=\"https:\/\/www.eluniversal.com.mx\/metropoli\/cdmx\/banda-secuestra-alumnos-de-escuelas-privadas-operan-en-el-sur\" target=\"_blank\" rel=\"noopener\">El Universal<\/a>.<\/p>\n\n\n\n<p class=\"wp-block-paragraph\">Isabel Miranda de Wallace, presidenta de la organizaci\u00f3n Alto al Secuestro, dijo que el grupo es muy sofisticado.<\/p>\n\n\n\n<p class=\"wp-block-paragraph\">\u201cSe trata de una organizaci\u00f3n criminal muy bien estructurada con 30 a\u00f1os de experiencia que se cre\u00eda desmantelada pero se ha ido reagrupando\u201d, dijo en <a href=\"https:\/\/www.eluniversal.com.mx\/metropoli\/cdmx\/banda-de-las-pelonas-opera-desde-hace-30-anos-en-cdmx-y-edomex\" target=\"_blank\" rel=\"noopener\">declaraciones<\/a> a El Universal.<\/p>\n\n\n\n<h3 class=\"wp-block-heading\">An\u00e1lisis de InSight Crime<\/h3>\n\n\n\n<p class=\"wp-block-paragraph\">En los \u00faltimos a\u00f1os, los <a href=\"https:\/\/es.insightcrime.org\/noticias\/analisis\/continua-fragmentacion-de-la-criminalidad-en-mexico-estimula-la-violencia\/\" target=\"_blank\" rel=\"noopener\">grandes grupos criminales se han fragmentado<\/a> tras el encarcelamiento de sus l\u00edderes y resultaron en un mayor n\u00famero de grupos con portafolios criminales diversificados. Esto, a su vez, ha generado grupos criminales como Las Pelonas, con nichos de violencia.<\/p>\n\n\n\n<p class=\"wp-block-paragraph\">En este contexto, el secuestro extorsivo ha sido una de las actividades criminales de preferencia, lo que se ve reflejado en el agudo aumento de estos cr\u00edmenes entre 2017 y 2018 en Ciudad de M\u00e9xico.<\/p>\n\n\n\n<p class=\"wp-block-paragraph\">Entre enero y mayo de 2019, los <a href=\"https:\/\/www.efe.com\/efe\/america\/mexico\/secuestros-crecen-un-103-en-la-ciudad-de-mexico-primeros-5-meses-del-ano\/50000545-3999218\" target=\"_blank\" rel=\"noopener\">secuestros aumentaron un 103 porciento<\/a> con respecto al mismo per\u00edodo en 2018, seg\u00fan la organizaci\u00f3n Alto al Secuestro.<\/p>\n\n\n\n<p class=\"wp-block-paragraph\"><span style=\"color: #800000;\"><strong>VEA TAMBI\u00c9N:<\/strong><\/span> <a href=\"https:\/\/es.insightcrime.org\/noticias-sobre-crimen-organizado-en-mexico\/\" target=\"_blank\" rel=\"noopener\">Noticias y perfil de M\u00e9xico<\/a><\/p>\n\n\n\n<p class=\"wp-block-paragraph\">El caso tambi\u00e9n resalt\u00f3 las <a href=\"https:\/\/www.infobae.com\/america\/mexico\/2019\/06\/19\/mama-de-norberto-ronquillo-pidio-a-procuraduria-ya-no-filtrar-informacion-del-caso\/\" target=\"_blank\" rel=\"noopener\">fallas de M\u00e9xico a la hora de investigar<\/a> y abordar cr\u00edmenes a manos de organizaciones criminales, esencial a la hora de detener los secuestros de forma efectiva.<\/p>\n\n\n\n<p class=\"wp-block-paragraph\">Si bien ya no bajo los nombres de los hegem\u00f3nicos carteles, estructuras nada insignificantes como Las Pelonas, siguen actuando a sus anchas y aprovechando el reacomodo criminal y la lenta respuesta de las autoridades frente a los cada vez m\u00e1s sofisticados modus operandi criminales.<\/p>\n","protected":false},"excerpt":{"rendered":"<p>El asesinato de un estudiante universitario ha vuelto todas las miradas hacia el aumento de los secuestros extorsivos en Ciudad de M\u00e9xico, y generado especulaci\u00f3n sobre el rol de la organizaci\u00f3n criminal \u201cLas Pelonas\u201d en el caso.<\/p>\n","protected":false},"author":156,"featured_media":102710,"comment_status":"closed","ping_status":"closed","sticky":false,"template":"","format":"standard","meta":{"newspack_ads_suppress_ads":false,"newspack_popups_has_disabled_popups":false,"newspack_sponsor_sponsorship_scope":"","newspack_sponsor_native_byline_display":"inherit","newspack_sponsor_native_category_display":"inherit","newspack_sponsor_underwriter_style":"inherit","newspack_sponsor_underwriter_placement":"inherit","_EventAllDay":false,"_EventTimezone":"","_EventStartDate":"","_EventEndDate":"","_EventStartDateUTC":"","_EventEndDateUTC":"","_EventShowMap":false,"_EventShowMapLink":false,"_EventURL":"","_EventCost":"","_EventCostDescription":"","_EventCurrencySymbol":"","_EventCurrencyCode":"","_EventCurrencyPosition":"","_EventDateTimeSeparator":"","_EventTimeRangeSeparator":"","_EventOrganizerID":[],"_EventVenueID":[],"_OrganizerEmail":"","_OrganizerPhone":"","_OrganizerWebsite":"","_VenueAddress":"","_VenueCity":"","_VenueCountry":"","_VenueProvince":"","_VenueState":"","_VenueZip":"","_VenuePhone":"","_VenueURL":"","_VenueStateProvince":"","_VenueLat":"","_VenueLng":"","_VenueShowMap":false,"_VenueShowMapLink":false,"_newspack_byline_active":false,"_newspack_byline":"","newspack_hide_updated_date":false,"newspack_show_updated_date":false,"newspack_featured_image_position":"","newspack_post_subtitle":"","newspack_article_summary_title":"Overview:","newspack_article_summary":"","_jetpack_memberships_contains_paid_content":false,"footnotes":""},"categories":[759],"tags":[406,460],"newspack_spnsrs_tax":[],"coauthors":[4189],"class_list":["post-102707","post","type-post","status-publish","format-standard","has-post-thumbnail","hentry","category-noticias","tag-mexico-pais","tag-secuestro","entry"],"parsely":{"version":"1.1.0","canonical_url":"https:\/\/insightcrime.org\/es\/noticias\/mexico-secuestro-asesinato-estudiante\/","smart_links":{"inbound":0,"outbound":0},"traffic_boost_suggestions_count":0,"meta":{"@context":"https:\/\/schema.org","@type":"NewsArticle","headline":"M\u00e9xico en alerta de secuestros tras asesinato de estudiante","url":"http:\/\/insightcrime.org\/es\/noticias\/mexico-secuestro-asesinato-estudiante\/","mainEntityOfPage":{"@type":"WebPage","@id":"http:\/\/insightcrime.org\/es\/noticias\/mexico-secuestro-asesinato-estudiante\/"},"thumbnailUrl":"https:\/\/i0.wp.com\/insightcrime.org\/wp-content\/uploads\/2019\/06\/norberto.jpeg?resize=150%2C150&quality=100&ssl=1","image":{"@type":"ImageObject","url":"https:\/\/i0.wp.com\/insightcrime.org\/wp-content\/uploads\/2019\/06\/norberto.jpeg?fit=350%2C250&quality=100&ssl=1"},"articleSection":"Noticias","author":[{"@type":"Person","name":"M\u00f3nica Betancur"}],"creator":["M\u00f3nica Betancur"],"publisher":{"@type":"Organization","name":"InSight Crime","logo":"https:\/\/insightcrime.org\/wp-content\/uploads\/2023\/08\/logo.png"},"keywords":["m\u00e9xico","secuestro"],"dateCreated":"2019-06-25T22:12:08Z","datePublished":"2019-06-25T22:12:08Z","dateModified":"2024-09-02T20:07:03Z"},"rendered":"<meta name=\"parsely-title\" content=\"M\u00e9xico en alerta de secuestros tras asesinato de estudiante\" \/>\n<meta name=\"parsely-link\" content=\"http:\/\/insightcrime.org\/es\/noticias\/mexico-secuestro-asesinato-estudiante\/\" \/>\n<meta name=\"parsely-type\" content=\"post\" \/>\n<meta name=\"parsely-image-url\" content=\"https:\/\/i0.wp.com\/insightcrime.org\/wp-content\/uploads\/2019\/06\/norberto.jpeg?resize=150%2C150&amp;quality=100&amp;ssl=1\" \/>\n<meta name=\"parsely-pub-date\" content=\"2019-06-25T22:12:08Z\" \/>\n<meta name=\"parsely-section\" content=\"Noticias\" \/>\n<meta name=\"parsely-tags\" content=\"m\u00e9xico,secuestro\" \/>\n<meta name=\"parsely-author\" content=\"M\u00f3nica Betancur\" \/>","tracker_url":"https:\/\/cdn.parsely.com\/keys\/insightcrime.org\/p.js"},"jetpack_sharing_enabled":true,"jetpack-related-posts":[{"id":212434,"url":"https:\/\/insightcrime.org\/es\/noticias\/cartel-golfo-defensiva-secuestro-homicidio-ciudadanos-eeuu\/","url_meta":{"origin":102707,"position":0},"title":"Cartel del Golfo a la defensiva tras secuestro y homicidio de ciudadanos de EE. UU.","author":"Parker Asmann","date":"12 de marzo de 2023","format":false,"excerpt":"Una facci\u00f3n de una de las organizaciones criminales m\u00e1s veteranas de M\u00e9xico est\u00e1 haciendo control de da\u00f1os con lo que podr\u00eda llamarse una campa\u00f1a de relaciones p\u00fablicas tras el secuestro y asesinato de varios ciudadanos estadounidenses, por temor a una ofensiva transfronteriza amplia.","rel":"","context":"En \u00abNoticias\u00bb","block_context":{"text":"Noticias","link":"https:\/\/insightcrime.org\/es\/category\/noticias\/"},"img":{"alt_text":"Ambulancia llegando a Matamoros, Tamaulipas, donde el Cartel del Golfo admiti\u00f3 haber participado en el asesinato de dos estadounidenses","src":"https:\/\/i0.wp.com\/insightcrime.org\/wp-content\/uploads\/2023\/03\/2023-03-10-Gulf-Cartel-PR-Matamoros.jpeg?fit=350%2C250&quality=100&ssl=1&resize=350%2C200","width":350,"height":200},"classes":[]},{"id":7759,"url":"https:\/\/insightcrime.org\/es\/noticias-crimen-organizado-mexico\/guerreros-unidos\/","url_meta":{"origin":102707,"position":1},"title":"Guerreros Unidos","author":"InSight Crime","date":"13 de agosto de 2026","format":false,"excerpt":"Guerreros Unidos es un grupo escindido de la OBL, que opera en la regi\u00f3n central de M\u00e9xico. El grupo se dedica principalmente a la extorsi\u00f3n y el secuestro, pero tambi\u00e9n trafica drogas a Estados Unidos. Los Guerreros Unidos se caracterizan por sus t\u00e1cticas agresivas y por el uso de la\u2026","rel":"","context":"En \u00abM\u00e9xico\u00bb","block_context":{"text":"M\u00e9xico","link":"https:\/\/insightcrime.org\/es\/category\/noticias-crimen-organizado-mexico\/"},"img":{"alt_text":"Guerreros Unidos","src":"https:\/\/i0.wp.com\/insightcrime.org\/wp-content\/uploads\/2026\/06\/Grupo-Criminal-Guerreros-Unidos.jpg?fit=1200%2C900&quality=100&ssl=1&resize=350%2C200","width":350,"height":200,"srcset":"https:\/\/i0.wp.com\/insightcrime.org\/wp-content\/uploads\/2026\/06\/Grupo-Criminal-Guerreros-Unidos.jpg?fit=1200%2C900&quality=100&ssl=1&resize=350%2C200 1x, https:\/\/i0.wp.com\/insightcrime.org\/wp-content\/uploads\/2026\/06\/Grupo-Criminal-Guerreros-Unidos.jpg?fit=1200%2C900&quality=100&ssl=1&resize=525%2C300 1.5x, https:\/\/i0.wp.com\/insightcrime.org\/wp-content\/uploads\/2026\/06\/Grupo-Criminal-Guerreros-Unidos.jpg?fit=1200%2C900&quality=100&ssl=1&resize=700%2C400 2x, https:\/\/i0.wp.com\/insightcrime.org\/wp-content\/uploads\/2026\/06\/Grupo-Criminal-Guerreros-Unidos.jpg?fit=1200%2C900&quality=100&ssl=1&resize=1050%2C600 3x"},"classes":[]},{"id":200935,"url":"https:\/\/insightcrime.org\/es\/noticias\/mexico-ejercito-crimen-abusos-derechos-humanos\/","url_meta":{"origin":102707,"position":2},"title":"Ej\u00e9rcito de M\u00e9xico seguir\u00e1 combatiendo crimen a pesar de abusos de derechos humanos","author":"Peter Appleby","date":"6 de octubre de 2022","format":false,"excerpt":"El presidente Andr\u00e9s Manuel L\u00f3pez Obrador no logra imponerse sobre los grupos criminales a pesar de apoyarse cada vez m\u00e1s en las fuerzas armadas de M\u00e9xico contra todas las evidencias de abusos de derechos humanos por parte de esa entidad que han salido a la luz en los \u00faltimos meses.","rel":"","context":"En \u00abNoticias\u00bb","block_context":{"text":"Noticias","link":"https:\/\/insightcrime.org\/es\/category\/noticias\/"},"img":{"alt_text":"Formaci\u00f3n de soldados del Ej\u00e9rcito Mexicano","src":"https:\/\/i0.wp.com\/insightcrime.org\/wp-content\/uploads\/2022\/10\/mexico-army-1.jpeg?fit=350%2C250&quality=100&ssl=1&resize=350%2C200","width":350,"height":200},"classes":[]},{"id":212818,"url":"https:\/\/insightcrime.org\/es\/noticias\/matamoros-sintoma-padecimiento-mexico\/","url_meta":{"origin":102707,"position":3},"title":"Matamoros: un s\u00edntoma del gran padecimiento de M\u00e9xico","author":"Victoria Dittmar","date":"20 de marzo de 2023","format":false,"excerpt":"Matamoros, M\u00e9xico, est\u00e1 en el ojo del hurac\u00e1n tras el asesinato de dos ciudadanos estadounidenses. Pero esta ciudad fronteriza hist\u00f3ricamente ha sido un epicentro para el crimen organizado y la violencia asociada.","rel":"","context":"En \u00abNoticias\u00bb","block_context":{"text":"Noticias","link":"https:\/\/insightcrime.org\/es\/category\/noticias\/"},"img":{"alt_text":"Varios oficiales de polic\u00eda se encuentran en una camioneta mientras custodian el paso fronterizo de Matamoros con Estados Unidos","src":"https:\/\/i0.wp.com\/insightcrime.org\/wp-content\/uploads\/2023\/03\/Matamoros-violencia-Revista-HV.jpg?fit=350%2C250&quality=100&ssl=1&resize=350%2C200","width":350,"height":200},"classes":[]},{"id":124636,"url":"https:\/\/insightcrime.org\/es\/noticias\/negligencia-en-caso-ayotzinapa-mexico\/","url_meta":{"origin":102707,"position":4},"title":"Hallan m\u00e1s negligencia en el manejo del caso Ayotzinapa en M\u00e9xico","author":"Parker Asmann","date":"26 de septiembre de 2020","format":false,"excerpt":"Un reciente informe se\u00f1ala que las autoridades de M\u00e9xico no enviaron los fragmentos \u00f3seos hallados en relaci\u00f3n con la investigaci\u00f3n de Ayotzinapa para su an\u00e1lisis, ni investigaron m\u00e1s a fondo el \u00e1rea donde fueron encontrados, lo que demuestra el alto nivel de negligencia en el manejo del caso por parte\u2026","rel":"","context":"En \u00abNoticias\u00bb","block_context":{"text":"Noticias","link":"https:\/\/insightcrime.org\/es\/category\/noticias\/"},"img":{"alt_text":"","src":"https:\/\/i0.wp.com\/insightcrime.org\/wp-content\/uploads\/2020\/09\/20-09-25-Ayotzinapa-6-Years.jpg?fit=350%2C250&quality=100&ssl=1&resize=350%2C200","width":350,"height":200},"classes":[]},{"id":149368,"url":"https:\/\/insightcrime.org\/es\/la-organizacion\/conversacion-operadores-judiciales-paraguay-pcc\/","url_meta":{"origin":102707,"position":5},"title":"Conversaci\u00f3n con operadores judiciales de Paraguay en torno al PCC","author":"InSight Crime","date":"24 de junio de 2021","format":false,"excerpt":"Steven Dudley, codirector de InSight Crime habl\u00f3 con los estudiantes de la Universidad Nacional de Pilar sobre las din\u00e1micas criminales en Paraguay, Brasil y Argentina.","rel":"","context":"En \u00abLa Organizaci\u00f3n\u00bb","block_context":{"text":"La Organizaci\u00f3n","link":"https:\/\/insightcrime.org\/es\/category\/la-organizacion\/"},"img":{"alt_text":"crimen organizado en Paraguay","src":"https:\/\/i0.wp.com\/insightcrime.org\/wp-content\/uploads\/2021\/06\/Imagenes-About-Us-3.png?fit=700%2C500&quality=100&ssl=1&resize=350%2C200","width":350,"height":200,"srcset":"https:\/\/i0.wp.com\/insightcrime.org\/wp-content\/uploads\/2021\/06\/Imagenes-About-Us-3.png?fit=700%2C500&quality=100&ssl=1&resize=350%2C200 1x, https:\/\/i0.wp.com\/insightcrime.org\/wp-content\/uploads\/2021\/06\/Imagenes-About-Us-3.png?fit=700%2C500&quality=100&ssl=1&resize=525%2C300 1.5x, https:\/\/i0.wp.com\/insightcrime.org\/wp-content\/uploads\/2021\/06\/Imagenes-About-Us-3.png?fit=700%2C500&quality=100&ssl=1&resize=700%2C400 2x"},"classes":[]}],"jetpack_featured_media_url":"https:\/\/i0.wp.com\/insightcrime.org\/wp-content\/uploads\/2019\/06\/norberto.jpeg?fit=350%2C250&quality=100&ssl=1","_links":{"self":[{"href":"https:\/\/insightcrime.org\/es\/wp-json\/wp\/v2\/posts\/102707","targetHints":{"allow":["GET"]}}],"collection":[{"href":"https:\/\/insightcrime.org\/es\/wp-json\/wp\/v2\/posts"}],"about":[{"href":"https:\/\/insightcrime.org\/es\/wp-json\/wp\/v2\/types\/post"}],"author":[{"embeddable":true,"href":"https:\/\/insightcrime.org\/es\/wp-json\/wp\/v2\/users\/156"}],"replies":[{"embeddable":true,"href":"https:\/\/insightcrime.org\/es\/wp-json\/wp\/v2\/comments?post=102707"}],"version-history":[{"count":6,"href":"https:\/\/insightcrime.org\/es\/wp-json\/wp\/v2\/posts\/102707\/revisions"}],"predecessor-version":[{"id":291308,"href":"https:\/\/insightcrime.org\/es\/wp-json\/wp\/v2\/posts\/102707\/revisions\/291308"}],"wp:featuredmedia":[{"embeddable":true,"href":"https:\/\/insightcrime.org\/es\/wp-json\/wp\/v2\/media\/102710"}],"wp:attachment":[{"href":"https:\/\/insightcrime.org\/es\/wp-json\/wp\/v2\/media?parent=102707"}],"wp:term":[{"taxonomy":"category","embeddable":true,"href":"https:\/\/insightcrime.org\/es\/wp-json\/wp\/v2\/categories?post=102707"},{"taxonomy":"post_tag","embeddable":true,"href":"https:\/\/insightcrime.org\/es\/wp-json\/wp\/v2\/tags?post=102707"},{"taxonomy":"newspack_spnsrs_tax","embeddable":true,"href":"https:\/\/insightcrime.org\/es\/wp-json\/wp\/v2\/newspack_spnsrs_tax?post=102707"},{"taxonomy":"author","embeddable":true,"href":"https:\/\/insightcrime.org\/es\/wp-json\/wp\/v2\/coauthors?post=102707"}],"curies":[{"name":"wp","href":"https:\/\/api.w.org\/{rel}","templated":true}]}}