{"id":103488,"date":"2019-07-09T11:04:30","date_gmt":"2019-07-09T16:04:30","guid":{"rendered":"https:\/\/insightcrime.org\/?p=103488"},"modified":"2024-09-02T14:17:59","modified_gmt":"2024-09-02T19:17:59","slug":"rio-de-janeiro-aprueba-controvertidos-tribunales-sin-rostro","status":"publish","type":"post","link":"https:\/\/insightcrime.org\/es\/noticias\/rio-de-janeiro-aprueba-controvertidos-tribunales-sin-rostro\/","title":{"rendered":"R\u00edo de Janeiro aprueba pol\u00e9micos \u2018tribunales sin rostro\u2019"},"content":{"rendered":"\n<p class=\"wp-block-paragraph\">Las autoridades de Brasil han creado un nuevo tribunal especial conformado por \u201cjueces sin rostro\u201d para dirimir casos que impliquen narcotr\u00e1fico, crimen organizado y lavado de dinero, pero juzgados similares han generado gran controversia en otros pa\u00edses.<\/p>\n\n\n\n<p class=\"wp-block-paragraph\">El nuevo tribunal especial fue aprobado por el Tribunal de Justicia (Tribunal de Justi\u00e7a, TJ) de R\u00edo de Janeiro el 1 de julio y entrar\u00e1 en funciones en agosto de este a\u00f1o, <a href=\"https:\/\/oglobo.globo.com\/rio\/justica-do-rio-aprova-criacao-de-vara-especializada-no-combate-ao-crime-organizado-lavagem-de-dinheiro-23776809\" target=\"_blank\" rel=\"noopener\">inform\u00f3<\/a> O Globo. La identidad de sus miembros, que se rotar\u00e1n cada 60 d\u00edas, se mantendr\u00e1 en secreto como una manera de resguardar su seguridad.<\/p>\n\n\n\n<p class=\"wp-block-paragraph\">El presidente del Tribunal de Justicia de R\u00edo de Janeiro, Claudio de Mello Tavares, afirm\u00f3 que el tribunal especial est\u00e1 dise\u00f1ado para desviar la atenci\u00f3n de los jueces individuales.<\/p>\n\n\n\n<p class=\"wp-block-paragraph\">\u201cLa expansi\u00f3n de las milicias y el narcotr\u00e1fico motivaron la creaci\u00f3n de estos tribunales especiales y ayudar\u00e1n a garantizar la seguridad de los jueces\u201d, <a href=\"https:\/\/oglobo.globo.com\/rio\/justica-do-rio-aprova-criacao-de-vara-especializada-no-combate-ao-crime-organizado-lavagem-de-dinheiro-23776809\" target=\"_blank\" rel=\"noopener\">declar\u00f3<\/a>&nbsp;Tello a O Globo.<\/p>\n\n\n\n<p class=\"wp-block-paragraph\"><span style=\"color: #800000;\"><strong>VEA TAMBI\u00c9N:<\/strong><\/span> <a href=\"https:\/\/es.insightcrime.org\/noticias-sobre-crimen-organizado-en-brasil\/\" target=\"_blank\" rel=\"noopener\">Noticias y perfil de Brasil<\/a><\/p>\n\n\n\n<p class=\"wp-block-paragraph\">R\u00edo de Janeiro se ha convertido en el s\u00e9ptimo estado brasile\u00f1o que adopta este tipo de tribunales especiales, que ya funcionan en Par\u00e1, Mato Grosso, Bahia, Roraima, Santa Catarina y Alagoas.<\/p>\n\n\n\n<p class=\"wp-block-paragraph\">Los \u201ctribunales sin rostro\u201d se originaron en Italia, donde se utilizaron para juzgar a integrantes de mafias locales. Estos tribunales se emplearon tambi\u00e9n, generando mayor controversia, en Colombia en la d\u00e9cada de 1990 para juzgar a jefes de organizaciones narcotraficantes.<\/p>\n\n\n\n<h3 class=\"wp-block-heading\">An\u00e1lisis de InSight Crime<\/h3>\n\n\n\n<p class=\"wp-block-paragraph\">El uso de los controvertidos tribunales sin rostro podr\u00eda crear m\u00e1s problemas que soluciones en un pa\u00eds ya cuestionado por sus pol\u00edticas para contener la inseguridad y las organizaciones criminales.<\/p>\n\n\n\n<p class=\"wp-block-paragraph\">Enfrentado a&nbsp;<a href=\"https:\/\/es.insightcrime.org\/noticias\/analisis\/balance-de-insight-crime-sobre-los-homicidios-en-2018\/\" target=\"_blank\" rel=\"noopener\">altas tasas de homicidios<\/a>, Brasil tiene algunas de las organizaciones criminales m\u00e1s poderosas de la regi\u00f3n: el Primer Comando de la Capital (Primeiro Comando da Capital, PCC) y el Comando Rojo (Comando Vermelho).<\/p>\n\n\n\n<p class=\"wp-block-paragraph\">Sus pandillas han atacado a los jueces en medio de una creciente impunidad. En la actualidad, 21 jueces de R\u00edo de Janeiro se encuentran bajo protecci\u00f3n policial permanente, como resultado de la oleada de amenazas de muerte,&nbsp;<a href=\"https:\/\/oglobo.globo.com\/rio\/justica-do-rio-aprova-criacao-de-vara-especializada-no-combate-ao-crime-organizado-lavagem-de-dinheiro-23776809\" target=\"_blank\" rel=\"noopener\">seg\u00fan<\/a> el Tribunal de Justicia.<\/p>\n\n\n\n<p class=\"wp-block-paragraph\"><strong><span style=\"color: #800000;\">VEA TAMBI\u00c9N:<\/span><\/strong>&nbsp;<a href=\"https:\/\/es.insightcrime.org\/noticias\/noticias-del-dia\/policia-brasil-ejerce-licencia-para-matar-en-rio-de-janeiro\/\" target=\"_blank\" rel=\"noopener\">Polic\u00eda&nbsp; ejerce su licencia para matear en R\u00edo de Janeiro<\/a><\/p>\n\n\n\n<p class=\"wp-block-paragraph\">Los jueces de Brasil han mostrado una actitud positiva frente a los nuevos \u201ctribunales sin rostro\u201d como una medida de protecci\u00f3n. Sin embargo, experimentos similares en otros pa\u00edses han generado cr\u00edticas.<\/p>\n\n\n\n<p class=\"wp-block-paragraph\">En Colombia se crearon \u201ctribunales sin rostro\u201d similares a finales de los 90 para juzgar a acusados de delitos de narcotr\u00e1fico y terrorismo, pero ello gener\u00f3 protestas por parte de grupos de derechos humanos de la \u00e9poca.<\/p>\n\n\n\n<p class=\"wp-block-paragraph\">Aunque los fiscales en ese momento <a href=\"https:\/\/www.csmonitor.com\/1997\/0325\/032597.intl.intl.1.html\" target=\"_blank\" rel=\"noopener\">afirmaron<\/a> que el grado de violencia en Colombia justificaba el uso de esa figura, los activistas de derechos humanos se\u00f1alaban que se abusaba del sistema y se violaba el derecho fundamental de los presos a saber qui\u00e9n los juzgaba.<\/p>\n\n\n\n<p class=\"wp-block-paragraph\">Tambi\u00e9n hubo <a href=\"https:\/\/www.csmonitor.com\/1997\/0325\/032597.intl.intl.1.html\" target=\"_blank\" rel=\"noopener\">muchas inquietudes<\/a>&nbsp;en torno a si esos tribunales eran simplemente un espect\u00e1culo, y si supon\u00edan alguna diferencia real en t\u00e9rminos de protecci\u00f3n a los jueces, quienes pese a todo eran por lo general muy conocidos en Colombia.<\/p>\n","protected":false},"excerpt":{"rendered":"<p>Las autoridades de Brasil han creado un nuevo tribunal especial conformado por \u201cjueces sin rostro\u201d para dirimir casos que impliquen narcotr\u00e1fico, crimen organizado y lavado de dinero, pero juzgados similares han generado gran controversia en otros pa\u00edses.<\/p>\n","protected":false},"author":156,"featured_media":103344,"comment_status":"closed","ping_status":"closed","sticky":false,"template":"","format":"standard","meta":{"newspack_ads_suppress_ads":false,"newspack_popups_has_disabled_popups":false,"newspack_sponsor_sponsorship_scope":"","newspack_sponsor_native_byline_display":"inherit","newspack_sponsor_native_category_display":"inherit","newspack_sponsor_underwriter_style":"inherit","newspack_sponsor_underwriter_placement":"inherit","_EventAllDay":false,"_EventTimezone":"","_EventStartDate":"","_EventEndDate":"","_EventStartDateUTC":"","_EventEndDateUTC":"","_EventShowMap":false,"_EventShowMapLink":false,"_EventURL":"","_EventCost":"","_EventCostDescription":"","_EventCurrencySymbol":"","_EventCurrencyCode":"","_EventCurrencyPosition":"","_EventDateTimeSeparator":"","_EventTimeRangeSeparator":"","_EventOrganizerID":[],"_EventVenueID":[],"_OrganizerEmail":"","_OrganizerPhone":"","_OrganizerWebsite":"","_VenueAddress":"","_VenueCity":"","_VenueCountry":"","_VenueProvince":"","_VenueState":"","_VenueZip":"","_VenuePhone":"","_VenueURL":"","_VenueStateProvince":"","_VenueLat":"","_VenueLng":"","_VenueShowMap":false,"_VenueShowMapLink":false,"_newspack_byline_active":false,"_newspack_byline":"","newspack_hide_updated_date":false,"newspack_show_updated_date":false,"newspack_featured_image_position":"","newspack_post_subtitle":"","newspack_article_summary_title":"Overview:","newspack_article_summary":"","_jetpack_memberships_contains_paid_content":false,"footnotes":""},"categories":[759],"tags":[405,454],"newspack_spnsrs_tax":[],"coauthors":[4115],"class_list":["post-103488","post","type-post","status-publish","format-standard","has-post-thumbnail","hentry","category-noticias","tag-brasil","tag-reforma-judicial","entry"],"parsely":{"version":"1.1.0","canonical_url":"https:\/\/insightcrime.org\/es\/noticias\/rio-de-janeiro-aprueba-controvertidos-tribunales-sin-rostro\/","smart_links":{"inbound":0,"outbound":0},"traffic_boost_suggestions_count":0,"meta":{"@context":"https:\/\/schema.org","@type":"NewsArticle","headline":"R\u00edo de Janeiro aprueba pol\u00e9micos \u2018tribunales sin rostro\u2019","url":"http:\/\/insightcrime.org\/es\/noticias\/rio-de-janeiro-aprueba-controvertidos-tribunales-sin-rostro\/","mainEntityOfPage":{"@type":"WebPage","@id":"http:\/\/insightcrime.org\/es\/noticias\/rio-de-janeiro-aprueba-controvertidos-tribunales-sin-rostro\/"},"thumbnailUrl":"https:\/\/i0.wp.com\/insightcrime.org\/wp-content\/uploads\/2019\/07\/x45712764_RI-Rio-de-JaneiroRJ-24-02-2016-Desembargadores-da-11-camara-civel-negou-o-recurso-da-Cedae.jpg.pagespeed.ic_.LaoKjoIMkw.jpg?resize=150%2C150&quality=100&ssl=1","image":{"@type":"ImageObject","url":"https:\/\/i0.wp.com\/insightcrime.org\/wp-content\/uploads\/2019\/07\/x45712764_RI-Rio-de-JaneiroRJ-24-02-2016-Desembargadores-da-11-camara-civel-negou-o-recurso-da-Cedae.jpg.pagespeed.ic_.LaoKjoIMkw.jpg?fit=350%2C250&quality=100&ssl=1"},"articleSection":"Noticias","author":[{"@type":"Person","name":"Josefina Salomon"}],"creator":["Josefina Salomon"],"publisher":{"@type":"Organization","name":"InSight Crime","logo":"https:\/\/insightcrime.org\/wp-content\/uploads\/2023\/08\/logo.png"},"keywords":["brasil","reforma judicial"],"dateCreated":"2019-07-09T16:04:30Z","datePublished":"2019-07-09T16:04:30Z","dateModified":"2024-09-02T19:17:59Z"},"rendered":"<meta name=\"parsely-title\" content=\"R\u00edo de Janeiro aprueba pol\u00e9micos \u2018tribunales sin rostro\u2019\" \/>\n<meta name=\"parsely-link\" content=\"http:\/\/insightcrime.org\/es\/noticias\/rio-de-janeiro-aprueba-controvertidos-tribunales-sin-rostro\/\" \/>\n<meta name=\"parsely-type\" content=\"post\" \/>\n<meta name=\"parsely-image-url\" content=\"https:\/\/i0.wp.com\/insightcrime.org\/wp-content\/uploads\/2019\/07\/x45712764_RI-Rio-de-JaneiroRJ-24-02-2016-Desembargadores-da-11-camara-civel-negou-o-recurso-da-Cedae.jpg.pagespeed.ic_.LaoKjoIMkw.jpg?resize=150%2C150&amp;quality=100&amp;ssl=1\" \/>\n<meta name=\"parsely-pub-date\" content=\"2019-07-09T16:04:30Z\" \/>\n<meta name=\"parsely-section\" content=\"Noticias\" \/>\n<meta name=\"parsely-tags\" content=\"brasil,reforma judicial\" \/>\n<meta name=\"parsely-author\" content=\"Josefina Salomon\" \/>","tracker_url":"https:\/\/cdn.parsely.com\/keys\/insightcrime.org\/p.js"},"jetpack_sharing_enabled":true,"jetpack-related-posts":[{"id":272080,"url":"https:\/\/insightcrime.org\/es\/noticias\/brasil-detenciones-apuntan-corrupcion-detras-asesinato-marielle-franco\/","url_meta":{"origin":103488,"position":0},"title":"Brasil: detenciones apuntan a la corrupci\u00f3n detr\u00e1s del asesinato de Marielle Franco","author":"Christopher Newton","date":"26 de marzo de 2024","format":false,"excerpt":"La detenci\u00f3n de funcionarios y exfuncionarios de la ciudad de R\u00edo de Janeiro por su implicaci\u00f3n en el asesinato de una concejala en 2018 se suma a las pruebas de que el homicidio buscaba proteger intereses criminales y corruptos.\u00a0","rel":"","context":"En \u00abNoticias\u00bb","block_context":{"text":"Noticias","link":"https:\/\/insightcrime.org\/es\/category\/noticias\/"},"img":{"alt_text":"Protestors march demanding justice for Marielle ","src":"https:\/\/i0.wp.com\/insightcrime.org\/wp-content\/uploads\/2024\/03\/marielle_protest.png?fit=350%2C250&quality=100&ssl=1&resize=350%2C200","width":350,"height":200},"classes":[]},{"id":295129,"url":"https:\/\/insightcrime.org\/es\/noticias\/dinero-violencia-crimen-organizado-controlar-elecciones-municipales-brasil\/","url_meta":{"origin":103488,"position":1},"title":"Dinero y violencia: El crimen organizado lucha por controlar las elecciones municipales en Brasil","author":"Lara Loaiza","date":"25 de octubre de 2024","format":false,"excerpt":"Con la segunda vuelta de las elecciones municipales de Brasil programada para el 27 de octubre, los grupos criminales est\u00e1n utilizando nuevos m\u00e9todos financieros para influir en los resultados, adem\u00e1s de la violencia que han empleado tradicionalmente para intervenir en la escena pol\u00edtica.","rel":"","context":"En \u00abNoticias\u00bb","block_context":{"text":"Noticias","link":"https:\/\/insightcrime.org\/es\/category\/noticias\/"},"img":{"alt_text":"","src":"https:\/\/i0.wp.com\/insightcrime.org\/wp-content\/uploads\/2024\/10\/Data-InSights-Electoral-Violence-Oct-2024.jpg?fit=1200%2C690&quality=100&ssl=1&resize=350%2C200","width":350,"height":200,"srcset":"https:\/\/i0.wp.com\/insightcrime.org\/wp-content\/uploads\/2024\/10\/Data-InSights-Electoral-Violence-Oct-2024.jpg?fit=1200%2C690&quality=100&ssl=1&resize=350%2C200 1x, https:\/\/i0.wp.com\/insightcrime.org\/wp-content\/uploads\/2024\/10\/Data-InSights-Electoral-Violence-Oct-2024.jpg?fit=1200%2C690&quality=100&ssl=1&resize=525%2C300 1.5x, https:\/\/i0.wp.com\/insightcrime.org\/wp-content\/uploads\/2024\/10\/Data-InSights-Electoral-Violence-Oct-2024.jpg?fit=1200%2C690&quality=100&ssl=1&resize=700%2C400 2x, https:\/\/i0.wp.com\/insightcrime.org\/wp-content\/uploads\/2024\/10\/Data-InSights-Electoral-Violence-Oct-2024.jpg?fit=1200%2C690&quality=100&ssl=1&resize=1050%2C600 3x"},"classes":[]},{"id":240423,"url":"https:\/\/insightcrime.org\/es\/noticias\/recursos-nuevos-estrategias-falllidas-contra-crimen-brasil\/","url_meta":{"origin":103488,"position":2},"title":"Brasil vuelve a apostarle a estrategias fallidas contra el crimen organizado","author":"Christopher Newton","date":"9 de octubre de 2023","format":false,"excerpt":"Brasil anunci\u00f3 un nuevo plan de seguridad a nivel nacional para combatir el crimen organizado en medio de un repunte de la violencia. Pero el plan de casi US$175 millones es un refrito de muchas pasadas estrategias ineficaces.","rel":"","context":"En \u00abNoticias\u00bb","block_context":{"text":"Noticias","link":"https:\/\/insightcrime.org\/es\/category\/noticias\/"},"img":{"alt_text":"Ministro de justicia y seguridad p\u00fablica Fl\u00e1vio Dino presenta el nuevo programa de seguridad para Brasil","src":"https:\/\/i0.wp.com\/insightcrime.org\/wp-content\/uploads\/2023\/10\/dino_seguranca.jpg?fit=675%2C450&quality=100&ssl=1&resize=350%2C200","width":350,"height":200,"srcset":"https:\/\/i0.wp.com\/insightcrime.org\/wp-content\/uploads\/2023\/10\/dino_seguranca.jpg?fit=675%2C450&quality=100&ssl=1&resize=350%2C200 1x, https:\/\/i0.wp.com\/insightcrime.org\/wp-content\/uploads\/2023\/10\/dino_seguranca.jpg?fit=675%2C450&quality=100&ssl=1&resize=525%2C300 1.5x"},"classes":[]},{"id":176824,"url":"https:\/\/insightcrime.org\/es\/noticias\/favelas-brasil-violencia-amenazan-plan-rio-recuperarlas\/","url_meta":{"origin":103488,"position":3},"title":"Favelas en Brasil: fantasmas de violencia amenazan el plan de R\u00edo para recuperarlas","author":"Scott Mistler-Ferguson","date":"27 de enero de 2022","format":false,"excerpt":"Los habitantes de las favelas marginadas de R\u00edo de Janeiro est\u00e1n presenciando un nuevo plan del gobierno que pretende recuperar \u00e1reas dominadas por organizaciones criminales.","rel":"","context":"En \u00abNoticias\u00bb","block_context":{"text":"Noticias","link":"https:\/\/insightcrime.org\/es\/category\/noticias\/"},"img":{"alt_text":"polic\u00eda militar en favelas de R\u00edo","src":"https:\/\/i0.wp.com\/insightcrime.org\/wp-content\/uploads\/2022\/01\/Jacarezinho-Operation.jpeg?fit=350%2C250&quality=100&ssl=1&resize=350%2C200","width":350,"height":200},"classes":[]},{"id":246300,"url":"https:\/\/insightcrime.org\/es\/noticias\/policia-podria-obstaculo-eliminar-milicias-rio-brasil\/","url_meta":{"origin":103488,"position":4},"title":"Polic\u00eda podr\u00eda ser obst\u00e1culo para eliminar las milicias de R\u00edo, Brasil","author":"Chris Dalby","date":"9 de noviembre de 2023","format":false,"excerpt":"El gobierno de Brasil inici\u00f3 una ofensiva contra las milicias, pero la polic\u00eda estatal de R\u00edo de Janeiro podr\u00eda ser un obst\u00e1culo para este proceso.","rel":"","context":"En \u00abNoticias\u00bb","block_context":{"text":"Noticias","link":"https:\/\/insightcrime.org\/es\/category\/noticias\/"},"img":{"alt_text":"Autob\u00fas de R\u00edo de Janeiro que fue incendiado por milicias de Brasil","src":"https:\/\/i0.wp.com\/insightcrime.org\/wp-content\/uploads\/2023\/11\/image_doc-33yv6nw.jpg?fit=350%2C250&quality=100&ssl=1&resize=350%2C200","width":350,"height":200},"classes":[]},{"id":322978,"url":"https:\/\/insightcrime.org\/es\/noticias\/on-the-radar-redada-masacre-violencia-policial-vuelve-sacudir-favelas-brasil\/","url_meta":{"origin":103488,"position":5},"title":"On the Radar: \u00bfRedada o masacre? La violencia policial vuelve a sacudir las favelas de Brasil","author":"Deborah Bonello","date":"31 de octubre de 2025","format":false,"excerpt":"Esta semana, InSight Crime examina la evoluci\u00f3n de los ataques militares de Estados Unidos en el Caribe y el Pac\u00edfico, la condena de un exjefe antidrogas boliviano en un tribunal estadounidense y la redada m\u00e1s mort\u00edfera hasta la fecha en una favela de R\u00edo de Janeiro.","rel":"","context":"En \u00abNoticias\u00bb","block_context":{"text":"Noticias","link":"https:\/\/insightcrime.org\/es\/category\/noticias\/"},"img":{"alt_text":"","src":"https:\/\/i0.wp.com\/insightcrime.org\/wp-content\/uploads\/2025\/10\/25-10-30.png?fit=1200%2C675&quality=100&ssl=1&resize=350%2C200","width":350,"height":200,"srcset":"https:\/\/i0.wp.com\/insightcrime.org\/wp-content\/uploads\/2025\/10\/25-10-30.png?fit=1200%2C675&quality=100&ssl=1&resize=350%2C200 1x, https:\/\/i0.wp.com\/insightcrime.org\/wp-content\/uploads\/2025\/10\/25-10-30.png?fit=1200%2C675&quality=100&ssl=1&resize=525%2C300 1.5x, https:\/\/i0.wp.com\/insightcrime.org\/wp-content\/uploads\/2025\/10\/25-10-30.png?fit=1200%2C675&quality=100&ssl=1&resize=700%2C400 2x, https:\/\/i0.wp.com\/insightcrime.org\/wp-content\/uploads\/2025\/10\/25-10-30.png?fit=1200%2C675&quality=100&ssl=1&resize=1050%2C600 3x"},"classes":[]}],"jetpack_featured_media_url":"https:\/\/i0.wp.com\/insightcrime.org\/wp-content\/uploads\/2019\/07\/x45712764_RI-Rio-de-JaneiroRJ-24-02-2016-Desembargadores-da-11-camara-civel-negou-o-recurso-da-Cedae.jpg.pagespeed.ic_.LaoKjoIMkw.jpg?fit=350%2C250&quality=100&ssl=1","_links":{"self":[{"href":"https:\/\/insightcrime.org\/es\/wp-json\/wp\/v2\/posts\/103488","targetHints":{"allow":["GET"]}}],"collection":[{"href":"https:\/\/insightcrime.org\/es\/wp-json\/wp\/v2\/posts"}],"about":[{"href":"https:\/\/insightcrime.org\/es\/wp-json\/wp\/v2\/types\/post"}],"author":[{"embeddable":true,"href":"https:\/\/insightcrime.org\/es\/wp-json\/wp\/v2\/users\/156"}],"replies":[{"embeddable":true,"href":"https:\/\/insightcrime.org\/es\/wp-json\/wp\/v2\/comments?post=103488"}],"version-history":[{"count":6,"href":"https:\/\/insightcrime.org\/es\/wp-json\/wp\/v2\/posts\/103488\/revisions"}],"predecessor-version":[{"id":291297,"href":"https:\/\/insightcrime.org\/es\/wp-json\/wp\/v2\/posts\/103488\/revisions\/291297"}],"wp:featuredmedia":[{"embeddable":true,"href":"https:\/\/insightcrime.org\/es\/wp-json\/wp\/v2\/media\/103344"}],"wp:attachment":[{"href":"https:\/\/insightcrime.org\/es\/wp-json\/wp\/v2\/media?parent=103488"}],"wp:term":[{"taxonomy":"category","embeddable":true,"href":"https:\/\/insightcrime.org\/es\/wp-json\/wp\/v2\/categories?post=103488"},{"taxonomy":"post_tag","embeddable":true,"href":"https:\/\/insightcrime.org\/es\/wp-json\/wp\/v2\/tags?post=103488"},{"taxonomy":"newspack_spnsrs_tax","embeddable":true,"href":"https:\/\/insightcrime.org\/es\/wp-json\/wp\/v2\/newspack_spnsrs_tax?post=103488"},{"taxonomy":"author","embeddable":true,"href":"https:\/\/insightcrime.org\/es\/wp-json\/wp\/v2\/coauthors?post=103488"}],"curies":[{"name":"wp","href":"https:\/\/api.w.org\/{rel}","templated":true}]}}