{"id":104014,"date":"2019-07-19T10:00:35","date_gmt":"2019-07-19T15:00:35","guid":{"rendered":"https:\/\/insightcrime.org\/?p=104014"},"modified":"2024-09-02T14:17:53","modified_gmt":"2024-09-02T19:17:53","slug":"detenciones-masivas-en-jamaica-son-ineficientes-para-frenar-la-violencia-criminal","status":"publish","type":"post","link":"https:\/\/insightcrime.org\/es\/noticias\/detenciones-masivas-en-jamaica-son-ineficientes-para-frenar-la-violencia-criminal\/","title":{"rendered":"Detenciones masivas en Jamaica son ineficientes para frenar la violencia criminal"},"content":{"rendered":"\n<p class=\"wp-block-paragraph\">En solo dos meses, 906 personas fueron detenidas en Jamaica durante los estados de emergencia que se decretaron en todo el pa\u00eds, pero es probable que esta estrategia para reducir los cr\u00edmenes violentos no produzca resultados a largo plazo.<\/p>\n\n\n\n<p class=\"wp-block-paragraph\">Los datos de la Polic\u00eda de Jamaica indican que, durante los estados de emergencia p\u00fablica que se han implementado en Hannover, St James y Westmoreland, se han detenido 906 personas, de las cuales 811 han sido liberadas despu\u00e9s de su enjuiciamiento, seg\u00fan un informe de <a href=\"http:\/\/jamaica-gleaner.com\/article\/news\/20190709\/906-detained-under-western-jamaica-soe-including-two-alleged-gang-leaders\" target=\"_blank\" rel=\"noopener\">The Gleaner<\/a>. Como resultado de esta ola de detenciones masivas, solo 17 personas fueron acusadas de participar en homicidios o tiroteos, y solo dos presuntos pandilleros fueron enjuiciados.<\/p>\n\n\n\n<p class=\"wp-block-paragraph\">Desde el 30 de abril, los estados de emergencia han otorgado poderes adicionales de manera temporal a las fuerzas de seguridad en esos tres distritos jamaiquinos, lo que le ha permitido al gobierno desplegar el ej\u00e9rcito y aumentar la presencia de la polic\u00eda en ciertas zonas. Adem\u00e1s, los agentes pueden parar a las personas, registrarlas y arrestarlas sin que medie una orden judicial.<\/p>\n\n\n\n<p class=\"wp-block-paragraph\"><strong><span style=\"color: #993300;\">VEA TAMBI\u00c9N:<\/span><\/strong> <a href=\"https:\/\/es.insightcrime.org\/tag\/jamaica-pais\/\" target=\"_blank\" rel=\"noopener\">Cobertura sobre Jamaica<\/a><\/p>\n\n\n\n<p class=\"wp-block-paragraph\">La utilizaci\u00f3n de estas medidas por parte del gobierno de Jamaica no es algo nuevo; en St. James, un estado de emergencia que se extendi\u00f3 por un a\u00f1o expir\u00f3 en el mes de enero y fue renovado a finales de abril, junto con los de Westmoreland y Hanover. El 7 de julio, el primer ministro de Jamaica, Andrew Holness, anunci\u00f3 que se har\u00eda lo mismo <a href=\"https:\/\/jis.gov.jm\/pm-announces-state-of-emergency-south-st-andrew-police-division\/\" target=\"_blank\" rel=\"noopener\">en la regi\u00f3n<\/a> de St. Andrew South.<\/p>\n\n\n\n<p class=\"wp-block-paragraph\">El uso de estados de emergencia hace parte de la estrategia del Gobierno para reducir las altas tasas de homicidio en Jamaica: en 2018 se registraron 47 homicidios por cada 100.000 habitantes, lo que representa un total de 1.287 asesinatos. Esta cifra es casi <a href=\"https:\/\/jis.gov.jm\/plan-secure-jamaica-well-advanced-p-m-holness\/\" target=\"_blank\" rel=\"noopener\">tres veces m\u00e1s<\/a> que el promedio de Am\u00e9rica Latina y el Caribe. Holness afirma adem\u00e1s que el <a href=\"https:\/\/www.thestkittsnevisobserver.com\/regional\/gang-violence-state-of-emergency-in-kingston-jamaica\/\" target=\"_blank\" rel=\"noopener\">70 por ciento de los asesinatos<\/a> que se cometen en Jamaica est\u00e1n relacionados con pandillas.<\/p>\n\n\n\n<h3 class=\"wp-block-heading\">An\u00e1lisis de InSight Crime<\/h3>\n\n\n\n<p class=\"wp-block-paragraph\">A pesar de algunos resultados alentadores a corto plazo, el represivo plan de seguridad de Jamaica podr\u00eda ser contraproducente en cuanto al control de la delincuencia a largo plazo. Las detenciones masivas durante los estados de emergencia son utilizadas por otros gobiernos latinoamericanos, pero rara vez se han logrado avances sostenibles.<\/p>\n\n\n\n<p class=\"wp-block-paragraph\">Jamaica tuvo una disminuci\u00f3n del 21,7 por ciento en la tasa de homicidios en 2018, y St. James experiment\u00f3 un descenso del 70 por ciento en los homicidios durante el estado de emergencia que se decret\u00f3 all\u00ed por un a\u00f1o. Sin embargo, durante una <a href=\"https:\/\/www.caribbeannationalweekly.com\/uncategorized\/state-of-emergency-declared-in-kingston-jamaica\/\" target=\"_blank\" rel=\"noopener\">conferencia de prensa<\/a>, Holness dijo que el plan de seguridad actual podr\u00eda ser insuficiente para detener la violencia criminal. \u201cLa verdad es que el nivel de criminalidad est\u00e1 por encima de la capacidad de las fuerzas del orden para responder [de manera efectiva]. En los \u00faltimos ocho a\u00f1os ha habido 11.000 asesinatos, y no tenemos suficientes investigadores\u201d, afirm\u00f3 el primer ministro.<\/p>\n\n\n\n<p class=\"wp-block-paragraph\"><strong><span style=\"color: #993300;\">VEA TAMBI\u00c9N:<\/span><\/strong> <a href=\"https:\/\/es.insightcrime.org\/noticias\/noticias-del-dia\/mal-comienzo-nuevo-plan-seguridad-jamaica\/\" target=\"_blank\" rel=\"noopener\">Mal comienzo para nuevo plan de seguridad de Jamaica<\/a><\/p>\n\n\n\n<p class=\"wp-block-paragraph\">El ex vicecomisario de polic\u00eda de Jamaica, Mark Shields, est\u00e1 de acuerdo en que los estados de emergencia y las detenciones masivas tienen limitaciones. \u201cLas empresas de servicios estatales fracasar\u00e1n si no se implementan planes a largo plazo para mejorar la educaci\u00f3n, el empleo y la seguridad, respaldados por un sistema de justicia eficiente\u201d, le dijo a InSight Crime.<\/p>\n\n\n\n<p class=\"wp-block-paragraph\">Recurrir a los estados de emergencia produce objetivos solamente a corto plazo, como detener temporalmente a las pandillas y tranquilizar a los habitantes al desplegar uniformados en las calles.<\/p>\n\n\n\n<p class=\"wp-block-paragraph\">Las grandes operaciones que involucran detenciones masivas han sido utilizadas por otros gobiernos en toda la regi\u00f3n de Am\u00e9rica Latina y el Caribe, y sus pocos resultados demuestran la ineficiencia del uso de dicha estrategia.<\/p>\n\n\n\n<p class=\"wp-block-paragraph\">En <a href=\"https:\/\/foreignpolicy.com\/2019\/07\/06\/el-salvadors-tough-policing-isnt-what-it-looks-like\/\" target=\"_blank\" rel=\"noopener\">El Salvador<\/a>, detr\u00e1s de la reciente ola de enfrentamientos con la polic\u00eda se oculta un patr\u00f3n de asesinatos extrajudiciales; por su parte, en Argentina, el <a href=\"https:\/\/es.insightcrime.org\/noticias\/noticias-del-dia\/record-de-incautaciones-y-arrestos-en-argentina-es-senal-de-exito\/\" target=\"_blank\" rel=\"noopener\">alto aumento en los arrestos y decomisos<\/a> de drogas ha sido criticado porque no se enfoca en los grandes narcotraficantes.<\/p>\n","protected":false},"excerpt":{"rendered":"<p>En solo dos meses, 906 personas fueron detenidas en Jamaica durante los estados de emergencia que se decretaron en todo el pa\u00eds, pero es probable que esta estrategia para reducir los cr\u00edmenes violentos no produzca resultados a largo plazo.<\/p>\n","protected":false},"author":153,"featured_media":103997,"comment_status":"closed","ping_status":"closed","sticky":false,"template":"","format":"standard","meta":{"newspack_ads_suppress_ads":false,"newspack_popups_has_disabled_popups":false,"newspack_sponsor_sponsorship_scope":"","newspack_sponsor_native_byline_display":"inherit","newspack_sponsor_native_category_display":"inherit","newspack_sponsor_underwriter_style":"inherit","newspack_sponsor_underwriter_placement":"inherit","_EventAllDay":false,"_EventTimezone":"","_EventStartDate":"","_EventEndDate":"","_EventStartDateUTC":"","_EventEndDateUTC":"","_EventShowMap":false,"_EventShowMapLink":false,"_EventURL":"","_EventCost":"","_EventCostDescription":"","_EventCurrencySymbol":"","_EventCurrencyCode":"","_EventCurrencyPosition":"","_EventDateTimeSeparator":"","_EventTimeRangeSeparator":"","_EventOrganizerID":[],"_EventVenueID":[],"_OrganizerEmail":"","_OrganizerPhone":"","_OrganizerWebsite":"","_VenueAddress":"","_VenueCity":"","_VenueCountry":"","_VenueProvince":"","_VenueState":"","_VenueZip":"","_VenuePhone":"","_VenueURL":"","_VenueStateProvince":"","_VenueLat":"","_VenueLng":"","_VenueShowMap":false,"_VenueShowMapLink":false,"_newspack_byline_active":false,"_newspack_byline":"","newspack_hide_updated_date":false,"newspack_show_updated_date":false,"newspack_featured_image_position":"","newspack_post_subtitle":"","newspack_article_summary_title":"Overview:","newspack_article_summary":"","_jetpack_memberships_contains_paid_content":false,"footnotes":""},"categories":[759],"tags":[467,438],"newspack_spnsrs_tax":[],"coauthors":[4192],"class_list":["post-104014","post","type-post","status-publish","format-standard","has-post-thumbnail","hentry","category-noticias","tag-jamaica-pais","tag-politicas-de-seguridad","entry"],"parsely":{"version":"1.1.0","canonical_url":"https:\/\/insightcrime.org\/es\/noticias\/detenciones-masivas-en-jamaica-son-ineficientes-para-frenar-la-violencia-criminal\/","smart_links":{"inbound":0,"outbound":0},"traffic_boost_suggestions_count":0,"meta":{"@context":"https:\/\/schema.org","@type":"NewsArticle","headline":"Detenciones masivas en Jamaica son ineficientes para frenar la violencia criminal","url":"http:\/\/insightcrime.org\/es\/noticias\/detenciones-masivas-en-jamaica-son-ineficientes-para-frenar-la-violencia-criminal\/","mainEntityOfPage":{"@type":"WebPage","@id":"http:\/\/insightcrime.org\/es\/noticias\/detenciones-masivas-en-jamaica-son-ineficientes-para-frenar-la-violencia-criminal\/"},"thumbnailUrl":"https:\/\/i0.wp.com\/insightcrime.org\/wp-content\/uploads\/2019\/07\/state-of-emergency.jpg?resize=150%2C150&quality=100&ssl=1","image":{"@type":"ImageObject","url":"https:\/\/i0.wp.com\/insightcrime.org\/wp-content\/uploads\/2019\/07\/state-of-emergency.jpg?fit=350%2C250&quality=100&ssl=1"},"articleSection":"Noticias","author":[{"@type":"Person","name":"Sandrine McDuff"}],"creator":["Sandrine McDuff"],"publisher":{"@type":"Organization","name":"InSight Crime","logo":"https:\/\/insightcrime.org\/wp-content\/uploads\/2023\/08\/logo.png"},"keywords":["jamaica","pol\u00edticas de seguridad"],"dateCreated":"2019-07-19T15:00:35Z","datePublished":"2019-07-19T15:00:35Z","dateModified":"2024-09-02T19:17:53Z"},"rendered":"<meta name=\"parsely-title\" content=\"Detenciones masivas en Jamaica son ineficientes para frenar la violencia criminal\" \/>\n<meta name=\"parsely-link\" content=\"http:\/\/insightcrime.org\/es\/noticias\/detenciones-masivas-en-jamaica-son-ineficientes-para-frenar-la-violencia-criminal\/\" \/>\n<meta name=\"parsely-type\" content=\"post\" \/>\n<meta name=\"parsely-image-url\" content=\"https:\/\/i0.wp.com\/insightcrime.org\/wp-content\/uploads\/2019\/07\/state-of-emergency.jpg?resize=150%2C150&amp;quality=100&amp;ssl=1\" \/>\n<meta name=\"parsely-pub-date\" content=\"2019-07-19T15:00:35Z\" \/>\n<meta name=\"parsely-section\" content=\"Noticias\" \/>\n<meta name=\"parsely-tags\" content=\"jamaica,pol\u00edticas de seguridad\" \/>\n<meta name=\"parsely-author\" content=\"Sandrine McDuff\" \/>","tracker_url":"https:\/\/cdn.parsely.com\/keys\/insightcrime.org\/p.js"},"jetpack_sharing_enabled":true,"jetpack-related-posts":[{"id":206464,"url":"https:\/\/insightcrime.org\/es\/noticias\/circulo-vicioso-estados-emergencia-jamaica\/","url_meta":{"origin":104014,"position":0},"title":"\u00bfQu\u00e9 hay detr\u00e1s del c\u00edrculo vicioso de los estados de emergencia en Jamaica?","author":"Chris Dalby","date":"8 de diciembre de 2022","format":false,"excerpt":"Un estado de emergencia general anunciado para toda Jamaica con el fin de contener la escalada de violencia fue recibido con burla, como un ejemplo m\u00e1s de una larga serie de medidas que no parecen haber logrado mucho.","rel":"","context":"En \u00abNoticias\u00bb","block_context":{"text":"Noticias","link":"https:\/\/insightcrime.org\/es\/category\/noticias\/"},"img":{"alt_text":"Soldado empu\u00f1ando un arma en una calle de Kingston, Jamaica, durante el nuevo estado de emergencia","src":"https:\/\/i0.wp.com\/insightcrime.org\/wp-content\/uploads\/2022\/12\/police_wide-f8be8cb83a9b0e30eb1eae12f4557ab92f723b59-s1400-c100-1-1.jpg?fit=350%2C250&quality=100&ssl=1&resize=350%2C200","width":350,"height":200},"classes":[]},{"id":167506,"url":"https:\/\/insightcrime.org\/es\/noticias\/estados-emergencia-belice-cura-adiccion\/","url_meta":{"origin":104014,"position":1},"title":"Estados de emergencia en Belice: \u00bfcura o adicci\u00f3n?","author":"Scott Mistler-Ferguson","date":"17 de septiembre de 2021","format":false,"excerpt":"A pesar de que las estad\u00edsticas de homicidios han tenido cierta mejora, Belice contin\u00faa declarando estados de emergencia regularmente debido a las tasas de criminalidad. Pero \u00bfrealmente son efectivas estas medidas?","rel":"","context":"En \u00abNoticias\u00bb","block_context":{"text":"Noticias","link":"https:\/\/insightcrime.org\/es\/category\/noticias\/"},"img":{"alt_text":"Belize Police Commissioner Chester Williams","src":"https:\/\/i0.wp.com\/insightcrime.org\/wp-content\/uploads\/2021\/09\/Chester-Williams.jpg?fit=350%2C250&quality=100&ssl=1&resize=350%2C200","width":350,"height":200},"classes":[]},{"id":294587,"url":"https:\/\/insightcrime.org\/es\/noticias\/gobiernos-latinoamericanos-siguen-apostando-estados-excepcion\/","url_meta":{"origin":104014,"position":2},"title":"\u00bfPor qu\u00e9 los gobiernos latinoamericanos siguen apostando por los estados de excepci\u00f3n?","author":"Deborah Bonello","date":"15 de octubre de 2024","format":false,"excerpt":"Varios pa\u00edses latinoamericanos han apostado recientemente por declarar o prolongar estados de excepci\u00f3n destinados a combatir el crimen organizado, aunque hasta ahora los resultados de esos esfuerzos han mostrado poca evidencia de \u00e9xito.","rel":"","context":"En \u00abNoticias\u00bb","block_context":{"text":"Noticias","link":"https:\/\/insightcrime.org\/es\/category\/noticias\/"},"img":{"alt_text":"Hombres detenidos durante el estado de excepci\u00f3n son llevados a un centro de reclusi\u00f3n en El Salvador. Cr\u00e9dito: Gobierno de El Salvador","src":"https:\/\/i0.wp.com\/insightcrime.org\/wp-content\/uploads\/2024\/10\/arrestos-el-salvador.jpeg?fit=350%2C250&quality=100&ssl=1&resize=350%2C200","width":350,"height":200},"classes":[]},{"id":300527,"url":"https:\/\/insightcrime.org\/es\/noticias\/medidas-emergencia-no-alcanzan-en-trinidad-y-tobago\/","url_meta":{"origin":104014,"position":3},"title":"Las medidas de emergencia no alcanzan en Trinidad y Tobago","author":"Peter Appleby","date":"23 de enero de 2025","format":false,"excerpt":"Trinidad y Tobago prorrog\u00f3 el estado de emergencia para contrarrestar el r\u00e9cord de homicidios que alcanz\u00f3 el pa\u00eds. Sin embargo, es poco probable que esta medida, una estrategia habitual de los gobiernos de la regi\u00f3n que se enfrentan al aumento de la delincuencia, detenga la tendencia creciente de la violencia.","rel":"","context":"En \u00abNoticias\u00bb","block_context":{"text":"Noticias","link":"https:\/\/insightcrime.org\/es\/category\/noticias\/"},"img":{"alt_text":"","src":"https:\/\/i0.wp.com\/insightcrime.org\/wp-content\/uploads\/2025\/01\/25-01-22-Trinidad-and-Tobago-state-of-emergency-homicides-Al-Jazeera-2.jpg?fit=350%2C250&quality=100&ssl=1&resize=350%2C200","width":350,"height":200},"classes":[]},{"id":212385,"url":"https:\/\/insightcrime.org\/es\/noticias\/jamaica-gana-caso-pandillas-violencia-continua\/","url_meta":{"origin":104014,"position":4},"title":"Jamaica gana hist\u00f3rico caso de pandillas pero la violencia contin\u00faa","author":"Sean Doherty","date":"10 de marzo de 2023","format":false,"excerpt":"La condena de un notorio jefe en el proceso m\u00e1s grande que se haya seguido contra las pandillas en Jamaica es un triunfo para la legislaci\u00f3n antipandillas del pa\u00eds. Pero la ca\u00edda del grupo no ha llevado la paz a las zonas que aterrorizaba.","rel":"","context":"En \u00abNoticias\u00bb","block_context":{"text":"Noticias","link":"https:\/\/insightcrime.org\/es\/category\/noticias\/"},"img":{"alt_text":"Proceso a One Don en Jamaica","src":"https:\/\/i0.wp.com\/insightcrime.org\/wp-content\/uploads\/2023\/03\/Rudolph-Brown-Jamaica-Gleaner-One-Don-e1678395421813.jpg?fit=460%2C345&quality=100&ssl=1&resize=350%2C200","width":350,"height":200},"classes":[]},{"id":171623,"url":"https:\/\/insightcrime.org\/es\/noticias\/juicio-klansman-revela-sofisticadas-dinamicas-pandillas-jamaica\/","url_meta":{"origin":104014,"position":5},"title":"Juicio de Klansman revela sofisticadas din\u00e1micas de pandillas en Jamaica","author":"Gabrielle Gorder","date":"16 de noviembre de 2021","format":false,"excerpt":"Facciones rivales, lugares de entierro secretos, jefes homicidas, el juicio que enfrentan docenas de miembros de la pandilla Klansman en Jamaica arroja luz sobre la mec\u00e1nica de los grupos criminales en la isla.","rel":"","context":"En \u00abNews\u00bb","block_context":{"text":"News","link":"https:\/\/insightcrime.org\/category\/news\/"},"img":{"alt_text":"Andre Bryan, alias \"Blackman\", l\u00edder de la pandilla One Don, facci\u00f3n del Klansman en Jamaica","src":"https:\/\/i0.wp.com\/insightcrime.org\/wp-content\/uploads\/2021\/11\/blackman-black-man-Klansman-Gang-780x470-1.jpg?fit=350%2C250&quality=100&ssl=1&resize=350%2C200","width":350,"height":200},"classes":[]}],"jetpack_featured_media_url":"https:\/\/i0.wp.com\/insightcrime.org\/wp-content\/uploads\/2019\/07\/state-of-emergency.jpg?fit=350%2C250&quality=100&ssl=1","_links":{"self":[{"href":"https:\/\/insightcrime.org\/es\/wp-json\/wp\/v2\/posts\/104014","targetHints":{"allow":["GET"]}}],"collection":[{"href":"https:\/\/insightcrime.org\/es\/wp-json\/wp\/v2\/posts"}],"about":[{"href":"https:\/\/insightcrime.org\/es\/wp-json\/wp\/v2\/types\/post"}],"author":[{"embeddable":true,"href":"https:\/\/insightcrime.org\/es\/wp-json\/wp\/v2\/users\/153"}],"replies":[{"embeddable":true,"href":"https:\/\/insightcrime.org\/es\/wp-json\/wp\/v2\/comments?post=104014"}],"version-history":[{"count":6,"href":"https:\/\/insightcrime.org\/es\/wp-json\/wp\/v2\/posts\/104014\/revisions"}],"predecessor-version":[{"id":291288,"href":"https:\/\/insightcrime.org\/es\/wp-json\/wp\/v2\/posts\/104014\/revisions\/291288"}],"wp:featuredmedia":[{"embeddable":true,"href":"https:\/\/insightcrime.org\/es\/wp-json\/wp\/v2\/media\/103997"}],"wp:attachment":[{"href":"https:\/\/insightcrime.org\/es\/wp-json\/wp\/v2\/media?parent=104014"}],"wp:term":[{"taxonomy":"category","embeddable":true,"href":"https:\/\/insightcrime.org\/es\/wp-json\/wp\/v2\/categories?post=104014"},{"taxonomy":"post_tag","embeddable":true,"href":"https:\/\/insightcrime.org\/es\/wp-json\/wp\/v2\/tags?post=104014"},{"taxonomy":"newspack_spnsrs_tax","embeddable":true,"href":"https:\/\/insightcrime.org\/es\/wp-json\/wp\/v2\/newspack_spnsrs_tax?post=104014"},{"taxonomy":"author","embeddable":true,"href":"https:\/\/insightcrime.org\/es\/wp-json\/wp\/v2\/coauthors?post=104014"}],"curies":[{"name":"wp","href":"https:\/\/api.w.org\/{rel}","templated":true}]}}