{"id":105468,"date":"2019-08-21T11:20:36","date_gmt":"2019-08-21T16:20:36","guid":{"rendered":"https:\/\/insightcrime.org\/?p=105468"},"modified":"2023-04-24T16:37:47","modified_gmt":"2023-04-24T21:37:47","slug":"la-fortuna-nemesio-oseguera-cervantes-el-mencho","status":"publish","type":"post","link":"https:\/\/insightcrime.org\/es\/noticias\/la-fortuna-nemesio-oseguera-cervantes-el-mencho\/","title":{"rendered":"\u201cEl Mencho\u201d, l\u00edder millonario del C\u00e1rtel Jalisco Nueva Generaci\u00f3n"},"content":{"rendered":"\n<p class=\"wp-block-paragraph\">\u00bfSe sabe a cu\u00e1nto asciende la fortuna de&nbsp;Nemesio Oseguera Cervantes, \u201cEl Mencho\u201d, l\u00edder del&nbsp;C\u00e1rtel Jalisco Nueva Generaci\u00f3n? La Administraci\u00f3n para el Control de Drogas en Estados Unidos inform\u00f3 que podr\u00eda ser de hasta mil millones de d\u00f3lares.<\/p>\n\n\n\n<p class=\"wp-block-paragraph\">A&nbsp;\u201cEl Mencho\u201d, uno de los principales objetivos de las autoridades tanto de M\u00e9xico como de Estados Unidos, en los \u00faltimos a\u00f1os le han sido incautados diversos bienes.<\/p>\n\n\n\n<p class=\"wp-block-paragraph\">De acuerdo con un <a href=\"https:\/\/www.univision.com\/noticias\/narcotrafico\/revelan-que-tan-grande-es-la-fortuna-de-el-mencho-considerado-uno-de-los-capos-mas-ricos-por-la-dea\" target=\"_blank\" rel=\"noopener\">reportaje de&nbsp;Univisi\u00f3n<\/a>, \u201cEl Mencho\u201d ha perdido \u201clujosas caba\u00f1as construidas sobre una laguna del Pac\u00edfico mexicano, m\u00e1s de 100 restaurantes de comida japonesa, plazas comerciales, peri\u00f3dicos, inmobiliarias, una marca de tequila que trataba de exportarse a Europa, barras de oro con las cuales lavaron dinero y hasta un rancho donde hab\u00eda animales ex\u00f3ticos, incluyendo un tigre de bengala y aves en peligro de extinci\u00f3n\u201d.<\/p>\n\n\n\n<p class=\"wp-block-paragraph\"><b><i>*Este art\u00edculo fue editado para mayor claridad y publicado con el permiso de&nbsp;<\/i><\/b><a href=\"https:\/\/www.sinembargo.mx\/\" target=\"_blank\" rel=\"noopener\"><b><i>Sin Embargo<\/i><\/b><\/a><b><i>. No representa necesariamente las opiniones de InSight Crime. Vea el original&nbsp;<\/i><\/b><a href=\"https:\/\/www.sinembargo.mx\/05-08-2019\/3624184\" target=\"_blank\" rel=\"noopener\"><b><i>aqu\u00ed<\/i><\/b><\/a><b><i>.<\/i><\/b><\/p>\n\n\n\n<p class=\"wp-block-paragraph\">Los bienes incautados al narcotraficante son una fracci\u00f3n de su fortuna, se\u00f1ala el reportaje&nbsp;publicado con el nombre \u201cRevelan qu\u00e9 tan grande es la fortuna de \u2018El Mencho\u2019, uno de los capos m\u00e1s ricos seg\u00fan la DEA\u201d.<\/p>\n\n\n\n<p class=\"wp-block-paragraph\">Hasta ahora, no se sab\u00eda el monto de la riqueza de \u201cEl Mencho\u201d, y aunque la estimaci\u00f3n dada a conocer por la&nbsp;Administraci\u00f3n para el Control de Drogas (DEA) es eso, una estimaci\u00f3n, el c\u00e1lculo da una idea de la magnitud del negocio de tr\u00e1fico de drogas.<\/p>\n\n\n\n<p class=\"wp-block-paragraph\">\u201cDir\u00eda que tiene al menos 500 millones de d\u00f3lares y hasta podr\u00eda superar los 1,000 millones de d\u00f3lares\u201d, dijo Kyle Mori a&nbsp;Noticias Univisi\u00f3n. Mori es el agente que encabeza el equipo de la DEA para dar con \u201cEl Mencho\u201d.<\/p>\n\n\n\n<p class=\"wp-block-paragraph\">Hace unos d\u00edas, este diario inform\u00f3 que \u201cEl Mencho\u201d podr\u00eda estar escondi\u00e9ndose en las serran\u00edas de tres estados mexicanos controlados por su organizaci\u00f3n delictiva.<\/p>\n\n\n\n<p class=\"wp-block-paragraph\">\u201cSe esconde en zonas monta\u00f1osas en Jalisco, Michoac\u00e1n y Colima. Creemos que \u00e9l ya no est\u00e1 en las ciudades\u201d, advirti\u00f3 el hombre que coordina al equipo que busca sin descanso a \u201cEl Se\u00f1or de los Gallos\u201d, de acuerdo con Mori.<\/p>\n\n\n\n<p class=\"wp-block-paragraph\">Sin embargo, aunque la fortuna del narco mexicano podr\u00eda llegar a los mil millones se\u00f1alados por la DEA, Nemesio Oseguera no es un capo que derrocha. \u201cEs muy dif\u00edcil manejar un Lamborghini o un Ferrari cuando vives en las monta\u00f1as siendo perseguido\u201d, dice el agente Mori.<\/p>\n\n\n\n<p class=\"wp-block-paragraph\">\u201cHay miembros de Los Cuinis que han viajado a Ibiza, rentado enormes yates, con muchas mujeres y todo tipo de alcohol; que han comprado joyas costosas, caballos de carrera, lo que sea\u201d, indic\u00f3.<\/p>\n\n\n\n<p class=\"wp-block-paragraph\">Kyle Mori dijo a Univisi\u00f3n que \u201cEl Mencho\u201d ha cometido pocos errores y que gracias a eso y a su experiencia en las calles es que se ha complicado liderar la investigaci\u00f3n sobre su b\u00fasqueda.<\/p>\n\n\n\n<p class=\"wp-block-paragraph\">\u201cEs un hombre inteligente, es muy bueno en lo que hace: est\u00e1 evitando que lo atrapen, est\u00e1 ganando varios millones de d\u00f3lares. Es como un juego del gato y el rat\u00f3n: \u00e9l hace unos movimientos y nosotros tenemos que hacer los nuestros para capturarlo\u201d, declar\u00f3.<\/p>\n\n\n\n<p class=\"wp-block-paragraph\">Sin embargo, el equipo que sigue sus pasos detect\u00f3 que el presunto criminal cuenta con un punto de inflexi\u00f3n: no asume riesgos innecesarios andando en las ciudades.<\/p>\n\n\n\n<p class=\"wp-block-paragraph\">\u201cHas escuchado historias de \u2018El Chapo\u2019 entrando en un restaurante, que les quitan los celulares a los comensales, paga las cuentas de todos y desaparece en Culiac\u00e1n. \u2018El Mencho\u2019 no har\u00e1 eso. No le importa vivir en las monta\u00f1as como un ranchero. Eso complica su captura. \u00bfD\u00f3nde fue capturado \u2018El Chapo\u2019? Siempre en las ciudades. \u2018El Mencho\u2019 no har\u00e1 eso\u201d, sentenci\u00f3.<\/p>\n\n\n\n<p class=\"wp-block-paragraph\">Asimismo, el funcionario estadounidense destac\u00f3 que otro factor en favor del narcotraficante es que no consume drogas, por lo que goza de buena salud y su condici\u00f3n f\u00edsica es envidiable, pues lleva una disciplina militar.<\/p>\n\n\n\n<p class=\"wp-block-paragraph\">\u201cRealizan muchos actos violentos: decapitaciones, deshacen cuerpos en \u00e1cido, ejecuciones p\u00fablicas, arrancarle el coraz\u00f3n a la gente, matar mujeres y ni\u00f1os, poner bombas a las personas. Pasa casi todos los d\u00edas\u201d, precis\u00f3. \u201c\u2018El Chapo\u2019 era violento, pero \u2018El Mencho\u2019 lo ha llevado a un nuevo nivel\u201d, sostuvo en entrevista.<\/p>\n\n\n\n<p class=\"wp-block-paragraph\">En el texto publicado en la p\u00e1gina web de Univisi\u00f3n, se lee que, seg\u00fan el agente de 37 a\u00f1os de edad, la DEA teme que el CJNG sea actualmente la organizaci\u00f3n criminal m\u00e1s grande de M\u00e9xico, debido a que emparej\u00f3 el n\u00famero de distribuci\u00f3n de narc\u00f3ticos del C\u00e1rtel de Sinaloa en territorio estadounidense.<\/p>\n\n\n\n<p class=\"wp-block-paragraph\">\u201cEn mi opini\u00f3n, el CJNG est\u00e1 moviendo m\u00e1s drogas hacia Estados Unidos, es responsable de m\u00e1s actos violentos en M\u00e9xico y est\u00e1 moviendo un volumen m\u00e1s grande de dinero que el cartel de Sinaloa\u201d, finaliz\u00f3.<\/p>\n\n\n\n<p class=\"wp-block-paragraph\"><b><i>*Este art\u00edculo fue editado para mayor claridad y publicado con el permiso de&nbsp;<\/i><\/b><a href=\"https:\/\/www.sinembargo.mx\/\" target=\"_blank\" rel=\"noopener\"><b><i>Sin Embargo<\/i><\/b><\/a><b><i>. No representa necesariamente las opiniones de InSight Crime. Vea el original&nbsp;<\/i><\/b><a href=\"https:\/\/www.sinembargo.mx\/05-08-2019\/3624184\" target=\"_blank\" rel=\"noopener\"><b><i>aqu\u00ed<\/i><\/b><\/a><b><i>.<\/i><\/b><\/p>\n","protected":false},"excerpt":{"rendered":"<p>\u00bfSe sabe a cu\u00e1nto asciende la fortuna de\u00a0Nemesio Oseguera Cervantes, \u201cEl Mencho\u201d, l\u00edder del\u00a0C\u00e1rtel Jalisco Nueva Generaci\u00f3n? La Administraci\u00f3n para el Control de Drogas en Estados Unidos inform\u00f3 que podr\u00eda ser de hasta mil millones de d\u00f3lares.<\/p>\n","protected":false},"author":179,"featured_media":105395,"comment_status":"closed","ping_status":"closed","sticky":false,"template":"","format":"standard","meta":{"newspack_ads_suppress_ads":false,"newspack_popups_has_disabled_popups":false,"newspack_sponsor_sponsorship_scope":"","newspack_sponsor_native_byline_display":"inherit","newspack_sponsor_native_category_display":"inherit","newspack_sponsor_underwriter_style":"inherit","newspack_sponsor_underwriter_placement":"inherit","_EventAllDay":false,"_EventTimezone":"","_EventStartDate":"","_EventEndDate":"","_EventStartDateUTC":"","_EventEndDateUTC":"","_EventShowMap":false,"_EventShowMapLink":false,"_EventURL":"","_EventCost":"","_EventCostDescription":"","_EventCurrencySymbol":"","_EventCurrencyCode":"","_EventCurrencyPosition":"","_EventDateTimeSeparator":"","_EventTimeRangeSeparator":"","_EventOrganizerID":[],"_EventVenueID":[],"_OrganizerEmail":"","_OrganizerPhone":"","_OrganizerWebsite":"","_VenueAddress":"","_VenueCity":"","_VenueCountry":"","_VenueProvince":"","_VenueState":"","_VenueZip":"","_VenuePhone":"","_VenueURL":"","_VenueStateProvince":"","_VenueLat":"","_VenueLng":"","_VenueShowMap":false,"_VenueShowMapLink":false,"_newspack_byline_active":false,"_newspack_byline":"","newspack_hide_updated_date":false,"newspack_show_updated_date":false,"newspack_featured_image_position":"","newspack_post_subtitle":"","newspack_article_summary_title":"Overview:","newspack_article_summary":"","_jetpack_memberships_contains_paid_content":false,"footnotes":""},"categories":[759],"tags":[483,3427,406],"newspack_spnsrs_tax":[],"coauthors":[4203],"class_list":["post-105468","post","type-post","status-publish","format-standard","has-post-thumbnail","hentry","category-noticias","tag-cartel-de-jalisco","tag-el-mencho-es","tag-mexico-pais","entry"],"parsely":{"version":"1.1.0","canonical_url":"https:\/\/insightcrime.org\/es\/noticias\/la-fortuna-nemesio-oseguera-cervantes-el-mencho\/","smart_links":{"inbound":0,"outbound":0},"traffic_boost_suggestions_count":0,"meta":{"@context":"https:\/\/schema.org","@type":"NewsArticle","headline":"\u201cEl Mencho\u201d, l\u00edder millonario del C\u00e1rtel Jalisco Nueva Generaci\u00f3n","url":"http:\/\/insightcrime.org\/es\/noticias\/la-fortuna-nemesio-oseguera-cervantes-el-mencho\/","mainEntityOfPage":{"@type":"WebPage","@id":"http:\/\/insightcrime.org\/es\/noticias\/la-fortuna-nemesio-oseguera-cervantes-el-mencho\/"},"thumbnailUrl":"https:\/\/i0.wp.com\/insightcrime.org\/wp-content\/uploads\/2019\/08\/19-08-15-Mexico-ElMencho-CJNG.jpg?resize=150%2C150&quality=100&ssl=1","image":{"@type":"ImageObject","url":"https:\/\/i0.wp.com\/insightcrime.org\/wp-content\/uploads\/2019\/08\/19-08-15-Mexico-ElMencho-CJNG.jpg?fit=350%2C250&quality=100&ssl=1"},"articleSection":"Noticias","author":[{"@type":"Person","name":"Redacci\u00f3n Sin Embargo"}],"creator":["Redacci\u00f3n Sin Embargo"],"publisher":{"@type":"Organization","name":"InSight Crime","logo":"https:\/\/insightcrime.org\/wp-content\/uploads\/2023\/08\/logo.png"},"keywords":["cartel de jalisco","el mencho","m\u00e9xico"],"dateCreated":"2019-08-21T16:20:36Z","datePublished":"2019-08-21T16:20:36Z","dateModified":"2023-04-24T21:37:47Z"},"rendered":"<meta name=\"parsely-title\" content=\"\u201cEl Mencho\u201d, l\u00edder millonario del C\u00e1rtel Jalisco Nueva Generaci\u00f3n\" \/>\n<meta name=\"parsely-link\" content=\"http:\/\/insightcrime.org\/es\/noticias\/la-fortuna-nemesio-oseguera-cervantes-el-mencho\/\" \/>\n<meta name=\"parsely-type\" content=\"post\" \/>\n<meta name=\"parsely-image-url\" content=\"https:\/\/i0.wp.com\/insightcrime.org\/wp-content\/uploads\/2019\/08\/19-08-15-Mexico-ElMencho-CJNG.jpg?resize=150%2C150&amp;quality=100&amp;ssl=1\" \/>\n<meta name=\"parsely-pub-date\" content=\"2019-08-21T16:20:36Z\" \/>\n<meta name=\"parsely-section\" content=\"Noticias\" \/>\n<meta name=\"parsely-tags\" content=\"cartel de jalisco,el mencho,m\u00e9xico\" \/>\n<meta name=\"parsely-author\" content=\"Redacci\u00f3n Sin Embargo\" \/>","tracker_url":"https:\/\/cdn.parsely.com\/keys\/insightcrime.org\/p.js"},"jetpack_sharing_enabled":true,"jetpack-related-posts":[{"id":75057,"url":"https:\/\/insightcrime.org\/es\/noticias-crimen-organizado-mexico\/nemesio-oseguera-cervantes-alias-mencho\/","url_meta":{"origin":105468,"position":0},"title":"Nemesio Oseguera Cervantes, alias \u2018El Mencho\u2019","author":"InSight Crime","date":"23 de febrero de 2026","format":false,"excerpt":"Nemesio Oseguera Cervantes, alias \u201cEl Mencho\u201d, fue el fundador y l\u00edder del Cartel de Jalisco Nueva Generaci\u00f3n (CJNG). Muri\u00f3 el 22 de febrero de 2026 tras una operaci\u00f3n militar en M\u00e9xico.","rel":"","context":"En \u00abM\u00e9xico\u00bb","block_context":{"text":"M\u00e9xico","link":"https:\/\/insightcrime.org\/es\/category\/noticias-crimen-organizado-mexico\/"},"img":{"alt_text":"","src":"https:\/\/i0.wp.com\/insightcrime.org\/wp-content\/uploads\/2026\/05\/Perfil-criminal-El-Mencho.jpeg?fit=1200%2C900&quality=100&ssl=1&resize=350%2C200","width":350,"height":200,"srcset":"https:\/\/i0.wp.com\/insightcrime.org\/wp-content\/uploads\/2026\/05\/Perfil-criminal-El-Mencho.jpeg?fit=1200%2C900&quality=100&ssl=1&resize=350%2C200 1x, https:\/\/i0.wp.com\/insightcrime.org\/wp-content\/uploads\/2026\/05\/Perfil-criminal-El-Mencho.jpeg?fit=1200%2C900&quality=100&ssl=1&resize=525%2C300 1.5x, https:\/\/i0.wp.com\/insightcrime.org\/wp-content\/uploads\/2026\/05\/Perfil-criminal-El-Mencho.jpeg?fit=1200%2C900&quality=100&ssl=1&resize=700%2C400 2x, https:\/\/i0.wp.com\/insightcrime.org\/wp-content\/uploads\/2026\/05\/Perfil-criminal-El-Mencho.jpeg?fit=1200%2C900&quality=100&ssl=1&resize=1050%2C600 3x"},"classes":[]},{"id":7754,"url":"https:\/\/insightcrime.org\/es\/noticias-crimen-organizado-mexico\/cartel-jalisco-nueva-generacion-cjng\/","url_meta":{"origin":105468,"position":1},"title":"Cartel de Jalisco Nueva Generaci\u00f3n (CJNG)","author":"InSight Crime","date":"6 de agosto de 2026","format":false,"excerpt":"El Cartel Jalisco Nueva Generaci\u00f3n (CJNG) es un grupo criminal transnacional que surgi\u00f3 del Cartel del Milenio tras una serie de asesinatos, detenciones y fracturas internas. Es conocido por su uso agresivo de la violencia y sus campa\u00f1as de relaciones p\u00fablicas. A pesar de la captura de algunos de sus\u2026","rel":"","context":"En \u00abM\u00e9xico\u00bb","block_context":{"text":"M\u00e9xico","link":"https:\/\/insightcrime.org\/es\/category\/noticias-crimen-organizado-mexico\/"},"img":{"alt_text":"","src":"https:\/\/i0.wp.com\/insightcrime.org\/wp-content\/uploads\/2026\/06\/Grupo-Criminal-CJNG.jpg?fit=1200%2C900&quality=100&ssl=1&resize=350%2C200","width":350,"height":200,"srcset":"https:\/\/i0.wp.com\/insightcrime.org\/wp-content\/uploads\/2026\/06\/Grupo-Criminal-CJNG.jpg?fit=1200%2C900&quality=100&ssl=1&resize=350%2C200 1x, https:\/\/i0.wp.com\/insightcrime.org\/wp-content\/uploads\/2026\/06\/Grupo-Criminal-CJNG.jpg?fit=1200%2C900&quality=100&ssl=1&resize=525%2C300 1.5x, https:\/\/i0.wp.com\/insightcrime.org\/wp-content\/uploads\/2026\/06\/Grupo-Criminal-CJNG.jpg?fit=1200%2C900&quality=100&ssl=1&resize=700%2C400 2x, https:\/\/i0.wp.com\/insightcrime.org\/wp-content\/uploads\/2026\/06\/Grupo-Criminal-CJNG.jpg?fit=1200%2C900&quality=100&ssl=1&resize=1050%2C600 3x"},"classes":[]},{"id":335224,"url":"https:\/\/insightcrime.org\/es\/noticias\/on-the-radar-captura-de-el-mencho-cambio-profundo-o-lo-mismo-siempre\/","url_meta":{"origin":105468,"position":2},"title":"On the Radar: La captura de El Mencho: \u00bfUn cambio profundo o lo mismo de siempre?","author":"InSight Crime","date":"26 de febrero de 2026","format":false,"excerpt":"La muerte de Nemesio Oseguera Cervantes, alias \u201cEl Mencho\u201d, l\u00edder del Cartel de Jalisco Nueva Generaci\u00f3n, sacudi\u00f3 el panorama criminal de M\u00e9xico. En On the Radar, analizamos el impacto de su ca\u00edda y los distintos escenarios que enfrenta el Cartel de Jalisco Nueva Generaci\u00f3n.","rel":"","context":"En \u00abNoticias\u00bb","block_context":{"text":"Noticias","link":"https:\/\/insightcrime.org\/es\/category\/noticias\/"},"img":{"alt_text":"","src":"https:\/\/i0.wp.com\/insightcrime.org\/wp-content\/uploads\/2026\/03\/Febrero-OTR-template-featured-image-website-2026.jpg?fit=1200%2C675&quality=100&ssl=1&resize=350%2C200","width":350,"height":200,"srcset":"https:\/\/i0.wp.com\/insightcrime.org\/wp-content\/uploads\/2026\/03\/Febrero-OTR-template-featured-image-website-2026.jpg?fit=1200%2C675&quality=100&ssl=1&resize=350%2C200 1x, https:\/\/i0.wp.com\/insightcrime.org\/wp-content\/uploads\/2026\/03\/Febrero-OTR-template-featured-image-website-2026.jpg?fit=1200%2C675&quality=100&ssl=1&resize=525%2C300 1.5x, https:\/\/i0.wp.com\/insightcrime.org\/wp-content\/uploads\/2026\/03\/Febrero-OTR-template-featured-image-website-2026.jpg?fit=1200%2C675&quality=100&ssl=1&resize=700%2C400 2x, https:\/\/i0.wp.com\/insightcrime.org\/wp-content\/uploads\/2026\/03\/Febrero-OTR-template-featured-image-website-2026.jpg?fit=1200%2C675&quality=100&ssl=1&resize=1050%2C600 3x"},"classes":[]},{"id":334646,"url":"https:\/\/insightcrime.org\/es\/noticias\/5-enclaves-criminales-cjng-muerte-el-mencho\/","url_meta":{"origin":105468,"position":3},"title":"Los 5 enclaves cr\u00edticos del CJNG tras la muerte de \u2018El Mencho\u2019 en M\u00e9xico","author":"Liza Schmidt","date":"24 de febrero de 2026","format":false,"excerpt":"InSight Crime detalla los 5 enclaves cr\u00edticos del Cartel de Jalisco Nueva Generaci\u00f3n (CJNG) en M\u00e9xico tras la muerte de El Mencho y su impacto en el control territorial.","rel":"","context":"En \u00abNoticias\u00bb","block_context":{"text":"Noticias","link":"https:\/\/insightcrime.org\/es\/category\/noticias\/"},"img":{"alt_text":"Collage soldiers in a highway via Guadalajara Mexico after the killing of El Mencho - map with hotspots CJNG","src":"https:\/\/i0.wp.com\/insightcrime.org\/wp-content\/uploads\/2026\/02\/Flagship-CJNG-Map-disputas-five-sports-mencho-mexico-cartel-jalisco.jpg?fit=1200%2C675&quality=100&ssl=1&resize=350%2C200","width":350,"height":200,"srcset":"https:\/\/i0.wp.com\/insightcrime.org\/wp-content\/uploads\/2026\/02\/Flagship-CJNG-Map-disputas-five-sports-mencho-mexico-cartel-jalisco.jpg?fit=1200%2C675&quality=100&ssl=1&resize=350%2C200 1x, https:\/\/i0.wp.com\/insightcrime.org\/wp-content\/uploads\/2026\/02\/Flagship-CJNG-Map-disputas-five-sports-mencho-mexico-cartel-jalisco.jpg?fit=1200%2C675&quality=100&ssl=1&resize=525%2C300 1.5x, https:\/\/i0.wp.com\/insightcrime.org\/wp-content\/uploads\/2026\/02\/Flagship-CJNG-Map-disputas-five-sports-mencho-mexico-cartel-jalisco.jpg?fit=1200%2C675&quality=100&ssl=1&resize=700%2C400 2x, https:\/\/i0.wp.com\/insightcrime.org\/wp-content\/uploads\/2026\/02\/Flagship-CJNG-Map-disputas-five-sports-mencho-mexico-cartel-jalisco.jpg?fit=1200%2C675&quality=100&ssl=1&resize=1050%2C600 3x"},"classes":[]},{"id":274549,"url":"https:\/\/insightcrime.org\/es\/news\/esta-funcionando-estrategia-antinarcoticos-mexico-enfocada-familia\/","url_meta":{"origin":105468,"position":4},"title":"\u00bfEst\u00e1 funcionando la estrategia antinarc\u00f3ticos de M\u00e9xico enfocada en la familia?","author":"Deborah Bonello","date":"25 de abril de 2024","format":false,"excerpt":"Con la detenci\u00f3n del hermano de uno de los principales l\u00edderes de los carteles, las autoridades mexicanas vuelven a recurrir a una estrategia a menudo ineficaz, centrada en el debilitamiento de organizaciones narcotraficantes a trav\u00e9s del arresto de familiares.","rel":"","context":"En \u00abAudio\u00bb","block_context":{"text":"Audio","link":"https:\/\/insightcrime.org\/category\/audio\/"},"img":{"alt_text":"Emblema con un fondo verde estilo militar y con una calavera con boina en el centro, rodeado por un texto que dice \"F.E.M. CJNG Fuerzas Especiales Mencho\"","src":"https:\/\/i0.wp.com\/insightcrime.org\/wp-content\/uploads\/2023\/06\/FEM-CJNG-1-1.jpg?fit=350%2C250&quality=100&ssl=1&resize=350%2C200","width":350,"height":200},"classes":[]},{"id":232619,"url":"https:\/\/insightcrime.org\/es\/news\/raton-sinaloa-gallo-jalisco-insignias-criminales-mexico\/","url_meta":{"origin":105468,"position":5},"title":"El rat\u00f3n de Sinaloa y el gallo de Jalisco: las insignias criminales de M\u00e9xico","author":"Yago Rosado","date":"23 de junio de 2023","format":false,"excerpt":"El descubrimiento de un nuevo parche, que identifica a una unidad especializada en el uso de drones por parte del CJNG, pone de relieve la importancia y el uso simb\u00f3lico de estos emblemas.\u00a0","rel":"","context":"En \u00abNews\u00bb","block_context":{"text":"News","link":"https:\/\/insightcrime.org\/category\/news\/"},"img":{"alt_text":"Parche verde con una calavera para las Fuerzas Especiales Mencho del CJNG.","src":"https:\/\/i0.wp.com\/insightcrime.org\/wp-content\/uploads\/2023\/09\/Flagship-Parches-militares-Fuerzas-Especiales-Mencho-InSight-Crime-Jun-2023-1-1.jpg?fit=1200%2C411&quality=100&ssl=1&resize=350%2C200","width":350,"height":200,"srcset":"https:\/\/i0.wp.com\/insightcrime.org\/wp-content\/uploads\/2023\/09\/Flagship-Parches-militares-Fuerzas-Especiales-Mencho-InSight-Crime-Jun-2023-1-1.jpg?fit=1200%2C411&quality=100&ssl=1&resize=350%2C200 1x, https:\/\/i0.wp.com\/insightcrime.org\/wp-content\/uploads\/2023\/09\/Flagship-Parches-militares-Fuerzas-Especiales-Mencho-InSight-Crime-Jun-2023-1-1.jpg?fit=1200%2C411&quality=100&ssl=1&resize=525%2C300 1.5x, https:\/\/i0.wp.com\/insightcrime.org\/wp-content\/uploads\/2023\/09\/Flagship-Parches-militares-Fuerzas-Especiales-Mencho-InSight-Crime-Jun-2023-1-1.jpg?fit=1200%2C411&quality=100&ssl=1&resize=700%2C400 2x, https:\/\/i0.wp.com\/insightcrime.org\/wp-content\/uploads\/2023\/09\/Flagship-Parches-militares-Fuerzas-Especiales-Mencho-InSight-Crime-Jun-2023-1-1.jpg?fit=1200%2C411&quality=100&ssl=1&resize=1050%2C600 3x"},"classes":[]}],"jetpack_featured_media_url":"https:\/\/i0.wp.com\/insightcrime.org\/wp-content\/uploads\/2019\/08\/19-08-15-Mexico-ElMencho-CJNG.jpg?fit=350%2C250&quality=100&ssl=1","_links":{"self":[{"href":"https:\/\/insightcrime.org\/es\/wp-json\/wp\/v2\/posts\/105468","targetHints":{"allow":["GET"]}}],"collection":[{"href":"https:\/\/insightcrime.org\/es\/wp-json\/wp\/v2\/posts"}],"about":[{"href":"https:\/\/insightcrime.org\/es\/wp-json\/wp\/v2\/types\/post"}],"author":[{"embeddable":true,"href":"https:\/\/insightcrime.org\/es\/wp-json\/wp\/v2\/users\/179"}],"replies":[{"embeddable":true,"href":"https:\/\/insightcrime.org\/es\/wp-json\/wp\/v2\/comments?post=105468"}],"version-history":[{"count":5,"href":"https:\/\/insightcrime.org\/es\/wp-json\/wp\/v2\/posts\/105468\/revisions"}],"predecessor-version":[{"id":105668,"href":"https:\/\/insightcrime.org\/es\/wp-json\/wp\/v2\/posts\/105468\/revisions\/105668"}],"wp:featuredmedia":[{"embeddable":true,"href":"https:\/\/insightcrime.org\/es\/wp-json\/wp\/v2\/media\/105395"}],"wp:attachment":[{"href":"https:\/\/insightcrime.org\/es\/wp-json\/wp\/v2\/media?parent=105468"}],"wp:term":[{"taxonomy":"category","embeddable":true,"href":"https:\/\/insightcrime.org\/es\/wp-json\/wp\/v2\/categories?post=105468"},{"taxonomy":"post_tag","embeddable":true,"href":"https:\/\/insightcrime.org\/es\/wp-json\/wp\/v2\/tags?post=105468"},{"taxonomy":"newspack_spnsrs_tax","embeddable":true,"href":"https:\/\/insightcrime.org\/es\/wp-json\/wp\/v2\/newspack_spnsrs_tax?post=105468"},{"taxonomy":"author","embeddable":true,"href":"https:\/\/insightcrime.org\/es\/wp-json\/wp\/v2\/coauthors?post=105468"}],"curies":[{"name":"wp","href":"https:\/\/api.w.org\/{rel}","templated":true}]}}