{"id":106363,"date":"2019-09-09T06:41:02","date_gmt":"2019-09-09T11:41:02","guid":{"rendered":"https:\/\/insightcrime.org\/?p=106363"},"modified":"2024-09-02T14:13:48","modified_gmt":"2024-09-02T19:13:48","slug":"ofensiva-migratoria-incita-a-la-delincuencia-entre-compatriotas-cubanos-en-sur-de-mexico","status":"publish","type":"post","link":"https:\/\/insightcrime.org\/es\/noticias\/ofensiva-migratoria-incita-a-la-delincuencia-entre-compatriotas-cubanos-en-sur-de-mexico\/","title":{"rendered":"Ofensiva migratoria incita a la delincuencia entre compatriotas cubanos en sur de M\u00e9xico"},"content":{"rendered":"\n<p class=\"wp-block-paragraph\">Los cubanos ahora encabezan la lista de criminales extranjeros en el estado de Quintana Roo, al sur de M\u00e9xico. Esa transformaci\u00f3n del panorama migratorio en la regi\u00f3n revela graves impactos en el crimen organizado en el pa\u00eds.<\/p>\n\n\n\n<p class=\"wp-block-paragraph\">El secretario de seguridad de Quintana Roo, Alberto Capello Ibarra, <a href=\"https:\/\/bajopalabra.com.mx\/capella-culpa-a-cubanos-de-delincuencia-en-quintana-roo\" target=\"_blank\" rel=\"noopener\">hizo \u00e9nfasis&nbsp;<\/a>en que si bien la mayor parte de la actividad criminal del estado se encontraba en manos de grandes carteles mexicanos, la participaci\u00f3n de grupos extranjeros en tr\u00e1fico de personas, lavado de dinero y narcomenudeo aumenta d\u00eda a d\u00eda.<\/p>\n\n\n\n<p class=\"wp-block-paragraph\">Los centros tur\u00edsticos de Canc\u00fan y Playa del Carmen albergan a cerca de 10 grupos criminales extranjeros, en especial cubanos, pero tambi\u00e9n hay presencia de rumanos e israel\u00edes, <a href=\"https:\/\/reporte24qr.com\/2019\/08\/29\/de-origen-cubano-rumano-e-israelie-los-principales-grupos-delincuenciales-internacionales-que-operan-en-quintana-roo-alberto-capella\/\" target=\"_blank\" rel=\"noopener\">afirm\u00f3 Capello Ibarra<\/a> en un congreso de seguridad.<\/p>\n\n\n\n<p class=\"wp-block-paragraph\"><span style=\"color: #800000;\"><strong>VEA TAMBI\u00c9N:<\/strong> <\/span><a href=\"https:\/\/es.insightcrime.org\/noticias\/analisis\/las-politicas-fronterizas-de-trump-fortalecen-el-crimen-organizado\/\" target=\"_blank\" rel=\"noopener\">Las pol\u00edticas fronterizas de Trump fortalecen el crimen organizado<\/a><\/p>\n\n\n\n<p class=\"wp-block-paragraph\">\u201cLos grupos criminales conformados por cubanos apuntan muchas veces a sus propios compatriotas como blanco de estafas, secuestros y robos\u201d, seg\u00fan sus palabras&nbsp;<a href=\"https:\/\/noticias.cubitanow.com\/casos-de-cubanos-secuestrando-a-otros-cubanos-aumentan-en-mexico-alertan\/\" target=\"_blank\" rel=\"noopener\">citadas por Cubita Now<\/a>. \u201cLos casos de cubanos secuestrando a otros cubanos para pedir rescate a sus familias en Estados Unidos son cada vez m\u00e1s comunes\u201d.<\/p>\n\n\n\n<p class=\"wp-block-paragraph\">Este fen\u00f3meno no se limita a Quintana Roo. En varios estados mexicanos&nbsp;<a href=\"https:\/\/www.cibercuba.com\/noticias\/2019-08-31-u1-e129488-s27061-aumenta-cifra-cubanos-listado-delincuentes-extranjeros\" target=\"_blank\" rel=\"noopener\">se ha observado una oleada<\/a> de delitos cometidos por cubanos contra sus mismos compatriotas en los \u00faltimos meses.<\/p>\n\n\n\n<p class=\"wp-block-paragraph\">En agosto de 2018, <a href=\"https:\/\/enfoquenoticias.com.mx\/noticias\/rescatan-39-migrantes-cubanos-en-canc-n-quintana-roo-hay-cinco-detenidos-pgr\" target=\"_blank\" rel=\"noopener\">39 migrantes cubanos<\/a> fueron rescatados de una casa en Canc\u00fan, donde eran mantenidos en cautiverio por un grupo de cuatro cubanos y un mexicano. En un caso similar en enero de 2019 se&nbsp;<a href=\"https:\/\/www.cibercuba.com\/noticias\/2019-01-18-u1-e129488-s27061-arrestan-banda-secuestradores-cubanos-yucatan-mexico\" target=\"_blank\" rel=\"noopener\">liber\u00f3 a otros ocho cubanos<\/a> de una banda de secuestradores cubanos en M\u00e9rida, Yucat\u00e1n, al norte de Quintana Roo.<\/p>\n\n\n\n<h3 class=\"wp-block-heading\">An\u00e1lisis de InSight Crime<\/h3>\n\n\n\n<p class=\"wp-block-paragraph\">La proliferaci\u00f3n de cubanos, en calidad de v\u00edctimas y perpetradores del crimen organizado en Quintana Roo, es un reflejo directo del desamparo y la creciente vulnerabilidad a la que est\u00e1n sometidos los migrantes por parte de grupos criminales.<\/p>\n\n\n\n<p class=\"wp-block-paragraph\">La migraci\u00f3n cubana que tiene a M\u00e9xico como ruta de paso se ha&nbsp;<a href=\"https:\/\/www.bbc.com\/mundo\/noticias-america-latina-48999126\" target=\"_blank\" rel=\"noopener\">disparado en los \u00faltimos a\u00f1os<\/a>, despu\u00e9s de que el expresidente Obama revocara la pol\u00edtica conocida como \u201c<a href=\"https:\/\/obamawhitehouse.archives.gov\/the-press-office\/2017\/01\/12\/statement-president-cuban-immigration-policy\" target=\"_blank\" rel=\"noopener\">Pies mojados, pies secos<\/a>\u201d en 2017. Esa pol\u00edtica contemplaba asilo pol\u00edtico garantizado en Estados Unidos para los cubanos. Ahora, recurren a rutas clandestinas por tierra.<\/p>\n\n\n\n<p class=\"wp-block-paragraph\">Aunque la mayor parte de las investigaciones sobre el impacto del crimen en los migrantes en M\u00e9xico se han&nbsp;<a href=\"https:\/\/es.insightcrime.org\/noticias\/noticias-del-dia\/crimen-organizado-explota-migrantes-mexico\/\" target=\"_blank\" rel=\"noopener\">dirigido a los centroamericanos<\/a>, informes recientes indican que los&nbsp;<a href=\"https:\/\/www.bbc.com\/mundo\/noticias-america-latina-48999126\" target=\"_blank\" rel=\"noopener\">migrantes cubanos son blancos codiciados<\/a> para los carteles, por la mayor probabilidad de que tengan parientes en Estados Unidos prestos a pagar por su protecci\u00f3n.<\/p>\n\n\n\n<p class=\"wp-block-paragraph\">Para sus compatriotas inescrupulosos o desesperados, esta puede ser una v\u00eda f\u00e1cil al crimen. <a href=\"https:\/\/noticias.cubitanow.com\/casos-de-cubanos-secuestrando-a-otros-cubanos-aumentan-en-mexico-alertan\/\" target=\"_blank\" rel=\"noopener\">Capello Ibarra hizo \u00e9nfasis<\/a>&nbsp;en que es una modalidad com\u00fan de la delincuencia en Quintana Roo que los cubanos entreguen informaci\u00f3n a secuestradores mexicanos sobre sus compatriotas a cambio de una parte del rescate.<\/p>\n\n\n\n<p class=\"wp-block-paragraph\">Es casi seguro que el n\u00famero de migrantes cubanos que caen v\u00edctimas del crimen en M\u00e9xico crecer\u00e1 exponencialmente. En julio de 2019, el Instituto Nacional de Migraci\u00f3n (INM) de M\u00e9xico registr\u00f3 un asombroso incremento de ingresos de ciudadanos cubanos,&nbsp;<a href=\"https:\/\/aristeguinoticias.com\/0507\/mexico\/se-dispara-la-llegada-de-cubanos-a-mexico-inm-recibe-30-veces-mas-que-en-2018\/\" target=\"_blank\" rel=\"noopener\">treinta veces mayor&nbsp;<\/a>que el a\u00f1o anterior. La proximidad de Cuba a la costa de Quintana Roo hace del estado un punto de ingreso importante.<\/p>\n\n\n\n<p class=\"wp-block-paragraph\"><strong><span style=\"color: #800000;\">VEA TAMBI\u00c9N:<\/span><\/strong> <a href=\"https:\/\/es.insightcrime.org\/noticias\/analisis\/migrantes-permanecer-mexico-grupos-criminales\/\" target=\"_blank\" rel=\"noopener\">Pol\u00edtica \u2018Permanecer en M\u00e9xico\u2019 hace de migrantes presas de grupos criminales<\/a><\/p>\n\n\n\n<p class=\"wp-block-paragraph\">M\u00e1s a\u00fan, la pol\u00edtica de Trump \u201cPermanecer en M\u00e9xico\u201d ahora obliga a los migrantes a esperar en M\u00e9xico mientras se procesan sus solicitudes. Esto deja a muchos atrapados en el limbo de la migraci\u00f3n, en un pa\u00eds azotado por la violencia criminal, donde son vulnerables a la depredaci\u00f3n o la cooptaci\u00f3n por parte de los carteles.<\/p>\n","protected":false},"excerpt":{"rendered":"<p>Los cubanos ahora encabezan la lista de criminales extranjeros en el estado de Quintana Roo, al sur de M\u00e9xico. Esa transformaci\u00f3n del panorama migratorio en la regi\u00f3n revela graves impactos en el crimen organizado en el pa\u00eds.<\/p>\n","protected":false},"author":185,"featured_media":106335,"comment_status":"closed","ping_status":"closed","sticky":false,"template":"","format":"standard","meta":{"newspack_ads_suppress_ads":false,"newspack_popups_has_disabled_popups":false,"newspack_sponsor_sponsorship_scope":"","newspack_sponsor_native_byline_display":"inherit","newspack_sponsor_native_category_display":"inherit","newspack_sponsor_underwriter_style":"inherit","newspack_sponsor_underwriter_placement":"inherit","_EventAllDay":false,"_EventTimezone":"","_EventStartDate":"","_EventEndDate":"","_EventStartDateUTC":"","_EventEndDateUTC":"","_EventShowMap":false,"_EventShowMapLink":false,"_EventURL":"","_EventCost":"","_EventCostDescription":"","_EventCurrencySymbol":"","_EventCurrencyCode":"","_EventCurrencyPosition":"","_EventDateTimeSeparator":"","_EventTimeRangeSeparator":"","_EventOrganizerID":[],"_EventVenueID":[],"_OrganizerEmail":"","_OrganizerPhone":"","_OrganizerWebsite":"","_VenueAddress":"","_VenueCity":"","_VenueCountry":"","_VenueProvince":"","_VenueState":"","_VenueZip":"","_VenuePhone":"","_VenueURL":"","_VenueStateProvince":"","_VenueLat":"","_VenueLng":"","_VenueShowMap":false,"_VenueShowMapLink":false,"_newspack_byline_active":false,"_newspack_byline":"","newspack_hide_updated_date":false,"newspack_show_updated_date":false,"newspack_featured_image_position":"","newspack_post_subtitle":"","newspack_article_summary_title":"Overview:","newspack_article_summary":"","_jetpack_memberships_contains_paid_content":false,"footnotes":""},"categories":[759],"tags":[471,406,460],"newspack_spnsrs_tax":[],"coauthors":[4171],"class_list":["post-106363","post","type-post","status-publish","format-standard","has-post-thumbnail","hentry","category-noticias","tag-cuba-pais","tag-mexico-pais","tag-secuestro","entry"],"parsely":{"version":"1.1.0","canonical_url":"https:\/\/insightcrime.org\/es\/noticias\/ofensiva-migratoria-incita-a-la-delincuencia-entre-compatriotas-cubanos-en-sur-de-mexico\/","smart_links":{"inbound":0,"outbound":0},"traffic_boost_suggestions_count":0,"meta":{"@context":"https:\/\/schema.org","@type":"NewsArticle","headline":"Ofensiva migratoria incita a la delincuencia entre compatriotas cubanos en sur de M\u00e9xico","url":"http:\/\/insightcrime.org\/es\/noticias\/ofensiva-migratoria-incita-a-la-delincuencia-entre-compatriotas-cubanos-en-sur-de-mexico\/","mainEntityOfPage":{"@type":"WebPage","@id":"http:\/\/insightcrime.org\/es\/noticias\/ofensiva-migratoria-incita-a-la-delincuencia-entre-compatriotas-cubanos-en-sur-de-mexico\/"},"thumbnailUrl":"https:\/\/i0.wp.com\/insightcrime.org\/wp-content\/uploads\/2019\/09\/Mexico-KidnappedCubans-MexicoCuba-190905-EnfoqueNoticias.jpg?resize=150%2C150&quality=100&ssl=1","image":{"@type":"ImageObject","url":"https:\/\/i0.wp.com\/insightcrime.org\/wp-content\/uploads\/2019\/09\/Mexico-KidnappedCubans-MexicoCuba-190905-EnfoqueNoticias.jpg?fit=350%2C250&quality=100&ssl=1"},"articleSection":"Noticias","author":[{"@type":"Person","name":"Cat Rainsford"}],"creator":["Cat Rainsford"],"publisher":{"@type":"Organization","name":"InSight Crime","logo":"https:\/\/insightcrime.org\/wp-content\/uploads\/2023\/08\/logo.png"},"keywords":["cuba","m\u00e9xico","secuestro"],"dateCreated":"2019-09-09T11:41:02Z","datePublished":"2019-09-09T11:41:02Z","dateModified":"2024-09-02T19:13:48Z"},"rendered":"<meta name=\"parsely-title\" content=\"Ofensiva migratoria incita a la delincuencia entre compatriotas cubanos en sur de M\u00e9xico\" \/>\n<meta name=\"parsely-link\" content=\"http:\/\/insightcrime.org\/es\/noticias\/ofensiva-migratoria-incita-a-la-delincuencia-entre-compatriotas-cubanos-en-sur-de-mexico\/\" \/>\n<meta name=\"parsely-type\" content=\"post\" \/>\n<meta name=\"parsely-image-url\" content=\"https:\/\/i0.wp.com\/insightcrime.org\/wp-content\/uploads\/2019\/09\/Mexico-KidnappedCubans-MexicoCuba-190905-EnfoqueNoticias.jpg?resize=150%2C150&amp;quality=100&amp;ssl=1\" \/>\n<meta name=\"parsely-pub-date\" content=\"2019-09-09T11:41:02Z\" \/>\n<meta name=\"parsely-section\" content=\"Noticias\" \/>\n<meta name=\"parsely-tags\" content=\"cuba,m\u00e9xico,secuestro\" \/>\n<meta name=\"parsely-author\" content=\"Cat Rainsford\" \/>","tracker_url":"https:\/\/cdn.parsely.com\/keys\/insightcrime.org\/p.js"},"jetpack_sharing_enabled":true,"jetpack-related-posts":[{"id":181164,"url":"https:\/\/insightcrime.org\/es\/noticias\/extorsion-costo-operativo-fijo-restaurantes-quintana-roo-mexico\/","url_meta":{"origin":106363,"position":0},"title":"Extorsi\u00f3n: un costo operativo fijo para los restaurantes en Quintana Roo, M\u00e9xico","author":"Scott Mistler-Ferguson","date":"30 de marzo de 2022","format":false,"excerpt":"Para los operadores de restaurantes en el estado costero de Quintana Roo, en M\u00e9xico, las cuotas extorsivas diarias son algo inevitable. Carteles rivales presionan a la industria por considerarla una base de financiamiento de sus actividades.","rel":"","context":"En \u00abNoticias\u00bb","block_context":{"text":"Noticias","link":"https:\/\/insightcrime.org\/es\/category\/noticias\/"},"img":{"alt_text":"Playa del Carmen's attractive nightlife has made it a prime target for extortionists, a fate shared by the rest of Quintana Roo","src":"https:\/\/i0.wp.com\/insightcrime.org\/wp-content\/uploads\/2022\/03\/Zenzi-1-1-1.jpg?fit=350%2C250&quality=100&ssl=1&resize=350%2C200","width":350,"height":200},"classes":[]},{"id":146031,"url":"https:\/\/insightcrime.org\/es\/noticias-crimen-organizado-ecuador\/los-lagartos\/","url_meta":{"origin":106363,"position":1},"title":"Los Lagartos","author":"InSight Crime","date":"1 de junio de 2021","format":false,"excerpt":"Los Lagartos surgieron de una alianza informal entre sicarios y pandillas callejeras en las c\u00e1rceles de Guayaquil, la ciudad m\u00e1s grande de Ecuador, y llegaron a convertirse en uno de los grupos criminales m\u00e1s notorios del pa\u00eds.","rel":"","context":"En \u00abEcuador\u00bb","block_context":{"text":"Ecuador","link":"https:\/\/insightcrime.org\/es\/category\/noticias-crimen-organizado-ecuador\/"},"img":{"alt_text":"Grupo Criminal - Los Lagartos - Ecuador.","src":"https:\/\/i0.wp.com\/insightcrime.org\/wp-content\/uploads\/2026\/08\/Grupo-Criminal-Lagartos-Ecuador.jpg?fit=1200%2C900&quality=100&ssl=1&resize=350%2C200","width":350,"height":200,"srcset":"https:\/\/i0.wp.com\/insightcrime.org\/wp-content\/uploads\/2026\/08\/Grupo-Criminal-Lagartos-Ecuador.jpg?fit=1200%2C900&quality=100&ssl=1&resize=350%2C200 1x, https:\/\/i0.wp.com\/insightcrime.org\/wp-content\/uploads\/2026\/08\/Grupo-Criminal-Lagartos-Ecuador.jpg?fit=1200%2C900&quality=100&ssl=1&resize=525%2C300 1.5x, https:\/\/i0.wp.com\/insightcrime.org\/wp-content\/uploads\/2026\/08\/Grupo-Criminal-Lagartos-Ecuador.jpg?fit=1200%2C900&quality=100&ssl=1&resize=700%2C400 2x, https:\/\/i0.wp.com\/insightcrime.org\/wp-content\/uploads\/2026\/08\/Grupo-Criminal-Lagartos-Ecuador.jpg?fit=1200%2C900&quality=100&ssl=1&resize=1050%2C600 3x"},"classes":[]},{"id":167665,"url":"https:\/\/insightcrime.org\/es\/noticias\/auge-trafico-personas-cuba-uruguay\/","url_meta":{"origin":106363,"position":2},"title":"Crece la ruta de tr\u00e1fico de personas entre Cuba y Uruguay","author":"Chris Dalby","date":"20 de septiembre de 2021","format":false,"excerpt":"Uruguay desarticul\u00f3 un grupo dedicado a introducir ilegalmente migrantes cubanos a ese pa\u00eds, lo que puso en evidencia el auge de esta ruta de tr\u00e1fico de personas.","rel":"","context":"En \u00abNoticias\u00bb","block_context":{"text":"Noticias","link":"https:\/\/insightcrime.org\/es\/category\/noticias\/"},"img":{"alt_text":"The flags of Uruguay and Cuba","src":"https:\/\/i0.wp.com\/insightcrime.org\/wp-content\/uploads\/2021\/09\/Cuba-Uruguay.jpg?fit=350%2C250&quality=100&ssl=1&resize=350%2C200","width":350,"height":200},"classes":[]},{"id":134056,"url":"https:\/\/insightcrime.org\/es\/noticias\/corredor-turistico-mexico-destino-narcos\/","url_meta":{"origin":106363,"position":3},"title":"Corredor tur\u00edstico en M\u00e9xico se convirti\u00f3 en destino so\u00f1ado para narcos","author":"Katie Jones","date":"10 de febrero de 2021","format":false,"excerpt":"Una serie de recientes interceptaciones de avionetas indican que el estado mexicano de Quintana Roo est\u00e1 aumentando su importancia como centro de operaciones del narcotr\u00e1fico.","rel":"","context":"En \u00abNoticias\u00bb","block_context":{"text":"Noticias","link":"https:\/\/insightcrime.org\/es\/category\/noticias\/"},"img":{"alt_text":"","src":"https:\/\/i0.wp.com\/insightcrime.org\/wp-content\/uploads\/2021\/02\/narco_jet.jpeg_1183029055.jpeg?fit=350%2C250&quality=100&ssl=1&resize=350%2C200","width":350,"height":200},"classes":[]},{"id":190126,"url":"https:\/\/insightcrime.org\/es\/noticias\/enfrentamientos-entre-guardia-costera-de-cuba-coyotes-cada-vez-mas-violentos\/","url_meta":{"origin":106363,"position":4},"title":"Enfrentamientos entre guardia costera cubana y coyotes son cada vez m\u00e1s violentos","author":"Henry Shuldiner","date":"4 de julio de 2022","format":false,"excerpt":"Una serie de tiroteos entre traficantes de migrantes y las fuerzas armadas cubanas indican una posible evoluci\u00f3n de las t\u00e1cticas que aplica el crimen organizado para el tr\u00e1fico de personas entre la isla del Caribe y Estados Unidos.","rel":"","context":"En \u00abNoticias\u00bb","block_context":{"text":"Noticias","link":"https:\/\/insightcrime.org\/es\/category\/noticias\/"},"img":{"alt_text":"Guardia costera cubana detiene lancha r\u00e1pida para tr\u00e1fico de migrantes","src":"https:\/\/i0.wp.com\/insightcrime.org\/wp-content\/uploads\/2022\/07\/Cuba-Human-Smuggling-Speedboats-Miami-Heralnd-01072022.jpg?fit=350%2C250&quality=100&ssl=1&resize=350%2C200","width":350,"height":200},"classes":[]},{"id":139787,"url":"https:\/\/insightcrime.org\/es\/noticias\/grupos-criminales-capturan-construccion-hotelera-mexico\/","url_meta":{"origin":106363,"position":5},"title":"Grupos criminales capturan construcci\u00f3n hotelera en M\u00e9xico","author":"Victoria Dittmar","date":"7 de abril de 2021","format":false,"excerpt":"Los grupos criminales en uno de los destinos tur\u00edsticos m\u00e1s populares de M\u00e9xico han encontrado un nuevo sector para extorsionar y aterrorizar: los constructores hoteleros.","rel":"","context":"En \u00abNoticias\u00bb","block_context":{"text":"Noticias","link":"https:\/\/insightcrime.org\/es\/category\/noticias\/"},"img":{"alt_text":"","src":"https:\/\/i0.wp.com\/insightcrime.org\/wp-content\/uploads\/2021\/04\/Cancun-Hoteles.jpg?fit=350%2C250&quality=100&ssl=1&resize=350%2C200","width":350,"height":200},"classes":[]}],"jetpack_featured_media_url":"https:\/\/i0.wp.com\/insightcrime.org\/wp-content\/uploads\/2019\/09\/Mexico-KidnappedCubans-MexicoCuba-190905-EnfoqueNoticias.jpg?fit=350%2C250&quality=100&ssl=1","_links":{"self":[{"href":"https:\/\/insightcrime.org\/es\/wp-json\/wp\/v2\/posts\/106363","targetHints":{"allow":["GET"]}}],"collection":[{"href":"https:\/\/insightcrime.org\/es\/wp-json\/wp\/v2\/posts"}],"about":[{"href":"https:\/\/insightcrime.org\/es\/wp-json\/wp\/v2\/types\/post"}],"author":[{"embeddable":true,"href":"https:\/\/insightcrime.org\/es\/wp-json\/wp\/v2\/users\/185"}],"replies":[{"embeddable":true,"href":"https:\/\/insightcrime.org\/es\/wp-json\/wp\/v2\/comments?post=106363"}],"version-history":[{"count":6,"href":"https:\/\/insightcrime.org\/es\/wp-json\/wp\/v2\/posts\/106363\/revisions"}],"predecessor-version":[{"id":291240,"href":"https:\/\/insightcrime.org\/es\/wp-json\/wp\/v2\/posts\/106363\/revisions\/291240"}],"wp:featuredmedia":[{"embeddable":true,"href":"https:\/\/insightcrime.org\/es\/wp-json\/wp\/v2\/media\/106335"}],"wp:attachment":[{"href":"https:\/\/insightcrime.org\/es\/wp-json\/wp\/v2\/media?parent=106363"}],"wp:term":[{"taxonomy":"category","embeddable":true,"href":"https:\/\/insightcrime.org\/es\/wp-json\/wp\/v2\/categories?post=106363"},{"taxonomy":"post_tag","embeddable":true,"href":"https:\/\/insightcrime.org\/es\/wp-json\/wp\/v2\/tags?post=106363"},{"taxonomy":"newspack_spnsrs_tax","embeddable":true,"href":"https:\/\/insightcrime.org\/es\/wp-json\/wp\/v2\/newspack_spnsrs_tax?post=106363"},{"taxonomy":"author","embeddable":true,"href":"https:\/\/insightcrime.org\/es\/wp-json\/wp\/v2\/coauthors?post=106363"}],"curies":[{"name":"wp","href":"https:\/\/api.w.org\/{rel}","templated":true}]}}