{"id":106511,"date":"2019-09-12T15:55:32","date_gmt":"2019-09-12T20:55:32","guid":{"rendered":"https:\/\/insightcrime.org\/?p=106511"},"modified":"2024-07-25T09:25:41","modified_gmt":"2024-07-25T14:25:41","slug":"asesinan-candidatos-colombia","status":"publish","type":"post","link":"https:\/\/insightcrime.org\/es\/noticias\/analisis\/asesinan-candidatos-colombia\/","title":{"rendered":"\u00bfPor qu\u00e9 asesinan a candidatos y l\u00edderes pol\u00edticos en Colombia?"},"content":{"rendered":"\n<p class=\"wp-block-paragraph\">El asesinato de siete candidatos a las elecciones municipales en Colombia en solo un mes, la cifra m\u00e1s alta desde 2015, ha generado nuevas preguntas sobre los motivos detr\u00e1s de la violencia.<\/p>\n\n\n\n<p class=\"wp-block-paragraph\">El 1 de septiembre, las autoridades hallaron el cuerpo sin vida de Karina Garc\u00eda, candidata a la alcald\u00eda de Su\u00e1rez por el partido Liberal, en el departamento de Cauca.<\/p>\n\n\n\n<p class=\"wp-block-paragraph\">Seg\u00fan informaci\u00f3n de la Defensor\u00eda del Pueblo <a href=\"https:\/\/www.elespectador.com\/noticias\/judicial\/asesinan-karina-garcia-candidata-de-la-alcaldia-de-suarez-cauca-articulo-879038\" target=\"_blank\" rel=\"noopener\">reproducida<\/a> por El Espectador, Garc\u00eda muri\u00f3 por disparos a manos de desconocidos mientras se desplazaba en su veh\u00edculo, el que luego fue incinerado. Otras cinco personas fueron asesinadas en el mismo hecho.<\/p>\n\n\n\n<p class=\"wp-block-paragraph\">Al d\u00eda siguiente, el&nbsp;alto comisionado para la paz, Miguel Ceballos dijo en una <a href=\"https:\/\/www.wradio.com.co\/noticias\/actualidad\/gobierno-confirmo-que-alias-mayimbu-es-responsable-del-asesinato-de-karina-garcia\/20190902\/nota\/3948373.aspx\" target=\"_blank\" rel=\"noopener\">entrevista<\/a> con W Radio, que un disidente de las ex-FARC (Fuerzas Armadas Revolucionarias de Colombia) era el responsable del asesinato. Sin embargo, la investigaci\u00f3n todav\u00eda no ha concluido.<\/p>\n\n\n\n<p class=\"wp-block-paragraph\">Otros <a href=\"https:\/\/www.elespectador.com\/elecciones2019\/campana-electoral-de-alto-riesgo-van-seis-candidatos-asesinados-articulo-880130\" target=\"_blank\" rel=\"noopener\">seis candidatos<\/a> han sido asesinados en los departamentos de Antioquia, Bol\u00edvar, Valle del Cauca, y Caquet\u00e1 entre&nbsp;agosto y 9 de septiembre.<\/p>\n\n\n\n<p class=\"wp-block-paragraph\"><strong><span style=\"color: #800000;\">VEA TAMBI\u00c9N:<\/span> <\/strong> <a href=\"https:\/\/es.insightcrime.org\/noticias-sobre-crimen-organizado-en-colombia\/\" target=\"_blank\" rel=\"noopener\">Noticias y perfil de Colombia<\/a><\/p>\n\n\n\n<p class=\"wp-block-paragraph\">La violencia contra l\u00edderes pol\u00edticos, sociales y comunales ha sido una constante en Colombia.<\/p>\n\n\n\n<p class=\"wp-block-paragraph\">De acuerdo con el m\u00e1s reciente <a href=\"https:\/\/moe.org.co\/wp-content\/uploads\/2019\/09\/20190827-_Informe_ViolPol.pdf\" target=\"_blank\" rel=\"noopener\">informe<\/a> sobre violencia pol\u00edtica de la Misi\u00f3n de Observaci\u00f3n Electoral (MOE), 364 l\u00edderes pol\u00edticos, sociales y comunales de todo el pa\u00eds han sufrido agresiones en el \u00faltimo a\u00f1o.&nbsp;De ellos, 91 fueron asesinados.<\/p>\n\n\n\n<p class=\"wp-block-paragraph\">Adem\u00e1s de las muertes, el informe recoge datos sobre otros hechos de violencia que se presentaron en el \u00faltimo periodo preelectoral, incluyendo 224 amenazas, 45 atentados, 2 secuestros y 2 desapariciones forzadas.<\/p>\n\n\n\n<p class=\"wp-block-paragraph\">La mayor\u00eda de estos hechos tuvieron lugar en 25 departamentos de Colombia, siendo Arauca, Cauca, La Guajira, y Valle del Cauca los m\u00e1s afectados.<\/p>\n\n\n\n<p class=\"wp-block-paragraph\">Las elecciones regionales se realizar\u00e1n el pr\u00f3ximo 27 de octubre con el fin de elegir los cargos de gobernadores, diputados de las Asambleas Departamentales, alcaldes, concejales municipales y ediles de las Juntas Administradoras Locales en toda Colombia.<\/p>\n\n\n\n<h3 class=\"wp-block-heading\">An\u00e1lisis de InSight Crime<\/h3>\n\n\n\n<p class=\"wp-block-paragraph\">El control del territorio, el posicionamiento de actores armados y la financiaci\u00f3n de las campa\u00f1as son algunos de los factores que explican parte de lo que hay detr\u00e1s de los asesinatos de candidatos y l\u00edderes pol\u00edticos en Colombia.<\/p>\n\n\n\n<p class=\"wp-block-paragraph\">Por lo general, las autoridades utilizan las diferencias ideol\u00f3gicas en cada zona para explicar los repuntes de violencia electoral. Sin embargo, como lo demuestra el <a href=\"https:\/\/moe.org.co\/wp-content\/uploads\/2019\/09\/20190827-_Informe_ViolPol.pdf\" target=\"_blank\" rel=\"noopener\">informe<\/a> de la MOE, la violencia pol\u00edtica golpea a todas las colectividades independientemente de su posici\u00f3n en el espectro pol\u00edtico.<\/p>\n\n\n\n<p class=\"wp-block-paragraph\">En el \u00faltimo a\u00f1o han sido atacados l\u00edderes de por lo menos 15 partidos pol\u00edticos diferentes, que incluyen desde un candidato del <a href=\"https:\/\/www.elcolombiano.com\/antioquia\/atentan-contra-la-vida-de-candidato-a-la-alcaldia-de-toledo-GD11566819\" target=\"_blank\" rel=\"noopener\">Centro Democr\u00e1tico<\/a> a la Alcald\u00eda de Toledo en el departamento de Antioquia, hasta dos candidatos al Concejo de los municipios de Bucaramanga y Socorro en Santander por el <a href=\"https:\/\/www.wradio.com.co\/noticias\/regionales\/amenazan-en-santander-a-candidatos-que-van-por-el-partido-farc\/20190908\/nota\/3950980.aspx\" target=\"_blank\" rel=\"noopener\">partido Fuerza Alternativa Revolucionaria del Com\u00fan<\/a> (FARC).<\/p>\n\n\n\n<p class=\"wp-block-paragraph\">Por medio de trabajo en el terreno, InSight Crime ha podido comprobar que el asesinato de candidatos responde, en mayor medida, a la intenci\u00f3n de grupos armados en cada zona de poner su sello en el territorio.<\/p>\n\n\n\n<p class=\"wp-block-paragraph\">Con el prop\u00f3sito de ejercer control y garantizar la operaci\u00f3n de sus rentas ilegales, particularmente las que est\u00e1n ligadas al tr\u00e1fico de droga, los grupos armados ven a algunos candidatos o l\u00edderes sociales como un obst\u00e1culo.<\/p>\n\n\n\n<p class=\"wp-block-paragraph\">En particular a quienes de alguna forma promueven la erradicaci\u00f3n forzada o sustituci\u00f3n voluntaria de cultivos il\u00edcitos, o aquellos que patrocinan la creaci\u00f3n de proyectos productivos alternativos al trasiego de coca para las comunidades.<\/p>\n\n\n\n<p class=\"wp-block-paragraph\"><strong><span style=\"color: #800000;\">VEA TAMBI\u00c9N:<\/span> <\/strong><a href=\"https:\/\/es.insightcrime.org\/noticias\/noticias-del-dia\/incertidumbre-por-plan-para-proteger-lideres-de-sustitucion-de-cultivos-en-colombia\/\" target=\"_blank\" rel=\"noopener\">Incierto plan para proteger a l\u00edderes de sustituci\u00f3n de cultivos en Colombia<\/a><\/p>\n\n\n\n<p class=\"wp-block-paragraph\">De acuerdo con una <a href=\"http:\/\/www.defensoria.gov.co\/attachment\/2381\/AT%20N%C2%B0%20035-19%20Riesgo%20Electoral_low.pdf\" target=\"_blank\" rel=\"noopener\">alerta temprana<\/a> emitida por la Defensor\u00eda del Pueblo, el 31 de agosto, hay un riesgo que las disidencias de las ex-FARC, el Ej\u00e9rcito de Liberaci\u00f3n Nacional (ELN), el Ej\u00e9rcito Popular de Liberaci\u00f3n (EPL) y varios grupos paramilitares que operan a los largo del pa\u00eds, afecten las pr\u00f3ximas elecciones.<\/p>\n\n\n\n<p class=\"wp-block-paragraph\">Un segundo factor de riesgo, que tambi\u00e9n es se\u00f1alado por&nbsp;Defensor\u00eda del Pueblo, es la&nbsp;<a href=\"http:\/\/www.defensoria.gov.co\/attachment\/2381\/AT%20N%C2%B0%20035-19%20Riesgo%20Electoral_low.pdf\" target=\"_blank\" rel=\"noopener\">estigmatizaci\u00f3n pol\u00edtica<\/a> que sufren los candidatos durante la \u00e9poca electoral.<\/p>\n\n\n\n<p class=\"wp-block-paragraph\">Una semana antes de ser asesinada, Karina Garc\u00eda, por ejemplo, hab\u00eda grabado un <a href=\"https:\/\/www.youtube.com\/watch?v=LKdQ5yCQ31o\" target=\"_blank\" rel=\"noopener\">video<\/a>&nbsp;en el que dec\u00eda que sus contrincantes la acusaban, equivocadamente, de querer permitir la entrada&nbsp;del paramilitarismo a la regi\u00f3n, llevar multinacionales al municipio para extraer oro y patrocinar el despojo de tierras. Garc\u00eda afirmaba que esas acusaciones&nbsp;la pon\u00edan en riesgo ante la convulsionada <a href=\"https:\/\/www.elespectador.com\/colombia2020\/territorio\/suarez-el-penultimo-peaje-del-narcotrafico-hacia-el-pacifico-articulo-879963\" target=\"_blank\" rel=\"noopener\">situaci\u00f3n de seguridad<\/a> que vive el Cauca actualmente.<\/p>\n\n\n\n<p class=\"wp-block-paragraph\">Camilo Vargas,&nbsp;coordinador del Observatorio de Violencia Pol\u00edtica y Social de la MOE, dice que las causas de la violencia pueden tambi\u00e9n estar relacionadas a factores que incluyen disputas internas dentro de los partidos y financiamiento de campa\u00f1as.<\/p>\n\n\n\n<p class=\"wp-block-paragraph\">\u201cLos procesos internos de negociaci\u00f3n en escenarios locales suelen ser saldados con violencia\u201d, dijo Vargas en conversaci\u00f3n con InSight Crime y explic\u00f3 que, algunas veces, los mismos candidatos entran en disputa por conseguir el aval de sus partidos o ganar la contienda y en ese proceso contratan grupos armados para sacar del camino a sus contrincantes.<\/p>\n\n\n\n<p class=\"wp-block-paragraph\">Otro factor de riesgo estar\u00eda relacionado con el origen de los dineros que terminan financiando las campa\u00f1as.<\/p>\n\n\n\n<p class=\"wp-block-paragraph\">\u201cDebido al descontrol de la financiaci\u00f3n hay un incentivo perverso a lavar el dinero de la ilegalidad en las campa\u00f1as electorales,\u201d se\u00f1ala Vargas. En este sentido, el ingreso de dinero ilegal a las contiendas locales y regionales inserta estos procesos electorales en las din\u00e1micas de violencia propias de econom\u00edas ilegales como el narcotr\u00e1fico y la miner\u00eda ilegal.<\/p>\n","protected":false},"excerpt":{"rendered":"<p>El asesinato de siete candidatos a las elecciones municipales en Colombia en solo un mes, la cifra m\u00e1s alta desde 2015, ha generado nuevas preguntas sobre los motivos detr\u00e1s de la violencia.<\/p>\n","protected":false},"author":193,"featured_media":106541,"comment_status":"closed","ping_status":"closed","sticky":false,"template":"","format":"standard","meta":{"newspack_ads_suppress_ads":false,"newspack_popups_has_disabled_popups":false,"newspack_sponsor_sponsorship_scope":"","newspack_sponsor_native_byline_display":"inherit","newspack_sponsor_native_category_display":"inherit","newspack_sponsor_underwriter_style":"inherit","newspack_sponsor_underwriter_placement":"inherit","_EventAllDay":false,"_EventTimezone":"","_EventStartDate":"","_EventEndDate":"","_EventStartDateUTC":"","_EventEndDateUTC":"","_EventShowMap":false,"_EventShowMapLink":false,"_EventURL":"","_EventCost":"","_EventCostDescription":"","_EventCurrencySymbol":"","_EventCurrencyCode":"","_EventCurrencyPosition":"","_EventDateTimeSeparator":"","_EventTimeRangeSeparator":"","_EventOrganizerID":[],"_EventVenueID":[],"_OrganizerEmail":"","_OrganizerPhone":"","_OrganizerWebsite":"","_VenueAddress":"","_VenueCity":"","_VenueCountry":"","_VenueProvince":"","_VenueState":"","_VenueZip":"","_VenuePhone":"","_VenueURL":"","_VenueStateProvince":"","_VenueLat":"","_VenueLng":"","_VenueShowMap":false,"_VenueShowMapLink":false,"_newspack_byline_active":false,"_newspack_byline":"","newspack_hide_updated_date":false,"newspack_show_updated_date":false,"newspack_featured_image_position":"","newspack_post_subtitle":"","newspack_article_summary_title":"Overview:","newspack_article_summary":"","_jetpack_memberships_contains_paid_content":false,"footnotes":""},"categories":[340],"tags":[368,4548,438],"newspack_spnsrs_tax":[],"coauthors":[4202],"class_list":["post-106511","post","type-post","status-publish","format-standard","has-post-thumbnail","hentry","category-analisis","tag-colombia-pais","tag-elecciones-crimen-organizado","tag-politicas-de-seguridad","entry"],"parsely":{"version":"1.1.0","canonical_url":"https:\/\/insightcrime.org\/es\/noticias\/analisis\/asesinan-candidatos-colombia\/","smart_links":{"inbound":0,"outbound":0},"traffic_boost_suggestions_count":0,"meta":{"@context":"https:\/\/schema.org","@type":"NewsArticle","headline":"\u00bfPor qu\u00e9 asesinan a candidatos y l\u00edderes pol\u00edticos en Colombia?","url":"http:\/\/insightcrime.org\/es\/noticias\/analisis\/asesinan-candidatos-colombia\/","mainEntityOfPage":{"@type":"WebPage","@id":"http:\/\/insightcrime.org\/es\/noticias\/analisis\/asesinan-candidatos-colombia\/"},"thumbnailUrl":"https:\/\/i0.wp.com\/insightcrime.org\/wp-content\/uploads\/2019\/09\/Elecciones-locales-Colombia.jpg?resize=150%2C150&quality=100&ssl=1","image":{"@type":"ImageObject","url":"https:\/\/i0.wp.com\/insightcrime.org\/wp-content\/uploads\/2019\/09\/Elecciones-locales-Colombia.jpg?fit=350%2C250&quality=100&ssl=1"},"articleSection":"An\u00e1lisis","author":[{"@type":"Person","name":"Maria Alejandra Navarrete"}],"creator":["Maria Alejandra Navarrete"],"publisher":{"@type":"Organization","name":"InSight Crime","logo":"https:\/\/insightcrime.org\/wp-content\/uploads\/2023\/08\/logo.png"},"keywords":["colombia","elecciones y crimen","pol\u00edticas de seguridad"],"dateCreated":"2019-09-12T20:55:32Z","datePublished":"2019-09-12T20:55:32Z","dateModified":"2024-07-25T14:25:41Z"},"rendered":"<meta name=\"parsely-title\" content=\"\u00bfPor qu\u00e9 asesinan a candidatos y l\u00edderes pol\u00edticos en Colombia?\" \/>\n<meta name=\"parsely-link\" content=\"http:\/\/insightcrime.org\/es\/noticias\/analisis\/asesinan-candidatos-colombia\/\" \/>\n<meta name=\"parsely-type\" content=\"post\" \/>\n<meta name=\"parsely-image-url\" content=\"https:\/\/i0.wp.com\/insightcrime.org\/wp-content\/uploads\/2019\/09\/Elecciones-locales-Colombia.jpg?resize=150%2C150&amp;quality=100&amp;ssl=1\" \/>\n<meta name=\"parsely-pub-date\" content=\"2019-09-12T20:55:32Z\" \/>\n<meta name=\"parsely-section\" content=\"An\u00e1lisis\" \/>\n<meta name=\"parsely-tags\" content=\"colombia,elecciones y crimen,pol\u00edticas de seguridad\" \/>\n<meta name=\"parsely-author\" content=\"Maria Alejandra Navarrete\" \/>","tracker_url":"https:\/\/cdn.parsely.com\/keys\/insightcrime.org\/p.js"},"jetpack_sharing_enabled":true,"jetpack-related-posts":[{"id":178735,"url":"https:\/\/insightcrime.org\/es\/noticias\/alarmante-escalada-violencia-colombia-cerca-elecciones\/","url_meta":{"origin":106511,"position":0},"title":"Alarmante escalada de violencia en Colombia cerca de las elecciones","author":"Alicia Florez","date":"8 de marzo de 2022","format":false,"excerpt":"El calendario electoral de Colombia est\u00e1 bastante apretado, pues habr\u00e1 elecciones legislativas y dos rondas de elecciones presidenciales durante los pr\u00f3ximos tres meses. Pero los pol\u00edticos no son los \u00fanicos que compiten por un cargo; los grupos criminales del pa\u00eds tambi\u00e9n est\u00e1n tratando de ser escuchados.","rel":"","context":"En \u00abNoticias\u00bb","block_context":{"text":"Noticias","link":"https:\/\/insightcrime.org\/es\/category\/noticias\/"},"img":{"alt_text":"","src":"https:\/\/i0.wp.com\/insightcrime.org\/wp-content\/uploads\/2022\/03\/Elecciones.jpg?fit=350%2C250&quality=100&ssl=1&resize=350%2C200","width":350,"height":200},"classes":[]},{"id":245367,"url":"https:\/\/insightcrime.org\/es\/noticias\/crimen-organizado-varia-estrategia-elecciones-regionales-colombia\/","url_meta":{"origin":106511,"position":1},"title":"Crimen organizado cambia estrategia durante elecciones regionales en Colombia\u00a0","author":"Juan Diego C\u00e1rdenas","date":"3 de noviembre de 2023","format":false,"excerpt":"Aunque la jornada electoral del pasado 29 de octubre en Colombia fue m\u00e1s pac\u00edfica que hace cuatro a\u00f1os, el crimen organizado contin\u00faa siendo un protagonista en el panorama electoral, demostrando que todav\u00eda obtiene r\u00e9ditos de su participaci\u00f3n en pol\u00edtica.","rel":"","context":"En \u00abNoticias\u00bb","block_context":{"text":"Noticias","link":"https:\/\/insightcrime.org\/es\/category\/noticias\/"},"img":{"alt_text":"Votantes buscan sus puestos de votaci\u00f3n durante las elecciones locales y regionales en Bogot\u00e1, Colombia, domingo 29 de octubre de 2023.","src":"https:\/\/i0.wp.com\/insightcrime.org\/wp-content\/uploads\/2023\/08\/Colombia-Elections-Voters-look-for-their-polling-posts-during-local-and-regional-elections-in-Bogota-Oct-2023-AP23302547514073-A2.jpg?fit=1200%2C690&quality=100&ssl=1&resize=350%2C200","width":350,"height":200,"srcset":"https:\/\/i0.wp.com\/insightcrime.org\/wp-content\/uploads\/2023\/08\/Colombia-Elections-Voters-look-for-their-polling-posts-during-local-and-regional-elections-in-Bogota-Oct-2023-AP23302547514073-A2.jpg?fit=1200%2C690&quality=100&ssl=1&resize=350%2C200 1x, https:\/\/i0.wp.com\/insightcrime.org\/wp-content\/uploads\/2023\/08\/Colombia-Elections-Voters-look-for-their-polling-posts-during-local-and-regional-elections-in-Bogota-Oct-2023-AP23302547514073-A2.jpg?fit=1200%2C690&quality=100&ssl=1&resize=525%2C300 1.5x, https:\/\/i0.wp.com\/insightcrime.org\/wp-content\/uploads\/2023\/08\/Colombia-Elections-Voters-look-for-their-polling-posts-during-local-and-regional-elections-in-Bogota-Oct-2023-AP23302547514073-A2.jpg?fit=1200%2C690&quality=100&ssl=1&resize=700%2C400 2x, https:\/\/i0.wp.com\/insightcrime.org\/wp-content\/uploads\/2023\/08\/Colombia-Elections-Voters-look-for-their-polling-posts-during-local-and-regional-elections-in-Bogota-Oct-2023-AP23302547514073-A2.jpg?fit=1200%2C690&quality=100&ssl=1&resize=1050%2C600 3x"},"classes":[]},{"id":186437,"url":"https:\/\/insightcrime.org\/es\/noticias\/grupos-criminales-amenazan-las-elecciones-en-colombia\/","url_meta":{"origin":106511,"position":2},"title":"Grupos criminales amenazan las elecciones en Colombia","author":"Alicia Florez","date":"27 de mayo de 2022","format":false,"excerpt":"Colombia pas\u00f3 de tener las elecciones m\u00e1s pac\u00edficas en 2018 a las m\u00e1s violentas en 2022.","rel":"","context":"En \u00abNoticias\u00bb","block_context":{"text":"Noticias","link":"https:\/\/insightcrime.org\/es\/category\/noticias\/"},"img":{"alt_text":"","src":"https:\/\/i0.wp.com\/insightcrime.org\/wp-content\/uploads\/2022\/05\/Paro-armado-1.jpg?fit=350%2C250&quality=100&ssl=1&resize=350%2C200","width":350,"height":200},"classes":[]},{"id":127298,"url":"https:\/\/insightcrime.org\/es\/noticias\/asesinatos-politicos-brasil\/","url_meta":{"origin":106511,"position":3},"title":"\u00bfPor qu\u00e9 se han multiplicado los asesinatos pol\u00edticos en Brasil?","author":"Isaac Norris","date":"24 de noviembre de 2020","format":false,"excerpt":"Los asesinatos pol\u00edticos han empa\u00f1ado las elecciones de Brasil en los \u00faltimos a\u00f1os, pero este tipo de asesinatos se han multiplicado en 2020, muchos de ellos atribuidos a grupos de milicianos.","rel":"","context":"En \u00abNoticias\u00bb","block_context":{"text":"Noticias","link":"https:\/\/insightcrime.org\/es\/category\/noticias\/"},"img":{"alt_text":"","src":"https:\/\/i0.wp.com\/insightcrime.org\/wp-content\/uploads\/2020\/11\/2018-03-15t184343z_1936779477_rc1d8d67cda0_rtrmadp_3_brazil-violence.jpg?fit=350%2C250&quality=100&ssl=1&resize=350%2C200","width":350,"height":200},"classes":[]},{"id":295129,"url":"https:\/\/insightcrime.org\/es\/noticias\/dinero-violencia-crimen-organizado-controlar-elecciones-municipales-brasil\/","url_meta":{"origin":106511,"position":4},"title":"Dinero y violencia: El crimen organizado lucha por controlar las elecciones municipales en Brasil","author":"Lara Loaiza","date":"25 de octubre de 2024","format":false,"excerpt":"Con la segunda vuelta de las elecciones municipales de Brasil programada para el 27 de octubre, los grupos criminales est\u00e1n utilizando nuevos m\u00e9todos financieros para influir en los resultados, adem\u00e1s de la violencia que han empleado tradicionalmente para intervenir en la escena pol\u00edtica.","rel":"","context":"En \u00abNoticias\u00bb","block_context":{"text":"Noticias","link":"https:\/\/insightcrime.org\/es\/category\/noticias\/"},"img":{"alt_text":"","src":"https:\/\/i0.wp.com\/insightcrime.org\/wp-content\/uploads\/2024\/10\/Data-InSights-Electoral-Violence-Oct-2024.jpg?fit=1200%2C690&quality=100&ssl=1&resize=350%2C200","width":350,"height":200,"srcset":"https:\/\/i0.wp.com\/insightcrime.org\/wp-content\/uploads\/2024\/10\/Data-InSights-Electoral-Violence-Oct-2024.jpg?fit=1200%2C690&quality=100&ssl=1&resize=350%2C200 1x, https:\/\/i0.wp.com\/insightcrime.org\/wp-content\/uploads\/2024\/10\/Data-InSights-Electoral-Violence-Oct-2024.jpg?fit=1200%2C690&quality=100&ssl=1&resize=525%2C300 1.5x, https:\/\/i0.wp.com\/insightcrime.org\/wp-content\/uploads\/2024\/10\/Data-InSights-Electoral-Violence-Oct-2024.jpg?fit=1200%2C690&quality=100&ssl=1&resize=700%2C400 2x, https:\/\/i0.wp.com\/insightcrime.org\/wp-content\/uploads\/2024\/10\/Data-InSights-Electoral-Violence-Oct-2024.jpg?fit=1200%2C690&quality=100&ssl=1&resize=1050%2C600 3x"},"classes":[]},{"id":232620,"url":"https:\/\/insightcrime.org\/es\/investigaciones\/prosperidad-ciudadana-comodin-une-statu-quo\/","url_meta":{"origin":106511,"position":5},"title":"Prosperidad Ciudadana: el comod\u00edn se une al statu quo","author":"Alex Papadovassilakis","date":"23 de junio de 2023","format":false,"excerpt":"Una mirada al excandidato Carlos Pineda Sosa, quien fue recientemente descartado de la carrera por la presidencia de Guatemala.","rel":"","context":"En \u00abInvestigaciones\u00bb","block_context":{"text":"Investigaciones","link":"https:\/\/insightcrime.org\/es\/category\/investigaciones\/"},"img":{"alt_text":"","src":"https:\/\/i0.wp.com\/insightcrime.org\/wp-content\/uploads\/2023\/09\/Covers-Guatemala-Elections4-1.png?fit=1200%2C576&quality=100&ssl=1&resize=350%2C200","width":350,"height":200,"srcset":"https:\/\/i0.wp.com\/insightcrime.org\/wp-content\/uploads\/2023\/09\/Covers-Guatemala-Elections4-1.png?fit=1200%2C576&quality=100&ssl=1&resize=350%2C200 1x, https:\/\/i0.wp.com\/insightcrime.org\/wp-content\/uploads\/2023\/09\/Covers-Guatemala-Elections4-1.png?fit=1200%2C576&quality=100&ssl=1&resize=525%2C300 1.5x, https:\/\/i0.wp.com\/insightcrime.org\/wp-content\/uploads\/2023\/09\/Covers-Guatemala-Elections4-1.png?fit=1200%2C576&quality=100&ssl=1&resize=700%2C400 2x, https:\/\/i0.wp.com\/insightcrime.org\/wp-content\/uploads\/2023\/09\/Covers-Guatemala-Elections4-1.png?fit=1200%2C576&quality=100&ssl=1&resize=1050%2C600 3x"},"classes":[]}],"jetpack_featured_media_url":"https:\/\/i0.wp.com\/insightcrime.org\/wp-content\/uploads\/2019\/09\/Elecciones-locales-Colombia.jpg?fit=350%2C250&quality=100&ssl=1","_links":{"self":[{"href":"https:\/\/insightcrime.org\/es\/wp-json\/wp\/v2\/posts\/106511","targetHints":{"allow":["GET"]}}],"collection":[{"href":"https:\/\/insightcrime.org\/es\/wp-json\/wp\/v2\/posts"}],"about":[{"href":"https:\/\/insightcrime.org\/es\/wp-json\/wp\/v2\/types\/post"}],"author":[{"embeddable":true,"href":"https:\/\/insightcrime.org\/es\/wp-json\/wp\/v2\/users\/193"}],"replies":[{"embeddable":true,"href":"https:\/\/insightcrime.org\/es\/wp-json\/wp\/v2\/comments?post=106511"}],"version-history":[{"count":6,"href":"https:\/\/insightcrime.org\/es\/wp-json\/wp\/v2\/posts\/106511\/revisions"}],"predecessor-version":[{"id":285359,"href":"https:\/\/insightcrime.org\/es\/wp-json\/wp\/v2\/posts\/106511\/revisions\/285359"}],"wp:featuredmedia":[{"embeddable":true,"href":"https:\/\/insightcrime.org\/es\/wp-json\/wp\/v2\/media\/106541"}],"wp:attachment":[{"href":"https:\/\/insightcrime.org\/es\/wp-json\/wp\/v2\/media?parent=106511"}],"wp:term":[{"taxonomy":"category","embeddable":true,"href":"https:\/\/insightcrime.org\/es\/wp-json\/wp\/v2\/categories?post=106511"},{"taxonomy":"post_tag","embeddable":true,"href":"https:\/\/insightcrime.org\/es\/wp-json\/wp\/v2\/tags?post=106511"},{"taxonomy":"newspack_spnsrs_tax","embeddable":true,"href":"https:\/\/insightcrime.org\/es\/wp-json\/wp\/v2\/newspack_spnsrs_tax?post=106511"},{"taxonomy":"author","embeddable":true,"href":"https:\/\/insightcrime.org\/es\/wp-json\/wp\/v2\/coauthors?post=106511"}],"curies":[{"name":"wp","href":"https:\/\/api.w.org\/{rel}","templated":true}]}}