{"id":106971,"date":"2019-09-19T19:06:48","date_gmt":"2019-09-20T00:06:48","guid":{"rendered":"https:\/\/insightcrime.org\/?p=106971"},"modified":"2025-08-18T20:25:05","modified_gmt":"2025-08-19T01:25:05","slug":"por-que-juan-guaido-paso-de-venezuela-a-colombia-con-los-rastrojos","status":"publish","type":"post","link":"https:\/\/insightcrime.org\/es\/news\/analysis\/por-que-juan-guaido-paso-de-venezuela-a-colombia-con-los-rastrojos\/","title":{"rendered":"\u00bfPor qu\u00e9 Juan Guaid\u00f3 pas\u00f3 de Venezuela a Colombia con Los Rastrojos?"},"content":{"rendered":"\n<p class=\"wp-block-paragraph\"><span style=\"font-weight: 400;\">Las pol\u00e9micas fotos del m\u00e1ximo l\u00edder de la oposici\u00f3n de Venezuela junto a los jefes de una banda paramilitar de Colombia confirman que el control que ejercen los grupos criminales en los pasos fronterizos no discrimina. Todo el que intente pasar de un pa\u00eds al otro debe negociar para recibir la bendici\u00f3n de estas organizaciones.&nbsp;<\/span><\/p>\n\n\n\n<p class=\"wp-block-paragraph\"><span style=\"font-weight: 400;\">El jueves 12 de septiembre <\/span><a href=\"https:\/\/www.elespectador.com\/noticias\/judicial\/las-incomodas-fotos-de-juan-guaido-con-narcoparamilitares-articulo-880696\" target=\"_blank\" rel=\"noopener\"><span style=\"font-weight: 400;\">fueron publicadas dos fotograf\u00edas <\/span><\/a><span style=\"font-weight: 400;\">en las que aparece Juan Guaid\u00f3, presidente del Parlamento y reconocido como presidente interino de Venezuela por m\u00e1s de 50 pa\u00edses, junto a dos l\u00edderes de la banda criminal Los Rastrojos \u2014una derivaci\u00f3n de las desaparecidas Autodefensas Unidas de Colombia (AUC)\u2014 en la poblaci\u00f3n venezolana de Guarumito, en el municipio Ayacucho del estado T\u00e1chira, fronterizo con Colombia.&nbsp;<\/span><\/p>\n\n\n\n<p class=\"wp-block-paragraph\"><span style=\"font-weight: 400;\">Se observa a Guaid\u00f3 posando en compa\u00f1\u00eda de <\/span><span style=\"font-weight: 400;\">Albeiro Lobo Quintero, alias \u201cBrother\u201d, y su lugarteniente Jhon Jairo Dur\u00e1n Contreras, alias \u201cEl Menor\u201d<\/span><span style=\"font-weight: 400;\">, quienes para el momento de las fotograf\u00edas lideraban el grupo criminal dedicado al narcotr\u00e1fico y el contrabando.&nbsp;<\/span><\/p>\n\n\n\n<p class=\"wp-block-paragraph\"><span style=\"font-weight: 400;\">Las im\u00e1genes fueron difundidas a trav\u00e9s de la cuenta de <\/span><a href=\"https:\/\/twitter.com\/wilcan91\/status\/1172106194695143424\" target=\"_blank\" rel=\"noopener\"><span style=\"font-weight: 400;\">Twitter de Wilfredo Ca\u00f1izares<\/span><\/a><span style=\"font-weight: 400;\">, presidente de la Fundaci\u00f3n Progresar, una organizaci\u00f3n dedicada a registrar la acci\u00f3n de los grupos irregulares colombianos en Norte de Santander. Se presume que las fotos fueron tomadas en uno de los pasos fronterizos ilegales, conocidos como trochas, que conecta ambos territorios.<\/span><\/p>\n\n\n\n<p class=\"wp-block-paragraph\"><b><span style=\"color: #993300;\">VEA TAMBI\u00c9N:<\/span> <\/b><a href=\"https:\/\/es.insightcrime.org\/noticias-sobre-crimen-organizado-en-colombia\/rastrojos\/\" target=\"_blank\" rel=\"noopener\"><span style=\"font-weight: 400;\">Perfil de Los Rastrojos<\/span><\/a><\/p>\n\n\n\n<p class=\"wp-block-paragraph\"><span style=\"font-weight: 400;\">Sin embargo, las im\u00e1genes no son nuevas, corresponden al pasado 23 de febrero de 2019, cuando Guaid\u00f3 ret\u00f3 una orden de <\/span><a href=\"https:\/\/www.eltiempo.com\/mundo\/venezuela\/fiscal-venezolano-prohibe-salir-del-pais-a-guaido-320416\" target=\"_blank\" rel=\"noopener\"><span style=\"font-weight: 400;\">prohibici\u00f3n de salida<\/span><\/a> <span style=\"font-weight: 400;\">del pa\u00eds emitida por funcionarios del gobierno de Nicol\u00e1s Maduro. El l\u00edder de la oposici\u00f3n de Venezuela cruz\u00f3 al lado colombiano para acudir a un <\/span><a href=\"https:\/\/www.laopinion.com.co\/frontera\/asi-se-vivio-el-concierto-en-la-frontera-171920#OP\"><span style=\"font-weight: 400;\">concierto organizado para recolectar fondos<\/span><\/a><span style=\"font-weight: 400;\">&nbsp;para los venezolanos \u2014v\u00edctimas de una emergencia humanitaria compleja\u2014 y encabezar el fallido ingreso de <\/span><a href=\"https:\/\/www.radionacional.co\/noticia\/actualidad\/ayuda-humanitaria-venezuela-23-febrero\"><span style=\"font-weight: 400;\">ayuda humanitaria<\/span> <\/a><span style=\"font-weight: 400;\">a su pa\u00eds.<\/span><\/p>\n\n\n\n<p class=\"wp-block-paragraph\">Ca\u00f1izares <a href=\"https:\/\/www.wradio.com.co\/noticias\/regionales\/rastrojos-permitieron-el-paso-de-juan-guaido-a-cucuta-el-23-de-febrerowilfredo-canizare\/20190912\/nota\/3952730.aspx\" target=\"_blank\" rel=\"noopener\">asegur\u00f3 que su organizaci\u00f3n<\/a> <span style=\"font-weight: 400;\">tuvo conocimiento de que \u201cLos Rastrojos estaban manejando un corredor para el traslado de Juan Guaid\u00f3, donde participaron alias El Menor y alias el Brother. <\/span>Tenemos los testimonios, armaron un operativo donde obligaron a la comunidad por donde pas\u00f3 Guaid\u00f3.<span style=\"font-weight: 400;\"> Estaban mandando a la gente a dormir y prohib\u00edan el paso de motocicletas en C\u00facuta y Norte de Santander\u201d.&nbsp;<\/span><\/p>\n\n\n\n<p class=\"wp-block-paragraph\"><span style=\"font-weight: 400;\">Carlo Vecchio, embajador de Venezuela ante Estados Unidos designado por Guaid\u00f3, neg\u00f3 cualquier relaci\u00f3n de su jefe con el grupo criminal. \u201cYo tuve la oportunidad de ver al presidente Guaid\u00f3 en Colombia cuando se celebr\u00f3 la cumbre de Lima y nada de eso me lo mencion\u00f3. M\u00e1s bien me dijo que fue muy riesgoso (el paso a Colombia) y que no fue f\u00e1cil cruzar la frontera. En lo que conversamos sobre su salida en ning\u00fan momento me dijo que tuviera ayuda [de esos] grupos irregulares, entonces no creo que esa versi\u00f3n sea ajustada con la realidad\u201d, <\/span><a href=\"https:\/\/www.elespectador.com\/noticias\/judicial\/las-incomodas-fotos-de-juan-guaido-con-narcoparamilitares-articulo-880696\" target=\"_blank\" rel=\"noopener\"><span style=\"font-weight: 400;\">dijo a El Espectador<\/span><\/a><span style=\"font-weight: 400;\">. \u201cNo existe ninguna vinculaci\u00f3n del gobierno interino de Juan Guaid\u00f3 con ning\u00fan grupo paramilitar, guerrillero\u201d, asegur\u00f3.<\/span><\/p>\n\n\n\n<p class=\"wp-block-paragraph\"><span style=\"font-weight: 400;\">Por su parte, el l\u00edder de la oposici\u00f3n no neg\u00f3 la veracidad de las fotos y <\/span><a href=\"https:\/\/www.france24.com\/es\/20190914-venezuela-guaido-fotos-paramilitares-maduro\" target=\"_blank\" rel=\"noopener\"><span style=\"font-weight: 400;\">se limit\u00f3 a decir<\/span><\/a><span style=\"font-weight: 400;\">: <\/span><span style=\"font-weight: 400;\">\u201cNo pedimos antecedentes para tomar una foto\u201d.<\/span><\/p>\n\n\n\n<h3 class=\"wp-block-heading\"><span style=\"font-weight: 400;\">An\u00e1lisis de InSight Crime<\/span><\/h3>\n\n\n\n<p class=\"wp-block-paragraph\"><span style=\"font-weight: 400;\">Aunque la existencia de unas fotos no es suficiente para afirmar que hay una relaci\u00f3n entre Guaid\u00f3 y el grupo paramilitar Los Rastrojos, lo que s\u00ed parece claro es que el l\u00edder pol\u00edtico y su equipo recurrieron a los \u201cservicios\u201d o se sometieron a las normas de una de las <\/span><a href=\"https:\/\/es.insightcrime.org\/noticias\/noticias-del-dia\/las-trochas-entre-venezuela-y-colombia-se-consolidan-como-enclaves-de-grupos-criminales\/\" target=\"_blank\" rel=\"noopener\"><span style=\"font-weight: 400;\">muchas organizaciones criminales que controlan los pasos fronterizos<\/span><\/a><span style=\"font-weight: 400;\"> entre Venezuela y Colombia.&nbsp;<\/span><\/p>\n\n\n\n<p class=\"wp-block-paragraph\"><span style=\"font-weight: 400;\">La raz\u00f3n es simple: buena parte del municipio Ayacucho en T\u00e1chira, y en particular las trochas que conectan a Guarumito con Colombia, son controladas por Los Rastrojos. Todo lo que cruza la frontera (mercanc\u00edas de contrabando o personas) por esa localidad de Venezuela debe ser previamente autorizado por el grupo criminal.&nbsp;<\/span><\/p>\n\n\n\n<p class=\"wp-block-paragraph\"><span style=\"font-weight: 400;\">Para garantizar el paso por esa zona, las redes del grupo criminal han establecido alianzas con los jefes militares del gobierno de Maduro ubicados en los cuatro puntos de control que tiene la Fuerza Armada Nacional Bolivariana en la autopista La Fr\u00eda-San F\u00e9lix, que conduce al paso fronterizo.&nbsp;<\/span><\/p>\n\n\n\n<p class=\"wp-block-paragraph\"><strong><span style=\"color: #993300;\">VEA TAMBI\u00c9N:<\/span> <\/strong><a href=\"https:\/\/es.insightcrime.org\/noticias\/noticias-del-dia\/reapertura-de-la-frontera-colombia-venezuela-no-acaba-con-las-trochas-ni-la-violencia\/\" target=\"_blank\" rel=\"noopener\">Reapertura de la frontera Colombia-Venezuela no acaba con las trochas ni la violencia<\/a><\/p>\n\n\n\n<p class=\"wp-block-paragraph\"><span style=\"font-weight: 400;\">Corresponsales de InSight Crime en el lugar constataron que en la entrada del sector Mata de Curo (en el camino a la frontera) existe un punto de control del Ej\u00e9rcito venezolano. M\u00e1s adelante hay otro punto del Ej\u00e9rcito y de la polic\u00eda de T\u00e1chira, luego una <\/span><a href=\"https:\/\/es.insightcrime.org\/noticias\/noticias-del-dia\/ataque-a-puesto-militar-en-venezuela-demuestra-poder-de-los-rastrojos\/\" target=\"_blank\" rel=\"noopener\"><span style=\"font-weight: 400;\">base de la Guardia Nacional Bolivariana<\/span><\/a><span style=\"font-weight: 400;\"> (GNB) \u2014organizaci\u00f3n que ha sido vinculada con Los Rastrojos en actividades criminales\u2014, y m\u00e1s adelante un batall\u00f3n del Ej\u00e9rcito. Esta es adem\u00e1s una de las zonas m\u00e1s utilizadas para el contrabando de combustible desde Venezuela.&nbsp;<\/span><\/p>\n\n\n\n<p class=\"wp-block-paragraph\"><span style=\"font-weight: 400;\">Adem\u00e1s, la zona es vigilada por civiles que recorren la autopista en motos; a estos se les conoce como \u201cLos moscos\u201d, y su funci\u00f3n consiste en alertar al grupo criminal sobre la presencia de veh\u00edculos sospechosos o desconocidos para garantizar que la mercanc\u00eda que va a transitar, bien sea de contrabando o de narcotr\u00e1fico, pueda movilizarse sin contratiempos.&nbsp;<\/span><\/p>\n\n\n\n<p class=\"wp-block-paragraph\"><span style=\"font-weight: 400;\">\u201cA trav\u00e9s de WhatsApp, Los Rastrojos acuerdan los pagos con los jefes militares de los puntos de control para que permitan el paso de la mercanc\u00eda o personas. Ellos controlan los pasos ilegales tanto del lado colombiano como del venezolano\u201d, explic\u00f3 a InSight Crime un funcionario policial de la localidad, que pidi\u00f3 no revelar su identidad.&nbsp;<\/span><\/p>\n\n\n\n<p class=\"wp-block-paragraph\"><span style=\"font-weight: 400;\">Los Rastrojos se movilizan libremente&nbsp;<\/span>por la zona en grandes camionetas \u2014que son conocidas por las autoridades locales\u2014, y en los puntos de control no son detenidos en ning\u00fan momento.<\/p>\n\n\n\n<p class=\"wp-block-paragraph\"><span style=\"font-weight: 400;\">En algunas de las trochas, los pobladores de Guarumito pagan mensualidades para pasar con motos y veh\u00edculos sobre estructuras de madera sobre el r\u00edo, que son administradas por el grupo paramilitar.<\/span><\/p>\n\n\n\n<p class=\"wp-block-paragraph\"><span style=\"font-weight: 400;\">Del lado colombiano, Puerto Santander ha estado desde hace tiempo bajo el control de Los Rastrojos. Recientemente estos se <\/span><a href=\"https:\/\/es.insightcrime.org\/noticias\/analisis\/epl-y-rastrojos-protagonizan-ola-de-violencia-en-frontera-con-venezuela-por-control-del-contrabando\/\" target=\"_blank\" rel=\"noopener\"><span style=\"font-weight: 400;\">unieron a una facci\u00f3n narcotraficante del Ej\u00e9rcito Popular de&nbsp; Liberaci\u00f3n<\/span><\/a><span style=\"font-weight: 400;\"> (EPL) asentada all\u00ed, y dominan casi 20 kil\u00f3metros de esta zona lim\u00edtrofe con Venezuela, entre el corregimiento de Guaramito hasta la vereda de Vigilancia.<\/span><\/p>\n\n\n\n<p class=\"wp-block-paragraph\"><span style=\"font-weight: 400;\">Su presencia responde a la din\u00e1mica criminal en esta zona, que gira alrededor del procesamiento de droga. En Puerto Santander, se tiene informaci\u00f3n de al menos tres laboratorios en donde se procesa la hoja de coca que llega desde el municipio de Tib\u00fa, en la regi\u00f3n del Catatumbo, en el departamento de Norte de Santander.<\/span><\/p>\n\n\n\n<p class=\"wp-block-paragraph\"><span style=\"font-weight: 400;\">En este contexto, parece casi imposible que el paso de Juan Guaid\u00f3 por la zona no hubiera requerido de la mediaci\u00f3n de Los Rastrojos y sus aliados militares (en el caso de Venezuela) a ambos lados de la frontera. <\/span><\/p>\n","protected":false},"excerpt":{"rendered":"<p>Las pol\u00e9micas fotos del m\u00e1ximo l\u00edder de la oposici\u00f3n de Venezuela junto a los jefes de una banda paramilitar de Colombia confirman que el control que ejercen los grupos criminales [&hellip;]<\/p>\n","protected":false},"author":775,"featured_media":107033,"comment_status":"closed","ping_status":"closed","sticky":false,"template":"","format":"standard","meta":{"newspack_ads_suppress_ads":false,"newspack_popups_has_disabled_popups":false,"newspack_sponsor_sponsorship_scope":"","newspack_sponsor_native_byline_display":"inherit","newspack_sponsor_native_category_display":"inherit","newspack_sponsor_underwriter_style":"inherit","newspack_sponsor_underwriter_placement":"inherit","_EventAllDay":false,"_EventTimezone":"","_EventStartDate":"","_EventEndDate":"","_EventStartDateUTC":"","_EventEndDateUTC":"","_EventShowMap":false,"_EventShowMapLink":false,"_EventURL":"","_EventCost":"","_EventCostDescription":"","_EventCurrencySymbol":"","_EventCurrencyCode":"","_EventCurrencyPosition":"","_EventDateTimeSeparator":"","_EventTimeRangeSeparator":"","_EventOrganizerID":[],"_EventVenueID":[],"_OrganizerEmail":"","_OrganizerPhone":"","_OrganizerWebsite":"","_VenueAddress":"","_VenueCity":"","_VenueCountry":"","_VenueProvince":"","_VenueState":"","_VenueZip":"","_VenuePhone":"","_VenueURL":"","_VenueStateProvince":"","_VenueLat":"","_VenueLng":"","_VenueShowMap":false,"_VenueShowMapLink":false,"_newspack_byline_active":false,"_newspack_byline":"","newspack_hide_updated_date":false,"newspack_show_updated_date":false,"newspack_featured_image_position":"","newspack_post_subtitle":"","newspack_article_summary_title":"Overview:","newspack_article_summary":"","_jetpack_memberships_contains_paid_content":false,"footnotes":""},"categories":[329],"tags":[547,536,570],"newspack_spnsrs_tax":[],"coauthors":[4646],"class_list":["post-106971","post","type-post","status-publish","format-standard","has-post-thumbnail","hentry","category-analysis","tag-colombia","tag-rastrojos","tag-venezuela","entry"],"parsely":{"version":"1.1.0","canonical_url":"https:\/\/insightcrime.org\/es\/news\/analysis\/por-que-juan-guaido-paso-de-venezuela-a-colombia-con-los-rastrojos\/","smart_links":{"inbound":0,"outbound":0},"traffic_boost_suggestions_count":0,"meta":{"@context":"https:\/\/schema.org","@type":"NewsArticle","headline":"\u00bfPor qu\u00e9 Juan Guaid\u00f3 pas\u00f3 de Venezuela a Colombia con Los Rastrojos?","url":"http:\/\/insightcrime.org\/es\/news\/analysis\/por-que-juan-guaido-paso-de-venezuela-a-colombia-con-los-rastrojos\/","mainEntityOfPage":{"@type":"WebPage","@id":"http:\/\/insightcrime.org\/es\/news\/analysis\/por-que-juan-guaido-paso-de-venezuela-a-colombia-con-los-rastrojos\/"},"thumbnailUrl":"https:\/\/i0.wp.com\/insightcrime.org\/wp-content\/uploads\/2019\/09\/fotografias-difundidas-twitter-guaido-rastrojos-ediima20190913-0383-19.jpg?resize=150%2C150&quality=100&ssl=1","image":{"@type":"ImageObject","url":"https:\/\/i0.wp.com\/insightcrime.org\/wp-content\/uploads\/2019\/09\/fotografias-difundidas-twitter-guaido-rastrojos-ediima20190913-0383-19.jpg?fit=350%2C250&quality=100&ssl=1"},"articleSection":"Analysis","author":[{"@type":"Person","name":"Unidad Investigativa de Venezuela"}],"creator":["Unidad Investigativa de Venezuela"],"publisher":{"@type":"Organization","name":"InSight Crime","logo":"https:\/\/insightcrime.org\/wp-content\/uploads\/2023\/08\/logo.png"},"keywords":["colombia","rastrojos","venezuela"],"dateCreated":"2019-09-20T00:06:48Z","datePublished":"2019-09-20T00:06:48Z","dateModified":"2025-08-19T01:25:05Z"},"rendered":"<meta name=\"parsely-title\" content=\"\u00bfPor qu\u00e9 Juan Guaid\u00f3 pas\u00f3 de Venezuela a Colombia con Los Rastrojos?\" \/>\n<meta name=\"parsely-link\" content=\"http:\/\/insightcrime.org\/es\/news\/analysis\/por-que-juan-guaido-paso-de-venezuela-a-colombia-con-los-rastrojos\/\" \/>\n<meta name=\"parsely-type\" content=\"post\" \/>\n<meta name=\"parsely-image-url\" content=\"https:\/\/i0.wp.com\/insightcrime.org\/wp-content\/uploads\/2019\/09\/fotografias-difundidas-twitter-guaido-rastrojos-ediima20190913-0383-19.jpg?resize=150%2C150&amp;quality=100&amp;ssl=1\" \/>\n<meta name=\"parsely-pub-date\" content=\"2019-09-20T00:06:48Z\" \/>\n<meta name=\"parsely-section\" content=\"Analysis\" \/>\n<meta name=\"parsely-tags\" content=\"colombia,rastrojos,venezuela\" \/>\n<meta name=\"parsely-author\" content=\"Unidad Investigativa de Venezuela\" \/>","tracker_url":"https:\/\/cdn.parsely.com\/keys\/insightcrime.org\/p.js"},"jetpack_sharing_enabled":true,"jetpack-related-posts":[{"id":4985,"url":"https:\/\/insightcrime.org\/es\/venezuela-organized-crime-news\/bacrim-venezuela\/","url_meta":{"origin":106971,"position":0},"title":"BACRIM en Venezuela","author":"InSight Crime","date":"15 de febrero de 2023","format":false,"excerpt":"Varios remanentes de las Autodefensas Unidas de Colombia (AUC), conocidos en conjunto como bandas criminales (BACRIM), expandieron su presencia a Venezuela.","rel":"","context":"En \u00abVenezuela\u00bb","block_context":{"text":"Venezuela","link":"https:\/\/insightcrime.org\/category\/venezuela-organized-crime-news\/"},"img":{"alt_text":"Grupo criminal BACRIM, Venezuela.","src":"https:\/\/i0.wp.com\/insightcrime.org\/wp-content\/uploads\/2026\/08\/Grupo-Criminal-BACRIM-en-Venezuela.jpg?fit=1200%2C900&quality=100&ssl=1&resize=350%2C200","width":350,"height":200,"srcset":"https:\/\/i0.wp.com\/insightcrime.org\/wp-content\/uploads\/2026\/08\/Grupo-Criminal-BACRIM-en-Venezuela.jpg?fit=1200%2C900&quality=100&ssl=1&resize=350%2C200 1x, https:\/\/i0.wp.com\/insightcrime.org\/wp-content\/uploads\/2026\/08\/Grupo-Criminal-BACRIM-en-Venezuela.jpg?fit=1200%2C900&quality=100&ssl=1&resize=525%2C300 1.5x, https:\/\/i0.wp.com\/insightcrime.org\/wp-content\/uploads\/2026\/08\/Grupo-Criminal-BACRIM-en-Venezuela.jpg?fit=1200%2C900&quality=100&ssl=1&resize=700%2C400 2x, https:\/\/i0.wp.com\/insightcrime.org\/wp-content\/uploads\/2026\/08\/Grupo-Criminal-BACRIM-en-Venezuela.jpg?fit=1200%2C900&quality=100&ssl=1&resize=1050%2C600 3x"},"classes":[]},{"id":7018,"url":"https:\/\/insightcrime.org\/es\/noticias-crimen-organizado-colombia\/rastrojos-perfil\/","url_meta":{"origin":106971,"position":1},"title":"Los Rastrojos","author":"InSight Crime","date":"20 de julio de 2022","format":false,"excerpt":"Los Rastrojos son un grupo criminal colombiano con influencia en Norte de Santander, departamento fronterizo entre Colombia y Venezuela.","rel":"","context":"En \u00abColombia\u00bb","block_context":{"text":"Colombia","link":"https:\/\/insightcrime.org\/es\/category\/noticias-crimen-organizado-colombia\/"},"img":{"alt_text":"Rastrojos","src":"https:\/\/i0.wp.com\/insightcrime.org\/wp-content\/uploads\/2026\/06\/Grupo-Criminal-Los-Rastrojos.jpg?fit=1200%2C900&quality=100&ssl=1&resize=350%2C200","width":350,"height":200,"srcset":"https:\/\/i0.wp.com\/insightcrime.org\/wp-content\/uploads\/2026\/06\/Grupo-Criminal-Los-Rastrojos.jpg?fit=1200%2C900&quality=100&ssl=1&resize=350%2C200 1x, https:\/\/i0.wp.com\/insightcrime.org\/wp-content\/uploads\/2026\/06\/Grupo-Criminal-Los-Rastrojos.jpg?fit=1200%2C900&quality=100&ssl=1&resize=525%2C300 1.5x, https:\/\/i0.wp.com\/insightcrime.org\/wp-content\/uploads\/2026\/06\/Grupo-Criminal-Los-Rastrojos.jpg?fit=1200%2C900&quality=100&ssl=1&resize=700%2C400 2x, https:\/\/i0.wp.com\/insightcrime.org\/wp-content\/uploads\/2026\/06\/Grupo-Criminal-Los-Rastrojos.jpg?fit=1200%2C900&quality=100&ssl=1&resize=1050%2C600 3x"},"classes":[]},{"id":202276,"url":"https:\/\/insightcrime.org\/es\/noticias\/reapertura-frontera-colombia-venezuela-no-resolvera-contrabando-rampante\/","url_meta":{"origin":106971,"position":2},"title":"Reapertura de frontera Colombia-Venezuela no resolver\u00e1 el contrabando rampante","author":"Unidad Investigativa de Venezuela","date":"21 de octubre de 2022","format":false,"excerpt":"La reapertura de la frontera entre Colombia y Venezuela el pasado septiembre fue recibida como un paso importante para debilitar econom\u00edas criminales transfronterizas, como el contrabando, pero cualquier reducci\u00f3n del delito puede demorar un tiempo en llegar.","rel":"","context":"En \u00abNoticias\u00bb","block_context":{"text":"Noticias","link":"https:\/\/insightcrime.org\/es\/category\/noticias\/"},"img":{"alt_text":"puente internacional Sim\u00f3n Bol\u00edvar entre Venezuela y Colombia","src":"https:\/\/i0.wp.com\/insightcrime.org\/wp-content\/uploads\/2022\/10\/800x-1-1.jpg?fit=350%2C250&quality=100&ssl=1&resize=350%2C200","width":350,"height":200},"classes":[]},{"id":129457,"url":"https:\/\/insightcrime.org\/es\/noticias\/nueva-alianza-criminal-combate-al-eln-en-la-frontera-colombia-venezuela\/","url_meta":{"origin":106971,"position":3},"title":"Nueva alianza criminal combate al ELN en la frontera Colombia-Venezuela","author":"Juan Diego Posada","date":"19 de enero de 2021","format":false,"excerpt":"Una nueva alianza entre dos grupos criminales se estar\u00eda gestando en la frontera entre Colombia y Venezuela, para retomar el control de las principales econom\u00edas criminales. Urabe\u00f1os y Rastrojos habr\u00edan unido fuerzas para contrarrestar al Ej\u00e9rcito de Liberaci\u00f3n Nacional (ELN).","rel":"","context":"En \u00abNoticias\u00bb","block_context":{"text":"Noticias","link":"https:\/\/insightcrime.org\/es\/category\/noticias\/"},"img":{"alt_text":"","src":"https:\/\/i0.wp.com\/insightcrime.org\/wp-content\/uploads\/2021\/01\/ELN-Frontera.jpg?fit=350%2C250&quality=100&ssl=1&resize=350%2C200","width":350,"height":200},"classes":[]},{"id":269532,"url":"https:\/\/insightcrime.org\/es\/noticias\/violencia-cucuta-colombia-aumenta-mientras-bandas-venezolanas-fortalecen\/","url_meta":{"origin":106971,"position":4},"title":"La violencia en C\u00facuta, Colombia, aumenta mientras las bandas venezolanas se fortalecen","author":"Unidad Investigativa de Venezuela","date":"26 de febrero de 2024","format":false,"excerpt":"El principal punto migratorio y comercial entre Venezuela y Colombia, la ciudad fronteriza de C\u00facuta, ha visto altos niveles de violencia mientras lucha por enfrentar la creciente fuerza de los grupos criminales venezolanos.","rel":"","context":"En \u00abNoticias\u00bb","block_context":{"text":"Noticias","link":"https:\/\/insightcrime.org\/es\/category\/noticias\/"},"img":{"alt_text":"The militarization of C\u00facuta, Colombia. La militarizaci\u00f3n de C\u00facuta, Colombia.","src":"https:\/\/i0.wp.com\/insightcrime.org\/wp-content\/uploads\/2024\/02\/militarizacion-Cucura-La-Opinion-11.png?fit=350%2C250&quality=100&ssl=1&resize=350%2C200","width":350,"height":200},"classes":[]},{"id":233261,"url":"https:\/\/insightcrime.org\/es\/noticias-crimen-organizado-venezuela\/tren-de-aragua\/","url_meta":{"origin":106971,"position":5},"title":"Tren de Aragua","author":"InSight Crime","date":"25 de abril de 2025","format":false,"excerpt":"InSight Crime perfila al Tren de Aragua, una banda venezolana que pas\u00f3 de ser un grupo carcelario a una poderosa red criminal internacional.","rel":"","context":"En \u00abVenezuela\u00bb","block_context":{"text":"Venezuela","link":"https:\/\/insightcrime.org\/es\/category\/noticias-crimen-organizado-venezuela\/"},"img":{"alt_text":"","src":"https:\/\/i0.wp.com\/insightcrime.org\/wp-content\/uploads\/2025\/04\/Grupo-criminal-Tren-de-Aragua-InSight-Crime.jpg?fit=1200%2C900&quality=100&ssl=1&resize=350%2C200","width":350,"height":200,"srcset":"https:\/\/i0.wp.com\/insightcrime.org\/wp-content\/uploads\/2025\/04\/Grupo-criminal-Tren-de-Aragua-InSight-Crime.jpg?fit=1200%2C900&quality=100&ssl=1&resize=350%2C200 1x, https:\/\/i0.wp.com\/insightcrime.org\/wp-content\/uploads\/2025\/04\/Grupo-criminal-Tren-de-Aragua-InSight-Crime.jpg?fit=1200%2C900&quality=100&ssl=1&resize=525%2C300 1.5x, https:\/\/i0.wp.com\/insightcrime.org\/wp-content\/uploads\/2025\/04\/Grupo-criminal-Tren-de-Aragua-InSight-Crime.jpg?fit=1200%2C900&quality=100&ssl=1&resize=700%2C400 2x, https:\/\/i0.wp.com\/insightcrime.org\/wp-content\/uploads\/2025\/04\/Grupo-criminal-Tren-de-Aragua-InSight-Crime.jpg?fit=1200%2C900&quality=100&ssl=1&resize=1050%2C600 3x"},"classes":[]}],"jetpack_featured_media_url":"https:\/\/i0.wp.com\/insightcrime.org\/wp-content\/uploads\/2019\/09\/fotografias-difundidas-twitter-guaido-rastrojos-ediima20190913-0383-19.jpg?fit=350%2C250&quality=100&ssl=1","_links":{"self":[{"href":"https:\/\/insightcrime.org\/es\/wp-json\/wp\/v2\/posts\/106971","targetHints":{"allow":["GET"]}}],"collection":[{"href":"https:\/\/insightcrime.org\/es\/wp-json\/wp\/v2\/posts"}],"about":[{"href":"https:\/\/insightcrime.org\/es\/wp-json\/wp\/v2\/types\/post"}],"author":[{"embeddable":true,"href":"https:\/\/insightcrime.org\/es\/wp-json\/wp\/v2\/users\/775"}],"replies":[{"embeddable":true,"href":"https:\/\/insightcrime.org\/es\/wp-json\/wp\/v2\/comments?post=106971"}],"version-history":[{"count":6,"href":"https:\/\/insightcrime.org\/es\/wp-json\/wp\/v2\/posts\/106971\/revisions"}],"predecessor-version":[{"id":317781,"href":"https:\/\/insightcrime.org\/es\/wp-json\/wp\/v2\/posts\/106971\/revisions\/317781"}],"wp:featuredmedia":[{"embeddable":true,"href":"https:\/\/insightcrime.org\/es\/wp-json\/wp\/v2\/media\/107033"}],"wp:attachment":[{"href":"https:\/\/insightcrime.org\/es\/wp-json\/wp\/v2\/media?parent=106971"}],"wp:term":[{"taxonomy":"category","embeddable":true,"href":"https:\/\/insightcrime.org\/es\/wp-json\/wp\/v2\/categories?post=106971"},{"taxonomy":"post_tag","embeddable":true,"href":"https:\/\/insightcrime.org\/es\/wp-json\/wp\/v2\/tags?post=106971"},{"taxonomy":"newspack_spnsrs_tax","embeddable":true,"href":"https:\/\/insightcrime.org\/es\/wp-json\/wp\/v2\/newspack_spnsrs_tax?post=106971"},{"taxonomy":"author","embeddable":true,"href":"https:\/\/insightcrime.org\/es\/wp-json\/wp\/v2\/coauthors?post=106971"}],"curies":[{"name":"wp","href":"https:\/\/api.w.org\/{rel}","templated":true}]}}