{"id":107646,"date":"2019-10-07T18:24:02","date_gmt":"2019-10-07T23:24:02","guid":{"rendered":"https:\/\/insightcrime.org\/?p=107646"},"modified":"2023-04-24T16:38:30","modified_gmt":"2023-04-24T21:38:30","slug":"disidentes-respaldan-guerra-farc-colombia","status":"publish","type":"post","link":"https:\/\/insightcrime.org\/es\/noticias\/analisis\/disidentes-respaldan-guerra-farc-colombia\/","title":{"rendered":"Frente 18 de ex-FARC mafia respalda propuesta de volver a la guerra en Colombia"},"content":{"rendered":"\n<p class=\"wp-block-paragraph\"><span style=\"vertical-align: inherit;\"><span style=\"vertical-align: inherit;\">El Frente 18 de las ex-FARC mafia anunci\u00f3 su apoyo al proyecto pol\u00edtico y guerrillero que lidera alias \u201cIv\u00e1n M\u00e1rquez\u201d, convirti\u00e9ndose en la primera estructura en unirse a la propuesta de este reconocido l\u00edder de refundar las antiguas FARC.<\/span><\/span><\/p>\n\n\n\n<p class=\"wp-block-paragraph\"><span style=\"vertical-align: inherit;\"><span style=\"vertical-align: inherit;\">Por medio de un video <\/span><\/span><a href=\"https:\/\/www.elcolombiano.com\/colombia\/paz-y-derechos-humanos\/disidentes-del-frente-18-aceptan-a-ivan-marquez-como-su-comandante-GA11664929\" target=\"_blank\" rel=\"noopener\"><span style=\"vertical-align: inherit;\"><span style=\"vertical-align: inherit;\">publicado<\/span><\/span><\/a><span style=\"vertical-align: inherit;\"><span style=\"vertical-align: inherit;\"> por el diario El Colombiano, el autodenominado Frente 18 Rom\u00e1n Ru\u00edz de las disidencias de las Fuerzas Armadas Revolucionarias de Colombia (ex-FARC mafia), hizo p\u00fablica su decisi\u00f3n de respaldar el <\/span><\/span><a href=\"https:\/\/www.eltiempo.com\/justicia\/conflicto-y-narcotrafico\/video-ivan-marquez-anuncia-creacion-de-nueva-guerrilla-406290\" target=\"_blank\" rel=\"noopener\"><span style=\"vertical-align: inherit;\"><span style=\"vertical-align: inherit;\">regreso<\/span><\/span><\/a><span style=\"vertical-align: inherit;\"><span style=\"vertical-align: inherit;\"> a las armas del grupo que lidera Luciano Mar\u00edn Arango, alias <\/span><\/span><a href=\"https:\/\/es.insightcrime.org\/colombia-crimen-organizado\/luciano-marin-ivan-marquez\/\" target=\"_blank\" rel=\"noopener\"><span style=\"vertical-align: inherit;\"><span style=\"vertical-align: inherit;\">Iv\u00e1n M\u00e1rquez<\/span><\/span><\/a><span style=\"vertical-align: inherit;\"><span style=\"vertical-align: inherit;\"> .<\/span><\/span><\/p>\n\n\n\n<p class=\"wp-block-paragraph\"><span style=\"vertical-align: inherit;\"><span style=\"vertical-align: inherit;\">En el video se aprecia a una mujer conocida como alias \u201cLa Reina\u201d leyendo un comunicado en el que reafirma el compromiso del frente con las directrices del grupo disidente que lidera M\u00e1rquez junto a Seuxis Pausias Hern\u00e1ndez, alias <\/span><\/span><a href=\"https:\/\/es.insightcrime.org\/colombia-crimen-organizado\/seuxis-pausias-hernandez-alias-jesus-santrich\/\" target=\"_blank\" rel=\"noopener\"><span style=\"vertical-align: inherit;\"><span style=\"vertical-align: inherit;\">\u201cJes\u00fas Santrich\u201d<\/span><\/span><\/a><span style=\"vertical-align: inherit;\"><span style=\"vertical-align: inherit;\"> y Hern\u00e1n Dar\u00edo V\u00e9lez, alias <\/span><\/span><a href=\"https:\/\/es.insightcrime.org\/colombia-crimen-organizado\/hernan-dario-velasquez-saldarriaga-alias-el-paisa\/\" target=\"_blank\" rel=\"noopener\"><span style=\"vertical-align: inherit;\"><span style=\"vertical-align: inherit;\">\u201cEl Paisa\u201d<\/span><\/span><\/a><span style=\"vertical-align: inherit;\"><span style=\"vertical-align: inherit;\">.<\/span><\/span><\/p>\n\n\n\n<p class=\"wp-block-paragraph\"><span style=\"color: #800000;\"><strong><span style=\"vertical-align: inherit;\"><span style=\"vertical-align: inherit;\">VEA TAMBIEN:<\/span><\/span><\/strong><\/span> <a href=\"https:\/\/es.insightcrime.org\/noticias-sobre-crimen-organizado-en-colombia\/\" target=\"_blank\" rel=\"noopener\"><span style=\"vertical-align: inherit;\"><span style=\"vertical-align: inherit;\"> Noticias y perfil de Colombia<\/span><\/span><\/a><\/p>\n\n\n\n<p class=\"wp-block-paragraph\"><span style=\"vertical-align: inherit;\"><span style=\"vertical-align: inherit;\">En el comunicado, el Frente 18 rechaza los acuerdos de paz pactados con el gobierno colombiano y los traidores, como llama a los integrantes del partido pol\u00edtico FARC por no seguir con lo que ellos llaman \u201clos verdaderos ideales de la organizaci\u00f3n guerrillera\u201d.<\/span><\/span><\/p>\n\n\n\n<h3 class=\"wp-block-heading\"><span style=\"vertical-align: inherit;\"><span style=\"vertical-align: inherit;\">An\u00e1lisis de InSight Crime<\/span><\/span><\/h3>\n\n\n\n<p class=\"wp-block-paragraph\"><span style=\"vertical-align: inherit;\"><span style=\"vertical-align: inherit;\">El apoyo de este frente al grupo disidente de Iv\u00e1n M\u00e1rquez constituye una oportunidad para impulsar a\u00fan m\u00e1s el proyecto de unificaci\u00f3n de esta nueva guerrilla y relacionado con la trayectoria que tuvo el Frente 18 en el noroccidente de Colombia.<\/span><\/span><\/p>\n\n\n\n<p class=\"wp-block-paragraph\"><span style=\"vertical-align: inherit;\"><span style=\"vertical-align: inherit;\">El respaldo hacia M\u00e1rquez estuvo ligado al discurso ideol\u00f3gico que el m\u00e1ximo l\u00edder del Frente 18, Erlison Chavarr\u00eda alias \u201cRamiro\u201d, ha impulsado desde este frente en el \u00faltimo a\u00f1o.<\/span><\/span><\/p>\n\n\n\n<p class=\"wp-block-paragraph\">Seg\u00fan inform\u00f3 el general Juan Carlos Ram\u00edrez de la S\u00e9ptima Divisi\u00f3n del Ej\u00e9rcito al diario <a href=\"https:\/\/www.elcolombiano.com\/colombia\/paz-y-derechos-humanos\/disidencias-de-farc-ramiro-que-azota-ituango-antioquia-crecio-a-la-sombra-de-cabuyo-HD11124366\" target=\"_blank\" rel=\"noopener\">El Colombiano<\/a>, este cabecilla se ha dedicado a adelantar tareas similares a las que realizaban las antiguas FARC como el acercamiento con las comunidades en el \u00e1rea rural y el proselitismo pol\u00edtico, actividades que resuenan con el proyecto guerrillero que ha propuesto M\u00e1rquez.<\/p>\n\n\n\n<p class=\"wp-block-paragraph\">El apoyo del Frente 18 se enmarca como una primera muestra del poder y legitimidad que aun detentan los antiguos comandantes de las FARC. Este respaldo podr\u00eda servir de ejemplo para que otros grupos disidentes a lo largo del pa\u00eds se pronuncien ante el llamado de unificaci\u00f3n de la antigua guerrilla.<\/p>\n\n\n\n<p class=\"wp-block-paragraph\">La posici\u00f3n estrat\u00e9gica que tiene este frente en el nordeste antioque\u00f1o y el sur de C\u00f3rdoba es sin duda otra ventaja para el grupo disidente de M\u00e1rquez, pues este concentra sus operaciones en el oriente colombiano y la frontera con Venezuela, por lo que le viene bien tener un aliado al otro lado del pa\u00eds.<\/p>\n\n\n\n<p class=\"wp-block-paragraph\">Esta zona, conocida como el Nudo de Paramillo, cuenta con una alta concentraci\u00f3n de cultivos il\u00edcitos en <a href=\"https:\/\/www.unodc.org\/documents\/colombia\/2019\/Agosto\/Informe_de_Monitoreo_de_Territorios_Afectador_por_Cultivos_Ilicitos_en_Colombia_2018_.pdf\" target=\"_blank\" rel=\"noopener\">municipios<\/a> como Taraz\u00e1 y Valdivia, y es un punto esencial para el tr\u00e1fico de coca\u00edna que va desde esa regi\u00f3n hasta el Pac\u00edfico colombiano, por lo que su control es de primera importancia.<\/p>\n\n\n\n<p class=\"wp-block-paragraph\"><span style=\"color: #800000;\"><strong>VEA TAMBI\u00c9N:<\/strong><\/span> <a href=\"https:\/\/es.insightcrime.org\/noticias\/analisis\/implicaciones-del-regreso-a-la-guerra-de-los-lideres-de-las-farc\/\" target=\"_blank\" rel=\"noopener\">Implicaciones del regreso a la guerra de los l\u00edderes de las FARC<\/a><\/p>\n\n\n\n<p class=\"wp-block-paragraph\">La fuerza que ha ganado Ramiro en esta zona durante el \u00faltimo a\u00f1o tambi\u00e9n constituir\u00eda una ventaja para M\u00e1rquez. A comienzos de 2018, Ramiro trabaj\u00f3 <a href=\"https:\/\/hsbnoticias.com\/noticias\/judicial\/alias-ramiro-y-noraldo-los-que-siguen-cabuyo-al-mando-de-d-461789\" target=\"_blank\" rel=\"noopener\">bajo las \u00f3rdenes<\/a> de Ricardo Abel Ayala alias \u201cCabuyo\u201d l\u00edder del Frente 36 de las disidencias de las FARC que tambi\u00e9n opera en esa zona.<\/p>\n\n\n\n<p class=\"wp-block-paragraph\">De acuerdo con <a href=\"https:\/\/hsbnoticias.com\/noticias\/judicial\/alias-ramiro-y-noraldo-los-que-siguen-cabuyo-al-mando-de-d-461789\" target=\"_blank\" rel=\"noopener\">informaci\u00f3n<\/a> de la Cuarta Brigada del Ej\u00e9rcito, Ramiro era cabecilla de una comisi\u00f3n que ten\u00eda presencia en los municipios de Taraz\u00e1, Valdivia, Brice\u00f1o e Ituango en el departamento de Antioquia, donde custodiaba cultivos il\u00edcitos y supervisaba varias rutas del narcotr\u00e1fico.<\/p>\n\n\n\n<p class=\"wp-block-paragraph\"><span style=\"vertical-align: inherit;\"><span style=\"vertical-align: inherit;\">Sin embargo, en abril del 2018, sali\u00f3 a la luz un <\/span><\/span><a href=\"https:\/\/twitter.com\/paolaholguin\/status\/988253288771588097\" target=\"_blank\" rel=\"noopener\"><span style=\"vertical-align: inherit;\"><span style=\"vertical-align: inherit;\">video<\/span><\/span><\/a><span style=\"vertical-align: inherit;\"><span style=\"vertical-align: inherit;\"> en el que Ramiro anunciaba su salida del Frente 36 para crear el Frente 18, recordando la necesidad de una nueva fuerza guerrillera que contrarrestara la creciente amenaza paramilitar que, seg\u00fan \u00e9l, se desarrolla en esa regi\u00f3n del pa\u00eds.<\/span><\/span><\/p>\n\n\n\n<p class=\"wp-block-paragraph\"><span style=\"vertical-align: inherit;\"><span style=\"vertical-align: inherit;\">Desde entonces, y con al&nbsp;<\/span><\/span><a href=\"https:\/\/www.elcolombiano.com\/colombia\/paz-y-derechos-humanos\/disidencias-de-farc-ramiro-que-azota-ituango-antioquia-crecio-a-la-sombra-de-cabuyo-HD11124366\" target=\"_blank\" rel=\"noopener\"><span style=\"vertical-align: inherit;\"><span style=\"vertical-align: inherit;\">menos <\/span><\/span><\/a><span style=\"vertical-align: inherit;\"><span style=\"vertical-align: inherit;\">120 hombres dentro de sus filas, el Frente 18 ha logrado controlar los municipios de Tierralta, Puerto Libertador y San Jos\u00e9 de Ur\u00e9 en los departamentos de Antioquia y C\u00f3rdoba, donde tambi\u00e9n hacen presencia otros grupos ilegales como el Ej\u00e9rcito de Liberaci\u00f3n Nacional (ELN) y los Urabe\u00f1os.<\/span><\/span><\/p>\n","protected":false},"excerpt":{"rendered":"<p>El Frente 18 de las ex-FARC mafia anunci\u00f3 su apoyo al proyecto pol\u00edtico y guerrillero que lidera alias \u201cIv\u00e1n M\u00e1rquez\u201d, convirti\u00e9ndose en la primera estructura en unirse a la propuesta [&hellip;]<\/p>\n","protected":false},"author":222,"featured_media":107731,"comment_status":"closed","ping_status":"closed","sticky":false,"template":"","format":"standard","meta":{"newspack_ads_suppress_ads":false,"newspack_popups_has_disabled_popups":false,"newspack_sponsor_sponsorship_scope":"","newspack_sponsor_native_byline_display":"inherit","newspack_sponsor_native_category_display":"inherit","newspack_sponsor_underwriter_style":"inherit","newspack_sponsor_underwriter_placement":"inherit","_EventAllDay":false,"_EventTimezone":"","_EventStartDate":"","_EventEndDate":"","_EventStartDateUTC":"","_EventEndDateUTC":"","_EventShowMap":false,"_EventShowMapLink":false,"_EventURL":"","_EventCost":"","_EventCostDescription":"","_EventCurrencySymbol":"","_EventCurrencyCode":"","_EventCurrencyPosition":"","_EventDateTimeSeparator":"","_EventTimeRangeSeparator":"","_EventOrganizerID":[],"_EventVenueID":[],"_OrganizerEmail":"","_OrganizerPhone":"","_OrganizerWebsite":"","_VenueAddress":"","_VenueCity":"","_VenueCountry":"","_VenueProvince":"","_VenueState":"","_VenueZip":"","_VenuePhone":"","_VenueURL":"","_VenueStateProvince":"","_VenueLat":"","_VenueLng":"","_VenueShowMap":false,"_VenueShowMapLink":false,"_newspack_byline_active":false,"_newspack_byline":"","newspack_hide_updated_date":false,"newspack_show_updated_date":false,"newspack_featured_image_position":"","newspack_post_subtitle":"","newspack_article_summary_title":"Overview:","newspack_article_summary":"","_jetpack_memberships_contains_paid_content":false,"footnotes":""},"categories":[340],"tags":[368,3365,1492],"newspack_spnsrs_tax":[],"coauthors":[4167],"class_list":["post-107646","post","type-post","status-publish","format-standard","has-post-thumbnail","hentry","category-analisis","tag-colombia-pais","tag-ex-farc-mafia-es-2","tag-ivan-marquez-es","entry"],"parsely":{"version":"1.1.0","canonical_url":"https:\/\/insightcrime.org\/es\/noticias\/analisis\/disidentes-respaldan-guerra-farc-colombia\/","smart_links":{"inbound":0,"outbound":0},"traffic_boost_suggestions_count":0,"meta":{"@context":"https:\/\/schema.org","@type":"NewsArticle","headline":"Frente 18 de ex-FARC mafia respalda propuesta de volver a la guerra en Colombia","url":"http:\/\/insightcrime.org\/es\/noticias\/analisis\/disidentes-respaldan-guerra-farc-colombia\/","mainEntityOfPage":{"@type":"WebPage","@id":"http:\/\/insightcrime.org\/es\/noticias\/analisis\/disidentes-respaldan-guerra-farc-colombia\/"},"thumbnailUrl":"https:\/\/i0.wp.com\/insightcrime.org\/wp-content\/uploads\/2019\/10\/Flagship-Colombia-Frente-18-FARC-2019-10-07.jpg?resize=150%2C150&quality=100&ssl=1","image":{"@type":"ImageObject","url":"https:\/\/i0.wp.com\/insightcrime.org\/wp-content\/uploads\/2019\/10\/Flagship-Colombia-Frente-18-FARC-2019-10-07.jpg?fit=350%2C250&quality=100&ssl=1"},"articleSection":"An\u00e1lisis","author":[{"@type":"Person","name":"Juan Diego C\u00e1rdenas"}],"creator":["Juan Diego C\u00e1rdenas"],"publisher":{"@type":"Organization","name":"InSight Crime","logo":"https:\/\/insightcrime.org\/wp-content\/uploads\/2023\/08\/logo.png"},"keywords":["colombia","ex-farc mafia","iv\u00e1n m\u00e1rquez"],"dateCreated":"2019-10-07T23:24:02Z","datePublished":"2019-10-07T23:24:02Z","dateModified":"2023-04-24T21:38:30Z"},"rendered":"<meta name=\"parsely-title\" content=\"Frente 18 de ex-FARC mafia respalda propuesta de volver a la guerra en Colombia\" \/>\n<meta name=\"parsely-link\" content=\"http:\/\/insightcrime.org\/es\/noticias\/analisis\/disidentes-respaldan-guerra-farc-colombia\/\" \/>\n<meta name=\"parsely-type\" content=\"post\" \/>\n<meta name=\"parsely-image-url\" content=\"https:\/\/i0.wp.com\/insightcrime.org\/wp-content\/uploads\/2019\/10\/Flagship-Colombia-Frente-18-FARC-2019-10-07.jpg?resize=150%2C150&amp;quality=100&amp;ssl=1\" \/>\n<meta name=\"parsely-pub-date\" content=\"2019-10-07T23:24:02Z\" \/>\n<meta name=\"parsely-section\" content=\"An\u00e1lisis\" \/>\n<meta name=\"parsely-tags\" content=\"colombia,ex-farc mafia,iv\u00e1n m\u00e1rquez\" \/>\n<meta name=\"parsely-author\" content=\"Juan Diego C\u00e1rdenas\" \/>","tracker_url":"https:\/\/cdn.parsely.com\/keys\/insightcrime.org\/p.js"},"jetpack_sharing_enabled":true,"jetpack-related-posts":[{"id":201670,"url":"https:\/\/insightcrime.org\/es\/noticias\/reaparicion-ivan-mordisco-reto-paz-total-colombia\/","url_meta":{"origin":107646,"position":0},"title":"Reaparici\u00f3n de Iv\u00e1n Mordisco trae nuevos retos para &#8216;Paz Total&#8217; en Colombia","author":"Juliana Manjarr\u00e9s","date":"18 de octubre de 2022","format":false,"excerpt":"Por tres meses, Colombia crey\u00f3 que Iv\u00e1n Mordisco hab\u00eda muerto en un operativo militar.","rel":"","context":"En \u00abNoticias\u00bb","block_context":{"text":"Noticias","link":"https:\/\/insightcrime.org\/es\/category\/noticias\/"},"img":{"alt_text":"","src":"https:\/\/i0.wp.com\/insightcrime.org\/wp-content\/uploads\/2022\/10\/IMG-destacado-Ivan-MordiscoV2.jpg?fit=1200%2C690&quality=100&ssl=1&resize=350%2C200","width":350,"height":200,"srcset":"https:\/\/i0.wp.com\/insightcrime.org\/wp-content\/uploads\/2022\/10\/IMG-destacado-Ivan-MordiscoV2.jpg?fit=1200%2C690&quality=100&ssl=1&resize=350%2C200 1x, https:\/\/i0.wp.com\/insightcrime.org\/wp-content\/uploads\/2022\/10\/IMG-destacado-Ivan-MordiscoV2.jpg?fit=1200%2C690&quality=100&ssl=1&resize=525%2C300 1.5x, https:\/\/i0.wp.com\/insightcrime.org\/wp-content\/uploads\/2022\/10\/IMG-destacado-Ivan-MordiscoV2.jpg?fit=1200%2C690&quality=100&ssl=1&resize=700%2C400 2x, https:\/\/i0.wp.com\/insightcrime.org\/wp-content\/uploads\/2022\/10\/IMG-destacado-Ivan-MordiscoV2.jpg?fit=1200%2C690&quality=100&ssl=1&resize=1050%2C600 3x"},"classes":[]},{"id":232566,"url":"https:\/\/insightcrime.org\/es\/noticias\/muerte-ivan-marquez-simplifica-negociaciones-paz-total\/","url_meta":{"origin":107646,"position":1},"title":"Muerte de Iv\u00e1n M\u00e1rquez simplifica negociaciones de la &#8216;Paz Total&#8217;","author":"Peter Appleby","date":"10 de julio de 2023","format":false,"excerpt":"Iv\u00e1n M\u00e1rquez, excomandante de las FARC, muri\u00f3 supuestamente en Venezuela, una muerte que seguramente tendr\u00e1 consecuencias de amplio alcance para las negociaciones de la \u201cPaz Total\u201d en Colombia.","rel":"","context":"En \u00abNoticias\u00bb","block_context":{"text":"Noticias","link":"https:\/\/insightcrime.org\/es\/category\/noticias\/"},"img":{"alt_text":"Imagen de Iv\u00e1n M\u00e1rquez, excomandante de las FARC, jefe negociador de los acuerdos de 2016 y comandante de la disidencia de la Segunda Marquetalia.","src":"https:\/\/i0.wp.com\/insightcrime.org\/wp-content\/uploads\/2023\/09\/ivan-marquez-1-1-1.jpeg?fit=350%2C250&quality=100&ssl=1&resize=350%2C200","width":350,"height":200},"classes":[]},{"id":232530,"url":"https:\/\/insightcrime.org\/es\/noticias\/resurreccion-guerrillera-divisiones-poder-exfarc-mafia\/","url_meta":{"origin":107646,"position":2},"title":"Resurrecci\u00f3n guerrillera: divisiones de poder entre las ex-FARC mafia","author":"Juan Diego Posada","date":"4 de agosto de 2023","format":false,"excerpt":"En tanto que un exl\u00edder guerrillero reaparece e insta a su ej\u00e9rcito a continuar una lucha casi perdida, otra facci\u00f3n disidente rival expande su presencia, incluso mientras se prepara para iniciar di\u00e1logos de paz con el gobierno colombiano.","rel":"","context":"En \u00abNoticias\u00bb","block_context":{"text":"Noticias","link":"https:\/\/insightcrime.org\/es\/category\/noticias\/"},"img":{"alt_text":"Iv\u00e1n M\u00e1rquez lee una declaraci\u00f3n en un video de las ex-FARC.","src":"https:\/\/i0.wp.com\/insightcrime.org\/wp-content\/uploads\/2023\/09\/Colombia-Ivan-Marquez-ex-FARC-mafia-Infobae-1.jpg?fit=350%2C250&quality=100&ssl=1&resize=350%2C200","width":350,"height":200},"classes":[]},{"id":233321,"url":"https:\/\/insightcrime.org\/es\/noticias-crimen-organizado-colombia\/luciano-marin-ivan-marquez\/","url_meta":{"origin":107646,"position":3},"title":"Luciano Mar\u00edn Arango, alias &#8216;Iv\u00e1n M\u00e1rquez&#8217;","author":"InSight Crime","date":"27 de junio de 2024","format":false,"excerpt":"Luciano Mar\u00edn Arango, alias \u201cIv\u00e1n M\u00e1rquez\u201d, un hist\u00f3rico miembro de las FARC y fundador de las disidencias","rel":"","context":"En \u00abColombia\u00bb","block_context":{"text":"Colombia","link":"https:\/\/insightcrime.org\/es\/category\/noticias-crimen-organizado-colombia\/"},"img":{"alt_text":"Perfil criminal - Luciano Mar\u00edn Arango, alias 'Iv\u00e1n M\u00e1rquez' - Colombia.","src":"https:\/\/i0.wp.com\/insightcrime.org\/wp-content\/uploads\/2026\/08\/Perfil-Criminal-Alias-Ivan-Marquez-Colombia.jpg?fit=1200%2C900&quality=100&ssl=1&resize=350%2C200","width":350,"height":200,"srcset":"https:\/\/i0.wp.com\/insightcrime.org\/wp-content\/uploads\/2026\/08\/Perfil-Criminal-Alias-Ivan-Marquez-Colombia.jpg?fit=1200%2C900&quality=100&ssl=1&resize=350%2C200 1x, https:\/\/i0.wp.com\/insightcrime.org\/wp-content\/uploads\/2026\/08\/Perfil-Criminal-Alias-Ivan-Marquez-Colombia.jpg?fit=1200%2C900&quality=100&ssl=1&resize=525%2C300 1.5x, https:\/\/i0.wp.com\/insightcrime.org\/wp-content\/uploads\/2026\/08\/Perfil-Criminal-Alias-Ivan-Marquez-Colombia.jpg?fit=1200%2C900&quality=100&ssl=1&resize=700%2C400 2x, https:\/\/i0.wp.com\/insightcrime.org\/wp-content\/uploads\/2026\/08\/Perfil-Criminal-Alias-Ivan-Marquez-Colombia.jpg?fit=1200%2C900&quality=100&ssl=1&resize=1050%2C600 3x"},"classes":[]},{"id":205131,"url":"https:\/\/insightcrime.org\/es\/uncategorized\/guerra-civil-ex-farc-putumayo-pone-prueba-gobierno-colombia\/","url_meta":{"origin":107646,"position":4},"title":"Guerra civil de Ex-FARC en Putumayo pone a prueba al gobierno de Colombia","author":"Juliana Manjarr\u00e9s","date":"21 de noviembre de 2022","format":false,"excerpt":"La interminable guerra entre facciones disidentes contin\u00faa cobrando decenas de vidas en el departamento cocalero de Putumayo, al sur de Colombia. El gobierno, por su parte, se ha mostrado incapaz de atender la crisis de seguridad.","rel":"","context":"En \u00abNews\u00bb","block_context":{"text":"News","link":"https:\/\/insightcrime.org\/category\/news\/"},"img":{"alt_text":"","src":"https:\/\/i0.wp.com\/insightcrime.org\/wp-content\/uploads\/2022\/11\/descarga-1.jpeg?fit=334%2C250&quality=100&ssl=1&resize=350%2C200","width":350,"height":200},"classes":[]},{"id":79860,"url":"https:\/\/insightcrime.org\/es\/noticias-crimen-organizado-colombia\/gener-garcia-molina-alias-jhon-40\/","url_meta":{"origin":107646,"position":5},"title":"Ge\u0301ner Garci\u0301a Molina, alias &#8216;John 40&#8217;","author":"InSight Crime","date":"20 de enero de 2023","format":false,"excerpt":"G\u00e9ner Garc\u00eda Molina, alias \u201cJohn 40\u201d, fue uno de los comandantes m\u00e1s criminalizados de las Fuerzas Armadas Revolucionarias de Colombia (FARC). Seducido por los recursos provenientes del narcotr\u00e1fico nunca se acogi\u00f3 al Proceso de Paz entre la guerrilla y el gobierno de Colombia firmado en 2016.","rel":"","context":"En \u00abColombia\u00bb","block_context":{"text":"Colombia","link":"https:\/\/insightcrime.org\/es\/category\/noticias-crimen-organizado-colombia\/"},"img":{"alt_text":"Perfil criminal - G\u00e9ner Garc\u00eda Molina, alias \u2018John 40\u2019 - Colombia.","src":"https:\/\/i0.wp.com\/insightcrime.org\/wp-content\/uploads\/2026\/08\/Perfil-Criminal-Alias-John-40-Colombia.jpg?fit=1200%2C900&quality=100&ssl=1&resize=350%2C200","width":350,"height":200,"srcset":"https:\/\/i0.wp.com\/insightcrime.org\/wp-content\/uploads\/2026\/08\/Perfil-Criminal-Alias-John-40-Colombia.jpg?fit=1200%2C900&quality=100&ssl=1&resize=350%2C200 1x, https:\/\/i0.wp.com\/insightcrime.org\/wp-content\/uploads\/2026\/08\/Perfil-Criminal-Alias-John-40-Colombia.jpg?fit=1200%2C900&quality=100&ssl=1&resize=525%2C300 1.5x, https:\/\/i0.wp.com\/insightcrime.org\/wp-content\/uploads\/2026\/08\/Perfil-Criminal-Alias-John-40-Colombia.jpg?fit=1200%2C900&quality=100&ssl=1&resize=700%2C400 2x, https:\/\/i0.wp.com\/insightcrime.org\/wp-content\/uploads\/2026\/08\/Perfil-Criminal-Alias-John-40-Colombia.jpg?fit=1200%2C900&quality=100&ssl=1&resize=1050%2C600 3x"},"classes":[]}],"jetpack_featured_media_url":"https:\/\/i0.wp.com\/insightcrime.org\/wp-content\/uploads\/2019\/10\/Flagship-Colombia-Frente-18-FARC-2019-10-07.jpg?fit=350%2C250&quality=100&ssl=1","_links":{"self":[{"href":"https:\/\/insightcrime.org\/es\/wp-json\/wp\/v2\/posts\/107646","targetHints":{"allow":["GET"]}}],"collection":[{"href":"https:\/\/insightcrime.org\/es\/wp-json\/wp\/v2\/posts"}],"about":[{"href":"https:\/\/insightcrime.org\/es\/wp-json\/wp\/v2\/types\/post"}],"author":[{"embeddable":true,"href":"https:\/\/insightcrime.org\/es\/wp-json\/wp\/v2\/users\/222"}],"replies":[{"embeddable":true,"href":"https:\/\/insightcrime.org\/es\/wp-json\/wp\/v2\/comments?post=107646"}],"version-history":[{"count":5,"href":"https:\/\/insightcrime.org\/es\/wp-json\/wp\/v2\/posts\/107646\/revisions"}],"predecessor-version":[{"id":108056,"href":"https:\/\/insightcrime.org\/es\/wp-json\/wp\/v2\/posts\/107646\/revisions\/108056"}],"wp:featuredmedia":[{"embeddable":true,"href":"https:\/\/insightcrime.org\/es\/wp-json\/wp\/v2\/media\/107731"}],"wp:attachment":[{"href":"https:\/\/insightcrime.org\/es\/wp-json\/wp\/v2\/media?parent=107646"}],"wp:term":[{"taxonomy":"category","embeddable":true,"href":"https:\/\/insightcrime.org\/es\/wp-json\/wp\/v2\/categories?post=107646"},{"taxonomy":"post_tag","embeddable":true,"href":"https:\/\/insightcrime.org\/es\/wp-json\/wp\/v2\/tags?post=107646"},{"taxonomy":"newspack_spnsrs_tax","embeddable":true,"href":"https:\/\/insightcrime.org\/es\/wp-json\/wp\/v2\/newspack_spnsrs_tax?post=107646"},{"taxonomy":"author","embeddable":true,"href":"https:\/\/insightcrime.org\/es\/wp-json\/wp\/v2\/coauthors?post=107646"}],"curies":[{"name":"wp","href":"https:\/\/api.w.org\/{rel}","templated":true}]}}