{"id":108928,"date":"2019-11-07T13:48:46","date_gmt":"2019-11-07T18:48:46","guid":{"rendered":"https:\/\/insightcrime.org\/?p=108928"},"modified":"2023-04-24T16:39:04","modified_gmt":"2023-04-24T21:39:04","slug":"disidencias-farc-cauca-colombia","status":"publish","type":"post","link":"https:\/\/insightcrime.org\/es\/noticias\/analisis\/disidencias-farc-cauca-colombia\/","title":{"rendered":"Las Ex-FARC mafia tienen en llamas el norte del Cauca en Colombia"},"content":{"rendered":"\n<p class=\"wp-block-paragraph\">Una nueva masacre contra autoridades ind\u00edgenas en el departamento del Cauca, al suroccidente de Colombia, vuelve a llamar la atenci\u00f3n sobre la lucha que mantienen las Ex-FARC mafia por controlar las rentas ilegales en la zona.<\/p>\n\n\n\n<p class=\"wp-block-paragraph\">El 29 de octubre, hombres de la Columna M\u00f3vil Dagoberto Ramos de las disidencias de las Fuerzas Armadas Revolucionarias de Colombia (Ex-FARC mafia) <a href=\"https:\/\/www.wradio.com.co\/noticias\/regionales\/disidencias-de-farc-arremeten-contra-la-guardia-indigena-en-toribio-cauca\/20191029\/nota\/3973029.aspx\" target=\"_blank\" rel=\"noopener\">arremetieron<\/a> contra 10 miembros de la guardia ind\u00edgena del resguardo de Tacuey\u00f3, encargados de la protecci\u00f3n de los resguardos, en el municipio de Torib\u00edo, Cauca. En el hecho murieron cinco personas.<\/p>\n\n\n\n<p class=\"wp-block-paragraph\">De acuerdo con testigos del suceso, los disidentes atacaron tambi\u00e9n a las <a href=\"https:\/\/www.elpais.com.co\/judicial\/esto-es-lo-que-saben-las-autoridades-en-el-cauca-sobre-masacre-en-el-resguardo-tacueyo.html\" target=\"_blank\" rel=\"noopener\">ambulancias y comuneros<\/a> que llegaron a socorrer a las v\u00edctimas, entre las cuales se encontraba la gobernadora del resguardo de Tacuey\u00f3, <a href=\"https:\/\/www.eltiempo.com\/colombia\/cali\/somos-mas-los-queremos-la-paz-que-la-guerra-dijo-gobernadora-asesinada-en-cauca-428910\" target=\"_blank\" rel=\"noopener\">Cristina Bautista<\/a>.<\/p>\n\n\n\n<p class=\"wp-block-paragraph\"><span style=\"color: #800000;\"><strong>VEA TAMBI\u00c9N:<\/strong><\/span> <a href=\"https:\/\/es.insightcrime.org\/noticias-sobre-crimen-organizado-en-colombia\/\" target=\"_blank\" rel=\"noopener\">Noticias y perfil de Colombia<\/a><\/p>\n\n\n\n<p class=\"wp-block-paragraph\">Menos de dos d\u00edas despu\u00e9s, en el municipio de Corinto, Cauca, miembros de la comunidad descubrieron otras cuatro personas muertas producto de una <a href=\"https:\/\/www.eltiempo.com\/justicia\/conflicto-y-narcotrafico\/mas-violencia-en-cauca-cinco-hombres-degollados-en-el-norte-del-cauca-429434\" target=\"_blank\" rel=\"noopener\">nueva masacre<\/a>. Las v\u00edctimas eran miembros de un equipo de ingenieros y top\u00f3grafos que realizaban trabajo de reconocimiento en la zona.<\/p>\n\n\n\n<p class=\"wp-block-paragraph\">Ante el malestar nacional que generaron ambos hechos, el presidente Iv\u00e1n Duque <a href=\"https:\/\/www.semana.com\/nacion\/articulo\/militarizan-el-cauca-ivan-duque-envia-2500-miembros-de-la-la-fuerza-de-despliegue-rapido-fudra-4\/638391\" target=\"_blank\" rel=\"noopener\">anunci\u00f3<\/a> que reforzar\u00e1 el pie de fuerza en la zona con 2.500 miembros de la Fuerza de Despliegue R\u00e1pido FUDRA 4 del Ej\u00e9rcito, que llegar\u00e1n al departamento para sumarse a los m\u00e1s de 8.000 efectivos que ya se encuentran en el territorio.<\/p>\n\n\n\n<p class=\"wp-block-paragraph\">Sin embargo, varios l\u00edderes ind\u00edgenas han <a href=\"https:\/\/www.elespectador.com\/noticias\/nacional\/autoridades-indigenas-rechazan-militarizacion-en-el-cauca-articulo-888984\" target=\"_blank\" rel=\"noopener\">rechazado<\/a> las medidas de militarizaci\u00f3n de Duque, por considerar que sin cambios estructurales no se ver\u00e1 una reducci\u00f3n en la violencia que sufre el departamento.<\/p>\n\n\n\n<h3 class=\"wp-block-heading\">An\u00e1lisis de InSight Crime<\/h3>\n\n\n\n<p class=\"wp-block-paragraph\">La lucha por el control de las rentas del narcotr\u00e1fico tiene enfrentados a las disidencias de las FARC con las autoridades ind\u00edgenas y la Fuerza P\u00fablica en la regi\u00f3n, lo que ha desatado una ola de violencia sobre el departamento del Cauca.<\/p>\n\n\n\n<p class=\"wp-block-paragraph\">La Columna M\u00f3vil Dagoberto Ramos, responsable de la masacre del 29 de octubre es una disidencia del Frente 6 de las FARC que por a\u00f1os estuvo presente en el norte del Cauca.<\/p>\n\n\n\n<p class=\"wp-block-paragraph\">Actualmente esta columna <a href=\"https:\/\/www.cric-colombia.org\/portal\/denuncia-circula-un-panfleto-de-la-columna-movil-dagoberto-ramos-donde-acusan-a-los-lideres\/\" target=\"_blank\" rel=\"noopener\">opera<\/a> en los municipios de Caloto, Corinto, Santander de Quilichao y Torib\u00edo en el Cauca y tambi\u00e9n mantiene presencia en los departamentos de <a href=\"https:\/\/caracol.com.co\/emisora\/2019\/07\/08\/ibague\/1562537753_354379.html?ssm=fb\" target=\"_blank\" rel=\"noopener\">Huila<\/a> y <a href=\"https:\/\/caracol.com.co\/emisora\/2019\/05\/27\/ibague\/1558973398_136641.html\" target=\"_blank\" rel=\"noopener\">Tolima<\/a>, dos pasos estrat\u00e9gicos que conectan la costa pac\u00edfica caucana con el centro del pa\u00eds.<\/p>\n\n\n\n<p class=\"wp-block-paragraph\">Seg\u00fan la <a href=\"https:\/\/canal1.com.co\/noticias\/alias-barbas-seria-el-disidente-que-ordeno-la-masacre-de-indigenas-en-el-cauca\/\" target=\"_blank\" rel=\"noopener\">Fiscal\u00eda<\/a>, la masacre de Tacuey\u00f3 fue ordenada por Gerardo Ignacio Herrera, alias \u201cBarbas\u201d, quien junto con Fernando Israel M\u00e9ndez Quitumbo, alias \u201cEl Indio\u201d, lideran este grupo y est\u00e1n en el <a href=\"https:\/\/www.eltiempo.com\/justicia\/conflicto-y-narcotrafico\/este-es-el-cartel-de-los-mas-buscados-en-cauca-con-mayimbu-408878\" target=\"_blank\" rel=\"noopener\">cartel de los m\u00e1s buscados del departamento<\/a>.<\/p>\n\n\n\n<p class=\"wp-block-paragraph\">Esta disidencia mantiene tambi\u00e9n un <a href=\"https:\/\/www.eltiempo.com\/justicia\/conflicto-y-narcotrafico\/disidencias-estan-matando-a-indigenas-en-cauca-por-oponerse-al-narcotrafico-423894\" target=\"_blank\" rel=\"noopener\">acuerdo<\/a> con Leider Johani Noscue, alias \u201c<a href=\"https:\/\/es.insightcrime.org\/colombia-crimen-organizado\/leider-johani-noscue-alias-mayimbu\/\" target=\"_blank\" rel=\"noopener\">Mayimb\u00fa<\/a>\u201d, l\u00edder de la Columna M\u00f3vil Jaime Mart\u00ednez \u2014otra disidencia del Frente 6 que opera en el norte del Cauca y el sur del Valle del Cauca\u2014 para asegurar el control del territorio y el narcotr\u00e1fico en la zona.<\/p>\n\n\n\n<p class=\"wp-block-paragraph\"><span style=\"color: #800000;\"><strong>VEA TAMBI\u00c9N:<\/strong><\/span> <a href=\"https:\/\/es.insightcrime.org\/noticias\/analisis\/cauca-colombia-lideres-sociales-asesinados\/\" target=\"_blank\" rel=\"noopener\">Cauca: radiograf\u00eda del asesinato de l\u00edderes sociales en Colombia<\/a><\/p>\n\n\n\n<p class=\"wp-block-paragraph\">Los hechos de violencia que se han registrado contra la poblaci\u00f3n ind\u00edgena del departamento est\u00e1n relacionados con la decisi\u00f3n de la guardia ind\u00edgena en la regi\u00f3n de <a href=\"https:\/\/www.elespectador.com\/colombia2020\/territorio\/marihuana-vieja-guerra-en-el-norte-del-cauca-articulo-857601\" target=\"_blank\" rel=\"noopener\">enfrentar<\/a> precisamente a estos dos grupos disidentes que ocupan sus tierras evitando que cultiven droga en sus territorios ancestrales e incluso <a href=\"https:\/\/www.elpais.com.co\/colombia\/autoridades-indigenas-quemaron-dos-cargamentos-de-marihuana-en-caldono-cauca.html\" target=\"_blank\" rel=\"noopener\">destruyendo<\/a> cargamentos de marihuana y coca\u00edna que les pertenecen.<\/p>\n\n\n\n<p class=\"wp-block-paragraph\">Con el prop\u00f3sito de detener estas acciones criminales, la comunidad ind\u00edgena ha colaborado tanto con la Fuerza P\u00fablica como con la Fiscal\u00eda para incautar cargamentos de droga, capturar a varios miembros de las disidencias y restringir el cultivo de hoja de coca en la regi\u00f3n.<\/p>\n\n\n\n<p class=\"wp-block-paragraph\">Frente a las incautaciones, en conversaci\u00f3n con la revista <a href=\"https:\/\/www.semana.com\/nacion\/articulo\/por-control-territorial-y-la-incautacion-de-cargamentos-nos-la-estan-cobrando-eduar-dagua-consejero-mayor-indigena-del-cauca\/627578\" target=\"_blank\" rel=\"noopener\">Semana<\/a>, Eduar Dagua Calix, consejero mayor del Consejo Regional Ind\u00edgena del Cauca, afirm\u00f3 que las autoridades de cada resguardo intentan desde hace tiempo detener la entrada y salida de materiales il\u00edcitos en la regi\u00f3n, muchas veces en colaboraci\u00f3n con la Fuerza P\u00fablica.<\/p>\n\n\n\n<p class=\"wp-block-paragraph\">Con respecto a las capturas, en julio miembros de Ej\u00e9rcito <a href=\"https:\/\/www.wradio.com.co\/noticias\/regionales\/indigenas-le-arrebataron-a-la-fuerza-publica-a-dos-jefes-de-disidencias-de-farc\/20190722\/nota\/3930489.aspx\" target=\"_blank\" rel=\"noopener\">detuvieron<\/a> con ayuda de la comunidad a alias Barbas y El Indio en el corregimiento de El Palo, zona rural del municipio de Caloto. En ese momento, la guardia ind\u00edgena reclam\u00f3 a los criminales para aplicarles la Justicia Especial por estar implicados en varios casos de violencia contra su poblaci\u00f3n. Sin embargo, a\u00fan no es claro que ocurri\u00f3 con este proceso y por qu\u00e9 ambos contin\u00faan <a href=\"https:\/\/lasillavacia.com\/silla-pacifico\/los-indigenas-del-norte-del-cauca-estan-mira-las-disidencias-72880\" target=\"_blank\" rel=\"noopener\">en libertad.<\/a><\/p>\n\n\n\n<p class=\"wp-block-paragraph\"><span class=\"c-message__body\" dir=\"auto\" data-qa=\"message-text\">Como parte de una estrategia amplia contra los cultivos de coca y marihuana, la Fiscal\u00eda General <a href=\"https:\/\/www.eltiempo.com\/justicia\/conflicto-y-narcotrafico\/cuatro-municipios-de-cauca-tendran-cortes-de-energia-por-peticion-de-la-fiscalia-375696\" target=\"_blank\" rel=\"noopener\">orden\u00f3<\/a> en junio cortes de energ\u00eda en cuatro municipios de Cauca \u2014Miranda, Corinto, Torib\u00edo y Caloto\u2014 donde se sab\u00eda que hab\u00eda laboratorios de procesamiento de drogas y sembrados de marihuana. Los cortes de energ\u00eda <a href=\"https:\/\/www.wradio.com.co\/noticias\/regionales\/avanzan-desconexiones-de-energia-ilegal-en-zonas-con-marihuana-en-cauca\/20190702\/nota\/3921856.aspx\" target=\"_blank\" rel=\"noopener\">contaron con la anuencia<\/a> de los l\u00edderes de las comunidades, incluidos los alcaldes y gobernadores ind\u00edgenas.<\/span><\/p>\n\n\n\n<p class=\"wp-block-paragraph\">Las <a href=\"https:\/\/es.insightcrime.org\/noticias\/analisis\/fiebre-oro-verde-marihuana-cripa-beneficia-traficantes-de-colombia\/\" target=\"_blank\" rel=\"noopener\">ganancias<\/a> que genera el cultivo y comercio de marihuana tipo \u201ccreepy\u201d en los municipios de Miranda, Corinto y Torib\u00edo conocidos como el \u201cTri\u00e1ngulo de Oro\u201d del Cauca, al igual que el control sobre la ruta del r\u00edo Naya que conecta la cordillera central con la costa pac\u00edfica colombiana, son el principal motor de &nbsp;la situaci\u00f3n de violencia que lideran las disidencias en la zona.<\/p>\n","protected":false},"excerpt":{"rendered":"<p>Una nueva masacre contra autoridades ind\u00edgenas en el departamento del Cauca, al suroccidente de Colombia, vuelve a llamar la atenci\u00f3n sobre la lucha que mantienen las exFARC mafia por controlar las rentas ilegales en la zona.<\/p>\n","protected":false},"author":202,"featured_media":109024,"comment_status":"closed","ping_status":"closed","sticky":false,"template":"","format":"standard","meta":{"newspack_ads_suppress_ads":false,"newspack_popups_has_disabled_popups":false,"newspack_sponsor_sponsorship_scope":"","newspack_sponsor_native_byline_display":"inherit","newspack_sponsor_native_category_display":"inherit","newspack_sponsor_underwriter_style":"inherit","newspack_sponsor_underwriter_placement":"inherit","_EventAllDay":false,"_EventTimezone":"","_EventStartDate":"","_EventEndDate":"","_EventStartDateUTC":"","_EventEndDateUTC":"","_EventShowMap":false,"_EventShowMapLink":false,"_EventURL":"","_EventCost":"","_EventCostDescription":"","_EventCurrencySymbol":"","_EventCurrencyCode":"","_EventCurrencyPosition":"","_EventDateTimeSeparator":"","_EventTimeRangeSeparator":"","_EventOrganizerID":[],"_EventVenueID":[],"_OrganizerEmail":"","_OrganizerPhone":"","_OrganizerWebsite":"","_VenueAddress":"","_VenueCity":"","_VenueCountry":"","_VenueProvince":"","_VenueState":"","_VenueZip":"","_VenuePhone":"","_VenueURL":"","_VenueStateProvince":"","_VenueLat":"","_VenueLng":"","_VenueShowMap":false,"_VenueShowMapLink":false,"_newspack_byline_active":false,"_newspack_byline":"","newspack_hide_updated_date":false,"newspack_show_updated_date":false,"newspack_featured_image_position":"","newspack_post_subtitle":"","newspack_article_summary_title":"Overview:","newspack_article_summary":"","_jetpack_memberships_contains_paid_content":false,"footnotes":""},"categories":[340],"tags":[368,3365],"newspack_spnsrs_tax":[],"coauthors":[4169],"class_list":["post-108928","post","type-post","status-publish","format-standard","has-post-thumbnail","hentry","category-analisis","tag-colombia-pais","tag-ex-farc-mafia-es-2","entry"],"parsely":{"version":"1.1.0","canonical_url":"https:\/\/insightcrime.org\/es\/noticias\/analisis\/disidencias-farc-cauca-colombia\/","smart_links":{"inbound":0,"outbound":0},"traffic_boost_suggestions_count":0,"meta":{"@context":"https:\/\/schema.org","@type":"NewsArticle","headline":"Las Ex-FARC mafia tienen en llamas el norte del Cauca en Colombia","url":"http:\/\/insightcrime.org\/es\/noticias\/analisis\/disidencias-farc-cauca-colombia\/","mainEntityOfPage":{"@type":"WebPage","@id":"http:\/\/insightcrime.org\/es\/noticias\/analisis\/disidencias-farc-cauca-colombia\/"},"thumbnailUrl":"https:\/\/i0.wp.com\/insightcrime.org\/wp-content\/uploads\/2019\/11\/51042297_303.jpg?resize=150%2C150&quality=100&ssl=1","image":{"@type":"ImageObject","url":"https:\/\/i0.wp.com\/insightcrime.org\/wp-content\/uploads\/2019\/11\/51042297_303.jpg?fit=350%2C250&quality=100&ssl=1"},"articleSection":"An\u00e1lisis","author":[{"@type":"Person","name":"Lara Loaiza"}],"creator":["Lara Loaiza"],"publisher":{"@type":"Organization","name":"InSight Crime","logo":"https:\/\/insightcrime.org\/wp-content\/uploads\/2023\/08\/logo.png"},"keywords":["colombia","ex-farc mafia"],"dateCreated":"2019-11-07T18:48:46Z","datePublished":"2019-11-07T18:48:46Z","dateModified":"2023-04-24T21:39:04Z"},"rendered":"<meta name=\"parsely-title\" content=\"Las Ex-FARC mafia tienen en llamas el norte del Cauca en Colombia\" \/>\n<meta name=\"parsely-link\" content=\"http:\/\/insightcrime.org\/es\/noticias\/analisis\/disidencias-farc-cauca-colombia\/\" \/>\n<meta name=\"parsely-type\" content=\"post\" \/>\n<meta name=\"parsely-image-url\" content=\"https:\/\/i0.wp.com\/insightcrime.org\/wp-content\/uploads\/2019\/11\/51042297_303.jpg?resize=150%2C150&amp;quality=100&amp;ssl=1\" \/>\n<meta name=\"parsely-pub-date\" content=\"2019-11-07T18:48:46Z\" \/>\n<meta name=\"parsely-section\" content=\"An\u00e1lisis\" \/>\n<meta name=\"parsely-tags\" content=\"colombia,ex-farc mafia\" \/>\n<meta name=\"parsely-author\" content=\"Lara Loaiza\" \/>","tracker_url":"https:\/\/cdn.parsely.com\/keys\/insightcrime.org\/p.js"},"jetpack_sharing_enabled":true,"jetpack-related-posts":[{"id":279556,"url":"https:\/\/insightcrime.org\/es\/noticias\/atentado-alto-nivel-agrava-crisis-seguridad-suroccidente-colombiano\/","url_meta":{"origin":108928,"position":0},"title":"Atentado de alto nivel agrava crisis de seguridad en el suroccidente colombiano","author":"Sara Garcia","date":"19 de junio de 2024","format":false,"excerpt":"El intento de asesinato de familiares de la vicepresidenta de Colombia evidencia el deterioro de la situaci\u00f3n de seguridad en el suroccidente del pa\u00eds. Igualmente, pone en riesgo el ya tambaleante escenario de paz con las facciones del EMC con presencia en Cauca, Valle del Cauca y Nari\u00f1o, quienes est\u00e1n\u2026","rel":"","context":"En \u00abNoticias\u00bb","block_context":{"text":"Noticias","link":"https:\/\/insightcrime.org\/es\/category\/noticias\/"},"img":{"alt_text":"","src":"https:\/\/i0.wp.com\/insightcrime.org\/wp-content\/uploads\/2024\/06\/Ernesto-Guzman-Ataques-en-Jamundi-EFE-1.jpg?fit=350%2C250&quality=100&ssl=1&resize=350%2C200","width":350,"height":200},"classes":[]},{"id":240600,"url":"https:\/\/insightcrime.org\/es\/noticias\/lideres-sociales-cauca-colombia-oponen-temor-grupos-criminales\/","url_meta":{"origin":108928,"position":1},"title":"L\u00edderes sociales en Cauca, Colombia, se oponen sin temor a grupos criminales\u00a0","author":"Lara Loaiza","date":"10 de octubre de 2023","format":false,"excerpt":"Las cifras de l\u00edderes asesinados en Cauca, Colombia, son muestra de que su trabajo es un obst\u00e1culo para los grupos armados que buscan consolidarse en uno de los territorios m\u00e1s estrat\u00e9gicos para el crimen organizado en el pa\u00eds.\u00a0","rel":"","context":"En \u00abNoticias\u00bb","block_context":{"text":"Noticias","link":"https:\/\/insightcrime.org\/es\/category\/noticias\/"},"img":{"alt_text":"","src":"https:\/\/i0.wp.com\/insightcrime.org\/wp-content\/uploads\/2023\/10\/lideres-sociales-en-Cauca-1.jpg?fit=350%2C250&quality=100&ssl=1&resize=350%2C200","width":350,"height":200},"classes":[]},{"id":240857,"url":"https:\/\/insightcrime.org\/es\/noticias\/ex-farc-mafia-colombia-continuan-guerra-mientras-hablan-paz\/","url_meta":{"origin":108928,"position":2},"title":"Las ex-FARC mafia en Colombia contin\u00faan la guerra mientras hablan de paz","author":"Sergio Saffon","date":"11 de octubre de 2023","format":false,"excerpt":"Las negociaciones de paz en el Cauca penden de un hilo tras el asesinato de un soldado colombiano a manos de las ex-FARC mafia, poniendo de relieve la fragilidad de la Paz Total en este departamento estrat\u00e9gico para el narcotr\u00e1fico.","rel":"","context":"En \u00abNoticias\u00bb","block_context":{"text":"Noticias","link":"https:\/\/insightcrime.org\/es\/category\/noticias\/"},"img":{"alt_text":"Colombian solders enter a helicopter in Cauca.","src":"https:\/\/i0.wp.com\/insightcrime.org\/wp-content\/uploads\/2023\/08\/photo-2022-10-07-11-40-39_0-2.jpg?fit=350%2C250&quality=100&ssl=1&resize=350%2C200","width":350,"height":200},"classes":[]},{"id":232474,"url":"https:\/\/insightcrime.org\/es\/noticias\/colombia-reanuda-negociaciones-ex-farc-mafia-violencia-persiste\/","url_meta":{"origin":108928,"position":3},"title":"Colombia reanuda negociaciones con las ex-FARC mafia, pero la violencia persiste","author":"Lara Loaiza","date":"5 de septiembre de 2023","format":false,"excerpt":"El anuncio de un acuerdo para avanzar en las negociaciones con el Estado Mayor Central de las ex-FARC mafia parece ser un paso adelante para la pol\u00edtica de \u201cPaz Total\u201d del gobierno colombiano, pero en la pr\u00e1ctica podr\u00eda tener pocos efectos en la reducci\u00f3n de la violencia. El 4 de\u2026","rel":"","context":"En \u00abNoticias\u00bb","block_context":{"text":"Noticias","link":"https:\/\/insightcrime.org\/es\/category\/noticias\/"},"img":{"alt_text":"","src":"https:\/\/i0.wp.com\/insightcrime.org\/wp-content\/uploads\/2023\/09\/ExFARC-1.jpg?fit=350%2C250&quality=100&ssl=1&resize=350%2C200","width":350,"height":200},"classes":[]},{"id":274744,"url":"https:\/\/insightcrime.org\/es\/noticias\/violencia-valle-del-cauca-evidencia-aumento-masacres-pandilleras-colombia\/","url_meta":{"origin":108928,"position":4},"title":"La violencia en Valle del Cauca evidencia el aumento de las masacres pandilleras en Colombia","author":"Sergio Saffon","date":"30 de abril de 2024","format":false,"excerpt":"Una serie de masacres en el departamento del Valle del Cauca, en el suroeste de Colombia, ilustra c\u00f3mo las bandas criminales urbanas emplean cada vez m\u00e1s una forma de violencia que antes se asociaba a los principales grupos armados del pa\u00eds.","rel":"","context":"En \u00abNoticias\u00bb","block_context":{"text":"Noticias","link":"https:\/\/insightcrime.org\/es\/category\/noticias\/"},"img":{"alt_text":"Authorities move the bodies of the victims of one gang massacre in Valle del Cauca, Colombia.","src":"https:\/\/i0.wp.com\/insightcrime.org\/wp-content\/uploads\/2023\/08\/image-2-1.png?fit=350%2C250&quality=100&ssl=1&resize=350%2C200","width":350,"height":200},"classes":[]},{"id":107174,"url":"https:\/\/insightcrime.org\/es\/colombia-organized-crime-news\/leider-johani-noscue-alias-mayimbu\/","url_meta":{"origin":108928,"position":5},"title":"Leider Johani Noscue, alias &#8216;Mayimb\u00fa&#8217;","author":"InSight Crime","date":"13 de junio de 2022","format":false,"excerpt":"Leider Noscue, conocido por el alias de \u201cMayimb\u00fa\u201d, es actualmente uno de los objetivos militares de mayor valor en el departamento de Cauca, al occidente de Colombia.","rel":"","context":"En \u00abColombia\u00bb","block_context":{"text":"Colombia","link":"https:\/\/insightcrime.org\/category\/colombia-organized-crime-news\/"},"img":{"alt_text":"Perfil criminal - Leider Johani Noscue, alias 'Mayimb\u00fa' - Colombia.","src":"https:\/\/i0.wp.com\/insightcrime.org\/wp-content\/uploads\/2026\/08\/Perfil-Criminal-Alias-Mayimbu-Colombia.jpg?fit=1200%2C900&quality=100&ssl=1&resize=350%2C200","width":350,"height":200,"srcset":"https:\/\/i0.wp.com\/insightcrime.org\/wp-content\/uploads\/2026\/08\/Perfil-Criminal-Alias-Mayimbu-Colombia.jpg?fit=1200%2C900&quality=100&ssl=1&resize=350%2C200 1x, https:\/\/i0.wp.com\/insightcrime.org\/wp-content\/uploads\/2026\/08\/Perfil-Criminal-Alias-Mayimbu-Colombia.jpg?fit=1200%2C900&quality=100&ssl=1&resize=525%2C300 1.5x, https:\/\/i0.wp.com\/insightcrime.org\/wp-content\/uploads\/2026\/08\/Perfil-Criminal-Alias-Mayimbu-Colombia.jpg?fit=1200%2C900&quality=100&ssl=1&resize=700%2C400 2x, https:\/\/i0.wp.com\/insightcrime.org\/wp-content\/uploads\/2026\/08\/Perfil-Criminal-Alias-Mayimbu-Colombia.jpg?fit=1200%2C900&quality=100&ssl=1&resize=1050%2C600 3x"},"classes":[]}],"jetpack_featured_media_url":"https:\/\/i0.wp.com\/insightcrime.org\/wp-content\/uploads\/2019\/11\/51042297_303.jpg?fit=350%2C250&quality=100&ssl=1","_links":{"self":[{"href":"https:\/\/insightcrime.org\/es\/wp-json\/wp\/v2\/posts\/108928","targetHints":{"allow":["GET"]}}],"collection":[{"href":"https:\/\/insightcrime.org\/es\/wp-json\/wp\/v2\/posts"}],"about":[{"href":"https:\/\/insightcrime.org\/es\/wp-json\/wp\/v2\/types\/post"}],"author":[{"embeddable":true,"href":"https:\/\/insightcrime.org\/es\/wp-json\/wp\/v2\/users\/202"}],"replies":[{"embeddable":true,"href":"https:\/\/insightcrime.org\/es\/wp-json\/wp\/v2\/comments?post=108928"}],"version-history":[{"count":5,"href":"https:\/\/insightcrime.org\/es\/wp-json\/wp\/v2\/posts\/108928\/revisions"}],"predecessor-version":[{"id":109054,"href":"https:\/\/insightcrime.org\/es\/wp-json\/wp\/v2\/posts\/108928\/revisions\/109054"}],"wp:featuredmedia":[{"embeddable":true,"href":"https:\/\/insightcrime.org\/es\/wp-json\/wp\/v2\/media\/109024"}],"wp:attachment":[{"href":"https:\/\/insightcrime.org\/es\/wp-json\/wp\/v2\/media?parent=108928"}],"wp:term":[{"taxonomy":"category","embeddable":true,"href":"https:\/\/insightcrime.org\/es\/wp-json\/wp\/v2\/categories?post=108928"},{"taxonomy":"post_tag","embeddable":true,"href":"https:\/\/insightcrime.org\/es\/wp-json\/wp\/v2\/tags?post=108928"},{"taxonomy":"newspack_spnsrs_tax","embeddable":true,"href":"https:\/\/insightcrime.org\/es\/wp-json\/wp\/v2\/newspack_spnsrs_tax?post=108928"},{"taxonomy":"author","embeddable":true,"href":"https:\/\/insightcrime.org\/es\/wp-json\/wp\/v2\/coauthors?post=108928"}],"curies":[{"name":"wp","href":"https:\/\/api.w.org\/{rel}","templated":true}]}}