{"id":109405,"date":"2019-11-14T17:00:28","date_gmt":"2019-11-14T22:00:28","guid":{"rendered":"https:\/\/insightcrime.org\/?p=109405"},"modified":"2023-04-24T16:39:11","modified_gmt":"2023-04-24T21:39:11","slug":"microtrafico-bogota-colombia","status":"publish","type":"post","link":"https:\/\/insightcrime.org\/es\/noticias\/analisis\/microtrafico-bogota-colombia\/","title":{"rendered":"El lucrativo microtr\u00e1fico se reinventa en la capital de Colombia"},"content":{"rendered":"\n<p class=\"wp-block-paragraph\">A m\u00e1s de tres a\u00f1os de una gran operaci\u00f3n que buscaba abordar el microtr\u00e1fico de drogas en la capital de Colombia, el negocio ha resurgido, con nuevos grupos disput\u00e1ndose ganancias millonarias.<\/p>\n\n\n\n<p class=\"wp-block-paragraph\">El 28 de mayo de 2016, a las 5:20 de la ma\u00f1ana, m\u00e1s de 2.500 agentes de la Polic\u00eda Nacional y Metropolitana <a href=\"https:\/\/www.eltiempo.com\/archivo\/documento\/CMS-16606031\" target=\"_blank\" rel=\"noopener\">entraron<\/a> fuertemente armados a la zona del Bronx. Durante a\u00f1os, el peque\u00f1o barrio ubicado en el centro de Bogot\u00e1 fue epicentro del expendio de drogas, la prostituci\u00f3n, el abuso sexual y los juegos de azar en la ciudad.<\/p>\n\n\n\n<p class=\"wp-block-paragraph\">Tras la operaci\u00f3n, que dur\u00f3 casi 72 horas, las autoridades <a href=\"https:\/\/www.eltiempo.com\/archivo\/documento\/CMS-16611815\" target=\"_blank\" rel=\"noopener\">reportaron<\/a> el rescate de&nbsp;140 menores de edad y 595 personas en situaci\u00f3n de calle que eran consumidores activos de estupefacientes y estaban siendo utilizados por las bandas locales para delitos incluyendo la venta de droga.<\/p>\n\n\n\n<p class=\"wp-block-paragraph\">Con el apoyo del Cuerpo T\u00e9cnico de Investigaci\u00f3n (CTI) de la Fiscal\u00eda, dentro de las ruinas de las casas abandonadas se incautaron m\u00e1s de 30 armas de fuego y 100.000 dosis de droga, y se capturaron a 13 miembros de una de las bandas que controlaba la zona conocida como \u201cLos Sayayines\u201d.<\/p>\n\n\n\n<p class=\"wp-block-paragraph\">De acuerdo con la <a href=\"http:\/\/www.integracionsocial.gov.co\/index.php\/noticias\/98-noticias-adultez\/1344-alcaldia-de-bogota-lidera-intervencion-sin-precedentes-en-el-bronx\" target=\"_blank\" rel=\"noopener\">Alcald\u00eda Mayor de Bogot\u00e1<\/a>, en el sector del Bronx cada d\u00eda se recaudaban, en promedio, 130 millones de pesos colombianos (casi US$38,000) en tr\u00e1fico de estupefacientes y US$1.5 millones al mes a trav\u00e9s de dos estructuras criminales o \u201cganchos\u201d, como se les conoce popularmente a las mafias que controlan el narcomenudeo en la capital.<\/p>\n\n\n\n<p class=\"wp-block-paragraph\"><span style=\"color: #800000;\"><strong>VEA TAMBI\u00c9N:<\/strong><\/span> <a href=\"https:\/\/es.insightcrime.org\/noticias-sobre-crimen-organizado-en-colombia\/\" target=\"_blank\" rel=\"noopener\">Noticias y perfil de Colombia<\/a><\/p>\n\n\n\n<p class=\"wp-block-paragraph\">Dos d\u00edas despu\u00e9s del operativo, el alcalde Enrique Pe\u00f1alosa&nbsp;<a href=\"http:\/\/www.integracionsocial.gov.co\/index.php\/noticias\/98-noticias-adultez\/1344-alcaldia-de-bogota-lidera-intervencion-sin-precedentes-en-el-bronx\" target=\"_blank\" rel=\"noopener\">asegur\u00f3<\/a>, en una rueda de prensa, que la intervenci\u00f3n hab\u00eda logrado recuperar el control de la zona y sobre todo desarticular las organizaciones criminales que all\u00ed operaban.<\/p>\n\n\n\n<p class=\"wp-block-paragraph\">En el mismo a\u00f1o, las autoridades <a href=\"http:\/\/cdn.ideaspaz.org\/media\/website\/document\/592ac3ab6fbb6.pdf\" target=\"_blank\" rel=\"noopener\">intervinieron<\/a> los barrios de San Bernardo, Cinco Huecos, El Amparo y Mar\u00eda Paz.<\/p>\n\n\n\n<p class=\"wp-block-paragraph\">Sin embargo, cuatro a\u00f1os m\u00e1s tarde, las autoridades han <a href=\"https:\/\/www.lafm.com.co\/bogota\/en-bogota-hay-identificadas-14-ollas-de-vicio\" target=\"_blank\" rel=\"noopener\">identificado<\/a> al menos 14 nuevos centros de microtr\u00e1fico en la ciudad.<\/p>\n\n\n\n<p class=\"wp-block-paragraph\">Las localidades m\u00e1s <a href=\"https:\/\/conexioncapital.co\/el-microtrafico-una-amenaza-para-bogota\/\" target=\"_blank\" rel=\"noopener\">afectadas<\/a> por este problema tras la desarticulaci\u00f3n del Bronx han sido Bosa, Ciudad Bol\u00edvar, Usme y San Crist\u00f3bal, la mayor\u00eda ubicadas en la periferia de la ciudad.<\/p>\n\n\n\n<p class=\"wp-block-paragraph\">Desde all\u00ed se surte de marihuana, coca\u00edna, basuco y drogas sint\u00e9ticas al <a href=\"https:\/\/conexioncapital.co\/el-microtrafico-una-amenaza-para-bogota\/\" target=\"_blank\" rel=\"noopener\">resto de la ciudad<\/a>, por lo general en zonas de entretenimiento nocturno, colegios y universidades.<\/p>\n\n\n\n<p class=\"wp-block-paragraph\">De acuerdo con un <a href=\"https:\/\/www.ideaspaz.org\/publications\/posts\/1467\" target=\"_blank\" rel=\"noopener\">reporte<\/a> del 2017 de la Fundaci\u00f3n Ideas para la Paz (FIP), solo en Bogot\u00e1 hay m\u00e1s de 400 expendios minoristas que mueven alrededor de US$15 millones al a\u00f1o.<\/p>\n\n\n\n<h3 class=\"wp-block-heading\">An\u00e1lisis de InSight Crime<\/h3>\n\n\n\n<p class=\"wp-block-paragraph\">Luego de la intervenci\u00f3n al Bronx, el negocio del microtr\u00e1fico en Bogot\u00e1 ha sufrido una serie de cambios que reflejan la capacidad de adaptaci\u00f3n y versatilidad de los grupos criminales que manejan este negocio.<\/p>\n\n\n\n<p class=\"wp-block-paragraph\">De acuerdo con el&nbsp;<a href=\"https:\/\/www.ideaspaz.org\/publications\/posts\/1467\" target=\"_blank\" rel=\"noopener\">informe<\/a> de la FIP, poco antes del operativo, en Bogot\u00e1 se ven\u00eda dando un proceso de fragmentaci\u00f3n de los mercados locales de droga. Luego de esta intervenci\u00f3n, los criminales del Bronx se movieron a otras localidades de la ciudad, como Ciudad Bol\u00edvar, Suba y Kennedy.<\/p>\n\n\n\n<p class=\"wp-block-paragraph\">A medida que han ido surgiendo nuevos puntos de venta de drogas alrededor de la ciudad, esto ha provocado un aumento de la violencia.<\/p>\n\n\n\n<p class=\"wp-block-paragraph\">Si bien la tasa de asesinatos en la capital colombiana ha ido&nbsp;<a href=\"http:\/\/theconversation.com\/colombias-murder-rate-is-at-an-all-time-low-but-its-activists-keep-getting-killed-91602\" target=\"_blank\" rel=\"noopener\">disminuyendo<\/a>, las autoridades han se\u00f1alado que algunos de los casos de asesinatos y&nbsp;<a href=\"https:\/\/www.eltiempo.com\/bogota\/los-capos-detras-de-los-descuartizados-en-bogota-393190\" target=\"_blank\" rel=\"noopener\">descuartizamientos<\/a>&nbsp;que se han presentado este a\u00f1o en Bogot\u00e1 son producto del ajuste de cuentas entre bandas del microtr\u00e1fico.<\/p>\n\n\n\n<p class=\"wp-block-paragraph\"><span style=\"color: #800000;\"><strong>VEA TAMBI\u00c9N:<\/strong><\/span> <a href=\"https:\/\/es.insightcrime.org\/noticias\/analisis\/verdaderos-blancos-ofensiva-contra-crimen-bogota\/\" target=\"_blank\" rel=\"noopener\">Los verdaderos blancos de la ofensiva contra el crimen en Bogot\u00e1<\/a><\/p>\n\n\n\n<p class=\"wp-block-paragraph\">De acuerdo con la <a href=\"http:\/\/concejodebogota.gov.co\/urge-adoptar-medidas-ante-las-alertas-tempranas-emitidas-por-la\/cbogota\/2019-07-05\/170056.php\" target=\"_blank\" rel=\"noopener\">Defensor\u00eda del Pueblo<\/a>, no es raro que estas organizaciones hayan decidido desplazarse hacia el sur de la ciudad en zonas como Ciudad Bol\u00edvar, Suba, Kennedy y Bosa. Seg\u00fan la entidad, estas localidades guardan una estrecha relaci\u00f3n con las din\u00e1micas criminales que se mueven en el resto del pa\u00eds y funcionan como corredores estrat\u00e9gicos para la entrada de droga y armas a la capital.<\/p>\n\n\n\n<p class=\"wp-block-paragraph\">La droga <a href=\"https:\/\/conexioncapital.co\/el-microtrafico-una-amenaza-para-bogota\/\" target=\"_blank\" rel=\"noopener\">entrar\u00eda<\/a> a esta parte de la ciudad principalmente por la Autopista Sur y la Avenida Villavicencio, que conectan a la capital con el sur del pa\u00eds, principalmente con los departamentos del Cauca, Meta y Guaviare.<\/p>\n\n\n\n<p class=\"wp-block-paragraph\">Las localidades de Ciudad Bol\u00edvar, Suba, Kennedy y Bosa, entre otras, han sido terreno f\u00e9rtil para la <a href=\"https:\/\/www.eltiempo.com\/bogota\/el-gaula-desarticula-banda-que-extorsionaba-a-conductores-informales-en-el-sur-de-bogota-411656\" target=\"_blank\" rel=\"noopener\">extorsi\u00f3n<\/a>, el reclutamiento de menores y otras <a href=\"https:\/\/www.wradio.com.co\/noticias\/bogota\/defensoria-alerta-por-presencia-de-grupos-armados-en-bosa-kennedy-y-ciudad-bolivar\/20190620\/nota\/3917616.aspx\" target=\"_blank\" rel=\"noopener\">econom\u00edas ilegales<\/a>.<\/p>\n\n\n\n<p class=\"wp-block-paragraph\">Es tal la magnitud de la operaci\u00f3n de estos grupos en esta parte de la ciudad, que el defensor del pueblo, Carlos Alfonso Negret, <a href=\"https:\/\/www.elespectador.com\/noticias\/bogota\/en-ciudad-bolivar-hay-que-hablar-de-narcotrafico-no-de-microtrafico-defensor-del-pueblo-articulo-754678\" target=\"_blank\" rel=\"noopener\">dijo<\/a>&nbsp;que en Bogot\u00e1 hay que hablar de narcotr\u00e1fico en lugar de microtr\u00e1fico, debido a la extensi\u00f3n y sofisticaci\u00f3n de las estructuras que dominan el sector.<\/p>\n\n\n\n<p class=\"wp-block-paragraph\">A diferencia de como operan en zonas rurales, seg\u00fan la Defensor\u00eda, estos grupos no tienen una jerarqu\u00eda definida, no portan uniformes o insignias, ni se enfrentan de forma abierta como s\u00ed ocurre en otras partes del pa\u00eds. Esto les permite camuflarse dentro de la cotidianidad de la ciudad, pero tambi\u00e9n les exige trabajar de forma distinta.<\/p>\n\n\n\n<p class=\"wp-block-paragraph\">Tanto la Defensor\u00eda como la FIP <a href=\"http:\/\/concejodebogota.gov.co\/urge-adoptar-medidas-ante-las-alertas-tempranas-emitidas-por-la\/cbogota\/2019-07-05\/170056.php\" target=\"_blank\" rel=\"noopener\">coinciden<\/a> en que el microtr\u00e1fico en Bogot\u00e1 ha tendido a moverse a trav\u00e9s de la subcontrataci\u00f3n de bandas ilegales de menor alcance, tercerizando la distribuci\u00f3n y venta de la droga para consolidar el negocio en una red con varios eslabones.<\/p>\n\n\n\n<p class=\"wp-block-paragraph\">De esta forma, la <a href=\"http:\/\/www.ideaspaz.org\/publications\/posts\/1520\" target=\"_blank\" rel=\"noopener\">droga<\/a> pasar\u00eda por varias manos desde que entra a la ciudad hasta que es vendida al consumidor final, lo que permite que haya una alta rotaci\u00f3n de personas involucradas en esta econom\u00eda criminal, reduciendo el riesgo para los due\u00f1os iniciales de la mercanc\u00eda.<\/p>\n","protected":false},"excerpt":{"rendered":"<p>A m\u00e1s de tres a\u00f1os de una gran operaci\u00f3n que buscaba abordar el microtr\u00e1fico de drogas en la capital de Colombia, el negocio ha resurgido, con nuevos grupos disput\u00e1ndose ganancias millonarias.<\/p>\n","protected":false},"author":193,"featured_media":109727,"comment_status":"closed","ping_status":"closed","sticky":false,"template":"","format":"standard","meta":{"newspack_ads_suppress_ads":false,"newspack_popups_has_disabled_popups":false,"newspack_sponsor_sponsorship_scope":"","newspack_sponsor_native_byline_display":"inherit","newspack_sponsor_native_category_display":"inherit","newspack_sponsor_underwriter_style":"inherit","newspack_sponsor_underwriter_placement":"inherit","_EventAllDay":false,"_EventTimezone":"","_EventStartDate":"","_EventEndDate":"","_EventStartDateUTC":"","_EventEndDateUTC":"","_EventShowMap":false,"_EventShowMapLink":false,"_EventURL":"","_EventCost":"","_EventCostDescription":"","_EventCurrencySymbol":"","_EventCurrencyCode":"","_EventCurrencyPosition":"","_EventDateTimeSeparator":"","_EventTimeRangeSeparator":"","_EventOrganizerID":[],"_EventVenueID":[],"_OrganizerEmail":"","_OrganizerPhone":"","_OrganizerWebsite":"","_VenueAddress":"","_VenueCity":"","_VenueCountry":"","_VenueProvince":"","_VenueState":"","_VenueZip":"","_VenuePhone":"","_VenueURL":"","_VenueStateProvince":"","_VenueLat":"","_VenueLng":"","_VenueShowMap":false,"_VenueShowMapLink":false,"_newspack_byline_active":false,"_newspack_byline":"","newspack_hide_updated_date":false,"newspack_show_updated_date":false,"newspack_featured_image_position":"","newspack_post_subtitle":"","newspack_article_summary_title":"Overview:","newspack_article_summary":"","_jetpack_memberships_contains_paid_content":false,"footnotes":""},"categories":[340],"tags":[368,458],"newspack_spnsrs_tax":[],"coauthors":[4202],"class_list":["post-109405","post","type-post","status-publish","format-standard","has-post-thumbnail","hentry","category-analisis","tag-colombia-pais","tag-microtrafico","entry"],"parsely":{"version":"1.1.0","canonical_url":"https:\/\/insightcrime.org\/es\/noticias\/analisis\/microtrafico-bogota-colombia\/","smart_links":{"inbound":0,"outbound":0},"traffic_boost_suggestions_count":0,"meta":{"@context":"https:\/\/schema.org","@type":"NewsArticle","headline":"El lucrativo microtr\u00e1fico se reinventa en la capital de Colombia","url":"http:\/\/insightcrime.org\/es\/noticias\/analisis\/microtrafico-bogota-colombia\/","mainEntityOfPage":{"@type":"WebPage","@id":"http:\/\/insightcrime.org\/es\/noticias\/analisis\/microtrafico-bogota-colombia\/"},"thumbnailUrl":"https:\/\/i0.wp.com\/insightcrime.org\/wp-content\/uploads\/2019\/11\/bronx_raid.jpg?resize=150%2C150&quality=100&ssl=1","image":{"@type":"ImageObject","url":"https:\/\/i0.wp.com\/insightcrime.org\/wp-content\/uploads\/2019\/11\/bronx_raid.jpg?fit=350%2C250&quality=100&ssl=1"},"articleSection":"An\u00e1lisis","author":[{"@type":"Person","name":"Maria Alejandra Navarrete"}],"creator":["Maria Alejandra Navarrete"],"publisher":{"@type":"Organization","name":"InSight Crime","logo":"https:\/\/insightcrime.org\/wp-content\/uploads\/2023\/08\/logo.png"},"keywords":["colombia","microtr\u00e1fico"],"dateCreated":"2019-11-14T22:00:28Z","datePublished":"2019-11-14T22:00:28Z","dateModified":"2023-04-24T21:39:11Z"},"rendered":"<meta name=\"parsely-title\" content=\"El lucrativo microtr\u00e1fico se reinventa en la capital de Colombia\" \/>\n<meta name=\"parsely-link\" content=\"http:\/\/insightcrime.org\/es\/noticias\/analisis\/microtrafico-bogota-colombia\/\" \/>\n<meta name=\"parsely-type\" content=\"post\" \/>\n<meta name=\"parsely-image-url\" content=\"https:\/\/i0.wp.com\/insightcrime.org\/wp-content\/uploads\/2019\/11\/bronx_raid.jpg?resize=150%2C150&amp;quality=100&amp;ssl=1\" \/>\n<meta name=\"parsely-pub-date\" content=\"2019-11-14T22:00:28Z\" \/>\n<meta name=\"parsely-section\" content=\"An\u00e1lisis\" \/>\n<meta name=\"parsely-tags\" content=\"colombia,microtr\u00e1fico\" \/>\n<meta name=\"parsely-author\" content=\"Maria Alejandra Navarrete\" \/>","tracker_url":"https:\/\/cdn.parsely.com\/keys\/insightcrime.org\/p.js"},"jetpack_sharing_enabled":true,"jetpack-related-posts":[{"id":297964,"url":"https:\/\/insightcrime.org\/es\/noticias\/son-operaciones-antinarcoticos-internacionales-futuro\/","url_meta":{"origin":109405,"position":0},"title":"Tras incautaci\u00f3n hist\u00f3rica, \u00bfson las operaciones antinarc\u00f3ticos internacionales el futuro?","author":"Peter Appleby","date":"6 de diciembre de 2024","format":false,"excerpt":"Una reciente operaci\u00f3n internacional antinarc\u00f3ticos liderada por Colombia que incaut\u00f3 1.400 toneladas de droga destac\u00f3 la magnitud y complejidad del narcotr\u00e1fico mundial, sugiriendo que las operaciones internacionales a gran escala podr\u00edan ser m\u00e1s habituales en el futuro.\u00a0 La decimocuarta edici\u00f3n de la Operaci\u00f3n Ori\u00f3n, la prolongada campa\u00f1a antidroga de Colombia,\u2026","rel":"","context":"En \u00abNoticias\u00bb","block_context":{"text":"Noticias","link":"https:\/\/insightcrime.org\/es\/category\/noticias\/"},"img":{"alt_text":"A screengrab from the Colombian navy's presentation of Operation Orion. ","src":"https:\/\/i0.wp.com\/insightcrime.org\/wp-content\/uploads\/2024\/12\/Screenshot-2024-12-05-at-5.28.57%E2%80%AFp.m.-1.png?fit=350%2C250&quality=100&ssl=1&resize=350%2C200","width":350,"height":200},"classes":[]},{"id":186037,"url":"https:\/\/insightcrime.org\/es\/noticias\/estrategia-control-microtrafico-uruguay-entredicho-aumento-homicidios\/","url_meta":{"origin":109405,"position":1},"title":"Estrategia contra microtr\u00e1fico en Uruguay, en entredicho por aumento de homicidios","author":"Alessandro Ford","date":"20 de mayo de 2022","format":false,"excerpt":"Una serie de asesinatos relacionados con pandillas en Montevideo, la capital de Uruguay, junto con la violencia en todo el pa\u00eds, est\u00e1 generando un debate sobre el supuesto \u00e9xito de las autoritarias estrategias de seguridad del gobierno para enfrentar el microtr\u00e1fico.","rel":"","context":"En \u00abNoticias\u00bb","block_context":{"text":"Noticias","link":"https:\/\/insightcrime.org\/es\/category\/noticias\/"},"img":{"alt_text":"Patrulla contra el microtr\u00e1fico en Uruguay","src":"https:\/\/i0.wp.com\/insightcrime.org\/wp-content\/uploads\/2022\/05\/Picture-1.jpg?fit=350%2C250&quality=100&ssl=1&resize=350%2C200","width":350,"height":200},"classes":[]},{"id":246561,"url":"https:\/\/insightcrime.org\/es\/noticias-crimen-organizado-colombia\/griselda-blanco-alias-madrina\/","url_meta":{"origin":109405,"position":2},"title":"Griselda Blanco, alias \u201cLa Madrina\u201d","author":"InSight Crime","date":"21 de noviembre de 2023","format":false,"excerpt":"Ana Griselda Blanco Restrepo fue una de las pioneras en el tr\u00e1fico de coca\u00edna a gran escala hacia Estados Unidos. Blanco fue una traficante clave entre las d\u00e9cadas de 1970 y 1980 y tuvo un papel protagonista en las guerras de las drogas de Miami. Fue conocida como \u201cLa Madrina\u201d\u2026","rel":"","context":"En \u00abColombia\u00bb","block_context":{"text":"Colombia","link":"https:\/\/insightcrime.org\/es\/category\/noticias-crimen-organizado-colombia\/"},"img":{"alt_text":"Griselda Blanco, alias 'La Madrina'","src":"https:\/\/i0.wp.com\/insightcrime.org\/wp-content\/uploads\/2026\/06\/Perfil-Criminal-Griselda-Blanco.jpg?fit=1200%2C900&quality=100&ssl=1&resize=350%2C200","width":350,"height":200,"srcset":"https:\/\/i0.wp.com\/insightcrime.org\/wp-content\/uploads\/2026\/06\/Perfil-Criminal-Griselda-Blanco.jpg?fit=1200%2C900&quality=100&ssl=1&resize=350%2C200 1x, https:\/\/i0.wp.com\/insightcrime.org\/wp-content\/uploads\/2026\/06\/Perfil-Criminal-Griselda-Blanco.jpg?fit=1200%2C900&quality=100&ssl=1&resize=525%2C300 1.5x, https:\/\/i0.wp.com\/insightcrime.org\/wp-content\/uploads\/2026\/06\/Perfil-Criminal-Griselda-Blanco.jpg?fit=1200%2C900&quality=100&ssl=1&resize=700%2C400 2x, https:\/\/i0.wp.com\/insightcrime.org\/wp-content\/uploads\/2026\/06\/Perfil-Criminal-Griselda-Blanco.jpg?fit=1200%2C900&quality=100&ssl=1&resize=1050%2C600 3x"},"classes":[]},{"id":271908,"url":"https:\/\/insightcrime.org\/es\/noticias\/autoridades-colombia-exponen-aumento-participacion-tren-de-aragua-narcotrafico\/","url_meta":{"origin":109405,"position":3},"title":"Autoridades en Colombia exponen aumento de participaci\u00f3n del Tren de Aragua en narcotr\u00e1fico\u00a0\u00a0","author":"Unidad Investigativa de Venezuela","date":"22 de marzo de 2024","format":false,"excerpt":"La captura en Colombia de un l\u00edder de una facci\u00f3n del Tren de Aragua que opera en Venezuela refleja una faceta hasta ahora poco conocida del rol de la organizaci\u00f3n en el narcotr\u00e1fico. El pasado 9 de marzo, la Polic\u00eda de Colombia detuvo a Carlos Antonio L\u00f3pez Centeno, alias \u201cEl\u2026","rel":"","context":"En \u00abNoticias\u00bb","block_context":{"text":"Noticias","link":"https:\/\/insightcrime.org\/es\/category\/noticias\/"},"img":{"alt_text":"Colombian authorities stand beside the weapons seized during the arrest of El Pilo and his accomplices.","src":"https:\/\/i0.wp.com\/insightcrime.org\/wp-content\/uploads\/2023\/08\/Ven-Tda-drug-trafficking-1-1.jpeg?fit=350%2C250&quality=100&ssl=1&resize=350%2C200","width":350,"height":200},"classes":[]},{"id":185595,"url":"https:\/\/insightcrime.org\/es\/noticias\/bogota-epicentro-guerra-bandas-microtrafico-colombia\/","url_meta":{"origin":109405,"position":4},"title":"Bogot\u00e1, epicentro de guerra entre bandas del microtr\u00e1fico en Colombia","author":"Juliana Manjarr\u00e9s","date":"23 de mayo de 2022","format":false,"excerpt":"La reconfiguraci\u00f3n de los grupos que controlan el microtr\u00e1fico en la capital colombiana estar\u00eda detr\u00e1s de los macabros homicidios registrados en las \u00faltimas seis semanas en Bogot\u00e1.","rel":"","context":"En \u00abNoticias\u00bb","block_context":{"text":"Noticias","link":"https:\/\/insightcrime.org\/es\/category\/noticias\/"},"img":{"alt_text":"","src":"https:\/\/i0.wp.com\/insightcrime.org\/wp-content\/uploads\/2022\/05\/Picture1-1.jpg?fit=350%2C250&quality=100&ssl=1&resize=350%2C200","width":350,"height":200},"classes":[]},{"id":204409,"url":"https:\/\/insightcrime.org\/es\/noticias\/guerras-bandas-uruguay-recrudecen-barrios-montevideo\/","url_meta":{"origin":109405,"position":5},"title":"Guerra de bandas se recrudece en barrios de Montevideo, Uruguay","author":"Chris Dalby","date":"15 de noviembre de 2022","format":false,"excerpt":"Los barrios de Villa Espa\u00f1ola y Pe\u00f1arol en Montevideo, capital de Uruguay, se encuentran en medio del fuego cruzado entre bandas narco locales, lo que siente un precedente preocupante en uno de los pa\u00edses m\u00e1s pac\u00edficos de Latinoam\u00e9rica.","rel":"","context":"En \u00abNoticias\u00bb","block_context":{"text":"Noticias","link":"https:\/\/insightcrime.org\/es\/category\/noticias\/"},"img":{"alt_text":"Polic\u00eda usando uniforme en Montevideo.","src":"https:\/\/i0.wp.com\/insightcrime.org\/wp-content\/uploads\/2022\/11\/814294-1.jpg?fit=350%2C250&quality=100&ssl=1&resize=350%2C200","width":350,"height":200},"classes":[]}],"jetpack_featured_media_url":"https:\/\/i0.wp.com\/insightcrime.org\/wp-content\/uploads\/2019\/11\/bronx_raid.jpg?fit=350%2C250&quality=100&ssl=1","_links":{"self":[{"href":"https:\/\/insightcrime.org\/es\/wp-json\/wp\/v2\/posts\/109405","targetHints":{"allow":["GET"]}}],"collection":[{"href":"https:\/\/insightcrime.org\/es\/wp-json\/wp\/v2\/posts"}],"about":[{"href":"https:\/\/insightcrime.org\/es\/wp-json\/wp\/v2\/types\/post"}],"author":[{"embeddable":true,"href":"https:\/\/insightcrime.org\/es\/wp-json\/wp\/v2\/users\/193"}],"replies":[{"embeddable":true,"href":"https:\/\/insightcrime.org\/es\/wp-json\/wp\/v2\/comments?post=109405"}],"version-history":[{"count":5,"href":"https:\/\/insightcrime.org\/es\/wp-json\/wp\/v2\/posts\/109405\/revisions"}],"predecessor-version":[{"id":109783,"href":"https:\/\/insightcrime.org\/es\/wp-json\/wp\/v2\/posts\/109405\/revisions\/109783"}],"wp:featuredmedia":[{"embeddable":true,"href":"https:\/\/insightcrime.org\/es\/wp-json\/wp\/v2\/media\/109727"}],"wp:attachment":[{"href":"https:\/\/insightcrime.org\/es\/wp-json\/wp\/v2\/media?parent=109405"}],"wp:term":[{"taxonomy":"category","embeddable":true,"href":"https:\/\/insightcrime.org\/es\/wp-json\/wp\/v2\/categories?post=109405"},{"taxonomy":"post_tag","embeddable":true,"href":"https:\/\/insightcrime.org\/es\/wp-json\/wp\/v2\/tags?post=109405"},{"taxonomy":"newspack_spnsrs_tax","embeddable":true,"href":"https:\/\/insightcrime.org\/es\/wp-json\/wp\/v2\/newspack_spnsrs_tax?post=109405"},{"taxonomy":"author","embeddable":true,"href":"https:\/\/insightcrime.org\/es\/wp-json\/wp\/v2\/coauthors?post=109405"}],"curies":[{"name":"wp","href":"https:\/\/api.w.org\/{rel}","templated":true}]}}