{"id":110602,"date":"2019-12-11T09:45:03","date_gmt":"2019-12-11T14:45:03","guid":{"rendered":"https:\/\/insightcrime.org\/?p=110602"},"modified":"2023-04-24T16:39:44","modified_gmt":"2023-04-24T21:39:44","slug":"estados-unidos-acusa-de-narcotrafico-a-exfuncionario-de-seguridad-de-mexico","status":"publish","type":"post","link":"https:\/\/insightcrime.org\/es\/noticias\/estados-unidos-acusa-de-narcotrafico-a-exfuncionario-de-seguridad-de-mexico\/","title":{"rendered":"Estados Unidos acusa de narcotr\u00e1fico a exfuncionario de seguridad de M\u00e9xico"},"content":{"rendered":"\n<p class=\"wp-block-paragraph\">Las autoridades de Estados Unidos han detenido al principal funcionario de seguridad de M\u00e9xico durante la administraci\u00f3n del expresidente Felipe Calder\u00f3n por cargos relacionados con drogas y por recibir sobornos de narcotraficantes, un explosivo hecho tras el juicio de \u201cEl Chapo\u201d Guzm\u00e1n.<\/p>\n\n\n\n<p class=\"wp-block-paragraph\">Genaro Garc\u00eda Luna, secretario de Seguridad P\u00fablica de M\u00e9xico entre 2006 y 2012, fue arrestado el 9 de diciembre en el estado de Texas. Los fiscales estadounidenses alegan que, a cambio de \u201csobornos multimillonarios\u201d, Garc\u00eda Luna le \u201cpermiti\u00f3 al Cartel de Sinaloa operar impunemente en M\u00e9xico\u201d, como se lee en <a href=\"https:\/\/www.justice.gov\/usao-edny\/pr\/former-mexican-secretary-public-security-arrested-drug-trafficking-conspiracy-and\" target=\"_blank\" rel=\"noopener\">un comunicado de prensa<\/a> del Departamento de Justicia de Estados Unidos con fecha del 10 de diciembre.<\/p>\n\n\n\n<p class=\"wp-block-paragraph\">Garc\u00eda Luna estuvo a cargo de la polic\u00eda federal de M\u00e9xico durante seis a\u00f1os, en los cuales, seg\u00fan las autoridades estadounidenses, el Cartel de Sinaloa \u201cpudo pasar sin inconvenientes sus cargamentos de drogas y obtuvo informaci\u00f3n sensible de los organismos de seguridad sobre las investigaciones en torno al cartel, as\u00ed como informaci\u00f3n sobre carteles rivales\u201d.<\/p>\n\n\n\n<p class=\"wp-block-paragraph\">El economista y abogado mexicano Edgardo Buscaglia estima que en 2010, cuando Garc\u00eda Luna estaba al frente de la polic\u00eda federal, el Cartel de Sinaloa controlaba cerca del 45 por ciento del tr\u00e1fico de drogas en M\u00e9xico. Sin embargo, los miembros del cartel representaron solo alrededor del dos por ciento de los detenidos por cargos de crimen organizado entre 2004 y 2010, seg\u00fan <a href=\"https:\/\/www.economist.com\/the-americas\/2010\/01\/07\/outsmarted-by-sinaloa\" target=\"_blank\" rel=\"noopener\">un informe de The Economist<\/a> en ese momento.<\/p>\n\n\n\n<p class=\"wp-block-paragraph\"><span style=\"color: #993300;\"><strong>&nbsp; &nbsp; &nbsp; VEA TAMBI\u00c9N:<\/strong><\/span> <a href=\"https:\/\/es.insightcrime.org\/noticias-sobre-crimen-organizado-en-mexico\/\" target=\"_blank\" rel=\"noopener\">Noticias y perfil de M\u00e9xico<\/a><\/p>\n\n\n\n<p class=\"wp-block-paragraph\">Los fiscales supuestamente tienen pruebas de que, en al menos dos ocasiones, los intermediarios financieros del Cartel de Sinaloa entregaron sobornos a Garc\u00eda Luna en maletines que conten\u00edan entre US$3 y 5 millones en efectivo. Garc\u00eda Luna era millonario cuando se retir\u00f3 del servicio p\u00fablico y se traslad\u00f3 a Estados Unidos en 2012.<\/p>\n\n\n\n<p class=\"wp-block-paragraph\">En caso de ser declarado culpable, Garc\u00eda Luna enfrenta una pena m\u00ednima obligatoria de 10 a\u00f1os de prisi\u00f3n y una pena m\u00e1xima de cadena perpetua.<\/p>\n\n\n\n<p class=\"wp-block-paragraph\">\u201cDesconozco detalles y estoy pendiente de la informaci\u00f3n que confirme el hecho\u201d, <a href=\"https:\/\/twitter.com\/FelipeCalderon\/status\/1204458098234146816\" target=\"_blank\" rel=\"noopener\">dijo el expresidente Calder\u00f3n<\/a> en Twitter como respuesta a las acusaciones. \u201cMi postura ser\u00e1 siempre en favor de la justicia y la ley\u201d.<\/p>\n\n\n\n<p class=\"wp-block-paragraph\">Desde que Calder\u00f3n inici\u00f3 la denominada \u201cguerra contra las drogas\u201d y los grupos del crimen organizado de M\u00e9xico en 2006 \u2014de la que Garc\u00eda Luna fue el principal art\u00edfice\u2014, unos 200.000 ciudadanos han sido asesinados, y decenas de miles m\u00e1s han desaparecido. La guerra <a href=\"https:\/\/es.insightcrime.org\/noticias\/analisis\/jurado-de-ee-uu-declara-culpable-chapo-pero-guerra-contra-drogas-en-mexico-continua\/\" target=\"_blank\" rel=\"noopener\">contin\u00faa libr\u00e1ndose en vano<\/a>, incluso despu\u00e9s de que su principal objetivo, Joaqu\u00edn Guzm\u00e1n Loera, alias \u201cEl Chapo\u201d, <a href=\"https:\/\/es.insightcrime.org\/noticias\/noticias-del-dia\/mejorara-mexico-tras-la-condena-de-el-chapo-a-cadena-perpetua\/\" target=\"_blank\" rel=\"noopener\">fue condenado<\/a> a mediados de este a\u00f1o a cadena perpetua por liderar un imperio del narcotr\u00e1fico.<\/p>\n\n\n\n<h3 class=\"wp-block-heading\">An\u00e1lisis de InSight Crime<\/h3>\n\n\n\n<p class=\"wp-block-paragraph\">El arresto de Garc\u00eda Luna es una prueba irrecusable de que las autoridades, al menos en Estados Unidos, se est\u00e1n enfocando en la corrupci\u00f3n generalizada al interior del gobierno mexicano, la cual sali\u00f3 a relucir durante el juicio de El Chapo en Estados Unidos.<\/p>\n\n\n\n<p class=\"wp-block-paragraph\">Desde las primeras intervenciones, el equipo de defensa del ex narcotraficante <a href=\"https:\/\/es.insightcrime.org\/noticias\/noticias-del-dia\/defensa-chapo-llama-atencion-presunta-corrupcion-mexico\/\" target=\"_blank\" rel=\"noopener\">llam\u00f3 la atenci\u00f3n<\/a> sobre la corrupci\u00f3n rampante dentro del gobierno, que, sosten\u00edan ellos, facilit\u00f3 las actividades de narcotr\u00e1fico de su cliente. Jeffrey Lichtman, uno de los abogados defensores, sostuvo que los expresidentes Calder\u00f3n y Pe\u00f1a Nieto recibieron \u201ccientos de millones en sobornos\u201d del l\u00edder del Cartel de Sinaloa, Ismael Zambada Garc\u00eda, alias \u201cEl Mayo\u201d.<\/p>\n\n\n\n<p class=\"wp-block-paragraph\">Adem\u00e1s, el hermano menor de El Mayo, Jes\u00fas \u201cEl Rey\u201d Zambada Garc\u00eda, testific\u00f3 durante el juicio que el Cartel de Sinaloa hab\u00eda entregado <a href=\"https:\/\/www.vice.com\/en_us\/article\/439k4n\/el-chapo-witness-claims-mexicos-former-president-took-a-dollar100-million-bribe\" target=\"_blank\" rel=\"noopener\">US$50 millones en sobornos<\/a> a Garc\u00eda Luna, quien respondi\u00f3 que aquello <a href=\"https:\/\/www.vice.com\/en_us\/article\/439k4n\/el-chapo-witness-claims-mexicos-former-president-took-a-dollar100-million-bribe\" target=\"_blank\" rel=\"noopener\">era mentira<\/a>. Llegar al bolsillo de funcionarios de alto nivel como el jefe de la polic\u00eda del pa\u00eds es esencial para que organizaciones como el Cartel de Sinaloa puedan operar con \u00e9xito.<\/p>\n\n\n\n<p class=\"wp-block-paragraph\"><span style=\"color: #993300;\"><strong>&nbsp; &nbsp; &nbsp;VEA TAMBI\u00c9N:<\/strong><\/span> <a href=\"https:\/\/es.insightcrime.org\/noticias-sobre-crimen-organizado-en-mexico\/sinaloa-cartel-2\/\" target=\"_blank\" rel=\"noopener\">Noticias y perfil del Cartel de Sinaloa<\/a><\/p>\n\n\n\n<p class=\"wp-block-paragraph\">El arresto de Garc\u00eda Luna genera varias preguntas interesantes, por ejemplo, si el expresidente Calder\u00f3n sab\u00eda \u2014y cu\u00e1ndo lo supo\u2014 de los estrechos nexos de su principal funcionario de seguridad no solo con la organizaci\u00f3n narcotraficante m\u00e1s poderosa del pa\u00eds, sino tambi\u00e9n con su m\u00e1ximo dirigente. Adem\u00e1s, falta ver si otras personas que durante el juicio de El Chapo fueron nombradas por su supuesta participaci\u00f3n en la corrupci\u00f3n generalizada, como el expresidente Pe\u00f1a Nieto, tambi\u00e9n enfrentar\u00e1n consecuencias por sus presuntas irregularidades.<\/p>\n\n\n\n<p class=\"wp-block-paragraph\">El arresto tambi\u00e9n pone en tela de juicio <a href=\"https:\/\/es.insightcrime.org\/noticias\/analisis\/guerra-mexico-contra-crimen-decada-fracasos-militarizados\/\" target=\"_blank\" rel=\"noopener\">la fallida estrategia de seguridad<\/a> del gobierno contra los grupos narcotraficantes mexicanos. Dicha estrategia no solo fue bastante defectuosa, sino que adem\u00e1s \u2014como lo sugiere el reciente arresto\u2014 los encargados de librar la guerra dorm\u00edan en la misma cama con aquellos a quienes supuestamente deb\u00edan perseguir.<\/p>\n\n\n\n<p class=\"wp-block-paragraph\">Por \u00faltimo, el arresto deja claro que solamente en Estados Unidos los funcionarios mexicanos corruptos pueden ser enjuiciados por trabajar mano a mano con las organizaciones criminales. En M\u00e9xico pueden operar a su antojo y a toda costa.<\/p>\n","protected":false},"excerpt":{"rendered":"<p>Las autoridades de Estados Unidos han detenido al principal funcionario de seguridad de M\u00e9xico durante la administraci\u00f3n del expresidente Felipe Calder\u00f3n por cargos relacionados con drogas y por recibir sobornos de narcotraficantes, un explosivo hecho tras el juicio de \u201cEl Chapo\u201d Guzm\u00e1n.<\/p>\n","protected":false},"author":90,"featured_media":110591,"comment_status":"closed","ping_status":"closed","sticky":false,"template":"","format":"standard","meta":{"newspack_ads_suppress_ads":false,"newspack_popups_has_disabled_popups":false,"newspack_sponsor_sponsorship_scope":"","newspack_sponsor_native_byline_display":"inherit","newspack_sponsor_native_category_display":"inherit","newspack_sponsor_underwriter_style":"inherit","newspack_sponsor_underwriter_placement":"inherit","_EventAllDay":false,"_EventTimezone":"","_EventStartDate":"","_EventEndDate":"","_EventStartDateUTC":"","_EventEndDateUTC":"","_EventShowMap":false,"_EventShowMapLink":false,"_EventURL":"","_EventCost":"","_EventCostDescription":"","_EventCurrencySymbol":"","_EventCurrencyCode":"","_EventCurrencyPosition":"","_EventDateTimeSeparator":"","_EventTimeRangeSeparator":"","_EventOrganizerID":[],"_EventVenueID":[],"_OrganizerEmail":"","_OrganizerPhone":"","_OrganizerWebsite":"","_VenueAddress":"","_VenueCity":"","_VenueCountry":"","_VenueProvince":"","_VenueState":"","_VenueZip":"","_VenuePhone":"","_VenueURL":"","_VenueStateProvince":"","_VenueLat":"","_VenueLng":"","_VenueShowMap":false,"_VenueShowMapLink":false,"_newspack_byline_active":false,"_newspack_byline":"","newspack_hide_updated_date":false,"newspack_show_updated_date":false,"newspack_featured_image_position":"","newspack_post_subtitle":"","newspack_article_summary_title":"Overview:","newspack_article_summary":"","_jetpack_memberships_contains_paid_content":false,"footnotes":""},"categories":[759],"tags":[396,406],"newspack_spnsrs_tax":[],"coauthors":[4065],"class_list":["post-110602","post","type-post","status-publish","format-standard","has-post-thumbnail","hentry","category-noticias","tag-cartel-de-sinaloa","tag-mexico-pais","entry"],"parsely":{"version":"1.1.0","canonical_url":"https:\/\/insightcrime.org\/es\/noticias\/estados-unidos-acusa-de-narcotrafico-a-exfuncionario-de-seguridad-de-mexico\/","smart_links":{"inbound":0,"outbound":0},"traffic_boost_suggestions_count":0,"meta":{"@context":"https:\/\/schema.org","@type":"NewsArticle","headline":"Estados Unidos acusa de narcotr\u00e1fico a exfuncionario de seguridad de M\u00e9xico","url":"http:\/\/insightcrime.org\/es\/noticias\/estados-unidos-acusa-de-narcotrafico-a-exfuncionario-de-seguridad-de-mexico\/","mainEntityOfPage":{"@type":"WebPage","@id":"http:\/\/insightcrime.org\/es\/noticias\/estados-unidos-acusa-de-narcotrafico-a-exfuncionario-de-seguridad-de-mexico\/"},"thumbnailUrl":"https:\/\/i0.wp.com\/insightcrime.org\/wp-content\/uploads\/2019\/12\/19-12-10-Garcia-Luna-Mexico.jpg?resize=150%2C150&quality=100&ssl=1","image":{"@type":"ImageObject","url":"https:\/\/i0.wp.com\/insightcrime.org\/wp-content\/uploads\/2019\/12\/19-12-10-Garcia-Luna-Mexico.jpg?fit=350%2C250&quality=100&ssl=1"},"articleSection":"Noticias","author":[{"@type":"Person","name":"Parker Asmann"}],"creator":["Parker Asmann"],"publisher":{"@type":"Organization","name":"InSight Crime","logo":"https:\/\/insightcrime.org\/wp-content\/uploads\/2023\/08\/logo.png"},"keywords":["cartel de sinaloa","m\u00e9xico"],"dateCreated":"2019-12-11T14:45:03Z","datePublished":"2019-12-11T14:45:03Z","dateModified":"2023-04-24T21:39:44Z"},"rendered":"<meta name=\"parsely-title\" content=\"Estados Unidos acusa de narcotr\u00e1fico a exfuncionario de seguridad de M\u00e9xico\" \/>\n<meta name=\"parsely-link\" content=\"http:\/\/insightcrime.org\/es\/noticias\/estados-unidos-acusa-de-narcotrafico-a-exfuncionario-de-seguridad-de-mexico\/\" \/>\n<meta name=\"parsely-type\" content=\"post\" \/>\n<meta name=\"parsely-image-url\" content=\"https:\/\/i0.wp.com\/insightcrime.org\/wp-content\/uploads\/2019\/12\/19-12-10-Garcia-Luna-Mexico.jpg?resize=150%2C150&amp;quality=100&amp;ssl=1\" \/>\n<meta name=\"parsely-pub-date\" content=\"2019-12-11T14:45:03Z\" \/>\n<meta name=\"parsely-section\" content=\"Noticias\" \/>\n<meta name=\"parsely-tags\" content=\"cartel de sinaloa,m\u00e9xico\" \/>\n<meta name=\"parsely-author\" content=\"Parker Asmann\" \/>","tracker_url":"https:\/\/cdn.parsely.com\/keys\/insightcrime.org\/p.js"},"jetpack_sharing_enabled":true,"jetpack-related-posts":[{"id":242473,"url":"https:\/\/insightcrime.org\/es\/mexico-organized-crime-news\/genaro-garcia-luna\/","url_meta":{"origin":110602,"position":0},"title":"Genaro Garc\u00eda Luna","author":"InSight Crime","date":"18 de enero de 2023","format":false,"excerpt":"EE. UU. conden\u00f3 a Genaro Garc\u00eda Luna, exsecretario de Seguridad de M\u00e9xico, y orden\u00f3 la recuperaci\u00f3n de US$578,5 millones por lavado de dinero, sobornos y nexos con el Cartel de Sinaloa.","rel":"","context":"En \u00abMexico\u00bb","block_context":{"text":"Mexico","link":"https:\/\/insightcrime.org\/category\/mexico-organized-crime-news\/"},"img":{"alt_text":"Genaro Garc\u00eda Luna","src":"https:\/\/i0.wp.com\/insightcrime.org\/wp-content\/uploads\/2026\/06\/Perfil-Criminal-Genaro-Garcia-Luna.jpg?fit=1200%2C900&quality=100&ssl=1&resize=350%2C200","width":350,"height":200,"srcset":"https:\/\/i0.wp.com\/insightcrime.org\/wp-content\/uploads\/2026\/06\/Perfil-Criminal-Genaro-Garcia-Luna.jpg?fit=1200%2C900&quality=100&ssl=1&resize=350%2C200 1x, https:\/\/i0.wp.com\/insightcrime.org\/wp-content\/uploads\/2026\/06\/Perfil-Criminal-Genaro-Garcia-Luna.jpg?fit=1200%2C900&quality=100&ssl=1&resize=525%2C300 1.5x, https:\/\/i0.wp.com\/insightcrime.org\/wp-content\/uploads\/2026\/06\/Perfil-Criminal-Genaro-Garcia-Luna.jpg?fit=1200%2C900&quality=100&ssl=1&resize=700%2C400 2x, https:\/\/i0.wp.com\/insightcrime.org\/wp-content\/uploads\/2026\/06\/Perfil-Criminal-Genaro-Garcia-Luna.jpg?fit=1200%2C900&quality=100&ssl=1&resize=1050%2C600 3x"},"classes":[]},{"id":203332,"url":"https:\/\/insightcrime.org\/es\/noticias\/exsecretario-seguridad-mexico-ojo-huracan-ee-uu\/","url_meta":{"origin":110602,"position":1},"title":"Exsecretario de seguridad de M\u00e9xico sigue en el ojo del hurac\u00e1n de EE.UU.","author":"Juan Diego Posada","date":"3 de noviembre de 2022","format":false,"excerpt":"El juicio contra Genaro Garc\u00eda Luna, secretario de Seguridad P\u00fablica del expresidente de M\u00e9xico, Felipe Calder\u00f3n, se acerca. EL juicio contra el arquitecto de la guerra contra las drogas de ese pa\u00eds iniciar\u00eda el 9 de enero de 2023.","rel":"","context":"En \u00abNoticias\u00bb","block_context":{"text":"Noticias","link":"https:\/\/insightcrime.org\/es\/category\/noticias\/"},"img":{"alt_text":"Genaro Garc\u00eda Luna, exsecretario de Seguridad de M\u00e9xico","src":"https:\/\/i0.wp.com\/insightcrime.org\/wp-content\/uploads\/2022\/11\/genaro-garcia-luna-1.jpg?fit=350%2C250&quality=100&ssl=1&resize=350%2C200","width":350,"height":200},"classes":[]},{"id":207946,"url":"https:\/\/insightcrime.org\/es\/noticias\/guerra-contra-drogas-ee-uu-mexico-baquillo-expolicia-rango\/","url_meta":{"origin":110602,"position":2},"title":"\u2018Guerra contra las drogas\u2019 de EE. UU. y M\u00e9xico al banquillo junto con un expolic\u00eda de alto rango","author":"Parker Asmann","date":"17 de enero de 2023","format":false,"excerpt":"Los se\u00f1alamientos durante el juicio de un alto exfuncionario de seguridad p\u00fablica de M\u00e9xico, que comenzar\u00e1 pr\u00f3ximamente en Estados Unidos, tambi\u00e9n dejar\u00e1n en evidencia las deficiencias de la lucha de los dos pa\u00edses contra los grupos del crimen organizado.","rel":"","context":"En \u00abNoticias\u00bb","block_context":{"text":"Noticias","link":"https:\/\/insightcrime.org\/es\/category\/noticias\/"},"img":{"alt_text":"Genaro Garc\u00eda Luna asiste a una rueda de prensa en Ciudad de M\u00e9xico en 2010. Cr\u00e9dito: Marco Ugarte\/AP","src":"https:\/\/i0.wp.com\/insightcrime.org\/wp-content\/uploads\/2023\/01\/Mexico-Secretary-of-Public-Safety-Genaro-Garcia-Luna-Aug-2022-AP22227647221108-A2.jpg?fit=1200%2C690&quality=100&ssl=1&resize=350%2C200","width":350,"height":200,"srcset":"https:\/\/i0.wp.com\/insightcrime.org\/wp-content\/uploads\/2023\/01\/Mexico-Secretary-of-Public-Safety-Genaro-Garcia-Luna-Aug-2022-AP22227647221108-A2.jpg?fit=1200%2C690&quality=100&ssl=1&resize=350%2C200 1x, https:\/\/i0.wp.com\/insightcrime.org\/wp-content\/uploads\/2023\/01\/Mexico-Secretary-of-Public-Safety-Genaro-Garcia-Luna-Aug-2022-AP22227647221108-A2.jpg?fit=1200%2C690&quality=100&ssl=1&resize=525%2C300 1.5x, https:\/\/i0.wp.com\/insightcrime.org\/wp-content\/uploads\/2023\/01\/Mexico-Secretary-of-Public-Safety-Genaro-Garcia-Luna-Aug-2022-AP22227647221108-A2.jpg?fit=1200%2C690&quality=100&ssl=1&resize=700%2C400 2x, https:\/\/i0.wp.com\/insightcrime.org\/wp-content\/uploads\/2023\/01\/Mexico-Secretary-of-Public-Safety-Genaro-Garcia-Luna-Aug-2022-AP22227647221108-A2.jpg?fit=1200%2C690&quality=100&ssl=1&resize=1050%2C600 3x"},"classes":[]},{"id":168482,"url":"https:\/\/insightcrime.org\/es\/noticias\/acusaciones-ex-funcionario-gobierno-mexico-escalan-cortes-eeuu\/","url_meta":{"origin":110602,"position":3},"title":"Acusaciones contra ex alto funcionario del gobierno de M\u00e9xico escalan en cortes de EE. UU.","author":"Parker Asmann","date":"30 de septiembre de 2021","format":false,"excerpt":"Se acumulan la evidencia y las acusaciones contra el exdirector de seguridad p\u00fablica de M\u00e9xico Genaro Garc\u00eda Luna. Por un lado, los fiscales presentaron nuevos expendientes que podr\u00edan demostrar que el exfuncionario recibi\u00f3 sobornos de narcos. Por otro lado, M\u00e9xico present\u00f3 una demanda para recuperar millones de d\u00f3lares en presuntos\u2026","rel":"","context":"En \u00abNoticias\u00bb","block_context":{"text":"Noticias","link":"https:\/\/insightcrime.org\/es\/category\/noticias\/"},"img":{"alt_text":"","src":"https:\/\/i0.wp.com\/insightcrime.org\/wp-content\/uploads\/2021\/09\/21-09-30-UIF-Complaint-GGL-Florida.jpg?fit=350%2C250&quality=100&ssl=1&resize=350%2C200","width":350,"height":200},"classes":[]},{"id":294689,"url":"https:\/\/insightcrime.org\/es\/noticias\/ex-jefe-seguridad-publica-mexico-condenado-decadas-prision\/","url_meta":{"origin":110602,"position":4},"title":"El ex jefe de seguridad p\u00fablica de M\u00e9xico fue condenado a d\u00e9cadas de prisi\u00f3n. \u00bfPero reducir\u00e1 esto la corrupci\u00f3n?","author":"Parker Asmann","date":"17 de octubre de 2024","format":false,"excerpt":"Uno de los cerebros detr\u00e1s del enfoque militarizado de M\u00e9xico contra el crimen organizado fue sentenciado a m\u00e1s de 38 a\u00f1os en prisi\u00f3n en Estados Unidos, aunque persisten las preguntas sobre la efectividad de los juicios a antiguos aliados del pa\u00eds para frenar la corrupci\u00f3n en Am\u00e9rica Latina.","rel":"","context":"En \u00abNoticias\u00bb","block_context":{"text":"Noticias","link":"https:\/\/insightcrime.org\/es\/category\/noticias\/"},"img":{"alt_text":"Genaro Garc\u00eda Luna asiste a una rueda de prensa en Ciudad de M\u00e9xico en 2010. Cr\u00e9dito: Marco Ugarte\/AP","src":"https:\/\/i0.wp.com\/insightcrime.org\/wp-content\/uploads\/2023\/01\/Mexico-Secretary-of-Public-Safety-Genaro-Garcia-Luna-Aug-2022-AP22227647221108-A2.jpg?fit=1200%2C690&quality=100&ssl=1&resize=350%2C200","width":350,"height":200,"srcset":"https:\/\/i0.wp.com\/insightcrime.org\/wp-content\/uploads\/2023\/01\/Mexico-Secretary-of-Public-Safety-Genaro-Garcia-Luna-Aug-2022-AP22227647221108-A2.jpg?fit=1200%2C690&quality=100&ssl=1&resize=350%2C200 1x, https:\/\/i0.wp.com\/insightcrime.org\/wp-content\/uploads\/2023\/01\/Mexico-Secretary-of-Public-Safety-Genaro-Garcia-Luna-Aug-2022-AP22227647221108-A2.jpg?fit=1200%2C690&quality=100&ssl=1&resize=525%2C300 1.5x, https:\/\/i0.wp.com\/insightcrime.org\/wp-content\/uploads\/2023\/01\/Mexico-Secretary-of-Public-Safety-Genaro-Garcia-Luna-Aug-2022-AP22227647221108-A2.jpg?fit=1200%2C690&quality=100&ssl=1&resize=700%2C400 2x, https:\/\/i0.wp.com\/insightcrime.org\/wp-content\/uploads\/2023\/01\/Mexico-Secretary-of-Public-Safety-Genaro-Garcia-Luna-Aug-2022-AP22227647221108-A2.jpg?fit=1200%2C690&quality=100&ssl=1&resize=1050%2C600 3x"},"classes":[]},{"id":211044,"url":"https:\/\/insightcrime.org\/es\/noticias\/garcia-luna-condenado-sospechas-corrupcion-persisten-eeuu-mexico\/","url_meta":{"origin":110602,"position":5},"title":"Garc\u00eda Luna fue condenado, pero sospechas de corrupci\u00f3n persisten en alianza EE. UU.-M\u00e9xico","author":"Gavin Voss","date":"22 de febrero de 2023","format":false,"excerpt":"La condena al exsecretario de seguridad p\u00fablica de M\u00e9xico Genaro Garc\u00eda Luna, por narcotr\u00e1fico y corrupci\u00f3n, representa una complicada victoria para las autoridades estadounidenses.","rel":"","context":"En \u00abNoticias\u00bb","block_context":{"text":"Noticias","link":"https:\/\/insightcrime.org\/es\/category\/noticias\/"},"img":{"alt_text":"","src":"https:\/\/i0.wp.com\/insightcrime.org\/wp-content\/uploads\/2023\/02\/Mexico-Mexican-Public-Safety-Secretary-Genaro-Garcia-Luna-May-2007-AP070517018357-A2.jpg?fit=1200%2C690&quality=100&ssl=1&resize=350%2C200","width":350,"height":200,"srcset":"https:\/\/i0.wp.com\/insightcrime.org\/wp-content\/uploads\/2023\/02\/Mexico-Mexican-Public-Safety-Secretary-Genaro-Garcia-Luna-May-2007-AP070517018357-A2.jpg?fit=1200%2C690&quality=100&ssl=1&resize=350%2C200 1x, https:\/\/i0.wp.com\/insightcrime.org\/wp-content\/uploads\/2023\/02\/Mexico-Mexican-Public-Safety-Secretary-Genaro-Garcia-Luna-May-2007-AP070517018357-A2.jpg?fit=1200%2C690&quality=100&ssl=1&resize=525%2C300 1.5x, https:\/\/i0.wp.com\/insightcrime.org\/wp-content\/uploads\/2023\/02\/Mexico-Mexican-Public-Safety-Secretary-Genaro-Garcia-Luna-May-2007-AP070517018357-A2.jpg?fit=1200%2C690&quality=100&ssl=1&resize=700%2C400 2x, https:\/\/i0.wp.com\/insightcrime.org\/wp-content\/uploads\/2023\/02\/Mexico-Mexican-Public-Safety-Secretary-Genaro-Garcia-Luna-May-2007-AP070517018357-A2.jpg?fit=1200%2C690&quality=100&ssl=1&resize=1050%2C600 3x"},"classes":[]}],"jetpack_featured_media_url":"https:\/\/i0.wp.com\/insightcrime.org\/wp-content\/uploads\/2019\/12\/19-12-10-Garcia-Luna-Mexico.jpg?fit=350%2C250&quality=100&ssl=1","_links":{"self":[{"href":"https:\/\/insightcrime.org\/es\/wp-json\/wp\/v2\/posts\/110602","targetHints":{"allow":["GET"]}}],"collection":[{"href":"https:\/\/insightcrime.org\/es\/wp-json\/wp\/v2\/posts"}],"about":[{"href":"https:\/\/insightcrime.org\/es\/wp-json\/wp\/v2\/types\/post"}],"author":[{"embeddable":true,"href":"https:\/\/insightcrime.org\/es\/wp-json\/wp\/v2\/users\/90"}],"replies":[{"embeddable":true,"href":"https:\/\/insightcrime.org\/es\/wp-json\/wp\/v2\/comments?post=110602"}],"version-history":[{"count":5,"href":"https:\/\/insightcrime.org\/es\/wp-json\/wp\/v2\/posts\/110602\/revisions"}],"predecessor-version":[{"id":110627,"href":"https:\/\/insightcrime.org\/es\/wp-json\/wp\/v2\/posts\/110602\/revisions\/110627"}],"wp:featuredmedia":[{"embeddable":true,"href":"https:\/\/insightcrime.org\/es\/wp-json\/wp\/v2\/media\/110591"}],"wp:attachment":[{"href":"https:\/\/insightcrime.org\/es\/wp-json\/wp\/v2\/media?parent=110602"}],"wp:term":[{"taxonomy":"category","embeddable":true,"href":"https:\/\/insightcrime.org\/es\/wp-json\/wp\/v2\/categories?post=110602"},{"taxonomy":"post_tag","embeddable":true,"href":"https:\/\/insightcrime.org\/es\/wp-json\/wp\/v2\/tags?post=110602"},{"taxonomy":"newspack_spnsrs_tax","embeddable":true,"href":"https:\/\/insightcrime.org\/es\/wp-json\/wp\/v2\/newspack_spnsrs_tax?post=110602"},{"taxonomy":"author","embeddable":true,"href":"https:\/\/insightcrime.org\/es\/wp-json\/wp\/v2\/coauthors?post=110602"}],"curies":[{"name":"wp","href":"https:\/\/api.w.org\/{rel}","templated":true}]}}