{"id":111358,"date":"2020-01-13T09:54:16","date_gmt":"2020-01-13T14:54:16","guid":{"rendered":"https:\/\/insightcrime.org\/?p=111358"},"modified":"2023-04-24T16:39:53","modified_gmt":"2023-04-24T21:39:53","slug":"pandillas-evangelicas-de-brasil-en-guerra-contra-religiones-afrobrasilenas","status":"publish","type":"post","link":"https:\/\/insightcrime.org\/es\/noticias\/pandillas-evangelicas-de-brasil-en-guerra-contra-religiones-afrobrasilenas\/","title":{"rendered":"Pandillas evang\u00e9licas de Brasil en guerra contra religiones afrobrasile\u00f1as"},"content":{"rendered":"\n<p class=\"wp-block-paragraph\">El Templo Cabocla Jurema Umbanda en las afueras de Brasilia se preparaba para celebrar su aniversario n\u00famero 50 este mes de enero. No pudo ser: el templo fue incinerado totalmente el d\u00eda de Navidad y todos sus objetos sagrados fueron robados. Este es el m\u00e1s reciente ataque de los cientos que ha cometido el nuevo actor criminal de Brasil: las pandillas evang\u00e9licas cristianas.<\/p>\n\n\n\n<p class=\"wp-block-paragraph\">El <a href=\"https:\/\/www.correiobraziliense.com.br\/app\/noticia\/cidades\/2019\/12\/27\/interna_cidadesdf,816874\/policia-civil-investiga-incendio-em-templo-umbandista-em-planaltina.shtml\" target=\"_blank\" rel=\"noopener\">ataque<\/a> a Cabocla Jurema no dej\u00f3 personas heridas ni muertos. No siempre ha sido as\u00ed. En octubre de 2018, Romualdo Ros\u00e1rio da Costa, un conocido practicante de candombl\u00e9 y defensor de los afrobrasile\u00f1os a nivel internacional, quien es conocido como Moa de Katend\u00ea, fue <a href=\"https:\/\/www1.folha.uol.com.br\/poder\/2018\/10\/mestre-de-capoeira-e-morto-com-facadas-apos-discussao-politica-na-bahia.shtml\" target=\"_blank\" rel=\"noopener\">apu\u00f1alado<\/a> 12 veces en Salvador, capital del estado de Bah\u00eda al nororiente del pa\u00eds.<\/p>\n\n\n\n<p class=\"wp-block-paragraph\">Ros\u00e1rio da Costa se encontraba celebrando los resultados de la primera vuelta de las elecciones presidenciales de Brasil, tras la cual hubo una segunda vuelta en la que se enfrentaron su candidato favorito, Fernando Haddad, del Partido de los Trabajadores (PT), de izquierda, y Jair Bolsonaro, del Partido Social Liberal (PSL), de extrema derecha.<\/p>\n\n\n\n<p class=\"wp-block-paragraph\"><span style=\"color: #993300;\"><strong>&nbsp; &nbsp; &nbsp; VEA TAMBI\u00c9N:<\/strong><\/span> <a href=\"https:\/\/es.insightcrime.org\/noticias\/noticias-del-dia\/policia-brasil-ejerce-licencia-para-matar-en-rio-de-janeiro\/\" target=\"_blank\" rel=\"noopener\">Polic\u00eda de Brasil ejerce su licencia para matar en R\u00edo de Janeiro<\/a><\/p>\n\n\n\n<p class=\"wp-block-paragraph\">Su asesino, Paulo S\u00e9rgio Ferreira de Santana, era partidario del PSL y le confes\u00f3 a la polic\u00eda que atac\u00f3 a Ros\u00e1rio da Costa porque este le dijo que no le gustaba Bolsonaro, <a href=\"https:\/\/g1.globo.com\/ba\/bahia\/noticia\/2018\/10\/08\/capoeirista-esfaqueado-em-salvador-foi-morto-apos-falar-de-discorda-de-opiniao-politica-de-suspeito-do-crime.ghtml\" target=\"_blank\" rel=\"noopener\">seg\u00fan palabras<\/a> del secretario de seguridad p\u00fablica de Bah\u00eda en un informe de Globo.<\/p>\n\n\n\n<p class=\"wp-block-paragraph\">Bolsonaro se posesion\u00f3 como presidente casi dos meses despu\u00e9s. Desde entonces, los ataques de los grupos religiosos criminales han aumentado. Solo en el estado de R\u00edo hubo 123 informes de violencia religiosa entre enero y octubre de 2019, a diferencia de los 14 que se presentaron durante todo 2016, seg\u00fan un <a href=\"https:\/\/www.washingtonpost.com\/world\/the_americas\/soldiers-of-jesus-armed-neo-pentecostals-torment-brazils-religious-minorities\/2019\/12\/08\/fd74de6e-fff0-11e9-8501-2a7123a38c58_story.html\" target=\"_blank\" rel=\"noopener\">informe<\/a> de The Washington Post.<\/p>\n\n\n\n<p class=\"wp-block-paragraph\">InSight Crime consult\u00f3 a Robert Muggah, fundador del Instituto Igarap\u00e9, de Brasil, quien dijo que durante 2019 fueron cerrados 200 templos de candombl\u00e9 y umbanda debido a amenazas e intimidaciones, cifra que duplica la de 2018.<\/p>\n\n\n\n<p class=\"wp-block-paragraph\">El candombl\u00e9 y la umbanda son dos religiones afrobrasile\u00f1as con <a href=\"https:\/\/www.bbc.co.uk\/religion\/religions\/candomble\/ataglance\/glance.shtml\" target=\"_blank\" rel=\"noopener\">millones de seguidores<\/a> en todo el pa\u00eds. Su n\u00famero de seguidores ha disminuido a medida que los devotos del neopentecostalismo han aumentado. Mientras que en la d\u00e9cada del 50 el 5 por ciento de la poblaci\u00f3n era neopentecostal, esta cifra aument\u00f3 al 22 por ciento en el <a href=\"https:\/\/veja.abril.com.br\/blog\/reinaldo\/o-ibge-e-a-religiao-cristaos-sao-86-8-do-brasil-catolicos-caem-para-64-6-evangelicos-ja-sao-22-2\/\" target=\"_blank\" rel=\"noopener\">censo de 2010<\/a>, y Muggah cree que podr\u00eda superar el 30 por ciento en el censo de 2020. Esta forma de protestantismo evang\u00e9lico se ha convertido en una poderosa fuerza pol\u00edtica que busca <a href=\"https:\/\/www.foreignaffairs.com\/articles\/brazil\/2019-03-07\/how-evangelical-conservatives-are-gaining-power-brazil\" target=\"_blank\" rel=\"noopener\">cambiar la perspectiva<\/a> del pa\u00eds en temas como la sexualidad, la vida familiar e incluso la libertad de expresi\u00f3n y de culto. Las comunidades afrobrasile\u00f1as han sentido esta arremetida.<\/p>\n\n\n\n<p class=\"wp-block-paragraph\">\u201cLos practicantes de las religiones afrobrasile\u00f1as provienen de las poblaciones m\u00e1s pobres y vulnerables de las ciudades brasile\u00f1as. Existen fuertes prejuicios entre la poblaci\u00f3n evang\u00e9lica, cada vez m\u00e1s ortodoxa, contra las religiones no cristianas\u201d, se\u00f1al\u00f3 Muggah.<\/p>\n\n\n\n<p class=\"wp-block-paragraph\">\u201cDado que tienen poco apoyo de las comunidades vecinas y cuentan con acceso limitado a las instituciones legales, suelen ser v\u00edctimas de las milicias y las pandillas\u201d.<\/p>\n\n\n\n<p class=\"wp-block-paragraph\">El m\u00e1s reciente detonante de esta divisi\u00f3n social ha sido <a href=\"https:\/\/www.youtube.com\/watch?v=rZQGrN-xcrU\" target=\"_blank\" rel=\"noopener\">A Primeira Tenta\u00e7\u00e3o de Cristo<\/a> (La primera tentaci\u00f3n de Cristo), una comedia sat\u00edrica de la compa\u00f1\u00eda brasile\u00f1a Porta dos Fundos transmitida en Netflix, en la que se supone que Jesucristo era homosexual y que Mar\u00eda fumaba marihuana.<\/p>\n\n\n\n<p class=\"wp-block-paragraph\">En la v\u00edspera de Navidad, tres hombres con pasamonta\u00f1as <a href=\"https:\/\/www.reuters.com\/article\/brazil-violence\/brazilian-far-right-group-claims-attack-on-gay-jesus-comedy-troupe-idUSL1N290079\" target=\"_blank\" rel=\"noopener\">lanzaron<\/a> cocteles Molotov contra la puerta principal del edificio donde se encuentran las oficinas de Porta dos Fundos en R\u00edo de Janeiro. Uno de los presuntos autores del ataque, Eduardo Fauzi, quien huy\u00f3 a Rusia, <a href=\"https:\/\/www.esmaelmorais.com.br\/2020\/01\/terrorista-do-ataque-a-porta-dos-fundos-diz-que-segue-bolsonaro\/\" target=\"_blank\" rel=\"noopener\">declar\u00f3<\/a> que era seguidor del presidente Bolsonaro.<\/p>\n\n\n\n<p class=\"wp-block-paragraph\">A pesar de los ruegos para que el gobierno haga algo con respecto a estos ataques, un juez de R\u00edo <a href=\"https:\/\/www.theguardian.com\/film\/2020\/jan\/09\/brazil-orders-netflix-remove-gay-jesus-comedy-first-temptation-christ\" target=\"_blank\" rel=\"noopener\">orden\u00f3<\/a> que Netflix retirara la pel\u00edcula, arguyendo que iba en contra del \u201chonor de millones de personas\u201d, pero esta prohibici\u00f3n fue <a href=\"https:\/\/www.bbc.com\/news\/world-latin-america-51058029\" target=\"_blank\" rel=\"noopener\">revocada<\/a> por la Corte Suprema el 10 de enero.<\/p>\n\n\n\n<p class=\"wp-block-paragraph\">En una declaraci\u00f3n enviada a InSight Crime, Porta dos Fundos afirma: \u201cEstamos en contra de cualquier acto de censura, violencia, ilegalidad y autoritarismo que cre\u00edamos que ya no deb\u00edamos enfrentar en pleno a\u00f1o 2020\u201d.<\/p>\n\n\n\n<h3 class=\"wp-block-heading\">An\u00e1lisis de InSight Crime<\/h3>\n\n\n\n<p class=\"wp-block-paragraph\">Hasta la fecha, ni el presidente Jair Bolsonaro ni el gobernador de R\u00edo, Wilson Witzel, han rechazado el ataque a Porta dos Fundos y solo han hecho algunas menciones sobre la reiterativa violencia contra los practicantes y los sitios de culto del candombl\u00e9 y la umbanda. Las pandillas religiosas han entendido esto como una aprobaci\u00f3n.<\/p>\n\n\n\n<p class=\"wp-block-paragraph\">Adem\u00e1s, el fanatismo se ha extendido a las pandillas criminales de Brasil. \u00c1lvaro Malaquias Santa Rosa, alias \u201cPeix\u00e3o\u201d, una figura de alto rango dentro de la pandilla <a href=\"https:\/\/es.insightcrime.org\/noticias-crimen-organizado-brasil\/tercer-comando-puro\/\" target=\"_blank\" rel=\"noopener\">Tercer Comando Puro<\/a> (TCP), <a href=\"https:\/\/www.washingtonpost.com\/world\/the_americas\/soldiers-of-jesus-armed-neo-pentecostals-torment-brazils-religious-minorities\/2019\/12\/08\/fd74de6e-fff0-11e9-8501-2a7123a38c58_story.html\" target=\"_blank\" rel=\"noopener\">supuestamente<\/a> ayud\u00f3 a crear los Soldados de Jes\u00fas (Bonde de Jes\u00fas), un nuevo grupo criminal con motivaciones evang\u00e9licas, en Duque de Caxias, una ciudad cerca de R\u00edo.<\/p>\n\n\n\n<figure class=\"wp-block-image\"><img data-recalc-dims=\"1\" decoding=\"async\" src=\"https:\/\/i0.wp.com\/insightcrime.org\/wp-content\/uploads\/2020\/01\/1_pixao-12603073.jpg?quality=100&#038;ssl=1\" alt=\"\"\/><\/figure>\n\n\n\n<p class=\"has-text-align-center wp-block-paragraph\"><strong>Cartel en el que se ofrece una recompensa de 2.000 reales (US$500) por el l\u00edder del TCP, \u00c1lvaro Malaquias Santa Rosa, alias \u201cPeix\u00e3o\u201d. Cortes\u00eda de la polic\u00eda de Brasil<\/strong><\/p>\n\n\n\n<p class=\"wp-block-paragraph\">\u201cAlgunos de ellos se llaman a s\u00ed mismos \u2018traficantes de drogas de Jes\u00fas\u2019, con lo cual se crean una identidad particular. Cargan armas y venden drogas, y se sienten con derecho a prohibir las religiones con influencia africana, pues afirman que est\u00e1n relacionadas con el diablo\u201d, dice Gilbert Stivanello, comandante de la unidad de delitos de intolerancia del departamento de polic\u00eda de R\u00edo, en un informe de The Washington Post.<\/p>\n\n\n\n<p class=\"wp-block-paragraph\"><span style=\"color: #993300;\"><strong>&nbsp; &nbsp; &nbsp; VEA TAMBI\u00c9N:<\/strong><\/span> <a href=\"https:\/\/es.insightcrime.org\/noticias-crimen-organizado-brasil\/tercer-comando-puro\/\" target=\"_blank\" rel=\"noopener\">Perfil del Tercer Comando Puro<\/a><\/p>\n\n\n\n<p class=\"wp-block-paragraph\">En el mismo informe, un sacerdote de candombl\u00e9 <a href=\"https:\/\/www.washingtonpost.com\/world\/the_americas\/soldiers-of-jesus-armed-neo-pentecostals-torment-brazils-religious-minorities\/2019\/12\/08\/fd74de6e-fff0-11e9-8501-2a7123a38c58_story.html\" target=\"_blank\" rel=\"noopener\">afirma<\/a> que el TCP autoriza ceremonias religiosas solo en ciertos d\u00edas, permite que a los templos acudan solo pocas personas y le proh\u00edbe a la gente usar la ropa blanca tradicional de la fe afrobrasile\u00f1a.<\/p>\n\n\n\n<p class=\"wp-block-paragraph\">Ocho miembros del grupo Bonde de Jesus fueron arrestados en agosto pasado despu\u00e9s de que saquearon un templo en Duque de Caxias y amenazaron con un arma a la madre del sacerdote principal, una mujer de 85 a\u00f1os, <a href=\"https:\/\/odia.ig.com.br\/rio-de-janeiro\/2019\/08\/5672427-policia-prende-oito-acusados-de-ataques-a-terreiros-de-candomble.html#foto=1\" target=\"_blank\" rel=\"noopener\">inform\u00f3<\/a> O Dia.<\/p>\n\n\n\n<p class=\"wp-block-paragraph\">Estos arrestos no logran acabar la impunidad en torno a esta nueva forma de grupo criminal. Aunque se presentan a s\u00ed mismos como defensores de Cristo, su piedad es m\u00ednima. El TCP todav\u00eda est\u00e1 involucrado en&nbsp;<a href=\"https:\/\/piaui.folha.uol.com.br\/tregua-negociada-atras-das-grades\/\" target=\"_blank\" rel=\"noopener\">violencia<\/a> y <a href=\"https:\/\/www.jornalemdestaque.com\/82\" target=\"_blank\" rel=\"noopener\">narcotr\u00e1fico<\/a>. Y es posible que la impunidad por sus cr\u00edmenes religiosos genere impunidad para todos sus cr\u00edmenes.<\/p>\n\n\n\n<p class=\"wp-block-paragraph\">\u201cHay un silencio absoluto de los funcionarios federales, estatales y municipales en torno a la violencia religiosa\u201d, le dijo Muggah a InSight Crime.<\/p>\n\n\n\n<p class=\"wp-block-paragraph\">El representante de R\u00edo ante la Comisi\u00f3n de Lucha contra la Intolerancia Religiosa, Ivanir dos Santos, critic\u00f3 a Witzel, diciendo que ni siquiera se reuni\u00f3 con el gobernador a pesar de las reiteradas solicitudes para que lo hiciera, <a href=\"https:\/\/g1.globo.com\/rj\/rio-de-janeiro\/noticia\/2019\/07\/14\/babalao-critica-witzel-apos-terreiro-ser-destruido-por-traficantes-no-rj-se-fosse-uma-sinagoga-a-atitude-seria-outra.ghtml\" target=\"_blank\" rel=\"noopener\">inform\u00f3<\/a> Globo.<\/p>\n\n\n\n<p class=\"wp-block-paragraph\">Ha habido algunos intentos de responder a la violencia religiosa. En 2018, la polic\u00eda de R\u00edo de Janeiro <a href=\"http:\/\/agenciabrasil.ebc.com.br\/geral\/noticia\/2018-08\/rio-ganha-delegacia-contra-crimes-raciais-e-intolerancia\" target=\"_blank\" rel=\"noopener\">cre\u00f3<\/a> la <a href=\"https:\/\/oglobo.globo.com\/rio\/mais-de-200-terreiros-estao-ameacados-no-estado-diz-pai-de-santo-23937214\" target=\"_blank\" rel=\"noopener\">Decradi, Delegacia de Crimes Raciais e Delitos de Intoler\u00e2ncia<\/a> (Comisar\u00eda de Delitos Raciales y Delitos de Intolerancia). En septiembre de 2019, la Fiscal\u00eda General le <a href=\"https:\/\/www.redebrasilatual.com.br\/cidadania\/2019\/09\/pfdc-bolsonaro-intolerancia-religiosa\/\">pidi\u00f3<\/a> al gobierno m\u00e1s acciones para detener los ataques religiosos, calific\u00e1ndolos como una amenaza a la \u201cdemocracia de Brasil\u201d. A\u00fan no se han percibido los efectos disuasivos sobre estos ataques.<\/p>\n\n\n\n<p class=\"wp-block-paragraph\">\u201cNo dudo de que si se hubiera tratado de una sinagoga o una iglesia cristiana, la actitud del Estado ser\u00eda diferente\u201d, dijo dos Santos en julio pasado durante una protesta contra los ataques a los templos de candombl\u00e9 y umbanda.<\/p>\n\n\n\n<p class=\"wp-block-paragraph\">Si bien la popularidad de Bolsonaro <a href=\"https:\/\/www.reuters.com\/article\/us-brazil-politics-poll\/brazil-poll-shows-rising-rejection-of-bolsonaro-idUSKBN1YO239\" target=\"_blank\" rel=\"noopener\">se est\u00e1 viendo afectada<\/a>, es poco probable que comience a actuar en este sentido. Su silencio en torno a la violencia religiosa no parece ser la causa del descontento por su gobierno. Despu\u00e9s de todo, la solicitud para prohibir la pel\u00edcula de Netflix <a href=\"https:\/\/rd1.com.br\/peticao-contra-jesus-gay-do-porta-dos-fundos-ultrapassa-1-milhao-de-assinaturas\/\" target=\"_blank\" rel=\"noopener\">obtuvo<\/a>&nbsp;m\u00e1s de 1 mill\u00f3n de firmas. Pero el silencio permanente significa que hay m\u00e1s aprobaci\u00f3n t\u00e1cita. Y entre tanto los templos continuar\u00e1n ardiendo.<\/p>\n","protected":false},"excerpt":{"rendered":"<p>El Templo Cabocla Jurema Umbanda en las afueras de Brasilia se preparaba para celebrar su aniversario n\u00famero 50 este mes de enero, pero fue incinerado totalmente el d\u00eda de Navidad, y todos sus objetos sagrados fueron robados.<\/p>\n","protected":false},"author":178,"featured_media":111286,"comment_status":"closed","ping_status":"closed","sticky":false,"template":"","format":"standard","meta":{"newspack_ads_suppress_ads":false,"newspack_popups_has_disabled_popups":false,"newspack_sponsor_sponsorship_scope":"","newspack_sponsor_native_byline_display":"inherit","newspack_sponsor_native_category_display":"inherit","newspack_sponsor_underwriter_style":"inherit","newspack_sponsor_underwriter_placement":"inherit","_EventAllDay":false,"_EventTimezone":"","_EventStartDate":"","_EventEndDate":"","_EventStartDateUTC":"","_EventEndDateUTC":"","_EventShowMap":false,"_EventShowMapLink":false,"_EventURL":"","_EventCost":"","_EventCostDescription":"","_EventCurrencySymbol":"","_EventCurrencyCode":"","_EventCurrencyPosition":"","_EventDateTimeSeparator":"","_EventTimeRangeSeparator":"","_EventOrganizerID":[],"_EventVenueID":[],"_OrganizerEmail":"","_OrganizerPhone":"","_OrganizerWebsite":"","_VenueAddress":"","_VenueCity":"","_VenueCountry":"","_VenueProvince":"","_VenueState":"","_VenueZip":"","_VenuePhone":"","_VenueURL":"","_VenueStateProvince":"","_VenueLat":"","_VenueLng":"","_VenueShowMap":false,"_VenueShowMapLink":false,"_newspack_byline_active":false,"_newspack_byline":"","newspack_hide_updated_date":false,"newspack_show_updated_date":false,"newspack_featured_image_position":"","newspack_post_subtitle":"","newspack_article_summary_title":"Overview:","newspack_article_summary":"","_jetpack_memberships_contains_paid_content":false,"footnotes":""},"categories":[759],"tags":[405,447,520],"newspack_spnsrs_tax":[],"coauthors":[4140],"class_list":["post-111358","post","type-post","status-publish","format-standard","has-post-thumbnail","hentry","category-noticias","tag-brasil","tag-elites-y-crimen-organizado","tag-tercer-comando-puro","entry"],"parsely":{"version":"1.1.0","canonical_url":"https:\/\/insightcrime.org\/es\/noticias\/pandillas-evangelicas-de-brasil-en-guerra-contra-religiones-afrobrasilenas\/","smart_links":{"inbound":0,"outbound":0},"traffic_boost_suggestions_count":0,"meta":{"@context":"https:\/\/schema.org","@type":"NewsArticle","headline":"Pandillas evang\u00e9licas de Brasil en guerra contra religiones afrobrasile\u00f1as","url":"http:\/\/insightcrime.org\/es\/noticias\/pandillas-evangelicas-de-brasil-en-guerra-contra-religiones-afrobrasilenas\/","mainEntityOfPage":{"@type":"WebPage","@id":"http:\/\/insightcrime.org\/es\/noticias\/pandillas-evangelicas-de-brasil-en-guerra-contra-religiones-afrobrasilenas\/"},"thumbnailUrl":"https:\/\/i0.wp.com\/insightcrime.org\/wp-content\/uploads\/2020\/01\/noticia-cebi3.jpg?resize=150%2C150&quality=100&ssl=1","image":{"@type":"ImageObject","url":"https:\/\/i0.wp.com\/insightcrime.org\/wp-content\/uploads\/2020\/01\/noticia-cebi3.jpg?fit=350%2C250&quality=100&ssl=1"},"articleSection":"Noticias","author":[{"@type":"Person","name":"Chris Dalby"}],"creator":["Chris Dalby"],"publisher":{"@type":"Organization","name":"InSight Crime","logo":"https:\/\/insightcrime.org\/wp-content\/uploads\/2023\/08\/logo.png"},"keywords":["brasil","\u00e9lites y crimen","tercer comando puro"],"dateCreated":"2020-01-13T14:54:16Z","datePublished":"2020-01-13T14:54:16Z","dateModified":"2023-04-24T21:39:53Z"},"rendered":"<meta name=\"parsely-title\" content=\"Pandillas evang\u00e9licas de Brasil en guerra contra religiones afrobrasile\u00f1as\" \/>\n<meta name=\"parsely-link\" content=\"http:\/\/insightcrime.org\/es\/noticias\/pandillas-evangelicas-de-brasil-en-guerra-contra-religiones-afrobrasilenas\/\" \/>\n<meta name=\"parsely-type\" content=\"post\" \/>\n<meta name=\"parsely-image-url\" content=\"https:\/\/i0.wp.com\/insightcrime.org\/wp-content\/uploads\/2020\/01\/noticia-cebi3.jpg?resize=150%2C150&amp;quality=100&amp;ssl=1\" \/>\n<meta name=\"parsely-pub-date\" content=\"2020-01-13T14:54:16Z\" \/>\n<meta name=\"parsely-section\" content=\"Noticias\" \/>\n<meta name=\"parsely-tags\" content=\"brasil,\u00e9lites y crimen,tercer comando puro\" \/>\n<meta name=\"parsely-author\" content=\"Chris Dalby\" \/>","tracker_url":"https:\/\/cdn.parsely.com\/keys\/insightcrime.org\/p.js"},"jetpack_sharing_enabled":true,"jetpack-related-posts":[{"id":233246,"url":"https:\/\/insightcrime.org\/es\/investigaciones\/pcc-intenta-apoderarse-frontera-paraguay-brasil\/","url_meta":{"origin":111358,"position":0},"title":"PCC en busca de control interno y la frontera Paraguay-Brasil","author":"Steven Dudley","date":"17 de diciembre de 2020","format":false,"excerpt":"El 10 de junio de 2016, Jorge Rafaat conduc\u00eda su Hummer blindada y debi\u00f3 detenerse en un sem\u00e1foro en el centro de Pedro Juan Caballero, ciudad paraguaya en la frontera con Brasil.","rel":"","context":"En \u00abInvestigaciones\u00bb","block_context":{"text":"Investigaciones","link":"https:\/\/insightcrime.org\/es\/category\/investigaciones\/"},"img":{"alt_text":"","src":"https:\/\/i0.wp.com\/insightcrime.org\/wp-content\/uploads\/2020\/12\/PCC-Chapter-5.jpg?fit=1200%2C450&quality=100&ssl=1&resize=350%2C200","width":350,"height":200,"srcset":"https:\/\/i0.wp.com\/insightcrime.org\/wp-content\/uploads\/2020\/12\/PCC-Chapter-5.jpg?fit=1200%2C450&quality=100&ssl=1&resize=350%2C200 1x, https:\/\/i0.wp.com\/insightcrime.org\/wp-content\/uploads\/2020\/12\/PCC-Chapter-5.jpg?fit=1200%2C450&quality=100&ssl=1&resize=525%2C300 1.5x, https:\/\/i0.wp.com\/insightcrime.org\/wp-content\/uploads\/2020\/12\/PCC-Chapter-5.jpg?fit=1200%2C450&quality=100&ssl=1&resize=700%2C400 2x, https:\/\/i0.wp.com\/insightcrime.org\/wp-content\/uploads\/2020\/12\/PCC-Chapter-5.jpg?fit=1200%2C450&quality=100&ssl=1&resize=1050%2C600 3x"},"classes":[]},{"id":99869,"url":"https:\/\/insightcrime.org\/es\/noticias-crimen-organizado-paraguay\/jarvis-chimenes-pavao-alias-el-baron-de-la-droga\/","url_meta":{"origin":111358,"position":1},"title":"Jarvis Chimenes Pav\u00e3o, alias &#8216;El bar\u00f3n de la droga&#8217;","author":"InSight Crime","date":"9 de mayo de 2025","format":false,"excerpt":"El brasile\u00f1o Jarvis Chimenes Pav\u00e3o lleg\u00f3 a convertirse en uno de los principales narcotraficantes de Suram\u00e9rica, sucesor de una serie de capos en la estrat\u00e9gica frontera entre Paraguay y Brasil.","rel":"","context":"En \u00abParaguay\u00bb","block_context":{"text":"Paraguay","link":"https:\/\/insightcrime.org\/es\/category\/noticias-crimen-organizado-paraguay\/"},"img":{"alt_text":"El Baron de la droga Paraguay","src":"https:\/\/i0.wp.com\/insightcrime.org\/wp-content\/uploads\/2026\/06\/Perfil-Criminal-Alias-El-baron-de-la-droga.jpg?fit=1200%2C900&quality=100&ssl=1&resize=350%2C200","width":350,"height":200,"srcset":"https:\/\/i0.wp.com\/insightcrime.org\/wp-content\/uploads\/2026\/06\/Perfil-Criminal-Alias-El-baron-de-la-droga.jpg?fit=1200%2C900&quality=100&ssl=1&resize=350%2C200 1x, https:\/\/i0.wp.com\/insightcrime.org\/wp-content\/uploads\/2026\/06\/Perfil-Criminal-Alias-El-baron-de-la-droga.jpg?fit=1200%2C900&quality=100&ssl=1&resize=525%2C300 1.5x, https:\/\/i0.wp.com\/insightcrime.org\/wp-content\/uploads\/2026\/06\/Perfil-Criminal-Alias-El-baron-de-la-droga.jpg?fit=1200%2C900&quality=100&ssl=1&resize=700%2C400 2x, https:\/\/i0.wp.com\/insightcrime.org\/wp-content\/uploads\/2026\/06\/Perfil-Criminal-Alias-El-baron-de-la-droga.jpg?fit=1200%2C900&quality=100&ssl=1&resize=1050%2C600 3x"},"classes":[]},{"id":233247,"url":"https:\/\/insightcrime.org\/es\/investigaciones\/caso-judicial-brasil-desorden-pcc\/","url_meta":{"origin":111358,"position":2},"title":"Caso judicial en Brasil muestra desorden al interior del PCC","author":"Steven Dudley","date":"16 de diciembre de 2020","format":false,"excerpt":"El PCC suele ser considerada la pandilla criminal m\u00e1s poderosa de Brasil, pero un caso judicial que se adelant\u00f3 recientemente en su contra traza una imagen que desmiente la reputaci\u00f3n del grupo como una organizaci\u00f3n criminal transnacional estricta y jer\u00e1rquica.","rel":"","context":"En \u00abInvestigaciones\u00bb","block_context":{"text":"Investigaciones","link":"https:\/\/insightcrime.org\/es\/category\/investigaciones\/"},"img":{"alt_text":"","src":"https:\/\/i0.wp.com\/insightcrime.org\/wp-content\/uploads\/2020\/12\/PCC-Chapter-4.jpg?fit=1200%2C450&quality=100&ssl=1&resize=350%2C200","width":350,"height":200,"srcset":"https:\/\/i0.wp.com\/insightcrime.org\/wp-content\/uploads\/2020\/12\/PCC-Chapter-4.jpg?fit=1200%2C450&quality=100&ssl=1&resize=350%2C200 1x, https:\/\/i0.wp.com\/insightcrime.org\/wp-content\/uploads\/2020\/12\/PCC-Chapter-4.jpg?fit=1200%2C450&quality=100&ssl=1&resize=525%2C300 1.5x, https:\/\/i0.wp.com\/insightcrime.org\/wp-content\/uploads\/2020\/12\/PCC-Chapter-4.jpg?fit=1200%2C450&quality=100&ssl=1&resize=700%2C400 2x, https:\/\/i0.wp.com\/insightcrime.org\/wp-content\/uploads\/2020\/12\/PCC-Chapter-4.jpg?fit=1200%2C450&quality=100&ssl=1&resize=1050%2C600 3x"},"classes":[]},{"id":85506,"url":"https:\/\/insightcrime.org\/es\/noticias-crimen-organizado-brasil\/marcos-willians-herbas-camacho-alias-marcola\/","url_meta":{"origin":111358,"position":3},"title":"Marcos Willians Herbas Camacho, alias \u201cMarcola\u201d","author":"InSight Crime","date":"15 de octubre de 2025","format":false,"excerpt":"Marcos Willians Herbas Camacho, conocido por los alias \"Marcola\" y \"Playboy\", ha sido el m\u00e1ximo l\u00edder de la organizaci\u00f3n m\u00e1s grande y poderosa de Brasil, el Primer Comando Capital (PCC), desde el a\u00f1o 2002. Marcola gan\u00f3 reconocimiento en el mundo del hampa de S\u00e3o Paulo a finales de los noventa\u2026","rel":"","context":"En \u00abBrasil\u00bb","block_context":{"text":"Brasil","link":"https:\/\/insightcrime.org\/es\/category\/noticias-crimen-organizado-brasil\/"},"img":{"alt_text":"","src":"https:\/\/i0.wp.com\/insightcrime.org\/wp-content\/uploads\/2026\/06\/Perfil-Criminal-Alias-Marcola-1.jpg?fit=1200%2C900&quality=100&ssl=1&resize=350%2C200","width":350,"height":200,"srcset":"https:\/\/i0.wp.com\/insightcrime.org\/wp-content\/uploads\/2026\/06\/Perfil-Criminal-Alias-Marcola-1.jpg?fit=1200%2C900&quality=100&ssl=1&resize=350%2C200 1x, https:\/\/i0.wp.com\/insightcrime.org\/wp-content\/uploads\/2026\/06\/Perfil-Criminal-Alias-Marcola-1.jpg?fit=1200%2C900&quality=100&ssl=1&resize=525%2C300 1.5x, https:\/\/i0.wp.com\/insightcrime.org\/wp-content\/uploads\/2026\/06\/Perfil-Criminal-Alias-Marcola-1.jpg?fit=1200%2C900&quality=100&ssl=1&resize=700%2C400 2x, https:\/\/i0.wp.com\/insightcrime.org\/wp-content\/uploads\/2026\/06\/Perfil-Criminal-Alias-Marcola-1.jpg?fit=1200%2C900&quality=100&ssl=1&resize=1050%2C600 3x"},"classes":[]},{"id":5257,"url":"https:\/\/insightcrime.org\/es\/noticias-crimen-organizado-brasil\/brasil\/","url_meta":{"origin":111358,"position":4},"title":"Perfil de Brasil","author":"InSight Crime","date":"24 de noviembre de 2023","format":false,"excerpt":"Brasil, la econom\u00eda m\u00e1s grande de Latinoam\u00e9rica, ha experimentado algunos importantes avances de seguridad en los \u00faltimos a\u00f1os, quitando de las manos de pandillas criminales a decenas de comunidades en Rio de Janeiro a trav\u00e9s de su novedoso programa de seguridad llamado UPP. No obstante, \u00e9ste enfrenta una seria amenaza\u2026","rel":"","context":"En \u00abBrasil\u00bb","block_context":{"text":"Brasil","link":"https:\/\/insightcrime.org\/es\/category\/noticias-crimen-organizado-brasil\/"},"img":{"alt_text":"","src":"https:\/\/i0.wp.com\/insightcrime.org\/wp-content\/uploads\/2013\/04\/BRAZIL2-articleLarge-2.jpg?fit=450%2C350&quality=100&ssl=1&resize=350%2C200","width":350,"height":200},"classes":[]},{"id":200341,"url":"https:\/\/insightcrime.org\/es\/noticias\/captura-joven-integrante-monos-muestra-linaje-principal-pandilla-argentina\/","url_meta":{"origin":111358,"position":5},"title":"Captura de joven integrante de Los Monos muestra el linaje de la principal pandilla de Argentina","author":"Scott Mistler-Ferguson","date":"30 de septiembre de 2022","format":false,"excerpt":"La captura de un miembro de 18 a\u00f1os de la familia Cantero, que lidera el grupo criminal Los Monos en Rosario, Argentina, ha llamado la atenci\u00f3n sobre la influencia generacional que la pandilla tiene en la ciudad, la cual podr\u00eda registrar un indeseable r\u00e9cord en los homicidios.","rel":"","context":"En \u00abNoticias\u00bb","block_context":{"text":"Noticias","link":"https:\/\/insightcrime.org\/es\/category\/noticias\/"},"img":{"alt_text":"Polic\u00eda afuera de las casas de presuntos pandilleros de Los Monos en Rosario, Argentina","src":"https:\/\/i0.wp.com\/insightcrime.org\/wp-content\/uploads\/2022\/09\/monos-argentina-1.jpeg?fit=350%2C250&quality=100&ssl=1&resize=350%2C200","width":350,"height":200},"classes":[]}],"jetpack_featured_media_url":"https:\/\/i0.wp.com\/insightcrime.org\/wp-content\/uploads\/2020\/01\/noticia-cebi3.jpg?fit=350%2C250&quality=100&ssl=1","_links":{"self":[{"href":"https:\/\/insightcrime.org\/es\/wp-json\/wp\/v2\/posts\/111358","targetHints":{"allow":["GET"]}}],"collection":[{"href":"https:\/\/insightcrime.org\/es\/wp-json\/wp\/v2\/posts"}],"about":[{"href":"https:\/\/insightcrime.org\/es\/wp-json\/wp\/v2\/types\/post"}],"author":[{"embeddable":true,"href":"https:\/\/insightcrime.org\/es\/wp-json\/wp\/v2\/users\/178"}],"replies":[{"embeddable":true,"href":"https:\/\/insightcrime.org\/es\/wp-json\/wp\/v2\/comments?post=111358"}],"version-history":[{"count":5,"href":"https:\/\/insightcrime.org\/es\/wp-json\/wp\/v2\/posts\/111358\/revisions"}],"predecessor-version":[{"id":111366,"href":"https:\/\/insightcrime.org\/es\/wp-json\/wp\/v2\/posts\/111358\/revisions\/111366"}],"wp:featuredmedia":[{"embeddable":true,"href":"https:\/\/insightcrime.org\/es\/wp-json\/wp\/v2\/media\/111286"}],"wp:attachment":[{"href":"https:\/\/insightcrime.org\/es\/wp-json\/wp\/v2\/media?parent=111358"}],"wp:term":[{"taxonomy":"category","embeddable":true,"href":"https:\/\/insightcrime.org\/es\/wp-json\/wp\/v2\/categories?post=111358"},{"taxonomy":"post_tag","embeddable":true,"href":"https:\/\/insightcrime.org\/es\/wp-json\/wp\/v2\/tags?post=111358"},{"taxonomy":"newspack_spnsrs_tax","embeddable":true,"href":"https:\/\/insightcrime.org\/es\/wp-json\/wp\/v2\/newspack_spnsrs_tax?post=111358"},{"taxonomy":"author","embeddable":true,"href":"https:\/\/insightcrime.org\/es\/wp-json\/wp\/v2\/coauthors?post=111358"}],"curies":[{"name":"wp","href":"https:\/\/api.w.org\/{rel}","templated":true}]}}