{"id":111984,"date":"2020-01-27T16:35:31","date_gmt":"2020-01-27T21:35:31","guid":{"rendered":"https:\/\/insightcrime.org\/?p=111984"},"modified":"2024-09-02T14:08:14","modified_gmt":"2024-09-02T19:08:14","slug":"militarizacion-prisiones-crisis-paraguay","status":"publish","type":"post","link":"https:\/\/insightcrime.org\/es\/noticias\/militarizacion-prisiones-crisis-paraguay\/","title":{"rendered":"Militarizaci\u00f3n de prisiones no detiene crisis penitenciaria en Paraguay"},"content":{"rendered":"\n<p class=\"wp-block-paragraph\">Despu\u00e9s de la espectacular fuga de miembros del PCC el pasado 19 de enero, el presidente de Paraguay envi\u00f3 por segunda vez escuadrones militares a las prisiones, lo que sugiere que el despliegue militar inicial no tuvo ning\u00fan efecto para combatir al crimen organizado.<\/p>\n\n\n\n<p class=\"wp-block-paragraph\">El 19 de enero, 76 miembros del Primer Comando Capital (PCC)&nbsp;<a href=\"https:\/\/www.abc.com.py\/edicion-impresa\/judiciales-y-policiales\/2020\/01\/20\/escapan-76-miembros-del-pcc-del-penal-de-pedro-juan\/\" target=\"_blank\" rel=\"noopener\">escaparon<\/a> de la Penitenciar\u00eda Regional de Pedro Juan Caballero a trav\u00e9s de un t\u00fanel que conectaba a una de las celdas con el exterior.<\/p>\n\n\n\n<p class=\"wp-block-paragraph\">Seg\u00fan Cecilia P\u00e9rez, ministra de Justicia del pa\u00eds, el t\u00fanel tard\u00f3 en <a href=\"https:\/\/monumental.com.py\/va-con-onda\/20\/01\/2020\/ministra-justicia-fuga-pjc\/\" target=\"_blank\" rel=\"noopener\">construirse<\/a> al menos 20 d\u00edas, por lo que era imposible que miembros de esta pandilla carcelaria burlaran completamente a los oficiales y a los militares que desde septiembre de 2019 se encontraban custodiando las afueras del penal.<\/p>\n\n\n\n<p class=\"wp-block-paragraph\"><span style=\"color: #800000;\"><strong>VEA TAMBI\u00c9N:&nbsp;<\/strong><\/span><a href=\"https:\/\/es.insightcrime.org\/noticias\/analisis\/hacinamiento-crimen-carcel-tacumbu-paraguay\/\" target=\"_blank\" rel=\"noopener\">Hacinamiento, pocos guardias y crimen: La c\u00e1rcel de Tacumb\u00fa en Paraguay, seg\u00fan su exdirector<\/a><\/p>\n\n\n\n<p class=\"wp-block-paragraph\">Tras conocerse el hecho, la Fiscal\u00eda General <a href=\"https:\/\/twitter.com\/MinPublicoPy\/status\/1219059077462052865\" target=\"_blank\" rel=\"noopener\">imput\u00f3<\/a> a 31 oficiales penitenciarios, entre ellos el exdirector del penal, Cristian Gonz\u00e1lez, y el jefe de seguridad, Arnaldo Mat\u00edas B\u00e1ez Torres.<\/p>\n\n\n\n<p class=\"wp-block-paragraph\">La fuga en Pedro Juan Caballero no tiene precedentes en el pa\u00eds. Ante la emergencia de la situaci\u00f3n, el presidente de Paraguay, Mario Abdo Ben\u00edtez, <a href=\"https:\/\/www.youtube.com\/watch?v=4bv_pkf6SEo\" target=\"_blank\" rel=\"noopener\">decret\u00f3<\/a> el despliegue de polic\u00edas y militares alrededor de las prisiones como una medida para reforzar la seguridad en las ya convulsionadas penitenciar\u00edas del pa\u00eds.<\/p>\n\n\n\n<p class=\"wp-block-paragraph\">En septiembre de 2019, el presidente hab\u00eda declarado una \u201c<a href=\"https:\/\/www.ministeriodejusticia.gov.py\/noticias\/efectos-de-la-ley-de-emergencia-penitenciaria\" target=\"_blank\" rel=\"noopener\">emergencia penitenciaria<\/a>\u201d despu\u00e9s de que afiliados al PCC <a href=\"https:\/\/es.insightcrime.org\/noticias\/noticias-del-dia\/motines-indican-que-prisiones-de-paraguay-no-estan-preparadas-para-enfrentar-al-pcc\/\" target=\"_blank\" rel=\"noopener\">masacraran <\/a>en San Pedro a 10 miembros del Clan Rotela, en un despliegue de violencia nunca antes visto en las prisiones del pa\u00eds.<\/p>\n\n\n\n<p class=\"wp-block-paragraph\">Como una de las medidas de seguridad tomadas, el gobierno orden\u00f3 el despliegue de los militares, quienes se <a href=\"https:\/\/www.ultimahora.com\/militares-se-instalaron-frente-todas-las-carceles-del-pais-n2845081.html\" target=\"_blank\" rel=\"noopener\">instalaron<\/a> con tanques afuera de las prisiones, entre ellas en Pedro Juan Caballero.<\/p>\n\n\n\n<h3 class=\"wp-block-heading\">An\u00e1lisis de InSight Crime<\/h3>\n\n\n\n<p class=\"wp-block-paragraph\">Las medidas \u201cexcepcionales\u201d de seguridad dictadas por el presidente parecen optar por la misma f\u00f3rmula que desemboc\u00f3 con la espectacular fuga de miembros del PCC en el penal de Pedro Juan Caballero.<\/p>\n\n\n\n<p class=\"wp-block-paragraph\">Como lo pudo observar InSight Crime, la presencia de militares afuera de las prisiones responder\u00eda a un intento insustancial de demostraci\u00f3n de fuerza, m\u00e1s que un elemento realmente \u00fatil en caso de revueltas o fugas.<\/p>\n\n\n\n<p class=\"wp-block-paragraph\"><span style=\"color: #800000;\"><strong>VEA TAMBI\u00c9N:&nbsp;<\/strong><a href=\"https:\/\/es.insightcrime.org\/indepth\/prisiones\/\" target=\"_blank\" rel=\"noopener\">Cobertura sobre las prisiones<\/a><\/span><\/p>\n\n\n\n<p class=\"wp-block-paragraph\">En octubre de 2019, en comunicaci\u00f3n con InSight Crime, las&nbsp;autoridades penitenciarias paraguayas dijeron que el despliegue militar ten\u00eda como prop\u00f3sito disuadir posibles intentos de fuga o planes para liberar a miembros del crimen organizado de las c\u00e1rceles, y tambi\u00e9n como una opci\u00f3n de \u00faltimo recurso para los directores de prisiones en caso de disturbios.<\/p>\n\n\n\n<p class=\"wp-block-paragraph\">Sin embargo, la presencia de militares en las c\u00e1rceles de Concepci\u00f3n, Tacumb\u00fa y Pedro Juan Caballero, a las que InSight Crime pudo tener acceso, se limitaba a unidades de 7 u 8 soldados, quienes se ubicaban ocasionalmente a varios metros en frente de cada penal, adem\u00e1s de la presencia inm\u00f3vil de un veh\u00edculo de blindaje pesado o tanque.<\/p>\n\n\n\n<p class=\"wp-block-paragraph\">La presencia de escuadrones en las prisiones habr\u00eda resultado tan ineficiente que uno de los recapturados en Pedro Juan Caballero asegur\u00f3 que varios l\u00edderes del PCC habr\u00edan incluso salido por la puerta principal del penal, <a href=\"https:\/\/www.abc.com.py\/nacionales\/2020\/01\/22\/se-entrego-y-confeso-que-jefes-del-pcc-salieron-por-el-porton-principal\/\" target=\"_blank\" rel=\"noopener\">report\u00f3<\/a> ABC Color.<\/p>\n\n\n\n<p class=\"wp-block-paragraph\">D\u00edas despu\u00e9s de la fuga masiva, se presentaron nuevos <a href=\"https:\/\/www.ultimahora.com\/rina-miembros-del-clan-rotela-deja-un-fallecido-misiones-n2865777.html\" target=\"_blank\" rel=\"noopener\">motines<\/a>&nbsp;en la Penitenciaria Regional de Misiones. Esta vez, enfrentamientos entre miembros del PCC y el Clan Rotela dejaron como resultado un muerto dentro del penal, lo que se suma a la larga lista de incidentes en las incontrolables prisiones del pa\u00eds.<\/p>\n","protected":false},"excerpt":{"rendered":"<p>Despu\u00e9s de la espectacular fuga de miembros del PCC el pasado 19 de enero, el presidente de Paraguay decret\u00f3 enviar por segunda vez escuadrones militares a las prisiones, lo que sugiere que el despliegue militar inicial no tuvo ning\u00fan efecto para combatir al crimen organizado.<\/p>\n","protected":false},"author":178,"featured_media":112015,"comment_status":"closed","ping_status":"closed","sticky":false,"template":"","format":"standard","meta":{"newspack_ads_suppress_ads":false,"newspack_popups_has_disabled_popups":false,"newspack_sponsor_sponsorship_scope":"","newspack_sponsor_native_byline_display":"inherit","newspack_sponsor_native_category_display":"inherit","newspack_sponsor_underwriter_style":"inherit","newspack_sponsor_underwriter_placement":"inherit","_EventAllDay":false,"_EventTimezone":"","_EventStartDate":"","_EventEndDate":"","_EventStartDateUTC":"","_EventEndDateUTC":"","_EventShowMap":false,"_EventShowMapLink":false,"_EventURL":"","_EventCost":"","_EventCostDescription":"","_EventCurrencySymbol":"","_EventCurrencyCode":"","_EventCurrencyPosition":"","_EventDateTimeSeparator":"","_EventTimeRangeSeparator":"","_EventOrganizerID":[],"_EventVenueID":[],"_OrganizerEmail":"","_OrganizerPhone":"","_OrganizerWebsite":"","_VenueAddress":"","_VenueCity":"","_VenueCountry":"","_VenueProvince":"","_VenueState":"","_VenueZip":"","_VenuePhone":"","_VenueURL":"","_VenueStateProvince":"","_VenueLat":"","_VenueLng":"","_VenueShowMap":false,"_VenueShowMapLink":false,"_newspack_byline_active":false,"_newspack_byline":"","newspack_hide_updated_date":false,"newspack_show_updated_date":false,"newspack_featured_image_position":"","newspack_post_subtitle":"","newspack_article_summary_title":"Overview:","newspack_article_summary":"","_jetpack_memberships_contains_paid_content":false,"footnotes":""},"categories":[759],"tags":[3512,465,446,3021],"newspack_spnsrs_tax":[],"coauthors":[4180],"class_list":["post-111984","post","type-post","status-publish","format-standard","has-post-thumbnail","hentry","category-noticias","tag-clan-rotela-2","tag-paraguay-pais","tag-el-pcc","tag-prisiones-es","entry"],"parsely":{"version":"1.1.0","canonical_url":"https:\/\/insightcrime.org\/es\/noticias\/militarizacion-prisiones-crisis-paraguay\/","smart_links":{"inbound":0,"outbound":0},"traffic_boost_suggestions_count":0,"meta":{"@context":"https:\/\/schema.org","@type":"NewsArticle","headline":"Militarizaci\u00f3n de prisiones no detiene crisis penitenciaria en Paraguay","url":"http:\/\/insightcrime.org\/es\/noticias\/militarizacion-prisiones-crisis-paraguay\/","mainEntityOfPage":{"@type":"WebPage","@id":"http:\/\/insightcrime.org\/es\/noticias\/militarizacion-prisiones-crisis-paraguay\/"},"thumbnailUrl":"https:\/\/i0.wp.com\/insightcrime.org\/wp-content\/uploads\/2020\/01\/A2WOZCDRAZG55HMRAP775WQOEQ.jpeg?resize=150%2C150&quality=100&ssl=1","image":{"@type":"ImageObject","url":"https:\/\/i0.wp.com\/insightcrime.org\/wp-content\/uploads\/2020\/01\/A2WOZCDRAZG55HMRAP775WQOEQ.jpeg?fit=350%2C250&quality=100&ssl=1"},"articleSection":"Noticias","author":[{"@type":"Person","name":"Laura Marcela Zu\u00f1iga"}],"creator":["Laura Marcela Zu\u00f1iga"],"publisher":{"@type":"Organization","name":"InSight Crime","logo":"https:\/\/insightcrime.org\/wp-content\/uploads\/2023\/08\/logo.png"},"keywords":["clan rotela","paraguay","pcc","prisiones"],"dateCreated":"2020-01-27T21:35:31Z","datePublished":"2020-01-27T21:35:31Z","dateModified":"2024-09-02T19:08:14Z"},"rendered":"<meta name=\"parsely-title\" content=\"Militarizaci\u00f3n de prisiones no detiene crisis penitenciaria en Paraguay\" \/>\n<meta name=\"parsely-link\" content=\"http:\/\/insightcrime.org\/es\/noticias\/militarizacion-prisiones-crisis-paraguay\/\" \/>\n<meta name=\"parsely-type\" content=\"post\" \/>\n<meta name=\"parsely-image-url\" content=\"https:\/\/i0.wp.com\/insightcrime.org\/wp-content\/uploads\/2020\/01\/A2WOZCDRAZG55HMRAP775WQOEQ.jpeg?resize=150%2C150&amp;quality=100&amp;ssl=1\" \/>\n<meta name=\"parsely-pub-date\" content=\"2020-01-27T21:35:31Z\" \/>\n<meta name=\"parsely-section\" content=\"Noticias\" \/>\n<meta name=\"parsely-tags\" content=\"clan rotela,paraguay,pcc,prisiones\" \/>\n<meta name=\"parsely-author\" content=\"Laura Marcela Zu\u00f1iga\" \/>","tracker_url":"https:\/\/cdn.parsely.com\/keys\/insightcrime.org\/p.js"},"jetpack_sharing_enabled":true,"jetpack-related-posts":[{"id":195213,"url":"https:\/\/insightcrime.org\/es\/noticias\/sigue-busqueda-presos-brasilenos-profugos-carcel-paraguay\/","url_meta":{"origin":111984,"position":0},"title":"Contin\u00faa b\u00fasqueda de presos brasile\u00f1os pr\u00f3fugos en Paraguay","author":"Chris Dalby","date":"15 de agosto de 2022","format":false,"excerpt":"Un megaoperativo para dar con el paradero de cuatro reclusos brasile\u00f1os, luego de una fuga masiva en una prisi\u00f3n al sur de Paraguay, ha entrado en su segunda semana.","rel":"","context":"En \u00abNoticias\u00bb","block_context":{"text":"Noticias","link":"https:\/\/insightcrime.org\/es\/category\/noticias\/"},"img":{"alt_text":"La c\u00e1rcel de Misiones, donde se present\u00f3 la m\u00e1s reciente fuga en Paraguay.","src":"https:\/\/i0.wp.com\/insightcrime.org\/wp-content\/uploads\/2022\/08\/ezgif-4-e2d9d446dc-1-1.jpg?fit=350%2C250&quality=100&ssl=1&resize=350%2C200","width":350,"height":200},"classes":[]},{"id":129264,"url":"https:\/\/insightcrime.org\/es\/noticias\/incondicional-pcc-preso-fallo-intento-rescate-paraguay\/","url_meta":{"origin":111984,"position":1},"title":"Incondicional del PCC en prisi\u00f3n tras fallido intento de rescate en Paraguay","author":"Chris Dalby","date":"14 de enero de 2021","format":false,"excerpt":"El jefe declarado del PCC en Paraguay, conocido como \u201cBonit\u00e3o\u201d, fue extraditado nuevamente a Brasil luego de unos d\u00edas tumultuosos en los cuales sus compa\u00f1eros protagonizaron un intento de liberaci\u00f3n audaz, pero frustrado.v","rel":"","context":"En \u00abNoticias\u00bb","block_context":{"text":"Noticias","link":"https:\/\/insightcrime.org\/es\/category\/noticias\/"},"img":{"alt_text":"","src":"https:\/\/i0.wp.com\/insightcrime.org\/wp-content\/uploads\/2021\/01\/unnamed.jpg?fit=350%2C250&quality=100&ssl=1&resize=350%2C200","width":350,"height":200},"classes":[]},{"id":121640,"url":"https:\/\/insightcrime.org\/es\/noticias-crimen-organizado-paraguay\/clan-rotela\/","url_meta":{"origin":111984,"position":2},"title":"Clan Rotela","author":"InSight Crime","date":"16 de julio de 2026","format":false,"excerpt":"El Clan Rotela es una organizaci\u00f3n de car\u00e1cter familiar de Paraguay, especializado en el microtr\u00e1fico de crack en barrios populares de ciudades como Asunci\u00f3n y Concepci\u00f3n. Despu\u00e9s de la captura de su l\u00edder en 2016, este clan se expandi\u00f3 r\u00e1pidamente a la mayor\u00eda de las prisiones del pa\u00eds.","rel":"","context":"En \u00abParaguay\u00bb","block_context":{"text":"Paraguay","link":"https:\/\/insightcrime.org\/es\/category\/noticias-crimen-organizado-paraguay\/"},"img":{"alt_text":"Clan Rotela","src":"https:\/\/i0.wp.com\/insightcrime.org\/wp-content\/uploads\/2026\/06\/Grupo-Criminal-Clan-Rotela-1.jpg?fit=1200%2C900&quality=100&ssl=1&resize=350%2C200","width":350,"height":200,"srcset":"https:\/\/i0.wp.com\/insightcrime.org\/wp-content\/uploads\/2026\/06\/Grupo-Criminal-Clan-Rotela-1.jpg?fit=1200%2C900&quality=100&ssl=1&resize=350%2C200 1x, https:\/\/i0.wp.com\/insightcrime.org\/wp-content\/uploads\/2026\/06\/Grupo-Criminal-Clan-Rotela-1.jpg?fit=1200%2C900&quality=100&ssl=1&resize=525%2C300 1.5x, https:\/\/i0.wp.com\/insightcrime.org\/wp-content\/uploads\/2026\/06\/Grupo-Criminal-Clan-Rotela-1.jpg?fit=1200%2C900&quality=100&ssl=1&resize=700%2C400 2x, https:\/\/i0.wp.com\/insightcrime.org\/wp-content\/uploads\/2026\/06\/Grupo-Criminal-Clan-Rotela-1.jpg?fit=1200%2C900&quality=100&ssl=1&resize=1050%2C600 3x"},"classes":[]},{"id":126889,"url":"https:\/\/insightcrime.org\/es\/noticias\/cocinas-cocaina-prision-paraguay\/","url_meta":{"origin":111984,"position":3},"title":"Cocina de coca\u00edna a plena vista de guardias en prisi\u00f3n de Paraguay","author":"Diego Garcia","date":"13 de noviembre de 2020","format":false,"excerpt":"Los reclusos de Tacumb\u00fa, la prisi\u00f3n m\u00e1s grande de Paraguay, operaban abiertamente una cocina para el procesamiento de drogas, el m\u00e1s claro ejemplo hasta la fecha de que la corrupci\u00f3n se ha apoderado del sistema penitenciario del pa\u00eds.","rel":"","context":"En \u00abNoticias\u00bb","block_context":{"text":"Noticias","link":"https:\/\/insightcrime.org\/es\/category\/noticias\/"},"img":{"alt_text":"","src":"https:\/\/i0.wp.com\/insightcrime.org\/wp-content\/uploads\/2020\/11\/WhatsApp-Image-2020-10-22-at-07.55.26.jpeg?fit=350%2C250&quality=100&ssl=1&resize=350%2C200","width":350,"height":200},"classes":[]},{"id":115540,"url":"https:\/\/insightcrime.org\/es\/noticias-crimen-organizado-brasil\/gilberto-aparecido-dos-santos-alias-fuminho\/","url_meta":{"origin":111984,"position":4},"title":"Gilberto Aparecido dos Santos, alias \u201cFuminho\u201d","author":"InSight Crime","date":"11 de abril de 2025","format":false,"excerpt":"Gilberto Aparecido Dos Santos, alias \u201cFuminho\u201d, es uno de los l\u00edderes de la organizaci\u00f3n criminal m\u00e1s grande de Brasil, el Primer Comando Capital (Primeiro Comando da Capital, PCC).","rel":"","context":"En \u00abBrasil\u00bb","block_context":{"text":"Brasil","link":"https:\/\/insightcrime.org\/es\/category\/noticias-crimen-organizado-brasil\/"},"img":{"alt_text":"Perfil Criminal -Gilberto Aparecido Dos Santos, alias 'Fuminho' - Brasil.","src":"https:\/\/i0.wp.com\/insightcrime.org\/wp-content\/uploads\/2026\/08\/Perfil-Criminal-Alias-Fuminho-Brasil.jpg?fit=1200%2C900&quality=100&ssl=1&resize=350%2C200","width":350,"height":200,"srcset":"https:\/\/i0.wp.com\/insightcrime.org\/wp-content\/uploads\/2026\/08\/Perfil-Criminal-Alias-Fuminho-Brasil.jpg?fit=1200%2C900&quality=100&ssl=1&resize=350%2C200 1x, https:\/\/i0.wp.com\/insightcrime.org\/wp-content\/uploads\/2026\/08\/Perfil-Criminal-Alias-Fuminho-Brasil.jpg?fit=1200%2C900&quality=100&ssl=1&resize=525%2C300 1.5x, https:\/\/i0.wp.com\/insightcrime.org\/wp-content\/uploads\/2026\/08\/Perfil-Criminal-Alias-Fuminho-Brasil.jpg?fit=1200%2C900&quality=100&ssl=1&resize=700%2C400 2x, https:\/\/i0.wp.com\/insightcrime.org\/wp-content\/uploads\/2026\/08\/Perfil-Criminal-Alias-Fuminho-Brasil.jpg?fit=1200%2C900&quality=100&ssl=1&resize=1050%2C600 3x"},"classes":[]},{"id":299570,"url":"https:\/\/insightcrime.org\/es\/noticias\/crisis-perpetua-sistema-carcelario-paraguay\/","url_meta":{"origin":111984,"position":5},"title":"\u00a0La crisis perpetua del sistema carcelario en Paraguay","author":"Christopher Newton","date":"13 de enero de 2025","format":false,"excerpt":"El sistema penitenciario de Paraguay contin\u00faa en estado de emergencia por segundo a\u00f1o consecutivo. De no tomar medidas para abordar las causas de fondo, es probable que el implacable control de las bandas carcelarias persista.","rel":"","context":"En \u00abNoticias\u00bb","block_context":{"text":"Noticias","link":"https:\/\/insightcrime.org\/es\/category\/noticias\/"},"img":{"alt_text":"","src":"https:\/\/i0.wp.com\/insightcrime.org\/wp-content\/uploads\/2025\/01\/Paraguay-Soldiers-outside-of-Perdro-Juan-Caballero-Prison-Prisons-Security-Policy-Ministry-of-Justice.jpeg?fit=350%2C250&quality=100&ssl=1&resize=350%2C200","width":350,"height":200},"classes":[]}],"jetpack_featured_media_url":"https:\/\/i0.wp.com\/insightcrime.org\/wp-content\/uploads\/2020\/01\/A2WOZCDRAZG55HMRAP775WQOEQ.jpeg?fit=350%2C250&quality=100&ssl=1","_links":{"self":[{"href":"https:\/\/insightcrime.org\/es\/wp-json\/wp\/v2\/posts\/111984","targetHints":{"allow":["GET"]}}],"collection":[{"href":"https:\/\/insightcrime.org\/es\/wp-json\/wp\/v2\/posts"}],"about":[{"href":"https:\/\/insightcrime.org\/es\/wp-json\/wp\/v2\/types\/post"}],"author":[{"embeddable":true,"href":"https:\/\/insightcrime.org\/es\/wp-json\/wp\/v2\/users\/178"}],"replies":[{"embeddable":true,"href":"https:\/\/insightcrime.org\/es\/wp-json\/wp\/v2\/comments?post=111984"}],"version-history":[{"count":6,"href":"https:\/\/insightcrime.org\/es\/wp-json\/wp\/v2\/posts\/111984\/revisions"}],"predecessor-version":[{"id":291162,"href":"https:\/\/insightcrime.org\/es\/wp-json\/wp\/v2\/posts\/111984\/revisions\/291162"}],"wp:featuredmedia":[{"embeddable":true,"href":"https:\/\/insightcrime.org\/es\/wp-json\/wp\/v2\/media\/112015"}],"wp:attachment":[{"href":"https:\/\/insightcrime.org\/es\/wp-json\/wp\/v2\/media?parent=111984"}],"wp:term":[{"taxonomy":"category","embeddable":true,"href":"https:\/\/insightcrime.org\/es\/wp-json\/wp\/v2\/categories?post=111984"},{"taxonomy":"post_tag","embeddable":true,"href":"https:\/\/insightcrime.org\/es\/wp-json\/wp\/v2\/tags?post=111984"},{"taxonomy":"newspack_spnsrs_tax","embeddable":true,"href":"https:\/\/insightcrime.org\/es\/wp-json\/wp\/v2\/newspack_spnsrs_tax?post=111984"},{"taxonomy":"author","embeddable":true,"href":"https:\/\/insightcrime.org\/es\/wp-json\/wp\/v2\/coauthors?post=111984"}],"curies":[{"name":"wp","href":"https:\/\/api.w.org\/{rel}","templated":true}]}}