{"id":112235,"date":"2020-02-06T07:18:13","date_gmt":"2020-02-06T12:18:13","guid":{"rendered":"https:\/\/insightcrime.org\/?p=112235"},"modified":"2024-09-02T14:08:11","modified_gmt":"2024-09-02T19:08:11","slug":"defendera-colombia-cruzados-crimen","status":"publish","type":"post","link":"https:\/\/insightcrime.org\/es\/noticias\/defendera-colombia-cruzados-crimen\/","title":{"rendered":"\u00bfDefender\u00e1 Colombia a sus cruzados en guerra contra el crimen?"},"content":{"rendered":"\n<p class=\"wp-block-paragraph\">Una turbia investigaci\u00f3n por el asesinato de un destacado fiscal en la ciudad de Cali pone en riesgo la capacidad del pa\u00eds para proteger a los abogados y jueces que investigan el crimen organizado, a quienes suele neutralizarse mediante amenazas y asesinatos selectivos.<\/p>\n\n\n\n<p class=\"wp-block-paragraph\"><span style=\"font-weight: 400;\">Alcibiades Libreros Varela, <\/span><a href=\"https:\/\/www.fiscalia.gov.co\/colombia\/seccionales\/comunicado-de-prensa-206\/\" target=\"_blank\" rel=\"noopener\"><span style=\"font-weight: 400;\">fiscal especializado de la Direcci\u00f3n Nacional contra el Crimen Organizado de Cali,<\/span><\/a><span style=\"font-weight: 400;\"> fue abaleado a plena luz del d\u00eda el<\/span><span style=\"font-weight: 400;\">&nbsp;<\/span><a href=\"https:\/\/twitter.com\/policiacali?lang=es\" target=\"_blank\" rel=\"noopener\"><span style=\"font-weight: 400;\">29 de diciembre de 2019<\/span><\/a><span style=\"font-weight: 400;\"> en el barrio el Limonar de Cali. Los videos de las c\u00e1maras de seguridad local<\/span><span style=\"font-weight: 400;\">, <\/span><a href=\"https:\/\/noticias.caracoltv.com\/valle\/se-conoce-video-del-momento-en-que-sicario-asesina-fiscal-que-luchaba-contra-el-crimen-organizado\" target=\"_blank\" rel=\"noopener\"><span style=\"font-weight: 400;\">divulgados<\/span><\/a> por Noticias Caracol, muestran c\u00f3mo un hombre corre hasta el veh\u00edculo de Libreros mientras se encuentra parado en un sem\u00e1foro, dispara dos balas por la ventana lateral del pasajero y huye de la escena en una motocicleta manejada por un c\u00f3mplice.<span style=\"font-weight: 400;\">&nbsp;<\/span><\/p>\n\n\n\n<p class=\"wp-block-paragraph\">Un d\u00eda despu\u00e9s del asesinato, el ministro de seguridad Andr\u00e9s Villamizar&nbsp;<a href=\"https:\/\/twitter.com\/PoliciaCali\/status\/1211418860022370304\" target=\"_blank\" rel=\"noopener\">declar\u00f3<\/a> que la investigaci\u00f3n inicial sobre la muerte de Libreros segu\u00eda la pista del trabajo del fiscal en el desmonte de las estructuras del crimen organizado en el departamento del Valle del Cauca.<\/p>\n\n\n\n<p class=\"wp-block-paragraph\">Pero despu\u00e9s de la <a href=\"https:\/\/twitter.com\/PoliciaCali\/status\/1214971219507863554\" target=\"_blank\" rel=\"noopener\">captura<\/a> de cinco hombres (cuatro de los cuales <a href=\"https:\/\/twitter.com\/FiscaliaCol\/status\/1215337957206495238\" target=\"_blank\" rel=\"noopener\">confesaron<\/a> haber participado en el tiroteo) el 7 de enero, la Fiscal\u00eda General <a href=\"https:\/\/www.fiscalia.gov.co\/colombia\/seccionales\/carcel-para-presuntos-responsables-del-homicidio-del-fiscal-alcibiades-libreros-varela\/\" target=\"_blank\" rel=\"noopener\">anunci\u00f3<\/a> que el homicidio se debi\u00f3 a un robo con desenlace fatal por parte de una banda de ladrones de joyas que hab\u00edan cometido varios robos similares en la ciudad.<\/p>\n\n\n\n<p class=\"wp-block-paragraph\">Adem\u00e1s de las <a href=\"https:\/\/www.fiscalia.gov.co\/colombia\/seccionales\/carcel-para-presuntos-responsables-del-homicidio-del-fiscal-alcibiades-libreros-varela\/\" target=\"_blank\" rel=\"noopener\">interceptaciones de tel\u00e9fonos m\u00f3viles<\/a>, los investigadores usaron <a href=\"https:\/\/www.youtube.com\/watch?v=_WptXxJu9aw\" target=\"_blank\" rel=\"noopener\">videos de las c\u00e1maras de seguridad<\/a> de una panader\u00eda cercana a la residencia del fiscal para identificar a los responsables y relacionar los hechos que terminaron en la muerte del fiscal.&nbsp;La polic\u00eda y los fiscales <a href=\"https:\/\/www.youtube.com\/watch?v=KU6hk4M9hb4\" target=\"_blank\" rel=\"noopener\">declararon<\/a> que los hombres iban por lo que les pareci\u00f3 una cadena de oro que el jurista llevaba al cuello, pero la familia de la v\u00edctima asegura que esta era de acero.<\/p>\n\n\n\n<p class=\"wp-block-paragraph\">A la esposa de Libreros, Nina Gallardo, no la convence la hip\u00f3tesis del robo. En entrevista con InSight Crime, comparti\u00f3 sus dudas sobre la investigaci\u00f3n. Dice Gallardo que los perpetradores o fueron contratados espec\u00edficamente para el ataque o pertenecen a un grupo delincuencial que opera en un&nbsp;<a href=\"http:\/\/historico.derechoshumanos.gov.co\/Observatorio\/Publicaciones\/documents\/2010\/Estu_Regionales\/cali.pdf\" target=\"_blank\" rel=\"noopener\">sector<\/a> de Cali bajo el mando de una mafia mayor. Esas confederaciones criminales son comunes en varias ciudades colombianas, como el caso de Medell\u00edn.<\/p>\n\n\n\n<p class=\"wp-block-paragraph\">Seg\u00fan un <a href=\"https:\/\/www.elespectador.com\/noticias\/judicial\/radiografia-del-crimen-organizado-en-el-valle-del-cauca-articulo-901011\" target=\"_blank\" rel=\"noopener\">reportaje de El Espectador<\/a>, dos antiguos colegas del fiscal, que se mantuvieron an\u00f3nimos, pero dicen tener a\u00f1os de experiencia en el seguimiento a los jefes de grupos armados irregulares, tambi\u00e9n afirman que la muerte de Libreros no fue un robo.<\/p>\n\n\n\n<p class=\"wp-block-paragraph\">Gallardo confirm\u00f3 que, aunque el caso inicial se cerr\u00f3, hay una nueva investigaci\u00f3n que indaga si hay un autor intelectual detr\u00e1s de la muerte de Libreros, pero dijo a InSight Crime que la Fiscal\u00eda General no ha notificado de avances a la familia.<\/p>\n\n\n\n<p class=\"wp-block-paragraph\">El esquema de seguridad de Libreros se le retir\u00f3 hace algunos a\u00f1os por <a href=\"https:\/\/www.dinero.com\/pais\/articulo\/presupuesto-para-esquemas-seguridad-colombia\/200919\" target=\"_blank\" rel=\"noopener\">recortes de presupuesto,<\/a> seg\u00fan coment\u00f3 su esposa. Posteriormente, la Fiscal\u00eda neg\u00f3 en repetidas oportunidades su solicitud de seguridad adicional. Una <a href=\"https:\/\/slack-files.com\/T0413Q4MP-FT7CUDW23-5c632b9731\" target=\"_blank\" rel=\"noopener\">carta de 2017<\/a> de la Fiscal\u00eda, a la que InSight Crime tuvo acceso, aduc\u00eda que su situaci\u00f3n no cumpl\u00eda \u201clos criterios requeridos\u201d para ingresarlo al Programa de Protecci\u00f3n y Asistencia.&nbsp;La carta prosegu\u00eda con algunas recomendaciones de acciones de autoprotecci\u00f3n, como mantener cerradas las puertas de su veh\u00edculo y las ventanas subidas. Esa fue la \u00faltima vez que solicit\u00f3 protecci\u00f3n, se\u00f1al\u00f3 su esposa.<\/p>\n\n\n\n<p class=\"wp-block-paragraph\">\u201cDurante 17 a\u00f1os se entreg\u00f3 tanto a la instituci\u00f3n\u2026 pr\u00e1cticamente dio su vida por la instituci\u00f3n,\u201d dijo Gallardo, expresando su esperanza de que se haga justicia en el caso de su marido.<\/p>\n\n\n\n<p class=\"wp-block-paragraph\">Libreros fue jefe de la&nbsp;<a href=\"https:\/\/www.eltiempo.com\/colombia\/cali\/asesinato-de-alcibiades-libreros-fiscal-ejemplar-en-cali-447846\" target=\"_blank\" rel=\"noopener\">Direcci\u00f3n Nacional<\/a> especializada en la lucha contra estructuras criminales organizadas en Colombia en una \u00e9poca en que ese organismo trabaj\u00f3 en varios casos de alto perfil, incluido el arresto de&nbsp;<a href=\"https:\/\/www.semana.com\/nacion\/articulo\/asi-cayo-el-sobrino-de-uno-de-los-capos-mas-temidos-del-narcotrafico\/626938\" target=\"_blank\" rel=\"noopener\">William Herrera L\u00f3pez, alias W<\/a>, sobrino del exjefe del cartel de Cali Pacho Herrera; las \u201c<a href=\"https:\/\/es.insightcrime.org\/noticias\/analisis\/cali-baja-los-homicidios-pero-sigue-siendo-la-ciudad-mas-violenta-de-colombia\/\" target=\"_blank\" rel=\"noopener\">oficinas de cobro<\/a>\u201d, que agrupaban redes de sicarios, y <a href=\"https:\/\/es.insightcrime.org\/noticias-crimen-organizado-colombia\/rastrojos\/\" target=\"_blank\" rel=\"noopener\">Los Rastrojos<\/a>.<\/p>\n\n\n\n<p class=\"wp-block-paragraph\">Adem\u00e1s de eso, Gallardo corrobor\u00f3 la informaci\u00f3n&nbsp;<a href=\"https:\/\/www.elpais.com.co\/judicial\/el-valle-una-de-las-regiones-mas-peligrosas-para-jueces-y-fiscales.html\" target=\"_blank\" rel=\"noopener\">publicada inicialmente por El Pa\u00eds<\/a>, de Cali, de que el fiscal colaboraba habitualmente con la Administraci\u00f3n estadounidense el Control de Drogas (US Drug Enforcement Administration, DEA).<\/p>\n\n\n\n<p class=\"wp-block-paragraph\"><span style=\"color: #111111; font-family: Roboto, sans-serif; font-size: 22px;\">An\u00e1lisis de InSight Crime<\/span><\/p>\n\n\n\n<p class=\"wp-block-paragraph\">El hecho de que uno de los principales fiscales de Colombia pudiera ser atacado a tiros en pleno d\u00eda&nbsp;<a href=\"https:\/\/noticias.caracoltv.com\/valle\/ofrecen-millonaria-recompensa-por-asesinos-de-fiscal-que-combatia-el-crimen-organizado\" target=\"_blank\" rel=\"noopener\">plantea preocupaciones reales<\/a>&nbsp;sobre la seguridad de los servidores p\u00fablicos que luchan contra el crimen organizad, y lo que eso significa para el sistema judicial del pa\u00eds. Tambi\u00e9n plantea interrogantes sobre por qu\u00e9 se niegan esquemas de seguridad a los funcionarios que temen por sus vidas, especialmente si se tiene en cuenta la historia del pa\u00eds de uso de sicarios y t\u00e1cticas intimidatorias para paralizar <a href=\"https:\/\/www.elespectador.com\/noticias\/judicial\/no-podemos-permitir-que-sigan-intimidando-nuestros-jueces-minjusticia-articulo-841149\" target=\"_blank\" rel=\"noopener\">a jueces y fiscales<\/a>.<\/p>\n\n\n\n<p class=\"wp-block-paragraph\"><span style=\"font-weight: 400;\">Libreros no fue el \u00fanico funcionario de la justicia que sufri\u00f3 ataques en la ciudad durante 2019. En febrero, un sicario le dispar\u00f3 al <\/span><a href=\"https:\/\/www.fiscalia.gov.co\/colombia\/seccionales\/a-la-carcel-supuesto-jefe-de-sicarios-que-habria-atentado-contra-el-juez-22-de-cali\/\" target=\"_blank\" rel=\"noopener\"><span style=\"font-weight: 400;\">juez de distrito<\/span><\/a>&nbsp;de Cali, quien sobrevivi\u00f3 al&nbsp;<a href=\"https:\/\/twitter.com\/twiteroscali\/status\/1098261333856919552?lang=bg\" target=\"_blank\" rel=\"noopener\"><span style=\"font-weight: 400;\">atentado<\/span><\/a><span style=\"font-weight: 400;\">. En este caso, un hombre fue&nbsp;<\/span><a href=\"https:\/\/www.fiscalia.gov.co\/colombia\/seccionales\/a-la-carcel-presunto-responsable-de-atentado-a-un-juez-de-cali\/\" target=\"_blank\" rel=\"noopener\"><span style=\"font-weight: 400;\">capturado<\/span><\/a>&nbsp;cuatro meses despu\u00e9s del hecho, y la Fiscal\u00eda determin\u00f3 que hab\u00eda sido contratado para asesinar al juez y este hab\u00eda subcontratado a dos m\u00e1s para que le ayudaran a perpetrar el ataque<span style=\"font-weight: 400;\">. No se ha dicho nada <\/span>sobre qui\u00e9n orden\u00f3 el ataque.<\/p>\n\n\n\n<p class=\"wp-block-paragraph\"><span style=\"font-weight: 400;\">La preocupaci\u00f3n va m\u00e1s all\u00e1 de Cali. La muerte de Libreros y la investigaci\u00f3n que se abri\u00f3, reflejan una <a href=\"https:\/\/www.elespectador.com\/noticias\/nacional\/valle\/cali-concentra-todos-los-fenomenos-de-inseguridad-de-colombia-andres-villamizar-articulo-881535\" target=\"_blank\" rel=\"noopener\">declaraci\u00f3n<\/a>&nbsp;hecha por el secretario de seguridad de Cali, Andr\u00e9s Villamizar, en septiembre pasado. \u201cLa ciudad es en cierta forma un microcosmos de todo el pa\u00eds. Aqu\u00ed se concentran pr\u00e1cticamente todas las problem\u00e1ticas y fen\u00f3menos de inseguridad que vive Colombia\u201d, seg\u00fan sus palabras&nbsp;<a href=\"https:\/\/www.elespectador.com\/noticias\/nacional\/valle\/cali-concentra-todos-los-fenomenos-de-inseguridad-de-colombia-andres-villamizar-articulo-881535\" target=\"_blank\" rel=\"noopener\">citadas<\/a>&nbsp;por El Espectador.&nbsp;<\/span><\/p>\n\n\n\n<p class=\"wp-block-paragraph\"><span style=\"color: #800000;\"><b>VEA TAMBI\u00c9N:<\/b><\/span> <a href=\"https:\/\/es.insightcrime.org\/noticias\/analisis\/cali-baja-los-homicidios-pero-sigue-siendo-la-ciudad-mas-violenta-de-colombia\/\" target=\"_blank\" rel=\"noopener\"><span style=\"font-weight: 400;\">Cali baja los homicidios, pero sigue siendo la ciudad m\u00e1s violenta de&nbsp;<\/span><\/a><a href=\"https:\/\/es.insightcrime.org\/noticias\/analisis\/cali-baja-los-homicidios-pero-sigue-siendo-la-ciudad-mas-violenta-de-colombia\/\" target=\"_blank\" rel=\"noopener\"><span style=\"font-weight: 400;\">Colombia<\/span><\/a><\/p>\n\n\n\n<p class=\"wp-block-paragraph\"><span style=\"font-weight: 400;\">Entretanto, la administraci\u00f3n del presidente <\/span><span style=\"font-weight: 400;\">Iv\u00e1n Duque s\u00ed ha intentado <\/span><a href=\"https:\/\/dapre.presidencia.gov.co\/normativa\/normativa\/DIRECTIVA%20PRESIDENCIAL%20N%C2%B0%2009%20DEL%2009%20DE%20NOVIEMBRE%20DE%202018.pdf\" target=\"_blank\" rel=\"noopener\"><span style=\"font-weight: 400;\">reducir a\u00fan m\u00e1s el gasto oficial<\/span><\/a> en esquemas de seguridad para funcionarios<span style=\"font-weight: 400;\">.&nbsp;<\/span><\/p>\n\n\n\n<p class=\"wp-block-paragraph\"><span style=\"font-weight: 400;\">La muerte de Libreros puede un efecto contraproducente m\u00e1s amplio. \u201cFrente a la din\u00e1mica del hampa en Cali es [\u2026] un mensaje que le est\u00e1n enviando a las autoridades o quien reemplace las investigaciones que ven\u00eda adelantando Libreros\u201d, coment\u00f3 a InSight Crime un antiguo investigador de la polic\u00eda especializado en crimen organizado en Cali, que conoc\u00eda el caso de Libreros.<\/span><span style=\"font-weight: 400;\"><br>\n<\/span><span style=\"font-weight: 400;\"><br>\n<\/span><span style=\"font-weight: 400;\">Agreg\u00f3 que es posible que las autoridades est\u00e9n recelosas de ir por los verdaderos perpetradores, aun cuando sepan qui\u00e9nes son. Las autoridades \u201chacen un despliegue noticioso grand\u00edsimo, pero en realidad capturan a las personas que tienen una jerarqu\u00eda muy baja [\u2026] a los verdaderos l\u00edderes no los tocan, con el fin de evitar ese tipo de cosas que le pas\u00f3 al fiscal Libreros\u201d.&nbsp;<\/span><\/p>\n\n\n\n<p class=\"wp-block-paragraph\"><span style=\"font-weight: 400;\">Esto lo ratificaron los antiguos colegas de Libreros<\/span><span style=\"font-weight: 400;\">, quienes fueron m\u00e1s all\u00e1 en sus <\/span><a href=\"https:\/\/www.elespectador.com\/noticias\/judicial\/radiografia-del-crimen-organizado-en-el-valle-del-cauca-articulo-901011\" target=\"_blank\" rel=\"noopener\"><span style=\"font-weight: 400;\">cuestionamientos<\/span><\/a> a la investigaci\u00f3n, y al parecer se\u00f1alaron a\u00f1os de influencias mafiosas que permean las estructuras de la autoridad local<span style=\"font-weight: 400;\">. <\/span><\/p>\n\n\n\n<p class=\"wp-block-paragraph\"><span style=\"font-weight: 400;\">Desafortunadamente, el antiguo investigador de la polic\u00eda que habl\u00f3 con InSight Crime no es muy optimista. \u201cSi ninguno de los capturados dice nada, es muy probable que quede el caso as\u00ed<\/span><span style=\"font-weight: 400;\">\u201d, sentenci\u00f3 y agreg\u00f3: \u201cEs improbable que lleguen al verdadero autor intelectual del crimen\u201d.&nbsp;<\/span><span style=\"font-weight: 400;\"><br>\n<\/span><\/p>\n\n\n\n<p class=\"wp-block-paragraph\"><span style=\"font-weight: 400;\">El manejo que la Fiscal\u00eda General d\u00e9 al presente caso de Libreros ser\u00e1 muy reveladora de la voluntad del gobierno colombiano para llevar ante la justicia a las mafias que amenazan con debilitar la justicia<\/span>.<\/p>\n","protected":false},"excerpt":{"rendered":"<p>Una turbia investigaci\u00f3n por el asesinato de un destacado fiscal en la ciudad de Cali pone en riesgo la capacidad del pa\u00eds para proteger a los abogados y jueces que investigan el crimen organizado, a quienes suele neutralizarse mediante amenazas y asesinatos selectivos.<\/p>\n","protected":false},"author":184,"featured_media":112036,"comment_status":"closed","ping_status":"closed","sticky":false,"template":"","format":"standard","meta":{"newspack_ads_suppress_ads":false,"newspack_popups_has_disabled_popups":false,"newspack_sponsor_sponsorship_scope":"","newspack_sponsor_native_byline_display":"inherit","newspack_sponsor_native_category_display":"inherit","newspack_sponsor_underwriter_style":"inherit","newspack_sponsor_underwriter_placement":"inherit","_EventAllDay":false,"_EventTimezone":"","_EventStartDate":"","_EventEndDate":"","_EventStartDateUTC":"","_EventEndDateUTC":"","_EventShowMap":false,"_EventShowMapLink":false,"_EventURL":"","_EventCost":"","_EventCostDescription":"","_EventCurrencySymbol":"","_EventCurrencyCode":"","_EventCurrencyPosition":"","_EventDateTimeSeparator":"","_EventTimeRangeSeparator":"","_EventOrganizerID":[],"_EventVenueID":[],"_OrganizerEmail":"","_OrganizerPhone":"","_OrganizerWebsite":"","_VenueAddress":"","_VenueCity":"","_VenueCountry":"","_VenueProvince":"","_VenueState":"","_VenueZip":"","_VenuePhone":"","_VenueURL":"","_VenueStateProvince":"","_VenueLat":"","_VenueLng":"","_VenueShowMap":false,"_VenueShowMapLink":false,"_newspack_byline_active":false,"_newspack_byline":"","newspack_hide_updated_date":false,"newspack_show_updated_date":false,"newspack_featured_image_position":"","newspack_post_subtitle":"","newspack_article_summary_title":"Overview:","newspack_article_summary":"","_jetpack_memberships_contains_paid_content":false,"footnotes":""},"categories":[759],"tags":[368,452,457],"newspack_spnsrs_tax":[],"coauthors":[4194],"class_list":["post-112235","post","type-post","status-publish","format-standard","has-post-thumbnail","hentry","category-noticias","tag-colombia-pais","tag-homicidios","tag-reforma-policial","entry"],"parsely":{"version":"1.1.0","canonical_url":"https:\/\/insightcrime.org\/es\/noticias\/defendera-colombia-cruzados-crimen\/","smart_links":{"inbound":0,"outbound":0},"traffic_boost_suggestions_count":0,"meta":{"@context":"https:\/\/schema.org","@type":"NewsArticle","headline":"\u00bfDefender\u00e1 Colombia a sus cruzados en guerra contra el crimen?","url":"http:\/\/insightcrime.org\/es\/noticias\/defendera-colombia-cruzados-crimen\/","mainEntityOfPage":{"@type":"WebPage","@id":"http:\/\/insightcrime.org\/es\/noticias\/defendera-colombia-cruzados-crimen\/"},"thumbnailUrl":"https:\/\/i0.wp.com\/insightcrime.org\/wp-content\/uploads\/2020\/01\/Cali-Colombia-Libreros-Fiscal-27-01-20-El-Pais_07012020.png?resize=150%2C150&quality=100&ssl=1","image":{"@type":"ImageObject","url":"https:\/\/i0.wp.com\/insightcrime.org\/wp-content\/uploads\/2020\/01\/Cali-Colombia-Libreros-Fiscal-27-01-20-El-Pais_07012020.png?fit=560%2C420&quality=100&ssl=1"},"articleSection":"Noticias","author":[{"@type":"Person","name":"Gabrielle Gorder"}],"creator":["Gabrielle Gorder"],"publisher":{"@type":"Organization","name":"InSight Crime","logo":"https:\/\/insightcrime.org\/wp-content\/uploads\/2023\/08\/logo.png"},"keywords":["colombia","homicidios","reforma policial"],"dateCreated":"2020-02-06T12:18:13Z","datePublished":"2020-02-06T12:18:13Z","dateModified":"2024-09-02T19:08:11Z"},"rendered":"<meta name=\"parsely-title\" content=\"\u00bfDefender\u00e1 Colombia a sus cruzados en guerra contra el crimen?\" \/>\n<meta name=\"parsely-link\" content=\"http:\/\/insightcrime.org\/es\/noticias\/defendera-colombia-cruzados-crimen\/\" \/>\n<meta name=\"parsely-type\" content=\"post\" \/>\n<meta name=\"parsely-image-url\" content=\"https:\/\/i0.wp.com\/insightcrime.org\/wp-content\/uploads\/2020\/01\/Cali-Colombia-Libreros-Fiscal-27-01-20-El-Pais_07012020.png?resize=150%2C150&amp;quality=100&amp;ssl=1\" \/>\n<meta name=\"parsely-pub-date\" content=\"2020-02-06T12:18:13Z\" \/>\n<meta name=\"parsely-section\" content=\"Noticias\" \/>\n<meta name=\"parsely-tags\" content=\"colombia,homicidios,reforma policial\" \/>\n<meta name=\"parsely-author\" content=\"Gabrielle Gorder\" \/>","tracker_url":"https:\/\/cdn.parsely.com\/keys\/insightcrime.org\/p.js"},"jetpack_sharing_enabled":true,"jetpack-related-posts":[{"id":142641,"url":"https:\/\/insightcrime.org\/es\/noticias\/supuestas-faltas-fiscal-cali-generan-dudas-acerca-casos-mas-graves\/","url_meta":{"origin":112235,"position":0},"title":"Supuestas faltas de fiscal de Cali generan dudas acerca de casos m\u00e1s graves","author":"Gabrielle Gorder","date":"6 de mayo de 2021","format":false,"excerpt":"En el \u00faltimo a\u00f1o y medio dos homicidios han conmocionado a la ciudad de Cali en Colombia: el asesinato de un fiscal especializado de crimen organizado, y la misteriosa masacre de cinco j\u00f3venes en un cultivo de ca\u00f1a de az\u00facar. Ahora, el fiscal a cargo de ambos casos ha sido\u2026","rel":"","context":"En \u00abNoticias\u00bb","block_context":{"text":"Noticias","link":"https:\/\/insightcrime.org\/es\/category\/noticias\/"},"img":{"alt_text":"","src":"https:\/\/i0.wp.com\/insightcrime.org\/wp-content\/uploads\/2021\/05\/Rios-Arrest-Cali-Prosecutor.jpg?fit=350%2C250&quality=100&ssl=1&resize=350%2C200","width":350,"height":200},"classes":[]},{"id":195808,"url":"https:\/\/insightcrime.org\/es\/noticias\/fiscales-ecuador-blancos-asesinatos-selectivos\/","url_meta":{"origin":112235,"position":1},"title":"Fiscales de Ecuador, nuevos blancos de asesinatos selectivos","author":"Henry Shuldiner","date":"19 de agosto de 2022","format":false,"excerpt":"El homicidio de un fiscal en Ecuador es el \u00faltimo de una serie de atentados contra funcionarios judiciales, en medio de una campa\u00f1a de violencia frontal emprendida por los grupos criminales contra el Estado.","rel":"","context":"En \u00abNoticias\u00bb","block_context":{"text":"Noticias","link":"https:\/\/insightcrime.org\/es\/category\/noticias\/"},"img":{"alt_text":"El fiscal de Ecuador Federico Estrella fue enterrado","src":"https:\/\/i0.wp.com\/insightcrime.org\/wp-content\/uploads\/2022\/08\/fiscal-fue-sepultado-en-Jujan-660x330-1-1.jpeg?fit=350%2C250&quality=100&ssl=1&resize=350%2C200","width":350,"height":200},"classes":[]},{"id":146174,"url":"https:\/\/insightcrime.org\/es\/noticias\/asesinatos-periodistas-revelan-mano-negra-crimen-organizado\/","url_meta":{"origin":112235,"position":2},"title":"Asesinatos de periodistas revelan la mano negra del crimen organizado","author":"Saskia Wright","date":"24 de mayo de 2021","format":false,"excerpt":"De los casi 140 periodistas asesinados en M\u00e9xico, Colombia, Brasil y Honduras en la \u00faltima d\u00e9cada, cerca de la mitad cubr\u00edan temas de crimen organizado.","rel":"","context":"En \u00abNoticias\u00bb","block_context":{"text":"Noticias","link":"https:\/\/insightcrime.org\/es\/category\/noticias\/"},"img":{"alt_text":"","src":"https:\/\/i0.wp.com\/insightcrime.org\/wp-content\/uploads\/2021\/05\/5184.jpg?fit=350%2C250&quality=100&ssl=1&resize=350%2C200","width":350,"height":200},"classes":[]},{"id":313070,"url":"https:\/\/insightcrime.org\/es\/noticias\/asesinato-tiktoker-evidencia-riesgos-denunciar-crimen-organizado-venezuela\/","url_meta":{"origin":112235,"position":3},"title":"Asesinato de tiktoker evidencia los riesgos de denunciar el crimen organizado en Venezuela","author":"Unidad Investigativa de Venezuela","date":"30 de junio de 2025","format":false,"excerpt":"El asesinato de un tiktoker venezolano durante una transmisi\u00f3n en vivo evidencia los peligros que enfrentan quienes denuncian personalmente el crimen organizado. Sin embargo, es poco probable que este caso desencadene una ola de violencia selectiva contra otros ciudadanos.","rel":"","context":"En \u00abNoticias\u00bb","block_context":{"text":"Noticias","link":"https:\/\/insightcrime.org\/es\/category\/noticias\/"},"img":{"alt_text":"","src":"https:\/\/i0.wp.com\/insightcrime.org\/wp-content\/uploads\/2025\/06\/2025-06-27-Ven-gabriel-sarmiento-influencer.jpg?fit=350%2C250&quality=100&ssl=1&resize=350%2C200","width":350,"height":200},"classes":[]},{"id":273662,"url":"https:\/\/insightcrime.org\/es\/noticias\/entrevistas\/elites-criminales-tuercen-leyes-eludir-justicia-ecuador\/","url_meta":{"origin":112235,"position":4},"title":"C\u00f3mo las \u00e9lites criminales manipulan las leyes para eludir la justicia en Ecuador","author":"Anastasia Austin","date":"17 de abril de 2024","format":false,"excerpt":"El poder judicial de Ecuador se enfrenta a un batalla para impedir que criminales bien conectados conviertan herramientas legales -destinadas a proteger los derechos civiles- en oportunidades para escapar de la justicia. A principios de abril, fiscales ecuatorianos ordenaron la detenci\u00f3n de 14 jueces, abogados, funcionarios judiciales y polic\u00edas acusados\u2026","rel":"","context":"En \u00abQ&amp;A\u00bb","block_context":{"text":"Q&amp;A","link":"https:\/\/insightcrime.org\/es\/category\/noticias\/entrevistas\/"},"img":{"alt_text":"Police officers make arrest in judicial corruption case Oficiales de polic\u00eda realizan un arresto en medio de un caso de corrupci\u00f3n judicial","src":"https:\/\/i0.wp.com\/insightcrime.org\/wp-content\/uploads\/2023\/08\/Ecuador_Caso-plaga-judicial_corruption_Primicias-1-1.jpeg?fit=350%2C250&quality=100&ssl=1&resize=350%2C200","width":350,"height":200},"classes":[]},{"id":284677,"url":"https:\/\/insightcrime.org\/es\/noticias\/hay-condenas-caso-fernando-villaviencio-ecuador-pero-no-claridad\/","url_meta":{"origin":112235,"position":5},"title":"Hay condenas en el caso de Fernando Villaviencio en Ecuador, pero no claridad","author":"Anastasia Austin","date":"16 de julio de 2024","format":false,"excerpt":"El 12 de julio de 2024, un juez de Ecuador conden\u00f3 a cinco personas por el sonado asesinato del candidato presidencial Fernando Villavicencio en 2023. Sin emabrgo, a\u00fan no est\u00e1 claro qui\u00e9n orden\u00f3 el crimen ni por qu\u00e9.","rel":"","context":"En \u00abNoticias\u00bb","block_context":{"text":"Noticias","link":"https:\/\/insightcrime.org\/es\/category\/noticias\/"},"img":{"alt_text":"Fernando Villavicencio\u2019s family and supporters demonstrate outside the courthouse-Familiares y simpatizantes de Fernando Villavicencio se manifiestan a las afueras del juzgado.","src":"https:\/\/i0.wp.com\/insightcrime.org\/wp-content\/uploads\/2024\/07\/Ecuador_Villavicencio-murder-trial_elite-and-crime.jpg?fit=350%2C250&quality=100&ssl=1&resize=350%2C200","width":350,"height":200},"classes":[]}],"jetpack_featured_media_url":"https:\/\/i0.wp.com\/insightcrime.org\/wp-content\/uploads\/2020\/01\/Cali-Colombia-Libreros-Fiscal-27-01-20-El-Pais_07012020.png?fit=560%2C420&quality=100&ssl=1","_links":{"self":[{"href":"https:\/\/insightcrime.org\/es\/wp-json\/wp\/v2\/posts\/112235","targetHints":{"allow":["GET"]}}],"collection":[{"href":"https:\/\/insightcrime.org\/es\/wp-json\/wp\/v2\/posts"}],"about":[{"href":"https:\/\/insightcrime.org\/es\/wp-json\/wp\/v2\/types\/post"}],"author":[{"embeddable":true,"href":"https:\/\/insightcrime.org\/es\/wp-json\/wp\/v2\/users\/184"}],"replies":[{"embeddable":true,"href":"https:\/\/insightcrime.org\/es\/wp-json\/wp\/v2\/comments?post=112235"}],"version-history":[{"count":6,"href":"https:\/\/insightcrime.org\/es\/wp-json\/wp\/v2\/posts\/112235\/revisions"}],"predecessor-version":[{"id":291160,"href":"https:\/\/insightcrime.org\/es\/wp-json\/wp\/v2\/posts\/112235\/revisions\/291160"}],"wp:featuredmedia":[{"embeddable":true,"href":"https:\/\/insightcrime.org\/es\/wp-json\/wp\/v2\/media\/112036"}],"wp:attachment":[{"href":"https:\/\/insightcrime.org\/es\/wp-json\/wp\/v2\/media?parent=112235"}],"wp:term":[{"taxonomy":"category","embeddable":true,"href":"https:\/\/insightcrime.org\/es\/wp-json\/wp\/v2\/categories?post=112235"},{"taxonomy":"post_tag","embeddable":true,"href":"https:\/\/insightcrime.org\/es\/wp-json\/wp\/v2\/tags?post=112235"},{"taxonomy":"newspack_spnsrs_tax","embeddable":true,"href":"https:\/\/insightcrime.org\/es\/wp-json\/wp\/v2\/newspack_spnsrs_tax?post=112235"},{"taxonomy":"author","embeddable":true,"href":"https:\/\/insightcrime.org\/es\/wp-json\/wp\/v2\/coauthors?post=112235"}],"curies":[{"name":"wp","href":"https:\/\/api.w.org\/{rel}","templated":true}]}}