{"id":114140,"date":"2020-03-12T07:43:23","date_gmt":"2020-03-12T12:43:23","guid":{"rendered":"https:\/\/insightcrime.org\/?p=114140"},"modified":"2024-09-02T14:07:15","modified_gmt":"2024-09-02T19:07:15","slug":"guardaparques-colombia-amazonia","status":"publish","type":"post","link":"https:\/\/insightcrime.org\/es\/noticias\/guardaparques-colombia-amazonia\/","title":{"rendered":"Ex-FARC Mafia expulsa guardaparques de la Amazon\u00eda de Colombia"},"content":{"rendered":"\n<p class=\"wp-block-paragraph\">Tras recibir diversas amenazas, los guardaparques de las zonas protegidas en la Amazon\u00eda colombiana abandonan las \u00e1reas que resguardan. Estos territorios podr\u00edan convertirse en lugares cada vez m\u00e1s controlados por grupos criminales, luego de la decisi\u00f3n de los funcionarios.<\/p>\n\n\n\n<p class=\"wp-block-paragraph\">Seg\u00fan <a href=\"https:\/\/www.eltiempo.com\/vida\/medio-ambiente\/guardaparques-salen-de-10-areas-protegidas-por-amenaza-de-disidencias-465406\" target=\"_blank\" rel=\"noopener\">informaron<\/a> El Tiempo y Semana en febrero 2020, 20 funcionarios de los Parques Nacionales&nbsp;Chiribiquete (Caquet\u00e1 y Guaviare); Cahuinar\u00ed (Amazonas); Yaigoj\u00e9 Apaporis (Amazonas); La Paya (Putumayo) y Pur\u00e9 (Amazonas)&nbsp;fueron citados por disidentes de las Fuerzas Armadas Revolucionarias de Colombia (ex-Farc mafia) con la intenci\u00f3n de comunicarles que deb\u00edan abandonar dichos territorios, amenazando sus vidas en caso de no acatar la orden.<\/p>\n\n\n\n<p class=\"wp-block-paragraph\">\u201cNo se necesita su presencia porque el control ambiental lo hacemos nosotros. Ya tenemos los respectivos manuales de manejo de los recursos, de pesca, caza y tumba. No queremos a Parques Nacionales aqu\u00ed\u201d, fue el <a href=\"https:\/\/especiales.semana.com\/guardaparques-amenazados-y-parques-nacionales-en-jaque-por-las-disidencias\/\" target=\"_blank\" rel=\"noopener\">mensaje<\/a> que integrantes del grupo Frente Carolina Ram\u00edrez de las ex-Farc mafia, dejaron a funcionarios del parque Chiribiquete antes de marcharse.<\/p>\n\n\n\n<p class=\"wp-block-paragraph\">Lo m\u00e1s preocupante para la comunidad de guardabosques es que esta situaci\u00f3n no se limita a estas \u00e1reas protegidas. Seg\u00fan un <a href=\"https:\/\/es.mongabay.com\/2019\/11\/parques-nacionales-colombia-guardaparques-asesinados-amenazados\/\" target=\"_blank\" rel=\"noopener\">reporte<\/a> de Mongabay elaborado en noviembre de 2019, desde 2017 grupos legales e ilegales han propiciado campa\u00f1as de deforestaci\u00f3n en zonas protegidas en los departamentos de Meta, Magdalena, La Guajira, Cesar, Norte de Santander, Antioquia, C\u00f3rdoba, Valle del Cauca y Nari\u00f1o.<\/p>\n\n\n\n<p class=\"wp-block-paragraph\">Sumado a esto, el <a href=\"https:\/\/sostenibilidad.semana.com\/medio-ambiente\/articulo\/asesinan-a-funcionario-de-parques-nacionales-en-el-cocuy\/48497\" target=\"_blank\" rel=\"noopener\">asesinato<\/a> del guardaparques Yamid Silva en el parque El Cocuy, Boyac\u00e1, aument\u00f3 la preocupaci\u00f3n por la llegada de actores armados a territorios que hab\u00edan permanecido por fuera del radar y las amenazas de estos grupos.<\/p>\n\n\n\n<p class=\"wp-block-paragraph\">Seg\u00fan la <a href=\"https:\/\/pares.com.co\/2018\/06\/20\/la-guerra-y-el-postconflicto-en-areas-naturales-protegidas\/\" target=\"_blank\" rel=\"noopener\">Fundaci\u00f3n Paz y Reconciliaci\u00f3n<\/a>, \u201clas \u00c1reas Protegidas&nbsp;y sus respectivas zonas de amortiguamiento son objeto de quemas&nbsp;y talas ilegales por parte de campesinos que ya no encuentran a su paso el freno&nbsp;de un actor armado en la zona y tampoco su regulaci\u00f3n\u201d.<\/p>\n\n\n\n<p class=\"wp-block-paragraph\"><span style=\"color: #800000;\"><strong>VEA TAMBI\u00c9N:&nbsp;<\/strong><\/span><a href=\"https:\/\/es.insightcrime.org\/noticias\/analisis\/deforestacion-crimen-organizado-colombia\/\" target=\"_blank\" rel=\"noopener\">C\u00f3mo la deforestaci\u00f3n sirve al crimen organizado en Colombia<\/a><\/p>\n\n\n\n<p class=\"wp-block-paragraph\">Adem\u00e1s, la falta de presencia estatal en esas zonas deja a los guardaparques vulnerables a los criminales que all\u00ed operan y se dedican a actividades como la siembra de cultivos il\u00edcitos, la extracci\u00f3n ilegal de minerales y la deforestaci\u00f3n para la apertura de v\u00edas por donde transportar sus mercanc\u00edas, entre otros.<\/p>\n\n\n\n<h3 class=\"wp-block-heading\">An\u00e1lisis de InSight Crime<\/h3>\n\n\n\n<p class=\"wp-block-paragraph\">Con la salida de los guardaparques y la lejana probabilidad de intervenci\u00f3n de otras autoridades, el escenario m\u00e1s probable es que los grupos criminales operen con mayor impunidad, poniendo en riesgo la ya vulnerable riqueza natural de Colombia.<\/p>\n\n\n\n<p class=\"wp-block-paragraph\">En entrevista con InSight Crime, funcionarios del Parque Nacional Natural Amacayacu en Amazonas \u2014que pidieron reservar su identidad por seguridad\u2014aseguraron que despu\u00e9s de la firma del Acuerdo de Paz en 2016, el tr\u00e1fico de drogas se increment\u00f3 en esa zona.<\/p>\n\n\n\n<p class=\"wp-block-paragraph\">Los r\u00edos Cotu\u00e9, Amacayacu y Putumayo se han convertido en las principales rutas de narcotr\u00e1fico y contrabando de gasolina destinado al procesamiento de droga y la miner\u00eda ilegal.<\/p>\n\n\n\n<p class=\"wp-block-paragraph\">Las ex-Farc Mafia ejercen un fuerte control sobre estas econom\u00edas ilegales, asegurando el paso de cargamentos de coca\u00edna y marihuana, a la vez que supervisan las dragas que buscan sacar minerales preciosos de los lechos de los r\u00edos.<\/p>\n\n\n\n<p class=\"wp-block-paragraph\"><span style=\"color: #800000;\"><strong>VEA TAMBI\u00c9N:<\/strong><\/span> <a href=\"https:\/\/es.insightcrime.org\/noticias\/noticias-del-dia\/contaminacion-con-mercurio-de-mineria-ilegal-afecta-a-indigenas-de-colombia\/\" target=\"_blank\" rel=\"noopener\">Contaminaci\u00f3n con mercurio de miner\u00eda ilegal afecta a ind\u00edgenas de Colombia<\/a><\/p>\n\n\n\n<p class=\"wp-block-paragraph\">Esta din\u00e1mica, sin embargo, no es <a href=\"https:\/\/www.eltiempo.com\/archivo\/documento\/MAM-153789\" target=\"_blank\" rel=\"noopener\">nueva<\/a>. Los grupos disidentes est\u00e1n reciclando viejas t\u00e1cticas de control sobre estas zonas que, aunque est\u00e1n protegidas por la ley, siempre han estado abandonadas por el Estado.<\/p>\n\n\n\n<p class=\"wp-block-paragraph\">Como respuesta, el Gobierno de Iv\u00e1n Duque cre\u00f3 una serie de operaciones especiales como la <a href=\"https:\/\/es.mongabay.com\/2019\/05\/podra-la-operacion-artemisa-frenar-la-deforestacion-en-colombia\/\" target=\"_blank\" rel=\"noopener\">Operaci\u00f3n Artemisa<\/a>, que busca, a trav\u00e9s de un gran despliegue militar, atacar a estas redes criminales.<\/p>\n\n\n\n<p class=\"wp-block-paragraph\">Hasta ahora, estas operaciones se han enfocado en la <a href=\"https:\/\/caracol.com.co\/radio\/2019\/09\/16\/regional\/1568642726_519112.html\" target=\"_blank\" rel=\"noopener\">incautaci\u00f3n<\/a> de algunos de bienes y la captura de algunos miembros del grupo de bajo rango,&nbsp;y no han dado golpes serios a las redes criminales en los parques nacionales.<\/p>\n","protected":false},"excerpt":{"rendered":"<p>Tras recibir diversas amenazas, los guardaparques de las zonas protegidas en la Amazon\u00eda colombiana abandonan las \u00e1reas que resguardan. Estos territorios podr\u00edan convertirse en lugares cada vez m\u00e1s controlados por grupos criminales, luego de la decisi\u00f3n de los funcionarios.<\/p>\n","protected":false},"author":222,"featured_media":114447,"comment_status":"closed","ping_status":"closed","sticky":false,"template":"","format":"standard","meta":{"newspack_ads_suppress_ads":false,"newspack_popups_has_disabled_popups":false,"newspack_sponsor_sponsorship_scope":"","newspack_sponsor_native_byline_display":"inherit","newspack_sponsor_native_category_display":"inherit","newspack_sponsor_underwriter_style":"inherit","newspack_sponsor_underwriter_placement":"inherit","_EventAllDay":false,"_EventTimezone":"","_EventStartDate":"","_EventEndDate":"","_EventStartDateUTC":"","_EventEndDateUTC":"","_EventShowMap":false,"_EventShowMapLink":false,"_EventURL":"","_EventCost":"","_EventCostDescription":"","_EventCurrencySymbol":"","_EventCurrencyCode":"","_EventCurrencyPosition":"","_EventDateTimeSeparator":"","_EventTimeRangeSeparator":"","_EventOrganizerID":[],"_EventVenueID":[],"_OrganizerEmail":"","_OrganizerPhone":"","_OrganizerWebsite":"","_VenueAddress":"","_VenueCity":"","_VenueCountry":"","_VenueProvince":"","_VenueState":"","_VenueZip":"","_VenuePhone":"","_VenueURL":"","_VenueStateProvince":"","_VenueLat":"","_VenueLng":"","_VenueShowMap":false,"_VenueShowMapLink":false,"_newspack_byline_active":false,"_newspack_byline":"","newspack_hide_updated_date":false,"newspack_show_updated_date":false,"newspack_featured_image_position":"","newspack_post_subtitle":"","newspack_article_summary_title":"Overview:","newspack_article_summary":"","_jetpack_memberships_contains_paid_content":false,"footnotes":""},"categories":[759],"tags":[3459,368,439,3365],"newspack_spnsrs_tax":[],"coauthors":[4167],"class_list":["post-114140","post","type-post","status-publish","format-standard","has-post-thumbnail","hentry","category-noticias","tag-cambio-climatico","tag-colombia-pais","tag-delitos-ambientales","tag-ex-farc-mafia-es-2","entry"],"parsely":{"version":"1.1.0","canonical_url":"https:\/\/insightcrime.org\/es\/noticias\/guardaparques-colombia-amazonia\/","smart_links":{"inbound":0,"outbound":0},"traffic_boost_suggestions_count":0,"meta":{"@context":"https:\/\/schema.org","@type":"NewsArticle","headline":"Ex-FARC Mafia expulsa guardaparques de la Amazon\u00eda de Colombia","url":"http:\/\/insightcrime.org\/es\/noticias\/guardaparques-colombia-amazonia\/","mainEntityOfPage":{"@type":"WebPage","@id":"http:\/\/insightcrime.org\/es\/noticias\/guardaparques-colombia-amazonia\/"},"thumbnailUrl":"https:\/\/i0.wp.com\/insightcrime.org\/wp-content\/uploads\/2020\/03\/preocupantes-cifras-de-deforestacion-de-bosques-en-colombia-741362.jpg?resize=150%2C150&quality=100&ssl=1","image":{"@type":"ImageObject","url":"https:\/\/i0.wp.com\/insightcrime.org\/wp-content\/uploads\/2020\/03\/preocupantes-cifras-de-deforestacion-de-bosques-en-colombia-741362.jpg?fit=350%2C250&quality=100&ssl=1"},"articleSection":"Noticias","author":[{"@type":"Person","name":"Juan Diego C\u00e1rdenas"}],"creator":["Juan Diego C\u00e1rdenas"],"publisher":{"@type":"Organization","name":"InSight Crime","logo":"https:\/\/insightcrime.org\/wp-content\/uploads\/2023\/08\/logo.png"},"keywords":["cambio clim\u00e1tico","colombia","delitos ambientales","ex-farc mafia"],"dateCreated":"2020-03-12T12:43:23Z","datePublished":"2020-03-12T12:43:23Z","dateModified":"2024-09-02T19:07:15Z"},"rendered":"<meta name=\"parsely-title\" content=\"Ex-FARC Mafia expulsa guardaparques de la Amazon\u00eda de Colombia\" \/>\n<meta name=\"parsely-link\" content=\"http:\/\/insightcrime.org\/es\/noticias\/guardaparques-colombia-amazonia\/\" \/>\n<meta name=\"parsely-type\" content=\"post\" \/>\n<meta name=\"parsely-image-url\" content=\"https:\/\/i0.wp.com\/insightcrime.org\/wp-content\/uploads\/2020\/03\/preocupantes-cifras-de-deforestacion-de-bosques-en-colombia-741362.jpg?resize=150%2C150&amp;quality=100&amp;ssl=1\" \/>\n<meta name=\"parsely-pub-date\" content=\"2020-03-12T12:43:23Z\" \/>\n<meta name=\"parsely-section\" content=\"Noticias\" \/>\n<meta name=\"parsely-tags\" content=\"cambio clim\u00e1tico,colombia,delitos ambientales,ex-farc mafia\" \/>\n<meta name=\"parsely-author\" content=\"Juan Diego C\u00e1rdenas\" \/>","tracker_url":"https:\/\/cdn.parsely.com\/keys\/insightcrime.org\/p.js"},"jetpack_sharing_enabled":true,"jetpack-related-posts":[{"id":232477,"url":"https:\/\/insightcrime.org\/es\/noticias\/corrupcion-complica-lucha-defensa-amazonia-brasil\/","url_meta":{"origin":114140,"position":0},"title":"Esc\u00e1ndalo de corrupci\u00f3n en las fuerzas de seguridad sacude al principal estado de la Amazon\u00eda brasile\u00f1a","author":"Anastasia Austin","date":"1 de septiembre de 2023","format":false,"excerpt":"Altos funcionarios de seguridad del estado de Amazonas, al norte de Brasil, fueron destituidos en un esc\u00e1ndalo de grandes proporciones, que puede revelar un alarmante grado de corrupci\u00f3n en una zona en la que pulula el crimen organizado.","rel":"","context":"En \u00abNoticias\u00bb","block_context":{"text":"Noticias","link":"https:\/\/insightcrime.org\/es\/category\/noticias\/"},"img":{"alt_text":"General Carlos Alberto Mansur, exjefe de la Secretar\u00eda de Seguridad del estado de Amazonas.","src":"https:\/\/i0.wp.com\/insightcrime.org\/wp-content\/uploads\/2023\/09\/Brazil-General-Mansur-Dismissed_Corruption_BNCAMazonas-1.jpeg?fit=350%2C250&quality=100&ssl=1&resize=350%2C200","width":350,"height":200},"classes":[]},{"id":232522,"url":"https:\/\/insightcrime.org\/es\/investigaciones\/expansion-narcotrafico-frontera-peru-colombia-brasil\/","url_meta":{"origin":114140,"position":1},"title":"La expansi\u00f3n del narcotr\u00e1fico en la frontera de Per\u00fa con Colombia y Brasil\u00a0","author":"Juan Diego C\u00e1rdenas","date":"8 de agosto de 2023","format":false,"excerpt":"La selva compartida por Per\u00fa, Colombia y Brasil es la fachada ideal para el cultivo y procesamiento de coca. Como resultado de ello, se ha desarrollado una cadena de tr\u00e1fico de coca\u00edna all\u00ed \u2014que se inicia con la coca sembrada en Per\u00fa.","rel":"","context":"En \u00abInvestigaciones\u00bb","block_context":{"text":"Investigaciones","link":"https:\/\/insightcrime.org\/es\/category\/investigaciones\/"},"img":{"alt_text":"","src":"https:\/\/i0.wp.com\/insightcrime.org\/wp-content\/uploads\/2023\/09\/Amazonas-Cover-Capitulo3-ESP-InSightCrime-2023.png?fit=1200%2C438&quality=100&ssl=1&resize=350%2C200","width":350,"height":200,"srcset":"https:\/\/i0.wp.com\/insightcrime.org\/wp-content\/uploads\/2023\/09\/Amazonas-Cover-Capitulo3-ESP-InSightCrime-2023.png?fit=1200%2C438&quality=100&ssl=1&resize=350%2C200 1x, https:\/\/i0.wp.com\/insightcrime.org\/wp-content\/uploads\/2023\/09\/Amazonas-Cover-Capitulo3-ESP-InSightCrime-2023.png?fit=1200%2C438&quality=100&ssl=1&resize=525%2C300 1.5x, https:\/\/i0.wp.com\/insightcrime.org\/wp-content\/uploads\/2023\/09\/Amazonas-Cover-Capitulo3-ESP-InSightCrime-2023.png?fit=1200%2C438&quality=100&ssl=1&resize=700%2C400 2x, https:\/\/i0.wp.com\/insightcrime.org\/wp-content\/uploads\/2023\/09\/Amazonas-Cover-Capitulo3-ESP-InSightCrime-2023.png?fit=1200%2C438&quality=100&ssl=1&resize=1050%2C600 3x"},"classes":[]},{"id":233198,"url":"https:\/\/insightcrime.org\/es\/investigaciones\/mineria-ilegal-amazonia-colombiana\/","url_meta":{"origin":114140,"position":2},"title":"La miner\u00eda ilegal en la Amazon\u00eda colombiana","author":"InSight Crime","date":"8 de septiembre de 2021","format":false,"excerpt":"A medida que los precios del oro se han disparado, los grupos criminales que antes se dedicaban exclusivamente al tr\u00e1fico de drogas y armas han incursionado en la miner\u00eda ilegal.","rel":"","context":"En \u00abInvestigaciones\u00bb","block_context":{"text":"Investigaciones","link":"https:\/\/insightcrime.org\/es\/category\/investigaciones\/"},"img":{"alt_text":"","src":"https:\/\/i0.wp.com\/insightcrime.org\/wp-content\/uploads\/2021\/08\/Exploring-Illegal-Mining-in-Colombias-Amazon-Cover.jpg?fit=1200%2C450&quality=100&ssl=1&resize=350%2C200","width":350,"height":200,"srcset":"https:\/\/i0.wp.com\/insightcrime.org\/wp-content\/uploads\/2021\/08\/Exploring-Illegal-Mining-in-Colombias-Amazon-Cover.jpg?fit=1200%2C450&quality=100&ssl=1&resize=350%2C200 1x, https:\/\/i0.wp.com\/insightcrime.org\/wp-content\/uploads\/2021\/08\/Exploring-Illegal-Mining-in-Colombias-Amazon-Cover.jpg?fit=1200%2C450&quality=100&ssl=1&resize=525%2C300 1.5x, https:\/\/i0.wp.com\/insightcrime.org\/wp-content\/uploads\/2021\/08\/Exploring-Illegal-Mining-in-Colombias-Amazon-Cover.jpg?fit=1200%2C450&quality=100&ssl=1&resize=700%2C400 2x, https:\/\/i0.wp.com\/insightcrime.org\/wp-content\/uploads\/2021\/08\/Exploring-Illegal-Mining-in-Colombias-Amazon-Cover.jpg?fit=1200%2C450&quality=100&ssl=1&resize=1050%2C600 3x"},"classes":[]},{"id":232513,"url":"https:\/\/insightcrime.org\/es\/investigaciones\/delitos-ambientales-acechan-regiones-triple-frontera-amazonas\/","url_meta":{"origin":114140,"position":3},"title":"Delitos ambientales acechan las regiones de triple frontera en el Amazonas","author":"Seth Robbins","date":"8 de agosto de 2023","format":false,"excerpt":"En lo profundo de la cuenca del Amazonas se encuentran dos regiones de triple frontera, donde los delitos ambientales y sus perpetradores no reconocen fronteras nacionales.","rel":"","context":"En \u00abInvestigaciones\u00bb","block_context":{"text":"Investigaciones","link":"https:\/\/insightcrime.org\/es\/category\/investigaciones\/"},"img":{"alt_text":"","src":"https:\/\/i0.wp.com\/insightcrime.org\/wp-content\/uploads\/2023\/09\/Amazonas-Cover-ESP-Executive-Summary-InSightCrime-2023.png?fit=1200%2C438&quality=100&ssl=1&resize=350%2C200","width":350,"height":200,"srcset":"https:\/\/i0.wp.com\/insightcrime.org\/wp-content\/uploads\/2023\/09\/Amazonas-Cover-ESP-Executive-Summary-InSightCrime-2023.png?fit=1200%2C438&quality=100&ssl=1&resize=350%2C200 1x, https:\/\/i0.wp.com\/insightcrime.org\/wp-content\/uploads\/2023\/09\/Amazonas-Cover-ESP-Executive-Summary-InSightCrime-2023.png?fit=1200%2C438&quality=100&ssl=1&resize=525%2C300 1.5x, https:\/\/i0.wp.com\/insightcrime.org\/wp-content\/uploads\/2023\/09\/Amazonas-Cover-ESP-Executive-Summary-InSightCrime-2023.png?fit=1200%2C438&quality=100&ssl=1&resize=700%2C400 2x, https:\/\/i0.wp.com\/insightcrime.org\/wp-content\/uploads\/2023\/09\/Amazonas-Cover-ESP-Executive-Summary-InSightCrime-2023.png?fit=1200%2C438&quality=100&ssl=1&resize=1050%2C600 3x"},"classes":[]},{"id":263742,"url":"https:\/\/insightcrime.org\/es\/noticias\/gamechangers-2023-victoria-deforestacion-amazonia\/","url_meta":{"origin":114140,"position":4},"title":"GameChangers 2023: Una victoria sobre la deforestaci\u00f3n en la Amazon\u00eda, por ahora","author":"Mar\u00eda Fernanda Ram\u00edrez","date":"2 de enero de 2024","format":false,"excerpt":"Entre la reducci\u00f3n en la p\u00e9rdida de bosque este a\u00f1o y la celebraci\u00f3n de la cumbre amaz\u00f3nica, este a\u00f1o representa una peque\u00f1a victoria en la batalla contra la deforestaci\u00f3n en la regi\u00f3n. Sin embargo, este triunfo contrasta con un preocupante panorama regional, en el que cada vez m\u00e1s grupos criminales\u2026","rel":"","context":"En \u00abNoticias\u00bb","block_context":{"text":"Noticias","link":"https:\/\/insightcrime.org\/es\/category\/noticias\/"},"img":{"alt_text":"","src":"https:\/\/i0.wp.com\/insightcrime.org\/wp-content\/uploads\/2023\/08\/Gamechangers-Cover-Cap-2.jpg?fit=1200%2C576&quality=100&ssl=1&resize=350%2C200","width":350,"height":200,"srcset":"https:\/\/i0.wp.com\/insightcrime.org\/wp-content\/uploads\/2023\/08\/Gamechangers-Cover-Cap-2.jpg?fit=1200%2C576&quality=100&ssl=1&resize=350%2C200 1x, https:\/\/i0.wp.com\/insightcrime.org\/wp-content\/uploads\/2023\/08\/Gamechangers-Cover-Cap-2.jpg?fit=1200%2C576&quality=100&ssl=1&resize=525%2C300 1.5x, https:\/\/i0.wp.com\/insightcrime.org\/wp-content\/uploads\/2023\/08\/Gamechangers-Cover-Cap-2.jpg?fit=1200%2C576&quality=100&ssl=1&resize=700%2C400 2x, https:\/\/i0.wp.com\/insightcrime.org\/wp-content\/uploads\/2023\/08\/Gamechangers-Cover-Cap-2.jpg?fit=1200%2C576&quality=100&ssl=1&resize=1050%2C600 3x"},"classes":[]},{"id":233199,"url":"https:\/\/insightcrime.org\/es\/investigaciones\/deforestacion-amazonia-colombiana-delimitacion-problema\/","url_meta":{"origin":114140,"position":5},"title":"Deforestaci\u00f3n en la Amazon\u00eda colombiana: delimitaci\u00f3n del problema","author":"Katie Jones","date":"1 de septiembre de 2021","format":false,"excerpt":"La deforestaci\u00f3n es la cara m\u00e1s visible de los delitos ambientales en la Amazon\u00eda colombiana.","rel":"","context":"En \u00abInvestigaciones\u00bb","block_context":{"text":"Investigaciones","link":"https:\/\/insightcrime.org\/es\/category\/investigaciones\/"},"img":{"alt_text":"","src":"https:\/\/i0.wp.com\/insightcrime.org\/wp-content\/uploads\/2021\/09\/Amazon-Deforetation-Cover.png?fit=1200%2C450&quality=100&ssl=1&resize=350%2C200","width":350,"height":200,"srcset":"https:\/\/i0.wp.com\/insightcrime.org\/wp-content\/uploads\/2021\/09\/Amazon-Deforetation-Cover.png?fit=1200%2C450&quality=100&ssl=1&resize=350%2C200 1x, https:\/\/i0.wp.com\/insightcrime.org\/wp-content\/uploads\/2021\/09\/Amazon-Deforetation-Cover.png?fit=1200%2C450&quality=100&ssl=1&resize=525%2C300 1.5x, https:\/\/i0.wp.com\/insightcrime.org\/wp-content\/uploads\/2021\/09\/Amazon-Deforetation-Cover.png?fit=1200%2C450&quality=100&ssl=1&resize=700%2C400 2x, https:\/\/i0.wp.com\/insightcrime.org\/wp-content\/uploads\/2021\/09\/Amazon-Deforetation-Cover.png?fit=1200%2C450&quality=100&ssl=1&resize=1050%2C600 3x"},"classes":[]}],"jetpack_featured_media_url":"https:\/\/i0.wp.com\/insightcrime.org\/wp-content\/uploads\/2020\/03\/preocupantes-cifras-de-deforestacion-de-bosques-en-colombia-741362.jpg?fit=350%2C250&quality=100&ssl=1","_links":{"self":[{"href":"https:\/\/insightcrime.org\/es\/wp-json\/wp\/v2\/posts\/114140","targetHints":{"allow":["GET"]}}],"collection":[{"href":"https:\/\/insightcrime.org\/es\/wp-json\/wp\/v2\/posts"}],"about":[{"href":"https:\/\/insightcrime.org\/es\/wp-json\/wp\/v2\/types\/post"}],"author":[{"embeddable":true,"href":"https:\/\/insightcrime.org\/es\/wp-json\/wp\/v2\/users\/222"}],"replies":[{"embeddable":true,"href":"https:\/\/insightcrime.org\/es\/wp-json\/wp\/v2\/comments?post=114140"}],"version-history":[{"count":6,"href":"https:\/\/insightcrime.org\/es\/wp-json\/wp\/v2\/posts\/114140\/revisions"}],"predecessor-version":[{"id":291145,"href":"https:\/\/insightcrime.org\/es\/wp-json\/wp\/v2\/posts\/114140\/revisions\/291145"}],"wp:featuredmedia":[{"embeddable":true,"href":"https:\/\/insightcrime.org\/es\/wp-json\/wp\/v2\/media\/114447"}],"wp:attachment":[{"href":"https:\/\/insightcrime.org\/es\/wp-json\/wp\/v2\/media?parent=114140"}],"wp:term":[{"taxonomy":"category","embeddable":true,"href":"https:\/\/insightcrime.org\/es\/wp-json\/wp\/v2\/categories?post=114140"},{"taxonomy":"post_tag","embeddable":true,"href":"https:\/\/insightcrime.org\/es\/wp-json\/wp\/v2\/tags?post=114140"},{"taxonomy":"newspack_spnsrs_tax","embeddable":true,"href":"https:\/\/insightcrime.org\/es\/wp-json\/wp\/v2\/newspack_spnsrs_tax?post=114140"},{"taxonomy":"author","embeddable":true,"href":"https:\/\/insightcrime.org\/es\/wp-json\/wp\/v2\/coauthors?post=114140"}],"curies":[{"name":"wp","href":"https:\/\/api.w.org\/{rel}","templated":true}]}}