{"id":117319,"date":"2020-04-30T10:56:07","date_gmt":"2020-04-30T15:56:07","guid":{"rendered":"https:\/\/insightcrime.org\/?p=117319"},"modified":"2023-09-29T14:44:54","modified_gmt":"2023-09-29T19:44:54","slug":"violencia-pandillas-el-salvador","status":"publish","type":"post","link":"https:\/\/insightcrime.org\/es\/noticias\/analisis\/violencia-pandillas-el-salvador\/","title":{"rendered":"Ola de violencia desmiente logros de seguridad en El Salvador"},"content":{"rendered":"\n<p class=\"wp-block-paragraph\">El presidente de El Salvador ha se\u00f1alado a las pandillas como responsables del reciente aumento en las cifras de homicidios, lo que vuelve a confirmar la capacidad que tienen la MS13 y las dos facciones del Barrio 18 de revertir la curva de homicidios y tirar por la borda la versi\u00f3n de que el gobierno es el art\u00edfice de un pa\u00eds m\u00e1s seguro.<\/p>\n\n\n\n<p class=\"wp-block-paragraph\">Desde el 24 hasta el 27 de abril, El Salvador registr\u00f3 76 homicidios, o 19 muertes violentas diarias,&nbsp;<a href=\"https:\/\/www.elsalvador.com\/noticias\/nacional\/fiscalia-policia-homicidios-cuarentena-pandemia-covid-19\/709781\/2020\/\" target=\"_blank\" rel=\"noopener\">seg\u00fan El Diario de Hoy<\/a>. Ese n\u00famero de homicidios est\u00e1 muy por encima del promedio de 3,5 muertes diarias <a href=\"https:\/\/www.efe.com\/efe\/america\/portada\/la-cifra-de-homicidios-baja-un-25-en-2019-el-salvador\/20000064-3949527\" target=\"_blank\" rel=\"noopener\">registrado<\/a> en lo que iba del a\u00f1o. De continuar la escalada, el pa\u00eds podr\u00eda ver revertida la tendencia a la baja que hay desde 2015. El 28 y 29 de abril, no obstante, las cifras empezaron a descender de nuevo.<\/p>\n\n\n\n<p class=\"wp-block-paragraph\">La ola de homicidios , que se presenta en medio del <a href=\"https:\/\/www.dw.com\/es\/presidente-salvadore%C3%B1o-ordena-aislar-pueblo-costero\/a-53170463\" target=\"_blank\" rel=\"noopener\">cierre casi total<\/a>&nbsp;del pa\u00eds y del despliegue masivo de polic\u00eda y ej\u00e9rcito para hacer cumplir la cuarentena por coronavirus, llev\u00f3 al presidente Nayib Bukele a&nbsp;<a href=\"https:\/\/cnnespanol.cnn.com\/video\/bukele-uso-de-la-fuerza-letal-autorizado-pandillas-maras-policia-ejercito-merlin-delcid-pkg\/\" target=\"_blank\" rel=\"noopener\">tomar medidas dr\u00e1sticas<\/a>&nbsp;contra las pandillas. El mandatario autoriz\u00f3 el uso de \u201cfuerza letal\u201d contra los pandilleros, de quienes dice que se aprovecharon que las fuerzas de seguridad est\u00e1n ocupadas en la respuesta para contener el virus.<\/p>\n\n\n\n<p class=\"wp-block-paragraph\"><span style=\"color: #993300;\"><strong>&nbsp; &nbsp; &nbsp;VEA TAMBI\u00c9N:<\/strong><\/span> <a href=\"https:\/\/es.insightcrime.org\/noticias-sobre-crimen-organizado-en-el-salvador\/\" target=\"_blank\" rel=\"noopener\">Noticias y perfil de El Salvador<\/a><\/p>\n\n\n\n<p class=\"wp-block-paragraph\">\u201cLa polic\u00eda y las fuerzas armadas deber\u00e1n priorizar el resguardo de sus vidas, de sus compa\u00f1eros y de los ciudadanos honrados\u201d,&nbsp;<a href=\"https:\/\/twitter.com\/nayibbukele\/status\/1254511978544013312?s=20\" target=\"_blank\" rel=\"noopener\">escribi\u00f3<\/a>&nbsp;en un trino en Twitter. \u201cEl uso de la fuerza letal est\u00e1 autorizado para defensa propia o para la defensa de la vida de los salvadore\u00f1os\u201d.<\/p>\n\n\n\n<p class=\"wp-block-paragraph\">Las fuerzas de seguridad tambi\u00e9n implantaron <a href=\"https:\/\/www.bbc.com\/mundo\/noticias-america-latina-52450557\" target=\"_blank\" rel=\"noopener\">medidas de l\u00ednea dura<\/a>&nbsp;contra los pandilleros en prisi\u00f3n, para quienes ordenaron aislamiento total. El director general de centros penales Osiris Luna Meza&nbsp;<a href=\"https:\/\/twitter.com\/OsirisLunaMeza\/status\/1254599806158278658?s=20\" target=\"_blank\" rel=\"noopener\">public\u00f3 im\u00e1genes<\/a>&nbsp;donde se ve a pandilleros api\u00f1ados en masa y con las cabezas agachadas, las cuales han recibido una avalancha de cr\u00edticas desde su publicaci\u00f3n. Tambi\u00e9n se mezcl\u00f3 a las miembros de las pandillas rivales en celdas comunes.<\/p>\n\n\n<div class=\"wp-block-image\">\n<figure class=\"aligncenter is-resized\"><img data-recalc-dims=\"1\" loading=\"lazy\" decoding=\"async\" src=\"https:\/\/i0.wp.com\/insightcrime.org\/wp-content\/uploads\/2020\/04\/MarasES.jpg?resize=696%2C464&#038;quality=100&#038;ssl=1\" alt=\"\" class=\"wp-image-117342\" height=\"464\" width=\"696\" srcset=\"https:\/\/i0.wp.com\/insightcrime.org\/wp-content\/uploads\/2020\/04\/MarasES.jpg?w=1280&amp;quality=100&amp;ssl=1 1280w, https:\/\/i0.wp.com\/insightcrime.org\/wp-content\/uploads\/2020\/04\/MarasES.jpg?resize=300%2C200&amp;quality=100&amp;ssl=1 300w, https:\/\/i0.wp.com\/insightcrime.org\/wp-content\/uploads\/2020\/04\/MarasES.jpg?resize=768%2C512&amp;quality=100&amp;ssl=1 768w, https:\/\/i0.wp.com\/insightcrime.org\/wp-content\/uploads\/2020\/04\/MarasES.jpg?resize=1024%2C682&amp;quality=100&amp;ssl=1 1024w, https:\/\/i0.wp.com\/insightcrime.org\/wp-content\/uploads\/2020\/04\/MarasES.jpg?resize=696%2C464&amp;quality=100&amp;ssl=1 696w, https:\/\/i0.wp.com\/insightcrime.org\/wp-content\/uploads\/2020\/04\/MarasES.jpg?resize=1068%2C712&amp;quality=100&amp;ssl=1 1068w, https:\/\/i0.wp.com\/insightcrime.org\/wp-content\/uploads\/2020\/04\/MarasES.jpg?resize=630%2C420&amp;quality=100&amp;ssl=1 630w, https:\/\/i0.wp.com\/insightcrime.org\/wp-content\/uploads\/2020\/04\/MarasES.jpg?w=370&amp;quality=100&amp;ssl=1 370w, https:\/\/i0.wp.com\/insightcrime.org\/wp-content\/uploads\/2020\/04\/MarasES.jpg?w=400&amp;quality=100&amp;ssl=1 400w\" sizes=\"auto, (max-width: 696px) 100vw, 696px\" \/><\/figure>\n<\/div>\n\n\n<h3 class=\"wp-block-heading\">An\u00e1lisis de InSight Crime<\/h3>\n\n\n\n<p class=\"wp-block-paragraph\">Con el alza s\u00fabita en los homicidios en El Salvador queda claro que las pandillas del pa\u00eds conservan la capacidad de orquestar bajas y subidas de asesinatos seg\u00fan convenga a sus intereses estrat\u00e9gicos, y que las pretensiones de Bukele sobre los avances en materia de seguridad dependen en en gran medida de la buena voluntad de los pandilleros.<\/p>\n\n\n\n<p class=\"wp-block-paragraph\">Un oficial de la Polic\u00eda Nacional Civil que est\u00e1 enterado de las discusiones sobre las medidas de emergencia por el coronavirus declar\u00f3 a InSight Crime que los homicidios recientes se dieron tras las \u00f3rdenes de los jefes de las pandillas en prisi\u00f3n. Esto pone en duda las <a href=\"https:\/\/www.efe.com\/efe\/america\/sociedad\/bukele-anuncia-que-continuara-estado-de-emergencia-en-carceles-el-salvador\/20000013-4017936\" target=\"_blank\" rel=\"noopener\">afirmaciones del gobierno<\/a>&nbsp;sobre su control de la prisiones y pone en tela de juicio si Bukele ha cumplido una de sus principales metas de seguridad:<a href=\"https:\/\/insightcrime.org\/news\/analysis\/el-salvador-flirts-with-mano-dura-security-policies-again\/\" target=\"_blank\" rel=\"noopener\">&nbsp;el corte de comunicaciones<\/a>&nbsp;entre los jefes de pandillas en prisi\u00f3n y sus miembros en las calles.<\/p>\n\n\n\n<p class=\"wp-block-paragraph\">La mezcla de pandilleros de la MS13 y el Barrio 18 en las mismas celdas puede incitar m\u00e1s violencia en las c\u00e1rceles y en las calles. Un supuesto miembro del Barrio 18 enmascarado dijo en un video que&nbsp;\u201ccon estas acciones van a llevar al pa\u00eds al caos\u201d, seg\u00fan <a href=\"https:\/\/apnews.com\/d8643205d614d11d413f655d49a0487b\" target=\"_blank\" rel=\"noopener\">report\u00f3 AP<\/a>.<\/p>\n\n\n\n<p class=\"wp-block-paragraph\">En 2015, algunos l\u00edderes pandilleros fueron <a href=\"https:\/\/insightcrime.org\/news\/analysis\/assessing-el-salvador-gangs-in-a-post-truce-context\/\" target=\"_blank\" rel=\"noopener\">retornados<\/a> a la prisi\u00f3n de m\u00e1xima seguridad del pa\u00eds para mostrar que la tregua negociada a\u00f1os antes entre el gobierno y las pandillas hab\u00eda quedado sin efecto. Las autoridades, sin embargo, hab\u00edan evitado mezclar a miembros de diferentes grupos en los mismos recintos. De acuerdo con El Faro, las pandillas han estado <a href=\"https:\/\/elfaro.net\/es\/202004\/el_salvador\/24349\/Piezas-para-entender-la-s%C3%BAbita-alza-de-homicidios.htm\" target=\"_blank\" rel=\"noopener\">separadas<\/a> en las c\u00e1rceles salvadore\u00f1as desde 2004.<\/p>\n\n\n\n<p class=\"wp-block-paragraph\">La pandemia tambi\u00e9n ha debilitado las<a href=\"https:\/\/insightcrime.org\/news\/analysis\/gang-truce-behind-el-salvador-historic-murder-drop\/\" target=\"_blank\" rel=\"noopener\">&nbsp;afirmaciones<\/a>&nbsp;de Bukele de que la presencia del ej\u00e9rcito y la polic\u00eda en las calles ha arrebatado varias zonas al control de las pandillas y es la causa del descenso de los homicidios. La MS13, de hecho, ha sido la que ha impuesto la cuarentena en ciertos sectores, seg\u00fan entrevistas de InSight Crime e <a href=\"https:\/\/www.elperiodico.com\/es\/internacional\/20200401\/coronavirus-pandillas-el-salvador-toque-queda-7912943\" target=\"_blank\" rel=\"noopener\">informaci\u00f3n publicada en varios medios<\/a>. El fiscal general incluso&nbsp;<a href=\"https:\/\/www.elsalvador.com\/noticias\/nacional\/fiscalia-general-coronavirus-pandillas\/701867\/2020\/\" target=\"_blank\" rel=\"noopener\">abri\u00f3 una investigaci\u00f3n<\/a>&nbsp;por <a href=\"https:\/\/www.latimes.com\/espanol\/california\/articulo\/2020-04-09\/en-el-salvador-las-pandillas-vigilan-el-cumplimiento-de-la-cuarentena-con-bates-de-beisbol\" target=\"_blank\" rel=\"noopener\">videos que circularon<\/a>&nbsp;en las redes sociales, donde se ve\u00eda a los pandilleros golpeando a personas se\u00f1aladas de haber incumplido las reglas de la cuarentena.<\/p>\n\n\n\n<p class=\"wp-block-paragraph\"><span style=\"color: #993300;\"><strong>&nbsp; &nbsp; &nbsp;VEA TAMBI\u00c9N:<\/strong><\/span> <a href=\"https:\/\/es.insightcrime.org\/noticias\/analisis\/coronavirus-gobernanza-criminal-america-latina\/\" target=\"_blank\" rel=\"noopener\">Implicaciones del coronavirus para la gobernanza criminal<\/a><\/p>\n\n\n\n<p class=\"wp-block-paragraph\">En este rompecabezas falta la raz\u00f3n por la que las pandillas desencadenaron el alza reciente de homicidios. Una explicaci\u00f3n plausible es que buscan sembrar el temor para obligar a los residentes a soltar los pagos de cuotas extorsivas. Un investigador de la Polic\u00eda <a href=\"https:\/\/elfaro.net\/es\/202004\/el_salvador\/24349\/Piezas-para-entender-la-s%C3%BAbita-alza-de-homicidios.htm\" target=\"_blank\" rel=\"noopener\">entrevistado por El Faro<\/a>&nbsp;se\u00f1al\u00f3 que los pandilleros se est\u00e1n desesperando en medio de la pandemia del coronavirus por falta de ingresos. La cadena de homicidios, afirm\u00f3, fue un \u201cllamado de atenci\u00f3n para decir que siguen all\u00ed, con el mismo poder y control del territorio\u201d.<\/p>\n\n\n\n<p class=\"wp-block-paragraph\">Jose Miguel Cruz,&nbsp;profesor de la Universidad Internacional de Florida y especialista en la violencia de pandillas en El Salvador,&nbsp;hab\u00eda <a href=\"https:\/\/es.insightcrime.org\/noticias\/analisis\/extorsion-pandemia-violencia\/\" target=\"_blank\" rel=\"noopener\">advertido <\/a>que los grupos criminales que dependen en buena parte de la extorsi\u00f3n, como las pandillas, intensificar\u00edan la violencia para asegurar sus ganancias en esta emergencia sanitaria.<\/p>\n\n\n\n<p class=\"wp-block-paragraph\">La reciente tranquilidad que hab\u00eda gozado El Salvador y que <a href=\"https:\/\/www.europapress.es\/internacional\/noticia-bukele-celebra-jornada-cero-muertos-salvador-coronavirus-violencia-20200421160710.html\" target=\"_blank\" rel=\"noopener\">Bukele pregonaba<\/a> \u2014con <a href=\"https:\/\/elfaro.net\/es\/202004\/el_salvador\/24349\/Piezas-para-entender-la-s%C3%BAbita-alza-de-homicidios.htm\" target=\"_blank\" rel=\"noopener\">bajas hasta de<\/a> 2,5 diarios\u2014 sin duda se ha roto. Por ahora, gobierno y pandillas&nbsp;vuelven a estar en pie de guerra.<\/p>\n","protected":false},"excerpt":{"rendered":"<p>El presidente de El Salvador ha se\u00f1alado a las pandillas del pa\u00eds del derramamiento de sangre que se ha extendido por varios d\u00edas, lo que pone de relieve la capacidad que tienen las pandillas de revertir la curva de homicidios y desmentir la versi\u00f3n de que el gobierno es el art\u00edfice de un pa\u00eds m\u00e1s seguro.<\/p>\n","protected":false},"author":83,"featured_media":76106,"comment_status":"closed","ping_status":"closed","sticky":false,"template":"","format":"standard","meta":{"newspack_ads_suppress_ads":false,"newspack_popups_has_disabled_popups":false,"newspack_sponsor_sponsorship_scope":"","newspack_sponsor_native_byline_display":"inherit","newspack_sponsor_native_category_display":"inherit","newspack_sponsor_underwriter_style":"inherit","newspack_sponsor_underwriter_placement":"inherit","_EventAllDay":false,"_EventTimezone":"","_EventStartDate":"","_EventEndDate":"","_EventStartDateUTC":"","_EventEndDateUTC":"","_EventShowMap":false,"_EventShowMapLink":false,"_EventURL":"","_EventCost":"","_EventCostDescription":"","_EventCurrencySymbol":"","_EventCurrencyCode":"","_EventCurrencyPosition":"","_EventDateTimeSeparator":"","_EventTimeRangeSeparator":"","_EventOrganizerID":[],"_EventVenueID":[],"_OrganizerEmail":"","_OrganizerPhone":"","_OrganizerWebsite":"","_VenueAddress":"","_VenueCity":"","_VenueCountry":"","_VenueProvince":"","_VenueState":"","_VenueZip":"","_VenuePhone":"","_VenueURL":"","_VenueStateProvince":"","_VenueLat":"","_VenueLng":"","_VenueShowMap":false,"_VenueShowMapLink":false,"_newspack_byline_active":false,"_newspack_byline":"","newspack_hide_updated_date":false,"newspack_show_updated_date":false,"newspack_featured_image_position":"","newspack_post_subtitle":"","newspack_article_summary_title":"Overview:","newspack_article_summary":"","_jetpack_memberships_contains_paid_content":false,"footnotes":""},"categories":[340],"tags":[375,3467,1540,1500],"newspack_spnsrs_tax":[],"coauthors":[3725,3845],"class_list":["post-117319","post","type-post","status-publish","format-standard","has-post-thumbnail","hentry","category-analisis","tag-barrio-18-grupo","tag-coronavirus-y-crimen-organizado","tag-el-salvador-pais","tag-ms13-es","entry"],"parsely":{"version":"1.1.0","canonical_url":"https:\/\/insightcrime.org\/es\/noticias\/analisis\/violencia-pandillas-el-salvador\/","smart_links":{"inbound":0,"outbound":0},"traffic_boost_suggestions_count":0,"meta":{"@context":"https:\/\/schema.org","@type":"NewsArticle","headline":"Ola de violencia desmiente logros de seguridad en El Salvador","url":"http:\/\/insightcrime.org\/es\/noticias\/analisis\/violencia-pandillas-el-salvador\/","mainEntityOfPage":{"@type":"WebPage","@id":"http:\/\/insightcrime.org\/es\/noticias\/analisis\/violencia-pandillas-el-salvador\/"},"thumbnailUrl":"https:\/\/i0.wp.com\/insightcrime.org\/wp-content\/uploads\/2017\/12\/07-12-2017-El-Salvador-MS13.jpg?resize=150%2C150&quality=100&ssl=1","image":{"@type":"ImageObject","url":"https:\/\/i0.wp.com\/insightcrime.org\/wp-content\/uploads\/2017\/12\/07-12-2017-El-Salvador-MS13.jpg?fit=353%2C250&quality=100&ssl=1"},"articleSection":"An\u00e1lisis","author":[{"@type":"Person","name":"H\u00e9ctor Silva \u00c1valos"},{"@type":"Person","name":"Seth Robbins"}],"creator":["H\u00e9ctor Silva \u00c1valos","Seth Robbins"],"publisher":{"@type":"Organization","name":"InSight Crime","logo":"https:\/\/insightcrime.org\/wp-content\/uploads\/2023\/08\/logo.png"},"keywords":["barrio 18","covid y crimen","el salvador","ms13"],"dateCreated":"2020-04-30T15:56:07Z","datePublished":"2020-04-30T15:56:07Z","dateModified":"2023-09-29T19:44:54Z"},"rendered":"<meta name=\"parsely-title\" content=\"Ola de violencia desmiente logros de seguridad en El Salvador\" \/>\n<meta name=\"parsely-link\" content=\"http:\/\/insightcrime.org\/es\/noticias\/analisis\/violencia-pandillas-el-salvador\/\" \/>\n<meta name=\"parsely-type\" content=\"post\" \/>\n<meta name=\"parsely-image-url\" content=\"https:\/\/i0.wp.com\/insightcrime.org\/wp-content\/uploads\/2017\/12\/07-12-2017-El-Salvador-MS13.jpg?resize=150%2C150&amp;quality=100&amp;ssl=1\" \/>\n<meta name=\"parsely-pub-date\" content=\"2020-04-30T15:56:07Z\" \/>\n<meta name=\"parsely-section\" content=\"An\u00e1lisis\" \/>\n<meta name=\"parsely-tags\" content=\"barrio 18,covid y crimen,el salvador,ms13\" \/>\n<meta name=\"parsely-author\" content=\"H\u00e9ctor Silva \u00c1valos\" \/>\n<meta name=\"parsely-author\" content=\"Seth Robbins\" \/>","tracker_url":"https:\/\/cdn.parsely.com\/keys\/insightcrime.org\/p.js"},"jetpack_sharing_enabled":true,"jetpack-related-posts":[{"id":173685,"url":"https:\/\/insightcrime.org\/es\/noticias\/pandillas-elsalvador-envian-mensaje-sangre\/","url_meta":{"origin":117319,"position":0},"title":"Pandillas de El Salvador env\u00edan un mensaje de sangre","author":"Seth Robbins","date":"16 de diciembre de 2021","format":false,"excerpt":"Aunque seg\u00fan todas las evidencias El Salvador registrar\u00e1 otro r\u00e9cord en el descenso de los homicidios este a\u00f1o, hace pocas semanas el pa\u00eds se vio sacudido por una oleada de homicidios que dur\u00f3 tres d\u00edas, un sangriento recordatorio de que la paz reci\u00e9n alcanzada avanza sobre terreno quebradizo.","rel":"","context":"En \u00abNoticias\u00bb","block_context":{"text":"Noticias","link":"https:\/\/insightcrime.org\/es\/category\/noticias\/"},"img":{"alt_text":"El-Salvador-Pandillas-Homicidios","src":"https:\/\/i0.wp.com\/insightcrime.org\/wp-content\/uploads\/2021\/12\/El-Salvador-Homicides-Soldiers-Streets.png?fit=1200%2C675&quality=100&ssl=1&resize=350%2C200","width":350,"height":200,"srcset":"https:\/\/i0.wp.com\/insightcrime.org\/wp-content\/uploads\/2021\/12\/El-Salvador-Homicides-Soldiers-Streets.png?fit=1200%2C675&quality=100&ssl=1&resize=350%2C200 1x, https:\/\/i0.wp.com\/insightcrime.org\/wp-content\/uploads\/2021\/12\/El-Salvador-Homicides-Soldiers-Streets.png?fit=1200%2C675&quality=100&ssl=1&resize=525%2C300 1.5x, https:\/\/i0.wp.com\/insightcrime.org\/wp-content\/uploads\/2021\/12\/El-Salvador-Homicides-Soldiers-Streets.png?fit=1200%2C675&quality=100&ssl=1&resize=700%2C400 2x, https:\/\/i0.wp.com\/insightcrime.org\/wp-content\/uploads\/2021\/12\/El-Salvador-Homicides-Soldiers-Streets.png?fit=1200%2C675&quality=100&ssl=1&resize=1050%2C600 3x"},"classes":[]},{"id":319239,"url":"https:\/\/insightcrime.org\/es\/noticias\/video-estan-justificadas-las-declaraciones-del-presidente-bukele-sobre-los-logros-en-seguridad\/","url_meta":{"origin":117319,"position":1},"title":"Video: \u00bfEst\u00e1n justificadas las declaraciones del presidente Bukele sobre los logros en seguridad?","author":"Deborah Bonello","date":"3 de septiembre de 2025","format":false,"excerpt":"El presidente de El Salvador, Nayib Bukele, est\u00e1 celebrando mil d\u00edas sin homicidios desde que asumi\u00f3 el poder en 2019. Pero, \u00bfqu\u00e9 significa exactamente esto? \u00bfExisten razones para dudar de las cifras en un pa\u00eds que alguna vez estuvo dominado por pandillas como la MS13 y el Barrio 18? Alex\u2026","rel":"","context":"En \u00abNoticias\u00bb","block_context":{"text":"Noticias","link":"https:\/\/insightcrime.org\/es\/category\/noticias\/"},"img":{"alt_text":"","src":"https:\/\/i0.wp.com\/insightcrime.org\/wp-content\/uploads\/2025\/09\/El-Salvador-1.png?fit=350%2C250&quality=100&ssl=1&resize=350%2C200","width":350,"height":200},"classes":[]},{"id":181042,"url":"https:\/\/insightcrime.org\/es\/noticias\/ola-homicida-pandillas-conmociona-gobierno-el-salvador\/","url_meta":{"origin":117319,"position":2},"title":"Ola homicida de pandillas sacude a gobierno de El Salvador","author":"Alex Papadovassilakis","date":"28 de marzo de 2022","format":false,"excerpt":"Una ola de asesinatos in\u00e9dita desde los d\u00edas de la guerra civil en El Salvador fue el mensaje f\u00fanebre de las pandillas del pa\u00eds, en el idioma que usan para pronunciarse, hacia el gobierno.","rel":"","context":"En \u00abNoticias\u00bb","block_context":{"text":"Noticias","link":"https:\/\/insightcrime.org\/es\/category\/noticias\/"},"img":{"alt_text":"Fuerzas de seguridad de El Salvador en guardia","src":"https:\/\/i0.wp.com\/insightcrime.org\/wp-content\/uploads\/2022\/03\/ES-Spree-1.jpeg?fit=350%2C250&quality=100&ssl=1&resize=350%2C200","width":350,"height":200},"classes":[]},{"id":249309,"url":"https:\/\/insightcrime.org\/es\/investigaciones\/camino-hacia-regimen-excepcion-el-salvador\/","url_meta":{"origin":117319,"position":3},"title":"El camino hacia el r\u00e9gimen de excepci\u00f3n en El Salvador","author":"Alex Papadovassilakis","date":"6 de diciembre de 2023","format":false,"excerpt":"El m\u00e1s reciente intento de hacer frente a las pandillas \u2014denominado \u201cguerra contra las pandillas\u201d por el presidente de El Salvador, Nayib Bukele\u2014 se ha materializado en otra feroz ofensiva de seguridad. Tras una atroz masacre perpetrada por las bandas en marzo de 2022, su gobierno decret\u00f3 el r\u00e9gimen de\u2026","rel":"","context":"En \u00abInvestigaciones\u00bb","block_context":{"text":"Investigaciones","link":"https:\/\/insightcrime.org\/es\/category\/investigaciones\/"},"img":{"alt_text":"","src":"https:\/\/i0.wp.com\/insightcrime.org\/wp-content\/uploads\/2023\/11\/El-Salvador-Cover-Cap-2-Dic-2023.jpg?fit=1200%2C576&quality=100&ssl=1&resize=350%2C200","width":350,"height":200,"srcset":"https:\/\/i0.wp.com\/insightcrime.org\/wp-content\/uploads\/2023\/11\/El-Salvador-Cover-Cap-2-Dic-2023.jpg?fit=1200%2C576&quality=100&ssl=1&resize=350%2C200 1x, https:\/\/i0.wp.com\/insightcrime.org\/wp-content\/uploads\/2023\/11\/El-Salvador-Cover-Cap-2-Dic-2023.jpg?fit=1200%2C576&quality=100&ssl=1&resize=525%2C300 1.5x, https:\/\/i0.wp.com\/insightcrime.org\/wp-content\/uploads\/2023\/11\/El-Salvador-Cover-Cap-2-Dic-2023.jpg?fit=1200%2C576&quality=100&ssl=1&resize=700%2C400 2x, https:\/\/i0.wp.com\/insightcrime.org\/wp-content\/uploads\/2023\/11\/El-Salvador-Cover-Cap-2-Dic-2023.jpg?fit=1200%2C576&quality=100&ssl=1&resize=1050%2C600 3x"},"classes":[]},{"id":206347,"url":"https:\/\/insightcrime.org\/es\/noticias\/costo-desconocido-guerra-antipandillas-salvador\/","url_meta":{"origin":117319,"position":4},"title":"\u00bfCu\u00e1l es el verdadero costo de la guerra antipandillas en El Salvador?","author":"Chris Dalby","date":"6 de diciembre de 2022","format":false,"excerpt":"La escalada de la campa\u00f1a antipandillas en la ciudad de Soyapango, centro de El Salvador, ha suscitado serios interrogantes sobre si est\u00e1 cumpliendo el prop\u00f3sito de erradicar las pandillas y cu\u00e1les ser\u00e1n las verdaderas intenciones del presidente Nayib Bukele.","rel":"","context":"En \u00abNoticias\u00bb","block_context":{"text":"Noticias","link":"https:\/\/insightcrime.org\/es\/category\/noticias\/"},"img":{"alt_text":"Arribo de soldados a Soyapango como parte de una arremetida del gobierno contra las pandillas","src":"https:\/\/i0.wp.com\/insightcrime.org\/wp-content\/uploads\/2022\/12\/mw-720-1-1.jpg?fit=350%2C250&quality=100&ssl=1&resize=350%2C200","width":350,"height":200},"classes":[]},{"id":141258,"url":"https:\/\/insightcrime.org\/es\/noticias\/pactos-pandillas-promueven-desapariciones-forzadas-salvador\/","url_meta":{"origin":117319,"position":5},"title":"Pactos con pandillas promueven desapariciones forzadas en El Salvador","author":"Katie Jones","date":"21 de abril de 2021","format":false,"excerpt":"Un informe publicado recientemente advierte que los pactos hechos entre pandillas y funcionarios p\u00fablicos para reducir los homicidios en El Salvador no hacen m\u00e1s que promover el uso de las desapariciones forzadas entre las pandillas que buscan mantener su capital pol\u00edtico y control territorial.","rel":"","context":"En \u00abNoticias\u00bb","block_context":{"text":"Noticias","link":"https:\/\/insightcrime.org\/es\/category\/noticias\/"},"img":{"alt_text":"","src":"https:\/\/i0.wp.com\/insightcrime.org\/wp-content\/uploads\/2021\/04\/Disappearance-1.jpeg?fit=350%2C250&quality=100&ssl=1&resize=350%2C200","width":350,"height":200},"classes":[]}],"jetpack_featured_media_url":"https:\/\/i0.wp.com\/insightcrime.org\/wp-content\/uploads\/2017\/12\/07-12-2017-El-Salvador-MS13.jpg?fit=353%2C250&quality=100&ssl=1","_links":{"self":[{"href":"https:\/\/insightcrime.org\/es\/wp-json\/wp\/v2\/posts\/117319","targetHints":{"allow":["GET"]}}],"collection":[{"href":"https:\/\/insightcrime.org\/es\/wp-json\/wp\/v2\/posts"}],"about":[{"href":"https:\/\/insightcrime.org\/es\/wp-json\/wp\/v2\/types\/post"}],"author":[{"embeddable":true,"href":"https:\/\/insightcrime.org\/es\/wp-json\/wp\/v2\/users\/83"}],"replies":[{"embeddable":true,"href":"https:\/\/insightcrime.org\/es\/wp-json\/wp\/v2\/comments?post=117319"}],"version-history":[{"count":6,"href":"https:\/\/insightcrime.org\/es\/wp-json\/wp\/v2\/posts\/117319\/revisions"}],"predecessor-version":[{"id":235962,"href":"https:\/\/insightcrime.org\/es\/wp-json\/wp\/v2\/posts\/117319\/revisions\/235962"}],"wp:featuredmedia":[{"embeddable":true,"href":"https:\/\/insightcrime.org\/es\/wp-json\/wp\/v2\/media\/76106"}],"wp:attachment":[{"href":"https:\/\/insightcrime.org\/es\/wp-json\/wp\/v2\/media?parent=117319"}],"wp:term":[{"taxonomy":"category","embeddable":true,"href":"https:\/\/insightcrime.org\/es\/wp-json\/wp\/v2\/categories?post=117319"},{"taxonomy":"post_tag","embeddable":true,"href":"https:\/\/insightcrime.org\/es\/wp-json\/wp\/v2\/tags?post=117319"},{"taxonomy":"newspack_spnsrs_tax","embeddable":true,"href":"https:\/\/insightcrime.org\/es\/wp-json\/wp\/v2\/newspack_spnsrs_tax?post=117319"},{"taxonomy":"author","embeddable":true,"href":"https:\/\/insightcrime.org\/es\/wp-json\/wp\/v2\/coauthors?post=117319"}],"curies":[{"name":"wp","href":"https:\/\/api.w.org\/{rel}","templated":true}]}}