{"id":117477,"date":"2020-05-05T02:36:21","date_gmt":"2020-05-05T07:36:21","guid":{"rendered":"https:\/\/insightcrime.org\/?p=117477"},"modified":"2024-09-02T11:55:34","modified_gmt":"2024-09-02T16:55:34","slug":"coronavirus-prision-argentina","status":"publish","type":"post","link":"https:\/\/insightcrime.org\/es\/noticias\/coronavirus-prision-argentina\/","title":{"rendered":"Coronavirus enciende pol\u00e9mica por prisi\u00f3n domiciliaria en Argentina"},"content":{"rendered":"\n<p class=\"wp-block-paragraph\">Los temores por la propagaci\u00f3n del coronavirus en las prisiones de Argentina han provocado protestas de reclusos y empujado a los directivos a excarcelarlos bajo la figura de prisi\u00f3n domiciliaria, una medida que ha generado controversia y debates generalizados acerca de las condiciones carcelarias en el pa\u00eds.<\/p>\n\n\n\n<p class=\"wp-block-paragraph\">Una de las protestas m\u00e1s grandes ocurri\u00f3 el 23 de abril en la prisi\u00f3n federal de Villa Devoto, que alberga la mayor poblaci\u00f3n carcelaria de la ciudad de Buenos Aires. Los manifestantes reclamaban a las autoridades medidas para protegerlos de la propagaci\u00f3n del Covid-19. Posteriormente, dos reclusos dieron <a href=\"https:\/\/www.lanacion.com.ar\/seguridad\/coronavirus-son-dos-presos-carcel-devoto-infectados-nid2358732\" target=\"_blank\" rel=\"noopener\">resultados positivos para el virus,&nbsp;<\/a>seg\u00fan <a href=\"https:\/\/www.lanacion.com.ar\/seguridad\/coronavirus-la-situacion-en-las-carceles-de-todo-el-pais-entra-en-su-fase-mas-critica-nid2358625\" target=\"_blank\" rel=\"noopener\">una nota<\/a> de La Naci\u00f3n.<\/p>\n\n\n\n<p class=\"wp-block-paragraph\">\u201cNos negamos a morir en prisi\u00f3n\u201d, <a href=\"https:\/\/www.lanacion.com.ar\/seguridad\/impactantes-imagenes-del-motin-carcel-devoto-nid2357882\" target=\"_blank\" rel=\"noopener\">dec\u00eda<\/a>&nbsp;un cartel colgado de la ventana de una celda.<\/p>\n\n\n\n<p class=\"wp-block-paragraph\"><span style=\"color: #993300;\"><strong>&nbsp; &nbsp; &nbsp;VEA TAMBI\u00c9N:<\/strong><\/span> <a href=\"https:\/\/es.insightcrime.org\/?page_id=122435\" target=\"_blank\" rel=\"noopener\">Noticias y perfiles de Argentina<\/a><\/p>\n\n\n\n<p class=\"wp-block-paragraph\">Las protestas se encendieron un d\u00eda despu\u00e9s de que un interno de otra prisi\u00f3n de Buenos Aires <a href=\"https:\/\/www.clarin.com\/policiales\/video-represion-motin-penal-florencio-varela-adentro_3_pPY3mSC-c.html\" target=\"_blank\" rel=\"noopener\">fuera hallado muerto<\/a>&nbsp;luego de que los guardias <a href=\"https:\/\/www.perfil.com\/noticias\/policia\/videos-represion-carcel-florencio-varela-1-preso-muerto.phtml\" target=\"_blank\" rel=\"noopener\">reprimieran violentamente<\/a>&nbsp;una protesta.<\/p>\n\n\n\n<p class=\"wp-block-paragraph\">En este \u00faltimo caso, los presos treparon por los muros del centro carcelario para exigir mejores condiciones sanitarias despu\u00e9s de que se confirmara que un interno estaba&nbsp;<a href=\"https:\/\/www.perfil.com\/noticias\/policia\/videos-represion-carcel-florencio-varela-1-preso-muerto.phtml\" target=\"_blank\" rel=\"noopener\">infectado de coronavirus<\/a>. En varios videos&nbsp;<a href=\"https:\/\/www.clarin.com\/policiales\/video-represion-motin-penal-florencio-varela-adentro_3_pPY3mSC-c.html\" target=\"_blank\" rel=\"noopener\">se ve c\u00f3mo disparan balas de goma<\/a>&nbsp;a los presos, mientras que estos arrojan piedras. Los des\u00f3rdenes dejaron 40 reclusos y 15 guardias heridos,&nbsp;seg\u00fan <a href=\"https:\/\/www.clarin.com\/policiales\/video-muestra-atrocidades-motin-preso-carcel-florencio-varela_0_Qu60Jy3fo.html\" target=\"_blank\" rel=\"noopener\">una nota<\/a> de Clar\u00edn.<\/p>\n\n\n\n<p class=\"wp-block-paragraph\">Dos guardias de la prisi\u00f3n fueron detenidos y hay varios m\u00e1s investigados por la muerte del recluso Federico Rey por impactos de bala, <a href=\"https:\/\/www.lanacion.com.ar\/seguridad\/detienen-dos-agentes-penitenciarios-crimen-preso-carcel-nid2359175\" target=\"_blank\" rel=\"noopener\">seg\u00fan<\/a> La Naci\u00f3n.<\/p>\n\n\n\n<p class=\"wp-block-paragraph\">Las autoridades dicen que est\u00e1n tomando <a href=\"https:\/\/www.lanacion.com.ar\/seguridad\/coronavirus-son-dos-presos-carcel-devoto-infectados-nid2358732\" target=\"_blank\" rel=\"noopener\">medidas<\/a>&nbsp;para proteger a la poblaci\u00f3n carcelaria de la infecci\u00f3n por coronavirus, haciendo pruebas a quienes presentan s\u00edntomas y entregando implementos de higiene.&nbsp;En la provincia de Santa Fe, las autoridades <a href=\"https:\/\/www.lanacion.com.ar\/seguridad\/sube-tension-carceles-santa-fe-huelga-hambre-nid2358907\" target=\"_blank\" rel=\"noopener\">reclutaron<\/a>&nbsp;personal de salud adicional para el trabajo en las prisiones.<\/p>\n\n\n\n<p class=\"wp-block-paragraph\">El gobierno tambi\u00e9n ha excarcelado a algunos prisioneros bajo la forma de prisi\u00f3n domiciliaria para reducir la sobrepoblaci\u00f3n. Por lo menos 800 presos de Buenos Aires, de grupos en riesgo frente al virus, se han beneficiado de esa medida, seg\u00fan <a href=\"https:\/\/www.lanacion.com.ar\/seguridad\/por-el-fallo-de-violini-ya-recibieron-el-beneficio-102-reclusos-nid2359027\" target=\"_blank\" rel=\"noopener\">datos oficiales<\/a>&nbsp;publicados por La Naci\u00f3n. Muchos de los excarcelados purgaban penas por delitos no violentos.<\/p>\n\n\n\n<p class=\"wp-block-paragraph\">El 30 de abril, personas en toda Argentina&nbsp;salieron a las ventanas en un <a href=\"https:\/\/www.clarin.com\/sociedad\/coronavirus-argentina-masivo-cacerolazo-distintas-ciudades-pais-excarcelaciones_0_iqXV9uoe4.html\" target=\"_blank\" rel=\"noopener\">cacerolazo<\/a>&nbsp;como protesta por la excarcelaci\u00f3n. Tambi\u00e9n una <a href=\"https:\/\/www.change.org\/p\/firm%C3%A1-para-que-noliberenalospresos-sabinafrederic-mmlosardo-victorhviolini-sergioberniarg-santicafiero-alferdez?recruiter=198509236&amp;utm_source=share_petition&amp;utm_campaign=psf_combo_share_initial&amp;utm_medium=whatsapp&amp;recruited_by_id=a269c270-863b-11e4-9678-e13bf14dabdd&amp;utm_content=washarecopy_21799735_es-AR%3Av1\" target=\"_blank\" rel=\"noopener\">petici\u00f3n<\/a>&nbsp;en l\u00ednea contra esa pol\u00edtica ha recibido m\u00e1s de 600.000 firmas.<\/p>\n\n\n\n<p class=\"wp-block-paragraph\">Unas 63.000 personas se encuentran recluidas en prisiones federales en el territorio argentino y en c\u00e1rceles de la provincia de Buenos Aires, seg\u00fan un <a href=\"http:\/\/celiv.untref.edu.ar\/descargas\/contextos-de-encierro.pdf\" target=\"_blank\" rel=\"noopener\">estudio<\/a>&nbsp;de la Universidad Nacional Tres de Febrero. Casi el 20 por ciento de esa poblaci\u00f3n se encuentra privada de la libertad por delitos de drogas.<\/p>\n\n\n\n<h3 class=\"wp-block-heading\">An\u00e1lisis de InSight Crime<\/h3>\n\n\n\n<p class=\"wp-block-paragraph\">La pandemia del coronavirus no solo ha dejado en evidencia las malas condiciones carcelarias en Argentina, sino que adem\u00e1s ha puesto en aprietos a sus jueces a la hora de ponderar los derechos de presos y v\u00edctimas.<\/p>\n\n\n\n<p class=\"wp-block-paragraph\">Despu\u00e9s de que se registraran los primeros casos de coronavirus en Argentina a comienzos de marzo, y con la prohibici\u00f3n absoluta de visitas por la <a href=\"https:\/\/www.argentina.gob.ar\/coronavirus\/aislamiento\" target=\"_blank\" rel=\"noopener\">cuarentena obligatoria<\/a>, reclusos de todo el pa\u00eds iniciaron una serie de protestas. Estas se extienden por centros carcelarios de las provincias de Buenos Aires, Corrientes, Santa Fe y <a href=\"https:\/\/www.clarin.com\/policiales\/coronavirus-argentina-motin-carcel-mendoza-reclamo-excarcelaciones-pandemia_0_1T0quwkxj.html\" target=\"_blank\" rel=\"noopener\">Mendoza<\/a>. Algunas fueron pac\u00edficas, mientras que otras se <a href=\"https:\/\/www.clarin.com\/policiales\/hacinamiento-motines-muertos-carceles-pais-rojo-vivo-coronavirus_0_UIxdXmiEn.html\" target=\"_blank\" rel=\"noopener\">tornaron violentas<\/a>, con varios presos heridos y algunos muertos.<\/p>\n\n\n\n<p class=\"wp-block-paragraph\">Se ha informado que m\u00e1s de 6.000 reclusos han entrado en huelga de hambre en prisiones de Santa Fe para exigir que los tribunales permitan a un mayor n\u00famero de presos pagar sus penas en sus casas,&nbsp;<a href=\"https:\/\/www.lanacion.com.ar\/seguridad\/sube-tension-carceles-santa-fe-huelga-hambre-nid2358907\" target=\"_blank\" rel=\"noopener\">seg\u00fan<\/a>&nbsp;La Naci\u00f3n. En Santa Fe se encuentra la ciudad de Rosario, uno de los principales <a href=\"https:\/\/es.insightcrime.org\/noticias\/analisis\/corrupcion-policial-rosario-argentina\/\" target=\"_blank\" rel=\"noopener\">centros de drogas<\/a> en Argentina.<\/p>\n\n\n\n<p class=\"wp-block-paragraph\"><span style=\"color: #993300;\"><strong>&nbsp; &nbsp; &nbsp;VEA TAMBI\u00c9N:<\/strong><\/span> <a href=\"https:\/\/es.insightcrime.org\/noticias\/analisis\/impactos-coronavirus-drogas-argentina\/\" target=\"_blank\" rel=\"noopener\">3 impactos del coronavirus en la din\u00e1mica de las drogas en Argentina<\/a><\/p>\n\n\n\n<p class=\"wp-block-paragraph\">En respuesta a las exigencias de los reclusos y a las preocupaciones de que los brotes en las c\u00e1rceles pudieran dar lugar a infecciones masivas,&nbsp;la Corte Federal de Apelaciones del pa\u00eds <a href=\"https:\/\/www.clarin.com\/policiales\/coronavirus-argentina-internas-comodoro-py-domiciliarias-presos-carceles-federales_0_ICpKAsJC5.html\" target=\"_blank\" rel=\"noopener\">recomend\u00f3<\/a>&nbsp;que se concediera prisi\u00f3n domiciliaria a presos no violentos que est\u00e9n en mayor riesgo de tener complicaciones de salud, como personas mayores, inmunodeprimidos y mujeres embarazadas.<\/p>\n\n\n\n<p class=\"wp-block-paragraph\">Aunque enviar a algunos presos a casa se contempla como la mejor opci\u00f3n en el corto plazo, muchas personas, incluyendo algunos jueces y v\u00edctimas de delitos, denunciaron que se est\u00e1 liberando a los presos sin <a href=\"https:\/\/www.clarin.com\/politica\/coronavirus-argentina-mecanismo-plan-excarcelar-6-000-presos-provincia_0_A16v-bA9v.html\" target=\"_blank\" rel=\"noopener\">mecanismos de control<\/a>&nbsp;efectivos para garantizar que s\u00ed se queden en casa.<\/p>\n\n\n\n<p class=\"wp-block-paragraph\">La rama judicial parece dividida en el tema de la prisi\u00f3n domiciliaria, pues algunos jueces <a href=\"https:\/\/www.clarin.com\/politica\/coronavirus-argentina-camarista-rechazo-liberaciones-masivas-presos-pidio-respeto-victimas-_0_fTvqNxvqA.html\" target=\"_blank\" rel=\"noopener\">alegan<\/a>&nbsp;que los condenados no deben ser enviados a sus casas por el potencial riesgo para sus v\u00edctimas. Varios defensores de las v\u00edctimas han <a href=\"https:\/\/www.clarin.com\/policiales\/coronavirus-argentina-declaran-inconstitucional-acordada-camara-casacion-penal-nacional-recomienda-prisiones-domiciliarias_0_x1ALKaX2H.html\" target=\"_blank\" rel=\"noopener\">apelado<\/a>&nbsp;la recomendaci\u00f3n de la corte federal.<\/p>\n\n\n\n<p class=\"wp-block-paragraph\">Las v\u00edctimas \u2014entre quienes se cuentan mujeres que han sobrevivido a abusos y parientes de v\u00edctimas de feminicidio\u2014 alegan estar <a href=\"https:\/\/www.clarin.com\/policiales\/violadores-femicidas-secuestradores-narcos-presos-domiciliaria-coronavirus_0_D8h6IY_eq.html\" target=\"_blank\" rel=\"noopener\">preocupados<\/a>&nbsp;por su seguridad. En algunos casos, esto ha llevado a los jueces a <a href=\"https:\/\/www.lanacion.com.ar\/seguridad\/excarcelaciones-perfiles-13-delincuentes-peligrosos-libero-juez-nid2361020\" target=\"_blank\" rel=\"noopener\">revertir<\/a>&nbsp;sus decisiones de enviar a presos a casa.<\/p>\n\n\n\n<p class=\"wp-block-paragraph\">Algunos jueces ya han <a href=\"https:\/\/www.clarin.com\/policiales\/coronavirus-argentina-internas-comodoro-py-domiciliarias-presos-carceles-federales_0_ICpKAsJC5.html\" target=\"_blank\" rel=\"noopener\">rechazado solicitudes<\/a>&nbsp;de prisi\u00f3n domiciliaria de personas privadas de la libertad por cargos de narcotr\u00e1fico.<\/p>\n\n\n\n<p class=\"wp-block-paragraph\">Un juez que habl\u00f3 con Clar\u00edn&nbsp;<a href=\"https:\/\/www.clarin.com\/politica\/coronavirus-argentina-mecanismo-plan-excarcelar-6-000-presos-provincia_0_A16v-bA9v.html\" target=\"_blank\" rel=\"noopener\">propuso<\/a>&nbsp;que una alternativa mejor que la prisi\u00f3n domiciliaria ser\u00eda crear m\u00e1s espacio para los presos en los centros penitenciarios existentes o construir nuevos centros de detenci\u00f3n en edificios que no se est\u00e9n utilizando actualmente, como escuelas, para garantizar que se hagan cumplir las medidas de distanciamiento social.<\/p>\n","protected":false},"excerpt":{"rendered":"<p>Los temores por la propagaci\u00f3n del coronavirus en las prisiones de Argentina han provocado protestas reclusos y empujado a los directivos a excarcelarlos bajo la figura de prisi\u00f3n domiciliaria, una medida que ha generado controversia y debates generalizados acerca de las condiciones carcelarias en el pa\u00eds.<\/p>\n","protected":false},"author":156,"featured_media":117357,"comment_status":"closed","ping_status":"closed","sticky":false,"template":"","format":"standard","meta":{"newspack_ads_suppress_ads":false,"newspack_popups_has_disabled_popups":false,"newspack_sponsor_sponsorship_scope":"","newspack_sponsor_native_byline_display":"inherit","newspack_sponsor_native_category_display":"inherit","newspack_sponsor_underwriter_style":"inherit","newspack_sponsor_underwriter_placement":"inherit","_EventAllDay":false,"_EventTimezone":"","_EventStartDate":"","_EventEndDate":"","_EventStartDateUTC":"","_EventEndDateUTC":"","_EventShowMap":false,"_EventShowMapLink":false,"_EventURL":"","_EventCost":"","_EventCostDescription":"","_EventCurrencySymbol":"","_EventCurrencyCode":"","_EventCurrencyPosition":"","_EventDateTimeSeparator":"","_EventTimeRangeSeparator":"","_EventOrganizerID":[],"_EventVenueID":[],"_OrganizerEmail":"","_OrganizerPhone":"","_OrganizerWebsite":"","_VenueAddress":"","_VenueCity":"","_VenueCountry":"","_VenueProvince":"","_VenueState":"","_VenueZip":"","_VenuePhone":"","_VenueURL":"","_VenueStateProvince":"","_VenueLat":"","_VenueLng":"","_VenueShowMap":false,"_VenueShowMapLink":false,"_newspack_byline_active":false,"_newspack_byline":"","newspack_hide_updated_date":false,"newspack_show_updated_date":false,"newspack_featured_image_position":"","newspack_post_subtitle":"","newspack_article_summary_title":"Overview:","newspack_article_summary":"","_jetpack_memberships_contains_paid_content":false,"footnotes":""},"categories":[759],"tags":[428,3467,450,3021],"newspack_spnsrs_tax":[],"coauthors":[4115],"class_list":["post-117477","post","type-post","status-publish","format-standard","has-post-thumbnail","hentry","category-noticias","tag-argentina-pais","tag-coronavirus-y-crimen-organizado","tag-derechos-humanos","tag-prisiones-es","entry"],"parsely":{"version":"1.1.0","canonical_url":"https:\/\/insightcrime.org\/es\/noticias\/coronavirus-prision-argentina\/","smart_links":{"inbound":0,"outbound":0},"traffic_boost_suggestions_count":0,"meta":{"@context":"https:\/\/schema.org","@type":"NewsArticle","headline":"Coronavirus enciende pol\u00e9mica por prisi\u00f3n domiciliaria en Argentina","url":"http:\/\/insightcrime.org\/es\/noticias\/coronavirus-prision-argentina\/","mainEntityOfPage":{"@type":"WebPage","@id":"http:\/\/insightcrime.org\/es\/noticias\/coronavirus-prision-argentina\/"},"thumbnailUrl":"https:\/\/i0.wp.com\/insightcrime.org\/wp-content\/uploads\/2020\/04\/Argentina-PrisonCrisisCoronavirus-Argentina-200429-Pagina12.jpeg?resize=150%2C150&quality=100&ssl=1","image":{"@type":"ImageObject","url":"https:\/\/i0.wp.com\/insightcrime.org\/wp-content\/uploads\/2020\/04\/Argentina-PrisonCrisisCoronavirus-Argentina-200429-Pagina12.jpeg?fit=350%2C250&quality=100&ssl=1"},"articleSection":"Noticias","author":[{"@type":"Person","name":"Josefina Salomon"}],"creator":["Josefina Salomon"],"publisher":{"@type":"Organization","name":"InSight Crime","logo":"https:\/\/insightcrime.org\/wp-content\/uploads\/2023\/08\/logo.png"},"keywords":["argentina","covid y crimen","derechos humanos","prisiones"],"dateCreated":"2020-05-05T07:36:21Z","datePublished":"2020-05-05T07:36:21Z","dateModified":"2024-09-02T16:55:34Z"},"rendered":"<meta name=\"parsely-title\" content=\"Coronavirus enciende pol\u00e9mica por prisi\u00f3n domiciliaria en Argentina\" \/>\n<meta name=\"parsely-link\" content=\"http:\/\/insightcrime.org\/es\/noticias\/coronavirus-prision-argentina\/\" \/>\n<meta name=\"parsely-type\" content=\"post\" \/>\n<meta name=\"parsely-image-url\" content=\"https:\/\/i0.wp.com\/insightcrime.org\/wp-content\/uploads\/2020\/04\/Argentina-PrisonCrisisCoronavirus-Argentina-200429-Pagina12.jpeg?resize=150%2C150&amp;quality=100&amp;ssl=1\" \/>\n<meta name=\"parsely-pub-date\" content=\"2020-05-05T07:36:21Z\" \/>\n<meta name=\"parsely-section\" content=\"Noticias\" \/>\n<meta name=\"parsely-tags\" content=\"argentina,covid y crimen,derechos humanos,prisiones\" \/>\n<meta name=\"parsely-author\" content=\"Josefina Salomon\" \/>","tracker_url":"https:\/\/cdn.parsely.com\/keys\/insightcrime.org\/p.js"},"jetpack_sharing_enabled":true,"jetpack-related-posts":[{"id":123139,"url":"https:\/\/insightcrime.org\/es\/news\/muertes-de-presos-se-duplicaron-en-venezuela-durante-la-pandemia\/","url_meta":{"origin":117477,"position":0},"title":"Muertes de presos se duplicaron en Venezuela durante la pandemia","author":"Unidad Investigativa de Venezuela","date":"10 de septiembre de 2020","format":false,"excerpt":"Las muertes de reclusos se han duplicado en los centros penitenciarios de Venezuela durante la pandemia por el coronavirus, una crisis que pone en evidencia c\u00f3mo la anarqu\u00eda de las prisiones del pa\u00eds favorece la violencia y la propagaci\u00f3n de enfermedades.","rel":"","context":"En \u00abNews\u00bb","block_context":{"text":"News","link":"https:\/\/insightcrime.org\/category\/news\/"},"img":{"alt_text":"","src":"https:\/\/i0.wp.com\/insightcrime.org\/wp-content\/uploads\/2020\/09\/Venezuela_Muertes-en-centros-penitenciarios-durante-la-cuarentena_InSight-Crime_08-09-2020.jpg?resize=350%2C200&quality=100&ssl=1","width":350,"height":200,"srcset":"https:\/\/i0.wp.com\/insightcrime.org\/wp-content\/uploads\/2020\/09\/Venezuela_Muertes-en-centros-penitenciarios-durante-la-cuarentena_InSight-Crime_08-09-2020.jpg?resize=350%2C200&quality=100&ssl=1 1x, https:\/\/i0.wp.com\/insightcrime.org\/wp-content\/uploads\/2020\/09\/Venezuela_Muertes-en-centros-penitenciarios-durante-la-cuarentena_InSight-Crime_08-09-2020.jpg?resize=525%2C300&quality=100&ssl=1 1.5x, https:\/\/i0.wp.com\/insightcrime.org\/wp-content\/uploads\/2020\/09\/Venezuela_Muertes-en-centros-penitenciarios-durante-la-cuarentena_InSight-Crime_08-09-2020.jpg?resize=700%2C400&quality=100&ssl=1 2x, https:\/\/i0.wp.com\/insightcrime.org\/wp-content\/uploads\/2020\/09\/Venezuela_Muertes-en-centros-penitenciarios-durante-la-cuarentena_InSight-Crime_08-09-2020.jpg?resize=1050%2C600&quality=100&ssl=1 3x"},"classes":[]},{"id":279081,"url":"https:\/\/insightcrime.org\/es\/noticias\/carceles-venezuela-siguen-fuera-control-despues-intervencion-estatal\/","url_meta":{"origin":117477,"position":1},"title":"C\u00e1rceles en Venezuela siguen fuera de control despu\u00e9s de intervenci\u00f3n estatal","author":"Unidad Investigativa de Venezuela","date":"12 de junio de 2024","format":false,"excerpt":"Pese a que las autoridades venezolanas celebraron el restablecimiento del orden carcelario, despu\u00e9s de varias operaciones para retomar el control de las prisiones \u2013en poder de l\u00edderes carcelarios, conocidos como pranes\u2013 los episodios de violencia y la crisis humanitaria del sistema penitenciario contin\u00faan.","rel":"","context":"En \u00abNoticias\u00bb","block_context":{"text":"Noticias","link":"https:\/\/insightcrime.org\/es\/category\/noticias\/"},"img":{"alt_text":"","src":"https:\/\/i0.wp.com\/insightcrime.org\/wp-content\/uploads\/2024\/06\/Huelga-pacifica-presos-Venezuela.jpg?fit=350%2C250&quality=100&ssl=1&resize=350%2C200","width":350,"height":200},"classes":[]},{"id":128074,"url":"https:\/\/insightcrime.org\/es\/news\/pranes-de-venezuela-proveedores-de-confianza-de-productos-basicos\/","url_meta":{"origin":117477,"position":2},"title":"Pranes de Venezuela: proveedores de confianza de productos b\u00e1sicos","author":"Unidad Investigativa de Venezuela","date":"16 de diciembre de 2020","format":false,"excerpt":"Varios reclusos de un centro carcelario en Venezuela escalaron un muro de la prisi\u00f3n para escapar hacia la parte del complejo donde los pranes ejercen mayor control, en un intento, seg\u00fan relataron sus familiares, para acceder a alimentos.","rel":"","context":"En \u00abNews\u00bb","block_context":{"text":"News","link":"https:\/\/insightcrime.org\/category\/news\/"},"img":{"alt_text":"","src":"https:\/\/i0.wp.com\/insightcrime.org\/wp-content\/uploads\/2020\/12\/3500.jpg?fit=350%2C250&quality=100&ssl=1&resize=350%2C200","width":350,"height":200},"classes":[]},{"id":296893,"url":"https:\/\/insightcrime.org\/es\/noticias\/masacre-carcel-ecuador-evidencia-rapida-evolucion-criminal\/","url_meta":{"origin":117477,"position":3},"title":"Masacre en c\u00e1rcel de Ecuador evidencia acelerada evoluci\u00f3n criminal","author":"Steven Dudley","date":"28 de noviembre de 2024","format":false,"excerpt":"Una reciente masacre al interior de la prisi\u00f3n m\u00e1s violenta y m\u00e1s grande de Ecuador es una se\u00f1al de que las m\u00faltiples organizaciones criminales del pa\u00eds se est\u00e1n atomizando a un ritmo acelerado a medida que se estanca la mano dura del gobierno en materia de seguridad.\u00a0\u00a0","rel":"","context":"En \u00abNoticias\u00bb","block_context":{"text":"Noticias","link":"https:\/\/insightcrime.org\/es\/category\/noticias\/"},"img":{"alt_text":"Polic\u00edas vigilan la c\u00e1rcel Litoral en Guayaquil, Ecuador luego de la masacre. Cr\u00e9dito: Jose Sanchez \/ Associated Press","src":"https:\/\/i0.wp.com\/insightcrime.org\/wp-content\/uploads\/2024\/11\/Policia-carcel-Ecuador-2024.jpg?fit=1200%2C675&quality=100&ssl=1&resize=350%2C200","width":350,"height":200,"srcset":"https:\/\/i0.wp.com\/insightcrime.org\/wp-content\/uploads\/2024\/11\/Policia-carcel-Ecuador-2024.jpg?fit=1200%2C675&quality=100&ssl=1&resize=350%2C200 1x, https:\/\/i0.wp.com\/insightcrime.org\/wp-content\/uploads\/2024\/11\/Policia-carcel-Ecuador-2024.jpg?fit=1200%2C675&quality=100&ssl=1&resize=525%2C300 1.5x, https:\/\/i0.wp.com\/insightcrime.org\/wp-content\/uploads\/2024\/11\/Policia-carcel-Ecuador-2024.jpg?fit=1200%2C675&quality=100&ssl=1&resize=700%2C400 2x, https:\/\/i0.wp.com\/insightcrime.org\/wp-content\/uploads\/2024\/11\/Policia-carcel-Ecuador-2024.jpg?fit=1200%2C675&quality=100&ssl=1&resize=1050%2C600 3x"},"classes":[]},{"id":233249,"url":"https:\/\/insightcrime.org\/es\/investigaciones\/brasil-pcc-prision-no-escapatoria\/","url_meta":{"origin":117477,"position":4},"title":"PCC: Una prisi\u00f3n de la que no hay escapatoria","author":"Steven Dudley","date":"14 de diciembre de 2020","format":false,"excerpt":"Era la noche del martes 14 de enero de 2020, despu\u00e9s del \u201cba\u00f1o de sol\u201d, cuando las autoridades de la prisi\u00f3n hallaron su cuerpo.","rel":"","context":"En \u00abInvestigaciones\u00bb","block_context":{"text":"Investigaciones","link":"https:\/\/insightcrime.org\/es\/category\/investigaciones\/"},"img":{"alt_text":"","src":"https:\/\/i0.wp.com\/insightcrime.org\/wp-content\/uploads\/2020\/12\/PCC-Chapter-2.jpg?fit=1200%2C450&quality=100&ssl=1&resize=350%2C200","width":350,"height":200,"srcset":"https:\/\/i0.wp.com\/insightcrime.org\/wp-content\/uploads\/2020\/12\/PCC-Chapter-2.jpg?fit=1200%2C450&quality=100&ssl=1&resize=350%2C200 1x, https:\/\/i0.wp.com\/insightcrime.org\/wp-content\/uploads\/2020\/12\/PCC-Chapter-2.jpg?fit=1200%2C450&quality=100&ssl=1&resize=525%2C300 1.5x, https:\/\/i0.wp.com\/insightcrime.org\/wp-content\/uploads\/2020\/12\/PCC-Chapter-2.jpg?fit=1200%2C450&quality=100&ssl=1&resize=700%2C400 2x, https:\/\/i0.wp.com\/insightcrime.org\/wp-content\/uploads\/2020\/12\/PCC-Chapter-2.jpg?fit=1200%2C450&quality=100&ssl=1&resize=1050%2C600 3x"},"classes":[]},{"id":195213,"url":"https:\/\/insightcrime.org\/es\/noticias\/sigue-busqueda-presos-brasilenos-profugos-carcel-paraguay\/","url_meta":{"origin":117477,"position":5},"title":"Contin\u00faa b\u00fasqueda de presos brasile\u00f1os pr\u00f3fugos en Paraguay","author":"Chris Dalby","date":"15 de agosto de 2022","format":false,"excerpt":"Un megaoperativo para dar con el paradero de cuatro reclusos brasile\u00f1os, luego de una fuga masiva en una prisi\u00f3n al sur de Paraguay, ha entrado en su segunda semana.","rel":"","context":"En \u00abNoticias\u00bb","block_context":{"text":"Noticias","link":"https:\/\/insightcrime.org\/es\/category\/noticias\/"},"img":{"alt_text":"La c\u00e1rcel de Misiones, donde se present\u00f3 la m\u00e1s reciente fuga en Paraguay.","src":"https:\/\/i0.wp.com\/insightcrime.org\/wp-content\/uploads\/2022\/08\/ezgif-4-e2d9d446dc-1-1.jpg?fit=350%2C250&quality=100&ssl=1&resize=350%2C200","width":350,"height":200},"classes":[]}],"jetpack_featured_media_url":"https:\/\/i0.wp.com\/insightcrime.org\/wp-content\/uploads\/2020\/04\/Argentina-PrisonCrisisCoronavirus-Argentina-200429-Pagina12.jpeg?fit=350%2C250&quality=100&ssl=1","_links":{"self":[{"href":"https:\/\/insightcrime.org\/es\/wp-json\/wp\/v2\/posts\/117477","targetHints":{"allow":["GET"]}}],"collection":[{"href":"https:\/\/insightcrime.org\/es\/wp-json\/wp\/v2\/posts"}],"about":[{"href":"https:\/\/insightcrime.org\/es\/wp-json\/wp\/v2\/types\/post"}],"author":[{"embeddable":true,"href":"https:\/\/insightcrime.org\/es\/wp-json\/wp\/v2\/users\/156"}],"replies":[{"embeddable":true,"href":"https:\/\/insightcrime.org\/es\/wp-json\/wp\/v2\/comments?post=117477"}],"version-history":[{"count":6,"href":"https:\/\/insightcrime.org\/es\/wp-json\/wp\/v2\/posts\/117477\/revisions"}],"predecessor-version":[{"id":290245,"href":"https:\/\/insightcrime.org\/es\/wp-json\/wp\/v2\/posts\/117477\/revisions\/290245"}],"wp:featuredmedia":[{"embeddable":true,"href":"https:\/\/insightcrime.org\/es\/wp-json\/wp\/v2\/media\/117357"}],"wp:attachment":[{"href":"https:\/\/insightcrime.org\/es\/wp-json\/wp\/v2\/media?parent=117477"}],"wp:term":[{"taxonomy":"category","embeddable":true,"href":"https:\/\/insightcrime.org\/es\/wp-json\/wp\/v2\/categories?post=117477"},{"taxonomy":"post_tag","embeddable":true,"href":"https:\/\/insightcrime.org\/es\/wp-json\/wp\/v2\/tags?post=117477"},{"taxonomy":"newspack_spnsrs_tax","embeddable":true,"href":"https:\/\/insightcrime.org\/es\/wp-json\/wp\/v2\/newspack_spnsrs_tax?post=117477"},{"taxonomy":"author","embeddable":true,"href":"https:\/\/insightcrime.org\/es\/wp-json\/wp\/v2\/coauthors?post=117477"}],"curies":[{"name":"wp","href":"https:\/\/api.w.org\/{rel}","templated":true}]}}