{"id":119376,"date":"2020-06-10T12:03:20","date_gmt":"2020-06-10T17:03:20","guid":{"rendered":"https:\/\/insightcrime.org\/?p=119376"},"modified":"2024-09-02T11:55:08","modified_gmt":"2024-09-02T16:55:08","slug":"el-horror-en-medio-cauca-colombia","status":"publish","type":"post","link":"https:\/\/insightcrime.org\/es\/noticias\/el-horror-en-medio-cauca-colombia\/","title":{"rendered":"Un ciclo de violencia se vive al sur del Cauca, Colombia"},"content":{"rendered":"\n<p class=\"wp-block-paragraph\">Una ola de violencia azota al suroeste del departamento colombiano del Cauca, en forma de asesinatos selectivos y grupos armados que luchan por el control de los cultivos de coca y las rutas de tr\u00e1fico. Una mezcla mortal.<\/p>\n\n\n\n<p class=\"wp-block-paragraph\">Por <a href=\"https:\/\/www.semana.com\/nacion\/articulo\/disidencias-buscan-a-reincorporados-del-partido-farc-en-argelia-casa-por-casa\/663373\" target=\"_blank\" rel=\"noopener\">segunda vez<\/a> en el transcurso de dos meses, 30 hombres <a href=\"https:\/\/www.elespectador.com\/colombia2020\/territorio\/paramilitares-llamados-disidencias-entraron-este-sabado-argelia-cauca-denuncian-comunidades-articulo-919860\" target=\"_blank\" rel=\"noopener\">ingresaron<\/a>&nbsp;al corregimiento El Plateado, zona rural del municipio de Argelia, present\u00e1ndose como miembros del grupo ex-FARC mafia Carlos Pati\u00f1o, en busca de excombatientes de las FARC casa por casa.<\/p>\n\n\n\n<p class=\"wp-block-paragraph\">Al igual que la incursi\u00f3n que hab\u00edan realizado el pasado 11 de abril en ese mismo municipio, los miembros de la estructura disidente han buscado amedrentar a aquellos que se han incorporado al Proceso de Paz, as\u00ed como fortalecer su presencia sobre esta regi\u00f3n del r\u00edo Micay.<\/p>\n\n\n\n<p class=\"wp-block-paragraph\">El 18 de mayo fue asesinado Maximiliano Le\u00f3n, un desmovilizado de la antigua guerrilla y al cual se refiri\u00f3 el ahora partido Fuerza Alternativa Revolucionaria del Com\u00fan, a trav\u00e9s de un <a href=\"https:\/\/twitter.com\/PartidoFARC\/status\/1262554767370399746\" target=\"_blank\" rel=\"noopener\">comunicado<\/a>. El partido pol\u00edtico relacion\u00f3 su muerte con la presencia de este mismo grupo, Carlos Pati\u00f1o, en Argelia.<\/p>\n\n\n\n<p class=\"wp-block-paragraph\"><span style=\"background-color: #ffffff; color: #800000;\"><strong>VEA TAMBI\u00c9N:<\/strong><\/span> <a href=\"https:\/\/es.insightcrime.org\/noticias\/analisis\/cauca-colombia-lideres-sociales-asesinados\/\" target=\"_blank\" rel=\"noopener\">Cauca: radiograf\u00eda del asesinato de l\u00edderes sociales en Colombia<\/a><\/p>\n\n\n\n<p class=\"wp-block-paragraph\">En este mismo municipio y en El Tambo, el Frente Jos\u00e9 Mar\u00eda Becerra del ELN y este grupo ex-FARC mafia se debaten entre las balas. <a href=\"https:\/\/caracol.com.co\/emisora\/2020\/03\/06\/popayan\/1583455424_078879.html\" target=\"_blank\" rel=\"noopener\">Enfrentamientos<\/a> que datan de marzo de este a\u00f1o desataron una ola de 700 personas desplazadas y <a href=\"https:\/\/www.youtube.com\/watch?v=2gl3EsVTnQI\" target=\"_blank\" rel=\"noopener\">2 personas muertas<\/a>&nbsp;pertenecientes al grupo Carlos Pati\u00f1o.<\/p>\n\n\n\n<p class=\"wp-block-paragraph\"><span style=\"background-color: #ffffff;\">Ahora bien, aunque las ex-FARC mafia mantienen una posici\u00f3n m\u00e1s fuerte en Argelia, y, por el contrario, el ELN en El Tambo, ambos municipios han sido testigo no solo de esos <a style=\"background-color: #ffffff;\" href=\"https:\/\/www.elpais.com.co\/judicial\/disidentes-atemorizan-en-argelia-cauca-buscando-a-excombatientes-de-las-farc.html\" target=\"_blank\" rel=\"noopener\">enfrentamientos<\/a>, sino de choques con el Ej\u00e9rcito en los meses siguientes.<\/span><\/p>\n\n\n\n<p class=\"wp-block-paragraph\">En particular, la regi\u00f3n del sur del departamento vive una dif\u00edcil situaci\u00f3n por culpa del narcotr\u00e1fico y la constante disputa entre grupos. En esta din\u00e1mica, los municipios de Argelia y El Tambo son la otra codiciada ruta de acceso al pac\u00edfico en el Cauca y, como si fuera poco, en conjunto suman 9.611 hect\u00e1reas de coca.<\/p>\n\n\n\n<p class=\"wp-block-paragraph\">Los asesinatos de l\u00edderes sociales y activistas tambi\u00e9n han continuado. En 2019, 62 l\u00edderes sociales y activistas de derechos humanos fueron <a href=\"https:\/\/www.rcnradio.com\/recomendado-del-editor\/2019-ano-tragico-para-lideres-y-defensores-de-derechos-humanos-en-colombia\" target=\"_blank\" rel=\"noopener\">asesinados<\/a> en el Cauca, la cifra m\u00e1s alta a nivel departamental. Para junio de 2020, 42 m\u00e1s fueron asesinados, <a href=\"http:\/\/www.indepaz.org.co\/paz-al-liderazgo-social\/\" target=\"_blank\" rel=\"noopener\">seg\u00fan<\/a> el Instituto de Estudios para la Paz (Indepaz).<\/p>\n\n\n\n<h3 class=\"wp-block-heading\">An\u00e1lisis de InSight Crime<\/h3>\n\n\n\n<p class=\"wp-block-paragraph\">En el departamento del Cauca no se prev\u00e9 un control de la violencia en un futuro cercano por tres motivos:<\/p>\n\n\n\n<p class=\"wp-block-paragraph\">En primer lugar, los dos grupos criminales m\u00e1s poderosos de Colombia, o al menos sus frentes m\u00e1s fuertes, se disputan el <a href=\"http:\/\/www.indepaz.org.co\/wp-content\/uploads\/2020\/05\/AT-N%C2%B0-010-2020-CAU-Argelia-y-El-Tambo.pdf\" target=\"_blank\" rel=\"noopener\">control<\/a> del corredor clave del r\u00edo Micay. Argelia y El Tambo, que hacen parte de dicho corredor, dan al ELN y a las disidencias de las FARC acceso a los cultivos de coca y a una ruta fundamental para el tr\u00e1fico de narc\u00f3ticos, precursores qu\u00edmicos y armas hacia el oc\u00e9ano Pac\u00edfico.<\/p>\n\n\n\n<p class=\"wp-block-paragraph\">Y otro actor criminal se est\u00e1 adentrando en la zona. En agosto de 2019, <a href=\"https:\/\/lasillavacia.com\/silla-pacifico\/viaje-las-entranas-coca-cauca-68894\" target=\"_blank\" rel=\"noopener\">se conocieron<\/a> informaciones de que otro grupo de ex-FARC Mafia, el Frente Estiven Gonz\u00e1lez, hac\u00eda avances en el sur de Cauca desde su base en el norte de Nari\u00f1o.<\/p>\n\n\n\n<p class=\"wp-block-paragraph\"><strong><span style=\"color: #800000;\">VEA TAMBI\u00c9N:<\/span><\/strong> <a href=\"https:\/\/es.insightcrime.org\/noticias\/analisis\/eln-poder-inedito-colombia\/\" target=\"_blank\" rel=\"noopener\">ELN muestra poder in\u00e9dito al paralizar zonas de Colombia<\/a><\/p>\n\n\n\n<p class=\"wp-block-paragraph\">Aunque InSight Crime no pudo confirmar si este grupo permanece en la zona, la posibilidad de que otros grupos criminales incursionen en estos municipios solo provocar\u00eda m\u00e1s enfrentamientos entre estos y con el Ej\u00e9rcito.<\/p>\n\n\n\n<p class=\"wp-block-paragraph\">En segundo lugar, el gobierno no parece tener una estrategia de seguridad, adem\u00e1s de los operativos del ej\u00e9rcito, repetidos pero carentes de direcci\u00f3n. <a href=\"https:\/\/youtu.be\/EmaTLLUnUKs?t=1012\" target=\"_blank\" rel=\"noopener\">Seg\u00fan<\/a> expertos de la Comisi\u00f3n de la Verdad, las incursiones del ej\u00e9rcito no han logrado un avance visible debido a la aplicaci\u00f3n de t\u00e1cticas contrainsurgentes inefectivas contra grupos cada vez m\u00e1s alejados de sus ra\u00edces guerrilleras y concentrados en las actividades criminales.<\/p>\n\n\n\n<p class=\"wp-block-paragraph\">En tercer lugar, aun cuando la violencia ceda en una parte del sur del Cauca, resurge en otro lugar. Aunque en mayo no se presentaron choques importantes entre el ELN y las Ex-FARC Mafia en Argelia y El Tambo, s\u00ed se <a href=\"https:\/\/www.rcnradio.com\/colombia\/sur\/reportan-desplazamiento-en-guapi-cauca-por-presencia-de-grupos-armados\" target=\"_blank\" rel=\"noopener\">reportaron<\/a> nuevos combates y desplazamientos entre ambos grupos en Guapi, sobre la costa Pac\u00edfica del sur de Cauca.<\/p>\n","protected":false},"excerpt":{"rendered":"<p>Una ola de violencia azota al suroeste del departamento colombiano del Cauca, en forma de asesinatos selectivos y grupos armados que luchan por el control de los cultivos de coca y las rutas de tr\u00e1fico. Una mezcla mortal.<\/p>\n","protected":false},"author":222,"featured_media":119393,"comment_status":"closed","ping_status":"closed","sticky":false,"template":"","format":"standard","meta":{"newspack_ads_suppress_ads":false,"newspack_popups_has_disabled_popups":false,"newspack_sponsor_sponsorship_scope":"","newspack_sponsor_native_byline_display":"inherit","newspack_sponsor_native_category_display":"inherit","newspack_sponsor_underwriter_style":"inherit","newspack_sponsor_underwriter_placement":"inherit","_EventAllDay":false,"_EventTimezone":"","_EventStartDate":"","_EventEndDate":"","_EventStartDateUTC":"","_EventEndDateUTC":"","_EventShowMap":false,"_EventShowMapLink":false,"_EventURL":"","_EventCost":"","_EventCostDescription":"","_EventCurrencySymbol":"","_EventCurrencyCode":"","_EventCurrencyPosition":"","_EventDateTimeSeparator":"","_EventTimeRangeSeparator":"","_EventOrganizerID":[],"_EventVenueID":[],"_OrganizerEmail":"","_OrganizerPhone":"","_OrganizerWebsite":"","_VenueAddress":"","_VenueCity":"","_VenueCountry":"","_VenueProvince":"","_VenueState":"","_VenueZip":"","_VenuePhone":"","_VenueURL":"","_VenueStateProvince":"","_VenueLat":"","_VenueLng":"","_VenueShowMap":false,"_VenueShowMapLink":false,"_newspack_byline_active":false,"_newspack_byline":"","newspack_hide_updated_date":false,"newspack_show_updated_date":false,"newspack_featured_image_position":"","newspack_post_subtitle":"","newspack_article_summary_title":"Overview:","newspack_article_summary":"","_jetpack_memberships_contains_paid_content":false,"footnotes":""},"categories":[759],"tags":[477,368,421,1542],"newspack_spnsrs_tax":[],"coauthors":[4167],"class_list":["post-119376","post","type-post","status-publish","format-standard","has-post-thumbnail","hentry","category-noticias","tag-la-coca","tag-colombia-pais","tag-el-eln","tag-farc-ep","entry"],"parsely":{"version":"1.1.0","canonical_url":"https:\/\/insightcrime.org\/es\/noticias\/el-horror-en-medio-cauca-colombia\/","smart_links":{"inbound":0,"outbound":0},"traffic_boost_suggestions_count":0,"meta":{"@context":"https:\/\/schema.org","@type":"NewsArticle","headline":"Un ciclo de violencia se vive al sur del Cauca, Colombia","url":"http:\/\/insightcrime.org\/es\/noticias\/el-horror-en-medio-cauca-colombia\/","mainEntityOfPage":{"@type":"WebPage","@id":"http:\/\/insightcrime.org\/es\/noticias\/el-horror-en-medio-cauca-colombia\/"},"thumbnailUrl":"https:\/\/i0.wp.com\/insightcrime.org\/wp-content\/uploads\/2020\/06\/Fuerza-p%C3%BAblica.jpg?resize=150%2C150&quality=100&ssl=1","image":{"@type":"ImageObject","url":"https:\/\/i0.wp.com\/insightcrime.org\/wp-content\/uploads\/2020\/06\/Fuerza-p%C3%BAblica.jpg?fit=350%2C250&quality=100&ssl=1"},"articleSection":"Noticias","author":[{"@type":"Person","name":"Juan Diego C\u00e1rdenas"}],"creator":["Juan Diego C\u00e1rdenas"],"publisher":{"@type":"Organization","name":"InSight Crime","logo":"https:\/\/insightcrime.org\/wp-content\/uploads\/2023\/08\/logo.png"},"keywords":["coca","colombia","eln","farc"],"dateCreated":"2020-06-10T17:03:20Z","datePublished":"2020-06-10T17:03:20Z","dateModified":"2024-09-02T16:55:08Z"},"rendered":"<meta name=\"parsely-title\" content=\"Un ciclo de violencia se vive al sur del Cauca, Colombia\" \/>\n<meta name=\"parsely-link\" content=\"http:\/\/insightcrime.org\/es\/noticias\/el-horror-en-medio-cauca-colombia\/\" \/>\n<meta name=\"parsely-type\" content=\"post\" \/>\n<meta name=\"parsely-image-url\" content=\"https:\/\/i0.wp.com\/insightcrime.org\/wp-content\/uploads\/2020\/06\/Fuerza-p%C3%BAblica.jpg?resize=150%2C150&amp;quality=100&amp;ssl=1\" \/>\n<meta name=\"parsely-pub-date\" content=\"2020-06-10T17:03:20Z\" \/>\n<meta name=\"parsely-section\" content=\"Noticias\" \/>\n<meta name=\"parsely-tags\" content=\"coca,colombia,eln,farc\" \/>\n<meta name=\"parsely-author\" content=\"Juan Diego C\u00e1rdenas\" \/>","tracker_url":"https:\/\/cdn.parsely.com\/keys\/insightcrime.org\/p.js"},"jetpack_sharing_enabled":true,"jetpack-related-posts":[{"id":240857,"url":"https:\/\/insightcrime.org\/es\/noticias\/ex-farc-mafia-colombia-continuan-guerra-mientras-hablan-paz\/","url_meta":{"origin":119376,"position":0},"title":"Las ex-FARC mafia en Colombia contin\u00faan la guerra mientras hablan de paz","author":"Sergio Saffon","date":"11 de octubre de 2023","format":false,"excerpt":"Las negociaciones de paz en el Cauca penden de un hilo tras el asesinato de un soldado colombiano a manos de las ex-FARC mafia, poniendo de relieve la fragilidad de la Paz Total en este departamento estrat\u00e9gico para el narcotr\u00e1fico.","rel":"","context":"En \u00abNoticias\u00bb","block_context":{"text":"Noticias","link":"https:\/\/insightcrime.org\/es\/category\/noticias\/"},"img":{"alt_text":"Colombian solders enter a helicopter in Cauca.","src":"https:\/\/i0.wp.com\/insightcrime.org\/wp-content\/uploads\/2023\/08\/photo-2022-10-07-11-40-39_0-2.jpg?fit=350%2C250&quality=100&ssl=1&resize=350%2C200","width":350,"height":200},"classes":[]},{"id":240600,"url":"https:\/\/insightcrime.org\/es\/noticias\/lideres-sociales-cauca-colombia-oponen-temor-grupos-criminales\/","url_meta":{"origin":119376,"position":1},"title":"L\u00edderes sociales en Cauca, Colombia, se oponen sin temor a grupos criminales\u00a0","author":"Lara Loaiza","date":"10 de octubre de 2023","format":false,"excerpt":"Las cifras de l\u00edderes asesinados en Cauca, Colombia, son muestra de que su trabajo es un obst\u00e1culo para los grupos armados que buscan consolidarse en uno de los territorios m\u00e1s estrat\u00e9gicos para el crimen organizado en el pa\u00eds.\u00a0","rel":"","context":"En \u00abNoticias\u00bb","block_context":{"text":"Noticias","link":"https:\/\/insightcrime.org\/es\/category\/noticias\/"},"img":{"alt_text":"","src":"https:\/\/i0.wp.com\/insightcrime.org\/wp-content\/uploads\/2023\/10\/lideres-sociales-en-Cauca-1.jpg?fit=350%2C250&quality=100&ssl=1&resize=350%2C200","width":350,"height":200},"classes":[]},{"id":274744,"url":"https:\/\/insightcrime.org\/es\/noticias\/violencia-valle-del-cauca-evidencia-aumento-masacres-pandilleras-colombia\/","url_meta":{"origin":119376,"position":2},"title":"La violencia en Valle del Cauca evidencia el aumento de las masacres pandilleras en Colombia","author":"Sergio Saffon","date":"30 de abril de 2024","format":false,"excerpt":"Una serie de masacres en el departamento del Valle del Cauca, en el suroeste de Colombia, ilustra c\u00f3mo las bandas criminales urbanas emplean cada vez m\u00e1s una forma de violencia que antes se asociaba a los principales grupos armados del pa\u00eds.","rel":"","context":"En \u00abNoticias\u00bb","block_context":{"text":"Noticias","link":"https:\/\/insightcrime.org\/es\/category\/noticias\/"},"img":{"alt_text":"Authorities move the bodies of the victims of one gang massacre in Valle del Cauca, Colombia.","src":"https:\/\/i0.wp.com\/insightcrime.org\/wp-content\/uploads\/2023\/08\/image-2-1.png?fit=350%2C250&quality=100&ssl=1&resize=350%2C200","width":350,"height":200},"classes":[]},{"id":279675,"url":"https:\/\/insightcrime.org\/es\/noticias\/que-hay-detras-aumento-cifras-violencia-colombia\/","url_meta":{"origin":119376,"position":3},"title":"Qu\u00e9 hay detr\u00e1s del aumento en las cifras de violencia en Colombia","author":"Lara Loaiza","date":"21 de junio de 2024","format":false,"excerpt":"Las cifras de violencia contra civiles en Colombia han aumentado en los primeros cuatro meses de 2024, respecto al mismo periodo de 2023. Detr\u00e1s de esto hay varios factores, desde el accionar criminal de los grupos armados en los territorios, hasta las afectaciones en las mesas de negociaci\u00f3n en el\u2026","rel":"","context":"En \u00abNoticias\u00bb","block_context":{"text":"Noticias","link":"https:\/\/insightcrime.org\/es\/category\/noticias\/"},"img":{"alt_text":"","src":"https:\/\/i0.wp.com\/insightcrime.org\/wp-content\/uploads\/2024\/06\/Colombia-Attack-Guerrillas-from-the-FARC-EMC-enforce-a-roadblock-in-Corinto-Colombia-Apr-2024-AP24103634190273-A2.jpg?fit=1200%2C690&quality=100&ssl=1&resize=350%2C200","width":350,"height":200,"srcset":"https:\/\/i0.wp.com\/insightcrime.org\/wp-content\/uploads\/2024\/06\/Colombia-Attack-Guerrillas-from-the-FARC-EMC-enforce-a-roadblock-in-Corinto-Colombia-Apr-2024-AP24103634190273-A2.jpg?fit=1200%2C690&quality=100&ssl=1&resize=350%2C200 1x, https:\/\/i0.wp.com\/insightcrime.org\/wp-content\/uploads\/2024\/06\/Colombia-Attack-Guerrillas-from-the-FARC-EMC-enforce-a-roadblock-in-Corinto-Colombia-Apr-2024-AP24103634190273-A2.jpg?fit=1200%2C690&quality=100&ssl=1&resize=525%2C300 1.5x, https:\/\/i0.wp.com\/insightcrime.org\/wp-content\/uploads\/2024\/06\/Colombia-Attack-Guerrillas-from-the-FARC-EMC-enforce-a-roadblock-in-Corinto-Colombia-Apr-2024-AP24103634190273-A2.jpg?fit=1200%2C690&quality=100&ssl=1&resize=700%2C400 2x, https:\/\/i0.wp.com\/insightcrime.org\/wp-content\/uploads\/2024\/06\/Colombia-Attack-Guerrillas-from-the-FARC-EMC-enforce-a-roadblock-in-Corinto-Colombia-Apr-2024-AP24103634190273-A2.jpg?fit=1200%2C690&quality=100&ssl=1&resize=1050%2C600 3x"},"classes":[]},{"id":206733,"url":"https:\/\/insightcrime.org\/es\/noticias\/asesinatos-lideres-sociales-aumenta-colombia-paz-total\/","url_meta":{"origin":119376,"position":4},"title":"Asesinato de l\u00edderes sociales en Colombia aumenta a pesar de la &#8216;Paz Total&#8217;","author":"Alejandra Rodriguez","date":"15 de diciembre de 2022","format":false,"excerpt":"Los asesinatos de l\u00edderes sociales en Colombia han alcanzado su punto m\u00e1s alto en los \u00faltimos seis a\u00f1os, lo que sugiere que la violencia en las regiones m\u00e1s afectadas del pa\u00eds no se ha visto afectada por los planes de paz del actual gobierno.","rel":"","context":"En \u00abNoticias\u00bb","block_context":{"text":"Noticias","link":"https:\/\/insightcrime.org\/es\/category\/noticias\/"},"img":{"alt_text":"Durante las marchas en Colombia, muchas personas ped\u00edan respetar a los l\u00edderes sociales","src":"https:\/\/i0.wp.com\/insightcrime.org\/wp-content\/uploads\/2022\/12\/Lideres-sociales.jpg?fit=350%2C250&quality=100&ssl=1&resize=350%2C200","width":350,"height":200},"classes":[]},{"id":178094,"url":"https:\/\/insightcrime.org\/es\/noticias\/interminable-guerra-cocaina-putumayo-colombia\/","url_meta":{"origin":119376,"position":5},"title":"La guerra sin fin por la coca\u00edna en Putumayo, Colombia","author":"Juliana Manjarr\u00e9s","date":"23 de febrero de 2022","format":false,"excerpt":"Antes basti\u00f3n guerrillero y siempre departamento cocalero, Putumayo, al sur de Colombia, vive un nuevo estallido de violencia en medio de la guerra entre facciones disidentes de las FARC.","rel":"","context":"En \u00abNoticias\u00bb","block_context":{"text":"Noticias","link":"https:\/\/insightcrime.org\/es\/category\/noticias\/"},"img":{"alt_text":"","src":"https:\/\/i0.wp.com\/insightcrime.org\/wp-content\/uploads\/2022\/02\/Imagen-1-1.jpg?fit=350%2C250&quality=100&ssl=1&resize=350%2C200","width":350,"height":200},"classes":[]}],"jetpack_featured_media_url":"https:\/\/i0.wp.com\/insightcrime.org\/wp-content\/uploads\/2020\/06\/Fuerza-p%C3%BAblica.jpg?fit=350%2C250&quality=100&ssl=1","_links":{"self":[{"href":"https:\/\/insightcrime.org\/es\/wp-json\/wp\/v2\/posts\/119376","targetHints":{"allow":["GET"]}}],"collection":[{"href":"https:\/\/insightcrime.org\/es\/wp-json\/wp\/v2\/posts"}],"about":[{"href":"https:\/\/insightcrime.org\/es\/wp-json\/wp\/v2\/types\/post"}],"author":[{"embeddable":true,"href":"https:\/\/insightcrime.org\/es\/wp-json\/wp\/v2\/users\/222"}],"replies":[{"embeddable":true,"href":"https:\/\/insightcrime.org\/es\/wp-json\/wp\/v2\/comments?post=119376"}],"version-history":[{"count":6,"href":"https:\/\/insightcrime.org\/es\/wp-json\/wp\/v2\/posts\/119376\/revisions"}],"predecessor-version":[{"id":290220,"href":"https:\/\/insightcrime.org\/es\/wp-json\/wp\/v2\/posts\/119376\/revisions\/290220"}],"wp:featuredmedia":[{"embeddable":true,"href":"https:\/\/insightcrime.org\/es\/wp-json\/wp\/v2\/media\/119393"}],"wp:attachment":[{"href":"https:\/\/insightcrime.org\/es\/wp-json\/wp\/v2\/media?parent=119376"}],"wp:term":[{"taxonomy":"category","embeddable":true,"href":"https:\/\/insightcrime.org\/es\/wp-json\/wp\/v2\/categories?post=119376"},{"taxonomy":"post_tag","embeddable":true,"href":"https:\/\/insightcrime.org\/es\/wp-json\/wp\/v2\/tags?post=119376"},{"taxonomy":"newspack_spnsrs_tax","embeddable":true,"href":"https:\/\/insightcrime.org\/es\/wp-json\/wp\/v2\/newspack_spnsrs_tax?post=119376"},{"taxonomy":"author","embeddable":true,"href":"https:\/\/insightcrime.org\/es\/wp-json\/wp\/v2\/coauthors?post=119376"}],"curies":[{"name":"wp","href":"https:\/\/api.w.org\/{rel}","templated":true}]}}