{"id":121670,"date":"2020-07-29T05:36:04","date_gmt":"2020-07-29T10:36:04","guid":{"rendered":"https:\/\/insightcrime.org\/?p=121670"},"modified":"2024-09-02T11:37:08","modified_gmt":"2024-09-02T16:37:08","slug":"vicepresidenta-colombia-amenaza-insight-crime","status":"publish","type":"post","link":"https:\/\/insightcrime.org\/es\/noticias\/vicepresidenta-colombia-amenaza-insight-crime\/","title":{"rendered":"Vicepresidenta de Colombia amenaza a InSight Crime con cargos criminales"},"content":{"rendered":"\n<p class=\"wp-block-paragraph\">La Fiscal\u00eda General de Colombia ha notificado al codirector de InSight Crime, Jeremy McDermott, sobre el proceso criminal iniciado en su contra por la vicepresidenta Marta Luc\u00eda Ram\u00edrez, en relaci\u00f3n con una investigaci\u00f3n sobre el narcotraficante conocido como \u201cMemo Fantasma\u201d.<\/p>\n\n\n\n<p class=\"wp-block-paragraph\">En la citaci\u00f3n, el fiscal Mario Hern\u00e1n Barahona dice que la vicepresidenta present\u00f3 cargos criminales contra McDermott por afectar \u201csu derecho a la integridad moral, buen nombre, dignidad y honra\u201d.<\/p>\n\n\n\n<p class=\"wp-block-paragraph\">Las acusaciones se derivan de <a href=\"https:\/\/es.insightcrime.org\/investigaciones\/narcotraficante-invisible-memo-fantasma\/\" target=\"_blank\" rel=\"noopener\">la investigaci\u00f3n<\/a> que durante dos a\u00f1os hizo InSight Crime en torno al empresario radicado en Madrid Guillermo Le\u00f3n Acevedo Giraldo, conocido como \u201cMemo Fantasma\u201d, quien fue narcotraficante y l\u00edder del violento ej\u00e9rcito paramilitar conocido como las Autodefensas Unidas de Colombia (AUC).<\/p>\n\n\n\n<p class=\"wp-block-paragraph\">En el rastreo a los activos de Memo Fantasma y sus actividades de lavado de dinero, la investigaci\u00f3n dio con una empresa en la que participa la vicepresidenta Ram\u00edrez y que es dirigida por su esposo, \u00c1lvaro Rinc\u00f3n.<\/p>\n\n\n\n<p class=\"wp-block-paragraph\">En una declaraci\u00f3n del 28 de julio, el Comit\u00e9 para la Protecci\u00f3n de Periodistas (Committee to Protect Journalists, CPJ) <a href=\"https:\/\/cpj.org\/2020\/07\/colombian-vice-president-files-criminal-defamation-suit-against-journalist\/\" target=\"_blank\" rel=\"noopener\">rechaz\u00f3 los cargos<\/a> que los abogados de la vicepresidenta Ram\u00edrez levantaron contra McDermott.<\/p>\n\n\n\n<p class=\"wp-block-paragraph\">\u201cComo funcionaria p\u00fablica de alto rango, la vicepresidenta Marta Luc\u00eda Ram\u00edrez deber\u00eda saber que recibe una amplia cobertura de la prensa, y abstenerse de presentar demandas contra periodistas\u201d, afirm\u00f3 Natalie Southwick, coordinadora del programa del CPJ para Centro y Suram\u00e9rica. \u201cColombia debi\u00f3 haber eliminado de su normativa la difamaci\u00f3n criminal hace mucho tiempo, en l\u00ednea con las crecientes tendencias regionales. Ram\u00edrez deber\u00eda retirar su denuncia contra Jeremy McDermott inmediatamente, y el pa\u00eds debe reformar sus leyes\u201d.<\/p>\n\n\n\n<p class=\"wp-block-paragraph\">La Fundaci\u00f3n para la Libertad de Prensa (FLIP) dijo a InSight Crime que la reacci\u00f3n de la vicepresidenta frente a la investigaci\u00f3n fue \u201cat\u00edpica\u201d, que genera \u201cgran preocupaci\u00f3n\u201d, y es caracter\u00edstica de los \u201creg\u00edmenes autoritarios\u201d.<\/p>\n\n\n\n<p class=\"wp-block-paragraph\">\u201cLa vicepresidenta tuvo la oportunidad de dar su versi\u00f3n [de los hechos] que se mencionan en el art\u00edculo\u201d, se\u00f1ala la fundaci\u00f3n, y a\u00f1ade que \u201cella es ampliamente escuchada y eso le permite complementar cualquier problema u ofrecer su punto de vista\u201d.<\/p>\n\n\n\n<p class=\"wp-block-paragraph\"><span style=\"color: #993300;\"><strong>&nbsp; &nbsp; &nbsp;VEA TAMBI\u00c9N:<\/strong><\/span> <a href=\"https:\/\/es.insightcrime.org\/investigaciones\/narcotraficante-invisible-memo-fantasma\/\" target=\"_blank\" rel=\"noopener\">El narcotraficante invisible: tras las huellas de Memo Fantasma<\/a><\/p>\n\n\n\n<p class=\"wp-block-paragraph\">La investigaci\u00f3n de InSight Crime descubri\u00f3 v\u00ednculos entre Memo Fantasma y la vicepresidenta en relaci\u00f3n con el edificio de oficinas Torre 85 en el centro de Bogot\u00e1, un exclusivo proyecto de construcci\u00f3n liderado por el esposo de Ram\u00edrez. Memo Fantasma aport\u00f3 parte de los terrenos para el desarrollo del proyecto e invirti\u00f3 en la construcci\u00f3n llevada a cabo por la empresa dirigida por Rinc\u00f3n, Hitos Urbanos Limitada. La vicepresidenta fue, y sigue siendo, una importante accionista de la compa\u00f1\u00eda, aunque actualmente tiene menos acciones que antes.<\/p>\n\n\n\n<p class=\"wp-block-paragraph\">En un documento, Hitos Urbanos <a href=\"https:\/\/es.insightcrime.org\/investigaciones\/memo-fantasma-rastros-dinero\/\" target=\"_blank\" rel=\"noopener\">es mencionado junto a<\/a> Memo Fantasma, o Guillermo Acevedo, en relaci\u00f3n con los terrenos utilizados para el proyecto Torre 85.<\/p>\n\n\n<div class=\"wp-block-image\">\n<figure class=\"aligncenter is-resized\"><img data-recalc-dims=\"1\" loading=\"lazy\" decoding=\"async\" src=\"https:\/\/i0.wp.com\/insightcrime.org\/wp-content\/uploads\/2020\/03\/3.png?resize=681%2C1024&#038;quality=100&#038;ssl=1\" alt=\"\" height=\"1024\" width=\"681\"\/><\/figure>\n<\/div>\n\n\n<p class=\"wp-block-paragraph\">A pesar de estos v\u00ednculos, la vicepresidenta dijo, en una entrevista con <a href=\"https:\/\/play.wradio.com.co\/audio\/4029315\/\" target=\"_blank\" rel=\"noopener\">W Radio<\/a> el 8 de abril, que \u201c[Guillermo Acevedo] no es socio de mi esposo, nunca fue socio de mi esposo\u201d. Por su lado, Rinc\u00f3n <a href=\"https:\/\/es.insightcrime.org\/noticias\/analisis\/como-memo-fantasma-le-vendio-un-inmueble-a-la-empresa-familiar-de-la-vicepresidenta-de-colombia\/\" target=\"_blank\" rel=\"noopener\">admiti\u00f3 que trabaj\u00f3<\/a> con Guillermo Acevedo, pero dijo que no sab\u00eda nada sobre su pasado criminal. Afirma que, despu\u00e9s de la construcci\u00f3n del edificio, solo se cruz\u00f3 con Acevedo en el ascensor.<\/p>\n\n\n\n<p class=\"wp-block-paragraph\">El nombre de la vicepresidenta aparece espec\u00edficamente en los dos \u00faltimos cap\u00edtulos de la serie de seis partes escrita por un equipo de InSight Crime liderado por McDermott.<\/p>\n\n\n\n<p class=\"wp-block-paragraph\">En <a href=\"https:\/\/es.insightcrime.org\/investigaciones\/memo-fantasma-rastros-dinero\/\" target=\"_blank\" rel=\"noopener\">el quinto cap\u00edtulo<\/a>, titulado \u201cTras Memo Fantasma: los rastros de su dinero\u201d, una integrante del c\u00edrculo social de la familia pol\u00edtica de Guillermo Acevedo, identificada como \u201cOlga\u201d, dice que \u00e9l y su esposa Catalina \u201clograron matricular a sus dos hijas en el colegio Nueva Granada [de Bogot\u00e1], gracias a una recomendaci\u00f3n de Marta Luc\u00eda Ram\u00edrez\u201d.<\/p>\n\n\n\n<p class=\"wp-block-paragraph\">InSight Crime le ha pedido al Nueva Granada en varias ocasiones que provea informaci\u00f3n sobre la admisi\u00f3n de las ni\u00f1as Acevedo, pero el colegio se ha negado a cooperar. Toda la otra informaci\u00f3n que Olga proporcion\u00f3 ha resultado ser cierta.<\/p>\n\n\n\n<p class=\"wp-block-paragraph\">En el <a href=\"https:\/\/es.insightcrime.org\/investigaciones\/memo-fantasma-gran-vida-madrid\/\" target=\"_blank\" rel=\"noopener\">sexto y \u00faltimo cap\u00edtulo<\/a>, titulado \u201cMemo Fantasma se da la gran vida en Madrid\u201d, se menciona a la vicepresidenta Ram\u00edrez por un mensaje que ella le envi\u00f3 a McDermott cuando este aterriz\u00f3 en Colombia pocas horas despu\u00e9s de confrontar a Memo Fantasma en Espa\u00f1a.<\/p>\n\n\n\n<p class=\"wp-block-paragraph\">\u201cS\u00e9 qu\u00e9 est\u00e1s investigando\u201d, dijo ella, y agreg\u00f3 que se lo hab\u00eda dicho \u201cuna fuente en Washington\u201d.<\/p>\n\n\n\n<p class=\"wp-block-paragraph\">McDermott le pregunt\u00f3 si hab\u00eda ayudado a Guillermo Acevedo a matricular a sus hijas en el colegio Nueva Granada.<\/p>\n\n\n\n<p class=\"wp-block-paragraph\">Ella dijo que no lo hab\u00eda hecho, y aclar\u00f3 que \u00e9l era \u201csimplemente alguien con quien mi esposo hizo negocios\u201d.<\/p>\n\n\n\n<p class=\"wp-block-paragraph\">Despu\u00e9s de la publicaci\u00f3n, la vicepresidenta neg\u00f3 las afirmaciones del informe, en <a href=\"https:\/\/play.wradio.com.co\/audio\/4029315\/\" target=\"_blank\" rel=\"noopener\">la entrevista<\/a> con la emisora colombiana W Radio, que InSight Crime <a href=\"https:\/\/es.insightcrime.org\/noticias\/analisis\/memo-fantasma-vicepresidenta-colombia\/\" target=\"_blank\" rel=\"noopener\">reprodujo en su totalidad<\/a>.<\/p>\n\n\n\n<p class=\"wp-block-paragraph\">\u201cNo recuerdo haber recomendado a los hijos de nadie, jam\u00e1s en el Nueva Granada ni en ning\u00fan colegio\u201d, dijo la vicepresidenta Ram\u00edrez.<\/p>\n\n\n\n<p class=\"wp-block-paragraph\">En respuesta a los cargos criminales, el abogado de McDermott dijo que la informaci\u00f3n en cuesti\u00f3n es \u201cveraz y socialmente relevante\u201d. Y a\u00f1adi\u00f3 que McDermott no ha \u201cdifundido informaci\u00f3n que busque afectar la integridad moral de la se\u00f1ora Ram\u00edrez [y] que no aceptar\u00e1 ninguna f\u00f3rmula de conciliaci\u00f3n que implique retractar lo que se ha publicado\u201d.<\/p>\n\n\n\n<p class=\"wp-block-paragraph\">Antes del anuncio de la denuncia criminal, en abril de este a\u00f1o, McDermott recibi\u00f3 un requerimiento para rectificar las menciones a la vicepresidenta. El bufete de su abogado, Abelardo de la Espriella, sosten\u00eda que vincular a la funcionaria con Guillermo Acevedo hab\u00eda lesionado \u201csu buen nombre\u201d. Los abogados de la vicepresidenta Ram\u00edrez tambi\u00e9n expresaron sus objeciones por una entrevista que McDermott sostuvo con <a href=\"https:\/\/www.elespectador.com\/noticias\/investigacion\/asi-encontraron-memo-fantasma-un-narco-invisible-articulo-912906\/\" target=\"_blank\" rel=\"noopener\">el peri\u00f3dico El Espectador<\/a>, que fue publicada el 4 de abril de 2020.<\/p>\n\n\n\n<p class=\"wp-block-paragraph\">El bufete de abogados de De la Espriella estuvo implicado recientemente en acusaciones de colusi\u00f3n con un polic\u00eda colombiano corrupto, quien al parecer filtr\u00f3 informaci\u00f3n sensible que le permiti\u00f3 al bufete informarle a uno de sus clientes sobre su inminente captura, seg\u00fan <a href=\"https:\/\/www.univision.com\/univision-news\/latin-america\/attorney-for-alex-saab-in-colombia-approved-deals-with-corrupt-policeman-who-tipped-off-plan-to-arrest-his-client\" target=\"_blank\" rel=\"noopener\">una investigaci\u00f3n de Univisi\u00f3n<\/a>. El cliente, el empresario colombiano \u00c1lex Saab, requerido por Estados Unidos, logr\u00f3 huir, pero finalmente fue <a href=\"https:\/\/es.insightcrime.org\/noticias\/noticias-del-dia\/alex-saab-caida-venezuela\/\" target=\"_blank\" rel=\"noopener\">arrestado dos a\u00f1os m\u00e1s tarde<\/a>.<\/p>\n\n\n\n<p class=\"wp-block-paragraph\">Los abogados de McDermott respondieron a la solicitud de rectificaci\u00f3n del mes de abril, mediante una carta emitida el mismo mes. En ella explican que la informaci\u00f3n obtenida como parte de la investigaci\u00f3n no fue \u201cnegada o distorsionada por la declaraci\u00f3n contradictoria\u201d de la vicepresidenta.<\/p>\n\n\n\n<p class=\"wp-block-paragraph\">\u201cCon base en lo que hemos publicado, no veo absolutamente ning\u00fan motivo para rectificaci\u00f3n alguna. Entendemos las preocupaciones de la vicepresidenta y estaremos dispuestos a escucharlas\u201d, expres\u00f3 McDermott desde su casa en Medell\u00edn. \u201cAtenderemos sus reclamos y sus explicaciones de por qu\u00e9 siente que ha sido agraviada penalmente, y lo consideraremos todo cabalmente\u201d.<\/p>\n\n\n\n<p class=\"wp-block-paragraph\">McDermott recibi\u00f3 con sorpresa la denuncia criminal de la vicepresidenta, con quien ha mantenido contacto directo durante todo este proceso, y con quien ha tenido una relaci\u00f3n cordial durante muchos a\u00f1os.<\/p>\n\n\n\n<p class=\"wp-block-paragraph\">El 22 de junio, la vicepresidenta llam\u00f3 a McDermott por WhatsApp y le pidi\u00f3 que emitiera una declaraci\u00f3n en la que aclarara que ella no ten\u00eda ning\u00fan v\u00ednculo con Guillermo Acevedo. McDermott rechaz\u00f3 su solicitud, aduciendo que ello era ajeno a sus responsabilidades como periodista, y que, como lo dec\u00eda la investigaci\u00f3n, ella ten\u00eda v\u00ednculos irrefutables con Acevedo a trav\u00e9s de su esposo y su compa\u00f1\u00eda, Hitos Urbanos.<\/p>\n\n\n\n<p class=\"wp-block-paragraph\"><span style=\"color: #800000;\"><b>VEA TAMBI\u00c9N:<\/b><\/span> <a href=\"https:\/\/es.insightcrime.org\/noticias\/analisis\/como-memo-fantasma-le-vendio-un-inmueble-a-la-empresa-familiar-de-la-vicepresidenta-de-colombia\/\"><span style=\"font-weight: 400;\">C\u00f3mo \u2018Memo Fantasma\u2019 le vendi\u00f3 un inmueble a la empresa familiar de la vicepresidenta de Colombia<\/span><\/a><\/p>\n\n\n\n<p class=\"wp-block-paragraph\">Sin embargo, ni McDermott ni InSight Crime han dicho en ning\u00fan momento que la vicepresidenta Ram\u00edrez estuviera involucrada en alguna actividad ilegal. Ese no fue nunca el objeto de la investigaci\u00f3n. Su nombre surgi\u00f3 despu\u00e9s de que Guillermo Acevedo fuera identificado como Memo Fantasma y Sebasti\u00e1n Colmenares, otro alias utilizado por el narcotraficante y excomandante de las AUC, el grupo paramilitar m\u00e1s grande de Colombia desde la d\u00e9cada de 1990 hasta mediados de la d\u00e9cada de 2000.<\/p>\n\n\n\n<p class=\"wp-block-paragraph\">En abril, Guillermo Acevedo, el foco principal de la investigaci\u00f3n, tambi\u00e9n amenaz\u00f3 a McDermott con un proceso criminal, tal como la vicepresidenta lo est\u00e1 haciendo ahora. La carta <a href=\"https:\/\/twitter.com\/deaasociados\/status\/1251295424788529152\" target=\"_blank\" rel=\"noopener\">publicada por los abogados de Acevedo<\/a> en Twitter conten\u00eda acusaciones falsas y afirmaba err\u00f3neamente que la investigaci\u00f3n de InSight Crime amenazaba la \u201cestabilidad institucional\u201d de Colombia, refiri\u00e9ndose a la vicepresidenta.<\/p>\n\n\n\n<p class=\"wp-block-paragraph\">Sin embargo, parece que la demanda nunca fue radicada ante la Fiscal\u00eda General. Adem\u00e1s, perdi\u00f3 credibilidad cuando, el 26 de mayo, el fiscal general de Colombia, Francisco Barbosa, <a href=\"https:\/\/es.insightcrime.org\/noticias\/analisis\/fiscal-colombia-memo-fantasma\/\" target=\"_blank\" rel=\"noopener\">confirm\u00f3 los hallazgos de InSight Crime<\/a> en una entrevista con <a href=\"https:\/\/www.wradio.com.co\/noticias\/judicial\/fiscalia-cita-a-declarar-a-alvaro-rincon-esposo-de-marta-lucia-ramirez\/20200526\/nota\/4041252.aspx\" target=\"_blank\" rel=\"noopener\">W Radio<\/a>.<\/p>\n\n\n\n<p class=\"wp-block-paragraph\">Barbosa dijo que la fiscal\u00eda estaba investigando los bienes y la identidad de Memo Fantasma, y concluy\u00f3 que esta persona \u201ccorresponde a Guillermo Le\u00f3n Acevedo Giraldo\u201d. Estos hechos, agreg\u00f3, fueron incluidos en un informe judicial de la polic\u00eda.<\/p>\n\n\n\n<p class=\"wp-block-paragraph\">Adem\u00e1s, las autoridades colombianas est\u00e1n activamente tras Guillermo Acevedo por sus evidentes v\u00ednculos con el paramilitarismo. El 21 de julio, <a href=\"https:\/\/www.wradio.com.co\/noticias\/actualidad\/fiscalia-embargo-predios-de-memo-fantasma\/20200721\/nota\/4056542.aspx\" target=\"_blank\" rel=\"noopener\">ocho propiedades<\/a> valoradas en unos nueve mil millones de pesos (m\u00e1s de US$2 millones) fueron confiscadas en una finca suya en el norte del departamento de C\u00f3rdoba.<\/p>\n\n\n\n<p class=\"wp-block-paragraph\">En las pr\u00f3ximas semanas, McDermott publicar\u00e1 la segunda parte de la investigaci\u00f3n de InSight Crime sobre Guillermo Acevedo.<\/p>\n\n\n\n<p class=\"wp-block-paragraph\">*La vicepresidenta luego <a href=\"https:\/\/es.insightcrime.org\/noticias\/noticias-del-dia\/vicepresidenta-colombia-retira-demanda-insight-crime\/\" target=\"_blank\" rel=\"noopener\">retir\u00f3<\/a> su queja contra el co-director Jeremy McDermott.<\/p>\n","protected":false},"excerpt":{"rendered":"<p>La Fiscal\u00eda General de Colombia ha notificado al codirector de InSight Crime, Jeremy McDermott, sobre el proceso criminal iniciado en su contra por la vicepresidenta Marta Luc\u00eda Ram\u00edrez, en relaci\u00f3n con una investigaci\u00f3n sobre el narcotraficante conocido como \u201cMemo Fantasma\u201d.<\/p>\n","protected":false},"author":90,"featured_media":121659,"comment_status":"closed","ping_status":"closed","sticky":false,"template":"","format":"standard","meta":{"newspack_ads_suppress_ads":false,"newspack_popups_has_disabled_popups":false,"newspack_sponsor_sponsorship_scope":"","newspack_sponsor_native_byline_display":"inherit","newspack_sponsor_native_category_display":"inherit","newspack_sponsor_underwriter_style":"inherit","newspack_sponsor_underwriter_placement":"inherit","_EventAllDay":false,"_EventTimezone":"","_EventStartDate":"","_EventEndDate":"","_EventStartDateUTC":"","_EventEndDateUTC":"","_EventShowMap":false,"_EventShowMapLink":false,"_EventURL":"","_EventCost":"","_EventCostDescription":"","_EventCurrencySymbol":"","_EventCurrencyCode":"","_EventCurrencyPosition":"","_EventDateTimeSeparator":"","_EventTimeRangeSeparator":"","_EventOrganizerID":[],"_EventVenueID":[],"_OrganizerEmail":"","_OrganizerPhone":"","_OrganizerWebsite":"","_VenueAddress":"","_VenueCity":"","_VenueCountry":"","_VenueProvince":"","_VenueState":"","_VenueZip":"","_VenuePhone":"","_VenueURL":"","_VenueStateProvince":"","_VenueLat":"","_VenueLng":"","_VenueShowMap":false,"_VenueShowMapLink":false,"_newspack_byline_active":false,"_newspack_byline":"","newspack_hide_updated_date":false,"newspack_show_updated_date":false,"newspack_featured_image_position":"","newspack_post_subtitle":"","newspack_article_summary_title":"Overview:","newspack_article_summary":"","_jetpack_memberships_contains_paid_content":false,"footnotes":""},"categories":[759],"tags":[368,447,3464,3587],"newspack_spnsrs_tax":[],"coauthors":[4065],"class_list":["post-121670","post","type-post","status-publish","format-standard","has-post-thumbnail","hentry","category-noticias","tag-colombia-pais","tag-elites-y-crimen-organizado","tag-invisibles","tag-memo-fantasma-es","entry"],"parsely":{"version":"1.1.0","canonical_url":"https:\/\/insightcrime.org\/es\/noticias\/vicepresidenta-colombia-amenaza-insight-crime\/","smart_links":{"inbound":0,"outbound":0},"traffic_boost_suggestions_count":0,"meta":{"@context":"https:\/\/schema.org","@type":"NewsArticle","headline":"Vicepresidenta de Colombia amenaza a InSight Crime con cargos criminales","url":"http:\/\/insightcrime.org\/es\/noticias\/vicepresidenta-colombia-amenaza-insight-crime\/","mainEntityOfPage":{"@type":"WebPage","@id":"http:\/\/insightcrime.org\/es\/noticias\/vicepresidenta-colombia-amenaza-insight-crime\/"},"thumbnailUrl":"https:\/\/i0.wp.com\/insightcrime.org\/wp-content\/uploads\/2020\/07\/Marta-lucia-ramirez-memo-fantasma-jeremy-mc-dermmot-libertad-prensa-freedom-corrupcion-colombia-elites-crimen-organizado-28-07-2020-AP_19126842385119.jpg?resize=150%2C150&quality=100&ssl=1","image":{"@type":"ImageObject","url":"https:\/\/i0.wp.com\/insightcrime.org\/wp-content\/uploads\/2020\/07\/Marta-lucia-ramirez-memo-fantasma-jeremy-mc-dermmot-libertad-prensa-freedom-corrupcion-colombia-elites-crimen-organizado-28-07-2020-AP_19126842385119.jpg?fit=1336%2C700&quality=100&ssl=1"},"articleSection":"Noticias","author":[{"@type":"Person","name":"Parker Asmann"}],"creator":["Parker Asmann"],"publisher":{"@type":"Organization","name":"InSight Crime","logo":"https:\/\/insightcrime.org\/wp-content\/uploads\/2023\/08\/logo.png"},"keywords":["colombia","\u00e9lites y crimen","invisibles","memo fantasma"],"dateCreated":"2020-07-29T10:36:04Z","datePublished":"2020-07-29T10:36:04Z","dateModified":"2024-09-02T16:37:08Z"},"rendered":"<meta name=\"parsely-title\" content=\"Vicepresidenta de Colombia amenaza a InSight Crime con cargos criminales\" \/>\n<meta name=\"parsely-link\" content=\"http:\/\/insightcrime.org\/es\/noticias\/vicepresidenta-colombia-amenaza-insight-crime\/\" \/>\n<meta name=\"parsely-type\" content=\"post\" \/>\n<meta name=\"parsely-image-url\" content=\"https:\/\/i0.wp.com\/insightcrime.org\/wp-content\/uploads\/2020\/07\/Marta-lucia-ramirez-memo-fantasma-jeremy-mc-dermmot-libertad-prensa-freedom-corrupcion-colombia-elites-crimen-organizado-28-07-2020-AP_19126842385119.jpg?resize=150%2C150&amp;quality=100&amp;ssl=1\" \/>\n<meta name=\"parsely-pub-date\" content=\"2020-07-29T10:36:04Z\" \/>\n<meta name=\"parsely-section\" content=\"Noticias\" \/>\n<meta name=\"parsely-tags\" content=\"colombia,\u00e9lites y crimen,invisibles,memo fantasma\" \/>\n<meta name=\"parsely-author\" content=\"Parker Asmann\" \/>","tracker_url":"https:\/\/cdn.parsely.com\/keys\/insightcrime.org\/p.js"},"jetpack_sharing_enabled":true,"jetpack-related-posts":[{"id":141506,"url":"https:\/\/insightcrime.org\/es\/noticias\/memo-fantasma-inicia-proceso-penal-contra-director-insight-crime\/","url_meta":{"origin":121670,"position":0},"title":"&#8216;Memo Fantasma&#8217; inicia proceso criminal contra director de InSight Crime","author":"Parker Asmann","date":"20 de abril de 2021","format":false,"excerpt":"Un evasivo narcotraficante ha iniciado un caso criminal de difamaci\u00f3n contra Jeremy McDermott, codirector de InSight Crime, a pesar de que las conclusiones de una investigaci\u00f3n de dos a\u00f1os de duraci\u00f3n han sido confirmadas de manera oficial.","rel":"","context":"En \u00abNoticias\u00bb","block_context":{"text":"Noticias","link":"https:\/\/insightcrime.org\/es\/category\/noticias\/"},"img":{"alt_text":"Jeremy McDermott , codirector InSight Crime","src":"https:\/\/i0.wp.com\/insightcrime.org\/wp-content\/uploads\/2021\/04\/Jeremy-McDermott-Memo-Fantasma-Hearing.jpg?fit=350%2C250&quality=100&ssl=1&resize=350%2C200","width":350,"height":200},"classes":[]},{"id":127228,"url":"https:\/\/insightcrime.org\/es\/la-organizacion\/insight-crime-memo-fantasma-premio-nacional-simon-bolivar\/","url_meta":{"origin":121670,"position":1},"title":"La investigaci\u00f3n &#8216;Memo Fantasma&#8217; de InSight Crime gana el Premio Nacional de Periodismo Sim\u00f3n Bol\u00edvar","author":"InSight Crime","date":"20 de noviembre de 2020","format":false,"excerpt":"El equipo investigativo de InSight Crime fue galardonado en Colombia con el prestigioso Premio Nacional de Periodismo Sim\u00f3n Bol\u00edvar por su investigaci\u00f3n de dos a\u00f1os de duraci\u00f3n sobre el narcotraficante conocido como \"Memo Fantasma\", la cual fue liderada por el codirector de la organizaci\u00f3n, Jeremy McDermott.","rel":"","context":"En \u00abLa Organizaci\u00f3n\u00bb","block_context":{"text":"La Organizaci\u00f3n","link":"https:\/\/insightcrime.org\/es\/category\/la-organizacion\/"},"img":{"alt_text":"","src":"https:\/\/i0.wp.com\/insightcrime.org\/wp-content\/uploads\/2020\/11\/cover-Jerry-periodismo-premio-simon-bolivar-2020-insight-crime-memo-fantasma.jpg?fit=1200%2C600&quality=100&ssl=1&resize=350%2C200","width":350,"height":200,"srcset":"https:\/\/i0.wp.com\/insightcrime.org\/wp-content\/uploads\/2020\/11\/cover-Jerry-periodismo-premio-simon-bolivar-2020-insight-crime-memo-fantasma.jpg?fit=1200%2C600&quality=100&ssl=1&resize=350%2C200 1x, https:\/\/i0.wp.com\/insightcrime.org\/wp-content\/uploads\/2020\/11\/cover-Jerry-periodismo-premio-simon-bolivar-2020-insight-crime-memo-fantasma.jpg?fit=1200%2C600&quality=100&ssl=1&resize=525%2C300 1.5x, https:\/\/i0.wp.com\/insightcrime.org\/wp-content\/uploads\/2020\/11\/cover-Jerry-periodismo-premio-simon-bolivar-2020-insight-crime-memo-fantasma.jpg?fit=1200%2C600&quality=100&ssl=1&resize=700%2C400 2x, https:\/\/i0.wp.com\/insightcrime.org\/wp-content\/uploads\/2020\/11\/cover-Jerry-periodismo-premio-simon-bolivar-2020-insight-crime-memo-fantasma.jpg?fit=1200%2C600&quality=100&ssl=1&resize=1050%2C600 3x"},"classes":[]},{"id":173503,"url":"https:\/\/insightcrime.org\/es\/noticias\/fiscales-archivan-caso-difamacion-memo-fantasma-contra-director-insight-crime\/","url_meta":{"origin":121670,"position":2},"title":"Fiscales archivan caso de difamaci\u00f3n de Memo Fantasma contra director de InSight Crime","author":"InSight Crime","date":"14 de diciembre de 2021","format":false,"excerpt":"Un caso criminal por difamaci\u00f3n presentado por alias \u201cMemo Fantasma\u201d, contra el codirector de InSight Crime, Jeremy McDermott, ha sido archivado por fiscales de Colombia","rel":"","context":"En \u00abNoticias\u00bb","block_context":{"text":"Noticias","link":"https:\/\/insightcrime.org\/es\/category\/noticias\/"},"img":{"alt_text":"Jeremy McDermott , codirector InSight Crime","src":"https:\/\/i0.wp.com\/insightcrime.org\/wp-content\/uploads\/2021\/04\/Jeremy-McDermott-Memo-Fantasma-Hearing.jpg?fit=350%2C250&quality=100&ssl=1&resize=350%2C200","width":350,"height":200},"classes":[]},{"id":167545,"url":"https:\/\/insightcrime.org\/es\/noticias\/propiedades-memo-fantasma-colombia-destinaran-reparacion-victimas\/","url_meta":{"origin":121670,"position":3},"title":"Propiedades de Memo Fantasma en Colombia se destinar\u00e1n a reparaci\u00f3n de v\u00edctimas","author":"Chris Dalby","date":"15 de septiembre de 2021","format":false,"excerpt":"Docenas de propiedades y otros bienes expropiados a Memo Fantasma, uno de los mayores narcos de Colombia, se usar\u00e1n para apoyar a quienes han sufrido por la violencia en el pa\u00eds.","rel":"","context":"En \u00abNoticias\u00bb","block_context":{"text":"Noticias","link":"https:\/\/insightcrime.org\/es\/category\/noticias\/"},"img":{"alt_text":"Torre 85 in Bogot\u00e1 where properties belonging to Memo Fantasma were seized","src":"https:\/\/i0.wp.com\/insightcrime.org\/wp-content\/uploads\/2021\/09\/torre-85.jpg?fit=350%2C250&quality=100&ssl=1&resize=350%2C200","width":350,"height":200},"classes":[]},{"id":149595,"url":"https:\/\/insightcrime.org\/es\/noticias\/memo-fantasma-sombra-hampa-colombia-capturado-bogota\/","url_meta":{"origin":121670,"position":4},"title":"Memo Fantasma, la sombra del hampa en Colombia, fue capturado en Bogot\u00e1","author":"InSight Crime","date":"25 de junio de 2021","format":false,"excerpt":"Guillermo Le\u00f3n Acevedo Giraldo, alias \u201cMemo Fantasma\u201d, exjefe paramilitar y veterano narcotraficante, quien durante d\u00e9cadas logr\u00f3 eludir cualquier proceso judicial ocult\u00e1ndose tras una fachada de negocios leg\u00edtimos, fue capturado el 25 de junio por las autoridades colombianas.","rel":"","context":"En \u00abNoticias\u00bb","block_context":{"text":"Noticias","link":"https:\/\/insightcrime.org\/es\/category\/noticias\/"},"img":{"alt_text":"memo fantasma captured capturado guillermo leon acevedo","src":"https:\/\/i0.wp.com\/insightcrime.org\/wp-content\/uploads\/2021\/06\/memo-fantasma-captured-guillermo-leon-acevedo-capturado-1.jpg?fit=1200%2C600&quality=100&ssl=1&resize=350%2C200","width":350,"height":200,"srcset":"https:\/\/i0.wp.com\/insightcrime.org\/wp-content\/uploads\/2021\/06\/memo-fantasma-captured-guillermo-leon-acevedo-capturado-1.jpg?fit=1200%2C600&quality=100&ssl=1&resize=350%2C200 1x, https:\/\/i0.wp.com\/insightcrime.org\/wp-content\/uploads\/2021\/06\/memo-fantasma-captured-guillermo-leon-acevedo-capturado-1.jpg?fit=1200%2C600&quality=100&ssl=1&resize=525%2C300 1.5x, https:\/\/i0.wp.com\/insightcrime.org\/wp-content\/uploads\/2021\/06\/memo-fantasma-captured-guillermo-leon-acevedo-capturado-1.jpg?fit=1200%2C600&quality=100&ssl=1&resize=700%2C400 2x, https:\/\/i0.wp.com\/insightcrime.org\/wp-content\/uploads\/2021\/06\/memo-fantasma-captured-guillermo-leon-acevedo-capturado-1.jpg?fit=1200%2C600&quality=100&ssl=1&resize=1050%2C600 3x"},"classes":[]},{"id":170355,"url":"https:\/\/insightcrime.org\/es\/noticias\/alto-excomandante-paramilitar-colombiano-atestigua-caso-memo-fantasma\/","url_meta":{"origin":121670,"position":5},"title":"Alto excomandante paramilitar colombiano atestigua en el caso de Memo Fantasma","author":"InSight Crime","date":"27 de octubre de 2021","format":false,"excerpt":"Nuevos documentos presentados en el caso contra el se\u00f1alado narco paramilitar Guillermo Le\u00f3n Acevedo, alias \u201cMemo Fantasma\u201d, revelan que el excomandante paramilitar colombiano Salvatore Mancuso habl\u00f3 con los fiscales sobre \u00e9l, y que traficantes convictos le transfirieron a Acevedo varias propiedades por valor de millones de d\u00f3lares.","rel":"","context":"En \u00abNoticias\u00bb","block_context":{"text":"Noticias","link":"https:\/\/insightcrime.org\/es\/category\/noticias\/"},"img":{"alt_text":"Arresto del acusado narcotraficante paramilitar Guillermo Le\u00f3n Acevedo, alias \"Memo Fantasma\"","src":"https:\/\/i0.wp.com\/insightcrime.org\/wp-content\/uploads\/2021\/09\/Memo-Fantasma-Arrest-Mug.jpg?fit=350%2C251&quality=100&ssl=1&resize=350%2C200","width":350,"height":200},"classes":[]}],"jetpack_featured_media_url":"https:\/\/i0.wp.com\/insightcrime.org\/wp-content\/uploads\/2020\/07\/Marta-lucia-ramirez-memo-fantasma-jeremy-mc-dermmot-libertad-prensa-freedom-corrupcion-colombia-elites-crimen-organizado-28-07-2020-AP_19126842385119.jpg?fit=1336%2C700&quality=100&ssl=1","_links":{"self":[{"href":"https:\/\/insightcrime.org\/es\/wp-json\/wp\/v2\/posts\/121670","targetHints":{"allow":["GET"]}}],"collection":[{"href":"https:\/\/insightcrime.org\/es\/wp-json\/wp\/v2\/posts"}],"about":[{"href":"https:\/\/insightcrime.org\/es\/wp-json\/wp\/v2\/types\/post"}],"author":[{"embeddable":true,"href":"https:\/\/insightcrime.org\/es\/wp-json\/wp\/v2\/users\/90"}],"replies":[{"embeddable":true,"href":"https:\/\/insightcrime.org\/es\/wp-json\/wp\/v2\/comments?post=121670"}],"version-history":[{"count":6,"href":"https:\/\/insightcrime.org\/es\/wp-json\/wp\/v2\/posts\/121670\/revisions"}],"predecessor-version":[{"id":235954,"href":"https:\/\/insightcrime.org\/es\/wp-json\/wp\/v2\/posts\/121670\/revisions\/235954"}],"wp:featuredmedia":[{"embeddable":true,"href":"https:\/\/insightcrime.org\/es\/wp-json\/wp\/v2\/media\/121659"}],"wp:attachment":[{"href":"https:\/\/insightcrime.org\/es\/wp-json\/wp\/v2\/media?parent=121670"}],"wp:term":[{"taxonomy":"category","embeddable":true,"href":"https:\/\/insightcrime.org\/es\/wp-json\/wp\/v2\/categories?post=121670"},{"taxonomy":"post_tag","embeddable":true,"href":"https:\/\/insightcrime.org\/es\/wp-json\/wp\/v2\/tags?post=121670"},{"taxonomy":"newspack_spnsrs_tax","embeddable":true,"href":"https:\/\/insightcrime.org\/es\/wp-json\/wp\/v2\/newspack_spnsrs_tax?post=121670"},{"taxonomy":"author","embeddable":true,"href":"https:\/\/insightcrime.org\/es\/wp-json\/wp\/v2\/coauthors?post=121670"}],"curies":[{"name":"wp","href":"https:\/\/api.w.org\/{rel}","templated":true}]}}