{"id":123850,"date":"2020-09-16T11:17:12","date_gmt":"2020-09-16T16:17:12","guid":{"rendered":"https:\/\/insightcrime.org\/?p=123850"},"modified":"2023-04-24T16:43:30","modified_gmt":"2023-04-24T21:43:30","slug":"robo-yucca-problema-invisible-trafico-flora-mexico","status":"publish","type":"post","link":"https:\/\/insightcrime.org\/es\/noticias\/robo-yucca-problema-invisible-trafico-flora-mexico\/","title":{"rendered":"Robo de yucca devela consecuencias de tr\u00e1fico de flora invisibilizado en M\u00e9xico"},"content":{"rendered":"\n<p class=\"wp-block-paragraph\">Las denuncias de intensificaci\u00f3n del robo del cactus yucca a las comunidades ind\u00edgenas del estado de Baja California, en el noroeste de M\u00e9xico, con fines de exportaci\u00f3n, ponen de relieve el problema silencioso del tr\u00e1fico de flora en el pa\u00eds.<\/p>\n\n\n\n<p class=\"wp-block-paragraph\">Las comunidades ind\u00edgenas del municipio de Ensenada han prendido las alarmas por el robo continuado de yucca, una planta de la que depende su econom\u00eda, <a href=\"https:\/\/www.eluniversal.com.mx\/estados\/palo-de-oro-el-nuevo-botin-de-los-traficantes\" target=\"_blank\" rel=\"noopener\">seg\u00fan<\/a> El Universal. Representantes de las comunidades Kumiai, Cucap\u00e1s, Kiliwas y Paipai<span style=\"background-color: #ffffff;\">&nbsp;<a href=\"https:\/\/www.noticiasdebariloche.com.ar\/la-yucca-de-baja-california-el-nuevo-objetivo-de-los-traficantes-para-ganar-millones\/\" target=\"_blank\" rel=\"noopener\">se reunieron<\/a> con agentes federales para denunciar el saqueo sistem\u00e1tico de yucca, que presuntamente han perpetrado por a\u00f1os \u201cmafias\u201d&nbsp;armadas para venderla ilegalmente en el puerto de Ensenada a precios muy por debajo de lo regular.<\/span><\/p>\n\n\n\n<p class=\"wp-block-paragraph\"><span style=\"background-color: #ffffff;\">El jefe de los Kiliwas y representante en las reuniones, El\u00edas Espinoza \u00c1lvarez, <a style=\"background-color: #ffffff;\" href=\"http:\/\/www.hiptex.com.mx\/noticias\/17709\/denuncia-comunidad-kumiai-robo-de-yuca-en-valle-de-la-trinidad\" target=\"_blank\" rel=\"noopener\">declar\u00f3<\/a> que la comunidad vende la yucca a US$450 por tonelada para su uso en varias industrias, pero que los ladrones la venden a solo US$100 por tonelada<\/span>.<\/p>\n\n\n\n<p class=\"wp-block-paragraph\"><span style=\"color: #800000;\"><strong>VEA TAMBI\u00c9N:&nbsp;<\/strong><span style=\"color: #000000;\"><a href=\"https:\/\/es.insightcrime.org\/noticias\/noticias-del-dia\/saqueo-biodiversidad-marina-latinoamerica\/\" target=\"_blank\" rel=\"noopener\">Confinamiento no dio tregua al saqueo de biodiversidad marina en Latinoam\u00e9rica<\/a><\/span><\/span><\/p>\n\n\n\n<p class=\"wp-block-paragraph\">Las autoridades federales&nbsp;<a href=\"https:\/\/www.infobae.com\/america\/mexico\/2020\/09\/09\/la-yucca-de-baja-california-el-nuevo-objetivo-de-los-traficantes-para-ganar-millones\/\" target=\"_blank\" rel=\"noopener\">hicieron el anuncio<\/a> de que se instalar\u00eda un punto de guardia permanente en la zona con presencia de tropas de la Guardia Nacional y la polic\u00eda para impedir que los camiones con yucca salgan de la reserva ind\u00edgena. Hasta la fecha, sin embargo, a\u00fan&nbsp;<a href=\"https:\/\/mexiconewsdaily.com\/news\/yucca-plant-catches-the-eye-of-organized-crime\/\" target=\"_blank\" rel=\"noopener\">no se ha instalado<\/a> ese punto de inspecci\u00f3n. Adem\u00e1s, los Kiliw<span style=\"background-color: #ffffff;\">as&nbsp;<a style=\"background-color: #ffffff;\" href=\"https:\/\/www.eluniversal.com.mx\/estados\/palo-de-oro-el-nuevo-botin-de-los-traficantes\" target=\"_blank\" rel=\"noopener\">denuncian<\/a> que en el pasado su comunidad ha puesto patrullas, pero ha sido en vano, pues dicen que los ladrones capturados son liberados r\u00e1pidamente sin que los fiscales les formulen cargos<\/span>.<\/p>\n\n\n\n<p class=\"wp-block-paragraph\">Aunque el robo de yucca no es un delito muy denunciado en M\u00e9xico, el fen\u00f3meno no es nuevo. Por varios a\u00f1os, la Procuradur\u00eda Federal de Protecci\u00f3n al Ambiente (PROFEPA) ha monitoreado numerosos decomisos de yucca cortada de manera ilegal en el municipio de Ensenada. Solo en 2016, notific\u00f3 de un total de 71 toneladas de yucca (<a href=\"https:\/\/www.ensenada.net\/noticias\/nota.php?id=44655\" target=\"_blank\" rel=\"noopener\">28 toneladas<\/a>&nbsp;en abril, <a href=\"https:\/\/ensenada.net\/noticias\/nota.php?id=46769&amp;\" target=\"_blank\" rel=\"noopener\">6 <\/a>y&nbsp;<a href=\"https:\/\/ensenada.net\/noticias\/nota.php?id=46989\" target=\"_blank\" rel=\"noopener\">11 toneladas<\/a> en octubre, y <a href=\"https:\/\/www.ensenada.net\/noticias\/nota.php?id=47535\" target=\"_blank\" rel=\"noopener\">26 toneladas&nbsp;<\/a>en diciembre).<\/p>\n\n\n\n<p class=\"wp-block-paragraph\"><a href=\"https:\/\/www.eluniversal.com.mx\/estados\/palo-de-oro-el-nuevo-botin-de-los-traficantes\" target=\"_blank\" rel=\"noopener\">Pero seg\u00fan<\/a> Espinoza, el problema viene empeorando desde 2018, el mismo a\u00f1o en que el negocio global legal de plantas medicinales y arom\u00e1ticas (MAP) alcanz\u00f3 un r\u00e9cord de&nbsp;<a href=\"https:\/\/www.traffic.org\/publications\/reports\/the-invisible-trade-wild-plants-and-you-in-the-time-of-covid-19\/\" target=\"_blank\" rel=\"noopener\">US$3.300 millones<\/a>, lo que representa un crecimiento de 300 por ciento en dos d\u00e9cadas<span style=\"background-color: #ffffff;\">.<\/span><\/p>\n\n\n\n<h3 class=\"wp-block-heading\">An\u00e1lisis de InSight Crime<\/h3>\n\n\n\n<p class=\"wp-block-paragraph\">El contrabando de cactus mexicanos es una industria que mueve millones de d\u00f3lares, lo que ha llevado a algunos conservacionistas a&nbsp;<a href=\"https:\/\/www.bbc.com\/news\/science-environment-45438733\" target=\"_blank\" rel=\"noopener\">clasificar<\/a> los cactus \u201ccomo los productos de contrabando m\u00e1s populares de M\u00e9xico, solo despu\u00e9s de los narc\u00f3ticos y las armas\u201d.<\/p>\n\n\n\n<p class=\"wp-block-paragraph\">Aunque esto probablemente sea una exageraci\u00f3n, s\u00ed da muestra de la relativa importancia de una materia prima silvestre ilegal que muchas veces se <a href=\"https:\/\/www.brookings.edu\/blog\/order-from-chaos\/2020\/05\/11\/wildlife-trade-in-mexico-conservation-and-pandemics\/\" target=\"_blank\" rel=\"noopener\">pasa por alto en M\u00e9xico<\/a> en comparaci\u00f3n con el tr\u00e1fico de fauna silvestre, como los&nbsp;<a href=\"https:\/\/es.insightcrime.org\/noticias\/noticias-del-dia\/traficantes-de-mexico-y-china-hacen-su-agosto-con-vejigas-de-pescado\/\" target=\"_blank\" rel=\"noopener\">peces totoaba<\/a>, los&nbsp;<a href=\"https:\/\/es.insightcrime.org\/noticias\/analisis\/china-promueve-trafico-vida-silvestre-latinoamerica\/\" target=\"_blank\" rel=\"noopener\">pepinos de mar<\/a>&nbsp;y los&nbsp;<a href=\"https:\/\/es.insightcrime.org\/investigaciones\/mexico-trafico-vida-silvestre-tortugas-cocodrilos\/\" target=\"_blank\" rel=\"noopener\">cocodrilos<\/a>. Pero los conservacionistas alegan que el tr\u00e1fico il\u00edcito de flora puede ser&nbsp;<a href=\"https:\/\/www.traffic.org\/publications\/reports\/the-invisible-trade-wild-plants-and-you-in-the-time-of-covid-19\/\" target=\"_blank\" rel=\"noopener\">tan da\u00f1ino en t\u00e9rminos ambientales<\/a> como el de fauna.<\/p>\n\n\n\n<p class=\"wp-block-paragraph\">La mayor\u00eda de los cactus tienen un crecimiento extremadamente lento y son casi exclusivos del continente americano,&nbsp;lo que crea un desbalance entre la demanda global desaforada y la oferta regional limitada. Como sucede con otras materias primas, este desbalance conlleva a una elevaci\u00f3n sustancial de su valor monetario, lo que crea un incentivo para los contrabandistas.<\/p>\n\n\n\n<p class=\"wp-block-paragraph\"><span style=\"color: #800000;\"><strong>VEA TAMBI\u00c9N:&nbsp;<\/strong><\/span><a href=\"https:\/\/insightcrime.org\/es\/tag\/delitos-ambientales\/\" target=\"_blank\" rel=\"noopener\">Cobertura sobre delitos ambientales<\/a><\/p>\n\n\n\n<p class=\"wp-block-paragraph\">Pero aunque el contrabando de cactus, incluido el de yucca, muchas veces parezca estructurado, no es probable que sea obra de grupos criminales sofisticados. Seg\u00fan la doctora Tanya Wyatt, de la c\u00e1tedra de criminolog\u00eda en la Universidad de Northumbria, en el Reino Unido, el tr\u00e1fico de vida silvestre en M\u00e9xico ofrece \u201climitada evidencia de participaci\u00f3n amplia del crimen organizado\u201d. Lo que no quiere decir, sin embargo, que \u201cestos grupos no entren a participar en el tr\u00e1fico de yucca y otras plantas cuando el riesgo sea bajo y las ganancias elevadas\u201d, seg\u00fan afirm\u00f3 en intercambio con InSight Crime.<\/p>\n\n\n\n<p class=\"wp-block-paragraph\">Esta idea tiene precedentes. Por ejemplo, los carteles de Sinaloa y Ju\u00e1rez&nbsp;<a href=\"https:\/\/es.insightcrime.org\/noticias\/analisis\/tala-ilegal-en-chihuahua-mexico-es-territorio-de-carteles\/\" target=\"_blank\" rel=\"noopener\">en a\u00f1os recientes<\/a> se han visto envueltos en la tala ilegal en Chihuahua, usando su control territorial para obtener ganancias de una industria secundaria aparte del narcotr\u00e1fico.<\/p>\n\n\n\n<p class=\"wp-block-paragraph\">De manera similar, el municipio de Ensenada, de donde se roba y desde donde se contrabandea la yucca,&nbsp;sirve como&nbsp;<a href=\"https:\/\/www.jornada.com.mx\/ultimas\/estados\/2020\/08\/04\/detiene-semar-en-ensenada-a-dos-integrantes-del-cartel-de-sinaloa-4774.html\" target=\"_blank\" rel=\"noopener\">centro de narcotr\u00e1fico<\/a>&nbsp;\u2014por su proximidad estrat\u00e9gica con Tijuana, la frontera con Estados Unidos y por su importancia como nexo mar\u00edtimo\u2014 y como&nbsp;<a href=\"https:\/\/www.periodismonegro.mx\/2019\/03\/29\/localizan-plantios-amapola-marihuana-en-valle-guadalupe-ensenada\/\" target=\"_blank\" rel=\"noopener\">terreno f\u00e9rtil<\/a> para el cultivo de amapola y marihuana. Como resultado de eso, tanto el Cartel de Sinaloa como el Jalisco Nueva Generaci\u00f3n (CJNG) tienen presencia en el municipio.<\/p>\n","protected":false},"excerpt":{"rendered":"<p>Las denuncias de intensificaci\u00f3n del robo del cactus yucca a las comunidades ind\u00edgenas del estado de Baja California, en el noroeste de M\u00e9xico, con fines de exportaci\u00f3n, ponen de relieve el problema silencioso del tr\u00e1fico de flora en el pa\u00eds.<\/p>\n","protected":false},"author":201,"featured_media":123759,"comment_status":"closed","ping_status":"closed","sticky":false,"template":"","format":"standard","meta":{"newspack_ads_suppress_ads":false,"newspack_popups_has_disabled_popups":false,"newspack_sponsor_sponsorship_scope":"","newspack_sponsor_native_byline_display":"inherit","newspack_sponsor_native_category_display":"inherit","newspack_sponsor_underwriter_style":"inherit","newspack_sponsor_underwriter_placement":"inherit","_EventAllDay":false,"_EventTimezone":"","_EventStartDate":"","_EventEndDate":"","_EventStartDateUTC":"","_EventEndDateUTC":"","_EventShowMap":false,"_EventShowMapLink":false,"_EventURL":"","_EventCost":"","_EventCostDescription":"","_EventCurrencySymbol":"","_EventCurrencyCode":"","_EventCurrencyPosition":"","_EventDateTimeSeparator":"","_EventTimeRangeSeparator":"","_EventOrganizerID":[],"_EventVenueID":[],"_OrganizerEmail":"","_OrganizerPhone":"","_OrganizerWebsite":"","_VenueAddress":"","_VenueCity":"","_VenueCountry":"","_VenueProvince":"","_VenueState":"","_VenueZip":"","_VenuePhone":"","_VenueURL":"","_VenueStateProvince":"","_VenueLat":"","_VenueLng":"","_VenueShowMap":false,"_VenueShowMapLink":false,"_newspack_byline_active":false,"_newspack_byline":"","newspack_hide_updated_date":false,"newspack_show_updated_date":false,"newspack_featured_image_position":"","newspack_post_subtitle":"","newspack_article_summary_title":"Overview:","newspack_article_summary":"","_jetpack_memberships_contains_paid_content":false,"footnotes":""},"categories":[759],"tags":[603,549],"newspack_spnsrs_tax":[],"coauthors":[4245],"class_list":["post-123850","post","type-post","status-publish","format-standard","has-post-thumbnail","hentry","category-noticias","tag-environmental-crime","tag-mexico","entry"],"parsely":{"version":"1.1.0","canonical_url":"https:\/\/insightcrime.org\/es\/noticias\/robo-yucca-problema-invisible-trafico-flora-mexico\/","smart_links":{"inbound":0,"outbound":0},"traffic_boost_suggestions_count":0,"meta":{"@context":"https:\/\/schema.org","@type":"NewsArticle","headline":"Robo de yucca devela consecuencias de tr\u00e1fico de flora invisibilizado en M\u00e9xico","url":"http:\/\/insightcrime.org\/es\/noticias\/robo-yucca-problema-invisible-trafico-flora-mexico\/","mainEntityOfPage":{"@type":"WebPage","@id":"http:\/\/insightcrime.org\/es\/noticias\/robo-yucca-problema-invisible-trafico-flora-mexico\/"},"thumbnailUrl":"https:\/\/i0.wp.com\/insightcrime.org\/wp-content\/uploads\/2020\/09\/shutterstock_1664985922.jpg2_.jpg?resize=150%2C150&quality=100&ssl=1","image":{"@type":"ImageObject","url":"https:\/\/i0.wp.com\/insightcrime.org\/wp-content\/uploads\/2020\/09\/shutterstock_1664985922.jpg2_.jpg?fit=375%2C250&quality=100&ssl=1"},"articleSection":"Noticias","author":[{"@type":"Person","name":"Alessandro Ford"}],"creator":["Alessandro Ford"],"publisher":{"@type":"Organization","name":"InSight Crime","logo":"https:\/\/insightcrime.org\/wp-content\/uploads\/2023\/08\/logo.png"},"keywords":["delitos ambientales","m\u00e9xico"],"dateCreated":"2020-09-16T16:17:12Z","datePublished":"2020-09-16T16:17:12Z","dateModified":"2023-04-24T21:43:30Z"},"rendered":"<meta name=\"parsely-title\" content=\"Robo de yucca devela consecuencias de tr\u00e1fico de flora invisibilizado en M\u00e9xico\" \/>\n<meta name=\"parsely-link\" content=\"http:\/\/insightcrime.org\/es\/noticias\/robo-yucca-problema-invisible-trafico-flora-mexico\/\" \/>\n<meta name=\"parsely-type\" content=\"post\" \/>\n<meta name=\"parsely-image-url\" content=\"https:\/\/i0.wp.com\/insightcrime.org\/wp-content\/uploads\/2020\/09\/shutterstock_1664985922.jpg2_.jpg?resize=150%2C150&amp;quality=100&amp;ssl=1\" \/>\n<meta name=\"parsely-pub-date\" content=\"2020-09-16T16:17:12Z\" \/>\n<meta name=\"parsely-section\" content=\"Noticias\" \/>\n<meta name=\"parsely-tags\" content=\"delitos ambientales,m\u00e9xico\" \/>\n<meta name=\"parsely-author\" content=\"Alessandro Ford\" \/>","tracker_url":"https:\/\/cdn.parsely.com\/keys\/insightcrime.org\/p.js"},"jetpack_sharing_enabled":true,"jetpack-related-posts":[{"id":185299,"url":"https:\/\/insightcrime.org\/es\/news\/comunidades-indigenas-mexico-sufren-abandono-estatal-frente-grupos-criminales\/","url_meta":{"origin":123850,"position":0},"title":"Comunidades ind\u00edgenas de M\u00e9xico sufren abandono estatal frente a grupos criminales","author":"Henry Shuldiner","date":"13 de mayo de 2022","format":false,"excerpt":"La muerte de dos l\u00edderes ind\u00edgenas en el estado de Guerrero vuelve a llamar la atenci\u00f3n sobre la negligencia del gobierno en la protecci\u00f3n de las comunidades ind\u00edgenas azotadas por organizaciones criminales en todo M\u00e9xico.","rel":"","context":"En \u00abNews\u00bb","block_context":{"text":"News","link":"https:\/\/insightcrime.org\/category\/news\/"},"img":{"alt_text":"Grupos ind\u00edgenas de autodefensa se han levantado en armas para defenderse de los grupos criminales en Guerrero","src":"https:\/\/i0.wp.com\/insightcrime.org\/wp-content\/uploads\/2022\/05\/Mexico-Guerrero-Indigenous-Indybay1.jpg?fit=350%2C250&quality=100&ssl=1&resize=350%2C200","width":350,"height":200},"classes":[]},{"id":310166,"url":"https:\/\/insightcrime.org\/es\/noticias\/cosas-que-debe-saber-sobre-las-comunidades-indigenas-amazonia-peru\/","url_meta":{"origin":123850,"position":1},"title":"3 amenazas que enfrentan las comunidades ind\u00edgenas en la Amazon\u00eda de Per\u00fa","author":"Mar\u00eda Fernanda Ram\u00edrez","date":"20 de mayo de 2025","format":false,"excerpt":"En la Amazon\u00eda peruana, los pueblos ind\u00edgenas enfrentan una creciente amenaza ante el avance del crimen organizado, pero reciben poca atenci\u00f3n del Estado, seg\u00fan un nuevo estudio.\u00a0 Durante a\u00f1os, grupos criminales han invadido tierras ind\u00edgenas en Per\u00fa para explotar oro y madera, salpicar sus tierras con cultivos de coca y\u2026","rel":"","context":"En \u00abNoticias\u00bb","block_context":{"text":"Noticias","link":"https:\/\/insightcrime.org\/es\/category\/noticias\/"},"img":{"alt_text":"","src":"https:\/\/i0.wp.com\/insightcrime.org\/wp-content\/uploads\/2025\/05\/Comunidad-indigena-kakataibo-Ucayali-Peru.jpg?fit=700%2C500&quality=100&ssl=1&resize=350%2C200","width":350,"height":200,"srcset":"https:\/\/i0.wp.com\/insightcrime.org\/wp-content\/uploads\/2025\/05\/Comunidad-indigena-kakataibo-Ucayali-Peru.jpg?fit=700%2C500&quality=100&ssl=1&resize=350%2C200 1x, https:\/\/i0.wp.com\/insightcrime.org\/wp-content\/uploads\/2025\/05\/Comunidad-indigena-kakataibo-Ucayali-Peru.jpg?fit=700%2C500&quality=100&ssl=1&resize=525%2C300 1.5x, https:\/\/i0.wp.com\/insightcrime.org\/wp-content\/uploads\/2025\/05\/Comunidad-indigena-kakataibo-Ucayali-Peru.jpg?fit=700%2C500&quality=100&ssl=1&resize=700%2C400 2x"},"classes":[]},{"id":151116,"url":"https:\/\/insightcrime.org\/es\/noticias\/grupo-auntodefensa-conforma-ataque-criminal-chiapas-mexico\/","url_meta":{"origin":123850,"position":2},"title":"Grupo de autodefensa se conforma tras ataque criminal en Chiapas, M\u00e9xico","author":"Parker Asmann","date":"26 de julio de 2021","format":false,"excerpt":"En medio de la ausencia del gobierno, las comunidades ind\u00edgenas en las tierras altas del estado de Chiapas, en el sur de M\u00e9xico, est\u00e1n apoyando a un grupo de autodefensa que se form\u00f3 para defenderse de los ataques de grupos del crimen organizado contra sus comunidades.","rel":"","context":"En \u00abNoticias\u00bb","block_context":{"text":"Noticias","link":"https:\/\/insightcrime.org\/es\/category\/noticias\/"},"img":{"alt_text":"","src":"https:\/\/i0.wp.com\/insightcrime.org\/wp-content\/uploads\/2021\/07\/21-07-23-Chiapas-Autodefensas.jpg?fit=350%2C250&quality=100&ssl=1&resize=350%2C200","width":350,"height":200},"classes":[]},{"id":201015,"url":"https:\/\/insightcrime.org\/es\/noticias\/masacres-defensores-ambientales-impunes-lationamerica\/","url_meta":{"origin":123850,"position":3},"title":"Masacres de defensores ambientales siguen impunes en Latinoam\u00e9rica: informe","author":"Peter Appleby","date":"7 de octubre de 2022","format":false,"excerpt":"Latinoam\u00e9rica es, por un amplio margen, la regi\u00f3n m\u00e1s peligrosa del mundo para los activistas ambientales, con siete de sus pa\u00edses entre los primeros diez lugares de un macabro nuevo ranking.","rel":"","context":"En \u00abNoticias\u00bb","block_context":{"text":"Noticias","link":"https:\/\/insightcrime.org\/es\/category\/noticias\/"},"img":{"alt_text":"Manifestantes en Brasil se pronuncian por muertes de activistas","src":"https:\/\/i0.wp.com\/insightcrime.org\/wp-content\/uploads\/2022\/10\/environmental-crime-murder-1.jpeg?fit=350%2C250&quality=100&ssl=1&resize=350%2C200","width":350,"height":200},"classes":[]},{"id":209188,"url":"https:\/\/insightcrime.org\/es\/noticias\/control-cjng-michoacan-mexico-reclama-vidas-indigenas\/","url_meta":{"origin":123850,"position":4},"title":"El control del CJNG en Michoac\u00e1n, M\u00e9xico, reclama vidas ind\u00edgenas","author":"Yago Rosado","date":"27 de enero de 2023","format":false,"excerpt":"Las comunidades ind\u00edgenas protestan en Michoac\u00e1n, M\u00e9xico, despu\u00e9s de una serie de asesinatos y desapariciones que se han relacionado con los intentos del la Nueva Generaci\u00f3n del Cartel de Jalisco Nueva Generaci\u00f3n de aumentar su control de la miner\u00eda ilegal.","rel":"","context":"En \u00abNoticias\u00bb","block_context":{"text":"Noticias","link":"https:\/\/insightcrime.org\/es\/category\/noticias\/"},"img":{"alt_text":"A protest in the town of Aquila after the disappearance of two community leaders.","src":"https:\/\/i0.wp.com\/insightcrime.org\/wp-content\/uploads\/2023\/01\/4ELK465YR5C5LDC3WMB2JWPVO4-1-1.jpg?fit=350%2C250&quality=100&ssl=1&resize=350%2C200","width":350,"height":200},"classes":[]},{"id":203311,"url":"https:\/\/insightcrime.org\/es\/noticias\/tala-ilegal-degenero-crisis-nacional-seguridad-chile\/","url_meta":{"origin":123850,"position":5},"title":"C\u00f3mo la tala ilegal degener\u00f3 en una crisis nacional de seguridad en Chile","author":"Henry Shuldiner","date":"2 de noviembre de 2022","format":false,"excerpt":"La tala ilegal en Chile es un problema de larga data, especialmente en el sur del pa\u00eds, pero con la escalada de los choques entre mafias madereras, taladores y comunidades ind\u00edgenas, un nuevo marco legal trata de contener el problema.","rel":"","context":"En \u00abNoticias\u00bb","block_context":{"text":"Noticias","link":"https:\/\/insightcrime.org\/es\/category\/noticias\/"},"img":{"alt_text":"Cami\u00f3n transportador de madera envuelto en lllamas al sur de Chile","src":"https:\/\/i0.wp.com\/insightcrime.org\/wp-content\/uploads\/2022\/11\/Chile-Wood-Theft-Native-Radio-011122.jpeg?fit=350%2C250&quality=100&ssl=1&resize=350%2C200","width":350,"height":200},"classes":[]}],"jetpack_featured_media_url":"https:\/\/i0.wp.com\/insightcrime.org\/wp-content\/uploads\/2020\/09\/shutterstock_1664985922.jpg2_.jpg?fit=375%2C250&quality=100&ssl=1","_links":{"self":[{"href":"https:\/\/insightcrime.org\/es\/wp-json\/wp\/v2\/posts\/123850","targetHints":{"allow":["GET"]}}],"collection":[{"href":"https:\/\/insightcrime.org\/es\/wp-json\/wp\/v2\/posts"}],"about":[{"href":"https:\/\/insightcrime.org\/es\/wp-json\/wp\/v2\/types\/post"}],"author":[{"embeddable":true,"href":"https:\/\/insightcrime.org\/es\/wp-json\/wp\/v2\/users\/201"}],"replies":[{"embeddable":true,"href":"https:\/\/insightcrime.org\/es\/wp-json\/wp\/v2\/comments?post=123850"}],"version-history":[{"count":5,"href":"https:\/\/insightcrime.org\/es\/wp-json\/wp\/v2\/posts\/123850\/revisions"}],"predecessor-version":[{"id":124189,"href":"https:\/\/insightcrime.org\/es\/wp-json\/wp\/v2\/posts\/123850\/revisions\/124189"}],"wp:featuredmedia":[{"embeddable":true,"href":"https:\/\/insightcrime.org\/es\/wp-json\/wp\/v2\/media\/123759"}],"wp:attachment":[{"href":"https:\/\/insightcrime.org\/es\/wp-json\/wp\/v2\/media?parent=123850"}],"wp:term":[{"taxonomy":"category","embeddable":true,"href":"https:\/\/insightcrime.org\/es\/wp-json\/wp\/v2\/categories?post=123850"},{"taxonomy":"post_tag","embeddable":true,"href":"https:\/\/insightcrime.org\/es\/wp-json\/wp\/v2\/tags?post=123850"},{"taxonomy":"newspack_spnsrs_tax","embeddable":true,"href":"https:\/\/insightcrime.org\/es\/wp-json\/wp\/v2\/newspack_spnsrs_tax?post=123850"},{"taxonomy":"author","embeddable":true,"href":"https:\/\/insightcrime.org\/es\/wp-json\/wp\/v2\/coauthors?post=123850"}],"curies":[{"name":"wp","href":"https:\/\/api.w.org\/{rel}","templated":true}]}}