{"id":125368,"date":"2020-10-14T12:05:14","date_gmt":"2020-10-14T17:05:14","guid":{"rendered":"https:\/\/insightcrime.org\/?p=125368"},"modified":"2024-09-02T11:27:05","modified_gmt":"2024-09-02T16:27:05","slug":"fiscal-guatemala-arremete-feci","status":"publish","type":"post","link":"https:\/\/insightcrime.org\/es\/noticias\/fiscal-guatemala-arremete-feci\/","title":{"rendered":"Fiscal general de Guatemala arremete contra su propia fiscal\u00eda anticorrupci\u00f3n"},"content":{"rendered":"\n<p class=\"wp-block-paragraph\">Consuelo Porras, la fiscal general y jefa del Ministerio P\u00fablico de Guatemala, ha dado el aval para que su oficina abra procesos por denuncias contra Juan Francisco Sandoval, el fiscal que ha encabezado las investigaciones anticorrupci\u00f3n m\u00e1s importantes en el pa\u00eds en la \u00faltima d\u00e9cada. Si las denuncias prosperan, Sandoval podr\u00eda perder su trabajo o incluso enfrentar cargos criminales.<\/p>\n\n\n\n<p class=\"wp-block-paragraph\">Es un cap\u00edtulo m\u00e1s en la larga saga de hostigamiento contra una de las pocas oficinas que sigue investigando el crimen organizado y la corrupci\u00f3n de las elites guatemaltecas.<\/p>\n\n\n\n<p class=\"wp-block-paragraph\">Esta vez, el acoso a Sandoval y la unidad que \u00e9l dirige, la Fiscal\u00eda Especial Contra la Impunidad (FECI), viene desde el mismo Ministerio P\u00fablico (MP), lo cual no hab\u00eda ocurrido desde que la fiscal\u00eda especial empez\u00f3 a funcionar la d\u00e9cada pasada en estrecha colaboraci\u00f3n con la Comisi\u00f3n Internacional contra la Impunidad en Guatemala (<a href=\"https:\/\/es.insightcrime.org\/investigaciones\/elites-y-crimen-organizado-en-guatemala-la-cicig\/\" target=\"_blank\" rel=\"noreferrer noopener\">CICIG<\/a>).<\/p>\n\n\n\n<p class=\"wp-block-paragraph\">El 7 de octubre pasado, Porras anunci\u00f3 que hab\u00eda avalado la apertura de <a href=\"https:\/\/www.prensalibre.com\/guatemala\/justicia\/mp-da-tramite-a-nueve-procesos-administrativos-en-contra-juan-francisco-sandoval-y-personal-de-la-feci\/\" target=\"_blank\" rel=\"noreferrer noopener\">nueve procesos<\/a> contra Sandoval y al menos otros dos fiscales adscritos a FECI.<\/p>\n\n\n\n<p class=\"wp-block-paragraph\">La fiscal general dijo que hab\u00eda dado luz verde a las investigaciones porque \u201cning\u00fan funcionario\u2026 es superior a la ley\u2026 la labor del MP es atender todas las denuncias que recibe, y bajo estos principios, no se puede limitar el derecho ciudadano de denuncia\u201d, seg\u00fan un <a href=\"https:\/\/twitter.com\/MPguatemala\/status\/1313913280365309952?s=20\" target=\"_blank\" rel=\"noreferrer noopener\">comunicado<\/a> que la instituci\u00f3n subi\u00f3 a su cuenta de Twitter.<\/p>\n\n\n\n<p class=\"wp-block-paragraph\">Sandoval dijo a La Hora que le llama la atenci\u00f3n que, de las nueve denuncias avaladas por la fiscal general, tres fueron <a href=\"https:\/\/lahora.gt\/sandoval-llama-la-atencion-denuncias-administrativas-sugeridas-por-asesores-de-porras\/\" target=\"_blank\" rel=\"noreferrer noopener\">\u201csugeridas\u201d por asesores<\/a> de la misma Consuelo Porras, y seis fueron presentadas por personas a las que FECI ha abierto investigaciones.<\/p>\n\n\n\n<p class=\"wp-block-paragraph\"><span style=\"color: #800000;\"><strong>VEA TAMBI\u00c9N:<\/strong><\/span>&nbsp;<a href=\"https:\/\/es.insightcrime.org\/noticias\/analisis\/guatemala-sofistico-impunidad\/\" target=\"_blank\" rel=\"noopener\">\u201cGuatemala sofistic\u00f3 sus mecanimos para asegurar impunidad\u201d: Juan Francisco Sandoval<\/a><\/p>\n\n\n\n<p class=\"wp-block-paragraph\">Documentos a los que InSight Crime tuvo acceso indican que entre el 6 de julio de 2018 y el 7 de octubre de 2020, el MP ha recibido al menos 48 denuncias contra Sandoval. Las nueve \u00faltimas avaladas por la fiscal general son parte de esa lista.<\/p>\n\n\n\n<p class=\"wp-block-paragraph\">Esas nueve denuncias entraron directamente al despacho de Porras, y no a la oficina de atenci\u00f3n permanente del MP, que es la que usualmente recibe las quejas. Fue la fiscal general quien decidi\u00f3 abrir procesos administrativos en esos casos y, en uno de ellos, tambi\u00e9n una investigaci\u00f3n penal.<\/p>\n\n\n\n<p class=\"wp-block-paragraph\">La mayor\u00eda de quejas contra Sandoval se han originado por denuncias de funcionarios, exfuncionarios o particulares a los que FECI <a href=\"https:\/\/nomada.gt\/pais\/la-corrupcion-no-es-normal\/quienes-acusan-a-la-feci\/\" target=\"_blank\" rel=\"noreferrer noopener\">investig\u00f3 o llev\u00f3 a tribunales<\/a> por sospechas de corrupci\u00f3n, de cometer delitos, o de participar en grupos criminales. Entre los denunciantes est\u00e1n la ex primera dama <a href=\"https:\/\/nomada.gt\/pais\/entender-la-politica\/el-mito-del-monstruo-o-la-candidata-que-interviene-ante-dios-por-los-pobres\/\" target=\"_blank\" rel=\"noreferrer noopener\">Sandra Torres<\/a>, acusada entre otras cosas de financiamiento electoral il\u00edcito; el diputado <a href=\"https:\/\/www.prensalibre.com\/guatemala\/justicia\/csj-protege-por-cuarta-vez-a-felipe-alejos-y-le-conserva-la-inmunidad-breaking\/\" target=\"_blank\" rel=\"noreferrer noopener\">Felipe Alejos<\/a>, investigado por presunta corrupci\u00f3n; y el operador pol\u00edtico <a href=\"https:\/\/es.insightcrime.org\/noticias\/noticias-del-dia\/congresistas-de-estados-unidos-piden-sanciones-para-6-funcionarios-de-latinoamerica\/\" target=\"_blank\" rel=\"noreferrer noopener\">Gustavo Alejos<\/a>, preso por varios delitos.<\/p>\n\n\n\n<p class=\"wp-block-paragraph\">Al menos una de las denuncias fue presentada por el ciudadano ruso <a href=\"https:\/\/es.insightcrime.org\/noticias\/analisis\/departamento-de-estado-descarta-influencia-rusa-en-lucha-anticorrupcion-en-guatemala\/\" target=\"_blank\" rel=\"noopener\">Igor Bitkov<\/a>, quien fue acusado de comprar documentos falsos a una red criminal en la que estuvieron implicados funcionarios migratorios. El caso, que termin\u00f3 con condenas a 39 personas, fue luego usado como un argumento para&nbsp;desmantelar a la CICIG.<\/p>\n\n\n\n<p class=\"wp-block-paragraph\">El 40 por ciento de todas las denuncias contra Sandoval y la FECI fueron presentadas por la misma persona jur\u00eddica: la Fundaci\u00f3n contra el Terrorismo en Guatemala, una organizaci\u00f3n de ultraderecha que fue clave en el cabildeo interno a favor de la salida de CICIG y cuyo presidente, <a href=\"https:\/\/nomada.gt\/pais\/actualidad\/juez-galvez-ordena-al-mp-investigar-a-ricardo-mendez-ruiz\/\" target=\"_blank\" rel=\"noreferrer noopener\">Ricardo M\u00e9ndez Ruiz<\/a>, ya hab\u00eda sido <a href=\"https:\/\/lahora.gt\/titular-de-la-feci-presenta-denuncia-contra-fundacion-contra-el-terrorismo\/\" target=\"_blank\" rel=\"noreferrer noopener\">denunciado por Sandoval<\/a> por simulaci\u00f3n de delitos y obstruir la acci\u00f3n penal de la fiscal\u00eda especial.<\/p>\n\n\n\n<p class=\"wp-block-paragraph\">Claudia Gonz\u00e1lez, abogada de Sandoval, explic\u00f3 a InSight Crime que la mayor\u00eda de denuncias de la Fundaci\u00f3n contra el Terrorismo se refieren a hechos que no son delitos.<\/p>\n\n\n\n<p class=\"wp-block-paragraph\">\u201cEn los \u00faltimos meses la fundaci\u00f3n ha puestos casi una denuncia semanal contra Juan Francisco Sandoval. Mi impresi\u00f3n es que es una forma de amenazarlo e intimidarlo para que deje su trabajo como jefe de la FECI\u201d, dijo Gonz\u00e1lez.<\/p>\n\n\n\n<p class=\"wp-block-paragraph\">La FECI ha abierto cerca de 200 casos de corrupci\u00f3n y criminalidad organizada de alto nivel, y ha encabezado los procesos penales que desbarataron unas 60 estructuras criminales y llevaron a decenas de exfuncionarios y empresarios a la c\u00e1rcel, entre ellos al expresidente Otto P\u00e9rez Molina y su exvicepresidenta Roxana Baldetti.<\/p>\n\n\n\n<h3 class=\"wp-block-heading\">An\u00e1lisis de InSight Crime<\/h3>\n\n\n\n<p class=\"wp-block-paragraph\">Las denuncias avaladas por la fiscal Porras son solo el intento m\u00e1s reciente del estado guatemalteco contra FECI.<\/p>\n\n\n\n<p class=\"wp-block-paragraph\">En el comunicado en el que justifica las nuevas investigaciones, la fiscal Porras \u201chace un llamado a evitar rumores y especulaciones, pues bajo ninguna circunstancia se busca debilitar a la FECI\u201d. Los acontecimientos recientes dicen otra cosa.<\/p>\n\n\n\n<p class=\"wp-block-paragraph\">A mediados de este a\u00f1o, la jefa del MP hab\u00eda quitado a la fiscal\u00eda especial una investigaci\u00f3n por narcotr\u00e1fico derivada del famoso expediente <a href=\"https:\/\/lahora.gt\/fiscal-general-consuelo-porras-quita-otra-investigacion-a-la-feci\/\" target=\"_blank\" rel=\"noreferrer noopener\">La L\u00ednea<\/a>, que forz\u00f3 las renuncias y arrestos posteriores de P\u00e9rez Molina y Baldetti en 2015 y del cual se han desprendido una docena de casos m\u00e1s que implican a otros exfuncionarios, a empresarios privados y a grupos criminales.<\/p>\n\n\n\n<p class=\"wp-block-paragraph\">Porras tambi\u00e9n sustrajo de FECI, en septiembre pasado, una investigaci\u00f3n por supuestos malos manejos en al compra de medicamentos en el <a href=\"https:\/\/www.prensalibre.com\/guatemala\/justicia\/presidente-de-igss-se-opone-a-que-el-mp-haya-quitado-a-feci-el-caso-de-supuesta-conspiracion-contra-la-institucion\/\" target=\"_blank\" rel=\"noreferrer noopener\">Instituto Guatemalteco del Seguro Social<\/a> (IGSS), algo a lo que incluso el presidente de la instituci\u00f3n se opuso.<\/p>\n\n\n\n<p class=\"wp-block-paragraph\">En julio, la fiscal general anunci\u00f3 la apertura de una nueva oficina anticorrupci\u00f3n en el Ministerio P\u00fablico, al frente de la cual puso a un colaborador que enfrenta se\u00f1alamientos por intentar favorecer a un alto funcionario judicial en una investigaci\u00f3n. La decisi\u00f3n <a href=\"https:\/\/es.insightcrime.org\/noticias\/analisis\/anticorrupcion-guatemala-cortina-humo\/\" target=\"_blank\" rel=\"noreferrer noopener\">abri\u00f3 preguntas<\/a> sobre la posibilidad de que la nueva oficina fuese un intento de quitar m\u00e1s expedientes a FECI.<\/p>\n\n\n\n<p class=\"wp-block-paragraph\">La decisi\u00f3n de Porras de investigar a Sandoval y a la FECI ha puesto a la fiscal general en medio de una tormenta pol\u00edtica, que incluye una inusual reacci\u00f3n del Departamento de Estado de Estados Unidos.<\/p>\n\n\n\n<p class=\"wp-block-paragraph\"><span style=\"color: #800000;\"><strong>VEA TAMBI\u00c9N:<\/strong><\/span> <a href=\"https:\/\/es.insightcrime.org\/noticias\/noticias-del-dia\/expectativa-en-guatemala-por-nueva-fiscal-general-escogida-por-el-presidente\/\" target=\"_blank\" rel=\"noopener\">Expectativa en Guatemala por nueva fiscal general escogida por el presidente<\/a><\/p>\n\n\n\n<p class=\"wp-block-paragraph\">En un trino el 8 de octubre pasado, el subsecretario adjunto para Am\u00e9rica Latina, <a href=\"https:\/\/www.efe.com\/efe\/america\/politica\/ee-uu-insta-a-fiscal-de-guatemala-perseguir-corruptos-y-no-su-mismo-equipo\/20000035-4363668\" target=\"_blank\" rel=\"noreferrer noopener\">Michael Kozak<\/a>, emplaz\u00f3 a Porras en un tono tajante: \u201cLa fiscal general tiene como deber perseguir leg\u00edtimas investigaciones de corrupci\u00f3n hasta donde lleven. Persiga a los corruptos, no a sus fiscales anticorrupci\u00f3n en la FECI\u201d, escribi\u00f3.<\/p>\n\n\n\n<p class=\"wp-block-paragraph\">Porras respondi\u00f3 a Washington a trav\u00e9s de un <a href=\"https:\/\/twitter.com\/MPguatemala\/status\/1314325319818641408?s=20\" target=\"_blank\" rel=\"noreferrer noopener\">comunicado<\/a> en el que alega que todo el proceso de denuncias contra Sandoval se ha hecho de acuerdo con el \u201cordenamiento jur\u00eddico\u201d de Guatemala y apela a la \u201csoberan\u00eda\u201d del Ministerio P\u00fablico.<\/p>\n\n\n\n<p class=\"wp-block-paragraph\">La nueva tensi\u00f3n entre Porras y FECI ocurre cuando Guatemala lleva casi un a\u00f1o sin elegir a sus <a href=\"https:\/\/es.insightcrime.org\/noticias\/analisis\/redes-criminales-crisis-constitucional-guatemala\/\" target=\"_blank\" rel=\"noreferrer noopener\">altas cortes<\/a>. Varios de los que han denunciado a FECI, entre ellos <a href=\"https:\/\/es.insightcrime.org\/noticias\/analisis\/cortes-guatemala-infiltracion-criminal\/\" target=\"_blank\" rel=\"noreferrer noopener\">Gustavo Alejos<\/a>, han intentado dilatar el proceso luego de que la fiscal\u00eda especial revel\u00f3 que \u00e9l dirig\u00eda, desde la c\u00e1rcel, una red de corrupci\u00f3n que inclu\u00eda a diputados y magistrados que pretend\u00edan tomarse la Corte Suprema de Justicia y la Corte de Apelaciones.<\/p>\n\n\n\n<p class=\"wp-block-paragraph\">El 9 de octubre pasado, incluso la Corte Interamericana de Derechos Humanos (CIDH) pidi\u00f3 al estado guatemalteco que <a href=\"https:\/\/elperiodico.com.gt\/nacionales\/2020\/10\/12\/png-informa-sobre-los-procesos-en-el-caso-ruiz-fuentes-vs-guatemala-1\/\" target=\"_blank\" rel=\"noreferrer noopener\">refuerce las medidas de seguridad<\/a> a Sandoval y otros dos fiscales de FECI que \u201cson v\u00edctimas de actos de intimidaci\u00f3n y amenazas\u201d. La CIDH ya hab\u00eda ordenado proteger a los fiscales en abril de 2020, pero, desde entonces, el acoso en contra de Sandoval y sus investigadores no ha hecho m\u00e1s que aumentar.<\/p>\n","protected":false},"excerpt":{"rendered":"<p>Consuelo Porras, la fiscal general y jefa del Ministerio P\u00fablico de Guatemala, ha dado el aval para que su oficina abra procesos por denuncias contra Juan Francisco Sandoval, el fiscal [&hellip;]<\/p>\n","protected":false},"author":83,"featured_media":88381,"comment_status":"closed","ping_status":"closed","sticky":false,"template":"","format":"standard","meta":{"newspack_ads_suppress_ads":false,"newspack_popups_has_disabled_popups":false,"newspack_sponsor_sponsorship_scope":"","newspack_sponsor_native_byline_display":"inherit","newspack_sponsor_native_category_display":"inherit","newspack_sponsor_underwriter_style":"inherit","newspack_sponsor_underwriter_placement":"inherit","_EventAllDay":false,"_EventTimezone":"","_EventStartDate":"","_EventEndDate":"","_EventStartDateUTC":"","_EventEndDateUTC":"","_EventShowMap":false,"_EventShowMapLink":false,"_EventURL":"","_EventCost":"","_EventCostDescription":"","_EventCurrencySymbol":"","_EventCurrencyCode":"","_EventCurrencyPosition":"","_EventDateTimeSeparator":"","_EventTimeRangeSeparator":"","_EventOrganizerID":[],"_EventVenueID":[],"_OrganizerEmail":"","_OrganizerPhone":"","_OrganizerWebsite":"","_VenueAddress":"","_VenueCity":"","_VenueCountry":"","_VenueProvince":"","_VenueState":"","_VenueZip":"","_VenuePhone":"","_VenueURL":"","_VenueStateProvince":"","_VenueLat":"","_VenueLng":"","_VenueShowMap":false,"_VenueShowMapLink":false,"_newspack_byline_active":false,"_newspack_byline":"","newspack_hide_updated_date":false,"newspack_show_updated_date":false,"newspack_featured_image_position":"","newspack_post_subtitle":"","newspack_article_summary_title":"Overview:","newspack_article_summary":"","_jetpack_memberships_contains_paid_content":false,"footnotes":""},"categories":[759],"tags":[447,374],"newspack_spnsrs_tax":[],"coauthors":[3725],"class_list":["post-125368","post","type-post","status-publish","format-standard","has-post-thumbnail","hentry","category-noticias","tag-elites-y-crimen-organizado","tag-guatemala-pais","entry"],"parsely":{"version":"1.1.0","canonical_url":"https:\/\/insightcrime.org\/es\/noticias\/fiscal-guatemala-arremete-feci\/","smart_links":{"inbound":0,"outbound":0},"traffic_boost_suggestions_count":0,"meta":{"@context":"https:\/\/schema.org","@type":"NewsArticle","headline":"Fiscal general de Guatemala arremete contra su propia fiscal\u00eda anticorrupci\u00f3n","url":"http:\/\/insightcrime.org\/es\/noticias\/fiscal-guatemala-arremete-feci\/","mainEntityOfPage":{"@type":"WebPage","@id":"http:\/\/insightcrime.org\/es\/noticias\/fiscal-guatemala-arremete-feci\/"},"thumbnailUrl":"https:\/\/i0.wp.com\/insightcrime.org\/wp-content\/uploads\/2018\/08\/e0ea6065-8b4c-48b2-861b-91251c8503e1_749_499.jpg?resize=150%2C150&quality=100&ssl=1","image":{"@type":"ImageObject","url":"https:\/\/i0.wp.com\/insightcrime.org\/wp-content\/uploads\/2018\/08\/e0ea6065-8b4c-48b2-861b-91251c8503e1_749_499.jpg?fit=350%2C250&quality=100&ssl=1"},"articleSection":"Noticias","author":[{"@type":"Person","name":"H\u00e9ctor Silva \u00c1valos"}],"creator":["H\u00e9ctor Silva \u00c1valos"],"publisher":{"@type":"Organization","name":"InSight Crime","logo":"https:\/\/insightcrime.org\/wp-content\/uploads\/2023\/08\/logo.png"},"keywords":["\u00e9lites y crimen","guatemala"],"dateCreated":"2020-10-14T17:05:14Z","datePublished":"2020-10-14T17:05:14Z","dateModified":"2024-09-02T16:27:05Z"},"rendered":"<meta name=\"parsely-title\" content=\"Fiscal general de Guatemala arremete contra su propia fiscal\u00eda anticorrupci\u00f3n\" \/>\n<meta name=\"parsely-link\" content=\"http:\/\/insightcrime.org\/es\/noticias\/fiscal-guatemala-arremete-feci\/\" \/>\n<meta name=\"parsely-type\" content=\"post\" \/>\n<meta name=\"parsely-image-url\" content=\"https:\/\/i0.wp.com\/insightcrime.org\/wp-content\/uploads\/2018\/08\/e0ea6065-8b4c-48b2-861b-91251c8503e1_749_499.jpg?resize=150%2C150&amp;quality=100&amp;ssl=1\" \/>\n<meta name=\"parsely-pub-date\" content=\"2020-10-14T17:05:14Z\" \/>\n<meta name=\"parsely-section\" content=\"Noticias\" \/>\n<meta name=\"parsely-tags\" content=\"\u00e9lites y crimen,guatemala\" \/>\n<meta name=\"parsely-author\" content=\"H\u00e9ctor Silva \u00c1valos\" \/>","tracker_url":"https:\/\/cdn.parsely.com\/keys\/insightcrime.org\/p.js"},"jetpack_sharing_enabled":true,"jetpack-related-posts":[{"id":164020,"url":"https:\/\/insightcrime.org\/es\/noticias\/por-encima-clamor-publico-guatemala-sigue-demoliendo-medidas-anticorrupcion\/","url_meta":{"origin":125368,"position":0},"title":"Por encima del clamor p\u00fablico, Guatemala sigue demoliendo iniciativas anticorrupci\u00f3n","author":"Alex Papadovassilakis","date":"25 de julio de 2021","format":false,"excerpt":"La destituci\u00f3n de Juan Francisco Sandoval, importante fiscal anticorrupci\u00f3n, marca el cierre formal de las iniciativas para fortalecer los organismos anticorrupci\u00f3n en Guatemala.","rel":"","context":"En \u00abNoticias\u00bb","block_context":{"text":"Noticias","link":"https:\/\/insightcrime.org\/es\/category\/noticias\/"},"img":{"alt_text":"","src":"https:\/\/i0.wp.com\/insightcrime.org\/wp-content\/uploads\/2021\/07\/IMG_20210724_155629942_HDR-scaled.jpg?fit=1200%2C900&quality=100&ssl=1&resize=350%2C200","width":350,"height":200,"srcset":"https:\/\/i0.wp.com\/insightcrime.org\/wp-content\/uploads\/2021\/07\/IMG_20210724_155629942_HDR-scaled.jpg?fit=1200%2C900&quality=100&ssl=1&resize=350%2C200 1x, https:\/\/i0.wp.com\/insightcrime.org\/wp-content\/uploads\/2021\/07\/IMG_20210724_155629942_HDR-scaled.jpg?fit=1200%2C900&quality=100&ssl=1&resize=525%2C300 1.5x, https:\/\/i0.wp.com\/insightcrime.org\/wp-content\/uploads\/2021\/07\/IMG_20210724_155629942_HDR-scaled.jpg?fit=1200%2C900&quality=100&ssl=1&resize=700%2C400 2x, https:\/\/i0.wp.com\/insightcrime.org\/wp-content\/uploads\/2021\/07\/IMG_20210724_155629942_HDR-scaled.jpg?fit=1200%2C900&quality=100&ssl=1&resize=1050%2C600 3x"},"classes":[]},{"id":178918,"url":"https:\/\/insightcrime.org\/es\/noticias\/aumenta-represion-contra-fiscales-guatemala-denuncias-corrupcion-presidencial\/","url_meta":{"origin":125368,"position":1},"title":"Aumenta represi\u00f3n contra fiscales de Guatemala entre denuncias de corrupci\u00f3n presidencial","author":"Alex Papadovassilakis","date":"23 de febrero de 2022","format":false,"excerpt":"Tras las crecientes denuncias de corrupci\u00f3n contra el presidente de Guatemala, la fiscal general del pa\u00eds, Consuelo Porras, ha tomado pocas medidas, y por el contrario ha intensificado la represi\u00f3n contra los fiscales que investigan la corrupci\u00f3n en los altos niveles.","rel":"","context":"En \u00abNoticias\u00bb","block_context":{"text":"Noticias","link":"https:\/\/insightcrime.org\/es\/category\/noticias\/"},"img":{"alt_text":"","src":"https:\/\/i0.wp.com\/insightcrime.org\/wp-content\/uploads\/2022\/02\/Porras-1.jpeg?fit=300%2C200&quality=100&ssl=1&resize=350%2C200","width":350,"height":200},"classes":[]},{"id":167094,"url":"https:\/\/insightcrime.org\/es\/noticias\/exfiscal-anticorrupcion-guatemala-rechaza-orden-arresto\/","url_meta":{"origin":125368,"position":2},"title":"Exfiscal anticorrupci\u00f3n de Guatemala rechaza orden de arresto","author":"Alex Papadovassilakis","date":"3 de septiembre de 2021","format":false,"excerpt":"Un juzgado de Guatemala ha emitido una orden de arresto contra Juan Francisco Sandoval, fiscal anticorrupci\u00f3n en el exilio, lo que cierra cualquier posibilidad de un pronto retorno suyo a Guatemala para retomar su trabajo en la investigaci\u00f3n de los casos de corrupci\u00f3n de m\u00e1s alto perfil.","rel":"","context":"En \u00abNoticias\u00bb","block_context":{"text":"Noticias","link":"https:\/\/insightcrime.org\/es\/category\/noticias\/"},"img":{"alt_text":"La Fiscal General Porras y sus peticiones a Sandoval","src":"https:\/\/i0.wp.com\/insightcrime.org\/wp-content\/uploads\/2021\/08\/Porras-y-Sandoval.jpg?fit=350%2C250&quality=100&ssl=1&resize=350%2C200","width":350,"height":200},"classes":[]},{"id":185870,"url":"https:\/\/insightcrime.org\/es\/noticias\/pese-denuncias-anticorrupcion-guatemala-reelige-fiscal-general\/","url_meta":{"origin":125368,"position":3},"title":"Pese a denuncias de organismos anticorrupci\u00f3n, Guatemala reelige a fiscal general","author":"Scott Mistler-Ferguson","date":"18 de mayo de 2022","format":false,"excerpt":"Guatemala ha ratificado a la fiscal general Consuelo Porras para un segundo periodo, a pesar de su historial documentado de blindaje de las \u00e9lites pol\u00edticas y empresariales frente a investigaciones anticorrupci\u00f3n.","rel":"","context":"En \u00abNoticias\u00bb","block_context":{"text":"Noticias","link":"https:\/\/insightcrime.org\/es\/category\/noticias\/"},"img":{"alt_text":"Guatemala's top prosecutor Consuelo Porras gesticulates","src":"https:\/\/i0.wp.com\/insightcrime.org\/wp-content\/uploads\/2022\/05\/Consuelo-Porras.jpeg?fit=350%2C233&quality=100&ssl=1&resize=350%2C200","width":350,"height":200},"classes":[]},{"id":164863,"url":"https:\/\/insightcrime.org\/es\/noticias\/documentos-revelan-presiones-sobre-unidad-anticorrupcion-guatemala\/","url_meta":{"origin":125368,"position":4},"title":"Documentos revelan presiones sobre la unidad anticorrupci\u00f3n de Guatemala","author":"Alex Papadovassilakis","date":"5 de agosto de 2021","format":false,"excerpt":"Antes de la destituci\u00f3n de Juan Francisco Sandoval, la fiscal general Consuelo Porras, la principal fiscal anticorrupci\u00f3n de Guatemala, lo hab\u00eda estado presionando para que detuviera las investigaciones, dado que la divisi\u00f3n de Sandoval se encontraba investigando acusaciones de corrupci\u00f3n al interior del despacho de Porras.","rel":"","context":"En \u00abNoticias\u00bb","block_context":{"text":"Noticias","link":"https:\/\/insightcrime.org\/es\/category\/noticias\/"},"img":{"alt_text":"La Fiscal General Porras y sus peticiones a Sandoval","src":"https:\/\/i0.wp.com\/insightcrime.org\/wp-content\/uploads\/2021\/08\/Porras-y-Sandoval.jpg?fit=350%2C250&quality=100&ssl=1&resize=350%2C200","width":350,"height":200},"classes":[]},{"id":342159,"url":"https:\/\/insightcrime.org\/es\/noticias\/puede-nuevo-fiscal-general-guatemala-reactivar-lucha-anticorrupcion\/","url_meta":{"origin":125368,"position":5},"title":"\u00bfPuede el nuevo fiscal general de Guatemala reactivar la lucha anticorrupci\u00f3n?","author":"Creusa Mu\u00f1oz","date":"18 de mayo de 2026","format":false,"excerpt":"El nuevo fiscal general de Guatemala, Gabriel Garc\u00eda Luna, enfrenta el reto de reformar un Ministerio P\u00fablico debilitado tras a\u00f1os de cuestionamientos a la gesti\u00f3n de Consuelo Porras.","rel":"","context":"En \u00abNoticias\u00bb","block_context":{"text":"Noticias","link":"https:\/\/insightcrime.org\/es\/category\/noticias\/"},"img":{"alt_text":"","src":"https:\/\/i0.wp.com\/insightcrime.org\/wp-content\/uploads\/2026\/05\/flagship.jpg?fit=350%2C250&quality=100&ssl=1&resize=350%2C200","width":350,"height":200},"classes":[]}],"jetpack_featured_media_url":"https:\/\/i0.wp.com\/insightcrime.org\/wp-content\/uploads\/2018\/08\/e0ea6065-8b4c-48b2-861b-91251c8503e1_749_499.jpg?fit=350%2C250&quality=100&ssl=1","_links":{"self":[{"href":"https:\/\/insightcrime.org\/es\/wp-json\/wp\/v2\/posts\/125368","targetHints":{"allow":["GET"]}}],"collection":[{"href":"https:\/\/insightcrime.org\/es\/wp-json\/wp\/v2\/posts"}],"about":[{"href":"https:\/\/insightcrime.org\/es\/wp-json\/wp\/v2\/types\/post"}],"author":[{"embeddable":true,"href":"https:\/\/insightcrime.org\/es\/wp-json\/wp\/v2\/users\/83"}],"replies":[{"embeddable":true,"href":"https:\/\/insightcrime.org\/es\/wp-json\/wp\/v2\/comments?post=125368"}],"version-history":[{"count":5,"href":"https:\/\/insightcrime.org\/es\/wp-json\/wp\/v2\/posts\/125368\/revisions"}],"predecessor-version":[{"id":132381,"href":"https:\/\/insightcrime.org\/es\/wp-json\/wp\/v2\/posts\/125368\/revisions\/132381"}],"wp:featuredmedia":[{"embeddable":true,"href":"https:\/\/insightcrime.org\/es\/wp-json\/wp\/v2\/media\/88381"}],"wp:attachment":[{"href":"https:\/\/insightcrime.org\/es\/wp-json\/wp\/v2\/media?parent=125368"}],"wp:term":[{"taxonomy":"category","embeddable":true,"href":"https:\/\/insightcrime.org\/es\/wp-json\/wp\/v2\/categories?post=125368"},{"taxonomy":"post_tag","embeddable":true,"href":"https:\/\/insightcrime.org\/es\/wp-json\/wp\/v2\/tags?post=125368"},{"taxonomy":"newspack_spnsrs_tax","embeddable":true,"href":"https:\/\/insightcrime.org\/es\/wp-json\/wp\/v2\/newspack_spnsrs_tax?post=125368"},{"taxonomy":"author","embeddable":true,"href":"https:\/\/insightcrime.org\/es\/wp-json\/wp\/v2\/coauthors?post=125368"}],"curies":[{"name":"wp","href":"https:\/\/api.w.org\/{rel}","templated":true}]}}