{"id":128261,"date":"2020-12-14T15:06:44","date_gmt":"2020-12-14T20:06:44","guid":{"rendered":"https:\/\/insightcrime.org\/?p=128261"},"modified":"2024-10-28T12:14:10","modified_gmt":"2024-10-28T17:14:10","slug":"record-homicidios-prisiones-ecuador-2020","status":"publish","type":"post","link":"https:\/\/insightcrime.org\/es\/noticias\/record-homicidios-prisiones-ecuador-2020\/","title":{"rendered":"La guerra de pandillas impulsa r\u00e9cord de homicidios en c\u00e1rceles de Ecuador"},"content":{"rendered":"\n<p class=\"wp-block-paragraph\">Una guerra entre pandillas que se est\u00e1 librando en las c\u00e1rceles de Ecuador ha convertido al 2020 en el a\u00f1o m\u00e1s sangriento registrado en las prisiones, lo que indica que el sistema penitenciario del pa\u00eds no logra contener el creciente conflicto entre las facciones pandilleras, cada vez m\u00e1s numerosas.<\/p>\n\n\n\n<p class=\"wp-block-paragraph\">El 6 de diciembre estall\u00f3 <a href=\"https:\/\/www.eluniverso.com\/noticias\/2020\/12\/07\/nota\/8075287\/dos-bandas-relacionadas-choneros-lagartos-pelea-carcel-esmeraldas\" target=\"_blank\" rel=\"noopener\">una batalla<\/a> entre dos pandillas, que dej\u00f3 como resultado 6 muertos y 12 heridos en el Centro de Rehabilitaci\u00f3n Social de Varones de Esmeraldas (CRSVE), seg\u00fan report\u00f3 el medio El Universo. El enfrentamiento elev\u00f3 el n\u00famero de homicidios en las prisiones del pa\u00eds este a\u00f1o a un r\u00e9cord de 43, muchos m\u00e1s que los 32 en 2019 y un grave aumento con respecto a los 11 de 2018, como <a href=\"https:\/\/www.planv.com.ec\/historias\/sociedad\/nuevas-cifras-revelan-la-fuerte-crisis-carcelaria-ecuador#:~:text=una%20c%C3%A1rcel%20ecuatoriana.-,El%202020%20se%20encamina%20a%20ser%20el%20a%C3%B1o%20m%C3%A1s%20violento,lo%20registrado%20en%20el%202016.&amp;text=Pero%20a%20la%20violencia%20se,a%20la%20c%C3%A1rcel%20de%20Ambato\" target=\"_blank\" rel=\"noopener\">inform\u00f3 Plan V<\/a>.<\/p>\n\n\n\n<p class=\"wp-block-paragraph\">Los dos grupos que se pelearon en la c\u00e1rcel de Esmeraldas fueron Los Tiguerones y Los G\u00e1nster Negros, ramificaciones de dos de las pandillas m\u00e1s grandes de Ecuador, Los Choneros y Los Lagartos, que se han enfrentado en calles y prisiones de Ecuador.<\/p>\n\n\n\n<p class=\"wp-block-paragraph\"><span style=\"color: #993300;\"><strong>&nbsp; &nbsp; &nbsp;VEA TAMBI\u00c9N:<\/strong><\/span> <a href=\"https:\/\/es.insightcrime.org\/noticias\/analisis\/ecuador-militares-carceles-violencia-pandillas\/\" target=\"_blank\" rel=\"noopener\">Ecuador env\u00eda militares a c\u00e1rceles para controlar violencia de pandillas<\/a><\/p>\n\n\n\n<p class=\"wp-block-paragraph\">Las autoridades <a href=\"https:\/\/www.eluniverso.com\/noticias\/2020\/12\/07\/nota\/8074867\/identificadas-victimas-enfrentamiento-bandas-carcel-varones\" target=\"_blank\" rel=\"noopener\">respondieron<\/a> a los disturbios con un despliegue del Ej\u00e9rcito, con el fin de crear un per\u00edmetro de seguridad fuera de la valla de la prisi\u00f3n, as\u00ed como con registros en las celdas y el retiro de los 46 reclusos m\u00e1s peligrosos de los pabellones principales, quienes m\u00e1s tarde ser\u00e1n <a href=\"https:\/\/www.eluniverso.com\/noticias\/2020\/12\/07\/nota\/8075287\/dos-bandas-relacionadas-choneros-lagartos-pelea-carcel-esmeraldas\" target=\"_blank\" rel=\"noopener\">trasladados<\/a> a la prisi\u00f3n de Litoral en Guayaquil.<\/p>\n\n\n\n<p class=\"wp-block-paragraph\">Estas medidas son similares a las que se impusieron en la prisi\u00f3n de Litoral en el mes de agosto, cuando se produjo la batalla carcelaria m\u00e1s mortal en la historia reciente de Ecuador, entre Los Choneros y Los Lagartos, que dej\u00f3 como resultado 11 reclusos muertos y 15 personas heridas, entre ellas varios guardias. Posteriormente se hicieron varias inspecciones en la prisi\u00f3n, que permitieron <a href=\"https:\/\/www.eluniverso.com\/noticias\/2020\/08\/07\/nota\/7933959\/hallaron-ocho-pistolas-fusil-encaletados-penitenciaria\" target=\"_blank\" rel=\"noopener\">el hallazgo<\/a> de un rifle de alta tecnolog\u00eda, ocho pistolas y m\u00e1s de <a href=\"https:\/\/www.planv.com.ec\/historias\/sociedad\/nuevas-cifras-revelan-la-fuerte-crisis-carcelaria-ecuador#:~:text=una%20c%C3%A1rcel%20ecuatoriana.-,El%202020%20se%20encamina%20a%20ser%20el%20a%C3%B1o%20m%C3%A1s%20violento,lo%20registrado%20en%20el%202016.&amp;text=Pero%20a%20la%20violencia%20se,a%20la%20c%C3%A1rcel%20de%20Ambato\" target=\"_blank\" rel=\"noopener\">500 cuchillos<\/a>.<\/p>\n\n\n\n<h3 class=\"wp-block-heading\">An\u00e1lisis de InSight Crime<\/h3>\n\n\n\n<p class=\"wp-block-paragraph\">La fragmentaci\u00f3n criminal y la dispersi\u00f3n geogr\u00e1fica de las pandillas carcelarias m\u00e1s grandes de Ecuador en todo el sistema penitenciario del pa\u00eds ha dado lugar a nuevas y despiadadas guerras de poder, tanto dentro como fuera de las prisiones, donde las pandillas o sus facciones han iniciado conflictos contra grupos rivales.<\/p>\n\n\n\n<p class=\"wp-block-paragraph\">A finales de la d\u00e9cada de 2000 y principios de la de 2010, cada prisi\u00f3n ecuatoriana <a href=\"https:\/\/www.planv.com.ec\/historias\/sociedad\/nuevas-cifras-revelan-la-fuerte-crisis-carcelaria-ecuador#:~:text=una%20c%C3%A1rcel%20ecuatoriana.-,El%202020%20se%20encamina%20a%20ser%20el%20a%C3%B1o%20m%C3%A1s%20violento,lo%20registrado%20en%20el%202016.&amp;text=Pero%20a%20la%20violencia%20se,a%20la%20c%C3%A1rcel%20de%20Ambato\" target=\"_blank\" rel=\"noopener\">tend\u00eda<\/a> a estar dominada por unos pocos jefes que controlaban grupos criminales relativamente jer\u00e1rquicos. Por lo tanto, el monopolio de la violencia en cada prisi\u00f3n era controlado por unas pocas personas, lo que permit\u00eda mantener los niveles de conflicto relativamente bajos, mientras que dichas personas ganaban dinero mediante el control de los flujos de contrabando.<\/p>\n\n\n\n<p class=\"wp-block-paragraph\">Los posteriores <a href=\"https:\/\/www.elcomercio.com\/actualidad\/reubicaran-noventa-reos-incidentes-carceles.html\" target=\"_blank\" rel=\"noopener\">intentos<\/a> de las autoridades por destruir estas jerarqu\u00edas monopol\u00edsticas, reubicando a los l\u00edderes de las pandillas y a los reclusos peligrosos en otras prisiones, no han hecho m\u00e1s que extender su presencia en m\u00e1s centros penitenciarios, donde nacen nuevas facciones que se enfrentan por controlar su nuevo entorno.<\/p>\n\n\n\n<p class=\"wp-block-paragraph\"><span style=\"color: #993300;\"><strong>&nbsp; &nbsp; &nbsp;VEA TAMBI\u00c9N:<\/strong><\/span> <a href=\"https:\/\/es.insightcrime.org\/noticias\/analisis\/los-alcances-de-la-corrupcion-en-las-carceles-de-ecuador\/\" target=\"_blank\" rel=\"noopener\">Los alcances de la corrupci\u00f3n en las c\u00e1rceles de Ecuador<\/a><\/p>\n\n\n\n<p class=\"wp-block-paragraph\">Adem\u00e1s, sin la influencia controladora de los llamados \u201ccapos\u201d, las pandillas, que antes eran centralizadas, se han fragmentado en facciones violentas, lo que ha provocado una <a href=\"https:\/\/es.insightcrime.org\/noticias\/analisis\/ecuador-militares-carceles-violencia-pandillas\/\" target=\"_blank\" rel=\"noopener\">guerra total<\/a> en todo el sistema penitenciario de Ecuador. Hasta la fecha, Los Choneros parecen estar ganando, reforzados por alianzas con grupos como <a href=\"https:\/\/www.eluniverso.com\/noticias\/2020\/08\/09\/nota\/7934901\/choneros-marcan-territorio-dentro-fuera-prision-policia-admite-que\" target=\"_blank\" rel=\"noopener\">Los Lobos<\/a> y por el anuncio, en junio de 2020, de que el l\u00edder de la pandilla, Jorge Luis Zambrano, alias \u201cRasqui\u00f1a\u201d, ser\u00eda liberado <a href=\"https:\/\/www.primicias.ec\/noticias\/lo-ultimo\/rasquina-lider-choneros-saldra-prelibertad\/\" target=\"_blank\" rel=\"noopener\">antes de tiempo<\/a>.<\/p>\n\n\n\n<p class=\"wp-block-paragraph\">Sus dos grandes rivales son Los Cubanos y Los Lagartos, que suelen ser confundidos en los informes de prensa, lo que podr\u00eda indicar que uno es una ramificaci\u00f3n del otro. Por ejemplo, El Universo <a href=\"https:\/\/www.eluniverso.com\/noticias\/2020\/07\/04\/nota\/7894974\/guerra-bandas-guayaquil-pierde-protagonistas-hasta-covid-19\" target=\"_blank\" rel=\"noopener\">informa<\/a> que el difunto William Poveda, alias \u201cEl Cubano\u201d, dirig\u00eda a Los Lagartos, cuando es claramente <a href=\"https:\/\/es.insightcrime.org\/noticias\/analisis\/ecuador-militares-carceles-violencia-pandillas\/\" target=\"_blank\" rel=\"noopener\">conocido<\/a> como el exl\u00edder de Los Cubanos.<\/p>\n\n\n\n<p class=\"wp-block-paragraph\">Hay una&nbsp;<a href=\"https:\/\/www.eluniverso.com\/noticias\/2019\/08\/04\/nota\/7453284\/carceles-ecuador-mas-barato-cuesta-5\" target=\"_blank\" rel=\"noopener\">teor\u00eda<\/a>&nbsp;que indica que Los Lagartos comenzaron como asesinos a sueldo, prestando servicios tanto para Los Cubanos como para Los Choneros, y luego se establecieron como una tercera banda. En todo caso, ambos grupos han recibido duros golpes en los \u00faltimos a\u00f1os: \u201cEl Cubano\u201d fue <a href=\"https:\/\/www.eluniverso.com\/noticias\/2019\/06\/12\/nota\/7374450\/quien-era-alias-cubano\" target=\"_blank\" rel=\"noopener\">decapitado<\/a> en un mot\u00edn carcelario en junio de 2019, y el siguiente cabecilla de Los Lagartos, alias \u201cEl Gorras\u201d, <a href=\"https:\/\/www.eluniverso.com\/noticias\/2020\/07\/04\/nota\/7894974\/guerra-bandas-guayaquil-pierde-protagonistas-hasta-covid-19\" target=\"_blank\" rel=\"noopener\">muri\u00f3<\/a> de coronavirus en junio de 2020.<\/p>\n\n\n\n<p class=\"wp-block-paragraph\">Este conflicto se ve facilitado por la corrupci\u00f3n penitenciaria en los m\u00e1s altos niveles. En octubre de 2020, el director de la prisi\u00f3n de Litoral, H\u00e9ctor Reyna Vivar, fue <a href=\"https:\/\/www.elcomercio.com\/actualidad\/director-penitenciaria-guayaquil-detenido-investigacion.html\" target=\"_blank\" rel=\"noopener\">detenido<\/a> por presunta corrupci\u00f3n y participaci\u00f3n en crimen organizado, y actualmente, seg\u00fan Plan V, <a href=\"https:\/\/www.planv.com.ec\/historias\/sociedad\/nuevas-cifras-revelan-la-fuerte-crisis-carcelaria-ecuador#:~:text=una%20c%C3%A1rcel%20ecuatoriana.-,El%202020%20se%20encamina%20a%20ser%20el%20a%C3%B1o%20m%C3%A1s%20violento,lo%20registrado%20en%20el%202016.&amp;text=Pero%20a%20la%20violencia%20se,a%20la%20c%C3%A1rcel%20de%20Ambato\" target=\"_blank\" rel=\"noopener\">enfrenta<\/a> tres investigaciones, incluyendo una sobre su papel en la mencionada liberaci\u00f3n temprana del l\u00edder de Los Cubanos. Plan V informa adem\u00e1s que otros dos directores de prisiones tambi\u00e9n han sido despedidos este a\u00f1o por mala conducta.<\/p>\n","protected":false},"excerpt":{"rendered":"<p>Una guerra entre pandillas que se est\u00e1 librando en las c\u00e1rceles de Ecuador ha convertido a 2020 en el a\u00f1o m\u00e1s sangriento registrado en las prisiones, lo que indica que el sistema penitenciario del pa\u00eds no logra contener el creciente conflicto entre las facciones pandilleras, cada vez m\u00e1s numerosas.<\/p>\n","protected":false},"author":201,"featured_media":128275,"comment_status":"closed","ping_status":"closed","sticky":false,"template":"","format":"standard","meta":{"newspack_ads_suppress_ads":false,"newspack_popups_has_disabled_popups":false,"newspack_sponsor_sponsorship_scope":"","newspack_sponsor_native_byline_display":"inherit","newspack_sponsor_native_category_display":"inherit","newspack_sponsor_underwriter_style":"inherit","newspack_sponsor_underwriter_placement":"inherit","_EventAllDay":false,"_EventTimezone":"","_EventStartDate":"","_EventEndDate":"","_EventStartDateUTC":"","_EventEndDateUTC":"","_EventShowMap":false,"_EventShowMapLink":false,"_EventURL":"","_EventCost":"","_EventCostDescription":"","_EventCurrencySymbol":"","_EventCurrencyCode":"","_EventCurrencyPosition":"","_EventDateTimeSeparator":"","_EventTimeRangeSeparator":"","_EventOrganizerID":[],"_EventVenueID":[],"_OrganizerEmail":"","_OrganizerPhone":"","_OrganizerWebsite":"","_VenueAddress":"","_VenueCity":"","_VenueCountry":"","_VenueProvince":"","_VenueState":"","_VenueZip":"","_VenuePhone":"","_VenueURL":"","_VenueStateProvince":"","_VenueLat":"","_VenueLng":"","_VenueShowMap":false,"_VenueShowMapLink":false,"_newspack_byline_active":false,"_newspack_byline":"","newspack_hide_updated_date":false,"newspack_show_updated_date":false,"newspack_featured_image_position":"","newspack_post_subtitle":"","newspack_article_summary_title":"Overview:","newspack_article_summary":"","_jetpack_memberships_contains_paid_content":false,"footnotes":""},"categories":[759],"tags":[459,426,426,452,4589,3021],"newspack_spnsrs_tax":[],"coauthors":[4245],"class_list":["post-128261","post","type-post","status-publish","format-standard","has-post-thumbnail","hentry","category-noticias","tag-contrabando","tag-ecuador-pais","tag-homicidios","tag-tiguerones-es","tag-prisiones-es","entry"],"parsely":{"version":"1.1.0","canonical_url":"https:\/\/insightcrime.org\/es\/noticias\/record-homicidios-prisiones-ecuador-2020\/","smart_links":{"inbound":0,"outbound":0},"traffic_boost_suggestions_count":0,"meta":{"@context":"https:\/\/schema.org","@type":"NewsArticle","headline":"La guerra de pandillas impulsa r\u00e9cord de homicidios en c\u00e1rceles de Ecuador","url":"http:\/\/insightcrime.org\/es\/noticias\/record-homicidios-prisiones-ecuador-2020\/","mainEntityOfPage":{"@type":"WebPage","@id":"http:\/\/insightcrime.org\/es\/noticias\/record-homicidios-prisiones-ecuador-2020\/"},"thumbnailUrl":"https:\/\/i0.wp.com\/insightcrime.org\/wp-content\/uploads\/2020\/12\/Ecuador-Riots-Homicides-Record-2020.jpg?resize=150%2C150&quality=100&ssl=1","image":{"@type":"ImageObject","url":"https:\/\/i0.wp.com\/insightcrime.org\/wp-content\/uploads\/2020\/12\/Ecuador-Riots-Homicides-Record-2020.jpg?fit=350%2C250&quality=100&ssl=1"},"articleSection":"Noticias","author":[{"@type":"Person","name":"Alessandro Ford"}],"creator":["Alessandro Ford"],"publisher":{"@type":"Organization","name":"InSight Crime","logo":"https:\/\/insightcrime.org\/wp-content\/uploads\/2023\/08\/logo.png"},"keywords":["contrabando","ecuador","homicidios","los tiguerones","prisiones"],"dateCreated":"2020-12-14T20:06:44Z","datePublished":"2020-12-14T20:06:44Z","dateModified":"2024-10-28T17:14:10Z"},"rendered":"<meta name=\"parsely-title\" content=\"La guerra de pandillas impulsa r\u00e9cord de homicidios en c\u00e1rceles de Ecuador\" \/>\n<meta name=\"parsely-link\" content=\"http:\/\/insightcrime.org\/es\/noticias\/record-homicidios-prisiones-ecuador-2020\/\" \/>\n<meta name=\"parsely-type\" content=\"post\" \/>\n<meta name=\"parsely-image-url\" content=\"https:\/\/i0.wp.com\/insightcrime.org\/wp-content\/uploads\/2020\/12\/Ecuador-Riots-Homicides-Record-2020.jpg?resize=150%2C150&amp;quality=100&amp;ssl=1\" \/>\n<meta name=\"parsely-pub-date\" content=\"2020-12-14T20:06:44Z\" \/>\n<meta name=\"parsely-section\" content=\"Noticias\" \/>\n<meta name=\"parsely-tags\" content=\"contrabando,ecuador,homicidios,los tiguerones,prisiones\" \/>\n<meta name=\"parsely-author\" content=\"Alessandro Ford\" \/>","tracker_url":"https:\/\/cdn.parsely.com\/keys\/insightcrime.org\/p.js"},"jetpack_sharing_enabled":true,"jetpack-related-posts":[{"id":202733,"url":"https:\/\/insightcrime.org\/es\/noticias\/guerra-pandillas-record-asesinatos-norte-ecuador\/","url_meta":{"origin":128261,"position":0},"title":"Guerra de pandillas rompe r\u00e9cord de asesinatos al norte de Ecuador","author":"Javier Lizcano Villalba","date":"28 de octubre de 2022","format":false,"excerpt":"El aumento de los homicidios en Ecuador ultima consecuencia de la guerra entre pandillas","rel":"","context":"En \u00abNoticias\u00bb","block_context":{"text":"Noticias","link":"https:\/\/insightcrime.org\/es\/category\/noticias\/"},"img":{"alt_text":"Polic\u00edas supervisando la destrucci\u00f3n de droga y pandilleros detenidos","src":"https:\/\/i0.wp.com\/insightcrime.org\/wp-content\/uploads\/2022\/10\/pandillas-en-ecuador-implicadas-en-masacres.webp?fit=350%2C250&quality=100&ssl=1&resize=350%2C200","width":350,"height":200},"classes":[]},{"id":292577,"url":"https:\/\/insightcrime.org\/es\/noticias\/pandillas-ecuador-atacan-directores-prisiones-retomar-control\/","url_meta":{"origin":128261,"position":1},"title":"Pandillas de Ecuador atacan a directores de prisiones para retomar el control","author":"Alicia Florez","date":"23 de septiembre de 2024","format":false,"excerpt":"La noche del 12 de septiembre, hombres armados asesinaron a Mar\u00eda Daniela Icaza, directora de la Penitenciar\u00eda del Litoral de Guayaquil, la c\u00e1rcel masculina m\u00e1s grande del pa\u00eds y el escenario de algunas de las masacres m\u00e1s aterradoras que han sacudido a Ecuador en los \u00faltimos a\u00f1os. El asesinato parece\u2026","rel":"","context":"En \u00abNoticias\u00bb","block_context":{"text":"Noticias","link":"https:\/\/insightcrime.org\/es\/category\/noticias\/"},"img":{"alt_text":"Un agente de polic\u00eda inspecciona el coche de Mar\u00eda Daniela Icaza, tras ser asesinada en Guayaquil ","src":"https:\/\/i0.wp.com\/insightcrime.org\/wp-content\/uploads\/2024\/09\/ecuador-police-guayaquil-prison-murder.jpg?fit=350%2C250&quality=100&ssl=1&resize=350%2C200","width":350,"height":200},"classes":[]},{"id":201082,"url":"https:\/\/insightcrime.org\/es\/noticias\/paz-entre-pandillas-rivales-ecuador-parece-lejos-nunca\/","url_meta":{"origin":128261,"position":2},"title":"La paz entre las pandillas rivales de Ecuador parece m\u00e1s lejos que nunca","author":"Henry Shuldiner","date":"7 de octubre de 2022","format":false,"excerpt":"Los dos motines carcelarios que se presentaron recientemente en Ecuador parecen haber acabado con cualquier posibilidad de paz entre las pandillas de las prisiones, donde las frecuentes masacres han cobrado la vida de cientos de presos en solo dos a\u00f1os.","rel":"","context":"En \u00abNoticias\u00bb","block_context":{"text":"Noticias","link":"https:\/\/insightcrime.org\/es\/category\/noticias\/"},"img":{"alt_text":"Fuerzas de seguridad de Ecuador tratan de recuperar el control del pabell\u00f3n de una c\u00e1rcel.","src":"https:\/\/i0.wp.com\/insightcrime.org\/wp-content\/uploads\/2022\/10\/Ecuador-Prison-Riot-Leandro-Norero-04102022-La-Hora1.jpeg?fit=350%2C250&quality=100&ssl=1&resize=350%2C200","width":350,"height":200},"classes":[]},{"id":298075,"url":"https:\/\/insightcrime.org\/es\/noticias\/gamechangers-2024-ecuador-victoria-guerra-contra-bandas\/","url_meta":{"origin":128261,"position":3},"title":"GameChangers 2024: Ecuador no logra la victoria en la \u2018guerra contra las bandas\u2019","author":"Gavin Voss","date":"27 de diciembre de 2024","format":false,"excerpt":"En 2024, Ecuador se convirti\u00f3 en el \u00faltimo pa\u00eds de la regi\u00f3n en recurrir a una respuesta militarizada para combatir el crimen organizado. Sin embargo, la represi\u00f3n no ha dado en el blanco y, en lugar de frenar a los grupos criminales del pa\u00eds, ha dado lugar a una reorganizaci\u00f3n\u2026","rel":"","context":"En \u00abNoticias\u00bb","block_context":{"text":"Noticias","link":"https:\/\/insightcrime.org\/es\/category\/noticias\/"},"img":{"alt_text":"","src":"https:\/\/i0.wp.com\/insightcrime.org\/wp-content\/uploads\/2024\/12\/4-Gamechangers-2024-Ecuador.jpg?fit=1200%2C576&quality=100&ssl=1&resize=350%2C200","width":350,"height":200,"srcset":"https:\/\/i0.wp.com\/insightcrime.org\/wp-content\/uploads\/2024\/12\/4-Gamechangers-2024-Ecuador.jpg?fit=1200%2C576&quality=100&ssl=1&resize=350%2C200 1x, https:\/\/i0.wp.com\/insightcrime.org\/wp-content\/uploads\/2024\/12\/4-Gamechangers-2024-Ecuador.jpg?fit=1200%2C576&quality=100&ssl=1&resize=525%2C300 1.5x, https:\/\/i0.wp.com\/insightcrime.org\/wp-content\/uploads\/2024\/12\/4-Gamechangers-2024-Ecuador.jpg?fit=1200%2C576&quality=100&ssl=1&resize=700%2C400 2x, https:\/\/i0.wp.com\/insightcrime.org\/wp-content\/uploads\/2024\/12\/4-Gamechangers-2024-Ecuador.jpg?fit=1200%2C576&quality=100&ssl=1&resize=1050%2C600 3x"},"classes":[]},{"id":265754,"url":"https:\/\/insightcrime.org\/es\/noticias\/ecuador-enfrenta-tarea-complicada-guerra-contra-pandillas\/","url_meta":{"origin":128261,"position":4},"title":"Ecuador enfrenta una tarea complicada en su guerra contra las pandillas","author":"Anastasia Austin","date":"19 de enero de 2024","format":false,"excerpt":"Las numerosas pandillas de Ecuador cuentan con una presencia territorial significativa y diversas fuentes de financiaci\u00f3n que supondr\u00e1n un desaf\u00edo formidable para las d\u00e9biles instituciones del pa\u00eds, en lo que probablemente ser\u00e1 un prolongado conflicto entre el crimen organizado y el Estado.","rel":"","context":"En \u00abNoticias\u00bb","block_context":{"text":"Noticias","link":"https:\/\/insightcrime.org\/es\/category\/noticias\/"},"img":{"alt_text":"Un soldado ecuatoriano frente a una fila de hombres detenidos.","src":"https:\/\/i0.wp.com\/insightcrime.org\/wp-content\/uploads\/2024\/01\/Ecuador-Detainees-armed-men-who-stormed-the-TC-Television-station-Jan-2024-AP24012120708876-A2.jpg?fit=1200%2C690&quality=100&ssl=1&resize=350%2C200","width":350,"height":200,"srcset":"https:\/\/i0.wp.com\/insightcrime.org\/wp-content\/uploads\/2024\/01\/Ecuador-Detainees-armed-men-who-stormed-the-TC-Television-station-Jan-2024-AP24012120708876-A2.jpg?fit=1200%2C690&quality=100&ssl=1&resize=350%2C200 1x, https:\/\/i0.wp.com\/insightcrime.org\/wp-content\/uploads\/2024\/01\/Ecuador-Detainees-armed-men-who-stormed-the-TC-Television-station-Jan-2024-AP24012120708876-A2.jpg?fit=1200%2C690&quality=100&ssl=1&resize=525%2C300 1.5x, https:\/\/i0.wp.com\/insightcrime.org\/wp-content\/uploads\/2024\/01\/Ecuador-Detainees-armed-men-who-stormed-the-TC-Television-station-Jan-2024-AP24012120708876-A2.jpg?fit=1200%2C690&quality=100&ssl=1&resize=700%2C400 2x, https:\/\/i0.wp.com\/insightcrime.org\/wp-content\/uploads\/2024\/01\/Ecuador-Detainees-armed-men-who-stormed-the-TC-Television-station-Jan-2024-AP24012120708876-A2.jpg?fit=1200%2C690&quality=100&ssl=1&resize=1050%2C600 3x"},"classes":[]},{"id":135771,"url":"https:\/\/insightcrime.org\/es\/noticias\/ecuador-enfrenta-niveles-sin-precedentes-violencia-carcelaria\/","url_meta":{"origin":128261,"position":5},"title":"Ecuador enfrenta niveles de violencia carcelaria sin precedentes","author":"Chris Dalby","date":"24 de febrero de 2021","format":false,"excerpt":"Tensiones acumuladas entre pandillas de Ecuador finalmente estallaron en las c\u00e1rceles del pa\u00eds en varias revueltas que dejaron al menos 75 internos muertos, y que las autoridades consideran como los peores motines carcelarios en la historia del pa\u00eds.","rel":"","context":"En \u00abEcuador\u00bb","block_context":{"text":"Ecuador","link":"https:\/\/insightcrime.org\/es\/category\/noticias-crimen-organizado-ecuador\/"},"img":{"alt_text":"","src":"https:\/\/i0.wp.com\/insightcrime.org\/wp-content\/uploads\/2021\/02\/ecuador-kxWF-U130628905318CaE-624x385%40RC.jpg?fit=350%2C250&quality=100&ssl=1&resize=350%2C200","width":350,"height":200},"classes":[]}],"jetpack_featured_media_url":"https:\/\/i0.wp.com\/insightcrime.org\/wp-content\/uploads\/2020\/12\/Ecuador-Riots-Homicides-Record-2020.jpg?fit=350%2C250&quality=100&ssl=1","_links":{"self":[{"href":"https:\/\/insightcrime.org\/es\/wp-json\/wp\/v2\/posts\/128261","targetHints":{"allow":["GET"]}}],"collection":[{"href":"https:\/\/insightcrime.org\/es\/wp-json\/wp\/v2\/posts"}],"about":[{"href":"https:\/\/insightcrime.org\/es\/wp-json\/wp\/v2\/types\/post"}],"author":[{"embeddable":true,"href":"https:\/\/insightcrime.org\/es\/wp-json\/wp\/v2\/users\/201"}],"replies":[{"embeddable":true,"href":"https:\/\/insightcrime.org\/es\/wp-json\/wp\/v2\/comments?post=128261"}],"version-history":[{"count":6,"href":"https:\/\/insightcrime.org\/es\/wp-json\/wp\/v2\/posts\/128261\/revisions"}],"predecessor-version":[{"id":295188,"href":"https:\/\/insightcrime.org\/es\/wp-json\/wp\/v2\/posts\/128261\/revisions\/295188"}],"wp:featuredmedia":[{"embeddable":true,"href":"https:\/\/insightcrime.org\/es\/wp-json\/wp\/v2\/media\/128275"}],"wp:attachment":[{"href":"https:\/\/insightcrime.org\/es\/wp-json\/wp\/v2\/media?parent=128261"}],"wp:term":[{"taxonomy":"category","embeddable":true,"href":"https:\/\/insightcrime.org\/es\/wp-json\/wp\/v2\/categories?post=128261"},{"taxonomy":"post_tag","embeddable":true,"href":"https:\/\/insightcrime.org\/es\/wp-json\/wp\/v2\/tags?post=128261"},{"taxonomy":"newspack_spnsrs_tax","embeddable":true,"href":"https:\/\/insightcrime.org\/es\/wp-json\/wp\/v2\/newspack_spnsrs_tax?post=128261"},{"taxonomy":"author","embeddable":true,"href":"https:\/\/insightcrime.org\/es\/wp-json\/wp\/v2\/coauthors?post=128261"}],"curies":[{"name":"wp","href":"https:\/\/api.w.org\/{rel}","templated":true}]}}