{"id":134429,"date":"2021-03-02T14:15:59","date_gmt":"2021-03-02T19:15:59","guid":{"rendered":"https:\/\/insightcrime.org\/?p=134429"},"modified":"2025-08-18T20:11:01","modified_gmt":"2025-08-19T01:11:01","slug":"colectivos-invasiones-ilegales-venezuela-covid","status":"publish","type":"post","link":"https:\/\/insightcrime.org\/es\/news\/colectivos-invasiones-ilegales-venezuela-covid\/","title":{"rendered":"Colectivos aumentan invasiones ilegales en Venezuela en \u00e9poca de COVID-19"},"content":{"rendered":"\n<p class=\"wp-block-paragraph\">El aumento de denuncias vinculadas a invasiones ilegales de viviendas y establecimientos comerciales en medio de la pandemia del COVID-19 en Venezuela deja al descubierto el cada vez m\u00e1s amplio portafolio criminal manejado por los colectivos armados.<\/p>\n\n\n\n<p class=\"wp-block-paragraph\">El 9 de enero, habitantes de la Parroquia El Recreo, ubicada en el municipio Libertador de Caracas, se opusieron a la <a href=\"https:\/\/elpitazo.net\/gran-caracas\/vecinos-de-el-recreo-impiden-invasion-de-apartamento-en-la-campina\/\" target=\"_blank\" rel=\"noreferrer noopener nofollow\">incursi\u00f3n ilegal<\/a> de <a href=\"https:\/\/www.ntn24.com\/america-latina\/venezuela\/vecinos-de-la-campina-denuncian-que-al-menos-tres-edificios-han-sido?fbclid=IwAR122Um4BLmfz3QzngDB5aF8DfZvbno5SQ-C2ioHoe9DoJEzSVUTDyvOpIQ\" target=\"_blank\" rel=\"noreferrer noopener nofollow\">colectivos armados<\/a>, cuya intenci\u00f3n era invadir residencias localizadas en el edificio Hadamir.<\/p>\n\n\n\n<p class=\"wp-block-paragraph\">As\u00ed lo confirm\u00f3 en su <a href=\"https:\/\/twitter.com\/CarlosJRojas13\/status\/1348050439577677826?ref_src=twsrc%5Etfw%7Ctwcamp%5Etweetembed%7Ctwterm%5E1348050439577677826%7Ctwgr%5E%7Ctwcon%5Es1_&amp;ref_url=https%3A%2F%2Felpitazo.net%2Fgran-caracas%2Fvecinos-de-el-recreo-impiden-invasion-de-apartamento-en-la-campina%2F\" target=\"_blank\" rel=\"noreferrer noopener nofollow\">cuenta de Twitter<\/a> el periodista local y coordinador del Frente Norte de Caracas, Carlos Julio Rojas, quien en septiembre de 2020 ya hab\u00eda <a href=\"https:\/\/www.elnacional.com\/venezuela\/denuncian-que-colectivos-invadieron-edificios-en-avenidas-universidad-y-fuerzas-armadas\/\" target=\"_blank\" rel=\"noreferrer noopener nofollow\">advertido <\/a>en <a href=\"https:\/\/www.elnacional.com\/venezuela\/denuncian-que-colectivos-invadieron-edificios-en-avenidas-universidad-y-fuerzas-armadas\/\" target=\"_blank\" rel=\"noreferrer noopener nofollow\">El Nacional<\/a> que \u201cesta es una nueva oleada de invasiones, la cual cuenta con la complicidad directa del gobierno de facto de Nicol\u00e1s Maduro y la propia Erika Far\u00edas, quien auspicia desde su alcald\u00eda a los colectivos d\u00e1ndoles apoyo gubernamental y hasta policial para cometer sus fechor\u00edas.\u201d<\/p>\n\n\n\n<blockquote class=\"wp-block-quote is-layout-flow wp-block-quote-is-layout-flow\"><p><strong><span style=\"color:#b40026\" class=\"has-inline-color\">VEA TAMBI\u00c9N:<\/span> <\/strong><a href=\"https:\/\/es.insightcrime.org\/noticias-sobre-crimen-organizado-en-venezuela\/\" target=\"_blank\" rel=\"noreferrer noopener\">Perfil y noticias de Venezuela<\/a><\/p><\/blockquote>\n\n\n\n<p class=\"wp-block-paragraph\">Seg\u00fan las <a href=\"https:\/\/talcualdigital.com\/denuncian-que-durante-2020-se-han-producido-mas-de-50-invasiones-en-caracas\/\" target=\"_blank\" rel=\"noreferrer noopener nofollow\">cifras recogidas<\/a> por la organizaci\u00f3n de Rojas, durante el 2020 se registraron 53 invasiones de este tipo en el municipio Libertador, de las cuales 40 se ejecutaron durante el <a href=\"https:\/\/www.elnacional.com\/venezuela\/denuncian-que-se-han-producido-mas-de-50-invasiones-en-caracas-este-ano\/\" target=\"_blank\" rel=\"noreferrer noopener nofollow\">periodo de cuarentena<\/a> por COVID-19 decretado en marzo del mismo a\u00f1o.<\/p>\n\n\n\n<p class=\"wp-block-paragraph\"><span class=\"has-inline-color has-black-color\">\u00abEn mayo invadieron el edificio Padr\u00f3n [&#8230;] Ah\u00ed funcionan cuatro industrias que tienen m\u00e1s de 60 empleados. \u00bfQu\u00e9 va a pasar ahora con esos empleados? Estos locales estaban cerrados por la cuarentena, pero vinieron los colectivos y tomaron el lugar\u00bb, <a href=\"https:\/\/eldiario.com\/2020\/06\/20\/las-invasiones-a-la-propiedad-privada-no-se-detienen-en-cuarentena\/\" target=\"_blank\" rel=\"noreferrer noopener nofollow\">dijo<\/a> Rojas a El Diario.<\/span><\/p>\n\n\n\n<p class=\"wp-block-paragraph\">\u201cEl fen\u00f3meno de las invasiones es parte de un negocio criminal que cuenta con la complicidad de los organismos estatales. A pesar de que las ocupaciones ilegales a propiedades sean consideradas como un delito en el sistema penal venezolano, los colectivos operan de manera impune en la ocupaci\u00f3n de bienes de corte residencial o comercial, para luego lucrarse de manera il\u00edcita\u00bb, detall\u00f3 Ferm\u00edn M\u00e1rmol, abogado criminalista y director del Instituto de Ciencias Penales, Criminal\u00edstica y Criminolog\u00eda de la Universidad de Santa Mar\u00eda, en conversaci\u00f3n\u00a0con InSight Crime. <\/p>\n\n\n\n<h3 class=\"wp-block-heading\" id=\"h-an-lisis-insight-crime\"><strong>An\u00e1lisis InSight Crime<\/strong><\/h3>\n\n\n\n<p class=\"wp-block-paragraph\">El \u00e9xodo masivo de venezolanos intensificado a partir de 2015 dej\u00f3 en abandono varias <span class=\"has-inline-color has-black-color\">residencias y almacenes comerciales, que fueron progresivamente ocupadas<\/span> con la <a href=\"https:\/\/elestimulo.com\/climax\/invasores-brazo-ejecutor-de-la-mision-vivienda\/\" target=\"_blank\" rel=\"noreferrer noopener nofollow\">venia del gobierno nacional<\/a> y el brazo ejecutor de los colectivos.<\/p>\n\n\n\n<p class=\"wp-block-paragraph\">El fomento de estas pr\u00e1cticas por parte del r\u00e9gimen de Nicol\u00e1s Maduro, har\u00eda parte de un plan de <a href=\"https:\/\/www.infobae.com\/america\/venezuela\/2021\/01\/18\/la-razon-detras-de-las-tomas-de-viviendas-en-venezuela-les-pagan-a-los-colectivos-los-favores-a-la-revolucion\/\" target=\"_blank\" rel=\"noreferrer noopener nofollow\">contraprestaci\u00f3n estatal<\/a> hacia individuos o grupos simpatizantes del chavismo, incluyendo a los colectivos armados. As\u00ed lo demuestran las declaraciones de la Primera Vicepresidenta de la Asamblea Nacional de Venezuela, Iris Varela, quien ha <a href=\"https:\/\/www.eluniversal.com\/politica\/85386\/iris-varela-aspira-confiscar-bienes-a-los-que-se-fueron-del-pais\" target=\"_blank\" rel=\"noreferrer noopener nofollow\">respaldado p\u00fablicamente<\/a> la confiscaci\u00f3n de bienes a los connacionales que salieron del pa\u00eds.<\/p>\n\n\n\n<p class=\"wp-block-paragraph\"><span class=\"has-inline-color has-black-color\">Y aunque se ha <\/span><span class=\"has-inline-color has-vivid-red-color\"><a href=\"https:\/\/elestimulo.com\/climax\/invasores-brazo-ejecutor-de-la-mision-vivienda\/\" target=\"_blank\" rel=\"noreferrer noopener nofollow\">dicho<\/a> <\/span><span class=\"has-inline-color has-black-color\">que estas propiedades se usar\u00edan para la Gran Misi\u00f3n Vivienda, el programa de vivienda social del pa\u00eds, <\/span><span class=\"has-inline-color has-vivid-red-color\"><a href=\"https:\/\/elestimulo.com\/grupos-chavistas-confiscan-primeros-apartamentos-bajo-el-plan-ubica-tu-casa\/\" target=\"_blank\" rel=\"noreferrer noopener nofollow\">El Est\u00edmulo<\/a> <\/span><span class=\"has-inline-color has-black-color\">habl\u00f3 con residentes de Caracas, que denunciaron que sus casas se hab\u00edan entregado directamente a amigos y parientes de funcionarios del gobierno.<\/span><\/p>\n\n\n\n<blockquote class=\"wp-block-quote is-layout-flow wp-block-quote-is-layout-flow\"><p><strong><span style=\"color:#b40026\" class=\"has-inline-color\">VEA TAMBI\u00c9N:<\/span> <\/strong><a href=\"https:\/\/es.insightcrime.org\/noticias\/analisis\/las-2-caras-de-los-ejercitos-criminales-del-regimen-de-venezuela\/\" target=\"_blank\" rel=\"noreferrer noopener\">Las 2 caras de los \u201cej\u00e9rcitos\u201d criminales del r\u00e9gimen de Venezuela<\/a><\/p><\/blockquote>\n\n\n\n<p class=\"wp-block-paragraph\"><span class=\"has-inline-color has-black-color\">Seg\u00fan<\/span><span class=\"has-inline-color has-vivid-red-color\"> <a href=\"https:\/\/www.infobae.com\/america\/venezuela\/2021\/01\/18\/la-razon-detras-de-las-tomas-de-viviendas-en-venezuela-les-pagan-a-los-colectivos-los-favores-a-la-revolucion\/\" target=\"_blank\" rel=\"noreferrer noopener nofollow\">investigaciones<\/a> <\/span><span class=\"has-inline-color has-black-color\">de los medios, esta pr\u00e1ctica podr\u00eda ser una forma por parte del r\u00e9gimen de Maduro para retribuir a sus simpatizantes, incluidos los integrantes de los colectivos.<\/span><\/p>\n\n\n\n<p class=\"wp-block-paragraph\">De acuerdo con <a href=\"https:\/\/eldiario.com\/2020\/06\/20\/las-invasiones-a-la-propiedad-privada-no-se-detienen-en-cuarentena\/\" target=\"_blank\" rel=\"noreferrer noopener nofollow\">denuncias<\/a> recogidas por Rojas, los colectivos estar\u00edan cobrando vacunas a los propietarios de los bienes o <a href=\"https:\/\/www.niusdiario.es\/internacional\/latinoamerica\/grupos-choque-chavismo-lideran-ola-ocupaciones-ilegales_18_3083070038.html\" target=\"_blank\" rel=\"noreferrer noopener nofollow\">recibiendo cuotas por el alquiler<\/a> de los mismos.<\/p>\n\n\n\n<p class=\"wp-block-paragraph\">Las capacidades de los colectivos en Venezuela han trascendido m\u00e1s all\u00e1 de ser organizaciones que defienden y mantienen los principios de la Revoluci\u00f3n Bolivariana. Con el benepl\u00e1cito estatal, los colectivos se han valido de su dominio territorial y poder de fuego para incursionar en diversas econom\u00edas criminales tanto en zonas urbanas como rurales.<\/p>\n\n\n\n<p class=\"wp-block-paragraph\">Colectivos con presencia en barrios populares de Caracas, han manejado un <a href=\"https:\/\/provea.org\/paramilitarismo\/colectivos-se-fortalecen-con-la-ausencia-del-estado\/\" target=\"_blank\" rel=\"noreferrer noopener nofollow\">portafolio criminal<\/a> que va desde el cobro de extorsiones a peque\u00f1os comerciantes, hasta la <a href=\"https:\/\/transparencia.org.ve\/dijeron-que-los-colectivos-entregaran-las-clap-y-le-caeran-a-tiros-al-que-hable-mal-del-gobierno\/\" target=\"_blank\" rel=\"noreferrer noopener nofollow\">distribuci\u00f3n y reventa<\/a> de las cajas de alimentos subsidiados CLAP (Comit\u00e9s Locales de Abastecimiento y Producci\u00f3n).<\/p>\n\n\n\n<p class=\"wp-block-paragraph\">Por el momento, las incursiones ilegales a propiedades est\u00e1n concentradas esencialmente en el Distrito Capital. <span class=\"has-inline-color has-black-color\">Pero la consolidaci\u00f3n de los colectivos en otros lugares ha llevado a que se replique este fen\u00f3meno en otras partes del pa\u00eds, como en<\/span><span class=\"has-inline-color has-vivid-red-color\"> <a href=\"https:\/\/www.elimpulso.com\/2021\/02\/02\/en-carora-productores-denuncian-invasiones-de-sus-fincas\/\" target=\"_blank\" rel=\"noreferrer noopener nofollow\">Lara<\/a>.<\/span><\/p>\n","protected":false},"excerpt":{"rendered":"<p>El aumento de denuncias vinculadas a invasiones ilegales de viviendas y establecimientos comerciales en medio de la pandemia del COVID-19 en Venezuela, es una pr\u00e1ctica que deja al descubierto el cada vez m\u00e1s amplio portafolio criminal manejado por los colectivos armados.<\/p>\n","protected":false},"author":775,"featured_media":136737,"comment_status":"closed","ping_status":"closed","sticky":false,"template":"","format":"standard","meta":{"newspack_ads_suppress_ads":false,"newspack_popups_has_disabled_popups":false,"newspack_sponsor_sponsorship_scope":"","newspack_sponsor_native_byline_display":"inherit","newspack_sponsor_native_category_display":"inherit","newspack_sponsor_underwriter_style":"inherit","newspack_sponsor_underwriter_placement":"inherit","_EventAllDay":false,"_EventTimezone":"","_EventStartDate":"","_EventEndDate":"","_EventStartDateUTC":"","_EventEndDateUTC":"","_EventShowMap":false,"_EventShowMapLink":false,"_EventURL":"","_EventCost":"","_EventCostDescription":"","_EventCurrencySymbol":"","_EventCurrencyCode":"","_EventCurrencyPosition":"","_EventDateTimeSeparator":"","_EventTimeRangeSeparator":"","_EventOrganizerID":[],"_EventVenueID":[],"_OrganizerEmail":"","_OrganizerPhone":"","_OrganizerWebsite":"","_VenueAddress":"","_VenueCity":"","_VenueCountry":"","_VenueProvince":"","_VenueState":"","_VenueZip":"","_VenuePhone":"","_VenueURL":"","_VenueStateProvince":"","_VenueLat":"","_VenueLng":"","_VenueShowMap":false,"_VenueShowMapLink":false,"_newspack_byline_active":false,"_newspack_byline":"","newspack_hide_updated_date":false,"newspack_show_updated_date":false,"newspack_featured_image_position":"","newspack_post_subtitle":"","newspack_article_summary_title":"Overview:","newspack_article_summary":"","_jetpack_memberships_contains_paid_content":false,"footnotes":""},"categories":[741],"tags":[3409,3465,570],"newspack_spnsrs_tax":[],"coauthors":[4646],"class_list":["post-134429","post","type-post","status-publish","format-standard","has-post-thumbnail","hentry","category-news","tag-colectivos","tag-coronavirus-and-organized-crime","tag-venezuela","entry"],"parsely":{"version":"1.1.0","canonical_url":"https:\/\/insightcrime.org\/es\/news\/colectivos-invasiones-ilegales-venezuela-covid\/","smart_links":{"inbound":0,"outbound":0},"traffic_boost_suggestions_count":0,"meta":{"@context":"https:\/\/schema.org","@type":"NewsArticle","headline":"Colectivos aumentan invasiones ilegales en Venezuela en \u00e9poca de COVID-19","url":"http:\/\/insightcrime.org\/es\/news\/colectivos-invasiones-ilegales-venezuela-covid\/","mainEntityOfPage":{"@type":"WebPage","@id":"http:\/\/insightcrime.org\/es\/news\/colectivos-invasiones-ilegales-venezuela-covid\/"},"thumbnailUrl":"https:\/\/i0.wp.com\/insightcrime.org\/wp-content\/uploads\/2021\/03\/colectivos.jpg?resize=150%2C150&quality=100&ssl=1","image":{"@type":"ImageObject","url":"https:\/\/i0.wp.com\/insightcrime.org\/wp-content\/uploads\/2021\/03\/colectivos.jpg?fit=350%2C250&quality=100&ssl=1"},"articleSection":"News","author":[{"@type":"Person","name":"Unidad Investigativa de Venezuela"}],"creator":["Unidad Investigativa de Venezuela"],"publisher":{"@type":"Organization","name":"InSight Crime","logo":"https:\/\/insightcrime.org\/wp-content\/uploads\/2023\/08\/logo.png"},"keywords":["colectivos","covid y crimen","venezuela"],"dateCreated":"2021-03-02T19:15:59Z","datePublished":"2021-03-02T19:15:59Z","dateModified":"2025-08-19T01:11:01Z"},"rendered":"<meta name=\"parsely-title\" content=\"Colectivos aumentan invasiones ilegales en Venezuela en \u00e9poca de COVID-19\" \/>\n<meta name=\"parsely-link\" content=\"http:\/\/insightcrime.org\/es\/news\/colectivos-invasiones-ilegales-venezuela-covid\/\" \/>\n<meta name=\"parsely-type\" content=\"post\" \/>\n<meta name=\"parsely-image-url\" content=\"https:\/\/i0.wp.com\/insightcrime.org\/wp-content\/uploads\/2021\/03\/colectivos.jpg?resize=150%2C150&amp;quality=100&amp;ssl=1\" \/>\n<meta name=\"parsely-pub-date\" content=\"2021-03-02T19:15:59Z\" \/>\n<meta name=\"parsely-section\" content=\"News\" \/>\n<meta name=\"parsely-tags\" content=\"colectivos,covid y crimen,venezuela\" \/>\n<meta name=\"parsely-author\" content=\"Unidad Investigativa de Venezuela\" \/>","tracker_url":"https:\/\/cdn.parsely.com\/keys\/insightcrime.org\/p.js"},"jetpack_sharing_enabled":true,"jetpack-related-posts":[{"id":330592,"url":"https:\/\/insightcrime.org\/es\/noticias\/papel-colectivos-lucha-poder-venezuela-salida-maduro\/","url_meta":{"origin":134429,"position":0},"title":"El papel de los colectivos en la lucha por el poder en Venezuela tras la salida de Maduro","author":"Unidad Investigativa de Venezuela","date":"9 de enero de 2026","format":false,"excerpt":"https:\/\/open.spotify.com\/episode\/5jO3yVrtvYu4nx43N8vql0?si=att-rB-vTNqOiA0eagXREA Este art\u00edculo hace parte de nuestra serie de\u00a0historias narradas La tensi\u00f3n ha inundado Caracas desde la madrugada del 3 de enero, cuando el entonces presidente Nicol\u00e1s Maduro y su esposa fueron arrestados y llevados a prisi\u00f3n en Estados Unidos. En respuesta, hombres armados con los rostros cubiertos por pasamonta\u00f1as\u2026","rel":"","context":"En \u00abAudio\u00bb","block_context":{"text":"Audio","link":"https:\/\/insightcrime.org\/es\/category\/audio-es\/"},"img":{"alt_text":"","src":"https:\/\/i0.wp.com\/insightcrime.org\/wp-content\/uploads\/2026\/01\/Featured-Image-Colectivos-venezuela-AP.jpg?fit=1200%2C690&quality=100&ssl=1&resize=350%2C200","width":350,"height":200,"srcset":"https:\/\/i0.wp.com\/insightcrime.org\/wp-content\/uploads\/2026\/01\/Featured-Image-Colectivos-venezuela-AP.jpg?fit=1200%2C690&quality=100&ssl=1&resize=350%2C200 1x, https:\/\/i0.wp.com\/insightcrime.org\/wp-content\/uploads\/2026\/01\/Featured-Image-Colectivos-venezuela-AP.jpg?fit=1200%2C690&quality=100&ssl=1&resize=525%2C300 1.5x, https:\/\/i0.wp.com\/insightcrime.org\/wp-content\/uploads\/2026\/01\/Featured-Image-Colectivos-venezuela-AP.jpg?fit=1200%2C690&quality=100&ssl=1&resize=700%2C400 2x, https:\/\/i0.wp.com\/insightcrime.org\/wp-content\/uploads\/2026\/01\/Featured-Image-Colectivos-venezuela-AP.jpg?fit=1200%2C690&quality=100&ssl=1&resize=1050%2C600 3x"},"classes":[]},{"id":232563,"url":"https:\/\/insightcrime.org\/es\/investigaciones\/colectivos-cupaz-hibrido-perfecto\/","url_meta":{"origin":134429,"position":1},"title":"Los colectivos, las Cupaz y la b\u00fasqueda del h\u00edbrido perfecto","author":"Unidad Investigativa de Venezuela","date":"12 de julio de 2023","format":false,"excerpt":"La red de Cupaz se cre\u00f3 cuando el poder de Maduro parec\u00eda en el punto m\u00e1s d\u00e9bil.","rel":"","context":"En \u00abInvestigaciones\u00bb","block_context":{"text":"Investigaciones","link":"https:\/\/insightcrime.org\/es\/category\/investigaciones\/"},"img":{"alt_text":"","src":"https:\/\/i0.wp.com\/insightcrime.org\/wp-content\/uploads\/2023\/09\/Cover-C2-Venezuela-Hybrid-State-InSight-Crime-Jun-2023-1.jpg?fit=1200%2C576&quality=100&ssl=1&resize=350%2C200","width":350,"height":200,"srcset":"https:\/\/i0.wp.com\/insightcrime.org\/wp-content\/uploads\/2023\/09\/Cover-C2-Venezuela-Hybrid-State-InSight-Crime-Jun-2023-1.jpg?fit=1200%2C576&quality=100&ssl=1&resize=350%2C200 1x, https:\/\/i0.wp.com\/insightcrime.org\/wp-content\/uploads\/2023\/09\/Cover-C2-Venezuela-Hybrid-State-InSight-Crime-Jun-2023-1.jpg?fit=1200%2C576&quality=100&ssl=1&resize=525%2C300 1.5x, https:\/\/i0.wp.com\/insightcrime.org\/wp-content\/uploads\/2023\/09\/Cover-C2-Venezuela-Hybrid-State-InSight-Crime-Jun-2023-1.jpg?fit=1200%2C576&quality=100&ssl=1&resize=700%2C400 2x, https:\/\/i0.wp.com\/insightcrime.org\/wp-content\/uploads\/2023\/09\/Cover-C2-Venezuela-Hybrid-State-InSight-Crime-Jun-2023-1.jpg?fit=1200%2C576&quality=100&ssl=1&resize=1050%2C600 3x"},"classes":[]},{"id":232736,"url":"https:\/\/insightcrime.org\/es\/noticias\/colectivos-nuevos-amos-servicios-publicos-lara-venezuela\/","url_meta":{"origin":134429,"position":2},"title":"Colectivos: los nuevos amos de servicios p\u00fablicos en Lara, Venezuela","author":"Unidad Investigativa de Venezuela","date":"25 de abril de 2023","format":false,"excerpt":"Los Colectivos dominan gran parte de los servicios p\u00fablicos como el agua, gas o el transporte en la capital del estado de Lara, Venezuela.","rel":"","context":"En \u00abNoticias\u00bb","block_context":{"text":"Noticias","link":"https:\/\/insightcrime.org\/es\/category\/noticias\/"},"img":{"alt_text":"Miembros de Colectivos recorren las calles de la ciudad","src":"https:\/\/i0.wp.com\/insightcrime.org\/wp-content\/uploads\/2023\/09\/Colectivos-armados-1-1.jpg?fit=350%2C250&quality=100&ssl=1&resize=350%2C200","width":350,"height":200},"classes":[]},{"id":232478,"url":"https:\/\/insightcrime.org\/es\/noticias\/actores-armados-no-estatales-refuerzan-maduro-elecciones-venezuela\/","url_meta":{"origin":134429,"position":3},"title":"Actores armados no estatales refuerzan a Maduro de cara a las elecciones en Venezuela","author":"Unidad Investigativa de Venezuela","date":"31 de agosto de 2023","format":false,"excerpt":"La violencia pol\u00edtica por parte de grupos armados progobierno en Venezuela se ha intensificado a medida que avanza la campa\u00f1a preelectoral para las elecciones presidenciales del 2024, revalidando una estrategia que ha servido al oficialismo en elecciones pasadas.","rel":"","context":"En \u00abNoticias\u00bb","block_context":{"text":"Noticias","link":"https:\/\/insightcrime.org\/es\/category\/noticias\/"},"img":{"alt_text":"Sede de Vente Venezuela con una pinta del Tren del Llano","src":"https:\/\/i0.wp.com\/insightcrime.org\/wp-content\/uploads\/2023\/09\/Venezuela-Grafiti-Tren-del-Llano-230830-Vente-Venezuela-1.jpeg?fit=350%2C250&quality=100&ssl=1&resize=350%2C200","width":350,"height":200},"classes":[]},{"id":287594,"url":"https:\/\/insightcrime.org\/es\/noticias\/tras-elecciones-venezuela-grupos-armados-alinean-regimen-contra\/","url_meta":{"origin":134429,"position":4},"title":"Tras elecciones en Venezuela, grupos criminales se alinean con el r\u00e9gimen o contra \u00e9l","author":"Unidad Investigativa de Venezuela","date":"21 de agosto de 2024","format":false,"excerpt":"Tras las elecciones Venezuela, grupos criminales se han movilizado para apoyar el r\u00e9gimen o disputar los resultados.","rel":"","context":"En \u00abNoticias\u00bb","block_context":{"text":"Noticias","link":"https:\/\/insightcrime.org\/es\/category\/noticias\/"},"img":{"alt_text":"Threatening graffiti displayed in municipalities along the Venezuela-Colombia border Grafitis amenazantes desplegados en municipios en la frontera entre Venezuela y Colombia","src":"https:\/\/i0.wp.com\/insightcrime.org\/wp-content\/uploads\/2024\/08\/GTlzsFAWgAEe4zH-1.jpg?fit=350%2C250&quality=100&ssl=1&resize=350%2C200","width":350,"height":200},"classes":[]},{"id":129557,"url":"https:\/\/insightcrime.org\/es\/venezuela-organized-crime-news\/colectivo-de-seguridad-fronteriza\/","url_meta":{"origin":134429,"position":5},"title":"Colectivo de Seguridad Fronteriza","author":"InSight Crime","date":"22 de septiembre de 2021","format":false,"excerpt":"El Colectivo de Seguridad Fronteriza (CSF) es una milicia irregular con apoyo estatal asentada en el estado de T\u00e1chira, en la frontera con Colombia.","rel":"","context":"En \u00abVenezuela\u00bb","block_context":{"text":"Venezuela","link":"https:\/\/insightcrime.org\/category\/venezuela-organized-crime-news\/"},"img":{"alt_text":"Grupo Criminal Colectivo de Seguridad Fronteriza, Venezuela.","src":"https:\/\/i0.wp.com\/insightcrime.org\/wp-content\/uploads\/2026\/08\/Grupo-Criminal-Colectivo-de-Seguridad-Fronteriza-Venezuela.jpg?fit=1200%2C900&quality=100&ssl=1&resize=350%2C200","width":350,"height":200,"srcset":"https:\/\/i0.wp.com\/insightcrime.org\/wp-content\/uploads\/2026\/08\/Grupo-Criminal-Colectivo-de-Seguridad-Fronteriza-Venezuela.jpg?fit=1200%2C900&quality=100&ssl=1&resize=350%2C200 1x, https:\/\/i0.wp.com\/insightcrime.org\/wp-content\/uploads\/2026\/08\/Grupo-Criminal-Colectivo-de-Seguridad-Fronteriza-Venezuela.jpg?fit=1200%2C900&quality=100&ssl=1&resize=525%2C300 1.5x, https:\/\/i0.wp.com\/insightcrime.org\/wp-content\/uploads\/2026\/08\/Grupo-Criminal-Colectivo-de-Seguridad-Fronteriza-Venezuela.jpg?fit=1200%2C900&quality=100&ssl=1&resize=700%2C400 2x, https:\/\/i0.wp.com\/insightcrime.org\/wp-content\/uploads\/2026\/08\/Grupo-Criminal-Colectivo-de-Seguridad-Fronteriza-Venezuela.jpg?fit=1200%2C900&quality=100&ssl=1&resize=1050%2C600 3x"},"classes":[]}],"jetpack_featured_media_url":"https:\/\/i0.wp.com\/insightcrime.org\/wp-content\/uploads\/2021\/03\/colectivos.jpg?fit=350%2C250&quality=100&ssl=1","_links":{"self":[{"href":"https:\/\/insightcrime.org\/es\/wp-json\/wp\/v2\/posts\/134429","targetHints":{"allow":["GET"]}}],"collection":[{"href":"https:\/\/insightcrime.org\/es\/wp-json\/wp\/v2\/posts"}],"about":[{"href":"https:\/\/insightcrime.org\/es\/wp-json\/wp\/v2\/types\/post"}],"author":[{"embeddable":true,"href":"https:\/\/insightcrime.org\/es\/wp-json\/wp\/v2\/users\/775"}],"replies":[{"embeddable":true,"href":"https:\/\/insightcrime.org\/es\/wp-json\/wp\/v2\/comments?post=134429"}],"version-history":[{"count":5,"href":"https:\/\/insightcrime.org\/es\/wp-json\/wp\/v2\/posts\/134429\/revisions"}],"predecessor-version":[{"id":136807,"href":"https:\/\/insightcrime.org\/es\/wp-json\/wp\/v2\/posts\/134429\/revisions\/136807"}],"wp:featuredmedia":[{"embeddable":true,"href":"https:\/\/insightcrime.org\/es\/wp-json\/wp\/v2\/media\/136737"}],"wp:attachment":[{"href":"https:\/\/insightcrime.org\/es\/wp-json\/wp\/v2\/media?parent=134429"}],"wp:term":[{"taxonomy":"category","embeddable":true,"href":"https:\/\/insightcrime.org\/es\/wp-json\/wp\/v2\/categories?post=134429"},{"taxonomy":"post_tag","embeddable":true,"href":"https:\/\/insightcrime.org\/es\/wp-json\/wp\/v2\/tags?post=134429"},{"taxonomy":"newspack_spnsrs_tax","embeddable":true,"href":"https:\/\/insightcrime.org\/es\/wp-json\/wp\/v2\/newspack_spnsrs_tax?post=134429"},{"taxonomy":"author","embeddable":true,"href":"https:\/\/insightcrime.org\/es\/wp-json\/wp\/v2\/coauthors?post=134429"}],"curies":[{"name":"wp","href":"https:\/\/api.w.org\/{rel}","templated":true}]}}