{"id":137814,"date":"2021-03-16T10:08:54","date_gmt":"2021-03-16T15:08:54","guid":{"rendered":"https:\/\/insightcrime.org\/?p=137814"},"modified":"2021-03-16T10:08:55","modified_gmt":"2021-03-16T15:08:55","slug":"ex-farc-inicia-expansion-norte-colombia","status":"publish","type":"post","link":"https:\/\/insightcrime.org\/es\/noticias\/ex-farc-inicia-expansion-norte-colombia\/","title":{"rendered":"Ex \u2013 FARC inicia expansi\u00f3n hacia el norte de Colombia"},"content":{"rendered":"\n<p class=\"wp-block-paragraph\">Uno de los l\u00edderes de la que fue una de la guerrillas m\u00e1s grande del pa\u00eds ha anunciado la refundaci\u00f3n de uno de sus antiguos frentes al norte de Colombia. Una zona donde el grupo tendr\u00e1 que acoplarse al panorama criminal ya existente.<\/p>\n\n\n\n<p class=\"wp-block-paragraph\">En un <a href=\"https:\/\/www.youtube.com\/watch?v=xCSTFPeboLY\" target=\"_blank\" rel=\"noreferrer noopener nofollow\">video<\/a> publicado en redes sociales y en la plataforma Youtube el 9 de marzo, Seuxis Pausias Hern\u00e1ndez, alias \u201c<a href=\"https:\/\/es.insightcrime.org\/noticias-crimen-organizado-colombia\/seuxis-pausias-hernandez-alias-jesus-santrich\/\" target=\"_blank\" rel=\"noreferrer noopener\">Jes\u00fas Santrich<\/a>\u201d, uno de los l\u00edderes de la ahora llamada <a href=\"https:\/\/es.insightcrime.org\/noticias-crimen-organizado-colombia\/segunda-marquetalia\/\" target=\"_blank\" rel=\"noreferrer noopener\">Segunda Marquetalia<\/a>, grupo formado por la antigua insurgencia de las Fuerzas Armadas Revolucionarias de Colombia (FARC),  anunci\u00f3 la reactivaci\u00f3n de sus operaciones al norte del pa\u00eds.<\/p>\n\n\n\n<p class=\"wp-block-paragraph\">El Bloque Caribe, <a href=\"https:\/\/es.insightcrime.org\/noticias\/analisis\/sigue-tras-desarme-farc-colombia\/\" target=\"_blank\" rel=\"noreferrer noopener\">desmovilizado<\/a> en el 2016 tras los acuerdos de paz con el Estado colombiano, regresar\u00eda a hacer presencia a lo \u201clargo y ancho de la regi\u00f3n Caribe colombiana\u201d.<\/p>\n\n\n\n<blockquote class=\"wp-block-quote is-layout-flow wp-block-quote-is-layout-flow\"><p><span style=\"color:#b40026\" class=\"has-inline-color\"><strong>VEA TAMBI\u00c9N:<\/strong><\/span> <a href=\"https:\/\/es.insightcrime.org\/noticias-crimen-organizado-colombia\/\" target=\"_blank\" rel=\"noreferrer noopener\">Noticias y perfil de Colombia<\/a><\/p><\/blockquote>\n\n\n\n<p class=\"wp-block-paragraph\">Seg\u00fan se\u00f1al\u00f3 el mismo Santrich, este bloque, que tendr\u00eda una direcci\u00f3n integrada, estar\u00e1 conformado inicialmente por los antiguos frentes 19, 41 y 59.<\/p>\n\n\n\n<p class=\"wp-block-paragraph\">El Bloque hizo <a href=\"https:\/\/verdadabierta.com\/las-verdades-de-las-farc-que-exigen-en-montes-de-maria\/\" target=\"_blank\" rel=\"noreferrer noopener nofollow\">presencia<\/a> al norte del pa\u00eds en los departamentos de Magdalena, Cesar, Atl\u00e1ntico, C\u00f3rdoba, Sucre y Bol\u00edvar, con especial \u00e9nfasis en la regi\u00f3n de Montes de Mar\u00eda, adem\u00e1s de la zona norte de Antioquia y parte de la frontera con Venezuela.<\/p>\n\n\n\n<p class=\"wp-block-paragraph\">Santrich tambi\u00e9n hizo un <a href=\"https:\/\/www.youtube.com\/watch?v=xCSTFPeboLY\" target=\"_blank\" rel=\"noreferrer noopener nofollow\">llamado<\/a> a las disidencias lideradas por<strong> <\/strong>Miguel Botache Santillana, alias \u201c<a href=\"https:\/\/es.insightcrime.org\/noticias-crimen-organizado-colombia\/miguel-botache-santillana-alias-gentil-duarte\/\" target=\"_blank\" rel=\"noreferrer noopener\">Gentil Duarte<\/a>\u201d, quienes tambi\u00e9n se apartaron del proceso de paz,  para lograr una \u201ccoordinaci\u00f3n\u00bb en unas mismas FARC y, adem\u00e1s, reconoci\u00f3 el trabajo hecho por la \u00faltima guerrilla del pa\u00eds: el Ej\u00e9rcito de Liberaci\u00f3n Nacional (<a href=\"https:\/\/es.insightcrime.org\/noticias-crimen-organizado-colombia\/eln\/\" target=\"_blank\" rel=\"noreferrer noopener\">ELN<\/a>) durante los \u00faltimos a\u00f1os.<\/p>\n\n\n\n<h3 class=\"wp-block-heading\" id=\"h-an-lisis-de-insight-crime\">An\u00e1lisis de InSight Crime<\/h3>\n\n\n\n<p class=\"wp-block-paragraph\">La Segunda Marquetalia tendr\u00eda que jugarse varias fichas en el tablero criminal que representar\u00eda esta regi\u00f3n, si la refundaci\u00f3n de este bloque tomara forma.<\/p>\n\n\n\n<p class=\"wp-block-paragraph\">De un lado, dos de sus l\u00edderes representativos, Jes\u00fas Santrich y Luciano Mar\u00edn, alias \u201c<a href=\"https:\/\/es.insightcrime.org\/noticias-crimen-organizado-colombia\/luciano-marin-ivan-marquez\/\" target=\"_blank\" rel=\"noreferrer noopener\">Iv\u00e1n M\u00e1rquez<\/a>\u201d, comandaron frentes en esta regi\u00f3n del pa\u00eds <a href=\"https:\/\/es.insightcrime.org\/investigaciones\/ivan-marquez-deserta-proceso-paz\/\" target=\"_blank\" rel=\"noreferrer noopener\">durante<\/a> sus a\u00f1os de lucha. Incluso, M\u00e1rquez estuvo a cargo del mismo Bloque Caribe, hecho por el cual ambos podr\u00edan volver a reclutar miembros en estas zonas, ayudados por su historia dentro de la guerrilla y su conocimiento del territorio. <\/p>\n\n\n\n<blockquote class=\"wp-block-quote is-layout-flow wp-block-quote-is-layout-flow\"><p><span style=\"color:#b40026\" class=\"has-inline-color\"><strong>VEA TAMBI\u00c9N:<\/strong><\/span> <a href=\"https:\/\/es.insightcrime.org\/noticias\/noticias-del-dia\/ee-uu-20-millones-lideres-farc\/\" target=\"_blank\" rel=\"noreferrer noopener\">EE.UU ofrece US$ 20 millones por dos exl\u00edderes de las extintas FARC<\/a><\/p><\/blockquote>\n\n\n\n<p class=\"wp-block-paragraph\">Por otro lado est\u00e1n los<strong> <\/strong>Urabe\u00f1os<strong>,<\/strong> uno de los grupos criminales m\u00e1s poderosos de Colombia y quienes podr\u00edan ser el mayor obst\u00e1culo para su reactivaci\u00f3n. Desde febrero de 2020, este grupo tiene <a href=\"https:\/\/es.insightcrime.org\/noticias\/analisis\/urabenos-narcotrafico-colombia\/\" target=\"_blank\" rel=\"noreferrer noopener\">presencia<\/a> en la zona de los Montes de Mar\u00eda, corredor estrat\u00e9gico entre los departamentos de Sucre y Bol\u00edvar, protegiendo las rutas de narcotr\u00e1fico que salen hacia el mar Caribe por el norte de Colombia.<\/p>\n\n\n\n<p class=\"wp-block-paragraph\">Montes de Mar\u00eda tiene un valor hist\u00f3rico. All\u00ed las las FARC <a href=\"https:\/\/verdadabierta.com\/las-verdades-de-las-farc-que-exigen-en-montes-de-maria\/\" target=\"_blank\" rel=\"noreferrer noopener\">tuvieron<\/a> control a principios de la d\u00e9cada de 1990 y <a href=\"https:\/\/www.eltiempo.com\/justicia\/conflicto-y-narcotrafico\/informe-sobre-conflicto-armado-en-montes-de-maria-498474\" target=\"_blank\" rel=\"noreferrer noopener\">enfrentaron<\/a> a los paramilitares, antecesores de los Urabe\u00f1os. Esta podr\u00eda ser una raz\u00f3n por la que Santrich estar\u00eda llamando a una uni\u00f3n entre otros grupos criminales como las disidencias comandadas por Gentil Duarte o el ELN.<\/p>\n","protected":false},"excerpt":{"rendered":"<p>Uno de los l\u00edderes de la que fue una de la guerrillas m\u00e1s grande del pa\u00eds ha anunciado la refundaci\u00f3n de uno de sus antiguos frentes al norte de Colombia. Una zona donde el grupo tendr\u00e1 que acoplarse al panorama criminal ya existente.<\/p>\n","protected":false},"author":172,"featured_media":138269,"comment_status":"closed","ping_status":"closed","sticky":false,"template":"","format":"standard","meta":{"newspack_ads_suppress_ads":false,"newspack_popups_has_disabled_popups":false,"newspack_sponsor_sponsorship_scope":"","newspack_sponsor_native_byline_display":"inherit","newspack_sponsor_native_category_display":"inherit","newspack_sponsor_underwriter_style":"inherit","newspack_sponsor_underwriter_placement":"inherit","_EventAllDay":false,"_EventTimezone":"","_EventStartDate":"","_EventEndDate":"","_EventStartDateUTC":"","_EventEndDateUTC":"","_EventShowMap":false,"_EventShowMapLink":false,"_EventURL":"","_EventCost":"","_EventCostDescription":"","_EventCurrencySymbol":"","_EventCurrencyCode":"","_EventCurrencyPosition":"","_EventDateTimeSeparator":"","_EventTimeRangeSeparator":"","_EventOrganizerID":[],"_EventVenueID":[],"_OrganizerEmail":"","_OrganizerPhone":"","_OrganizerWebsite":"","_VenueAddress":"","_VenueCity":"","_VenueCountry":"","_VenueProvince":"","_VenueState":"","_VenueZip":"","_VenuePhone":"","_VenueURL":"","_VenueStateProvince":"","_VenueLat":"","_VenueLng":"","_VenueShowMap":false,"_VenueShowMapLink":false,"_newspack_byline_active":false,"_newspack_byline":"","newspack_hide_updated_date":false,"newspack_show_updated_date":false,"newspack_featured_image_position":"","newspack_post_subtitle":"","newspack_article_summary_title":"Overview:","newspack_article_summary":"","_jetpack_memberships_contains_paid_content":false,"footnotes":""},"categories":[759],"tags":[368,421,3365,2927],"newspack_spnsrs_tax":[],"coauthors":[4133],"class_list":["post-137814","post","type-post","status-publish","format-standard","has-post-thumbnail","hentry","category-noticias","tag-colombia-pais","tag-el-eln","tag-ex-farc-mafia-es-2","tag-gaitanistas","entry"],"parsely":{"version":"1.1.0","canonical_url":"https:\/\/insightcrime.org\/es\/noticias\/ex-farc-inicia-expansion-norte-colombia\/","smart_links":{"inbound":0,"outbound":0},"traffic_boost_suggestions_count":0,"meta":{"@context":"https:\/\/schema.org","@type":"NewsArticle","headline":"Ex \u2013 FARC inicia expansi\u00f3n hacia el norte de Colombia","url":"http:\/\/insightcrime.org\/es\/noticias\/ex-farc-inicia-expansion-norte-colombia\/","mainEntityOfPage":{"@type":"WebPage","@id":"http:\/\/insightcrime.org\/es\/noticias\/ex-farc-inicia-expansion-norte-colombia\/"},"thumbnailUrl":"https:\/\/i0.wp.com\/insightcrime.org\/wp-content\/uploads\/2021\/03\/Segunda-Marquetalia.jpg?resize=150%2C150&quality=100&ssl=1","image":{"@type":"ImageObject","url":"https:\/\/i0.wp.com\/insightcrime.org\/wp-content\/uploads\/2021\/03\/Segunda-Marquetalia.jpg?fit=350%2C250&quality=100&ssl=1"},"articleSection":"Noticias","author":[{"@type":"Person","name":"Juan Diego Posada"}],"creator":["Juan Diego Posada"],"publisher":{"@type":"Organization","name":"InSight Crime","logo":"https:\/\/insightcrime.org\/wp-content\/uploads\/2023\/08\/logo.png"},"keywords":["colombia","eln","ex-farc mafia","gaitanistas"],"dateCreated":"2021-03-16T15:08:54Z","datePublished":"2021-03-16T15:08:54Z","dateModified":"2021-03-16T15:08:55Z"},"rendered":"<meta name=\"parsely-title\" content=\"Ex \u2013 FARC inicia expansi\u00f3n hacia el norte de Colombia\" \/>\n<meta name=\"parsely-link\" content=\"http:\/\/insightcrime.org\/es\/noticias\/ex-farc-inicia-expansion-norte-colombia\/\" \/>\n<meta name=\"parsely-type\" content=\"post\" \/>\n<meta name=\"parsely-image-url\" content=\"https:\/\/i0.wp.com\/insightcrime.org\/wp-content\/uploads\/2021\/03\/Segunda-Marquetalia.jpg?resize=150%2C150&amp;quality=100&amp;ssl=1\" \/>\n<meta name=\"parsely-pub-date\" content=\"2021-03-16T15:08:54Z\" \/>\n<meta name=\"parsely-section\" content=\"Noticias\" \/>\n<meta name=\"parsely-tags\" content=\"colombia,eln,ex-farc mafia,gaitanistas\" \/>\n<meta name=\"parsely-author\" content=\"Juan Diego Posada\" \/>","tracker_url":"https:\/\/cdn.parsely.com\/keys\/insightcrime.org\/p.js"},"jetpack_sharing_enabled":true,"jetpack-related-posts":[{"id":80009,"url":"https:\/\/insightcrime.org\/es\/noticias-crimen-organizado-colombia\/epl\/","url_meta":{"origin":137814,"position":0},"title":"EPL","author":"InSight Crime","date":"29 de julio de 2024","format":false,"excerpt":"Lo que se conoce hoy en d\u00eda como el Ej\u00e9rcito de Liberaci\u00f3n Popular (EPL) o Los Pelusos, es un grupo disidente del Frente Libardo Mora del EPL que no se desmoviliz\u00f3 con el resto de la guerrilla en 1991. Su principal centro de operaciones se encuentra en la regi\u00f3n fronteriza\u2026","rel":"","context":"En \u00abColombia\u00bb","block_context":{"text":"Colombia","link":"https:\/\/insightcrime.org\/es\/category\/noticias-crimen-organizado-colombia\/"},"img":{"alt_text":"Ej\u00e9rcito Popular de Liberaci\u00f3n (EPL)","src":"https:\/\/i0.wp.com\/insightcrime.org\/wp-content\/uploads\/2026\/06\/Grupo-Criminal-Ejercito-Popular-de-Liberacion-EPL.jpg?fit=1200%2C900&quality=100&ssl=1&resize=350%2C200","width":350,"height":200,"srcset":"https:\/\/i0.wp.com\/insightcrime.org\/wp-content\/uploads\/2026\/06\/Grupo-Criminal-Ejercito-Popular-de-Liberacion-EPL.jpg?fit=1200%2C900&quality=100&ssl=1&resize=350%2C200 1x, https:\/\/i0.wp.com\/insightcrime.org\/wp-content\/uploads\/2026\/06\/Grupo-Criminal-Ejercito-Popular-de-Liberacion-EPL.jpg?fit=1200%2C900&quality=100&ssl=1&resize=525%2C300 1.5x, https:\/\/i0.wp.com\/insightcrime.org\/wp-content\/uploads\/2026\/06\/Grupo-Criminal-Ejercito-Popular-de-Liberacion-EPL.jpg?fit=1200%2C900&quality=100&ssl=1&resize=700%2C400 2x, https:\/\/i0.wp.com\/insightcrime.org\/wp-content\/uploads\/2026\/06\/Grupo-Criminal-Ejercito-Popular-de-Liberacion-EPL.jpg?fit=1200%2C900&quality=100&ssl=1&resize=1050%2C600 3x"},"classes":[]},{"id":7018,"url":"https:\/\/insightcrime.org\/es\/noticias-crimen-organizado-colombia\/rastrojos-perfil\/","url_meta":{"origin":137814,"position":1},"title":"Los Rastrojos","author":"InSight Crime","date":"20 de julio de 2022","format":false,"excerpt":"Los Rastrojos son un grupo criminal colombiano con influencia en Norte de Santander, departamento fronterizo entre Colombia y Venezuela.","rel":"","context":"En \u00abColombia\u00bb","block_context":{"text":"Colombia","link":"https:\/\/insightcrime.org\/es\/category\/noticias-crimen-organizado-colombia\/"},"img":{"alt_text":"Rastrojos","src":"https:\/\/i0.wp.com\/insightcrime.org\/wp-content\/uploads\/2026\/06\/Grupo-Criminal-Los-Rastrojos.jpg?fit=1200%2C900&quality=100&ssl=1&resize=350%2C200","width":350,"height":200,"srcset":"https:\/\/i0.wp.com\/insightcrime.org\/wp-content\/uploads\/2026\/06\/Grupo-Criminal-Los-Rastrojos.jpg?fit=1200%2C900&quality=100&ssl=1&resize=350%2C200 1x, https:\/\/i0.wp.com\/insightcrime.org\/wp-content\/uploads\/2026\/06\/Grupo-Criminal-Los-Rastrojos.jpg?fit=1200%2C900&quality=100&ssl=1&resize=525%2C300 1.5x, https:\/\/i0.wp.com\/insightcrime.org\/wp-content\/uploads\/2026\/06\/Grupo-Criminal-Los-Rastrojos.jpg?fit=1200%2C900&quality=100&ssl=1&resize=700%2C400 2x, https:\/\/i0.wp.com\/insightcrime.org\/wp-content\/uploads\/2026\/06\/Grupo-Criminal-Los-Rastrojos.jpg?fit=1200%2C900&quality=100&ssl=1&resize=1050%2C600 3x"},"classes":[]},{"id":164456,"url":"https:\/\/insightcrime.org\/es\/noticias\/despliegue-militar-colombia-cae-juego-disidentes-farc\/","url_meta":{"origin":137814,"position":2},"title":"\u00bfDespliegue militar de Colombia est\u00e1 cayendo en el juego de los disidentes de las FARC?","author":"Chris Dalby","date":"29 de julio de 2021","format":false,"excerpt":"Colombia ha estado enviando miles de efectivos hacia una de sus fronteras con Venezuela, donde recientemente una c\u00e9lula disidente de las FARC llev\u00f3 a cabo dos importantes ataques. Sin embargo, a\u00fan est\u00e1n por verse las consecuencias finales de dicho despliegue.","rel":"","context":"En \u00abNoticias\u00bb","block_context":{"text":"Noticias","link":"https:\/\/insightcrime.org\/es\/category\/noticias\/"},"img":{"alt_text":"Colombian soldiers on parade in Bogota","src":"https:\/\/i0.wp.com\/insightcrime.org\/wp-content\/uploads\/2021\/07\/file-20170918-8236-rw07w9.jpg?fit=350%2C250&quality=100&ssl=1&resize=350%2C200","width":350,"height":200},"classes":[]},{"id":210669,"url":"https:\/\/insightcrime.org\/es\/noticias-crimen-organizado-colombia\/ex-farc-mafia-estado-mayor-central\/","url_meta":{"origin":137814,"position":3},"title":"Estado Mayor Central &#8211; Disidencias de las FARC","author":"InSight Crime","date":"14 de junio de 2024","format":false,"excerpt":"El Estado Mayor Central (EMC) es una federaci\u00f3n de frentes disidentes de las Fuerzas Armadas Revolucionarias de Colombia (FARC) que decidieron no acogerse al proceso de paz firmado en 2016 entre esa guerrilla y el gobierno de Colombia.\u00a0\u00a0","rel":"","context":"En \u00abColombia\u00bb","block_context":{"text":"Colombia","link":"https:\/\/insightcrime.org\/es\/category\/noticias-crimen-organizado-colombia\/"},"img":{"alt_text":"Estado Mayor Central - Disidencias de las FARC, Colombia.","src":"https:\/\/i0.wp.com\/insightcrime.org\/wp-content\/uploads\/2026\/08\/Grupo-Criminal-Estado-Mayor-Central-Colombia.jpg?fit=1200%2C900&quality=100&ssl=1&resize=350%2C200","width":350,"height":200,"srcset":"https:\/\/i0.wp.com\/insightcrime.org\/wp-content\/uploads\/2026\/08\/Grupo-Criminal-Estado-Mayor-Central-Colombia.jpg?fit=1200%2C900&quality=100&ssl=1&resize=350%2C200 1x, https:\/\/i0.wp.com\/insightcrime.org\/wp-content\/uploads\/2026\/08\/Grupo-Criminal-Estado-Mayor-Central-Colombia.jpg?fit=1200%2C900&quality=100&ssl=1&resize=525%2C300 1.5x, https:\/\/i0.wp.com\/insightcrime.org\/wp-content\/uploads\/2026\/08\/Grupo-Criminal-Estado-Mayor-Central-Colombia.jpg?fit=1200%2C900&quality=100&ssl=1&resize=700%2C400 2x, https:\/\/i0.wp.com\/insightcrime.org\/wp-content\/uploads\/2026\/08\/Grupo-Criminal-Estado-Mayor-Central-Colombia.jpg?fit=1200%2C900&quality=100&ssl=1&resize=1050%2C600 3x"},"classes":[]},{"id":233348,"url":"https:\/\/insightcrime.org\/es\/noticias-crimen-organizado-colombia\/eln-colombia\/","url_meta":{"origin":137814,"position":4},"title":"Ej\u00e9rcito de Liberaci\u00f3n Nacional (ELN)","author":"InSight Crime","date":"12 de agosto de 2026","format":false,"excerpt":"Ej\u00e9rcito de Liberaci\u00f3n Nacional (ELN): qui\u00e9nes lo lideran, d\u00f3nde opera y c\u00f3mo se financia. Perfil completo y actualizado en 2026.","rel":"","context":"En \u00abColombia\u00bb","block_context":{"text":"Colombia","link":"https:\/\/insightcrime.org\/es\/category\/noticias-crimen-organizado-colombia\/"},"img":{"alt_text":"Ej\u00e9rcito de Liberaci\u00f3n Nacional (ELN), Colombia.","src":"https:\/\/i0.wp.com\/insightcrime.org\/wp-content\/uploads\/2026\/07\/Grupo-Criminal-ELN.jpg?fit=1200%2C900&quality=100&ssl=1&resize=350%2C200","width":350,"height":200,"srcset":"https:\/\/i0.wp.com\/insightcrime.org\/wp-content\/uploads\/2026\/07\/Grupo-Criminal-ELN.jpg?fit=1200%2C900&quality=100&ssl=1&resize=350%2C200 1x, https:\/\/i0.wp.com\/insightcrime.org\/wp-content\/uploads\/2026\/07\/Grupo-Criminal-ELN.jpg?fit=1200%2C900&quality=100&ssl=1&resize=525%2C300 1.5x, https:\/\/i0.wp.com\/insightcrime.org\/wp-content\/uploads\/2026\/07\/Grupo-Criminal-ELN.jpg?fit=1200%2C900&quality=100&ssl=1&resize=700%2C400 2x, https:\/\/i0.wp.com\/insightcrime.org\/wp-content\/uploads\/2026\/07\/Grupo-Criminal-ELN.jpg?fit=1200%2C900&quality=100&ssl=1&resize=1050%2C600 3x"},"classes":[]},{"id":4985,"url":"https:\/\/insightcrime.org\/es\/venezuela-organized-crime-news\/bacrim-venezuela\/","url_meta":{"origin":137814,"position":5},"title":"BACRIM en Venezuela","author":"InSight Crime","date":"15 de febrero de 2023","format":false,"excerpt":"Varios remanentes de las Autodefensas Unidas de Colombia (AUC), conocidos en conjunto como bandas criminales (BACRIM), expandieron su presencia a Venezuela.","rel":"","context":"En \u00abVenezuela\u00bb","block_context":{"text":"Venezuela","link":"https:\/\/insightcrime.org\/category\/venezuela-organized-crime-news\/"},"img":{"alt_text":"Grupo criminal BACRIM, Venezuela.","src":"https:\/\/i0.wp.com\/insightcrime.org\/wp-content\/uploads\/2026\/08\/Grupo-Criminal-BACRIM-en-Venezuela.jpg?fit=1200%2C900&quality=100&ssl=1&resize=350%2C200","width":350,"height":200,"srcset":"https:\/\/i0.wp.com\/insightcrime.org\/wp-content\/uploads\/2026\/08\/Grupo-Criminal-BACRIM-en-Venezuela.jpg?fit=1200%2C900&quality=100&ssl=1&resize=350%2C200 1x, https:\/\/i0.wp.com\/insightcrime.org\/wp-content\/uploads\/2026\/08\/Grupo-Criminal-BACRIM-en-Venezuela.jpg?fit=1200%2C900&quality=100&ssl=1&resize=525%2C300 1.5x, https:\/\/i0.wp.com\/insightcrime.org\/wp-content\/uploads\/2026\/08\/Grupo-Criminal-BACRIM-en-Venezuela.jpg?fit=1200%2C900&quality=100&ssl=1&resize=700%2C400 2x, https:\/\/i0.wp.com\/insightcrime.org\/wp-content\/uploads\/2026\/08\/Grupo-Criminal-BACRIM-en-Venezuela.jpg?fit=1200%2C900&quality=100&ssl=1&resize=1050%2C600 3x"},"classes":[]}],"jetpack_featured_media_url":"https:\/\/i0.wp.com\/insightcrime.org\/wp-content\/uploads\/2021\/03\/Segunda-Marquetalia.jpg?fit=350%2C250&quality=100&ssl=1","_links":{"self":[{"href":"https:\/\/insightcrime.org\/es\/wp-json\/wp\/v2\/posts\/137814","targetHints":{"allow":["GET"]}}],"collection":[{"href":"https:\/\/insightcrime.org\/es\/wp-json\/wp\/v2\/posts"}],"about":[{"href":"https:\/\/insightcrime.org\/es\/wp-json\/wp\/v2\/types\/post"}],"author":[{"embeddable":true,"href":"https:\/\/insightcrime.org\/es\/wp-json\/wp\/v2\/users\/172"}],"replies":[{"embeddable":true,"href":"https:\/\/insightcrime.org\/es\/wp-json\/wp\/v2\/comments?post=137814"}],"version-history":[{"count":5,"href":"https:\/\/insightcrime.org\/es\/wp-json\/wp\/v2\/posts\/137814\/revisions"}],"predecessor-version":[{"id":138278,"href":"https:\/\/insightcrime.org\/es\/wp-json\/wp\/v2\/posts\/137814\/revisions\/138278"}],"wp:featuredmedia":[{"embeddable":true,"href":"https:\/\/insightcrime.org\/es\/wp-json\/wp\/v2\/media\/138269"}],"wp:attachment":[{"href":"https:\/\/insightcrime.org\/es\/wp-json\/wp\/v2\/media?parent=137814"}],"wp:term":[{"taxonomy":"category","embeddable":true,"href":"https:\/\/insightcrime.org\/es\/wp-json\/wp\/v2\/categories?post=137814"},{"taxonomy":"post_tag","embeddable":true,"href":"https:\/\/insightcrime.org\/es\/wp-json\/wp\/v2\/tags?post=137814"},{"taxonomy":"newspack_spnsrs_tax","embeddable":true,"href":"https:\/\/insightcrime.org\/es\/wp-json\/wp\/v2\/newspack_spnsrs_tax?post=137814"},{"taxonomy":"author","embeddable":true,"href":"https:\/\/insightcrime.org\/es\/wp-json\/wp\/v2\/coauthors?post=137814"}],"curies":[{"name":"wp","href":"https:\/\/api.w.org\/{rel}","templated":true}]}}