{"id":141191,"date":"2021-04-20T07:44:32","date_gmt":"2021-04-20T12:44:32","guid":{"rendered":"https:\/\/insightcrime.org\/?p=141191"},"modified":"2021-04-20T07:44:33","modified_gmt":"2021-04-20T12:44:33","slug":"hazana-final-aliado-pablo-escobar","status":"publish","type":"post","link":"https:\/\/insightcrime.org\/es\/noticias\/hazana-final-aliado-pablo-escobar\/","title":{"rendered":"La haza\u00f1a final de un aliado de Pablo Escobar"},"content":{"rendered":"\n<p class=\"wp-block-paragraph\">Un viejo asociado boliviano de Pablo Escobar que pag\u00f3 27 a\u00f1os de prisi\u00f3n en Estados Unidos est\u00e1 de nuevo en prisi\u00f3n, esta vez en Per\u00fa, lo que demuestra que las viejas generaciones de narcos pueden todav\u00eda estar en el ruedo.<\/p>\n\n\n\n<p class=\"wp-block-paragraph\">El \u00faltimo hecho en la tumultuosa historia de Jorge Roca, conocido como \u201cTecho de Paja\u201d, comenz\u00f3 el 9 de marzo de 2021, cuando fue <a href=\"https:\/\/elcomercio.pe\/lima\/policiales\/caen-dos-capos-bolivianos-del-narcotrafico-en-lima-que-eran-requeridos-por-los-estados-unidos-noticia\/\" target=\"_blank\" rel=\"noreferrer noopener nofollow\">arrestado<\/a> en Lima, Per\u00fa, como parte de una operaci\u00f3n conjunta con autoridades norteamericanas y colombianas. Roca est\u00e1 acusado de liderar una organizaci\u00f3n dedicada al env\u00edo de cargamentos de droga desde Bolivia, su pa\u00eds natal, y Per\u00fa \u2014donde fue arrestado\u2014 pasando por Venezuela, Brasil y M\u00e9xico en su tr\u00e1nsito hacia Estados Unidos.<\/p>\n\n\n\n<p class=\"wp-block-paragraph\">Pero esta no es la primera vez que Roca se enfrenta a la justicia. El historial delictivo de Techo de Paja se remonta a la \u00e9poca de los ochenta, cuando era considerado un pez gordo del narcotr\u00e1fico por las autoridades. Junto a su t\u00edo Roberto Su\u00e1rez \u2014<a href=\"https:\/\/es.insightcrime.org\/investigaciones\/bolivia-nuevo-epicentro-narcotrafico-suramerica\/\" target=\"_blank\" rel=\"noreferrer noopener\">conocido<\/a> como el \u201cRey de la coca\u00edna\u201d en Bolivia\u2014 fue <a href=\"https:\/\/www.elnuevoherald.com\/noticias\/mundo\/america-latina\/article209300174.html\" target=\"_blank\" rel=\"noreferrer noopener nofollow\">se\u00f1alado<\/a> de proveer cargamentos de coca\u00edna a Pablo Escobar.<br><br>En sus buenos tiempos, su fortuna le alcanz\u00f3 para ser due\u00f1o de un supermercado, un club de equitaci\u00f3n y una residencia de lujo en Santa Cruz de la Sierra, adem\u00e1s de varias haciendas cerca de la ciudad de Beni.<\/p>\n\n\n\n<blockquote class=\"wp-block-quote is-layout-flow wp-block-quote-is-layout-flow\"><p><strong><span style=\"color:#b40026\" class=\"has-inline-color\">VEA TAMBI\u00c9N:<\/span><\/strong> <a href=\"https:\/\/es.insightcrime.org\/noticias\/noticias-del-dia\/autoridades-argentina-y-bolivia-detienen-al-chapo-guzman-de-suramerica\/\" target=\"_blank\" rel=\"noreferrer noopener\">Autoridades de Argentina y Bolivia detienen al &#8216;Chapo Guzm\u00e1n&#8217; de Suram\u00e9rica<\/a><\/p><\/blockquote>\n\n\n\n<p class=\"wp-block-paragraph\">En 1990 fue <a href=\"https:\/\/eldeber.com.bo\/bolivia\/quien-es-techo-e-paja-y-por-que-estuvo-preso-27-anos-en-eeuu_75475\" target=\"_blank\" rel=\"noreferrer noopener nofollow\">capturado<\/a> y condenado a 35 a\u00f1os de prisi\u00f3n en Estados Unidos por narcotr\u00e1fico, lavado de dinero, fraude bancario, evasi\u00f3n de impuestos y extorsi\u00f3n.<\/p>\n\n\n\n<p class=\"wp-block-paragraph\">Luego de 27 a\u00f1os en la c\u00e1rcel, <a href=\"https:\/\/www.la-razon.com\/lr-article\/techo-de-paja-retorna-a-bolivia-y-cumple-detencion-en-san-pedro\/\" target=\"_blank\" rel=\"noreferrer noopener nofollow\">regres\u00f3<\/a> a Bolivia en 2018, donde se enfrentaba a otros 15 a\u00f1os de prisi\u00f3n por varios delitos. Sin embargo, poco despu\u00e9s se <a href=\"https:\/\/elcomercio.pe\/mundo\/latinoamerica\/bolivia-jorge-roca-suarez-ex-capo-droga-techo-paja-fuga-burlar-policia-noticia-585769-noticia\/\" target=\"_blank\" rel=\"noreferrer noopener nofollow\">fug\u00f3<\/a> de una cl\u00ednica privada en La Paz, y posteriormente fue dejado en libertad por las autoridades considerando que, por su edad, <a href=\"https:\/\/eldeber.com.bo\/pais\/techo-e-paja-cae-preso-en-peru-la-interpol-asegura-que-es-buscado-por-eeuu_223863\" target=\"_blank\" rel=\"noreferrer noopener nofollow\">no ten\u00eda sentido continuar la b\u00fasqueda<\/a>.<\/p>\n\n\n\n<p class=\"wp-block-paragraph\">Durante dos a\u00f1os, Roca mantuvo un bajo perfil. En 2020, seg\u00fan las autoridades, <a href=\"https:\/\/elcomercio.pe\/lima\/policiales\/caen-dos-capos-bolivianos-del-narcotrafico-en-lima-que-eran-requeridos-por-los-estados-unidos-noticia\/\" target=\"_blank\" rel=\"noreferrer noopener nofollow\">retom\u00f3<\/a> sus viejas andanzas y operando esta vez desde Per\u00fa, form\u00f3 una nueva organizaci\u00f3n para el env\u00edo de coca\u00edna desde el pa\u00eds andino hacia Estados Unidos.<\/p>\n\n\n\n<p class=\"wp-block-paragraph\">La coca\u00edna que presuntamente traficaba Roca <a href=\"https:\/\/www.elespectador.com\/noticias\/judicial\/exsocio-de-pablo-escobar-fue-capturado-porque-habria-reincidido-en-narcotrafico\/\" target=\"_blank\" rel=\"noreferrer noopener nofollow\">ven\u00eda<\/a> de laboratorios en Per\u00fa y Bolivia, cerca de la frontera con Brasil. Pero eso no era todo, seg\u00fan informaci\u00f3n publicada por el diario <a href=\"https:\/\/eldeber.com.bo\/pais\/colombia-afirma-que-techo-e-paja-enviaba-grandes-cargamentos-de-cocaina-a-eeuu-y-que-junto-a-el-cayo_227221\" target=\"_blank\" rel=\"noreferrer noopener nofollow\">El Deber<\/a>, Roca y sus aliados \u201chab\u00edan hecho contacto con Colombia, con el &#8216;objeto de incrementar el nivel de producci\u00f3n por hect\u00e1rea [de cultivos de coca] para mejorar el alcaloide&#8217; y &#8216;trasladar esa parte t\u00e9cnica a Bolivia&#8217;\u201d .<\/p>\n\n\n\n<p class=\"wp-block-paragraph\">Entre los otros capturados tambi\u00e9n se encuentra <a href=\"https:\/\/www.eltiempo.com\/justicia\/delitos\/alias-techo-de-paja-exsocio-de-pablo-escobar-recapturado-por-narcotrafico-579434\" target=\"_blank\" rel=\"noreferrer noopener nofollow\">Omar Rojas Echeverr\u00eda<\/a>, exmayor de la polic\u00eda de Bolivia y acusado de facilitar el uso de pistas clandestinas en la regi\u00f3n de Beni, al norte de Bolivia. <\/p>\n\n\n\n<h3 class=\"wp-block-heading\" id=\"h-an-lisis-de-insight-crime\"><strong>An\u00e1lisis de InSight Crime<\/strong><\/h3>\n\n\n\n<p class=\"wp-block-paragraph\">El caso de Roca ilustra c\u00f3mo algunos narcotraficantes logran revivir sus negocios ilegales, a pesar de haber pasado d\u00e9cadas en prisi\u00f3n, vali\u00e9ndose de su pasado criminal.<\/p>\n\n\n\n<p class=\"wp-block-paragraph\">El retorno de los narcotraficantes a sus pa\u00edses de origen luego de pagar sus condenas en Estados Unidos ha generado especulaciones sobre su posible retorno al mundo criminal. Roca, si es condenado, ser\u00eda uno de los pocos casos en los que este miedo se volvi\u00f3 realidad.<\/p>\n\n\n\n<p class=\"wp-block-paragraph\">Roca no es el primer narco reincidente que es acusado de volver al tr\u00e1fico de drogas. En Colombia, el regreso al pa\u00eds de narcotraficantes extraditados a Estados Unidos ha encendido las alarmas. Un informe <a href=\"https:\/\/www.eltiempo.com\/justicia\/investigacion\/alerta-por-narcotraficantes-que-regresan-despues-de-la-extradicion-de-estados-unidos-a-colombia-219702\" target=\"_blank\" rel=\"noreferrer noopener nofollow\">publicado<\/a> por El Tiempo en 2018 advirti\u00f3 sobre el riesgo de que estos traficantes intenten reactivar sus redes criminales una vez hayan retornado al pa\u00eds.<\/p>\n\n\n\n<blockquote class=\"wp-block-quote is-layout-flow wp-block-quote-is-layout-flow\"><p><strong><span style=\"color:#b40026\" class=\"has-inline-color\">VEA TAMBI\u00c9N:<\/span><\/strong> <a href=\"https:\/\/es.insightcrime.org\/noticias\/pachenca-reaparecen-tras-retorno-lider-colombia\/\" target=\"_blank\" rel=\"noreferrer noopener\">Los Pachenca reaparecen tras el retorno de su l\u00edder a Colombia<\/a><\/p><\/blockquote>\n\n\n\n<p class=\"wp-block-paragraph\">En 2011, V\u00edctor Pati\u00f1o F\u00f3meque <a href=\"https:\/\/www.wradio.com.co\/noticias\/judicial\/que-ha-pasado-con-los-extraditados-que-ya-cumplieron-su-condena-en-el-exterior\/20180409\/nota\/3734605.aspx\" target=\"_blank\" rel=\"noreferrer noopener nofollow\">estuvo<\/a> en el centro de una <a href=\"https:\/\/es.insightcrime.org\/noticias\/analisis\/valle-del-cauca-una-guerra-muy-lejana-para-los-urabenos\/\" target=\"_blank\" rel=\"noreferrer noopener\">guerra<\/a> entre Los Urabe\u00f1os y Los Rastrojos por el control de los bienes del Cartel de Cali. De acuerdo con informaci\u00f3n publicada por <a href=\"https:\/\/www.eltiempo.com\/archivo\/documento\/CMS-11174287\" target=\"_blank\" rel=\"noreferrer noopener nofollow\">El Tiempo<\/a>, Pati\u00f1o F\u00f3meque habr\u00eda jugado el rol de mediador entre el Cartel de los Beltr\u00e1n Leyva en M\u00e9xico y Los Urabe\u00f1os a cambio del apoyo de los \u00faltimos en su guerra contra Los Rastrojos.<\/p>\n\n\n\n<p class=\"wp-block-paragraph\">En otros casos, el retorno de los viejos capos revive viejas luchas. Una ola de violencia en el departamento del Valle del Cauca, en 2015, estuvo <a href=\"https:\/\/www.semana.com\/nacion\/articulo\/narcotrafico-guerra-entre-generaciones\/450572-3\/\" target=\"_blank\" rel=\"noreferrer noopener nofollow\">relacionada<\/a> con el regreso de varios narcos y testaferros de vieja data.<\/p>\n\n\n\n<p class=\"wp-block-paragraph\">M\u00e1s recientemente, el <a href=\"https:\/\/es.insightcrime.org\/noticias\/pachenca-reaparecen-tras-retorno-lider-colombia\/\" target=\"_blank\" rel=\"noreferrer noopener\">regreso<\/a> del narcotraficante y exparamilitar Hern\u00e1n Giraldo en enero de este a\u00f1o gener\u00f3 la misma reacci\u00f3n.<\/p>\n\n\n\n<p class=\"wp-block-paragraph\">Su grupo familiar, ahora convertido en un grupo criminal conocido como \u201cLos Pachenca\u201d,\u00a0mantiene todav\u00eda algo de control sobre el tr\u00e1fico de drogas en la costa Caribe colombiana, y su retorno ha generado <a href=\"https:\/\/www.elespectador.com\/noticias\/judicial\/el-miedo-en-el-magdalena-por-el-regreso-del-exjefe-paramilitar-hernan-giraldo\/\" target=\"_blank\" rel=\"noreferrer noopener nofollow\">temor<\/a> entre las comunidades de la regi\u00f3n.<\/p>\n","protected":false},"excerpt":{"rendered":"<p>Un viejo asociado de Pablo Escobar que pag\u00f3 27 a\u00f1os de prisi\u00f3n en Estados Unidos est\u00e1 de nuevo en prisi\u00f3n, esta vez en Per\u00fa, demostrando c\u00f3mo las viejas generaciones de narcos pueden todav\u00eda estar en el ruedo.<\/p>\n","protected":false},"author":202,"featured_media":141375,"comment_status":"closed","ping_status":"closed","sticky":false,"template":"","format":"standard","meta":{"newspack_ads_suppress_ads":false,"newspack_popups_has_disabled_popups":false,"newspack_sponsor_sponsorship_scope":"","newspack_sponsor_native_byline_display":"inherit","newspack_sponsor_native_category_display":"inherit","newspack_sponsor_underwriter_style":"inherit","newspack_sponsor_underwriter_placement":"inherit","_EventAllDay":false,"_EventTimezone":"","_EventStartDate":"","_EventEndDate":"","_EventStartDateUTC":"","_EventEndDateUTC":"","_EventShowMap":false,"_EventShowMapLink":false,"_EventURL":"","_EventCost":"","_EventCostDescription":"","_EventCurrencySymbol":"","_EventCurrencyCode":"","_EventCurrencyPosition":"","_EventDateTimeSeparator":"","_EventTimeRangeSeparator":"","_EventOrganizerID":[],"_EventVenueID":[],"_OrganizerEmail":"","_OrganizerPhone":"","_OrganizerWebsite":"","_VenueAddress":"","_VenueCity":"","_VenueCountry":"","_VenueProvince":"","_VenueState":"","_VenueZip":"","_VenuePhone":"","_VenueURL":"","_VenueStateProvince":"","_VenueLat":"","_VenueLng":"","_VenueShowMap":false,"_VenueShowMapLink":false,"_newspack_byline_active":false,"_newspack_byline":"","newspack_hide_updated_date":false,"newspack_show_updated_date":false,"newspack_featured_image_position":"","newspack_post_subtitle":"","newspack_article_summary_title":"Overview:","newspack_article_summary":"","_jetpack_memberships_contains_paid_content":false,"footnotes":""},"categories":[759],"tags":[403,3412,368,409],"newspack_spnsrs_tax":[],"coauthors":[4169],"class_list":["post-141191","post","type-post","status-publish","format-standard","has-post-thumbnail","hentry","category-noticias","tag-bolivia-pais","tag-cocaina","tag-colombia-pais","tag-peru-pais","entry"],"parsely":{"version":"1.1.0","canonical_url":"https:\/\/insightcrime.org\/es\/noticias\/hazana-final-aliado-pablo-escobar\/","smart_links":{"inbound":0,"outbound":0},"traffic_boost_suggestions_count":0,"meta":{"@context":"https:\/\/schema.org","@type":"NewsArticle","headline":"La haza\u00f1a final de un aliado de Pablo Escobar","url":"http:\/\/insightcrime.org\/es\/noticias\/hazana-final-aliado-pablo-escobar\/","mainEntityOfPage":{"@type":"WebPage","@id":"http:\/\/insightcrime.org\/es\/noticias\/hazana-final-aliado-pablo-escobar\/"},"thumbnailUrl":"https:\/\/i0.wp.com\/insightcrime.org\/wp-content\/uploads\/2021\/04\/21-04-19-Bolivia-Peru-Jorge-Roca-Cocaine.jpg?resize=150%2C150&quality=100&ssl=1","image":{"@type":"ImageObject","url":"https:\/\/i0.wp.com\/insightcrime.org\/wp-content\/uploads\/2021\/04\/21-04-19-Bolivia-Peru-Jorge-Roca-Cocaine.jpg?fit=350%2C250&quality=100&ssl=1"},"articleSection":"Noticias","author":[{"@type":"Person","name":"Lara Loaiza"}],"creator":["Lara Loaiza"],"publisher":{"@type":"Organization","name":"InSight Crime","logo":"https:\/\/insightcrime.org\/wp-content\/uploads\/2023\/08\/logo.png"},"keywords":["bolivia","coca\u00edna","colombia","per\u00fa"],"dateCreated":"2021-04-20T12:44:32Z","datePublished":"2021-04-20T12:44:32Z","dateModified":"2021-04-20T12:44:33Z"},"rendered":"<meta name=\"parsely-title\" content=\"La haza\u00f1a final de un aliado de Pablo Escobar\" \/>\n<meta name=\"parsely-link\" content=\"http:\/\/insightcrime.org\/es\/noticias\/hazana-final-aliado-pablo-escobar\/\" \/>\n<meta name=\"parsely-type\" content=\"post\" \/>\n<meta name=\"parsely-image-url\" content=\"https:\/\/i0.wp.com\/insightcrime.org\/wp-content\/uploads\/2021\/04\/21-04-19-Bolivia-Peru-Jorge-Roca-Cocaine.jpg?resize=150%2C150&amp;quality=100&amp;ssl=1\" \/>\n<meta name=\"parsely-pub-date\" content=\"2021-04-20T12:44:32Z\" \/>\n<meta name=\"parsely-section\" content=\"Noticias\" \/>\n<meta name=\"parsely-tags\" content=\"bolivia,coca\u00edna,colombia,per\u00fa\" \/>\n<meta name=\"parsely-author\" content=\"Lara Loaiza\" \/>","tracker_url":"https:\/\/cdn.parsely.com\/keys\/insightcrime.org\/p.js"},"jetpack_sharing_enabled":true,"jetpack-related-posts":[{"id":163638,"url":"https:\/\/insightcrime.org\/es\/noticias-crimen-organizado-colombia\/pablo-escobar\/","url_meta":{"origin":141191,"position":0},"title":"Pablo Escobar","author":"InSight Crime","date":"30 de agosto de 2021","format":false,"excerpt":"Pablo Emilio Escobar Gaviria fue pionero en el tr\u00e1fico de coca\u00edna a nivel industrial. Conocido como \u201cEl Patr\u00f3n\u201d, dirigi\u00f3 el Cartel de Medell\u00edn desde la d\u00e9cada de 1970 hasta principios de la d\u00e9cada de 1990.","rel":"","context":"En \u00abColombia\u00bb","block_context":{"text":"Colombia","link":"https:\/\/insightcrime.org\/es\/category\/noticias-crimen-organizado-colombia\/"},"img":{"alt_text":"","src":"https:\/\/i0.wp.com\/insightcrime.org\/wp-content\/uploads\/2026\/05\/Perfil-Criminal-Pablo-Escobar-1.jpg?fit=1200%2C900&quality=100&ssl=1&resize=350%2C200","width":350,"height":200,"srcset":"https:\/\/i0.wp.com\/insightcrime.org\/wp-content\/uploads\/2026\/05\/Perfil-Criminal-Pablo-Escobar-1.jpg?fit=1200%2C900&quality=100&ssl=1&resize=350%2C200 1x, https:\/\/i0.wp.com\/insightcrime.org\/wp-content\/uploads\/2026\/05\/Perfil-Criminal-Pablo-Escobar-1.jpg?fit=1200%2C900&quality=100&ssl=1&resize=525%2C300 1.5x, https:\/\/i0.wp.com\/insightcrime.org\/wp-content\/uploads\/2026\/05\/Perfil-Criminal-Pablo-Escobar-1.jpg?fit=1200%2C900&quality=100&ssl=1&resize=700%2C400 2x, https:\/\/i0.wp.com\/insightcrime.org\/wp-content\/uploads\/2026\/05\/Perfil-Criminal-Pablo-Escobar-1.jpg?fit=1200%2C900&quality=100&ssl=1&resize=1050%2C600 3x"},"classes":[]},{"id":246561,"url":"https:\/\/insightcrime.org\/es\/noticias-crimen-organizado-colombia\/griselda-blanco-alias-madrina\/","url_meta":{"origin":141191,"position":1},"title":"Griselda Blanco, alias \u201cLa Madrina\u201d","author":"InSight Crime","date":"21 de noviembre de 2023","format":false,"excerpt":"Ana Griselda Blanco Restrepo fue una de las pioneras en el tr\u00e1fico de coca\u00edna a gran escala hacia Estados Unidos. Blanco fue una traficante clave entre las d\u00e9cadas de 1970 y 1980 y tuvo un papel protagonista en las guerras de las drogas de Miami. Fue conocida como \u201cLa Madrina\u201d\u2026","rel":"","context":"En \u00abColombia\u00bb","block_context":{"text":"Colombia","link":"https:\/\/insightcrime.org\/es\/category\/noticias-crimen-organizado-colombia\/"},"img":{"alt_text":"Griselda Blanco, alias 'La Madrina'","src":"https:\/\/i0.wp.com\/insightcrime.org\/wp-content\/uploads\/2026\/06\/Perfil-Criminal-Griselda-Blanco.jpg?fit=1200%2C900&quality=100&ssl=1&resize=350%2C200","width":350,"height":200,"srcset":"https:\/\/i0.wp.com\/insightcrime.org\/wp-content\/uploads\/2026\/06\/Perfil-Criminal-Griselda-Blanco.jpg?fit=1200%2C900&quality=100&ssl=1&resize=350%2C200 1x, https:\/\/i0.wp.com\/insightcrime.org\/wp-content\/uploads\/2026\/06\/Perfil-Criminal-Griselda-Blanco.jpg?fit=1200%2C900&quality=100&ssl=1&resize=525%2C300 1.5x, https:\/\/i0.wp.com\/insightcrime.org\/wp-content\/uploads\/2026\/06\/Perfil-Criminal-Griselda-Blanco.jpg?fit=1200%2C900&quality=100&ssl=1&resize=700%2C400 2x, https:\/\/i0.wp.com\/insightcrime.org\/wp-content\/uploads\/2026\/06\/Perfil-Criminal-Griselda-Blanco.jpg?fit=1200%2C900&quality=100&ssl=1&resize=1050%2C600 3x"},"classes":[]},{"id":66349,"url":"https:\/\/insightcrime.org\/es\/noticias-crimen-organizado-colombia\/don-berna\/","url_meta":{"origin":141191,"position":2},"title":"Diego Fernando Murillo, alias &#8216;Don Berna&#8217;","author":"InSight Crime","date":"3 de julio de 2024","format":false,"excerpt":"Hasta su extradici\u00f3n a Estados Unidos en 2008, Diego Fernando Murillo, alias \u201cDon Berna\u201d, fue el l\u00edder del grupo mafioso de la Oficina de Envigado, el cual creci\u00f3 de las cenizas del Cartel de Medell\u00edn de Pablo Escobar.","rel":"","context":"En \u00abColombia\u00bb","block_context":{"text":"Colombia","link":"https:\/\/insightcrime.org\/es\/category\/noticias-crimen-organizado-colombia\/"},"img":{"alt_text":"Perfil criminal - Diego Fernando Murillo, alias 'Don Berna' - Colombia.","src":"https:\/\/i0.wp.com\/insightcrime.org\/wp-content\/uploads\/2026\/08\/Perfil-Criminal-Alias-Don-Berna-Colombia.jpg?fit=1200%2C900&quality=100&ssl=1&resize=350%2C200","width":350,"height":200,"srcset":"https:\/\/i0.wp.com\/insightcrime.org\/wp-content\/uploads\/2026\/08\/Perfil-Criminal-Alias-Don-Berna-Colombia.jpg?fit=1200%2C900&quality=100&ssl=1&resize=350%2C200 1x, https:\/\/i0.wp.com\/insightcrime.org\/wp-content\/uploads\/2026\/08\/Perfil-Criminal-Alias-Don-Berna-Colombia.jpg?fit=1200%2C900&quality=100&ssl=1&resize=525%2C300 1.5x, https:\/\/i0.wp.com\/insightcrime.org\/wp-content\/uploads\/2026\/08\/Perfil-Criminal-Alias-Don-Berna-Colombia.jpg?fit=1200%2C900&quality=100&ssl=1&resize=700%2C400 2x, https:\/\/i0.wp.com\/insightcrime.org\/wp-content\/uploads\/2026\/08\/Perfil-Criminal-Alias-Don-Berna-Colombia.jpg?fit=1200%2C900&quality=100&ssl=1&resize=1050%2C600 3x"},"classes":[]},{"id":4850,"url":"https:\/\/insightcrime.org\/es\/noticias-crimen-organizado-colombia\/colombia\/","url_meta":{"origin":141191,"position":3},"title":"Perfil de Colombia","author":"InSight Crime","date":"31 de julio de 2024","format":false,"excerpt":"Desde hace d\u00e9cadas, Colombia se ha consolidado como el principal pa\u00eds productor de coca\u00edna en el mundo. Diferentes grupos criminales en el pa\u00eds han logrado abrirse paso en el narcotr\u00e1fico a trav\u00e9s de alianzas con mafias en todo el mundo.\u00a0","rel":"","context":"En \u00abColombia\u00bb","block_context":{"text":"Colombia","link":"https:\/\/insightcrime.org\/es\/category\/noticias-crimen-organizado-colombia\/"},"img":{"alt_text":"A soldier walking through a field in Colombia","src":"https:\/\/i0.wp.com\/insightcrime.org\/wp-content\/uploads\/2017\/08\/Colombia.jpg?fit=1200%2C766&quality=100&ssl=1&resize=350%2C200","width":350,"height":200,"srcset":"https:\/\/i0.wp.com\/insightcrime.org\/wp-content\/uploads\/2017\/08\/Colombia.jpg?fit=1200%2C766&quality=100&ssl=1&resize=350%2C200 1x, https:\/\/i0.wp.com\/insightcrime.org\/wp-content\/uploads\/2017\/08\/Colombia.jpg?fit=1200%2C766&quality=100&ssl=1&resize=525%2C300 1.5x, https:\/\/i0.wp.com\/insightcrime.org\/wp-content\/uploads\/2017\/08\/Colombia.jpg?fit=1200%2C766&quality=100&ssl=1&resize=700%2C400 2x, https:\/\/i0.wp.com\/insightcrime.org\/wp-content\/uploads\/2017\/08\/Colombia.jpg?fit=1200%2C766&quality=100&ssl=1&resize=1050%2C600 3x"},"classes":[]},{"id":209122,"url":"https:\/\/insightcrime.org\/es\/noticias\/otoniel-se-declara-culpable-adios-al-ultimo-capo-de-colombia\/","url_meta":{"origin":141191,"position":4},"title":"Otoniel se declara culpable: adi\u00f3s a la vieja guardia de capos de Colombia","author":"Juan Diego Posada","date":"26 de enero de 2023","format":false,"excerpt":"Otoniel, el antiguo jefe de los Urabe\u00f1os, se declar\u00f3 culpable de varios delitos ante una jueza en Estados Unidos. Su declaraci\u00f3n pone fin a una era dominada por los capos de Colombia en el narcotr\u00e1fico mundial. El bajo mundo criminal de Colombia ya no est\u00e1 dominado por poderosos capos de\u2026","rel":"","context":"En \u00abNoticias\u00bb","block_context":{"text":"Noticias","link":"https:\/\/insightcrime.org\/es\/category\/noticias\/"},"img":{"alt_text":"","src":"https:\/\/i0.wp.com\/insightcrime.org\/wp-content\/uploads\/2023\/01\/Colombia-police-escort-Dairo-Antonio-Usuga-Otoniel-May-2022-AP23025714047594-A2.jpg?fit=1200%2C690&quality=100&ssl=1&resize=350%2C200","width":350,"height":200,"srcset":"https:\/\/i0.wp.com\/insightcrime.org\/wp-content\/uploads\/2023\/01\/Colombia-police-escort-Dairo-Antonio-Usuga-Otoniel-May-2022-AP23025714047594-A2.jpg?fit=1200%2C690&quality=100&ssl=1&resize=350%2C200 1x, https:\/\/i0.wp.com\/insightcrime.org\/wp-content\/uploads\/2023\/01\/Colombia-police-escort-Dairo-Antonio-Usuga-Otoniel-May-2022-AP23025714047594-A2.jpg?fit=1200%2C690&quality=100&ssl=1&resize=525%2C300 1.5x, https:\/\/i0.wp.com\/insightcrime.org\/wp-content\/uploads\/2023\/01\/Colombia-police-escort-Dairo-Antonio-Usuga-Otoniel-May-2022-AP23025714047594-A2.jpg?fit=1200%2C690&quality=100&ssl=1&resize=700%2C400 2x, https:\/\/i0.wp.com\/insightcrime.org\/wp-content\/uploads\/2023\/01\/Colombia-police-escort-Dairo-Antonio-Usuga-Otoniel-May-2022-AP23025714047594-A2.jpg?fit=1200%2C690&quality=100&ssl=1&resize=1050%2C600 3x"},"classes":[]},{"id":300860,"url":"https:\/\/insightcrime.org\/es\/noticias-crimen-organizado-colombia\/cartel-de-medellin\/","url_meta":{"origin":141191,"position":5},"title":"Cartel de Medell\u00edn\u00a0","author":"InSight Crime","date":"3 de febrero de 2025","format":false,"excerpt":"El Cartel de Medell\u00edn, una de las organizaciones de narcotr\u00e1fico m\u00e1s ic\u00f3nicas y violentas de la historia de Colombia, consolid\u00f3 su control sobre el tr\u00e1fico internacional de coca\u00edna durante los a\u00f1os 80 y 90.\u00a0","rel":"","context":"En \u00abColombia\u00bb","block_context":{"text":"Colombia","link":"https:\/\/insightcrime.org\/es\/category\/noticias-crimen-organizado-colombia\/"},"img":{"alt_text":"","src":"https:\/\/i0.wp.com\/insightcrime.org\/wp-content\/uploads\/2025\/02\/Cartel-de-Medellin.jpg?fit=350%2C250&quality=100&ssl=1&resize=350%2C200","width":350,"height":200},"classes":[]}],"jetpack_featured_media_url":"https:\/\/i0.wp.com\/insightcrime.org\/wp-content\/uploads\/2021\/04\/21-04-19-Bolivia-Peru-Jorge-Roca-Cocaine.jpg?fit=350%2C250&quality=100&ssl=1","_links":{"self":[{"href":"https:\/\/insightcrime.org\/es\/wp-json\/wp\/v2\/posts\/141191","targetHints":{"allow":["GET"]}}],"collection":[{"href":"https:\/\/insightcrime.org\/es\/wp-json\/wp\/v2\/posts"}],"about":[{"href":"https:\/\/insightcrime.org\/es\/wp-json\/wp\/v2\/types\/post"}],"author":[{"embeddable":true,"href":"https:\/\/insightcrime.org\/es\/wp-json\/wp\/v2\/users\/202"}],"replies":[{"embeddable":true,"href":"https:\/\/insightcrime.org\/es\/wp-json\/wp\/v2\/comments?post=141191"}],"version-history":[{"count":5,"href":"https:\/\/insightcrime.org\/es\/wp-json\/wp\/v2\/posts\/141191\/revisions"}],"predecessor-version":[{"id":141448,"href":"https:\/\/insightcrime.org\/es\/wp-json\/wp\/v2\/posts\/141191\/revisions\/141448"}],"wp:featuredmedia":[{"embeddable":true,"href":"https:\/\/insightcrime.org\/es\/wp-json\/wp\/v2\/media\/141375"}],"wp:attachment":[{"href":"https:\/\/insightcrime.org\/es\/wp-json\/wp\/v2\/media?parent=141191"}],"wp:term":[{"taxonomy":"category","embeddable":true,"href":"https:\/\/insightcrime.org\/es\/wp-json\/wp\/v2\/categories?post=141191"},{"taxonomy":"post_tag","embeddable":true,"href":"https:\/\/insightcrime.org\/es\/wp-json\/wp\/v2\/tags?post=141191"},{"taxonomy":"newspack_spnsrs_tax","embeddable":true,"href":"https:\/\/insightcrime.org\/es\/wp-json\/wp\/v2\/newspack_spnsrs_tax?post=141191"},{"taxonomy":"author","embeddable":true,"href":"https:\/\/insightcrime.org\/es\/wp-json\/wp\/v2\/coauthors?post=141191"}],"curies":[{"name":"wp","href":"https:\/\/api.w.org\/{rel}","templated":true}]}}