{"id":143046,"date":"2021-05-04T15:47:47","date_gmt":"2021-05-04T20:47:47","guid":{"rendered":"https:\/\/insightcrime.org\/?p=143046"},"modified":"2021-05-04T15:47:48","modified_gmt":"2021-05-04T20:47:48","slug":"porque-ejercitos-suramerica-perdiendo-guerra-amazonas","status":"publish","type":"post","link":"https:\/\/insightcrime.org\/es\/noticias\/porque-ejercitos-suramerica-perdiendo-guerra-amazonas\/","title":{"rendered":"Por qu\u00e9 los ej\u00e9rcitos de Suram\u00e9rica van perdiendo la guerra por el Amazonas"},"content":{"rendered":"\n<p class=\"wp-block-paragraph\">D\u00e9cadas de inactividad e ineficiencia en la lucha contra delitos ambientales en el Amazonas han llevado a Brasil, Colombia y Per\u00fa a tomar medidas cada vez m\u00e1s dr\u00e1sticas: desplegar tropas militares en la selva con el fin de poner freno el tr\u00e1fico de madera, la miner\u00eda ilegal y otras econom\u00edas depredadoras.<\/p>\n\n\n\n<p class=\"wp-block-paragraph\">Sin embargo, el Amazonas sigue siendo devastado a velocidades alarmantes.<\/p>\n\n\n\n<p class=\"wp-block-paragraph\">Los m\u00e1s recientes operativos militares en estos pa\u00edses a duras penas han logrado marcar una diferencia significativa. <\/p>\n\n\n\n<p class=\"wp-block-paragraph\">Colombia, que en 2019 anunci\u00f3 el uso de militares para frenar la deforestaci\u00f3n, ha registrado <a href=\"https:\/\/es.insightcrime.org\/noticias\/grupos-criminales-derriban-selvas-colombia\/\" target=\"_blank\" rel=\"noreferrer noopener\">vastas extensiones de selva destrozada<\/a>&nbsp;a pesar del despliegue de soldados en el marco de la <a href=\"https:\/\/es.insightcrime.org\/noticias\/noticias-del-dia\/peru-sin-ideas-contra-mineria-ilegal-madre-de-dios\/\" target=\"_blank\" rel=\"noreferrer noopener\">Operaci\u00f3n Artemisa<\/a>. En Per\u00fa,&nbsp;los <a href=\"https:\/\/es.insightcrime.org\/noticias\/noticias-del-dia\/peru-sin-ideas-contra-mineria-ilegal-madre-de-dios\/\" target=\"_blank\" rel=\"noreferrer noopener\">efectivos militares<\/a> enviados a expulsar a los mineros en Madre de Dios se han quedado cortos ante la destrucci\u00f3n de 10.000 hect\u00e1reas de selva en 2019. Y la Operaci\u00f3n Brasil Verde, en cabeza del presidente de Brasil Jair Bolsonaro,&nbsp;<a href=\"https:\/\/news.mongabay.com\/2021\/04\/as-brazils-military-pulls-out-of-the-amazon-its-legacy-is-in-question\/\" target=\"_blank\" rel=\"noreferrer noopener nofollow\">lanzada<\/a>&nbsp;en agosto de 2019 \u2014luego de que los incendios en el Amazonas acapararan la atenci\u00f3n mundial\u2014 no ha surtido los efectos esperados en su <a href=\"https:\/\/dialogo-americas.com\/articles\/armed-forces-promote-operation-green-brazil-2-to-combat-amazon-deforestation\/\" target=\"_blank\" rel=\"noreferrer noopener nofollow\">segunda fase<\/a>.<\/p>\n\n\n\n<p class=\"wp-block-paragraph\">De hecho, el involucramiento de militares puede llegar a ser peor en algunos casos. En Colombia, los conflictos entre el ej\u00e9rcito y algunos grupos armados ilegales tienen <a href=\"https:\/\/www.bbc.com\/mundo\/noticias-america-latina-51666192\" target=\"_blank\" rel=\"noreferrer noopener nofollow\">atrapadas<\/a> a decenas de comunidades rurales e ind\u00edgenas. En Brasil, la <a href=\"https:\/\/www.reuters.com\/investigates\/special-report\/brazil-environment-military\/\" target=\"_blank\" rel=\"noreferrer noopener nofollow\">falta de entrenamiento especializado<\/a>&nbsp;hace pr\u00e1cticamente imposible que los soldados eviten la tala ilegal.<\/p>\n\n\n\n<p class=\"wp-block-paragraph\">A continuaci\u00f3n, InSight Crime presenta un an\u00e1lisis detallado sobre las causas de los infructuosos intentos por impedir la deforestaci\u00f3n en el Amazonas mediante el uso de tropas militares.<\/p>\n\n\n\n<h3 class=\"wp-block-heading\" id=\"h-1-la-selva-como-campo-de-batalla-falta-de-entrenamiento-especializado\">1. La selva como campo de batalla: falta de entrenamiento especializado<\/h3>\n\n\n\n<p class=\"wp-block-paragraph\">A pesar de que Bolsonaro <a href=\"https:\/\/www.reuters.com\/article\/us-brazil-environment-idUSKBN22J256\" target=\"_blank\" rel=\"noreferrer noopener nofollow\">puso al ej\u00e9rcito al frente<\/a> de las intervenciones para combatir los delitos ambientales en el Amazonas brasile\u00f1o, los resultados no han estado a la altura de las expectativas, seg\u00fan una investigaci\u00f3n de <a href=\"https:\/\/www.reuters.com\/investigates\/special-report\/brazil-environment-military\/\" target=\"_blank\" rel=\"noreferrer noopener\">Reuters pub<\/a><a href=\"https:\/\/www.reuters.com\/investigates\/special-report\/brazil-environment-military\/\" target=\"_blank\" rel=\"noreferrer noopener nofollow\">l<\/a><a href=\"https:\/\/www.reuters.com\/investigates\/special-report\/brazil-environment-military\/\" target=\"_blank\" rel=\"noreferrer noopener\">icada<\/a>&nbsp;en marzo.<\/p>\n\n\n\n<p class=\"wp-block-paragraph\">Varias pilas de Castanheira, una <a href=\"https:\/\/www.ethicalbiotrade.org\/ingredient-stories\/2019\/3\/14\/brazil-nuts#:~:text=As%20chestnut%20plantations%20do%20not,in%20Peru%2C%20Bolivia%20and%20Brazil.\" target=\"_blank\" rel=\"noreferrer noopener nofollow\">especie protegida<\/a>&nbsp;de \u00e1rbol casta\u00f1o, se hicieron pasar por abarco, una variedad de madera cuya tala es legal y es empleada en la elaboraci\u00f3n de muebles. Aunque las autoridades ambientales son capaces de hacer estas distinciones, los soldados muchas veces son incapaces de hacerlo, como lo se\u00f1al\u00f3 un funcionario al servicio del organismo ambiental brasile\u00f1o (Instituto Brasileiro do Meio Ambiente e dos Recursos Naturais Renov\u00e1veis, IBAMA) en declaraciones a la agencia de noticias.<\/p>\n\n\n\n<p class=\"wp-block-paragraph\">Organismos como el IBAMA han enfrentado <a href=\"https:\/\/es.insightcrime.org\/noticias\/regulador-minero-brasil-no-logra-controlar-fiebre-oro-ilegal\/\" target=\"_blank\" rel=\"noreferrer noopener\">importantes recortes<\/a> de presupuesto. Bolsonaro incluso ha autorizado al ej\u00e9rcito para que pueda operar en nombre del organismo de conservaci\u00f3n de biodiversidad (Instituto Chico Mendes de Conserva\u00e7\u00e3o da Biodiversidade, ICMBio).<\/p>\n\n\n\n<p class=\"wp-block-paragraph\">En el momento de preguntarle por la capacidad del ej\u00e9rcito en combatir la variedad de cr\u00edmenes ambientales, un portavoz del Ministerio de Defensa brasile\u00f1o manifest\u00f3 a InSight Crime a trav\u00e9s de un mensaje de correo electr\u00f3nico que las valoraciones y decomisos hechos en el marco de la Operaci\u00f3n Brasil Verde 2 han sido puestos bajo la \u201cjurisdicci\u00f3n exclusiva\u201d de los agentes de los organismos de protecci\u00f3n ambiental que acompa\u00f1an a las tropas en las misiones.<\/p>\n\n\n\n<blockquote class=\"wp-block-quote is-layout-flow wp-block-quote-is-layout-flow\"><p><strong><span style=\"color:#b40026\" class=\"has-inline-color\"><strong>VEA TAMBI\u00c9N<\/strong>:<\/span><\/strong> <a href=\"https:\/\/es.insightcrime.org\/noticias\/venta-lotes-selva-tropical-amazonica-brasil-facebook\/\" target=\"_blank\" rel=\"noreferrer noopener\">Lotes de selva tropical amaz\u00f3nica en Brasil en venta por Facebook<\/a><\/p><\/blockquote>\n\n\n\n<p class=\"wp-block-paragraph\">El problema de tener al ej\u00e9rcito liderando la lucha contra los delitos ambientales y la deforestaci\u00f3n es que no es una funci\u00f3n distintiva de una fuerza de combate.<\/p>\n\n\n\n<p class=\"wp-block-paragraph\">En Colombia, por ejemplo, el ej\u00e9rcito ya cuenta con la tarea de desmantelar organizaciones de narcotr\u00e1fico y combatir grupos armados no estatales. El peso adicional de proteger las zonas selv\u00e1ticas del pa\u00eds ha generado un descontento entre sus propias filas, seg\u00fan inform\u00f3 <a href=\"https:\/\/lasillavacia.com\/lucha-contra-deforestacion-no-ha-logrado-meterse-adn-los-militares-80326\" target=\"_blank\" rel=\"noreferrer noopener nofollow\">La Silla Vac\u00eda<\/a>.<\/p>\n\n\n\n<p class=\"wp-block-paragraph\">Un soldado retirado <a href=\"https:\/\/lasillavacia.com\/lucha-contra-deforestacion-no-ha-logrado-meterse-adn-los-militares-80326\" target=\"_blank\" rel=\"noreferrer noopener nofollow\">declar\u00f3 a este medio<\/a>&nbsp;que los soldados sienten que la Operaci\u00f3n Artemisa debe ser responsabilidad de la Polic\u00eda Nacional. Y un alto funcionario del gobierno del sector de defensa revel\u00f3 que algunos comandantes del ej\u00e9rcito hab\u00edan estado renuentes a combatir los cr\u00edmenes ambientales en lugar de atacar a las estructuras armadas il\u00edcitas.<\/p>\n\n\n\n<h3 class=\"wp-block-heading\" id=\"h-2-disparando-en-la-oscuridad-ausencia-de-enemigos-visibles\">2. Disparando en la oscuridad: ausencia de enemigos visibles<\/h3>\n\n\n\n<p class=\"wp-block-paragraph\">Las fuerzas militares suelen estar entrenadas para identificar y perseguir enemigos espec\u00edficos. En la lucha contra los delitos ambientales, no siempre es claro qui\u00e9n es el adversario a seguir. Muchas veces, las tropas llegan <a href=\"https:\/\/www.reuters.com\/investigates\/special-report\/brazil-environment-military\/\" target=\"_blank\" rel=\"noreferrer noopener nofollow\">cuando el da\u00f1o ya est\u00e1 hecho<\/a>&nbsp;y el rastro de los perpetradores es pr\u00e1cticamente inexistente.<\/p>\n\n\n\n<p class=\"wp-block-paragraph\">Algunos agentes del IBAMA <a href=\"https:\/\/www.reuters.com\/investigates\/special-report\/brazil-environment-military\/\" target=\"_blank\" rel=\"noreferrer noopener nofollow\">declararon a Reuters<\/a>&nbsp;que despu\u00e9s de un recorrido de cuatro horas para interceptar a taladores ilegales que derribaban \u00e1rboles cerca del Rio Novo, en Brasil, soldados y miembros del IBAMA llegaron a un lugar deforestado y abandonado.<\/p>\n\n\n\n<p class=\"wp-block-paragraph\">El reportaje de Reuters tambi\u00e9n devel\u00f3 la gran variedad de actores involucrados en la destrucci\u00f3n de las selvas tropicales.<\/p>\n\n\n\n<p class=\"wp-block-paragraph\">Primero los taladores ilegales cortan y se llevan la madera m\u00e1s valiosa, y luego los campesinos ocupan la tierra, arrasando con lo que queda. Los papeles y escrituras de las tierras tambi\u00e9n son falsificados para facilitar la ocupaci\u00f3n de las propiedades, se\u00f1ala el reportaje.<\/p>\n\n\n\n<p class=\"wp-block-paragraph\">Aunque pueda parecer que detr\u00e1s de esto existe una compleja red de crimen organizado, no todos los actores tienen la misma responsabilidad. Los campesinos m\u00e1s vulnerables han ocupado el Amazonas como una forma de subsistencia.<\/p>\n\n\n\n<p class=\"wp-block-paragraph\">Entre tanto, los ilegales emplean a la poblaci\u00f3n rural para que despeje extensas \u00e1reas de tierra para el cultivo de coca y construcci\u00f3n de pistas clandestinas para narcoavionetas. Los grupos criminales han dado \u00f3rdenes a las comunidades locales de <a href=\"https:\/\/es.insightcrime.org\/noticias\/crimen-organizado-medioambiente-latinoamerica-encuentro-fatal\/\" target=\"_blank\" rel=\"noreferrer noopener\">cortar y quemar los \u00e1rboles<\/a> de zonas de reserva de la regi\u00f3n amaz\u00f3nica con el fin de abrir campo a los sembrad\u00edos de coca.<\/p>\n\n\n\n<p class=\"wp-block-paragraph\">Lo anterior puede crear confusiones sobre qui\u00e9n exactamente debe ser el objetivo central de las intervenciones militares, y los residentes corren el riesgo de quedar atrapados en el fuego cruzado. Habitantes del departamento de Meta, en Colombia, declararon a <a href=\"https:\/\/www.bbc.com\/mundo\/noticias-america-latina-51666192\" target=\"_blank\" rel=\"noreferrer noopener nofollow\">BBC Mundo<\/a>&nbsp;que la Operaci\u00f3n Artemisa dej\u00f3 a los campesinos atrapados en medio de la \u201cguerra\u201d, con parte de su ganado perdido y familias enteras desalojadas de sus hogares.<\/p>\n\n\n\n<p class=\"wp-block-paragraph\">Un&nbsp;<a href=\"http:\/\/ideaspaz.org\/media\/website\/FIP_NEST_MilitaresMedioAmbiente_web.pdf\" target=\"_blank\" rel=\"noreferrer noopener nofollow\">informe de 2020<\/a> de la Fundaci\u00f3n Ideas para la Paz (FIP), advert\u00eda que los intentos militaristas de protecci\u00f3n del medio ambiente supon\u00edan el riesgo de que los soldados consideraran a la poblaci\u00f3n local como \u201cinvasores\u201d y los convirtiera en objetivos militares. Todo eso ocurr\u00eda mientras 98.000 hect\u00e1reas de selva de la selva amaz\u00f3nica se <a href=\"http:\/\/www.ideam.gov.co\/documents\/10182\/105413996\/presentacionbalancedeforestacion2019\/7c9323fc-d0a1-4c95-b1a1-1892b162c067\" target=\"_blank\" rel=\"noreferrer noopener nofollow\">perd\u00edan<\/a> en el trascurso del 2019.<\/p>\n\n\n\n<blockquote class=\"wp-block-quote is-layout-flow wp-block-quote-is-layout-flow\"><p><strong><span style=\"color:#b40026\" class=\"has-inline-color\"><strong>VEA TAMBI\u00c9N<\/strong>:<\/span><\/strong> <a href=\"https:\/\/es.insightcrime.org\/noticias\/grupos-criminales-derriban-selvas-colombia\/\" target=\"_blank\" rel=\"noreferrer noopener\">Grupos criminales derriban selvas de Colombia una hect\u00e1rea a la vez<\/a><\/p><\/blockquote>\n\n\n\n<h3 class=\"wp-block-heading\" id=\"h-3-apuntando-a-los-eslabones-m-s-d-biles-de-la-cadena\">3. Apuntando a los eslabones m\u00e1s d\u00e9biles de la cadena<\/h3>\n\n\n\n<p class=\"wp-block-paragraph\">A comienzos de marzo, Mongabay&nbsp;<a href=\"https:\/\/es.mongabay.com\/2021\/03\/deforestacion-colombia-insiste-en-las-operaciones-militares-mientras-la-titulacion-de-la-tierra-va-a-paso-lento\/\" target=\"_blank\" rel=\"noreferrer noopener nofollow\">inform\u00f3<\/a>&nbsp;sobre la captura de 68 personas en el marco de la Operaci\u00f3n Artemisa, en diciembre de 2020, citando datos del Comando General de las Fuerzas Militares de Colombia. Pero una fuente an\u00f3nima de la Fiscal\u00eda General de la Naci\u00f3n dijo al medio que ninguno de los capturados era un \u201cgran financiador\u201d de la deforestaci\u00f3n.<\/p>\n\n\n\n<p class=\"wp-block-paragraph\">Este patr\u00f3n se repite en todo el Amazonas. En la regi\u00f3n de Madre de Dios, en Per\u00fa, los peque\u00f1os mineros informales han sido el blanco de la <a href=\"https:\/\/es.insightcrime.org\/noticias\/noticias-del-dia\/peru-sin-ideas-contra-mineria-ilegal-madre-de-dios\/\" target=\"_blank\" rel=\"noreferrer noopener\">Operaci\u00f3n Mercurio<\/a>. Sin embargo, los empresarios que lavan el oro de origen ilegal por medio de empresas de papel son mucho m\u00e1s dif\u00edciles de atrapar que aquellos que lo extraen directamente.<\/p>\n\n\n\n<p class=\"wp-block-paragraph\">Por otro lado, aunque el ej\u00e9rcito brasile\u00f1o asumi\u00f3 un rol de mayor protagonismo en la protecci\u00f3n de las selvas del Amazonas, el IBAMA ha sido incapaz de judicializar a las cabezas principales de las redes dedicadas a la tala y la miner\u00eda ilegal, seg\u00fan funcionarios locales que hablaron con <a href=\"https:\/\/apnews.com\/article\/ap-top-news-international-news-latin-america-caribbean-0ed3562a94f5b20b561adbbd11b20731\" target=\"_blank\" rel=\"noreferrer noopener nofollow\">Associated Press<\/a>&nbsp;el a\u00f1o pasado. Los delegados tambi\u00e9n revelaron c\u00f3mo los vendedores de carne que se abastecen de ganado procedente de zonas deforestadas operan libremente en la regi\u00f3n.<\/p>\n","protected":false},"excerpt":{"rendered":"<p>D\u00e9cadas de inactividad e ineficiencia en la lucha contra delitos ambientales en el Amazonas han llevado a Brasil, Colombia y Per\u00fa a tomar medidas cada vez m\u00e1s dr\u00e1sticas: desplegar tropas militares en la selva con el fin de poner freno el tr\u00e1fico de madera, la miner\u00eda ilegal y otras econom\u00edas depredadoras.<\/p>\n","protected":false},"author":200,"featured_media":140249,"comment_status":"closed","ping_status":"closed","sticky":false,"template":"","format":"standard","meta":{"newspack_ads_suppress_ads":false,"newspack_popups_has_disabled_popups":false,"newspack_sponsor_sponsorship_scope":"","newspack_sponsor_native_byline_display":"inherit","newspack_sponsor_native_category_display":"inherit","newspack_sponsor_underwriter_style":"inherit","newspack_sponsor_underwriter_placement":"inherit","_EventAllDay":false,"_EventTimezone":"","_EventStartDate":"","_EventEndDate":"","_EventStartDateUTC":"","_EventEndDateUTC":"","_EventShowMap":false,"_EventShowMapLink":false,"_EventURL":"","_EventCost":"","_EventCostDescription":"","_EventCurrencySymbol":"","_EventCurrencyCode":"","_EventCurrencyPosition":"","_EventDateTimeSeparator":"","_EventTimeRangeSeparator":"","_EventOrganizerID":[],"_EventVenueID":[],"_OrganizerEmail":"","_OrganizerPhone":"","_OrganizerWebsite":"","_VenueAddress":"","_VenueCity":"","_VenueCountry":"","_VenueProvince":"","_VenueState":"","_VenueZip":"","_VenuePhone":"","_VenueURL":"","_VenueStateProvince":"","_VenueLat":"","_VenueLng":"","_VenueShowMap":false,"_VenueShowMapLink":false,"_newspack_byline_active":false,"_newspack_byline":"","newspack_hide_updated_date":false,"newspack_show_updated_date":false,"newspack_featured_image_position":"","newspack_post_subtitle":"","newspack_article_summary_title":"Overview:","newspack_article_summary":"","_jetpack_memberships_contains_paid_content":false,"footnotes":""},"categories":[759],"tags":[405,477,368,439,456,409],"newspack_spnsrs_tax":[],"coauthors":[4246],"class_list":["post-143046","post","type-post","status-publish","format-standard","has-post-thumbnail","hentry","category-noticias","tag-brasil","tag-la-coca","tag-colombia-pais","tag-delitos-ambientales","tag-mineria","tag-peru-pais","entry"],"parsely":{"version":"1.1.0","canonical_url":"https:\/\/insightcrime.org\/es\/noticias\/porque-ejercitos-suramerica-perdiendo-guerra-amazonas\/","smart_links":{"inbound":0,"outbound":0},"traffic_boost_suggestions_count":0,"meta":{"@context":"https:\/\/schema.org","@type":"NewsArticle","headline":"Por qu\u00e9 los ej\u00e9rcitos de Suram\u00e9rica van perdiendo la guerra por el Amazonas","url":"http:\/\/insightcrime.org\/es\/noticias\/porque-ejercitos-suramerica-perdiendo-guerra-amazonas\/","mainEntityOfPage":{"@type":"WebPage","@id":"http:\/\/insightcrime.org\/es\/noticias\/porque-ejercitos-suramerica-perdiendo-guerra-amazonas\/"},"thumbnailUrl":"https:\/\/i0.wp.com\/insightcrime.org\/wp-content\/uploads\/2021\/04\/Operation-Green-1.jpeg?resize=150%2C150&quality=100&ssl=1","image":{"@type":"ImageObject","url":"https:\/\/i0.wp.com\/insightcrime.org\/wp-content\/uploads\/2021\/04\/Operation-Green-1.jpeg?fit=350%2C250&quality=100&ssl=1"},"articleSection":"Noticias","author":[{"@type":"Person","name":"Katie Jones"}],"creator":["Katie Jones"],"publisher":{"@type":"Organization","name":"InSight Crime","logo":"https:\/\/insightcrime.org\/wp-content\/uploads\/2023\/08\/logo.png"},"keywords":["brasil","coca","colombia","delitos ambientales","miner\u00eda ilegal","per\u00fa"],"dateCreated":"2021-05-04T20:47:47Z","datePublished":"2021-05-04T20:47:47Z","dateModified":"2021-05-04T20:47:48Z"},"rendered":"<meta name=\"parsely-title\" content=\"Por qu\u00e9 los ej\u00e9rcitos de Suram\u00e9rica van perdiendo la guerra por el Amazonas\" \/>\n<meta name=\"parsely-link\" content=\"http:\/\/insightcrime.org\/es\/noticias\/porque-ejercitos-suramerica-perdiendo-guerra-amazonas\/\" \/>\n<meta name=\"parsely-type\" content=\"post\" \/>\n<meta name=\"parsely-image-url\" content=\"https:\/\/i0.wp.com\/insightcrime.org\/wp-content\/uploads\/2021\/04\/Operation-Green-1.jpeg?resize=150%2C150&amp;quality=100&amp;ssl=1\" \/>\n<meta name=\"parsely-pub-date\" content=\"2021-05-04T20:47:47Z\" \/>\n<meta name=\"parsely-section\" content=\"Noticias\" \/>\n<meta name=\"parsely-tags\" content=\"brasil,coca,colombia,delitos ambientales,miner\u00eda ilegal,per\u00fa\" \/>\n<meta name=\"parsely-author\" content=\"Katie Jones\" \/>","tracker_url":"https:\/\/cdn.parsely.com\/keys\/insightcrime.org\/p.js"},"jetpack_sharing_enabled":true,"jetpack-related-posts":[{"id":232513,"url":"https:\/\/insightcrime.org\/es\/investigaciones\/delitos-ambientales-acechan-regiones-triple-frontera-amazonas\/","url_meta":{"origin":143046,"position":0},"title":"Delitos ambientales acechan las regiones de triple frontera en el Amazonas","author":"Seth Robbins","date":"8 de agosto de 2023","format":false,"excerpt":"En lo profundo de la cuenca del Amazonas se encuentran dos regiones de triple frontera, donde los delitos ambientales y sus perpetradores no reconocen fronteras nacionales.","rel":"","context":"En \u00abInvestigaciones\u00bb","block_context":{"text":"Investigaciones","link":"https:\/\/insightcrime.org\/es\/category\/investigaciones\/"},"img":{"alt_text":"","src":"https:\/\/i0.wp.com\/insightcrime.org\/wp-content\/uploads\/2023\/09\/Amazonas-Cover-ESP-Executive-Summary-InSightCrime-2023.png?fit=1200%2C438&quality=100&ssl=1&resize=350%2C200","width":350,"height":200,"srcset":"https:\/\/i0.wp.com\/insightcrime.org\/wp-content\/uploads\/2023\/09\/Amazonas-Cover-ESP-Executive-Summary-InSightCrime-2023.png?fit=1200%2C438&quality=100&ssl=1&resize=350%2C200 1x, https:\/\/i0.wp.com\/insightcrime.org\/wp-content\/uploads\/2023\/09\/Amazonas-Cover-ESP-Executive-Summary-InSightCrime-2023.png?fit=1200%2C438&quality=100&ssl=1&resize=525%2C300 1.5x, https:\/\/i0.wp.com\/insightcrime.org\/wp-content\/uploads\/2023\/09\/Amazonas-Cover-ESP-Executive-Summary-InSightCrime-2023.png?fit=1200%2C438&quality=100&ssl=1&resize=700%2C400 2x, https:\/\/i0.wp.com\/insightcrime.org\/wp-content\/uploads\/2023\/09\/Amazonas-Cover-ESP-Executive-Summary-InSightCrime-2023.png?fit=1200%2C438&quality=100&ssl=1&resize=1050%2C600 3x"},"classes":[]},{"id":166146,"url":"https:\/\/insightcrime.org\/es\/investigaciones\/delitos-ambientales-colombia-resumen-ejecutivo\/","url_meta":{"origin":143046,"position":1},"title":"Resumen ejecutivo","author":"Jeremy McDermott","date":"1 de septiembre de 2021","format":false,"excerpt":"Tras salir de casi seis d\u00e9cadas de conflicto civil, el principal productor de coca\u00edna del mundo les ha prestado poca atenci\u00f3n a los delitos ambientales.","rel":"","context":"En \u00abInvestigaciones\u00bb","block_context":{"text":"Investigaciones","link":"https:\/\/insightcrime.org\/es\/category\/investigaciones\/"},"img":{"alt_text":"","src":"https:\/\/i0.wp.com\/insightcrime.org\/wp-content\/uploads\/2021\/08\/Amazon-LandingPageCover.png?fit=1200%2C450&quality=100&ssl=1&resize=350%2C200","width":350,"height":200,"srcset":"https:\/\/i0.wp.com\/insightcrime.org\/wp-content\/uploads\/2021\/08\/Amazon-LandingPageCover.png?fit=1200%2C450&quality=100&ssl=1&resize=350%2C200 1x, https:\/\/i0.wp.com\/insightcrime.org\/wp-content\/uploads\/2021\/08\/Amazon-LandingPageCover.png?fit=1200%2C450&quality=100&ssl=1&resize=525%2C300 1.5x, https:\/\/i0.wp.com\/insightcrime.org\/wp-content\/uploads\/2021\/08\/Amazon-LandingPageCover.png?fit=1200%2C450&quality=100&ssl=1&resize=700%2C400 2x, https:\/\/i0.wp.com\/insightcrime.org\/wp-content\/uploads\/2021\/08\/Amazon-LandingPageCover.png?fit=1200%2C450&quality=100&ssl=1&resize=1050%2C600 3x"},"classes":[]},{"id":173220,"url":"https:\/\/insightcrime.org\/es\/noticias\/gamechangers-2021-selva-amazonica-sucumbe-voracidad-crimen-organizado\/","url_meta":{"origin":143046,"position":2},"title":"GameChangers 2021: La selva amaz\u00f3nica sucumbe bajo la voracidad del crimen organizado","author":"Mar\u00eda Fernanda Ram\u00edrez","date":"28 de diciembre de 2021","format":false,"excerpt":"2020 marc\u00f3 un r\u00e9cord en la destrucci\u00f3n de la Amazon\u00eda, con una p\u00e9rdida de terrenos selv\u00e1ticos equivalente casi al territorio de Belice, y el panorama pinta a\u00fan m\u00e1s desolador para 2021. La deforestaci\u00f3n lleg\u00f3 a niveles r\u00e9cord en Brasil, Per\u00fa y Bolivia. En medio de estos, Colombia puede romper la\u2026","rel":"","context":"En \u00abNoticias\u00bb","block_context":{"text":"Noticias","link":"https:\/\/insightcrime.org\/es\/category\/noticias\/"},"img":{"alt_text":"","src":"https:\/\/i0.wp.com\/insightcrime.org\/wp-content\/uploads\/2021\/12\/Brazil-amazon-military-deforestation-raiforest-land-degradation-environmental-crime-AP_21158671061761.jpg?fit=1200%2C450&quality=100&ssl=1&resize=350%2C200","width":350,"height":200,"srcset":"https:\/\/i0.wp.com\/insightcrime.org\/wp-content\/uploads\/2021\/12\/Brazil-amazon-military-deforestation-raiforest-land-degradation-environmental-crime-AP_21158671061761.jpg?fit=1200%2C450&quality=100&ssl=1&resize=350%2C200 1x, https:\/\/i0.wp.com\/insightcrime.org\/wp-content\/uploads\/2021\/12\/Brazil-amazon-military-deforestation-raiforest-land-degradation-environmental-crime-AP_21158671061761.jpg?fit=1200%2C450&quality=100&ssl=1&resize=525%2C300 1.5x, https:\/\/i0.wp.com\/insightcrime.org\/wp-content\/uploads\/2021\/12\/Brazil-amazon-military-deforestation-raiforest-land-degradation-environmental-crime-AP_21158671061761.jpg?fit=1200%2C450&quality=100&ssl=1&resize=700%2C400 2x, https:\/\/i0.wp.com\/insightcrime.org\/wp-content\/uploads\/2021\/12\/Brazil-amazon-military-deforestation-raiforest-land-degradation-environmental-crime-AP_21158671061761.jpg?fit=1200%2C450&quality=100&ssl=1&resize=1050%2C600 3x"},"classes":[]},{"id":232477,"url":"https:\/\/insightcrime.org\/es\/noticias\/corrupcion-complica-lucha-defensa-amazonia-brasil\/","url_meta":{"origin":143046,"position":3},"title":"Esc\u00e1ndalo de corrupci\u00f3n en las fuerzas de seguridad sacude al principal estado de la Amazon\u00eda brasile\u00f1a","author":"Anastasia Austin","date":"1 de septiembre de 2023","format":false,"excerpt":"Altos funcionarios de seguridad del estado de Amazonas, al norte de Brasil, fueron destituidos en un esc\u00e1ndalo de grandes proporciones, que puede revelar un alarmante grado de corrupci\u00f3n en una zona en la que pulula el crimen organizado.","rel":"","context":"En \u00abNoticias\u00bb","block_context":{"text":"Noticias","link":"https:\/\/insightcrime.org\/es\/category\/noticias\/"},"img":{"alt_text":"General Carlos Alberto Mansur, exjefe de la Secretar\u00eda de Seguridad del estado de Amazonas.","src":"https:\/\/i0.wp.com\/insightcrime.org\/wp-content\/uploads\/2023\/09\/Brazil-General-Mansur-Dismissed_Corruption_BNCAMazonas-1.jpeg?fit=350%2C250&quality=100&ssl=1&resize=350%2C200","width":350,"height":200},"classes":[]},{"id":326532,"url":"https:\/\/insightcrime.org\/es\/noticias\/gamechangers-2025-ascenso-imparable-delitos-ambientales-amazonia\/","url_meta":{"origin":143046,"position":4},"title":"GameChangers 2025: El imparable auge de los delitos ambientales en la Amazon\u00eda","author":"Mar\u00eda Fernanda Ram\u00edrez","date":"30 de diciembre de 2025","format":false,"excerpt":"En 2025, los delitos ambientales se expandieron a rincones de la cuenca amaz\u00f3nica que hasta entonces hab\u00edan esquivado el saqueo desenfrenado que redes criminales y \u00e9lites de la regi\u00f3n han promovido durante la \u00faltima d\u00e9cada. Todo a expensas de los bosques y de sus habitantes.","rel":"","context":"En \u00abNoticias\u00bb","block_context":{"text":"Noticias","link":"https:\/\/insightcrime.org\/es\/category\/noticias\/"},"img":{"alt_text":"","src":"https:\/\/i0.wp.com\/insightcrime.org\/wp-content\/uploads\/2025\/12\/Covers-Gamechangers-2025_Cover-Amazon.jpg?fit=1200%2C690&quality=100&ssl=1&resize=350%2C200","width":350,"height":200,"srcset":"https:\/\/i0.wp.com\/insightcrime.org\/wp-content\/uploads\/2025\/12\/Covers-Gamechangers-2025_Cover-Amazon.jpg?fit=1200%2C690&quality=100&ssl=1&resize=350%2C200 1x, https:\/\/i0.wp.com\/insightcrime.org\/wp-content\/uploads\/2025\/12\/Covers-Gamechangers-2025_Cover-Amazon.jpg?fit=1200%2C690&quality=100&ssl=1&resize=525%2C300 1.5x, https:\/\/i0.wp.com\/insightcrime.org\/wp-content\/uploads\/2025\/12\/Covers-Gamechangers-2025_Cover-Amazon.jpg?fit=1200%2C690&quality=100&ssl=1&resize=700%2C400 2x, https:\/\/i0.wp.com\/insightcrime.org\/wp-content\/uploads\/2025\/12\/Covers-Gamechangers-2025_Cover-Amazon.jpg?fit=1200%2C690&quality=100&ssl=1&resize=1050%2C600 3x"},"classes":[]},{"id":136525,"url":"https:\/\/insightcrime.org\/es\/noticias\/crimen-organizado-medioambiente-latinoamerica-encuentro-fatal\/","url_meta":{"origin":143046,"position":5},"title":"Crimen organizado y medio ambiente en Latinoam\u00e9rica: un encuentro fatal","author":"Katie Jones","date":"3 de marzo de 2021","format":false,"excerpt":"Las selvas de Latinoam\u00e9rica son taladas a un ritmo acelerado. Los mercados asi\u00e1ticos impulsan el tr\u00e1fico de productos de vida silvestre, mientras que mineros ilegales arrasan las selvas del Amazonas desde Per\u00fa hasta Guyana en busca de oro.","rel":"","context":"En \u00abNoticias\u00bb","block_context":{"text":"Noticias","link":"https:\/\/insightcrime.org\/es\/category\/noticias\/"},"img":{"alt_text":"Illustration ofenvironmental crimes","src":"https:\/\/i0.wp.com\/insightcrime.org\/wp-content\/uploads\/2021\/03\/Crimen-Ambiental-environmental-Crime-Videos-wwf-illegal-wood-timber-minning-wildlife-lands.jpg?fit=1200%2C611&quality=100&ssl=1&resize=350%2C200","width":350,"height":200,"srcset":"https:\/\/i0.wp.com\/insightcrime.org\/wp-content\/uploads\/2021\/03\/Crimen-Ambiental-environmental-Crime-Videos-wwf-illegal-wood-timber-minning-wildlife-lands.jpg?fit=1200%2C611&quality=100&ssl=1&resize=350%2C200 1x, https:\/\/i0.wp.com\/insightcrime.org\/wp-content\/uploads\/2021\/03\/Crimen-Ambiental-environmental-Crime-Videos-wwf-illegal-wood-timber-minning-wildlife-lands.jpg?fit=1200%2C611&quality=100&ssl=1&resize=525%2C300 1.5x, https:\/\/i0.wp.com\/insightcrime.org\/wp-content\/uploads\/2021\/03\/Crimen-Ambiental-environmental-Crime-Videos-wwf-illegal-wood-timber-minning-wildlife-lands.jpg?fit=1200%2C611&quality=100&ssl=1&resize=700%2C400 2x, https:\/\/i0.wp.com\/insightcrime.org\/wp-content\/uploads\/2021\/03\/Crimen-Ambiental-environmental-Crime-Videos-wwf-illegal-wood-timber-minning-wildlife-lands.jpg?fit=1200%2C611&quality=100&ssl=1&resize=1050%2C600 3x"},"classes":[]}],"jetpack_featured_media_url":"https:\/\/i0.wp.com\/insightcrime.org\/wp-content\/uploads\/2021\/04\/Operation-Green-1.jpeg?fit=350%2C250&quality=100&ssl=1","_links":{"self":[{"href":"https:\/\/insightcrime.org\/es\/wp-json\/wp\/v2\/posts\/143046","targetHints":{"allow":["GET"]}}],"collection":[{"href":"https:\/\/insightcrime.org\/es\/wp-json\/wp\/v2\/posts"}],"about":[{"href":"https:\/\/insightcrime.org\/es\/wp-json\/wp\/v2\/types\/post"}],"author":[{"embeddable":true,"href":"https:\/\/insightcrime.org\/es\/wp-json\/wp\/v2\/users\/200"}],"replies":[{"embeddable":true,"href":"https:\/\/insightcrime.org\/es\/wp-json\/wp\/v2\/comments?post=143046"}],"version-history":[{"count":5,"href":"https:\/\/insightcrime.org\/es\/wp-json\/wp\/v2\/posts\/143046\/revisions"}],"predecessor-version":[{"id":143090,"href":"https:\/\/insightcrime.org\/es\/wp-json\/wp\/v2\/posts\/143046\/revisions\/143090"}],"wp:featuredmedia":[{"embeddable":true,"href":"https:\/\/insightcrime.org\/es\/wp-json\/wp\/v2\/media\/140249"}],"wp:attachment":[{"href":"https:\/\/insightcrime.org\/es\/wp-json\/wp\/v2\/media?parent=143046"}],"wp:term":[{"taxonomy":"category","embeddable":true,"href":"https:\/\/insightcrime.org\/es\/wp-json\/wp\/v2\/categories?post=143046"},{"taxonomy":"post_tag","embeddable":true,"href":"https:\/\/insightcrime.org\/es\/wp-json\/wp\/v2\/tags?post=143046"},{"taxonomy":"newspack_spnsrs_tax","embeddable":true,"href":"https:\/\/insightcrime.org\/es\/wp-json\/wp\/v2\/newspack_spnsrs_tax?post=143046"},{"taxonomy":"author","embeddable":true,"href":"https:\/\/insightcrime.org\/es\/wp-json\/wp\/v2\/coauthors?post=143046"}],"curies":[{"name":"wp","href":"https:\/\/api.w.org\/{rel}","templated":true}]}}