{"id":150028,"date":"2021-06-30T16:55:41","date_gmt":"2021-06-30T21:55:41","guid":{"rendered":"https:\/\/insightcrime.org\/?p=150028"},"modified":"2021-06-30T16:55:42","modified_gmt":"2021-06-30T21:55:42","slug":"la-tormenta-perfecta-del-crimen-en-venezuela","status":"publish","type":"post","link":"https:\/\/insightcrime.org\/es\/la-organizacion\/la-tormenta-perfecta-del-crimen-en-venezuela\/","title":{"rendered":"La tormenta perfecta del crimen en Venezuela"},"content":{"rendered":"\n<p class=\"wp-block-paragraph\">InSight Crime contin\u00faa avanzando en su alianza con la Universidad Internacional de la Paz, ubicada en Costa Rica. El 2 de junio, James Bargent, administrador de proyectos de InSightCrime, realiz\u00f3 un seminario virtual para estudiantes de posgrado y otros acad\u00e9micos, titulado \u201cCrimen organizado, conflicto y aislamiento: la tormenta perfecta en Venezuela\u201d.<\/p>\n\n\n\n<p class=\"wp-block-paragraph\">Bargent se refiri\u00f3 a las diferentes manifestaciones de la convergencia de factores criminales, geopol\u00edticos y econ\u00f3micos en Venezuela, y al impacto de estos en un pa\u00eds en crisis.<\/p>\n\n\n\n<p class=\"wp-block-paragraph\"><a href=\"https:\/\/es.insightcrime.org\/noticias-crimen-organizado-venezuela\/\" target=\"_blank\" rel=\"noreferrer noopener\">Vea nuestros \u00faltimos informes sobre Venezuela ><\/a><\/p>\n","protected":false},"excerpt":{"rendered":"<p>James Bargent, administrador de proyectos de InSightCrime, realiz\u00f3 un seminario virtual para estudiantes de posgrado titulado \u201cCrimen organizado, conflicto y aislamiento: la tormenta perfecta en Venezuela\u201d.<\/p>\n","protected":false},"author":2,"featured_media":150025,"comment_status":"closed","ping_status":"closed","sticky":false,"template":"","format":"standard","meta":{"newspack_ads_suppress_ads":false,"newspack_popups_has_disabled_popups":false,"newspack_sponsor_sponsorship_scope":"","newspack_sponsor_native_byline_display":"inherit","newspack_sponsor_native_category_display":"inherit","newspack_sponsor_underwriter_style":"inherit","newspack_sponsor_underwriter_placement":"inherit","_EventAllDay":false,"_EventTimezone":"","_EventStartDate":"","_EventEndDate":"","_EventStartDateUTC":"","_EventEndDateUTC":"","_EventShowMap":false,"_EventShowMapLink":false,"_EventURL":"","_EventCost":"","_EventCostDescription":"","_EventCurrencySymbol":"","_EventCurrencyCode":"","_EventCurrencyPosition":"","_EventDateTimeSeparator":"","_EventTimeRangeSeparator":"","_EventOrganizerID":[],"_EventVenueID":[],"_OrganizerEmail":"","_OrganizerPhone":"","_OrganizerWebsite":"","_VenueAddress":"","_VenueCity":"","_VenueCountry":"","_VenueProvince":"","_VenueState":"","_VenueZip":"","_VenuePhone":"","_VenueURL":"","_VenueStateProvince":"","_VenueLat":"","_VenueLng":"","_VenueShowMap":false,"_VenueShowMapLink":false,"_newspack_byline_active":false,"_newspack_byline":"","newspack_hide_updated_date":false,"newspack_show_updated_date":false,"newspack_featured_image_position":"","newspack_post_subtitle":"","newspack_article_summary_title":"Overview:","newspack_article_summary":"","_jetpack_memberships_contains_paid_content":false,"footnotes":""},"categories":[337],"tags":[],"newspack_spnsrs_tax":[],"coauthors":[3649],"class_list":["post-150028","post","type-post","status-publish","format-standard","has-post-thumbnail","hentry","category-la-organizacion","entry"],"parsely":{"version":"1.1.0","canonical_url":"https:\/\/insightcrime.org\/es\/la-organizacion\/la-tormenta-perfecta-del-crimen-en-venezuela\/","smart_links":{"inbound":0,"outbound":0},"traffic_boost_suggestions_count":0,"meta":{"@context":"https:\/\/schema.org","@type":"NewsArticle","headline":"La tormenta perfecta del crimen en Venezuela","url":"http:\/\/insightcrime.org\/es\/la-organizacion\/la-tormenta-perfecta-del-crimen-en-venezuela\/","mainEntityOfPage":{"@type":"WebPage","@id":"http:\/\/insightcrime.org\/es\/la-organizacion\/la-tormenta-perfecta-del-crimen-en-venezuela\/"},"thumbnailUrl":"https:\/\/i0.wp.com\/insightcrime.org\/wp-content\/uploads\/2021\/06\/Imagenes-About-Us-5.png?resize=150%2C150&quality=100&ssl=1","image":{"@type":"ImageObject","url":"https:\/\/i0.wp.com\/insightcrime.org\/wp-content\/uploads\/2021\/06\/Imagenes-About-Us-5.png?fit=700%2C500&quality=100&ssl=1"},"articleSection":"La Organizaci\u00f3n","author":[{"@type":"Person","name":"InSight Crime"}],"creator":["InSight Crime"],"publisher":{"@type":"Organization","name":"InSight Crime","logo":"https:\/\/insightcrime.org\/wp-content\/uploads\/2023\/08\/logo.png"},"keywords":[],"dateCreated":"2021-06-30T21:55:41Z","datePublished":"2021-06-30T21:55:41Z","dateModified":"2021-06-30T21:55:42Z"},"rendered":"<meta name=\"parsely-title\" content=\"La tormenta perfecta del crimen en Venezuela\" \/>\n<meta name=\"parsely-link\" content=\"http:\/\/insightcrime.org\/es\/la-organizacion\/la-tormenta-perfecta-del-crimen-en-venezuela\/\" \/>\n<meta name=\"parsely-type\" content=\"post\" \/>\n<meta name=\"parsely-image-url\" content=\"https:\/\/i0.wp.com\/insightcrime.org\/wp-content\/uploads\/2021\/06\/Imagenes-About-Us-5.png?resize=150%2C150&amp;quality=100&amp;ssl=1\" \/>\n<meta name=\"parsely-pub-date\" content=\"2021-06-30T21:55:41Z\" \/>\n<meta name=\"parsely-section\" content=\"La Organizaci\u00f3n\" \/>\n<meta name=\"parsely-author\" content=\"InSight Crime\" \/>","tracker_url":"https:\/\/cdn.parsely.com\/keys\/insightcrime.org\/p.js"},"jetpack_sharing_enabled":true,"jetpack-related-posts":[{"id":208098,"url":"https:\/\/insightcrime.org\/es\/noticias\/reforma-policial-venezuela-inutil-cortar-nexos-crimen-organizado\/","url_meta":{"origin":150028,"position":0},"title":"Reforma policial en Venezuela ser\u00eda in\u00fatil para cortar nexos con crimen organizado","author":"Unidad Investigativa de Venezuela","date":"18 de enero de 2023","format":false,"excerpt":"El presidente de Venezuela Nicol\u00e1s Maduro anunci\u00f3 planes de reformar la polic\u00eda del pa\u00eds, un anuncio que en la superficie podr\u00eda parecer un proyecto para un estado policial, pero de llegar a implementarse, seguramente no lograr\u00eda m\u00e1s que inundar las calles de polic\u00edas propensos a la corrupci\u00f3n que pueden ser\u2026","rel":"","context":"En \u00abNoticias\u00bb","block_context":{"text":"Noticias","link":"https:\/\/insightcrime.org\/es\/category\/noticias\/"},"img":{"alt_text":"Polic\u00edas de Venezuela listos para desplegarse","src":"https:\/\/i0.wp.com\/insightcrime.org\/wp-content\/uploads\/2023\/01\/policiavenezuelapazactiva-1-1.jpg?fit=350%2C250&quality=100&ssl=1&resize=350%2C200","width":350,"height":200},"classes":[]},{"id":299940,"url":"https:\/\/insightcrime.org\/es\/noticias\/aumenta-presion-mundial-venezuela-recompensa-crimen\/","url_meta":{"origin":150028,"position":1},"title":"Aumenta la presi\u00f3n mundial sobre Venezuela: recompensas y crimen","author":"Jeremy McDermott","date":"16 de enero de 2025","format":false,"excerpt":"La presi\u00f3n internacional sobre el r\u00e9gimen de Venezuela, que incluye una recompensa de US$25 millones por la captura de Maduro, har\u00e1n que este depende a\u00fan m\u00e1s de las rentas criminales para mantenerse en el poder.","rel":"","context":"En \u00abNoticias\u00bb","block_context":{"text":"Noticias","link":"https:\/\/insightcrime.org\/es\/category\/noticias\/"},"img":{"alt_text":"","src":"https:\/\/i0.wp.com\/insightcrime.org\/wp-content\/uploads\/2025\/01\/Wanted-Psters.jpg?fit=350%2C250&quality=100&ssl=1&resize=350%2C200","width":350,"height":200},"classes":[]},{"id":127718,"url":"https:\/\/insightcrime.org\/es\/noticias\/crimen-organizado-2020-seminario-anual-insight-crime\/","url_meta":{"origin":150028,"position":2},"title":"Crimen organizado en 2020: los protagonistas del seminario anual de InSight Crime","author":"InSight Crime","date":"4 de diciembre de 2020","format":false,"excerpt":"Algunos de los principales acad\u00e9micos, periodistas de investigaci\u00f3n y expertos en seguridad de Am\u00e9rica Latina se reunieron de manera virtual este 3 de diciembre para discutir las nuevas manifestaciones del crimen organizado transnacional que m\u00e1s atenci\u00f3n demandan en la regi\u00f3n en el a\u00f1o 2020, en el marco del seminario anual\u2026","rel":"","context":"En \u00abNoticias\u00bb","block_context":{"text":"Noticias","link":"https:\/\/insightcrime.org\/es\/category\/noticias\/"},"img":{"alt_text":"","src":"https:\/\/i0.wp.com\/insightcrime.org\/wp-content\/uploads\/2020\/12\/Tercer-seminario-internacional-2_02-12-2020.jpg?fit=1200%2C690&quality=100&ssl=1&resize=350%2C200","width":350,"height":200,"srcset":"https:\/\/i0.wp.com\/insightcrime.org\/wp-content\/uploads\/2020\/12\/Tercer-seminario-internacional-2_02-12-2020.jpg?fit=1200%2C690&quality=100&ssl=1&resize=350%2C200 1x, https:\/\/i0.wp.com\/insightcrime.org\/wp-content\/uploads\/2020\/12\/Tercer-seminario-internacional-2_02-12-2020.jpg?fit=1200%2C690&quality=100&ssl=1&resize=525%2C300 1.5x, https:\/\/i0.wp.com\/insightcrime.org\/wp-content\/uploads\/2020\/12\/Tercer-seminario-internacional-2_02-12-2020.jpg?fit=1200%2C690&quality=100&ssl=1&resize=700%2C400 2x, https:\/\/i0.wp.com\/insightcrime.org\/wp-content\/uploads\/2020\/12\/Tercer-seminario-internacional-2_02-12-2020.jpg?fit=1200%2C690&quality=100&ssl=1&resize=1050%2C600 3x"},"classes":[]},{"id":213676,"url":"https:\/\/insightcrime.org\/es\/la-organizacion\/el-observatorio-de-crimen-organizado-de-venezuela-continua-siendo-un-punto-de-referencia-en-la-region\/","url_meta":{"origin":150028,"position":3},"title":"El Observatorio de Crimen Organizado de Venezuela contin\u00faa siendo un punto de referencia en la regi\u00f3n","author":"InSight Crime","date":"31 de marzo de 2023","format":false,"excerpt":"Nuestro extenso cubrimiento sobre la actividad criminal en las \u00e1reas fronterizas entre Venezuela y Colombia ha sido referenciado por un\u00a0informe\u00a0del proyecto RADAR Colombia-Venezuela, de la Konrad Adenauer Stiftung y el Observatorio de Venezuela de la Universidad del Rosario. En la secci\u00f3n de Territorios Fronterizos, el informe hace uso en m\u00faltiples\u2026","rel":"","context":"En \u00abLa Organizaci\u00f3n\u00bb","block_context":{"text":"La Organizaci\u00f3n","link":"https:\/\/insightcrime.org\/es\/category\/la-organizacion\/"},"img":{"alt_text":"","src":"https:\/\/i0.wp.com\/insightcrime.org\/wp-content\/uploads\/2023\/04\/impact-31-march-2023.jpeg?fit=1200%2C690&quality=100&ssl=1&resize=350%2C200","width":350,"height":200,"srcset":"https:\/\/i0.wp.com\/insightcrime.org\/wp-content\/uploads\/2023\/04\/impact-31-march-2023.jpeg?fit=1200%2C690&quality=100&ssl=1&resize=350%2C200 1x, https:\/\/i0.wp.com\/insightcrime.org\/wp-content\/uploads\/2023\/04\/impact-31-march-2023.jpeg?fit=1200%2C690&quality=100&ssl=1&resize=525%2C300 1.5x, https:\/\/i0.wp.com\/insightcrime.org\/wp-content\/uploads\/2023\/04\/impact-31-march-2023.jpeg?fit=1200%2C690&quality=100&ssl=1&resize=700%2C400 2x, https:\/\/i0.wp.com\/insightcrime.org\/wp-content\/uploads\/2023\/04\/impact-31-march-2023.jpeg?fit=1200%2C690&quality=100&ssl=1&resize=1050%2C600 3x"},"classes":[]},{"id":285956,"url":"https:\/\/insightcrime.org\/es\/noticias\/predicciones-panorama-criminal-tras-elecciones-venezuela\/","url_meta":{"origin":150028,"position":4},"title":"Predicciones del panorama criminal tras las elecciones en Venezuela","author":"Jeremy McDermott","date":"29 de julio de 2024","format":false,"excerpt":"Nicol\u00e1s Maduro se adjudic\u00f3 otros seis a\u00f1os en el poder tras unas disputadas elecciones, lo que provocar\u00e1 otra oleada migratoria y que Venezuela consolide su posici\u00f3n como centro del crimen organizado regional.","rel":"","context":"En \u00abNoticias\u00bb","block_context":{"text":"Noticias","link":"https:\/\/insightcrime.org\/es\/category\/noticias\/"},"img":{"alt_text":"Nicol\u00e1s Maduro celebrates winning his third term as president of Venezuela. Nicol\u00e1s Maduro celebra haber ganado su tercer mandato como presidente de Venezuela.","src":"https:\/\/i0.wp.com\/insightcrime.org\/wp-content\/uploads\/2024\/07\/Venezuela-Maduro-election-victory-elections-and-crime11.jpg?fit=350%2C250&quality=100&ssl=1&resize=350%2C200","width":350,"height":200},"classes":[]},{"id":150008,"url":"https:\/\/insightcrime.org\/es\/la-organizacion\/influencia-crimen-organizado-violencia-genero\/","url_meta":{"origin":150028,"position":5},"title":"La influencia del crimen organizado en la violencia de g\u00e9nero","author":"InSight Crime","date":"30 de junio de 2021","format":false,"excerpt":"La investigadora de InSight Crime Laura N. \u00c1vila habl\u00f3 sobre crimen organizado y violencia de g\u00e9nero en el lanzamiento de un proyecto de investigaci\u00f3n del Programa de las Naciones Unidas para el Desarrollo.","rel":"","context":"En \u00abLa Organizaci\u00f3n\u00bb","block_context":{"text":"La Organizaci\u00f3n","link":"https:\/\/insightcrime.org\/es\/category\/la-organizacion\/"},"img":{"alt_text":"Laura \u00c1vila, investigadora de crimen y g\u00e9nero","src":"https:\/\/i0.wp.com\/insightcrime.org\/wp-content\/uploads\/2021\/06\/Imagenes-About-Us-4.png?fit=700%2C500&quality=100&ssl=1&resize=350%2C200","width":350,"height":200,"srcset":"https:\/\/i0.wp.com\/insightcrime.org\/wp-content\/uploads\/2021\/06\/Imagenes-About-Us-4.png?fit=700%2C500&quality=100&ssl=1&resize=350%2C200 1x, https:\/\/i0.wp.com\/insightcrime.org\/wp-content\/uploads\/2021\/06\/Imagenes-About-Us-4.png?fit=700%2C500&quality=100&ssl=1&resize=525%2C300 1.5x, https:\/\/i0.wp.com\/insightcrime.org\/wp-content\/uploads\/2021\/06\/Imagenes-About-Us-4.png?fit=700%2C500&quality=100&ssl=1&resize=700%2C400 2x"},"classes":[]}],"jetpack_featured_media_url":"https:\/\/i0.wp.com\/insightcrime.org\/wp-content\/uploads\/2021\/06\/Imagenes-About-Us-5.png?fit=700%2C500&quality=100&ssl=1","_links":{"self":[{"href":"https:\/\/insightcrime.org\/es\/wp-json\/wp\/v2\/posts\/150028","targetHints":{"allow":["GET"]}}],"collection":[{"href":"https:\/\/insightcrime.org\/es\/wp-json\/wp\/v2\/posts"}],"about":[{"href":"https:\/\/insightcrime.org\/es\/wp-json\/wp\/v2\/types\/post"}],"author":[{"embeddable":true,"href":"https:\/\/insightcrime.org\/es\/wp-json\/wp\/v2\/users\/2"}],"replies":[{"embeddable":true,"href":"https:\/\/insightcrime.org\/es\/wp-json\/wp\/v2\/comments?post=150028"}],"version-history":[{"count":4,"href":"https:\/\/insightcrime.org\/es\/wp-json\/wp\/v2\/posts\/150028\/revisions"}],"predecessor-version":[{"id":150034,"href":"https:\/\/insightcrime.org\/es\/wp-json\/wp\/v2\/posts\/150028\/revisions\/150034"}],"wp:featuredmedia":[{"embeddable":true,"href":"https:\/\/insightcrime.org\/es\/wp-json\/wp\/v2\/media\/150025"}],"wp:attachment":[{"href":"https:\/\/insightcrime.org\/es\/wp-json\/wp\/v2\/media?parent=150028"}],"wp:term":[{"taxonomy":"category","embeddable":true,"href":"https:\/\/insightcrime.org\/es\/wp-json\/wp\/v2\/categories?post=150028"},{"taxonomy":"post_tag","embeddable":true,"href":"https:\/\/insightcrime.org\/es\/wp-json\/wp\/v2\/tags?post=150028"},{"taxonomy":"newspack_spnsrs_tax","embeddable":true,"href":"https:\/\/insightcrime.org\/es\/wp-json\/wp\/v2\/newspack_spnsrs_tax?post=150028"},{"taxonomy":"author","embeddable":true,"href":"https:\/\/insightcrime.org\/es\/wp-json\/wp\/v2\/coauthors?post=150028"}],"curies":[{"name":"wp","href":"https:\/\/api.w.org\/{rel}","templated":true}]}}