{"id":151050,"date":"2021-07-14T07:54:44","date_gmt":"2021-07-14T12:54:44","guid":{"rendered":"https:\/\/insightcrime.org\/?p=151050"},"modified":"2021-07-15T08:07:15","modified_gmt":"2021-07-15T13:07:15","slug":"policia-sao-paulo-equipada-camaras-no-causo-muertes-junio","status":"publish","type":"post","link":"https:\/\/insightcrime.org\/es\/news\/policia-sao-paulo-equipada-camaras-no-causo-muertes-junio\/","title":{"rendered":"Polic\u00eda de S\u00e3o Paulo equipada con c\u00e1maras no caus\u00f3 muertes en junio"},"content":{"rendered":"\n<p class=\"wp-block-paragraph\">Los homicidios asociados a varias unidades de la polic\u00eda militar en S\u00e3o Paulo cayeron a cero en junio de 2021 gracias a una simple innovaci\u00f3n: las c\u00e1maras corporales.<\/p>\n\n\n\n<p class=\"wp-block-paragraph\">En junio de 2021, se dot\u00f3 con c\u00e1maras corporales a 18 batallones de la polic\u00eda militar de la ciudad m\u00e1s grande de Brasil, y seg\u00fan afirma una nota de O Estado de S\u00e3o Paulo, basada en estad\u00edsticas polic\u00edales, los resultados no se hicieron esperar.<\/p>\n\n\n\n<p class=\"wp-block-paragraph\">Los agentes adscritos a esos batallones no <a href=\"https:\/\/sao-paulo.estadao.com.br\/noticias\/geral,apos-instalacao-de-cameras-letalidade-da-pm-cai-para-zero-em-15-batalhoes-em-sp,70003775021\" target=\"_blank\" rel=\"noreferrer noopener\">causaron<\/a> ninguna muerte en junio de 2021, lo que se compara con 19 muertes en mayo de 2021  y 18 en junio de 2020. Esto represent\u00f3 una disminuci\u00f3n de 53 por ciento en las muertes causadas por la polic\u00eda militar en el estado de S\u00e3o Paulo en solo un mes.<\/p>\n\n\n\n<p class=\"wp-block-paragraph\">Sin embargo, hubo 22 muertes a manos de la polic\u00eda militar de S\u00e3o Paulo en junio, en todas ellas los implicados eran agentes que a\u00fan no hab\u00edan recibido c\u00e1maras corporales en su dotaci\u00f3n.<\/p>\n\n\n\n<p class=\"wp-block-paragraph\">El programa fue <a href=\"https:\/\/twitter.com\/jdoriajr\/status\/1127952435006320642?lang=en\" target=\"_blank\" rel=\"noreferrer noopener\">presentado<\/a> inicialmente por el gobernador de S\u00e3o Paulo, Jo\u00e3o Doria, en 2019 y se ha implementado de manera <a href=\"https:\/\/www.saopaulo.sp.gov.br\/ultimas-noticias\/governo-do-estado-anuncia-a-contratacao-de-2-500-cameras-corporais-para-a-pm\/\" target=\"_blank\" rel=\"noreferrer noopener\">progresiva<\/a> desde entonces. Estas c\u00e1maras est\u00e1n fijas a la altura del pecho, filman continuamente y no pueden ser desconectadas por el agente que las lleva puestas. <\/p>\n\n\n\n<p class=\"wp-block-paragraph\">\u201cEsto tendr\u00e1 un efecto favorable para la polic\u00eda y para la legitimidad de su labor. La polic\u00eda debe actuar en el marco de la ley. Y si lo hacen, tendr\u00e1n la evidencia a su favor\u201d, seg\u00fan anot\u00f3 Roberval Conte Lopes, legislador por el estado de S\u00e3o Paulo, en declaraciones para O Estado de S\u00e3o Paulo.<\/p>\n\n\n\n<p class=\"wp-block-paragraph\">\u201cPero cuando les disparan, tambi\u00e9n queda filmado. Esto es bueno, ya que en ocasiones la gente no cree [que la polic\u00eda recibe disparos]\u201d, prosigui\u00f3 el legislador.<\/p>\n\n\n\n<blockquote class=\"wp-block-quote is-layout-flow wp-block-quote-is-layout-flow\"><p><strong><span style=\"color:#b40026\" class=\"has-inline-color\">VEA TAMBI\u00c9N<\/span><\/strong>: <a href=\"https:\/\/es.insightcrime.org\/noticias\/noticias-del-dia\/letalidad-policial-brasil-pandemia\/\" target=\"_blank\" rel=\"noreferrer noopener\">Letalidad policial contin\u00faa en Brasil durante la pandemia<\/a><\/p><\/blockquote>\n\n\n\n<p class=\"wp-block-paragraph\">La polic\u00eda militar ha comenzado a subir a <a href=\"https:\/\/www.youtube.com\/c\/PMTVSP\/videos\" target=\"_blank\" rel=\"noreferrer noopener\">YouTube<\/a> alg\u00fan material grabado, tomado desde las c\u00e1maras de cuerpo de la polic\u00eda, para mostrar a sus agentes en acci\u00f3n.<\/p>\n\n\n\n<p class=\"wp-block-paragraph\">Tambi\u00e9n se lleg\u00f3 a un acuerdo para presentar grabaciones relevantes en juicios en ciertos casos, en los que puedan servir como evidencia de la comisi\u00f3n de delitos y de la manera como se efectu\u00f3 el arresto, a\u00f1adi\u00f3 el peri\u00f3dico.<\/p>\n\n\n\n<p class=\"wp-block-paragraph\">En 2020, la polic\u00eda civil y militar fue <a href=\"https:\/\/noticias.r7.com\/sao-paulo\/apos-7-anos-de-queda-homicidios-sobem-em-sao-paulo-em-2020-25012021\" target=\"_blank\" rel=\"noreferrer noopener nofollow\">responsable conjuntamente<\/a> de 814 asesinatos en S\u00e3o Paulo, una leve disminuci\u00f3n de los 867 en 2019.<\/p>\n\n\n\n<h2 class=\"wp-block-heading\" id=\"h-an-lisis-de-insight-crime\">An\u00e1lisis de InSight Crime<\/h2>\n\n\n\n<p class=\"wp-block-paragraph\">Brasil ha hecho un <a href=\"https:\/\/sao-paulo.estadao.com.br\/noticias\/geral,apos-instalacao-de-cameras-letalidade-da-pm-cai-para-zero-em-15-batalhoes-em-sp,70003775021\" target=\"_blank\" rel=\"noreferrer noopener\">progreso constante<\/a> en el uso de c\u00e1maras corporales desde su primera implementaci\u00f3n. Los primeros modelos que se usaron pod\u00edan ser apagados por los agentes, la grabaci\u00f3n de los delitos reales se almacena por un a\u00f1o, mientras que a las grabaciones ordinarias puede accederse por 90 d\u00edas, y los comandantes de polic\u00eda deben elegir al azar partes del metraje de todos sus agentes con fines de adiestramiento.<\/p>\n\n\n\n<p class=\"wp-block-paragraph\">Con unas 2.500 c\u00e1maras desplegadas actualmente en las calles de S\u00e3o Paulo, se est\u00e1n observando diferencias medibles. Pero a\u00fan queda por delante el largo camino para equipar completamente los 134 batallones de la polic\u00eda militar que sirven en el estado.<\/p>\n\n\n\n<blockquote class=\"wp-block-quote is-layout-flow wp-block-quote-is-layout-flow\"><p><strong><span style=\"color:#b40026\" class=\"has-inline-color\"><strong>VEA TAMBI\u00c9N<\/strong>:<\/span><\/strong> <a href=\"https:\/\/es.insightcrime.org\/noticias\/pecar-rezar-empatar-vano-ciclo-violencia-policial-rio\/\" target=\"_blank\" rel=\"noreferrer noopener\">Pecar, rezar y empatar: el vano ciclo de la violencia policial en R\u00edo<\/a><\/p><\/blockquote>\n\n\n\n<p class=\"wp-block-paragraph\">Los observadores tambi\u00e9n piden un periodo extendido de resultados positivos para medir el impacto global de las c\u00e1maras. Un diputado estatal y excomandante de polic\u00eda de la ciudad, Paulo Telhada, coment\u00f3 que recordaba un periodo de dos meses sin muertes, porque los criminales no abrieron fuego contra la polic\u00eda.<\/p>\n\n\n\n<p class=\"wp-block-paragraph\">Aunque las c\u00e1maras corporales son obligatorias en muchos cuerpos de polic\u00eda alrededor del mundo, su <a href=\"https:\/\/igarape.org.br\/en\/cop-cams-go-global\/\" target=\"_blank\" rel=\"noreferrer noopener nofollow\">implementaci\u00f3n<\/a> en Brasil ha sido lenta. Adem\u00e1s de S\u00e3o Paulo, en R\u00edo de Janeiro se ha adelantado un <a href=\"https:\/\/politica.estadao.com.br\/blogs\/fausto-macedo\/as-bodycams-como-salvaguarda-do-povo-e-da-policia\/\" target=\"_blank\" rel=\"noreferrer noopener\">programa piloto<\/a>, y en la ciudad de Florian\u00f3polis, al sur del pa\u00eds, se instalaron c\u00e1maras en las patrullas de polic\u00eda, no en los agentes.<\/p>\n","protected":false},"excerpt":{"rendered":"<p>Los homicidios asociados a varias unidades de la polic\u00eda militar en S\u00e3o Paulo cayeron a cero en junio de 2021 gracias a una simple innovaci\u00f3n: las c\u00e1maras corporales.<\/p>\n","protected":false},"author":178,"featured_media":151080,"comment_status":"closed","ping_status":"closed","sticky":false,"template":"","format":"standard","meta":{"newspack_ads_suppress_ads":false,"newspack_popups_has_disabled_popups":false,"newspack_sponsor_sponsorship_scope":"","newspack_sponsor_native_byline_display":"inherit","newspack_sponsor_native_category_display":"inherit","newspack_sponsor_underwriter_style":"inherit","newspack_sponsor_underwriter_placement":"inherit","_EventAllDay":false,"_EventTimezone":"","_EventStartDate":"","_EventEndDate":"","_EventStartDateUTC":"","_EventEndDateUTC":"","_EventShowMap":false,"_EventShowMapLink":false,"_EventURL":"","_EventCost":"","_EventCostDescription":"","_EventCurrencySymbol":"","_EventCurrencyCode":"","_EventCurrencyPosition":"","_EventDateTimeSeparator":"","_EventTimeRangeSeparator":"","_EventOrganizerID":[],"_EventVenueID":[],"_OrganizerEmail":"","_OrganizerPhone":"","_OrganizerWebsite":"","_VenueAddress":"","_VenueCity":"","_VenueCountry":"","_VenueProvince":"","_VenueState":"","_VenueZip":"","_VenuePhone":"","_VenueURL":"","_VenueStateProvince":"","_VenueLat":"","_VenueLng":"","_VenueShowMap":false,"_VenueShowMapLink":false,"_newspack_byline_active":false,"_newspack_byline":"","newspack_hide_updated_date":false,"newspack_show_updated_date":false,"newspack_featured_image_position":"","newspack_post_subtitle":"","newspack_article_summary_title":"Overview:","newspack_article_summary":"","_jetpack_memberships_contains_paid_content":false,"footnotes":""},"categories":[741],"tags":[405,452,437,457],"newspack_spnsrs_tax":[],"coauthors":[4140],"class_list":["post-151050","post","type-post","status-publish","format-standard","has-post-thumbnail","hentry","category-news","tag-brasil","tag-homicidios","tag-que-funciona","tag-reforma-policial","entry"],"parsely":{"version":"1.1.0","canonical_url":"https:\/\/insightcrime.org\/es\/news\/policia-sao-paulo-equipada-camaras-no-causo-muertes-junio\/","smart_links":{"inbound":0,"outbound":0},"traffic_boost_suggestions_count":0,"meta":{"@context":"https:\/\/schema.org","@type":"NewsArticle","headline":"Polic\u00eda de S\u00e3o Paulo equipada con c\u00e1maras no caus\u00f3 muertes en junio","url":"http:\/\/insightcrime.org\/es\/news\/policia-sao-paulo-equipada-camaras-no-causo-muertes-junio\/","mainEntityOfPage":{"@type":"WebPage","@id":"http:\/\/insightcrime.org\/es\/news\/policia-sao-paulo-equipada-camaras-no-causo-muertes-junio\/"},"thumbnailUrl":"https:\/\/i0.wp.com\/insightcrime.org\/wp-content\/uploads\/2021\/07\/camara-policia.jpg?resize=150%2C150&quality=100&ssl=1","image":{"@type":"ImageObject","url":"https:\/\/i0.wp.com\/insightcrime.org\/wp-content\/uploads\/2021\/07\/camara-policia.jpg?fit=350%2C250&quality=100&ssl=1"},"articleSection":"News","author":[{"@type":"Person","name":"Chris Dalby"}],"creator":["Chris Dalby"],"publisher":{"@type":"Organization","name":"InSight Crime","logo":"https:\/\/insightcrime.org\/wp-content\/uploads\/2023\/08\/logo.png"},"keywords":["brasil","homicidios","lo que funciona","reforma policial"],"dateCreated":"2021-07-14T12:54:44Z","datePublished":"2021-07-14T12:54:44Z","dateModified":"2021-07-15T13:07:15Z"},"rendered":"<meta name=\"parsely-title\" content=\"Polic\u00eda de S\u00e3o Paulo equipada con c\u00e1maras no caus\u00f3 muertes en junio\" \/>\n<meta name=\"parsely-link\" content=\"http:\/\/insightcrime.org\/es\/news\/policia-sao-paulo-equipada-camaras-no-causo-muertes-junio\/\" \/>\n<meta name=\"parsely-type\" content=\"post\" \/>\n<meta name=\"parsely-image-url\" content=\"https:\/\/i0.wp.com\/insightcrime.org\/wp-content\/uploads\/2021\/07\/camara-policia.jpg?resize=150%2C150&amp;quality=100&amp;ssl=1\" \/>\n<meta name=\"parsely-pub-date\" content=\"2021-07-14T12:54:44Z\" \/>\n<meta name=\"parsely-section\" content=\"News\" \/>\n<meta name=\"parsely-tags\" content=\"brasil,homicidios,lo que funciona,reforma policial\" \/>\n<meta name=\"parsely-author\" content=\"Chris Dalby\" \/>","tracker_url":"https:\/\/cdn.parsely.com\/keys\/insightcrime.org\/p.js"},"jetpack_sharing_enabled":true,"jetpack-related-posts":[{"id":270784,"url":"https:\/\/insightcrime.org\/es\/noticias\/brasil-tacticas-policiales-recicladas-dan-mismos-resultados\/","url_meta":{"origin":151050,"position":0},"title":"En Brasil, t\u00e1cticas policiales recicladas dan los mismos resultados","author":"Christopher Newton","date":"14 de marzo de 2024","format":false,"excerpt":"Los asesinatos a manos de la polic\u00eda aumentaron dr\u00e1sticamente en el estado de S\u00e3o Paulo, Brasil, en los dos primeros meses de 2024, mientras las autoridades siguen confiando en las t\u00e1cticas represivas para intentar frenar la delincuencia, una estrategia que a\u00fan no ha dado resultados a largo plazo.","rel":"","context":"En \u00abNoticias\u00bb","block_context":{"text":"Noticias","link":"https:\/\/insightcrime.org\/es\/category\/noticias\/"},"img":{"alt_text":"Protest against civilian deaths under Operation Shield, in Baixada Santista. \nManifestaci\u00f3n contra las muertes provocadas por la Operaci\u00f3n Escudo, en la Baixada Santista. ","src":"https:\/\/i0.wp.com\/insightcrime.org\/wp-content\/uploads\/2024\/03\/brazil-operation-shield-police-violence-security-police-AFP.jpg?fit=350%2C250&quality=100&ssl=1&resize=350%2C200","width":350,"height":200},"classes":[]},{"id":281921,"url":"https:\/\/insightcrime.org\/es\/news\/decada-datos-crimen-organizado-brasil\/","url_meta":{"origin":151050,"position":1},"title":"Lo que una d\u00e9cada de datos dice sobre el crimen organizado en Brasil","author":"Lara Loaiza","date":"1 de julio de 2024","format":false,"excerpt":"Un nuevo informe se\u00f1ala que la violencia en algunas zonas del norte de Brasil ha aumentado en la \u00faltima d\u00e9cada a causa de la lucha entre facciones criminales, reforzadas por el encarcelamiento masivo, por las nuevas rutas de tr\u00e1fico de coca\u00edna en esta regi\u00f3n.","rel":"","context":"En \u00abNews\u00bb","block_context":{"text":"News","link":"https:\/\/insightcrime.org\/category\/news\/"},"img":{"alt_text":"","src":"https:\/\/i0.wp.com\/insightcrime.org\/wp-content\/uploads\/2024\/07\/Brazil-Rio-Security-Military-police-AP-22019511019465-A2.jpg?fit=1200%2C690&quality=100&ssl=1&resize=350%2C200","width":350,"height":200,"srcset":"https:\/\/i0.wp.com\/insightcrime.org\/wp-content\/uploads\/2024\/07\/Brazil-Rio-Security-Military-police-AP-22019511019465-A2.jpg?fit=1200%2C690&quality=100&ssl=1&resize=350%2C200 1x, https:\/\/i0.wp.com\/insightcrime.org\/wp-content\/uploads\/2024\/07\/Brazil-Rio-Security-Military-police-AP-22019511019465-A2.jpg?fit=1200%2C690&quality=100&ssl=1&resize=525%2C300 1.5x, https:\/\/i0.wp.com\/insightcrime.org\/wp-content\/uploads\/2024\/07\/Brazil-Rio-Security-Military-police-AP-22019511019465-A2.jpg?fit=1200%2C690&quality=100&ssl=1&resize=700%2C400 2x, https:\/\/i0.wp.com\/insightcrime.org\/wp-content\/uploads\/2024\/07\/Brazil-Rio-Security-Military-police-AP-22019511019465-A2.jpg?fit=1200%2C690&quality=100&ssl=1&resize=1050%2C600 3x"},"classes":[]},{"id":233245,"url":"https:\/\/insightcrime.org\/es\/investigaciones\/policia-brasil-chantajea-al-pcc\/","url_meta":{"origin":151050,"position":2},"title":"Llamadas interceptadas evidencian chantaje de la polic\u00eda de Brasil al PCC","author":"Steven Dudley","date":"18 de diciembre de 2020","format":false,"excerpt":"\u201cPlata o plomo\u201d es una trillada frase para referirse a la forma en que los criminales amenazan a funcionarios y civiles para obtener lo que desean. En un caso en Brasil, parece m\u00e1s apropiado aplicarla a la polic\u00eda.","rel":"","context":"En \u00abInvestigaciones\u00bb","block_context":{"text":"Investigaciones","link":"https:\/\/insightcrime.org\/es\/category\/investigaciones\/"},"img":{"alt_text":"","src":"https:\/\/i0.wp.com\/insightcrime.org\/wp-content\/uploads\/2020\/12\/PCC-Chapter-6.jpg?fit=1200%2C450&quality=100&ssl=1&resize=350%2C200","width":350,"height":200,"srcset":"https:\/\/i0.wp.com\/insightcrime.org\/wp-content\/uploads\/2020\/12\/PCC-Chapter-6.jpg?fit=1200%2C450&quality=100&ssl=1&resize=350%2C200 1x, https:\/\/i0.wp.com\/insightcrime.org\/wp-content\/uploads\/2020\/12\/PCC-Chapter-6.jpg?fit=1200%2C450&quality=100&ssl=1&resize=525%2C300 1.5x, https:\/\/i0.wp.com\/insightcrime.org\/wp-content\/uploads\/2020\/12\/PCC-Chapter-6.jpg?fit=1200%2C450&quality=100&ssl=1&resize=700%2C400 2x, https:\/\/i0.wp.com\/insightcrime.org\/wp-content\/uploads\/2020\/12\/PCC-Chapter-6.jpg?fit=1200%2C450&quality=100&ssl=1&resize=1050%2C600 3x"},"classes":[]},{"id":296384,"url":"https:\/\/insightcrime.org\/es\/noticias\/asesinato-aeropuerto-brasil-revela-fallas-proteccion-informantes\/","url_meta":{"origin":151050,"position":3},"title":"Asesinato en aeropuerto de Brasil revela fallas para la protecci\u00f3n de informantes\u00a0","author":"Alejandra Rodriguez","date":"21 de noviembre de 2024","format":false,"excerpt":"El asesinato de un informante de las autoridades en S\u00e3o Paulo ha expuesto fallas en el sistema de protecci\u00f3n de personas protegidas, lo que dificulta el trabajo de las autoridades para desmantelar organizaci\u00f3nes criminales.","rel":"","context":"En \u00abNoticias\u00bb","block_context":{"text":"Noticias","link":"https:\/\/insightcrime.org\/es\/category\/noticias\/"},"img":{"alt_text":"Agentes de polic\u00eda en la escena del crimen en el aeropuerto de S\u00e3o Paulo. Cr\u00e9dito: Miguel Schincariol\/AFP\/Getty Images","src":"https:\/\/i0.wp.com\/insightcrime.org\/wp-content\/uploads\/2024\/11\/3543.jpg-2-scaled.webp?fit=1200%2C720&quality=100&ssl=1&resize=350%2C200","width":350,"height":200,"srcset":"https:\/\/i0.wp.com\/insightcrime.org\/wp-content\/uploads\/2024\/11\/3543.jpg-2-scaled.webp?fit=1200%2C720&quality=100&ssl=1&resize=350%2C200 1x, https:\/\/i0.wp.com\/insightcrime.org\/wp-content\/uploads\/2024\/11\/3543.jpg-2-scaled.webp?fit=1200%2C720&quality=100&ssl=1&resize=525%2C300 1.5x, https:\/\/i0.wp.com\/insightcrime.org\/wp-content\/uploads\/2024\/11\/3543.jpg-2-scaled.webp?fit=1200%2C720&quality=100&ssl=1&resize=700%2C400 2x, https:\/\/i0.wp.com\/insightcrime.org\/wp-content\/uploads\/2024\/11\/3543.jpg-2-scaled.webp?fit=1200%2C720&quality=100&ssl=1&resize=1050%2C600 3x"},"classes":[]},{"id":270200,"url":"https:\/\/insightcrime.org\/es\/noticias\/a-pesar-de-los-rumores-de-una-division-el-pcc-se-mantiene-unido\/","url_meta":{"origin":151050,"position":4},"title":"A pesar de los rumores de una divisi\u00f3n, el PCC se mantiene unido\u00a0","author":"Beatriz Vicent Fern\u00e1ndez","date":"7 de marzo de 2024","format":false,"excerpt":"Aunque el asesinato de un miembro del PCC en S\u00e3o Paulo aviv\u00f3 rumores sobre una ruptura al interior del grupo, es poco probable que logre desestabilizar la estructura de la banda criminal m\u00e1s grande de Brasil.","rel":"","context":"En \u00abNoticias\u00bb","block_context":{"text":"Noticias","link":"https:\/\/insightcrime.org\/es\/category\/noticias\/"},"img":{"alt_text":"Marcola being escorted by federal police after hospital visit in 2020. Marcola siendo escoltado por polic\u00edas federales tras una visita al hospital en 2020. Andre Coelho\/Folhapress","src":"https:\/\/i0.wp.com\/insightcrime.org\/wp-content\/uploads\/2024\/03\/Marcola_PCC.png?fit=350%2C248&quality=100&ssl=1&resize=350%2C200","width":350,"height":200},"classes":[]},{"id":232538,"url":"https:\/\/insightcrime.org\/es\/noticias\/armas-desapariciones-sobrepoblacion-carcelaria-problemas-brasil\/","url_meta":{"origin":151050,"position":5},"title":"Armas, desapariciones y sobrepoblaci\u00f3n carcelaria: los problemas de Brasil se agudizan","author":"Chris Dalby","date":"1 de agosto de 2023","format":false,"excerpt":"Desde prisiones derruidas y sobrepobladas hasta decenas de miles de desapariciones anuales, el panorama de la seguridad en Brasil es desolador.","rel":"","context":"En \u00abNoticias\u00bb","block_context":{"text":"Noticias","link":"https:\/\/insightcrime.org\/es\/category\/noticias\/"},"img":{"alt_text":"Prisoners at the door of an overloaded jail cell in Brazil.","src":"https:\/\/i0.wp.com\/insightcrime.org\/wp-content\/uploads\/2023\/09\/ezgif-5-b85a4d337b-1-1-1.jpg?fit=350%2C250&quality=100&ssl=1&resize=350%2C200","width":350,"height":200},"classes":[]}],"jetpack_featured_media_url":"https:\/\/i0.wp.com\/insightcrime.org\/wp-content\/uploads\/2021\/07\/camara-policia.jpg?fit=350%2C250&quality=100&ssl=1","_links":{"self":[{"href":"https:\/\/insightcrime.org\/es\/wp-json\/wp\/v2\/posts\/151050","targetHints":{"allow":["GET"]}}],"collection":[{"href":"https:\/\/insightcrime.org\/es\/wp-json\/wp\/v2\/posts"}],"about":[{"href":"https:\/\/insightcrime.org\/es\/wp-json\/wp\/v2\/types\/post"}],"author":[{"embeddable":true,"href":"https:\/\/insightcrime.org\/es\/wp-json\/wp\/v2\/users\/178"}],"replies":[{"embeddable":true,"href":"https:\/\/insightcrime.org\/es\/wp-json\/wp\/v2\/comments?post=151050"}],"version-history":[{"count":5,"href":"https:\/\/insightcrime.org\/es\/wp-json\/wp\/v2\/posts\/151050\/revisions"}],"predecessor-version":[{"id":151169,"href":"https:\/\/insightcrime.org\/es\/wp-json\/wp\/v2\/posts\/151050\/revisions\/151169"}],"wp:featuredmedia":[{"embeddable":true,"href":"https:\/\/insightcrime.org\/es\/wp-json\/wp\/v2\/media\/151080"}],"wp:attachment":[{"href":"https:\/\/insightcrime.org\/es\/wp-json\/wp\/v2\/media?parent=151050"}],"wp:term":[{"taxonomy":"category","embeddable":true,"href":"https:\/\/insightcrime.org\/es\/wp-json\/wp\/v2\/categories?post=151050"},{"taxonomy":"post_tag","embeddable":true,"href":"https:\/\/insightcrime.org\/es\/wp-json\/wp\/v2\/tags?post=151050"},{"taxonomy":"newspack_spnsrs_tax","embeddable":true,"href":"https:\/\/insightcrime.org\/es\/wp-json\/wp\/v2\/newspack_spnsrs_tax?post=151050"},{"taxonomy":"author","embeddable":true,"href":"https:\/\/insightcrime.org\/es\/wp-json\/wp\/v2\/coauthors?post=151050"}],"curies":[{"name":"wp","href":"https:\/\/api.w.org\/{rel}","templated":true}]}}