{"id":164186,"date":"2021-07-27T00:00:00","date_gmt":"2021-07-27T05:00:00","guid":{"rendered":"https:\/\/insightcrime.org\/?p=164186"},"modified":"2026-08-14T12:23:20","modified_gmt":"2026-08-14T17:23:20","slug":"bala-na-cara","status":"publish","type":"post","link":"https:\/\/insightcrime.org\/es\/noticias-crimen-organizado-brasil\/bala-na-cara\/","title":{"rendered":"Bala na Cara"},"content":{"rendered":"\n<p class=\"wp-block-paragraph\">Bala na Cara (Bala en la cara, BNC) es el segundo grupo criminal m\u00e1s importante del estado de <a href=\"https:\/\/es.insightcrime.org\/noticias-crimen-organizado-brasil\/rio-grande-do-sul-brasil\/\" target=\"_blank\" rel=\"noreferrer noopener\">Rio Grande do Sul<\/a>, en el extremo sur de Brasil. El grupo es conocido por sus frecuentes expresiones de violencia y por el control del tr\u00e1fico de estupefacientes en la ciudad de Porto Alegre. Adem\u00e1s del tr\u00e1fico de coca\u00edna y marihuana, el grupo controla el suministro de crack en las prisiones. Tambi\u00e9n se ha expandido a zonas fronterizas que conectan a Brasil con Uruguay, Paraguay y Argentina. <\/p>\n\n\n\n<h2 class=\"wp-block-heading\" id=\"h-historia\">Historia<\/h2>\n\n\n\n<p class=\"wp-block-paragraph\">El grupo BNC se <a href=\"http:\/\/diariogaucho.clicrbs.com.br\/rs\/policia\/noticia\/2014\/09\/quem-sao-e-como-funciona-a-quadrilha-dos-bala-na-cara-4588651.html\" target=\"_blank\" rel=\"noreferrer noopener nofollow\">cre\u00f3<\/a> en el barrio Bom Jesus de Porto Alegre en la d\u00e9cada de <a href=\"https:\/\/bibliodigital.unijui.edu.br:8443\/xmlui\/bitstream\/handle\/123456789\/6589\/Luis%20Cassiano%20de%20Camargo.pdf?sequence=1&amp;isAllowed=y\" target=\"_blank\" rel=\"noreferrer noopener nofollow\">2000<\/a>. Su nombre, que traduce \u201cbala en la cara\u201d, al parecer se <a href=\"https:\/\/www.elterritorio.com.ar\/noticias\/2021\/01\/10\/688698-bala-na-cara-de-los-hermanos-lopes-a-las-relaciones-con-el-negro-rojas\" target=\"_blank\" rel=\"noreferrer noopener nofollow\">deriva<\/a> del violento m\u00e9todo del grupo para deshacerse de sus enemigos.<\/p>\n\n\n\n<p class=\"wp-block-paragraph\">En sus inicios, BNC se concentr\u00f3 en el <a href=\"http:\/\/diariogaucho.clicrbs.com.br\/rs\/policia\/noticia\/2014\/09\/quem-sao-e-como-funciona-a-quadrilha-dos-bala-na-cara-4588651.html\" target=\"_blank\" rel=\"noreferrer noopener nofollow\">robo a joyer\u00edas<\/a> y bancos para financiar el tr\u00e1fico de armas. Tambi\u00e9n hizo de <a href=\"https:\/\/gauchazh.clicrbs.com.br\/seguranca\/noticia\/2019\/03\/como-se-da-a-guerra-das-faccoes-pelo-trafico-de-drogas-em-porto-alegre-cjt8z7v1d03c201ujwemu34t8.html\" target=\"_blank\" rel=\"noreferrer noopener nofollow\">brazo armado<\/a>, para cometer asesinatos por encargo de la <a href=\"https:\/\/es.insightcrime.org\/noticias-crimen-organizado-brasil\/rio-grande-do-sul-brasil\/\" target=\"_blank\" rel=\"noreferrer noopener\">organizaci\u00f3n criminal m\u00e1s importante<\/a> de Rio Grande do Sul, Os Manos.<\/p>\n\n\n\n<p class=\"wp-block-paragraph\">Desde principios de la d\u00e9cada de 2010, el narcotr\u00e1fico pas\u00f3 a ser la <a href=\"https:\/\/gauchazh.clicrbs.com.br\/seguranca\/noticia\/2019\/03\/como-se-da-a-guerra-das-faccoes-pelo-trafico-de-drogas-em-porto-alegre-cjt8z7v1d03c201ujwemu34t8.html\" target=\"_blank\" rel=\"noreferrer noopener nofollow\">principal fuente de ingresos<\/a> del grupo, que se expandi\u00f3 a todo Porto Alegre. Usaba <a href=\"https:\/\/gauchazh.clicrbs.com.br\/seguranca\/noticia\/2019\/03\/como-se-da-a-guerra-das-faccoes-pelo-trafico-de-drogas-em-porto-alegre-cjt8z7v1d03c201ujwemu34t8.html\" target=\"_blank\" rel=\"noreferrer noopener nofollow\">violencia extrema<\/a> para tomarse los puntos de expendio de drogas, y cometi\u00f3 homicidios y masacres para atacar a sus rivales. Esos ataques tambi\u00e9n produjeron <a href=\"https:\/\/gauchazh.clicrbs.com.br\/seguranca\/noticia\/2019\/03\/como-se-da-a-guerra-das-faccoes-pelo-trafico-de-drogas-em-porto-alegre-cjt8z7v1d03c201ujwemu34t8.html\" target=\"_blank\" rel=\"noreferrer noopener nofollow\">muertes<\/a> de civiles atrapados en el fuego cruzado.<\/p>\n\n\n\n<p class=\"wp-block-paragraph\">Esto desat\u00f3 una <a href=\"https:\/\/gauchazh.clicrbs.com.br\/seguranca\/noticia\/2019\/03\/como-se-da-a-guerra-das-faccoes-pelo-trafico-de-drogas-em-porto-alegre\" target=\"_blank\" rel=\"noreferrer noopener nofollow\">respuesta hostil<\/a> de las pandillas del municipio. En 2016, los grupos criminales de Porto Alegre <a href=\"https:\/\/gauchazh.clicrbs.com.br\/seguranca\/noticia\/2019\/03\/como-se-da-a-guerra-das-faccoes-pelo-trafico-de-drogas-em-porto-alegre\" target=\"_blank\" rel=\"noreferrer noopener nofollow\">se unieron<\/a> para crear la coalici\u00f3n \u00abAnti-Bala\u00bb en un intento por <a href=\"https:\/\/gauchazh.clicrbs.com.br\/seguranca\/noticia\/2019\/03\/como-se-da-a-guerra-das-faccoes-pelo-trafico-de-drogas-em-porto-alegre\" target=\"_blank\" rel=\"noreferrer noopener nofollow\">desmontar<\/a> a BNC. En enero de 2016, la coalici\u00f3n <a href=\"https:\/\/gauchazh.clicrbs.com.br\/seguranca\/noticia\/2019\/03\/como-se-da-a-guerra-das-faccoes-pelo-trafico-de-drogas-em-porto-alegre-cjt8z7v1d03c201ujwemu34t8.html\" target=\"_blank\" rel=\"noreferrer noopener nofollow\">secuestr\u00f3 y decapit\u00f3<\/a> a un miembro de BNC; dejaron su cabeza en Bom Jesus y su cuerpo en el barrio M\u00e1rio Quintana, de Porto Alegre, acompa\u00f1ado de un mensaje.<\/p>\n\n\n\n<p class=\"wp-block-paragraph\">Adem\u00e1s de su crecimiento a nivel local, BNC tambi\u00e9n ha comenzado a tener presencia en pa\u00edses suramericanos vecinos de Brasil. Desde 2015 aproximadamente, el grupo incursion\u00f3 en Paraguay, donde varios de sus miembros han sido <a href=\"https:\/\/www.elterritorio.com.ar\/noticias\/2021\/01\/10\/688698-bala-na-cara-de-los-hermanos-lopes-a-las-relaciones-con-el-negro-rojas\" target=\"_blank\" rel=\"noreferrer noopener nofollow\">arrestados<\/a>. All\u00ed, se <a href=\"https:\/\/www.elterritorio.com.ar\/noticias\/2021\/01\/10\/688698-bala-na-cara-de-los-hermanos-lopes-a-las-relaciones-con-el-negro-rojas\" target=\"_blank\" rel=\"noreferrer noopener nofollow\">dedican al narcotr\u00e1fico<\/a> en zonas fronterizas, como la ciudad de Pedro Juan Caballero.<\/p>\n\n\n\n<p class=\"wp-block-paragraph\">El grupo tambi\u00e9n ha intentado entrar en el negocio de la droga en Uruguay. Estaba <a href=\"https:\/\/www.elpais.com.uy\/informacion\/judiciales\/rivera-hubo-homicidios-guerra-bandas-narco-justicia-lleva-imputadas-personas.html\" target=\"_blank\" rel=\"noreferrer noopener nofollow\">ganando terreno<\/a> y control sobre el tr\u00e1fico de estupefacientes a lo largo de la frontera entre Brasil y Uruguay, cuando Os Manos <a href=\"https:\/\/www.elpais.com.uy\/informacion\/judiciales\/rivera-hubo-homicidios-guerra-bandas-narco-justicia-lleva-imputadas-personas.html\" target=\"_blank\" rel=\"noreferrer noopener nofollow\">le disputaron la zona<\/a> en 2018.<\/p>\n\n\n\n<h2 class=\"wp-block-heading\" id=\"h-jerarqu-a\">Jerarqu\u00eda<\/h2>\n\n\n\n<p class=\"wp-block-paragraph\">En contraste con sus principales rivales, BNC no tiene una <a href=\"http:\/\/diariogaucho.clicrbs.com.br\/rs\/policia\/noticia\/2014\/09\/quem-sao-e-como-funciona-a-quadrilha-dos-bala-na-cara-4588651.html\" target=\"_blank\" rel=\"noreferrer noopener nofollow\">estructura centralizada <\/a>con un \u00fanico l\u00edder definido.<\/p>\n\n\n\n<p class=\"wp-block-paragraph\">En lugar de ello, se compone de c\u00e9lulas individuales que act\u00faan bajo un liderazgo local. La polic\u00eda <a href=\"http:\/\/diariogaucho.clicrbs.com.br\/rs\/policia\/noticia\/2014\/09\/quem-sao-e-como-funciona-a-quadrilha-dos-bala-na-cara-4588651.html\" target=\"_blank\" rel=\"noreferrer noopener nofollow\">cree<\/a> que al menos cuatro l\u00edderes imponen normas generales que deben ser seguidas por los miembros de la pandilla, pero que los l\u00edderes de cada facci\u00f3n local dan \u00f3rdenes m\u00e1s espec\u00edficas. Esta estructura descentralizada ha <a href=\"http:\/\/diariogaucho.clicrbs.com.br\/rs\/policia\/noticia\/2014\/09\/quem-sao-e-como-funciona-a-quadrilha-dos-bala-na-cara-4588651.html\" target=\"_blank\" rel=\"noreferrer noopener nofollow\">impedido<\/a> las investigaciones de la polic\u00eda.<\/p>\n\n\n\n<p class=\"wp-block-paragraph\">En 2016, la polic\u00eda <a href=\"http:\/\/g1.globo.com\/rs\/rio-grande-do-sul\/noticia\/2016\/08\/policia-prende-no-paraguai-homem-considerado-lider-de-faccao-no-rs.html\" target=\"_blank\" rel=\"noreferrer noopener nofollow\">captur\u00f3<\/a> a Jos\u00e9 Dalvani Nunes Rodrigues, alias \u00abMinhoca\u00bb, en Paraguay. Este era el presunto l\u00edder de una facci\u00f3n de BNC que <a href=\"https:\/\/g1.globo.com\/rs\/rio-grande-do-sul\/noticia\/ministerio-publico-denuncia-40-integrantes-de-grupo-criminoso-de-porto-alegre.ghtml\" target=\"_blank\" rel=\"noreferrer noopener nofollow\">mov\u00eda<\/a> 500 mil reales (m\u00e1s de US$97.000) a la semana. Se presume que el l\u00edder local era <a href=\"http:\/\/g1.globo.com\/rs\/rio-grande-do-sul\/noticia\/2016\/08\/policia-prende-no-paraguai-homem-considerado-lider-de-faccao-no-rs.html\" target=\"_blank\" rel=\"noreferrer noopener nofollow\">responsable<\/a> del narcotr\u00e1fico en el norte de Porto Alegre, en especial en los barrios M\u00e1rio Quintana y Rubem Berta. Tambi\u00e9n se dice que <a href=\"https:\/\/g1.globo.com\/rs\/rio-grande-do-sul\/noticia\/ministerio-publico-denuncia-40-integrantes-de-grupo-criminoso-de-porto-alegre.ghtml\" target=\"_blank\" rel=\"noreferrer noopener nofollow\">ordenaba homicidios<\/a> y coordinaba ventas de armas.<\/p>\n\n\n\n<p class=\"wp-block-paragraph\">Ernesto Andr\u00e9s Vargas Villanueva, alias \u00abCachorrinho\u00bb, es se\u00f1alado como un <a href=\"https:\/\/www.elobservador.com.uy\/nota\/cachorrinho-un-narco-doble-chapa-que-tiene-en-vilo-a-la-frontera-rivera-livramento-2019128172837\" target=\"_blank\" rel=\"noreferrer noopener nofollow\">l\u00edder<\/a> del grupo, encargado de supervisar las operaciones de la banda en Uruguay. Este es un <a href=\"https:\/\/www.elobservador.com.uy\/nota\/cachorrinho-un-narco-doble-chapa-que-tiene-en-vilo-a-la-frontera-rivera-livramento-2019128172837\" target=\"_blank\" rel=\"noreferrer noopener nofollow\">reconocido traficante<\/a> de armas y narc\u00f3ticos, quien se encuentra actualmente <a href=\"https:\/\/www.elobservador.com.uy\/nota\/cachorrinho-un-narco-doble-chapa-que-tiene-en-vilo-a-la-frontera-rivera-livramento-2019128172837\" target=\"_blank\" rel=\"noreferrer noopener nofollow\">en prisi\u00f3n<\/a> por su participaci\u00f3n en varios homicidios.<\/p>\n\n\n\n<p class=\"wp-block-paragraph\">Tiago Soares da Silva, alias \u00abPequeno\u00bb, es considerado otro l\u00edder del grupo. Este fue uno de los <a href=\"https:\/\/gauchazh.clicrbs.com.br\/seguranca\/noticia\/2021\/03\/lider-de-faccao-investigado-por-11-homicidios-e-preso-em-apartamento-de-luxo-no-litoral-de-sc-ckm667b7e000b0198gy3nbtsl.html\" target=\"_blank\" rel=\"noreferrer noopener nofollow\">fugitivos m\u00e1s buscados<\/a> de Rio Grande do Sul hasta su <a href=\"https:\/\/gauchazh.clicrbs.com.br\/seguranca\/noticia\/2021\/03\/lider-de-faccao-investigado-por-11-homicidios-e-preso-em-apartamento-de-luxo-no-litoral-de-sc-ckm667b7e000b0198gy3nbtsl.html\" target=\"_blank\" rel=\"noreferrer noopener nofollow\">captura<\/a> en marzo de 2021, por su presunta participaci\u00f3n en varios homicidios.<\/p>\n\n\n\n<h2 class=\"wp-block-heading\" id=\"h-geograf-a\">Geograf\u00eda<\/h2>\n\n\n\n<p class=\"wp-block-paragraph\">La principal base de operaciones de BNC es la ciudad brasile\u00f1a de Porto Alegre, ubicada al este del estado de <a href=\"https:\/\/es.insightcrime.org\/noticias-crimen-organizado-brasil\/rio-grande-do-sul-brasil\/\" target=\"_blank\" rel=\"noreferrer noopener\">Rio Grande do Sul<\/a>. El grupo tambi\u00e9n inici\u00f3 un proceso de expansi\u00f3n hacia el <a href=\"https:\/\/sul21.com.br\/cidadesultimas-noticiasgeral\/2020\/12\/estudo-analisa-violencia-que-abalou-porto-alegre-em-2016-e-2017-e-como-o-central-se-manteve-em-paz\/\" target=\"_blank\" rel=\"noreferrer noopener nofollow\">interior del estado<\/a> en 2018.<\/p>\n\n\n\n<p class=\"wp-block-paragraph\">Por fuera de Brasil, BNC se dedica al narcotr\u00e1fico en Paraguay, en especial en la ciudad fronteriza de Pedro Juan Caballero, donde han sido <a href=\"https:\/\/www.abc.com.py\/edicion-impresa\/judiciales-y-policiales\/brasilenos-detenidos-son-miembros-de-la-banda-criminal-bala-na-cara-1555822.html\" target=\"_blank\" rel=\"noreferrer noopener nofollow\">detenidos<\/a> varios de sus integrantes.<\/p>\n\n\n\n<p class=\"wp-block-paragraph\">Tambi\u00e9n est\u00e1 activo en Uruguay, que se encuentra justo al otro lado de la frontera de Rio Grande do Sul. El grupo alguna vez <a href=\"https:\/\/www.elpais.com.uy\/informacion\/policiales\/bala-na-cara-manos-bandas-criminales-azotan-rivera.html\" target=\"_blank\" rel=\"noreferrer noopener nofollow\">control\u00f3 el narcotr\u00e1fico<\/a> en la ciudad fronteriza de Rivera, al norte de Uruguay, pero en 2018 Os Manos comenzaron a <a href=\"https:\/\/www.elpais.com.uy\/informacion\/policiales\/bala-na-cara-manos-bandas-criminales-azotan-rivera.html\" target=\"_blank\" rel=\"noreferrer noopener nofollow\">disputarles<\/a> esta zona. El enfrentamiento en Rivera contin\u00faa, con el consiguiente <a href=\"https:\/\/www.elpais.com.uy\/informacion\/policiales\/bala-na-cara-manos-bandas-criminales-azotan-rivera.html\" target=\"_blank\" rel=\"noreferrer noopener nofollow\">derramamiento de sangre<\/a>.<\/p>\n\n\n\n<p class=\"wp-block-paragraph\">BNC tambi\u00e9n mantiene <a href=\"https:\/\/www.elterritorio.com.ar\/noticias\/2021\/01\/10\/688698-bala-na-cara-de-los-hermanos-lopes-a-las-relaciones-con-el-negro-rojas\" target=\"_blank\" rel=\"noreferrer noopener nofollow\">presencia<\/a> en la provincia de Misiones, al noreste de Argentina.<\/p>\n\n\n\n<h2 class=\"wp-block-heading\" id=\"h-aliados-y-enemigos\"><strong>Aliados y enemigos<\/strong><\/h2>\n\n\n\n<p class=\"wp-block-paragraph\">Los mayores rivales de BNC son los \u00abAnti-Bala\u00bb, o \u00ab<a href=\"https:\/\/gauchazh.clicrbs.com.br\/geral\/noticia\/2016\/04\/como-nasce-uma-faccao-entenda-o-surgimento-dos-principais-rivais-dos-bala-na-cara-5758161.html\" target=\"_blank\" rel=\"noreferrer noopener nofollow\">banda V7<\/a>\u00ab, una coalici\u00f3n de pandillas formadas para vengarse de la violenta expansi\u00f3n del grupo en Porto Alegre. Esta rivalidad se <a href=\"https:\/\/gauchazh.clicrbs.com.br\/seguranca\/noticia\/2019\/03\/como-se-da-a-guerra-das-faccoes-pelo-trafico-de-drogas-em-porto-alegre-cjt8z7v1d03c201ujwemu34t8.html\" target=\"_blank\" rel=\"noreferrer noopener nofollow\">agudiz\u00f3<\/a> despu\u00e9s del secuestro y la decapitaci\u00f3n de un miembro de BNC por parte de los Anti-Bala en 2016.<\/p>\n\n\n\n<p class=\"wp-block-paragraph\">Esto inici\u00f3 una sangrienta disputa territorial que incluy\u00f3 la exhibici\u00f3n de <a href=\"https:\/\/gauchazh.clicrbs.com.br\/seguranca\/noticia\/2019\/03\/como-se-da-a-guerra-das-faccoes-pelo-trafico-de-drogas-em-porto-alegre-cjt8z7v1d03c201ujwemu34t8.html\" target=\"_blank\" rel=\"noreferrer noopener nofollow\">cabezas decapitadas y miembros de cuerpos<\/a> en lugares p\u00fablicos. El conflicto tambi\u00e9n se ha extendido a <a href=\"https:\/\/gauchazh.clicrbs.com.br\/seguranca\/noticia\/2019\/03\/como-se-da-a-guerra-das-faccoes-pelo-trafico-de-drogas-em-porto-alegre-cjt8z7v1d03c201ujwemu34t8.html\" target=\"_blank\" rel=\"noreferrer noopener\">otras zonas<\/a> de Rio Grande do Sul.<\/p>\n\n\n\n<p class=\"wp-block-paragraph\">Otro rival de BNC es la pandilla Os Manos, la <a href=\"https:\/\/es.insightcrime.org\/noticias-crimen-organizado-brasil\/rio-grande-do-sul-brasil\/\" target=\"_blank\" rel=\"noreferrer noopener\">organizaci\u00f3n criminal m\u00e1s grande<\/a> de Rio Grande do Sul. Se afirma que Os Manos <a href=\"https:\/\/sul21.com.br\/cidadesultimas-noticiasgeral\/2020\/12\/estudo-analisa-violencia-que-abalou-porto-alegre-em-2016-e-2017-e-como-o-central-se-manteve-em-paz\/\" target=\"_blank\" rel=\"noreferrer noopener nofollow\">no participan<\/a> en la guerra contra BNC en Porto Alegre. Sin embargo, con la expansi\u00f3n de ambas organizaciones al interior de Rio Grande do Sul y pa\u00edses vecinos, s\u00ed han tenido <a href=\"https:\/\/sul21.com.br\/cidadesultimas-noticiasgeral\/2020\/12\/estudo-analisa-violencia-que-abalou-porto-alegre-em-2016-e-2017-e-como-o-central-se-manteve-em-paz\/\" target=\"_blank\" rel=\"noreferrer noopener nofollow\">enfrentamientos<\/a>.<\/p>\n\n\n\n<p class=\"wp-block-paragraph\">BNC tambi\u00e9n considera a la <a href=\"https:\/\/www.elpais.com.uy\/informacion\/judiciales\/rivera-hubo-homicidios-guerra-bandas-narco-justicia-lleva-imputadas-personas.html\" target=\"_blank\" rel=\"noreferrer noopener nofollow\">banda de Os Tauras<\/a> como uno de sus rivales en Uruguay.<\/p>\n\n\n\n<h2 class=\"wp-block-heading\" id=\"h-perspectivas\">Perspectivas<\/h2>\n\n\n\n<p class=\"wp-block-paragraph\">Las autoridades no han logrado contener la expansi\u00f3n de BNC, y los esfuerzos de sus enemigos por destruir la pandilla han tenido un impacto m\u00ednimo hasta ahora. Esto indica que el grupo seguir\u00e1 controlando el narcotr\u00e1fico en sus actuales plazas fuertes y puede buscar tomar control del tr\u00e1fico en otros centros estrat\u00e9gicos.<\/p>\n\n\n\n<p class=\"wp-block-paragraph\">Es muy probable que el grupo mantenga un inter\u00e9s localizado en Rio Grande do Sul y las zonas fronterizas de Brasil con Paraguay, Argentina y Uruguay.<\/p>\n\n\n\n<p class=\"wp-block-paragraph\">Si el grupo busca expandirse a\u00fan m\u00e1s, ser\u00e1 inevitable un nuevo derramamiento de sangre, como sucedi\u00f3 tras la expansi\u00f3n del grupo a la ciudad uruguaya de Rivera.<\/p>\n","protected":false},"excerpt":{"rendered":"<p>Bala na Cara (Bala en la cara, BNC) es el segundo grupo criminal m\u00e1s importante del estado de Rio Grande do Sul, en el extremo sur de Brasil. El grupo es conocido por sus frecuentes expresiones de violencia y por el control del tr\u00e1fico de estupefacientes en la ciudad de Porto Alegre.<\/p>\n","protected":false},"author":2,"featured_media":349030,"comment_status":"closed","ping_status":"closed","sticky":false,"template":"","format":"standard","meta":{"newspack_ads_suppress_ads":false,"newspack_popups_has_disabled_popups":false,"newspack_sponsor_sponsorship_scope":"","newspack_sponsor_native_byline_display":"inherit","newspack_sponsor_native_category_display":"inherit","newspack_sponsor_underwriter_style":"inherit","newspack_sponsor_underwriter_placement":"inherit","_EventAllDay":false,"_EventTimezone":"","_EventStartDate":"","_EventEndDate":"","_EventStartDateUTC":"","_EventEndDateUTC":"","_EventShowMap":false,"_EventShowMapLink":false,"_EventURL":"","_EventCost":"","_EventCostDescription":"","_EventCurrencySymbol":"","_EventCurrencyCode":"","_EventCurrencyPosition":"","_EventDateTimeSeparator":"","_EventTimeRangeSeparator":"","_EventOrganizerID":[],"_EventVenueID":[],"_OrganizerEmail":"","_OrganizerPhone":"","_OrganizerWebsite":"","_VenueAddress":"","_VenueCity":"","_VenueCountry":"","_VenueProvince":"","_VenueState":"","_VenueZip":"","_VenuePhone":"","_VenueURL":"","_VenueStateProvince":"","_VenueLat":"","_VenueLng":"","_VenueShowMap":false,"_VenueShowMapLink":false,"_newspack_byline_active":false,"_newspack_byline":"","newspack_hide_updated_date":false,"newspack_show_updated_date":false,"newspack_featured_image_position":"","newspack_post_subtitle":"","newspack_article_summary_title":"Overview:","newspack_article_summary":"","_jetpack_memberships_contains_paid_content":false,"footnotes":""},"categories":[351],"tags":[584,642],"newspack_spnsrs_tax":[],"coauthors":[3649],"class_list":["post-164186","post","type-post","status-publish","format-standard","has-post-thumbnail","hentry","category-noticias-crimen-organizado-brasil","tag-brazil","tag-brazil-groups","entry"],"parsely":{"version":"1.1.0","canonical_url":"https:\/\/insightcrime.org\/es\/noticias-crimen-organizado-brasil\/bala-na-cara\/","smart_links":{"inbound":0,"outbound":0},"traffic_boost_suggestions_count":0,"meta":{"@context":"https:\/\/schema.org","@type":"NewsArticle","headline":"Bala na Cara","url":"http:\/\/insightcrime.org\/es\/noticias-crimen-organizado-brasil\/bala-na-cara\/","mainEntityOfPage":{"@type":"WebPage","@id":"http:\/\/insightcrime.org\/es\/noticias-crimen-organizado-brasil\/bala-na-cara\/"},"thumbnailUrl":"https:\/\/i0.wp.com\/insightcrime.org\/wp-content\/uploads\/2026\/08\/Grupo-Criminal-Bala-na-Cara-Brasil.jpg?resize=150%2C150&quality=100&ssl=1","image":{"@type":"ImageObject","url":"https:\/\/i0.wp.com\/insightcrime.org\/wp-content\/uploads\/2026\/08\/Grupo-Criminal-Bala-na-Cara-Brasil.jpg?fit=1200%2C900&quality=100&ssl=1"},"articleSection":"Brasil","author":[{"@type":"Person","name":"InSight Crime"}],"creator":["InSight Crime"],"publisher":{"@type":"Organization","name":"InSight Crime","logo":"https:\/\/insightcrime.org\/wp-content\/uploads\/2023\/08\/logo.png"},"keywords":["brasil","grupos de brasil"],"dateCreated":"2021-07-27T05:00:00Z","datePublished":"2021-07-27T05:00:00Z","dateModified":"2026-08-14T17:23:20Z"},"rendered":"<meta name=\"parsely-title\" content=\"Bala na Cara\" \/>\n<meta name=\"parsely-link\" content=\"http:\/\/insightcrime.org\/es\/noticias-crimen-organizado-brasil\/bala-na-cara\/\" \/>\n<meta name=\"parsely-type\" content=\"post\" \/>\n<meta name=\"parsely-image-url\" content=\"https:\/\/i0.wp.com\/insightcrime.org\/wp-content\/uploads\/2026\/08\/Grupo-Criminal-Bala-na-Cara-Brasil.jpg?resize=150%2C150&amp;quality=100&amp;ssl=1\" \/>\n<meta name=\"parsely-pub-date\" content=\"2021-07-27T05:00:00Z\" \/>\n<meta name=\"parsely-section\" content=\"Brasil\" \/>\n<meta name=\"parsely-tags\" content=\"brasil,grupos de brasil\" \/>\n<meta name=\"parsely-author\" content=\"InSight Crime\" \/>","tracker_url":"https:\/\/cdn.parsely.com\/keys\/insightcrime.org\/p.js"},"jetpack_sharing_enabled":true,"jetpack-related-posts":[{"id":165607,"url":"https:\/\/insightcrime.org\/es\/noticias\/alianza-criminal-pcc-anti-bala-pende-hilo-sur-brasil\/","url_meta":{"origin":164186,"position":0},"title":"Alianza criminal entre PCC y Anti-Bala pende de un hilo en el sur de Brasil","author":"Katie Jones","date":"16 de agosto de 2021","format":false,"excerpt":"La captura de un importante pandillero de Anti-Bala en Paraguay amenaza con debilitar una alianza criminal importante en el estado fronterizo de Rio Grande do Sul en Brasil.","rel":"","context":"En \u00abNoticias\u00bb","block_context":{"text":"Noticias","link":"https:\/\/insightcrime.org\/es\/category\/noticias\/"},"img":{"alt_text":"Anti-Bala-Arrest-Paraguay","src":"https:\/\/i0.wp.com\/insightcrime.org\/wp-content\/uploads\/2021\/08\/Anti-Bala-Arrest-Paraguay-1.jpeg?fit=350%2C250&quality=100&ssl=1&resize=350%2C200","width":350,"height":200},"classes":[]},{"id":137051,"url":"https:\/\/insightcrime.org\/es\/noticias-crimen-organizado-brasil\/rio-grande-do-sul-brasil\/","url_meta":{"origin":164186,"position":1},"title":"Rio Grande do Sul, Brasil","author":"InSight Crime","date":"4 de marzo de 2021","format":false,"excerpt":"Con una ubicaci\u00f3n estrat\u00e9gica entre Argentina y Uruguay, Rio Grande do Sul es un centro de contrabando y trasiego de narc\u00f3ticos.","rel":"","context":"En \u00abBrasil\u00bb","block_context":{"text":"Brasil","link":"https:\/\/insightcrime.org\/es\/category\/noticias-crimen-organizado-brasil\/"},"img":{"alt_text":"","src":"https:\/\/i0.wp.com\/insightcrime.org\/wp-content\/uploads\/2021\/03\/Rio-Grande-do-Sul.jpg?fit=350%2C250&quality=100&ssl=1&resize=350%2C200","width":350,"height":200},"classes":[]},{"id":279260,"url":"https:\/\/insightcrime.org\/es\/noticias\/inundaciones-brasil-trajeron-mas-policia-mas-incautaciones-droga\/","url_meta":{"origin":164186,"position":2},"title":"Inundaciones en Brasil trajeron m\u00e1s polic\u00eda y m\u00e1s incautaciones de droga","author":"Juliana Manjarr\u00e9s","date":"14 de junio de 2024","format":false,"excerpt":"Las grandes inundaciones registradas en el estado de Rio Grande do Sul, en el sur de Brasil, dieron lugar a incautaciones r\u00e9cord de marihuana, ya que los grupos criminales que trataban de aprovechar el caos y aumentar sus actividades de tr\u00e1fico perdieron un producto valioso por el aumento de las\u2026","rel":"","context":"En \u00abNoticias\u00bb","block_context":{"text":"Noticias","link":"https:\/\/insightcrime.org\/es\/category\/noticias\/"},"img":{"alt_text":"","src":"https:\/\/i0.wp.com\/insightcrime.org\/wp-content\/uploads\/2024\/06\/image-4.png?fit=1200%2C690&quality=100&ssl=1&resize=350%2C200","width":350,"height":200,"srcset":"https:\/\/i0.wp.com\/insightcrime.org\/wp-content\/uploads\/2024\/06\/image-4.png?fit=1200%2C690&quality=100&ssl=1&resize=350%2C200 1x, https:\/\/i0.wp.com\/insightcrime.org\/wp-content\/uploads\/2024\/06\/image-4.png?fit=1200%2C690&quality=100&ssl=1&resize=525%2C300 1.5x, https:\/\/i0.wp.com\/insightcrime.org\/wp-content\/uploads\/2024\/06\/image-4.png?fit=1200%2C690&quality=100&ssl=1&resize=700%2C400 2x, https:\/\/i0.wp.com\/insightcrime.org\/wp-content\/uploads\/2024\/06\/image-4.png?fit=1200%2C690&quality=100&ssl=1&resize=1050%2C600 3x"},"classes":[]},{"id":166038,"url":"https:\/\/insightcrime.org\/es\/noticias\/guerra-fronteras-brasil-detona-conflicto-pandillas-uruguay\/","url_meta":{"origin":164186,"position":3},"title":"Guerra por fronteras en Brasil detona conflicto de pandillas en Uruguay","author":"Katie Jones","date":"24 de agosto de 2021","format":false,"excerpt":"La guerra localizada entre pandillas en el estado brasile\u00f1o de Rio Grande do Sul ha desatado una crisis de seguridad al otro lado de su frontera con Uruguay.","rel":"","context":"En \u00abNoticias\u00bb","block_context":{"text":"Noticias","link":"https:\/\/insightcrime.org\/es\/category\/noticias\/"},"img":{"alt_text":"Police in Rivera, Uruguay, are struggling to contain a spate of murders linked to Brazilian gangs.","src":"https:\/\/i0.wp.com\/insightcrime.org\/wp-content\/uploads\/2021\/08\/5fc16a735c690.jpeg?fit=350%2C250&quality=100&ssl=1&resize=350%2C200","width":350,"height":200},"classes":[]},{"id":5257,"url":"https:\/\/insightcrime.org\/es\/noticias-crimen-organizado-brasil\/brasil\/","url_meta":{"origin":164186,"position":4},"title":"Perfil de Brasil","author":"InSight Crime","date":"24 de noviembre de 2023","format":false,"excerpt":"Brasil, la econom\u00eda m\u00e1s grande de Latinoam\u00e9rica, ha experimentado algunos importantes avances de seguridad en los \u00faltimos a\u00f1os, quitando de las manos de pandillas criminales a decenas de comunidades en Rio de Janeiro a trav\u00e9s de su novedoso programa de seguridad llamado UPP. No obstante, \u00e9ste enfrenta una seria amenaza\u2026","rel":"","context":"En \u00abBrasil\u00bb","block_context":{"text":"Brasil","link":"https:\/\/insightcrime.org\/es\/category\/noticias-crimen-organizado-brasil\/"},"img":{"alt_text":"","src":"https:\/\/i0.wp.com\/insightcrime.org\/wp-content\/uploads\/2013\/04\/BRAZIL2-articleLarge-2.jpg?fit=450%2C350&quality=100&ssl=1&resize=350%2C200","width":350,"height":200},"classes":[]},{"id":165038,"url":"https:\/\/insightcrime.org\/es\/noticias\/escuadron-justicieros-violento-mensaje-frontera-brasil-paraguay\/","url_meta":{"origin":164186,"position":5},"title":"Escuadr\u00f3n de justicieros deja violento mensaje en la frontera Brasil-Paraguay","author":"Alessandro Ford","date":"9 de agosto de 2021","format":false,"excerpt":"Un misterioso escuadr\u00f3n de justicieros que opera en la frontera entre Brasil y Paraguay est\u00e1 matando a supuestos ladrones y dejando notas junto a sus cuerpos mutilados, un macabro mensaje incluso en una regi\u00f3n sumida en la violencia del narcotr\u00e1fico.","rel":"","context":"En \u00abNoticias\u00bb","block_context":{"text":"Noticias","link":"https:\/\/insightcrime.org\/es\/category\/noticias\/"},"img":{"alt_text":"","src":"https:\/\/i0.wp.com\/insightcrime.org\/wp-content\/uploads\/2021\/08\/bilhete-morte-320x207-copy.jpeg?fit=350%2C250&quality=100&ssl=1&resize=350%2C200","width":350,"height":200},"classes":[]}],"jetpack_featured_media_url":"https:\/\/i0.wp.com\/insightcrime.org\/wp-content\/uploads\/2026\/08\/Grupo-Criminal-Bala-na-Cara-Brasil.jpg?fit=1200%2C900&quality=100&ssl=1","_links":{"self":[{"href":"https:\/\/insightcrime.org\/es\/wp-json\/wp\/v2\/posts\/164186","targetHints":{"allow":["GET"]}}],"collection":[{"href":"https:\/\/insightcrime.org\/es\/wp-json\/wp\/v2\/posts"}],"about":[{"href":"https:\/\/insightcrime.org\/es\/wp-json\/wp\/v2\/types\/post"}],"author":[{"embeddable":true,"href":"https:\/\/insightcrime.org\/es\/wp-json\/wp\/v2\/users\/2"}],"replies":[{"embeddable":true,"href":"https:\/\/insightcrime.org\/es\/wp-json\/wp\/v2\/comments?post=164186"}],"version-history":[{"count":6,"href":"https:\/\/insightcrime.org\/es\/wp-json\/wp\/v2\/posts\/164186\/revisions"}],"predecessor-version":[{"id":336472,"href":"https:\/\/insightcrime.org\/es\/wp-json\/wp\/v2\/posts\/164186\/revisions\/336472"}],"wp:featuredmedia":[{"embeddable":true,"href":"https:\/\/insightcrime.org\/es\/wp-json\/wp\/v2\/media\/349030"}],"wp:attachment":[{"href":"https:\/\/insightcrime.org\/es\/wp-json\/wp\/v2\/media?parent=164186"}],"wp:term":[{"taxonomy":"category","embeddable":true,"href":"https:\/\/insightcrime.org\/es\/wp-json\/wp\/v2\/categories?post=164186"},{"taxonomy":"post_tag","embeddable":true,"href":"https:\/\/insightcrime.org\/es\/wp-json\/wp\/v2\/tags?post=164186"},{"taxonomy":"newspack_spnsrs_tax","embeddable":true,"href":"https:\/\/insightcrime.org\/es\/wp-json\/wp\/v2\/newspack_spnsrs_tax?post=164186"},{"taxonomy":"author","embeddable":true,"href":"https:\/\/insightcrime.org\/es\/wp-json\/wp\/v2\/coauthors?post=164186"}],"curies":[{"name":"wp","href":"https:\/\/api.w.org\/{rel}","templated":true}]}}