{"id":165787,"date":"2021-08-19T12:05:52","date_gmt":"2021-08-19T17:05:52","guid":{"rendered":"https:\/\/insightcrime.org\/?p=165787"},"modified":"2023-03-02T15:31:41","modified_gmt":"2023-03-02T20:31:41","slug":"urabenos-pachenca-lucha-puertos-santa-marta-colombia","status":"publish","type":"post","link":"https:\/\/insightcrime.org\/es\/noticias\/urabenos-pachenca-lucha-puertos-santa-marta-colombia\/","title":{"rendered":"Gaitanistas vs. Pachenca: la lucha por los puertos de Santa Marta en Colombia"},"content":{"rendered":"\n<p class=\"wp-block-paragraph\">La ciudad de Santa Marta, al norte de Colombia, ha visto un aumento impactante de asesinatos este a\u00f1o a medida que pandillas m\u00e1s peque\u00f1as est\u00e1n siendo reclutadas en una disputa de drogas a mayor escala.<\/p>\n\n\n\n<p class=\"wp-block-paragraph\">Seg\u00fan el medio W Radio, hasta principios de agosto de este a\u00f1o, 101 personas hab\u00edan sido <a href=\"https:\/\/www.wradio.com.co\/noticias\/regionales\/homicidios-responden-a-estrategia-criminal-de-clan-del-golfo-defensores-de-ddhh\/20210806\/nota\/4156618.aspx\">asesinadas<\/a> con armas de fuego en Santa Marta, capital del departamento de Magdalena. La cifra es apenas comparable con las 105 personas <a href=\"https:\/\/caracol.com.co\/emisora\/2020\/11\/12\/santa_marta\/1605186429_260272.html\">asesinadas<\/a> hasta noviembre de 2020, seg\u00fan datos de la Fiscal\u00eda, recogidas por Caracol Radio.<\/p>\n\n\n\n<p class=\"wp-block-paragraph\">Expertos en derechos humanos de la ciudad <a href=\"https:\/\/www.wradio.com.co\/noticias\/regionales\/homicidios-responden-a-estrategia-criminal-de-clan-del-golfo-defensores-de-ddhh\/20210806\/nota\/4156618.aspx\" target=\"_blank\" rel=\"noreferrer noopener\">atribuyeron<\/a> el aumento de la violencia a la expansi\u00f3n en Santa Marta de una de las mayores bandas criminales de Colombia, Los Gaitanistas, tambi\u00e9n conocidos como Clan del Golfo, Urabe\u00f1os y Autodefensas Gaitanistas de Colombia (AGC). Las AGC habr\u00edan estado reclutando pandillas m\u00e1s peque\u00f1as en la ciudad para trabajar para ellos, una <a href=\"https:\/\/www.elpais.com.co\/opinion\/columnistas\/gustavo-duncan\/hasta-donde-franquicias.html\" target=\"_blank\" rel=\"noreferrer noopener\">t\u00e1ctica<\/a> com\u00fan que usan en todo el pa\u00eds.<\/p>\n\n\n\n<blockquote class=\"wp-block-quote is-layout-flow wp-block-quote-is-layout-flow\">\n<p class=\"wp-block-paragraph\"><strong><span style=\"color:#b40026\" class=\"has-inline-color\">VEA TAMBI\u00c9N:<\/span> <\/strong><a href=\"https:\/\/es.insightcrime.org\/noticias-crimen-organizado-colombia\/comandos-de-la-frontera\/\">Noticias y perfil de Colombia<\/a><\/p>\n<\/blockquote>\n\n\n\n<p class=\"wp-block-paragraph\">Su estrategia los ha puesto en disputa con las Autodefensas Conquistadoras de la Sierra Nevada, tambi\u00e9n conocidos como Los Pachenca, un clan predominantemente familiar que ha estado en la regi\u00f3n desde la creaci\u00f3n de los grupos de <a href=\"https:\/\/es.insightcrime.org\/noticias\/pachenca-reaparecen-tras-retorno-lider-colombia\/\">autodefensa<\/a> en los a\u00f1os ochenta, para combatir las guerrillas colombianas.<\/p>\n\n\n\n<p class=\"wp-block-paragraph\">Esta disputa ha estado en<a href=\"https:\/\/www.elheraldo.co\/magdalena\/alerta-en-santa-marta-por-disputa-entre-los-pachenca-y-clan-del-golfo-648180\"> curso<\/a> desde 2019, pero las AGC parecen haber <a href=\"https:\/\/www.elheraldo.co\/magdalena\/caen-cinco-miembros-del-clan-del-golfo-en-santa-marta-840153\" target=\"_blank\" rel=\"noreferrer noopener\">intensificado<\/a> los intentos de controlar la ciudad en 2021. Seg\u00fan los investigadores citados por <a href=\"https:\/\/www.elespectador.com\/judicial\/clan-del-golfo-vs-los-pachenca-la-disputa-en-la-costa-caribe-por-el-vacio-que-deja-la-silla-article\/\" target=\"_blank\" rel=\"noreferrer noopener\">El Espectador<\/a>, Los Pachenca todav\u00eda dominan la ciudad, controlando el 40 por ciento del microtr\u00e1fico, otro 40 por ciento est\u00e1 dirigido por una pandilla liderada por el capo local, Elkin L\u00f3pez, alias \u00abLa Silla\u00bb, y las AGC controlan alrededor del 10 por ciento.<\/p>\n\n\n\n<h2 class=\"wp-block-heading\" id=\"h-analisis-de-insight-crime\">An\u00e1lisis de InSight Crime<\/h2>\n\n\n\n<p class=\"wp-block-paragraph\">Tanto las AGC como Los Pachenca han sufrido algunos reveses en los \u00faltimos a\u00f1os, y Santa Marta parece ser un punto crucial que no pueden permitirse perder.<\/p>\n\n\n\n<p class=\"wp-block-paragraph\">Las autoridades colombianas han estado haciendo todo lo posible para capturar al l\u00edder de las AGC, Dairo Antonio \u00dasuga, alias \u00ab<a href=\"https:\/\/es.insightcrime.org\/noticias\/analisis\/autoridades-colombia-no-dan-respiro-a-cupula-urabenos\/\" target=\"_blank\" rel=\"noreferrer noopener\">Otoniel<\/a>\u00ab, uno de los hombres m\u00e1s buscados del pa\u00eds, arrestando repetidamente a sus <a href=\"https:\/\/www.reuters.com\/article\/us-colombia-drugs-idUSKBN2BA2EL\" target=\"_blank\" rel=\"noreferrer noopener\">familiares<\/a> y <a href=\"https:\/\/www.elespectador.com\/judicial\/capturado-gordo-rufla-hombre-de-confianza-de-otoniel\/\" target=\"_blank\" rel=\"noreferrer noopener\">aliados<\/a> m\u00e1s cercanos.<\/p>\n\n\n\n<p class=\"wp-block-paragraph\">Pero el grupo en s\u00ed se ha expandido en 2021, utilizando t\u00e1cticas de franquicias para afirmar el control del microtr\u00e1fico en ciudades cruciales como Santa Marta y <a href=\"https:\/\/www.elheraldo.co\/judicial\/capturan-turbina-en-barranquilla-presunto-cabecilla-del-clan-del-golfo-828384\" target=\"_blank\" rel=\"noreferrer noopener\">Barranquilla<\/a>. Las AGC incluso se han <a href=\"https:\/\/es.insightcrime.org\/noticias\/noticias-del-dia\/nueva-alianza-criminal-combate-al-eln-en-la-frontera-colombia-venezuela\/\" target=\"_blank\" rel=\"noreferrer noopener\">asentado<\/a> en la vecina Venezuela como parte de una alianza criminal con otro grupo, Los <a href=\"https:\/\/es.insightcrime.org\/noticias-crimen-organizado-colombia\/rastrojos-perfil\/\" target=\"_blank\" rel=\"noreferrer noopener\">Rastrojos<\/a>.<\/p>\n\n\n\n<p class=\"wp-block-paragraph\">Adem\u00e1s de esto, ganar el control de Santa Marta, una de las principales ciudades del norte de Colombia en la costa, permitir\u00eda a las AGC <a href=\"https:\/\/es.insightcrime.org\/noticias\/analisis\/urabenos-narcotrafico-colombia\/\" target=\"_blank\" rel=\"noreferrer noopener\">expandir<\/a> sus env\u00edos de coca\u00edna hacia el norte a trav\u00e9s del Caribe.<\/p>\n\n\n\n<blockquote class=\"wp-block-quote is-layout-flow wp-block-quote-is-layout-flow\">\n<p class=\"wp-block-paragraph\"><mark style=\"background-color:rgba(0, 0, 0, 0);color:#b40026\" class=\"has-inline-color\"><strong>VEA TAMBI\u00c9N:<\/strong><\/mark> <a href=\"https:\/\/es.insightcrime.org\/noticias\/noticias-del-dia\/los-pachenca-buscan-traficar-drogas-en-el-extremo-norte-de-colombia\/\">Los Pachenca buscan traficar drogas en el extremo norte de Colombia<\/a><\/p>\n<\/blockquote>\n\n\n\n<p class=\"wp-block-paragraph\">Los Pachenca son probablemente menos ambiciosos. Un grupo m\u00e1s peque\u00f1o, que nunca se ha recuperado completamente de la <a href=\"https:\/\/es.insightcrime.org\/noticias\/analisis\/muere-lider-pachenca-futuro-colombia\/\" target=\"_blank\" rel=\"noreferrer noopener\">muerte<\/a> de unos de sus comandantes, Jes\u00fas Mar\u00eda Aguirre Gallego, alias \u00abChucho Mercanc\u00eda\u00bb, baleado por las autoridades colombianas en junio de 2019.<\/p>\n\n\n\n<p class=\"wp-block-paragraph\">El grupo ha controlado los env\u00edos de drogas a trav\u00e9s de Centroam\u00e9rica y el Caribe, pero nunca en una escala comparable a la de las AGC.<\/p>\n\n\n\n<p class=\"wp-block-paragraph\">Como tal, Santa Marta, su hist\u00f3rica base de poder, es una fuente de ingresos necesaria del narcotr\u00e1fico y la extorsi\u00f3n. En 2020, InSight Crime inform\u00f3 que Los Pachenca estaban haciendo un movimiento hacia la pen\u00ednsula de La Guajira al este de Santa Marta. Sin embargo, varios <a href=\"https:\/\/www.elheraldo.co\/la-guajira\/capturan-14-personas-que-estarian-vinculadas-con-el-grupo-los-pachencas-774829\" target=\"_blank\" rel=\"noreferrer noopener\">arrestos<\/a> pueden haber frustrado ese intento.<\/p>\n\n\n\n<p class=\"wp-block-paragraph\">De acuerdo con Lerber Dimas, investigador y profesor de la Universidad del Magdalena, hay una \u201creorganizaci\u00f3n\u201d del territorio, en el que grupos como las AGC y Los Pachenca intentan cooptar espacios donde econom\u00edas como el microtr\u00e1fico y la extorsi\u00f3n puedan ser controlados por un actor, as\u00ed como garantizarse el acceso a los puertos en la zona norte del Caribe colombiano, lo que podr\u00eda justificar el incremento de homicidios.<\/p>\n\n\n\n<p class=\"wp-block-paragraph\">\u201cLa estrategia del clan del Golfo ha sido identificar esas peque\u00f1as estructuras barriales [\u2026] ha llegado a dotarlos de franquicias y nombres, para que ellos empiecen a eliminar la competencia, sacar grupos m\u00e1s peque\u00f1os y restarle espacios a otra organizaci\u00f3n criminal como las Autodefensas Conquistadoras de la Sierra Nevada\u201d, explic\u00f3 Dimas a InSight Crime.<\/p>\n","protected":false},"excerpt":{"rendered":"<p>La ciudad de Santa Marta, al norte de Colombia, ha visto un aumento impactante de asesinatos este a\u00f1o a medida que pandillas m\u00e1s peque\u00f1as est\u00e1n siendo reclutadas en una disputa de drogas a mayor escala.<\/p>\n","protected":false},"author":172,"featured_media":165857,"comment_status":"closed","ping_status":"closed","sticky":false,"template":"","format":"standard","meta":{"newspack_ads_suppress_ads":false,"newspack_popups_has_disabled_popups":false,"newspack_sponsor_sponsorship_scope":"","newspack_sponsor_native_byline_display":"inherit","newspack_sponsor_native_category_display":"inherit","newspack_sponsor_underwriter_style":"inherit","newspack_sponsor_underwriter_placement":"inherit","_EventAllDay":false,"_EventTimezone":"","_EventStartDate":"","_EventEndDate":"","_EventStartDateUTC":"","_EventEndDateUTC":"","_EventShowMap":false,"_EventShowMapLink":false,"_EventURL":"","_EventCost":"","_EventCostDescription":"","_EventCurrencySymbol":"","_EventCurrencyCode":"","_EventCurrencyPosition":"","_EventDateTimeSeparator":"","_EventTimeRangeSeparator":"","_EventOrganizerID":[],"_EventVenueID":[],"_OrganizerEmail":"","_OrganizerPhone":"","_OrganizerWebsite":"","_VenueAddress":"","_VenueCity":"","_VenueCountry":"","_VenueProvince":"","_VenueState":"","_VenueZip":"","_VenuePhone":"","_VenueURL":"","_VenueStateProvince":"","_VenueLat":"","_VenueLng":"","_VenueShowMap":false,"_VenueShowMapLink":false,"_newspack_byline_active":false,"_newspack_byline":"","newspack_hide_updated_date":false,"newspack_show_updated_date":false,"newspack_featured_image_position":"","newspack_post_subtitle":"","newspack_article_summary_title":"Overview:","newspack_article_summary":"","_jetpack_memberships_contains_paid_content":false,"footnotes":""},"categories":[759],"tags":[3412,368,2927],"newspack_spnsrs_tax":[],"coauthors":[4133],"class_list":["post-165787","post","type-post","status-publish","format-standard","has-post-thumbnail","hentry","category-noticias","tag-cocaina","tag-colombia-pais","tag-gaitanistas","entry"],"parsely":{"version":"1.1.0","canonical_url":"https:\/\/insightcrime.org\/es\/noticias\/urabenos-pachenca-lucha-puertos-santa-marta-colombia\/","smart_links":{"inbound":0,"outbound":0},"traffic_boost_suggestions_count":0,"meta":{"@context":"https:\/\/schema.org","@type":"NewsArticle","headline":"Gaitanistas vs. Pachenca: la lucha por los puertos de Santa Marta en Colombia","url":"http:\/\/insightcrime.org\/es\/noticias\/urabenos-pachenca-lucha-puertos-santa-marta-colombia\/","mainEntityOfPage":{"@type":"WebPage","@id":"http:\/\/insightcrime.org\/es\/noticias\/urabenos-pachenca-lucha-puertos-santa-marta-colombia\/"},"thumbnailUrl":"https:\/\/i0.wp.com\/insightcrime.org\/wp-content\/uploads\/2021\/08\/homicidios.jpg?resize=150%2C150&quality=100&ssl=1","image":{"@type":"ImageObject","url":"https:\/\/i0.wp.com\/insightcrime.org\/wp-content\/uploads\/2021\/08\/homicidios.jpg?fit=350%2C250&quality=100&ssl=1"},"articleSection":"Noticias","author":[{"@type":"Person","name":"Juan Diego Posada"}],"creator":["Juan Diego Posada"],"publisher":{"@type":"Organization","name":"InSight Crime","logo":"https:\/\/insightcrime.org\/wp-content\/uploads\/2023\/08\/logo.png"},"keywords":["coca\u00edna","colombia","gaitanistas"],"dateCreated":"2021-08-19T17:05:52Z","datePublished":"2021-08-19T17:05:52Z","dateModified":"2023-03-02T20:31:41Z"},"rendered":"<meta name=\"parsely-title\" content=\"Gaitanistas vs. Pachenca: la lucha por los puertos de Santa Marta en Colombia\" \/>\n<meta name=\"parsely-link\" content=\"http:\/\/insightcrime.org\/es\/noticias\/urabenos-pachenca-lucha-puertos-santa-marta-colombia\/\" \/>\n<meta name=\"parsely-type\" content=\"post\" \/>\n<meta name=\"parsely-image-url\" content=\"https:\/\/i0.wp.com\/insightcrime.org\/wp-content\/uploads\/2021\/08\/homicidios.jpg?resize=150%2C150&amp;quality=100&amp;ssl=1\" \/>\n<meta name=\"parsely-pub-date\" content=\"2021-08-19T17:05:52Z\" \/>\n<meta name=\"parsely-section\" content=\"Noticias\" \/>\n<meta name=\"parsely-tags\" content=\"coca\u00edna,colombia,gaitanistas\" \/>\n<meta name=\"parsely-author\" content=\"Juan Diego Posada\" \/>","tracker_url":"https:\/\/cdn.parsely.com\/keys\/insightcrime.org\/p.js"},"jetpack_sharing_enabled":true,"jetpack-related-posts":[{"id":137620,"url":"https:\/\/insightcrime.org\/es\/noticias\/pachenca-reaparecen-tras-retorno-lider-colombia\/","url_meta":{"origin":165787,"position":0},"title":"Los Pachenca reaparecen tras el retorno de su l\u00edder a Colombia","author":"Juan Diego Posada","date":"18 de marzo de 2021","format":false,"excerpt":"El retorno del hist\u00f3rico l\u00edder paramilitar Hern\u00e1n Giraldo habr\u00eda unificado la aparici\u00f3n del grupo al norte de Colombia, aunque desde hace a\u00f1os este pierde poder en terreno. Cambios de nombre, rendici\u00f3n y disputas con redes criminales, rodean hoy el escenario de los Pachenca.","rel":"","context":"En \u00abNoticias\u00bb","block_context":{"text":"Noticias","link":"https:\/\/insightcrime.org\/es\/category\/noticias\/"},"img":{"alt_text":"Hern\u00e1n Giraldo es custodiado por guardias colombianos","src":"https:\/\/i0.wp.com\/insightcrime.org\/wp-content\/uploads\/2021\/03\/giraldo_hernan.jpg?fit=350%2C250&quality=100&ssl=1&resize=350%2C200","width":350,"height":200},"classes":[]},{"id":126270,"url":"https:\/\/insightcrime.org\/es\/noticias\/los-pachenca-buscan-traficar-drogas-en-el-extremo-norte-de-colombia\/","url_meta":{"origin":165787,"position":1},"title":"Los Pachenca buscan traficar drogas en el extremo norte de Colombia","author":"Diego Garcia","date":"30 de octubre de 2020","format":false,"excerpt":"Una incautaci\u00f3n de 14 toneladas de coca\u00edna ha dejado en evidencia a una red de tr\u00e1fico que vincula al grupo colombiano Los Pachenca con una peque\u00f1a organizaci\u00f3n de tr\u00e1fico en la pen\u00ednsula de La Guajira, una regi\u00f3n \u00e1rida y remota al norte de Colombia, ideal para traficar drogas por el\u2026","rel":"","context":"En \u00abNoticias\u00bb","block_context":{"text":"Noticias","link":"https:\/\/insightcrime.org\/es\/category\/noticias\/"},"img":{"alt_text":"","src":"https:\/\/i0.wp.com\/insightcrime.org\/wp-content\/uploads\/2020\/10\/KWGDTKMKDZFJFHZCC6QNM275XU.jpeg?fit=350%2C250&quality=100&ssl=1&resize=350%2C200","width":350,"height":200},"classes":[]},{"id":177032,"url":"https:\/\/insightcrime.org\/es\/noticias\/balance-insight-crime-homicidios-2021\/","url_meta":{"origin":165787,"position":2},"title":"Balance de InSight Crime de los homicidios en 2021","author":"InSight Crime","date":"1 de febrero de 2022","format":false,"excerpt":"En 2021, la mayor parte de los pa\u00edses de Am\u00e9rica Latina experimentaron un acentuado aumento en los asesinatos. Era de esperarse que la violencia resurgiera en la regi\u00f3n, despu\u00e9s del levantamiento de algunos de los confinamientos por COVID-19 m\u00e1s estrictos del mundo","rel":"","context":"En \u00abNoticias\u00bb","block_context":{"text":"Noticias","link":"https:\/\/insightcrime.org\/es\/category\/noticias\/"},"img":{"alt_text":"","src":"https:\/\/i0.wp.com\/insightcrime.org\/wp-content\/uploads\/2022\/01\/Cover-Homicidios_InSight-Crime_Map_Jan-2021.jpg?fit=1200%2C683&quality=100&ssl=1&resize=350%2C200","width":350,"height":200,"srcset":"https:\/\/i0.wp.com\/insightcrime.org\/wp-content\/uploads\/2022\/01\/Cover-Homicidios_InSight-Crime_Map_Jan-2021.jpg?fit=1200%2C683&quality=100&ssl=1&resize=350%2C200 1x, https:\/\/i0.wp.com\/insightcrime.org\/wp-content\/uploads\/2022\/01\/Cover-Homicidios_InSight-Crime_Map_Jan-2021.jpg?fit=1200%2C683&quality=100&ssl=1&resize=525%2C300 1.5x, https:\/\/i0.wp.com\/insightcrime.org\/wp-content\/uploads\/2022\/01\/Cover-Homicidios_InSight-Crime_Map_Jan-2021.jpg?fit=1200%2C683&quality=100&ssl=1&resize=700%2C400 2x, https:\/\/i0.wp.com\/insightcrime.org\/wp-content\/uploads\/2022\/01\/Cover-Homicidios_InSight-Crime_Map_Jan-2021.jpg?fit=1200%2C683&quality=100&ssl=1&resize=1050%2C600 3x"},"classes":[]},{"id":274744,"url":"https:\/\/insightcrime.org\/es\/noticias\/violencia-valle-del-cauca-evidencia-aumento-masacres-pandilleras-colombia\/","url_meta":{"origin":165787,"position":3},"title":"La violencia en Valle del Cauca evidencia el aumento de las masacres pandilleras en Colombia","author":"Sergio Saffon","date":"30 de abril de 2024","format":false,"excerpt":"Una serie de masacres en el departamento del Valle del Cauca, en el suroeste de Colombia, ilustra c\u00f3mo las bandas criminales urbanas emplean cada vez m\u00e1s una forma de violencia que antes se asociaba a los principales grupos armados del pa\u00eds.","rel":"","context":"En \u00abNoticias\u00bb","block_context":{"text":"Noticias","link":"https:\/\/insightcrime.org\/es\/category\/noticias\/"},"img":{"alt_text":"Authorities move the bodies of the victims of one gang massacre in Valle del Cauca, Colombia.","src":"https:\/\/i0.wp.com\/insightcrime.org\/wp-content\/uploads\/2023\/08\/image-2-1.png?fit=350%2C250&quality=100&ssl=1&resize=350%2C200","width":350,"height":200},"classes":[]},{"id":145450,"url":"https:\/\/insightcrime.org\/es\/noticias\/sangrientos-asesinatos-indican-escalada-violencia-criminal-ecuador\/","url_meta":{"origin":165787,"position":4},"title":"Sangrientos asesinatos indican escalada de violencia criminal en Ecuador","author":"Alex Papadovassilakis","date":"20 de mayo de 2021","format":false,"excerpt":"Una serie de sangrientos asesinatos selectivos en Ecuador muestra c\u00f3mo la violencia entre las pandillas criminales del pa\u00eds sigue fuera de control.","rel":"","context":"En \u00abNoticias\u00bb","block_context":{"text":"Noticias","link":"https:\/\/insightcrime.org\/es\/category\/noticias\/"},"img":{"alt_text":"","src":"https:\/\/i0.wp.com\/insightcrime.org\/wp-content\/uploads\/2021\/05\/WEB3-ECUADOR-CRIME-Policia-Nacional-Ecuador.jpg?fit=350%2C250&quality=100&ssl=1&resize=350%2C200","width":350,"height":200},"classes":[]},{"id":202733,"url":"https:\/\/insightcrime.org\/es\/noticias\/guerra-pandillas-record-asesinatos-norte-ecuador\/","url_meta":{"origin":165787,"position":5},"title":"Guerra de pandillas rompe r\u00e9cord de asesinatos al norte de Ecuador","author":"Javier Lizcano Villalba","date":"28 de octubre de 2022","format":false,"excerpt":"El aumento de los homicidios en Ecuador ultima consecuencia de la guerra entre pandillas","rel":"","context":"En \u00abNoticias\u00bb","block_context":{"text":"Noticias","link":"https:\/\/insightcrime.org\/es\/category\/noticias\/"},"img":{"alt_text":"Polic\u00edas supervisando la destrucci\u00f3n de droga y pandilleros detenidos","src":"https:\/\/i0.wp.com\/insightcrime.org\/wp-content\/uploads\/2022\/10\/pandillas-en-ecuador-implicadas-en-masacres.webp?fit=350%2C250&quality=100&ssl=1&resize=350%2C200","width":350,"height":200},"classes":[]}],"jetpack_featured_media_url":"https:\/\/i0.wp.com\/insightcrime.org\/wp-content\/uploads\/2021\/08\/homicidios.jpg?fit=350%2C250&quality=100&ssl=1","_links":{"self":[{"href":"https:\/\/insightcrime.org\/es\/wp-json\/wp\/v2\/posts\/165787","targetHints":{"allow":["GET"]}}],"collection":[{"href":"https:\/\/insightcrime.org\/es\/wp-json\/wp\/v2\/posts"}],"about":[{"href":"https:\/\/insightcrime.org\/es\/wp-json\/wp\/v2\/types\/post"}],"author":[{"embeddable":true,"href":"https:\/\/insightcrime.org\/es\/wp-json\/wp\/v2\/users\/172"}],"replies":[{"embeddable":true,"href":"https:\/\/insightcrime.org\/es\/wp-json\/wp\/v2\/comments?post=165787"}],"version-history":[{"count":5,"href":"https:\/\/insightcrime.org\/es\/wp-json\/wp\/v2\/posts\/165787\/revisions"}],"predecessor-version":[{"id":211891,"href":"https:\/\/insightcrime.org\/es\/wp-json\/wp\/v2\/posts\/165787\/revisions\/211891"}],"wp:featuredmedia":[{"embeddable":true,"href":"https:\/\/insightcrime.org\/es\/wp-json\/wp\/v2\/media\/165857"}],"wp:attachment":[{"href":"https:\/\/insightcrime.org\/es\/wp-json\/wp\/v2\/media?parent=165787"}],"wp:term":[{"taxonomy":"category","embeddable":true,"href":"https:\/\/insightcrime.org\/es\/wp-json\/wp\/v2\/categories?post=165787"},{"taxonomy":"post_tag","embeddable":true,"href":"https:\/\/insightcrime.org\/es\/wp-json\/wp\/v2\/tags?post=165787"},{"taxonomy":"newspack_spnsrs_tax","embeddable":true,"href":"https:\/\/insightcrime.org\/es\/wp-json\/wp\/v2\/newspack_spnsrs_tax?post=165787"},{"taxonomy":"author","embeddable":true,"href":"https:\/\/insightcrime.org\/es\/wp-json\/wp\/v2\/coauthors?post=165787"}],"curies":[{"name":"wp","href":"https:\/\/api.w.org\/{rel}","templated":true}]}}