{"id":167545,"date":"2021-09-15T09:45:54","date_gmt":"2021-09-15T14:45:54","guid":{"rendered":"https:\/\/insightcrime.org\/?p=167545"},"modified":"2021-09-19T19:53:53","modified_gmt":"2021-09-20T00:53:53","slug":"propiedades-memo-fantasma-colombia-destinaran-reparacion-victimas","status":"publish","type":"post","link":"https:\/\/insightcrime.org\/es\/noticias\/propiedades-memo-fantasma-colombia-destinaran-reparacion-victimas\/","title":{"rendered":"Propiedades de Memo Fantasma en Colombia se destinar\u00e1n a reparaci\u00f3n de v\u00edctimas"},"content":{"rendered":"\n<p class=\"wp-block-paragraph\">Docenas de propiedades y otros bienes expropiados a Memo Fantasma, uno de los mayores narcos de Colombia, se usar\u00e1n para apoyar a quienes han sufrido por la violencia en el pa\u00eds.<\/p>\n\n\n\n<p class=\"wp-block-paragraph\">El 14 de septiembre, la Fiscal\u00eda General de Colombia <a href=\"https:\/\/www.fiscalia.gov.co\/colombia\/noticias\/fiscalia-entrego-bienes-de-memo-fantasma-para-la-reparacion-a-las-victimas-de-las-autodefensas-por-mas-de-10-800-millones\/\" target=\"_blank\" rel=\"noreferrer noopener nofollow\">anunci\u00f3<\/a>&nbsp;que entregar\u00eda tres oficinas y 20 estacionamientos ubicados en Bogot\u00e1 al Fondo para la Reparaci\u00f3n a las V\u00edctimas.<\/p>\n\n\n\n<p class=\"wp-block-paragraph\">Las tres oficinas, ubicadas en la <a href=\"https:\/\/es.insightcrime.org\/investigaciones\/memo-fantasma-rastros-dinero\/\" target=\"_blank\" rel=\"noreferrer noopener\">Torre 85<\/a>, fueron avaluadas en 9.800 millones de pesos colombianos (US$2,1 millones) y los 20 estacionamientos, en mil millones de pesos colombianos (US$220.000). Esos bienes son una fracci\u00f3n del patrimonio tomado de Guillermo Le\u00f3n Acevedo Giraldo,&nbsp;<a href=\"https:\/\/es.insightcrime.org\/investigaciones\/el-narcotraficante-invisible-tras-las-huellas-de-memo-fantasma\/\" target=\"_blank\" rel=\"noreferrer noopener\">alias \u201cMemo Fantasma\u201d<\/a>,&nbsp;exjefe paramilitar y veterano narcotraficante, a quien InSight Crime&nbsp;<a href=\"https:\/\/es.insightcrime.org\/investigaciones\/los-invisibles-de-la-droga\/\" target=\"_blank\" rel=\"noreferrer noopener\">identific\u00f3<\/a>&nbsp;y ubic\u00f3 en 2020 en Madrid, donde viv\u00eda en la opulencia.<\/p>\n\n\n\n<p class=\"wp-block-paragraph\">Acevedo fue <a href=\"https:\/\/insightcrime.org\/es\/noticias\/memo-fantasma-sombra-hampa-colombia-capturado-bogota\/\" target=\"_blank\" rel=\"noreferrer noopener\">detenido<\/a>&nbsp;en Bogot\u00e1 en junio de 2021. Su cartera de activos en varios lugares de Colombia se valoraba en 66.600 millones de pesos colombianos (US$17,3 millones),&nbsp;<a href=\"https:\/\/www.fiscalia.gov.co\/colombia\/noticias\/fiscalia-entrego-bienes-de-memo-fantasma-para-la-reparacion-a-las-victimas-de-las-autodefensas-por-mas-de-10-800-millones\/\" target=\"_blank\" rel=\"noreferrer noopener\">seg\u00fan<\/a>&nbsp;la Fiscal\u00eda General.<\/p>\n\n\n\n<blockquote class=\"wp-block-quote is-layout-flow wp-block-quote-is-layout-flow\"><p><strong><span style=\"color:#b40026\" class=\"has-inline-color\"><strong>VEA TAMBI\u00c9N<\/strong>:<\/span><\/strong> <a href=\"https:\/\/es.insightcrime.org\/noticias\/analisis\/como-memo-fantasma-le-vendio-un-inmueble-a-la-empresa-familiar-de-la-vicepresidenta-de-colombia\/\" target=\"_blank\" rel=\"noreferrer noopener\">C\u00f3mo \u2018Memo Fantasma\u2019 le vendi\u00f3 un inmueble a la empresa familiar de la vicepresidenta de Colombia<\/a><\/p><\/blockquote>\n\n\n\n<p class=\"wp-block-paragraph\">Ese es uno de varios traslados de bienes de la mafia al Fondo de Reparaci\u00f3n de V\u00edctimas.<\/p>\n\n\n\n<p class=\"wp-block-paragraph\">En agosto, tambi\u00e9n se <a href=\"https:\/\/www.notimerica.com\/politica\/noticia-colombia-fondo-reparacion-victimas-conflicto-colombiano-recibe-seis-millones-euros-paramilitares-20210822152311.html\" target=\"_blank\" rel=\"noreferrer noopener nofollow\">transfirieron<\/a>&nbsp;al Fondo propiedades por valor de US$7,7 millones, vinculadas a las Autodefensas Unidas de Colombia (<a href=\"https:\/\/es.insightcrime.org\/tag\/las-auc\/\" target=\"_blank\" rel=\"noreferrer noopener\">AUC<\/a>), grupo al que Acevedo perteneci\u00f3.<\/p>\n\n\n\n<p class=\"wp-block-paragraph\">El fondo usa ese capital de varias formas: desde subsidios para la conformaci\u00f3n de nuevas empresas, como <a href=\"https:\/\/www.unidadvictimas.gov.co\/es\/retornos-y-reubicaciones-unidosporlapaz\/victimas-de-antioquia-recibiran-en-septiembre-dotaciones\" target=\"_blank\" rel=\"noreferrer noopener nofollow\">sucedi\u00f3<\/a>&nbsp;con 302 familias en Antioquia en el mes de septiembre, hasta la <a href=\"https:\/\/www.unidadvictimas.gov.co\/es\/retornos-y-reubicaciones-unidosporlapaz\/mercancia-incautada-por-la-dian-fue-donada-victimas-del\" target=\"_blank\" rel=\"noreferrer noopener nofollow\">distribuci\u00f3n de bienes<\/a>&nbsp;expropiados a los narcotraficantes.<\/p>\n\n\n\n<h2 class=\"wp-block-heading\" id=\"h-an-lisis-de-insight-crime\">An\u00e1lisis de InSight Crime<\/h2>\n\n\n\n<p class=\"wp-block-paragraph\">Como parte de su investigaci\u00f3n, que devel\u00f3 la vida de Memo Fantasma en Madrid, InSight Crime&nbsp;<a href=\"https:\/\/es.insightcrime.org\/investigaciones\/memo-fantasma-rastros-dinero\/\" target=\"_blank\" rel=\"noreferrer noopener\">revel\u00f3<\/a>&nbsp;que Acevedo hab\u00eda adquirido una serie de predios que m\u00e1s adelante se convirtieron en Torre 85, usando los nombres de su madre y su abuela, Margoth de Jes\u00fas Giraldo Ram\u00edrez y Mar\u00eda Enriqueta Ram\u00edrez. Ambas <a href=\"https:\/\/caracol.com.co\/radio\/2021\/06\/29\/judicial\/1624920212_031574.html\" target=\"_blank\" rel=\"noreferrer noopener nofollow\">enfrentan<\/a>&nbsp;cargos de lavado de activos, aunque se han declarado inocentes. Acevedo&nbsp;<a href=\"https:\/\/es.insightcrime.org\/noticias\/analisis\/como-memo-fantasma-le-vendio-un-inmueble-a-la-empresa-familiar-de-la-vicepresidenta-de-colombia\/\" target=\"_blank\" rel=\"noreferrer noopener\">se asoci\u00f3<\/a>&nbsp;con Hitos Urbanos Limitada, firma de propiedad de la vicepresidenta de Colombia Marta Luc\u00eda Ram\u00edrez y de su esposo \u00c1lvaro Rinc\u00f3n.<\/p>\n\n\n\n<p class=\"wp-block-paragraph\">A cambio de la entrega de sus propiedades, Acevedo <a href=\"https:\/\/es.insightcrime.org\/noticias\/analisis\/como-memo-fantasma-le-vendio-un-inmueble-a-la-empresa-familiar-de-la-vicepresidenta-de-colombia\/\" target=\"_blank\" rel=\"noreferrer noopener\">recibi\u00f3<\/a>&nbsp;varias oficinas y estacionamientos en Torre 85, que no se han entregado al Fondo de Reparaci\u00f3n de V\u00edctimas.<\/p>\n\n\n\n<blockquote class=\"wp-block-quote is-layout-flow wp-block-quote-is-layout-flow\"><p><strong><span style=\"color:#b40026\" class=\"has-inline-color\"><strong>VEA TAMBI\u00c9N<\/strong>:<\/span><\/strong> <a href=\"https:\/\/es.insightcrime.org\/investigaciones\/el-narcotraficante-invisible-tras-las-huellas-de-memo-fantasma\/\" target=\"_blank\" rel=\"noreferrer noopener\">El narcotraficante invisible: tras las huellas de Memo Fantasma<\/a><span style=\"font-size: inherit;\"><\/span><\/p><\/blockquote>\n\n\n\n<p class=\"wp-block-paragraph\">Aunque Rinc\u00f3n admiti\u00f3 haber tenido tratos con Acevedo, neg\u00f3 tener idea alguna de su pasado criminal. Y Ram\u00edrez&nbsp;<a href=\"https:\/\/es.insightcrime.org\/noticias\/analisis\/vicepresidenta-colombia-amenaza-insight-crime\/\" target=\"_blank\" rel=\"noreferrer noopener\">interpuso<\/a> una denuncia penal contra el codirector de InSight Crime por \u201cvulnerar su derecho a la integridad, al buen nombre, la dignidad y el honor\u201d, aunque m\u00e1s adelante <a href=\"https:\/\/es.insightcrime.org\/noticias\/noticias-del-dia\/vicepresidenta-colombia-retira-demanda-insight-crime\/\" target=\"_blank\" rel=\"noreferrer noopener\">retir\u00f3<\/a> la denuncia.<\/p>\n\n\n\n<p class=\"wp-block-paragraph\">Es cierto que la vigilancia de los bienes criminales por parte de Colombia no ha sido perfecta, manchada por <a href=\"https:\/\/es.insightcrime.org\/noticias\/noticias-del-dia\/corrupcion-y-bienes-de-la-mafia-en-colombia-un-mal-dificil-de-extinguir\/\" target=\"_blank\" rel=\"noreferrer noopener\">denuncias<\/a>&nbsp;de corrupci\u00f3n y malos manejos, pero esta decisi\u00f3n de la Fiscal\u00eda General cierra un cap\u00edtulo del pasado criminal de Memo Fantasma.<\/p>\n\n\n\n<p class=\"wp-block-paragraph\">Y representa una catarsis real que la fortuna amasada por Acevedo a <a href=\"https:\/\/es.insightcrime.org\/investigaciones\/memo-fantasma-ejercito-paramilitar\/\" target=\"_blank\" rel=\"noreferrer noopener\">lo largo de una trayectoria criminal<\/a>&nbsp;que se remonta al Cartel de Medell\u00edn se use para reparar a las v\u00edctimas de la violencia en Colombia.<\/p>\n","protected":false},"excerpt":{"rendered":"<p>Docenas de propiedades y otros bienes expropiados a Memo Fantasma, uno de los mayores narcos de Colombia, se usar\u00e1n para apoyar a quienes han sufrido por la violencia en el pa\u00eds.<\/p>\n","protected":false},"author":178,"featured_media":167523,"comment_status":"closed","ping_status":"closed","sticky":false,"template":"","format":"standard","meta":{"newspack_ads_suppress_ads":false,"newspack_popups_has_disabled_popups":false,"newspack_sponsor_sponsorship_scope":"","newspack_sponsor_native_byline_display":"inherit","newspack_sponsor_native_category_display":"inherit","newspack_sponsor_underwriter_style":"inherit","newspack_sponsor_underwriter_placement":"inherit","_EventAllDay":false,"_EventTimezone":"","_EventStartDate":"","_EventEndDate":"","_EventStartDateUTC":"","_EventEndDateUTC":"","_EventShowMap":false,"_EventShowMapLink":false,"_EventURL":"","_EventCost":"","_EventCostDescription":"","_EventCurrencySymbol":"","_EventCurrencyCode":"","_EventCurrencyPosition":"","_EventDateTimeSeparator":"","_EventTimeRangeSeparator":"","_EventOrganizerID":[],"_EventVenueID":[],"_OrganizerEmail":"","_OrganizerPhone":"","_OrganizerWebsite":"","_VenueAddress":"","_VenueCity":"","_VenueCountry":"","_VenueProvince":"","_VenueState":"","_VenueZip":"","_VenuePhone":"","_VenueURL":"","_VenueStateProvince":"","_VenueLat":"","_VenueLng":"","_VenueShowMap":false,"_VenueShowMapLink":false,"_newspack_byline_active":false,"_newspack_byline":"","newspack_hide_updated_date":false,"newspack_show_updated_date":false,"newspack_featured_image_position":"","newspack_post_subtitle":"","newspack_article_summary_title":"Overview:","newspack_article_summary":"","_jetpack_memberships_contains_paid_content":false,"footnotes":""},"categories":[759],"tags":[390,368,431,3587],"newspack_spnsrs_tax":[],"coauthors":[4140],"class_list":["post-167545","post","type-post","status-publish","format-standard","has-post-thumbnail","hentry","category-noticias","tag-las-auc","tag-colombia-pais","tag-lavado-de-dinero","tag-memo-fantasma-es","entry"],"parsely":{"version":"1.1.0","canonical_url":"https:\/\/insightcrime.org\/es\/noticias\/propiedades-memo-fantasma-colombia-destinaran-reparacion-victimas\/","smart_links":{"inbound":0,"outbound":0},"traffic_boost_suggestions_count":0,"meta":{"@context":"https:\/\/schema.org","@type":"NewsArticle","headline":"Propiedades de Memo Fantasma en Colombia se destinar\u00e1n a reparaci\u00f3n de v\u00edctimas","url":"http:\/\/insightcrime.org\/es\/noticias\/propiedades-memo-fantasma-colombia-destinaran-reparacion-victimas\/","mainEntityOfPage":{"@type":"WebPage","@id":"http:\/\/insightcrime.org\/es\/noticias\/propiedades-memo-fantasma-colombia-destinaran-reparacion-victimas\/"},"thumbnailUrl":"https:\/\/i0.wp.com\/insightcrime.org\/wp-content\/uploads\/2021\/09\/torre-85.jpg?resize=150%2C150&quality=100&ssl=1","image":{"@type":"ImageObject","url":"https:\/\/i0.wp.com\/insightcrime.org\/wp-content\/uploads\/2021\/09\/torre-85.jpg?fit=350%2C250&quality=100&ssl=1"},"articleSection":"Noticias","author":[{"@type":"Person","name":"Chris Dalby"}],"creator":["Chris Dalby"],"publisher":{"@type":"Organization","name":"InSight Crime","logo":"https:\/\/insightcrime.org\/wp-content\/uploads\/2023\/08\/logo.png"},"keywords":["auc","colombia","lavado de dinero","memo fantasma"],"dateCreated":"2021-09-15T14:45:54Z","datePublished":"2021-09-15T14:45:54Z","dateModified":"2021-09-20T00:53:53Z"},"rendered":"<meta name=\"parsely-title\" content=\"Propiedades de Memo Fantasma en Colombia se destinar\u00e1n a reparaci\u00f3n de v\u00edctimas\" \/>\n<meta name=\"parsely-link\" content=\"http:\/\/insightcrime.org\/es\/noticias\/propiedades-memo-fantasma-colombia-destinaran-reparacion-victimas\/\" \/>\n<meta name=\"parsely-type\" content=\"post\" \/>\n<meta name=\"parsely-image-url\" content=\"https:\/\/i0.wp.com\/insightcrime.org\/wp-content\/uploads\/2021\/09\/torre-85.jpg?resize=150%2C150&amp;quality=100&amp;ssl=1\" \/>\n<meta name=\"parsely-pub-date\" content=\"2021-09-15T14:45:54Z\" \/>\n<meta name=\"parsely-section\" content=\"Noticias\" \/>\n<meta name=\"parsely-tags\" content=\"auc,colombia,lavado de dinero,memo fantasma\" \/>\n<meta name=\"parsely-author\" content=\"Chris Dalby\" \/>","tracker_url":"https:\/\/cdn.parsely.com\/keys\/insightcrime.org\/p.js"},"jetpack_sharing_enabled":true,"jetpack-related-posts":[{"id":170355,"url":"https:\/\/insightcrime.org\/es\/noticias\/alto-excomandante-paramilitar-colombiano-atestigua-caso-memo-fantasma\/","url_meta":{"origin":167545,"position":0},"title":"Alto excomandante paramilitar colombiano atestigua en el caso de Memo Fantasma","author":"InSight Crime","date":"27 de octubre de 2021","format":false,"excerpt":"Nuevos documentos presentados en el caso contra el se\u00f1alado narco paramilitar Guillermo Le\u00f3n Acevedo, alias \u201cMemo Fantasma\u201d, revelan que el excomandante paramilitar colombiano Salvatore Mancuso habl\u00f3 con los fiscales sobre \u00e9l, y que traficantes convictos le transfirieron a Acevedo varias propiedades por valor de millones de d\u00f3lares.","rel":"","context":"En \u00abNoticias\u00bb","block_context":{"text":"Noticias","link":"https:\/\/insightcrime.org\/es\/category\/noticias\/"},"img":{"alt_text":"Arresto del acusado narcotraficante paramilitar Guillermo Le\u00f3n Acevedo, alias \"Memo Fantasma\"","src":"https:\/\/i0.wp.com\/insightcrime.org\/wp-content\/uploads\/2021\/09\/Memo-Fantasma-Arrest-Mug.jpg?fit=350%2C251&quality=100&ssl=1&resize=350%2C200","width":350,"height":200},"classes":[]},{"id":186575,"url":"https:\/\/insightcrime.org\/es\/noticias\/esposa-memo-fantasma-enfrentaria-cargos-lavado-activos\/","url_meta":{"origin":167545,"position":1},"title":"Esposa de Memo Fantasma enfrentar\u00eda posibles cargos por lavado de activos","author":"Juan Diego Posada","date":"26 de mayo de 2022","format":false,"excerpt":"Los fiscales en Colombia adelantaron una audiencia con la compa\u00f1era sentimental del presunto narcotraficante Guillermo Le\u00f3n Acevedo, alias \"Memo Fantasma\", que podr\u00eda enfrentar cargos de lavado de activos, convirti\u00e9ndola en la tercera familiar de su c\u00edrculo que ser\u00e1 investigada por la Fiscal\u00eda General.","rel":"","context":"En \u00abNoticias\u00bb","block_context":{"text":"Noticias","link":"https:\/\/insightcrime.org\/es\/category\/noticias\/"},"img":{"alt_text":"Catalina Mej\u00eda, compa\u00f1era sentimental de Memo Fantasma","src":"https:\/\/i0.wp.com\/insightcrime.org\/wp-content\/uploads\/2022\/05\/Catalina-Mejia-Memo-Fantasma.jpg?fit=350%2C250&quality=100&ssl=1&resize=350%2C200","width":350,"height":200},"classes":[]},{"id":170450,"url":"https:\/\/insightcrime.org\/es\/noticias\/orden-juez-memo-fantasma-seguira-carcel-colombia\/","url_meta":{"origin":167545,"position":2},"title":"Por orden de un juez, Memo Fantasma seguir\u00e1 en la c\u00e1rcel en Colombia","author":"InSight Crime","date":"28 de octubre de 2021","format":false,"excerpt":"El acusado narcotraficante paramilitar Guillermo Le\u00f3n Acevedo, alias \u201cMemo Fantasma\u201d, permanecer\u00e1 en una prisi\u00f3n de alta seguridad de Bogot\u00e1, donde ha estado encarcelado durante los \u00faltimos cuatro meses.","rel":"","context":"En \u00abNoticias\u00bb","block_context":{"text":"Noticias","link":"https:\/\/insightcrime.org\/es\/category\/noticias\/"},"img":{"alt_text":"Arresto del acusado narcotraficante paramilitar Guillermo Le\u00f3n Acevedo, alias \"Memo Fantasma\"","src":"https:\/\/i0.wp.com\/insightcrime.org\/wp-content\/uploads\/2021\/09\/Memo-Fantasma-Arrest-Mug.jpg?fit=350%2C251&quality=100&ssl=1&resize=350%2C200","width":350,"height":200},"classes":[]},{"id":168358,"url":"https:\/\/insightcrime.org\/es\/noticias\/memo-fantasma-pretende-salir-prision-colombia\/","url_meta":{"origin":167545,"position":3},"title":"Memo Fantasma pretende salir de prisi\u00f3n en Colombia","author":"Jeremy McDermott","date":"29 de septiembre de 2021","format":false,"excerpt":"El acusado narcotraficante paramilitar \u201cMemo Fantasma\u201d le ha solicitado a un juez que le permita salir de prisi\u00f3n mientras se encuentra a la espera de un juicio. Con millones de d\u00f3lares y contactos en todo el mundo, Memo Fantasma es la clara definici\u00f3n de un riesgo de fuga.","rel":"","context":"En \u00abNoticias\u00bb","block_context":{"text":"Noticias","link":"https:\/\/insightcrime.org\/es\/category\/noticias\/"},"img":{"alt_text":"","src":"https:\/\/i0.wp.com\/insightcrime.org\/wp-content\/uploads\/2021\/09\/Memo-fantasma-captured-will-the-ghost-Guillermo-leon-acevedo-insight-crime.jpg?fit=600%2C429&quality=100&ssl=1&resize=350%2C200","width":350,"height":200,"srcset":"https:\/\/i0.wp.com\/insightcrime.org\/wp-content\/uploads\/2021\/09\/Memo-fantasma-captured-will-the-ghost-Guillermo-leon-acevedo-insight-crime.jpg?fit=600%2C429&quality=100&ssl=1&resize=350%2C200 1x, https:\/\/i0.wp.com\/insightcrime.org\/wp-content\/uploads\/2021\/09\/Memo-fantasma-captured-will-the-ghost-Guillermo-leon-acevedo-insight-crime.jpg?fit=600%2C429&quality=100&ssl=1&resize=525%2C300 1.5x"},"classes":[]},{"id":141506,"url":"https:\/\/insightcrime.org\/es\/noticias\/memo-fantasma-inicia-proceso-penal-contra-director-insight-crime\/","url_meta":{"origin":167545,"position":4},"title":"&#8216;Memo Fantasma&#8217; inicia proceso criminal contra director de InSight Crime","author":"Parker Asmann","date":"20 de abril de 2021","format":false,"excerpt":"Un evasivo narcotraficante ha iniciado un caso criminal de difamaci\u00f3n contra Jeremy McDermott, codirector de InSight Crime, a pesar de que las conclusiones de una investigaci\u00f3n de dos a\u00f1os de duraci\u00f3n han sido confirmadas de manera oficial.","rel":"","context":"En \u00abNoticias\u00bb","block_context":{"text":"Noticias","link":"https:\/\/insightcrime.org\/es\/category\/noticias\/"},"img":{"alt_text":"Jeremy McDermott , codirector InSight Crime","src":"https:\/\/i0.wp.com\/insightcrime.org\/wp-content\/uploads\/2021\/04\/Jeremy-McDermott-Memo-Fantasma-Hearing.jpg?fit=350%2C250&quality=100&ssl=1&resize=350%2C200","width":350,"height":200},"classes":[]},{"id":180093,"url":"https:\/\/insightcrime.org\/es\/noticias\/memo-fantasma-enfrenta-pena-40-anos-abogado-bajo-investigacion\/","url_meta":{"origin":167545,"position":5},"title":"Memo Fantasma enfrenta pena de hasta 40 a\u00f1os; abogado bajo investigaci\u00f3n","author":"Jeremy McDermott","date":"11 de marzo de 2022","format":false,"excerpt":"Durante una audiencia virtual el 9 de marzo, el presunto narcotraficante \u201cMemo Fantasma\u201d fue acusado formalmente de lavado de dinero y conspiraci\u00f3n criminal. Su abogado tambi\u00e9n al parecer est\u00e1 siendo investigado.","rel":"","context":"En \u00abNoticias\u00bb","block_context":{"text":"Noticias","link":"https:\/\/insightcrime.org\/es\/category\/noticias\/"},"img":{"alt_text":"Memo Fantasma enfrenta a\u00f1os de carcel","src":"https:\/\/i0.wp.com\/insightcrime.org\/wp-content\/uploads\/2022\/03\/MF.png?fit=356%2C250&quality=100&ssl=1&resize=350%2C200","width":350,"height":200},"classes":[]}],"jetpack_featured_media_url":"https:\/\/i0.wp.com\/insightcrime.org\/wp-content\/uploads\/2021\/09\/torre-85.jpg?fit=350%2C250&quality=100&ssl=1","_links":{"self":[{"href":"https:\/\/insightcrime.org\/es\/wp-json\/wp\/v2\/posts\/167545","targetHints":{"allow":["GET"]}}],"collection":[{"href":"https:\/\/insightcrime.org\/es\/wp-json\/wp\/v2\/posts"}],"about":[{"href":"https:\/\/insightcrime.org\/es\/wp-json\/wp\/v2\/types\/post"}],"author":[{"embeddable":true,"href":"https:\/\/insightcrime.org\/es\/wp-json\/wp\/v2\/users\/178"}],"replies":[{"embeddable":true,"href":"https:\/\/insightcrime.org\/es\/wp-json\/wp\/v2\/comments?post=167545"}],"version-history":[{"count":5,"href":"https:\/\/insightcrime.org\/es\/wp-json\/wp\/v2\/posts\/167545\/revisions"}],"predecessor-version":[{"id":167642,"href":"https:\/\/insightcrime.org\/es\/wp-json\/wp\/v2\/posts\/167545\/revisions\/167642"}],"wp:featuredmedia":[{"embeddable":true,"href":"https:\/\/insightcrime.org\/es\/wp-json\/wp\/v2\/media\/167523"}],"wp:attachment":[{"href":"https:\/\/insightcrime.org\/es\/wp-json\/wp\/v2\/media?parent=167545"}],"wp:term":[{"taxonomy":"category","embeddable":true,"href":"https:\/\/insightcrime.org\/es\/wp-json\/wp\/v2\/categories?post=167545"},{"taxonomy":"post_tag","embeddable":true,"href":"https:\/\/insightcrime.org\/es\/wp-json\/wp\/v2\/tags?post=167545"},{"taxonomy":"newspack_spnsrs_tax","embeddable":true,"href":"https:\/\/insightcrime.org\/es\/wp-json\/wp\/v2\/newspack_spnsrs_tax?post=167545"},{"taxonomy":"author","embeddable":true,"href":"https:\/\/insightcrime.org\/es\/wp-json\/wp\/v2\/coauthors?post=167545"}],"curies":[{"name":"wp","href":"https:\/\/api.w.org\/{rel}","templated":true}]}}