{"id":168602,"date":"2022-10-20T00:00:00","date_gmt":"2022-10-20T05:00:00","guid":{"rendered":"https:\/\/insightcrime.org\/?p=168602"},"modified":"2026-06-05T12:27:31","modified_gmt":"2026-06-05T17:27:31","slug":"ariel-maximo-cantero-alias-guille","status":"publish","type":"post","link":"https:\/\/insightcrime.org\/es\/noticias-crimen-organizado-argentina\/ariel-maximo-cantero-alias-guille\/","title":{"rendered":"Ariel M\u00e1ximo Cantero, alias &#8216;Guille&#8217;"},"content":{"rendered":"\n<p class=\"wp-block-paragraph\">Ariel M\u00e1ximo Cantero, alias \u201cGuille\u201d, es el l\u00edder del clan familiar <a href=\"https:\/\/es.insightcrime.org\/noticias-crimen-organizado-argentina\/los-monos\/\" target=\"_blank\" rel=\"noreferrer noopener\">Los Monos<\/a>, una banda de narcotraficantes de Rosario, Argentina. Cantero se encuentra actualmente encarcelado, pero eso no le ha impedido seguir <a href=\"https:\/\/es.insightcrime.org\/noticias\/lider-monos-sigue-dirigiendo-operaciones-prision\/\" target=\"_blank\" rel=\"noreferrer noopener\">dirigiendo actividades criminales desde la prisi\u00f3n<\/a>.<\/p>\n\n\n\n<h2 class=\"wp-block-heading\" id=\"h-historia\">Historia<\/h2>\n\n\n\n<p class=\"wp-block-paragraph\">Cantero, alias \u201cGuille\u201d, es hijo del fundador de Los Monos, Ariel Cantero, alias \u201cEl Viejo\u201d, y Patricia Celestina Contreras de Cantero, alias \u201cLa Cele\u201d.<\/p>\n\n\n\n<p class=\"wp-block-paragraph\">Guille Cantero asumi\u00f3 el liderazgo del clan Los Monos en 2012, junto con su hermano de acogida, Ram\u00f3n Manchuca, alias \u201cMonchi\u201d, tras <a href=\"https:\/\/www.lacapital.com.ar\/policiales\/asesinaron-seis-balazos-al-pajaro-cantero-lider-los-monos-n419297.html\" target=\"_blank\" rel=\"noreferrer noopener nofollow\">el asesinato<\/a> de su hermano de sangre, Claudio Ariel Cantero, alias \u201cEl P\u00e1jaro\u201d.<\/p>\n\n\n\n<p class=\"wp-block-paragraph\">A ra\u00edz de la muerte de su hermano, Cantero inici\u00f3 <a href=\"https:\/\/es.insightcrime.org\/noticias-crimen-organizado-argentina\/los-monos\/\" target=\"_blank\" rel=\"noreferrer noopener\">una ola de violencia<\/a> en Rosario, que llev\u00f3 a que la tasa de homicidios de la ciudad aumentara por encima del promedio nacional.<\/p>\n\n\n\n<p class=\"wp-block-paragraph\">Uno de los asesinados inmediatamente despu\u00e9s de la muerte de El P\u00e1jaro fue <a href=\"https:\/\/www.lacapital.com.ar\/policiales\/pormenores-la-venganza-mafiosa-la-que-procesaron-guille-cantero-n450878.html\" target=\"_blank\" rel=\"noreferrer noopener nofollow\">Diego Demarre<\/a>, propietario de un club nocturno que, seg\u00fan cre\u00edan Cantero y Los Monos, hab\u00eda entregado al exl\u00edder a sus asesinos. La polic\u00eda sospechaba que Cantero fue quien lo asesin\u00f3.<\/p>\n\n\n\n<p class=\"wp-block-paragraph\">Dado que <a href=\"https:\/\/www.rionegro.com.ar\/hoy-se-conocera-el-veredicto-en-el-juicio-a-los-monos-por-ataques-a-tiros-en-rosario-1979429\/\" target=\"_blank\" rel=\"noreferrer noopener nofollow\">era buscado por asesinato y por ser el l\u00edder de Los Monos<\/a>, Cantero fue a una estaci\u00f3n de polic\u00eda y se present\u00f3 ante los agentes como \u201c<a href=\"https:\/\/www.lacapital.com.ar\/edicion-impresa\/se-entrego-guille-cantero-uno-los-lideres-la-banda-los-monos-n595937.html\" target=\"_blank\" rel=\"noreferrer noopener nofollow\">Diego Oviedo<\/a>\u201d; sin embargo, los investigadores lo reconocieron y fue puesto bajo custodia policial con su propia identidad. Guille esperaba ser liberado pronto, dado que no ten\u00eda condenas ni antecedentes judiciales significativos en ese momento. Sin embargo, eso estaba a punto de cambiar.<\/p>\n\n\n\n<p class=\"wp-block-paragraph\">En los a\u00f1os siguientes, Cantero fue <a href=\"https:\/\/www.versionrosario.com\/guille-cantero\/se-espera-nueva-sentencia-contra-guille-cantero-lider-los-monos-n14379\" target=\"_blank\" rel=\"noreferrer noopener nofollow\">acusado<\/a> de narcotr\u00e1fico (2015, 2018, 2019), asociaciones il\u00edcitas como l\u00edder de Los Monos (2018), <a href=\"https:\/\/www.rosarioplus.com\/actualidad\/seguridad\/-quienes-son-los-25-acusados-de-integrar-la-banda-los-monos-_a5f4b1b9012b5372badfdb4dd\" target=\"_blank\" rel=\"noreferrer noopener nofollow\">homicidio<\/a> (2018) y secuestro (2019).<\/p>\n\n\n\n<p class=\"wp-block-paragraph\">Se sabe que Cantero usa la violencia para intimidar a las autoridades. En 2018, pocos d\u00edas despu\u00e9s de que fuera <a href=\"https:\/\/es.insightcrime.org\/noticias-crimen-organizado-argentina\/los-monos\/\" target=\"_blank\" rel=\"noreferrer noopener\">condenado<\/a> a 37 a\u00f1os de prisi\u00f3n por asociaci\u00f3n il\u00edcita y homicidio, un hombre armado <a href=\"https:\/\/www.lanacion.com.ar\/sociedad\/un-nuevo-ataque-a-balazos-enciende-el-miedo-antes-de-las-apelaciones-de-los-monos-nid2162104\/\" target=\"_blank\" rel=\"noreferrer noopener nofollow\">abri\u00f3 fuego<\/a> contra la antigua casa de uno de los jueces. Este fue el primer atentado de una serie de ataques contra jueces y edificios judiciales en Rosario.<\/p>\n\n\n\n<p class=\"wp-block-paragraph\">En julio de 2020, los investigadores lograron demostrar que Cantero hab\u00eda amenazado a un juez por negarle la solicitud de ser trasladado a otra prisi\u00f3n.<\/p>\n\n\n\n<p class=\"wp-block-paragraph\">Cantero ha seguido dando \u00f3rdenes y profiriendo amenazas desde la prisi\u00f3n. El 23 de agosto de 2021, en su celda se descubri\u00f3 <a href=\"https:\/\/es.insightcrime.org\/noticias\/lider-monos-sigue-dirigiendo-operaciones-prision\/\" target=\"_blank\" rel=\"noreferrer noopener\">un tel\u00e9fono fijo<\/a> que era para el uso de todos los internos. La l\u00ednea no fue monitoreada y sus conversaciones no fueron grabadas, lo que quiz\u00e1 le permiti\u00f3 al l\u00edder criminal continuar sus actividades delictivas desde la prisi\u00f3n. El tel\u00e9fono fijo fue retirado, pero, dos semanas despu\u00e9s, el 2 de septiembre, durante una inspecci\u00f3n <a href=\"https:\/\/notife.com\/815544-encontraron-otro-telefono-fijo-en-la-celda-de-guille-cantero\/\" target=\"_blank\" rel=\"noreferrer noopener\">se descubri\u00f3<\/a> que hab\u00eda sido remplazado. Asimismo, <a href=\"https:\/\/www.lacapital.com.ar\/policiales\/juicio-los-monos-42-celulares-el-pabellon-guille-cantero-y-otros-integrantes-la-banda-n2684942.html\" target=\"_blank\" rel=\"noreferrer noopener\">en junio de 2018<\/a> se encontraron 42 celulares en la secci\u00f3n de la c\u00e1rcel donde estaban recluidos Cantero y otros miembros de Los Monos \u2014un \u00e1rea a la que solo puede acceder el personal penitenciario\u2014.<\/p>\n\n\n\n<p class=\"wp-block-paragraph\">Las <a href=\"https:\/\/es.insightcrime.org\/noticias\/lider-monos-sigue-dirigiendo-operaciones-prision\/\" target=\"_blank\" rel=\"noreferrer noopener\">amenazas continuaron en 2021<\/a>, poco antes de que se tomara la decisi\u00f3n judicial en torno al papel de Cantero en los ataques de 2018. A principios de septiembre, la l\u00ednea 911 de Santa Fe recibi\u00f3 una llamada telef\u00f3nica an\u00f3nima, en la que se dec\u00eda: \u201c<a href=\"https:\/\/www.eldiariocba.com.ar\/policiales\/2021\/9\/16\/suelten-los-monos-matamos-todos-los-fiscales-56257.html\" target=\"_blank\" rel=\"noreferrer noopener nofollow\">Liberen a los Canteros<\/a>, suelten a Los Monos o matamos a todos los fiscales\u201d. Luego, el 18 de agosto, un d\u00eda antes de que comenzara el juicio, dos hombres armados <a href=\"https:\/\/www.perfil.com\/noticias\/actualidad\/rosario-balearon-el-centro-de-justicia-penal-donde-sera-juzgada-la-banda-de-los-monos.phtml\" target=\"_blank\" rel=\"noreferrer noopener\">abrieron fuego contra<\/a> el tribunal \u2014el mismo tipo de ataque del que el l\u00edder de Los Monos fue acusado de ordenar en 2018\u2014.<\/p>\n\n\n\n<p class=\"wp-block-paragraph\">En esa misma \u00e9poca tambi\u00e9n se dispar\u00f3 <a href=\"https:\/\/es.insightcrime.org\/noticias\/lider-monos-sigue-dirigiendo-operaciones-prision\/\" target=\"_blank\" rel=\"noreferrer noopener\">la tasa de homicidios<\/a>. Rosario registr\u00f3 seis homicidios en un lapso de 24 horas entre el 6 y el 7 de septiembre.<\/p>\n\n\n\n<p class=\"wp-block-paragraph\">El 30 de septiembre de 2021, Cantero fue <a href=\"https:\/\/www.lavoz.com.ar\/sucesos\/condenan-a-guille-cantero-lider-de-los-monos-y-ya-acumula-penas-por-casi-90-anos-de-prision\/\" target=\"_blank\" rel=\"noreferrer noopener nofollow\">condenado a otros 22 a\u00f1os<\/a> por ordenar los ataques de 2018 contra las casas de funcionarios judiciales y diversos edificios.<\/p>\n\n\n\n<h2 class=\"wp-block-heading\" id=\"h-actividades-criminales\">Actividades criminales<\/h2>\n\n\n\n<p class=\"wp-block-paragraph\">Adem\u00e1s de las actividades regulares de venta de drogas de <a href=\"https:\/\/es.insightcrime.org\/noticias-crimen-organizado-argentina\/los-monos\/\" target=\"_blank\" rel=\"noreferrer noopener\">Los Monos<\/a>, Cantero ha convertido la violencia en una de las actividades criminales m\u00e1s rentables del grupo. Mediante amenazas, extorsiones y usurpaciones, supuestamente ha adquirido m\u00e1s de <a href=\"https:\/\/www.lanacion.com.ar\/seguridad\/ametralladoras-y-nuevos-negocios-asi-avanza-el-poder-de-fuego-narco-en-rosario-nid18092021\/\" target=\"_blank\" rel=\"noreferrer noopener nofollow\">150 propiedades<\/a>. Por ejemplo, el empresario <a href=\"https:\/\/www.lacapital.com.ar\/policiales\/juego-clandestino-leonardo-peiti-acepto-responsabilidades-y-apunto-la-politica-n2689732.html\" target=\"_blank\" rel=\"noreferrer noopener nofollow\">Leonardo Peiti<\/a> le entreg\u00f3 sus casinos clandestinos <a href=\"https:\/\/www.airedesantafe.com.ar\/politica\/ariel-guille-cantero-y-armando-traferri-el-hilo-que-los-conduce-la-misma-trama-n217629\" target=\"_blank\" rel=\"noreferrer noopener nofollow\">a Cantero<\/a> despu\u00e9s de recibir amenazas de muerte.<\/p>\n\n\n\n<p class=\"wp-block-paragraph\">A pesar de haber sido trasladado a seis c\u00e1rceles diferentes desde 2013, Cantero ha logrado <a href=\"https:\/\/es.insightcrime.org\/noticias\/lider-monos-sigue-dirigiendo-operaciones-prision\/\" target=\"_blank\" rel=\"noreferrer noopener\">seguir dando \u00f3rdenes<\/a> desde prisi\u00f3n, una habilidad de la que ha hecho alarde p\u00fablicamente. Cuando durante una audiencia judicial recientemente se le pidi\u00f3 que indicara cu\u00e1l era su profesi\u00f3n, respondi\u00f3 descaradamente: \u201cContrato sicarios para que les disparen a los jueces\u201d.<\/p>\n\n\n\n<p class=\"wp-block-paragraph\">Los fiscales han comprobado que Cantero ha utilizado <a href=\"https:\/\/www.elciudadanoweb.com\/pidieron-otros-24-anos-de-carcel-para-guille-cantero-y-ventilaron-escalofriante-encargo-por-whatsapp\/\" target=\"_blank\" rel=\"noreferrer noopener nofollow\">WhatsApp<\/a> para coordinar ataques desde la c\u00e1rcel, y en 2021, en dos ocasiones se descubri\u00f3 <a href=\"https:\/\/es.insightcrime.org\/noticias\/lider-monos-sigue-dirigiendo-operaciones-prision\/\" target=\"_blank\" rel=\"noreferrer noopener\">un tel\u00e9fono fijo<\/a> en su celda. Tambi\u00e9n se sabe que ha utilizado \u201c<a href=\"https:\/\/www.lanacion.com.ar\/seguridad\/guille-cantero-lider-monos-preso-nadie-puede-nid2323607\/\" target=\"_blank\" rel=\"noreferrer noopener nofollow\">visitas compradas<\/a>\u201d para comunicar \u00f3rdenes.<\/p>\n\n\n\n<h2 class=\"wp-block-heading\" id=\"h-geograf-a\">Geograf\u00eda<\/h2>\n\n\n\n<p class=\"wp-block-paragraph\">Cantero creci\u00f3 en el barrio <a href=\"https:\/\/www.lanacion.com.ar\/seguridad\/ametralladoras-y-nuevos-negocios-asi-avanza-el-poder-de-fuego-narco-en-rosario-nid18092021\/\" target=\"_blank\" rel=\"noreferrer noopener nofollow\">La Granada<\/a>, zona sur de Rosario, en la provincia de Santa Fe, Argentina. Los Monos han operado en la ciudad de Rosario, la tercera ciudad m\u00e1s poblada de Argentina, durante m\u00e1s de <a href=\"https:\/\/es.insightcrime.org\/noticias-crimen-organizado-argentina\/los-monos\/\" target=\"_blank\" rel=\"noreferrer noopener\">20 a\u00f1os<\/a>. Ubicada en la orilla oeste del <a href=\"https:\/\/es.insightcrime.org\/noticias-crimen-organizado-brasil\/parana-brasil\/\" target=\"_blank\" rel=\"noreferrer noopener\">r\u00edo Paran\u00e1<\/a>, Rosario es un punto de tr\u00e1nsito de cargamentos de droga y contrabando, provenientes de los vecinos Bolivia y Paraguay.<\/p>\n\n\n\n<p class=\"wp-block-paragraph\">Cantero se encuentra actualmente recluido en el <a href=\"https:\/\/www.clarin.com\/policiales\/guille-cantero-capo-monos-camino-septima-condena_0_LTNSe-ETM.html\" target=\"_blank\" rel=\"noreferrer noopener nofollow\">Complejo Penitenciario Federal Marcos Paz<\/a> de Buenos Aires.<\/p>\n\n\n\n<h2 class=\"wp-block-heading\" id=\"h-aliados-y-enemigos\">Aliados y enemigos<\/h2>\n\n\n\n<p class=\"wp-block-paragraph\">Entre sus aliados, Cantero cuenta con <a href=\"https:\/\/es.insightcrime.org\/noticias-crimen-organizado-argentina\/los-monos\/\" target=\"_blank\" rel=\"noreferrer noopener\">funcionarios p\u00fablicos corruptos<\/a>, como lo demuestra el hecho de que ha podido acceder f\u00e1cilmente a tel\u00e9fonos dentro de la prisi\u00f3n.<\/p>\n\n\n\n<p class=\"wp-block-paragraph\">Con la ayuda de <a href=\"https:\/\/www.lanacion.com.ar\/seguridad\/la-nacion-desembarca-rosario-objetivo-desarmar-poder-nid2484191\/\" target=\"_blank\" rel=\"noreferrer noopener nofollow\">Brandon Baya<\/a>, su mano derecha, Cantero tambi\u00e9n ha hecho <a href=\"https:\/\/www.clarin.com\/policiales\/marcelo-sain-culpo-lider-monos-impulsar-plan-quemar-rosario-prision_0_Qr4L5yABJ.html\" target=\"_blank\" rel=\"noreferrer noopener nofollow\">alianzas<\/a> con otras pandillas en ciudades vecinas, como San Lorenzo, Capit\u00e1n Berm\u00fadez y Granadero Baigorria.<\/p>\n\n\n\n<p class=\"wp-block-paragraph\">Cantero tambi\u00e9n ha acumulado una serie de enemigos. Su <a href=\"https:\/\/www.lanacion.com.ar\/seguridad\/ametralladoras-y-nuevos-negocios-asi-avanza-el-poder-de-fuego-narco-en-rosario-nid18092021\/\" target=\"_blank\" rel=\"noreferrer noopener nofollow\">archienemigo<\/a> es el narcotraficante rival Esteban Alvarado, quien igualmente opera en Rosario y tambi\u00e9n est\u00e1 <a href=\"https:\/\/tn.com.ar\/policiales\/2021\/09\/07\/quien-es-esteban-lindor-alvarado-el-narco-apuntado-por-el-homicidio-del-testigo-reservado-y-el-principal-rival-de-guille-cantero\/\" target=\"_blank\" rel=\"noreferrer noopener nofollow\">detenido<\/a> en el Complejo Penitenciario Federal Marcos Paz. Se sabe que tanto Cantero como Alvarado han intentado <a href=\"https:\/\/tn.com.ar\/policiales\/2021\/09\/07\/quien-es-esteban-lindor-alvarado-el-narco-apuntado-por-el-homicidio-del-testigo-reservado-y-el-principal-rival-de-guille-cantero\/\" target=\"_blank\" rel=\"noreferrer noopener nofollow\">incriminarse<\/a> mutuamente de diferentes delitos, con la ayuda de c\u00f3mplices dentro de la polic\u00eda. Seg\u00fan informes de prensa, una divisi\u00f3n de <a href=\"https:\/\/www.lanacion.com.ar\/seguridad\/ametralladoras-y-nuevos-negocios-asi-avanza-el-poder-de-fuego-narco-en-rosario-nid18092021\/\" target=\"_blank\" rel=\"noreferrer noopener nofollow\">la polic\u00eda judicial<\/a> ten\u00eda como objetivo sacar a Cantero con el fin de facilitar la toma territorial por parte del grupo de Alvarado.<\/p>\n\n\n\n<p class=\"wp-block-paragraph\">El arresto de Guille, as\u00ed como el de otros importantes miembros de Los Monos, dio lugar a una <a href=\"https:\/\/es.insightcrime.org\/noticias-crimen-organizado-argentina\/los-monos-escalada-de-violencia-en-rosario-argentina\/\" target=\"_blank\" rel=\"noreferrer noopener\">lucha de poder<\/a> con otras pandillas locales, como <a href=\"https:\/\/es.insightcrime.org\/noticias-crimen-organizado-argentina\/los-monos-escalada-de-violencia-en-rosario-argentina\/\" target=\"_blank\" rel=\"noreferrer noopener\">los Funes y los Ungaro<\/a>, por el control de la venta de drogas en las calles.<\/p>\n\n\n\n<h2 class=\"wp-block-heading\" id=\"h-perspectivas\">Perspectivas<\/h2>\n\n\n\n<p class=\"wp-block-paragraph\">Con <a href=\"https:\/\/www.lavoz.com.ar\/sucesos\/condenan-a-guille-cantero-lider-de-los-monos-y-ya-acumula-penas-por-casi-90-anos-de-prision\/\" target=\"_blank\" rel=\"noreferrer noopener nofollow\">siete condenas<\/a> por diferentes delitos, Cantero ya acumula m\u00e1s de 83 a\u00f1os de prisi\u00f3n. Si bien es probable que la sentencia de prisi\u00f3n de Guille siga creciendo, eso por s\u00ed solo no ser\u00e1 suficiente para detener su influencia sobre la criminalidad de Rosario. Mientras Cantero pueda seguir dando \u00f3rdenes desde la prisi\u00f3n, seguir\u00e1 representando una amenaza para la seguridad en Rosario.<\/p>\n","protected":false},"excerpt":{"rendered":"<p>Ariel M\u00e1ximo Cantero, alias \u201cGuille\u201d, es el l\u00edder del clan familiar Los Monos, una banda de narcotraficantes de Rosario, Argentina. <\/p>\n","protected":false},"author":188,"featured_media":343577,"comment_status":"closed","ping_status":"closed","sticky":false,"template":"","format":"standard","meta":{"newspack_ads_suppress_ads":false,"newspack_popups_has_disabled_popups":false,"newspack_sponsor_sponsorship_scope":"","newspack_sponsor_native_byline_display":"inherit","newspack_sponsor_native_category_display":"inherit","newspack_sponsor_underwriter_style":"inherit","newspack_sponsor_underwriter_placement":"inherit","_EventAllDay":false,"_EventTimezone":"","_EventStartDate":"","_EventEndDate":"","_EventStartDateUTC":"","_EventEndDateUTC":"","_EventShowMap":false,"_EventShowMapLink":false,"_EventURL":"","_EventCost":"","_EventCostDescription":"","_EventCurrencySymbol":"","_EventCurrencyCode":"","_EventCurrencyPosition":"","_EventDateTimeSeparator":"","_EventTimeRangeSeparator":"","_EventOrganizerID":[],"_EventVenueID":[],"_OrganizerEmail":"","_OrganizerPhone":"","_OrganizerWebsite":"","_VenueAddress":"","_VenueCity":"","_VenueCountry":"","_VenueProvince":"","_VenueState":"","_VenueZip":"","_VenuePhone":"","_VenueURL":"","_VenueStateProvince":"","_VenueLat":"","_VenueLng":"","_VenueShowMap":false,"_VenueShowMapLink":false,"_newspack_byline_active":false,"_newspack_byline":"","newspack_hide_updated_date":false,"newspack_show_updated_date":false,"newspack_featured_image_position":"","newspack_post_subtitle":"","newspack_article_summary_title":"Overview:","newspack_article_summary":"","_jetpack_memberships_contains_paid_content":false,"footnotes":""},"categories":[3381],"tags":[428,3552,3444],"newspack_spnsrs_tax":[],"coauthors":[4351],"class_list":["post-168602","post","type-post","status-publish","format-standard","has-post-thumbnail","hentry","category-noticias-crimen-organizado-argentina","tag-argentina-pais","tag-los-monos-es","tag-personajes-de-argentina","entry"],"parsely":{"version":"1.1.0","canonical_url":"https:\/\/insightcrime.org\/es\/noticias-crimen-organizado-argentina\/ariel-maximo-cantero-alias-guille\/","smart_links":{"inbound":0,"outbound":0},"traffic_boost_suggestions_count":0,"meta":{"@context":"https:\/\/schema.org","@type":"NewsArticle","headline":"Ariel M\u00e1ximo Cantero, alias &#8216;Guille&#8217;","url":"http:\/\/insightcrime.org\/es\/noticias-crimen-organizado-argentina\/ariel-maximo-cantero-alias-guille\/","mainEntityOfPage":{"@type":"WebPage","@id":"http:\/\/insightcrime.org\/es\/noticias-crimen-organizado-argentina\/ariel-maximo-cantero-alias-guille\/"},"thumbnailUrl":"https:\/\/i0.wp.com\/insightcrime.org\/wp-content\/uploads\/2026\/06\/Perfil-criminal-Alias-Guille.jpg?resize=150%2C150&quality=100&ssl=1","image":{"@type":"ImageObject","url":"https:\/\/i0.wp.com\/insightcrime.org\/wp-content\/uploads\/2026\/06\/Perfil-criminal-Alias-Guille.jpg?fit=1200%2C900&quality=100&ssl=1"},"articleSection":"Argentina","author":[{"@type":"Person","name":"InSight Crime"}],"creator":["InSight Crime"],"publisher":{"@type":"Organization","name":"InSight Crime","logo":"https:\/\/insightcrime.org\/wp-content\/uploads\/2023\/08\/logo.png"},"keywords":["argentina","los monos","personajes de argentina"],"dateCreated":"2022-10-20T05:00:00Z","datePublished":"2022-10-20T05:00:00Z","dateModified":"2026-06-05T17:27:31Z"},"rendered":"<meta name=\"parsely-title\" content=\"Ariel M\u00e1ximo Cantero, alias &#8216;Guille&#8217;\" \/>\n<meta name=\"parsely-link\" content=\"http:\/\/insightcrime.org\/es\/noticias-crimen-organizado-argentina\/ariel-maximo-cantero-alias-guille\/\" \/>\n<meta name=\"parsely-type\" content=\"post\" \/>\n<meta name=\"parsely-image-url\" content=\"https:\/\/i0.wp.com\/insightcrime.org\/wp-content\/uploads\/2026\/06\/Perfil-criminal-Alias-Guille.jpg?resize=150%2C150&amp;quality=100&amp;ssl=1\" \/>\n<meta name=\"parsely-pub-date\" content=\"2022-10-20T05:00:00Z\" \/>\n<meta name=\"parsely-section\" content=\"Argentina\" \/>\n<meta name=\"parsely-tags\" content=\"argentina,los monos,personajes de argentina\" \/>\n<meta name=\"parsely-author\" content=\"InSight Crime\" \/>","tracker_url":"https:\/\/cdn.parsely.com\/keys\/insightcrime.org\/p.js"},"jetpack_sharing_enabled":true,"jetpack-related-posts":[{"id":295732,"url":"https:\/\/insightcrime.org\/es\/noticias\/guille-cantero-monos-argentina-acumula-160-anos-condena\/","url_meta":{"origin":168602,"position":0},"title":"El jefe de los Monos en Argentina acumula 160 a\u00f1os de condena","author":"Christopher Newton","date":"8 de noviembre de 2024","format":false,"excerpt":"Ariel Cantero, alias \u201cGuille,\u201d el jefe de Los Monos, la banda criminal m\u00e1s conocida de Argentina, podr\u00eda ser condenado a 25 a\u00f1os de prisi\u00f3n adicionales, aunque no ayudar\u00e1n a frenar las actividades de la banda ni su liderazgo.","rel":"","context":"En \u00abNoticias\u00bb","block_context":{"text":"Noticias","link":"https:\/\/insightcrime.org\/es\/category\/noticias\/"},"img":{"alt_text":"","src":"https:\/\/i0.wp.com\/insightcrime.org\/wp-content\/uploads\/2024\/11\/Feature-Image-Ariel-cantero-jefe-de-los-Monos-Argentina.jpg?fit=1200%2C675&quality=100&ssl=1&resize=350%2C200","width":350,"height":200,"srcset":"https:\/\/i0.wp.com\/insightcrime.org\/wp-content\/uploads\/2024\/11\/Feature-Image-Ariel-cantero-jefe-de-los-Monos-Argentina.jpg?fit=1200%2C675&quality=100&ssl=1&resize=350%2C200 1x, https:\/\/i0.wp.com\/insightcrime.org\/wp-content\/uploads\/2024\/11\/Feature-Image-Ariel-cantero-jefe-de-los-Monos-Argentina.jpg?fit=1200%2C675&quality=100&ssl=1&resize=525%2C300 1.5x, https:\/\/i0.wp.com\/insightcrime.org\/wp-content\/uploads\/2024\/11\/Feature-Image-Ariel-cantero-jefe-de-los-Monos-Argentina.jpg?fit=1200%2C675&quality=100&ssl=1&resize=700%2C400 2x, https:\/\/i0.wp.com\/insightcrime.org\/wp-content\/uploads\/2024\/11\/Feature-Image-Ariel-cantero-jefe-de-los-Monos-Argentina.jpg?fit=1200%2C675&quality=100&ssl=1&resize=1050%2C600 3x"},"classes":[]},{"id":295735,"url":"https:\/\/insightcrime.org\/news\/head-argentina-monos-gang-160-years-in-sentences\/","url_meta":{"origin":168602,"position":1},"title":"Head of Argentina&#8217;s Monos Gang Racks up 160 Years in Sentences","author":"Christopher Newton","date":"8 de noviembre de 2024","format":false,"excerpt":"The leader of Argentina\u2019s most notorious criminal group may see another sentence of 25 years added to his tally, although this will do little to stifle the gang\u2019s activities or his leadership.","rel":"","context":"En \u00abNews\u00bb","block_context":{"text":"News","link":"https:\/\/insightcrime.org\/category\/news\/"},"img":{"alt_text":"","src":"https:\/\/i0.wp.com\/insightcrime.org\/wp-content\/uploads\/2024\/11\/Feature-Image-Ariel-cantero-jefe-de-los-Monos-Argentina.jpg?fit=1200%2C675&quality=100&ssl=1&resize=350%2C200","width":350,"height":200,"srcset":"https:\/\/i0.wp.com\/insightcrime.org\/wp-content\/uploads\/2024\/11\/Feature-Image-Ariel-cantero-jefe-de-los-Monos-Argentina.jpg?fit=1200%2C675&quality=100&ssl=1&resize=350%2C200 1x, https:\/\/i0.wp.com\/insightcrime.org\/wp-content\/uploads\/2024\/11\/Feature-Image-Ariel-cantero-jefe-de-los-Monos-Argentina.jpg?fit=1200%2C675&quality=100&ssl=1&resize=525%2C300 1.5x, https:\/\/i0.wp.com\/insightcrime.org\/wp-content\/uploads\/2024\/11\/Feature-Image-Ariel-cantero-jefe-de-los-Monos-Argentina.jpg?fit=1200%2C675&quality=100&ssl=1&resize=700%2C400 2x, https:\/\/i0.wp.com\/insightcrime.org\/wp-content\/uploads\/2024\/11\/Feature-Image-Ariel-cantero-jefe-de-los-Monos-Argentina.jpg?fit=1200%2C675&quality=100&ssl=1&resize=1050%2C600 3x"},"classes":[]},{"id":200341,"url":"https:\/\/insightcrime.org\/es\/noticias\/captura-joven-integrante-monos-muestra-linaje-principal-pandilla-argentina\/","url_meta":{"origin":168602,"position":2},"title":"Captura de joven integrante de Los Monos muestra el linaje de la principal pandilla de Argentina","author":"Scott Mistler-Ferguson","date":"30 de septiembre de 2022","format":false,"excerpt":"La captura de un miembro de 18 a\u00f1os de la familia Cantero, que lidera el grupo criminal Los Monos en Rosario, Argentina, ha llamado la atenci\u00f3n sobre la influencia generacional que la pandilla tiene en la ciudad, la cual podr\u00eda registrar un indeseable r\u00e9cord en los homicidios.","rel":"","context":"En \u00abNoticias\u00bb","block_context":{"text":"Noticias","link":"https:\/\/insightcrime.org\/es\/category\/noticias\/"},"img":{"alt_text":"Polic\u00eda afuera de las casas de presuntos pandilleros de Los Monos en Rosario, Argentina","src":"https:\/\/i0.wp.com\/insightcrime.org\/wp-content\/uploads\/2022\/09\/monos-argentina-1.jpeg?fit=350%2C250&quality=100&ssl=1&resize=350%2C200","width":350,"height":200},"classes":[]},{"id":168550,"url":"https:\/\/insightcrime.org\/argentina-organized-crime-news\/ariel-maximo-cantero-alias-guille\/","url_meta":{"origin":168602,"position":3},"title":"Ariel M\u00e1ximo Cantero, alias &#8216;Guille&#8217;","author":"InSight Crime","date":"20 de octubre de 2022","format":false,"excerpt":"Ariel M\u00e1ximo Cantero, alias \u201cGuille,\u201d is the leader of Argentina's Monos crime family. While he is facing decades behind bars, he has so far remained in control of the Monos operations.","rel":"","context":"En \u00abArgentina\u00bb","block_context":{"text":"Argentina","link":"https:\/\/insightcrime.org\/category\/argentina-organized-crime-news\/"},"img":{"alt_text":"Alias Guille Cantero","src":"https:\/\/i0.wp.com\/insightcrime.org\/wp-content\/uploads\/2026\/06\/Perfil-criminal-Alias-Guille.jpg?fit=1200%2C900&quality=100&ssl=1&resize=350%2C200","width":350,"height":200,"srcset":"https:\/\/i0.wp.com\/insightcrime.org\/wp-content\/uploads\/2026\/06\/Perfil-criminal-Alias-Guille.jpg?fit=1200%2C900&quality=100&ssl=1&resize=350%2C200 1x, https:\/\/i0.wp.com\/insightcrime.org\/wp-content\/uploads\/2026\/06\/Perfil-criminal-Alias-Guille.jpg?fit=1200%2C900&quality=100&ssl=1&resize=525%2C300 1.5x, https:\/\/i0.wp.com\/insightcrime.org\/wp-content\/uploads\/2026\/06\/Perfil-criminal-Alias-Guille.jpg?fit=1200%2C900&quality=100&ssl=1&resize=700%2C400 2x, https:\/\/i0.wp.com\/insightcrime.org\/wp-content\/uploads\/2026\/06\/Perfil-criminal-Alias-Guille.jpg?fit=1200%2C900&quality=100&ssl=1&resize=1050%2C600 3x"},"classes":[]},{"id":200291,"url":"https:\/\/insightcrime.org\/news\/capture-monos-young-blood-shows-criminal-lineage-argentinas-premier-gang\/","url_meta":{"origin":168602,"position":4},"title":"Capture of Monos\u2019 Young Blood Shows Criminal Lineage of Argentina\u2019s Premier Gang","author":"Scott Mistler-Ferguson","date":"30 de septiembre de 2022","format":false,"excerpt":"The capture of a young member of the Cantero family, leaders of the Monos, underlines their persistence in Argentina.","rel":"","context":"En \u00abNews\u00bb","block_context":{"text":"News","link":"https:\/\/insightcrime.org\/category\/news\/"},"img":{"alt_text":"Police outside the homes of suspected Monos gang members in Rosario, Argentina","src":"https:\/\/i0.wp.com\/insightcrime.org\/wp-content\/uploads\/2022\/09\/monos-argentina-1.jpeg?fit=350%2C250&quality=100&ssl=1&resize=350%2C200","width":350,"height":200},"classes":[]},{"id":168579,"url":"https:\/\/insightcrime.org\/es\/noticias\/condena-guille-cantero-insuficiente-frenar-los-monos\/","url_meta":{"origin":168602,"position":5},"title":"Condena a Guille Cantero: insuficiente para frenar a Los Monos en Argentina","author":"Alicia Florez","date":"4 de octubre de 2021","format":false,"excerpt":"Los Monos, la principal organizaci\u00f3n criminal de Argentina, sabe c\u00f3mo sobreponerse a los golpes. Y aunque su l\u00edder enfrenta un total de 84 a\u00f1os de prisi\u00f3n, es poco probable que el grupo afloje el control que tiene sobre la ciudad de Rosario.","rel":"","context":"En \u00abNews\u00bb","block_context":{"text":"News","link":"https:\/\/insightcrime.org\/category\/news\/"},"img":{"alt_text":"Guille Cantero fue condenado por la justica argentina","src":"https:\/\/i0.wp.com\/insightcrime.org\/wp-content\/uploads\/2021\/10\/Guille-Cantero-1.jpg?fit=350%2C250&quality=100&ssl=1&resize=350%2C200","width":350,"height":200},"classes":[]}],"jetpack_featured_media_url":"https:\/\/i0.wp.com\/insightcrime.org\/wp-content\/uploads\/2026\/06\/Perfil-criminal-Alias-Guille.jpg?fit=1200%2C900&quality=100&ssl=1","_links":{"self":[{"href":"https:\/\/insightcrime.org\/es\/wp-json\/wp\/v2\/posts\/168602","targetHints":{"allow":["GET"]}}],"collection":[{"href":"https:\/\/insightcrime.org\/es\/wp-json\/wp\/v2\/posts"}],"about":[{"href":"https:\/\/insightcrime.org\/es\/wp-json\/wp\/v2\/types\/post"}],"author":[{"embeddable":true,"href":"https:\/\/insightcrime.org\/es\/wp-json\/wp\/v2\/users\/188"}],"replies":[{"embeddable":true,"href":"https:\/\/insightcrime.org\/es\/wp-json\/wp\/v2\/comments?post=168602"}],"version-history":[{"count":6,"href":"https:\/\/insightcrime.org\/es\/wp-json\/wp\/v2\/posts\/168602\/revisions"}],"predecessor-version":[{"id":336384,"href":"https:\/\/insightcrime.org\/es\/wp-json\/wp\/v2\/posts\/168602\/revisions\/336384"}],"wp:featuredmedia":[{"embeddable":true,"href":"https:\/\/insightcrime.org\/es\/wp-json\/wp\/v2\/media\/343577"}],"wp:attachment":[{"href":"https:\/\/insightcrime.org\/es\/wp-json\/wp\/v2\/media?parent=168602"}],"wp:term":[{"taxonomy":"category","embeddable":true,"href":"https:\/\/insightcrime.org\/es\/wp-json\/wp\/v2\/categories?post=168602"},{"taxonomy":"post_tag","embeddable":true,"href":"https:\/\/insightcrime.org\/es\/wp-json\/wp\/v2\/tags?post=168602"},{"taxonomy":"newspack_spnsrs_tax","embeddable":true,"href":"https:\/\/insightcrime.org\/es\/wp-json\/wp\/v2\/newspack_spnsrs_tax?post=168602"},{"taxonomy":"author","embeddable":true,"href":"https:\/\/insightcrime.org\/es\/wp-json\/wp\/v2\/coauthors?post=168602"}],"curies":[{"name":"wp","href":"https:\/\/api.w.org\/{rel}","templated":true}]}}