{"id":169190,"date":"2026-08-06T12:15:42","date_gmt":"2026-08-06T17:15:42","guid":{"rendered":"https:\/\/insightcrime.org\/?p=169190"},"modified":"2026-08-06T12:15:47","modified_gmt":"2026-08-06T17:15:47","slug":"los-pachenca","status":"publish","type":"post","link":"https:\/\/insightcrime.org\/es\/noticias-crimen-organizado-colombia\/los-pachenca\/","title":{"rendered":"Autodefensas Conquistadoras de la Sierra Nevada (ACSN)"},"content":{"rendered":"\n<p class=\"wp-block-paragraph\">Las Autodefensas Conquistadoras de la Sierra Nevada (ACSN), tambi\u00e9n conocidas como \u201cLos Pachenca\u201d, son un grupo armado que surgi\u00f3 tras la desmovilizaci\u00f3n de organizaciones paramilitares en Colombia a comienzos del siglo XXI.<\/p>\n\n\n\n<p class=\"wp-block-paragraph\">Desde entonces, las ACSN han consolidado su poder en la <a href=\"https:\/\/insightcrime.org\/es\/noticias\/analisis\/los-pachenca-sobreviven-colombia\/\" target=\"_blank\" rel=\"noreferrer noopener\">Sierra Nevada de Santa Marta<\/a>, en el departamento de Magdalena, donde controlan m\u00faltiples corredores del narcotr\u00e1fico y dirigen amplias redes de extorsi\u00f3n. Desde all\u00ed se han expandido a otras regiones, consolid\u00e1ndose como uno de los principales actores criminales en las din\u00e1micas ilegales del norte del pa\u00eds.<\/p>\n\n\n\n<h2 id=\"h-en-este-perfil\" class=\"wp-block-heading\">En este perfil:<\/h2>\n\n\n\n<ul class=\"wp-block-list\">\n<li><a href=\"#h-ultimas-noticias-de-las-autodefensas-conquistadoras-de-la-sierra-nevada-acsn\" data-type=\"internal\" data-id=\"#h-ultimas-noticias-de-las-autodefensas-conquistadoras-de-la-sierra-nevada-acsn\" target=\"_blank\" rel=\"noreferrer noopener\">\u00daltimas noticias de las Autodefensas Conquistadoras de la Sierra Nevada (ACSN)<\/a><\/li>\n\n\n\n<li><a href=\"#h-cual-es-la-historia-de-las-acsn\" data-type=\"internal\" data-id=\"#h-cual-es-la-historia-de-las-acsn\" target=\"_blank\" rel=\"noreferrer noopener\">\u00bfCu\u00e1l es la historia de las ACSN?<\/a><\/li>\n\n\n\n<li><a href=\"#h-quienes-son-los-lideres-de-las-acsn\" data-type=\"internal\" data-id=\"#h-quienes-son-los-lideres-de-las-acsn\" target=\"_blank\" rel=\"noreferrer noopener\">\u00bfQui\u00e9nes son los l\u00edderes de las ACSN?<\/a><\/li>\n\n\n\n<li><a href=\"#h-donde-operan-las-acsn\" data-type=\"internal\" data-id=\"#h-donde-operan-las-acsn\" target=\"_blank\" rel=\"noreferrer noopener\">\u00bfD\u00f3nde operan las ACSN?<\/a><\/li>\n\n\n\n<li><a href=\"#h-quienes-son-los-aliados-y-enemigos-de-las-acsn\" data-type=\"internal\" data-id=\"#h-quienes-son-los-aliados-y-enemigos-de-las-acsn\" target=\"_blank\" rel=\"noreferrer noopener\">\u00bfQui\u00e9nes son los aliados y enemigos de las ACSN?<\/a><\/li>\n\n\n\n<li><a href=\"#h-cual-es-el-panorama-para-las-acsn\" data-type=\"internal\" data-id=\"#h-cual-es-el-panorama-para-las-acsn\" target=\"_blank\" rel=\"noreferrer noopener\">\u00bfCu\u00e1l es el panorama para las ACSN?<\/a><\/li>\n<\/ul>\n\n\n\n<div class=\"wp-block-group has-background\" style=\"background-color:#f3f0ef\"><div class=\"wp-block-group__inner-container is-layout-constrained wp-block-group-is-layout-constrained\">\n<h2 id=\"h-ultimas-noticias-de-las-autodefensas-conquistadoras-de-la-sierra-nevada-acsn\" class=\"wp-block-heading\"><strong>\u00daltimas noticias de las Autodefensas Conquistadoras de la Sierra Nevada<\/strong> (ACSN)<\/h2>\n\n\n\n<h3 id=\"h-10-de-julio-de-2026-desmantelan-red-de-narcotrafico-asociada-a-las-acsn\" class=\"wp-block-heading\"><em>10 de julio de 2026 &#8211; Desmantelan red de narcotr\u00e1fico asociada a las ACSN<\/em><\/h3>\n\n\n\n<p class=\"wp-block-paragraph\" id=\"h-february-19-2026-most-recently-in-january-2026-the-chapitos-faction-was-linked-to-the-kidnapping-of-10-mine-workers-from-a-rural-municipality-in-the-southern-part-of-sinaloa-state-as-well-as-the-murder-of-at-least-five-of-the-workers-whose-bodies-were-found-in-a-mass-grave-the-following-month\">En un operativo de las autoridades colombianas, con el apoyo de agencias de seguridad estadounidenses, fueron <a href=\"https:\/\/www.eltiempo.com\/justicia\/conflicto-y-narcotrafico\/capturan-con-fines-de-extradicion-a-seis-presuntos-integrantes-de-una-red-que-enviaba-cocaina-en-vuelos-privados-desde-santa-marta-3570413\" target=\"_blank\" rel=\"noreferrer noopener nofollow\">capturadas<\/a> seis personas en la ciudad de Santa Marta, en el departamento de Magdalena, acusadas de integrar una red de narcotr\u00e1fico asociada a las ACSN. La red presuntamente enviaba coca\u00edna desde el aeropuerto de Santa Marta a distintos destinos internacionales, entre ellos Estados Unidos, mediante vuelos privados. El rol de las ACSN era el de <a href=\"https:\/\/insightcrime.org\/es\/noticias\/urabenos-pachenca-lucha-puertos-santa-marta-colombia\/\" target=\"_blank\" rel=\"noreferrer noopener\">brindar<\/a> apoyo log\u00edstico y de seguridad a los cargamentos.<\/p>\n<\/div><\/div>\n\n\n\n<h2 id=\"h-cual-es-la-historia-de-las-acsn\" class=\"wp-block-heading\">\u00bfCu\u00e1l es la historia de las ACSN?<\/h2>\n\n\n\n<p class=\"wp-block-paragraph\">Las ACSN surgieron de la desmovilizaci\u00f3n del Bloque Resistencia Tayrona (BRT) de las Autodefensas Unidas de Colombia (<a href=\"https:\/\/insightcrime.org\/es\/noticias-crimen-organizado-colombia\/auc-perfil\/\" target=\"_blank\" rel=\"noreferrer noopener\">AUC<\/a>), bajo el mando de Hern\u00e1n Giraldo Serna, alias \u201cEl Patr\u00f3n\u201d.&nbsp;<\/p>\n\n\n\n<p class=\"wp-block-paragraph\">El BRT comenz\u00f3 como un grupo de protecci\u00f3n para pol\u00edticos, comerciantes y marimberos \u2014como eran conocidos los cultivadores de marihuana de la zona de la Sierra Nevada de Santa Marta\u2014 denominados localmente como \u201cChamizos\u201d. Tras la expansi\u00f3n de la guerrilla de las Fuerzas Armadas Revolucionarias de Colombia (<a href=\"https:\/\/es.insightcrime.org\/noticias-crimen-organizado-colombia\/farc-perfil\/\" target=\"_blank\" rel=\"noreferrer noopener\">FARC<\/a>), Giraldo ampli\u00f3 su grupo y lo bautiz\u00f3 las \u201cAutodefensas del Mamey\u201d. Para finales de los a\u00f1os 90 se hac\u00edan llamar Autodefensas Campesinas del Magdalena y La Guajira (ACMG).\u00a0<\/p>\n\n\n\n<p class=\"wp-block-paragraph\">Tras articularse con la estructura de las AUC, coordinada por los hermanos Carlos y Vicente Casta\u00f1o, el grupo liderado por Giraldo gan\u00f3 poder e influencia en Magdalena y en el vecino departamento de La Guajira. Luego de pugnas internas, el grupo fue renombrado Frente Resistencia Tayrona en 2002 y posteriormente reconvertido en Bloque Resistencia Tayrona en 2005.<\/p>\n\n\n\n<p class=\"wp-block-paragraph\">El BRT se desmoviliz\u00f3 en febrero de 2006 y, en 2008, Giraldo fue <a href=\"https:\/\/insightcrime.org\/es\/investigaciones\/rehacer-la-vida-mientras-las-balas-siguen-sonando\/\" target=\"_blank\" rel=\"noreferrer noopener\">extraditado<\/a> a Estados Unidos. Sin embargo, dej\u00f3 tras de s\u00ed una extensa red de hijos, hermanos y sobrinos que siguieron a la cabeza de las operaciones criminales de la Oficina del Caribe, una red criminal creada por Giraldo en 2003, y tambi\u00e9n conocida como los Giraldo.&nbsp;<\/p>\n\n\n\n<p class=\"wp-block-paragraph\">En 2012, el grupo <a href=\"https:\/\/insightcrime.org\/es\/noticias\/analisis\/arresto-puede-afectar-la-guerra-de-los-urabenos-en-el-caribe-de-colombia\/\" target=\"_blank\" rel=\"noreferrer noopener\">entr\u00f3 en disputa<\/a> con las Autodefensas Gaitanistas de Colombia (<a href=\"https:\/\/insightcrime.org\/es\/noticias-crimen-organizado-colombia\/urabenos-perfil\/\" target=\"_blank\" rel=\"noreferrer noopener\">AGC<\/a>), tambi\u00e9n conocidas como Urabe\u00f1os y Clan del Golfo, por el control de territorios clave para el narcotr\u00e1fico. Los enfrentamientos causaron m\u00e1s de 150 muertos en pocos meses, seg\u00fan medios de comunicaci\u00f3n de la \u00e9poca.<\/p>\n\n\n\n<p class=\"wp-block-paragraph\">El conflicto comenz\u00f3 a apaciguarse despu\u00e9s de que un antiguo lugarteniente de las AGC, Jes\u00fas Mar\u00eda Aguirre Gallego, alias \u201cChucho Mercanc\u00eda\u201d o \u201cChucho Pachenca\u201d, asumiera el liderazgo del clan Giraldo en 2013.&nbsp;<\/p>\n\n\n\n<p class=\"wp-block-paragraph\">Bajo el mando de \u201cChucho Mercanc\u00eda\u201d, los Gaitanistas y los herederos de Giraldo se convirtieron en aliados, y trabajaron juntos para sacar la droga del norte del pa\u00eds. Fue tambi\u00e9n en ese momento cuando el grupo adopt\u00f3 el nombre de Los Pachenca.<\/p>\n\n\n\n<p class=\"wp-block-paragraph\">A pesar de una relativa calma que dur\u00f3 varios a\u00f1os, a finales de la d\u00e9cada de 2010, la posici\u00f3n de Los Pachenca se debilit\u00f3 debido a divisiones internas y golpes asestados por la fuerza p\u00fablica. El primero de ellos fue la detenci\u00f3n del segundo al mando del grupo, John Salazar Salcedo, alias \u201cFlash\u201d, en mayo de 2019. Apenas un mes despu\u00e9s, Chucho Mercanc\u00eda fue <a href=\"https:\/\/insightcrime.org\/es\/noticias\/analisis\/muere-lider-pachenca-futuro-colombia\/\" target=\"_blank\" rel=\"noreferrer noopener\">asesinado<\/a> por las autoridades, presuntamente traicionado por alguien de su c\u00edrculo cercano.\u00a0\u00a0<\/p>\n\n\n\n<p class=\"wp-block-paragraph\">Tras la muerte de Mercanc\u00eda, el sobrino de Giraldo, Deimer Pati\u00f1o Giraldo, alias \u201c80\u201d, asumi\u00f3 el liderazgo del grupo, dando lugar a un nuevo nombre: Autodefensas Conquistadoras de la Sierra Nevada (ACSN). Adem\u00e1s, la muerte de Chucho Mercanc\u00eda provoc\u00f3 nuevas tensiones con las AGC y, una vez m\u00e1s, ambas partes empezaron a disputarse zonas clave del narcotr\u00e1fico en el Caribe.&nbsp;<\/p>\n\n\n\n<p class=\"wp-block-paragraph\">Sin embargo, justo un a\u00f1o despu\u00e9s, 80 fue asesinado durante una operaci\u00f3n policial. La polic\u00eda identific\u00f3 a varios posibles sucesores, entre los que destacaban los hermanos Castillo: Fredy Castillo Carrillo, alias \u201cPinocho\u201d, y Carmen Evelio Castillo Carrillo, alias \u201cMu\u00f1eca\u201d.&nbsp;<\/p>\n\n\n\n<p class=\"wp-block-paragraph\">En enero de 2021, Hern\u00e1n Giraldo regres\u00f3 a Colombia tras cumplir una condena de 12 a\u00f1os de prisi\u00f3n por cargos de narcotr\u00e1fico en Estados Unidos. Sin embargo, volvi\u00f3 a estar pronto tras las rejas al ser <a href=\"https:\/\/insightcrime.org\/es\/noticias\/exparamilitar-colombiano-hernan-giraldo-acusado-abusar-menores\/\" target=\"_blank\" rel=\"noreferrer noopener\">acusado de abusar sexualmente de menores<\/a> durante los a\u00f1os que estuvo recluido en Colombia.<\/p>\n\n\n\n<p class=\"wp-block-paragraph\">A finales de 2022, las ACSN solicitaron ser incluidas en la \u201c<a href=\"https:\/\/insightcrime.org\/es\/tag\/series-paz-total\/\" target=\"_blank\" rel=\"noreferrer noopener\">Paz Total<\/a>\u201d, la pol\u00edtica insignia del presidente colombiano, Gustavo Petro, que preve\u00eda conversaciones con cualquier grupo armado dispuesto a negociar con el gobierno. Cuando el Estado ofreci\u00f3 un alto al fuego bilateral de seis meses con los grupos que participaran en las conversaciones en enero de 2023, las ACSN aceptaron.&nbsp;<\/p>\n\n\n\n<p class=\"wp-block-paragraph\">Sin embargo, las negociaciones no avanzaron m\u00e1s all\u00e1 de conversaciones informales preliminares, y cuando el cese al fuego expir\u00f3 en junio de 2023, el gobierno ignor\u00f3 los llamamientos de las ACSN para renovarlo en ese momento.&nbsp;<\/p>\n\n\n\n<p class=\"wp-block-paragraph\">A inicios de agosto de 2024, el gobierno de Gustavo Petro <a href=\"https:\/\/es.scribd.com\/document\/757271181\/Resolucion-mesa-Ascn-1-de-agosto#from_embed\" target=\"_blank\" rel=\"noreferrer noopener\">anunci\u00f3<\/a>, mediante una resoluci\u00f3n oficial, el establecimiento de \u201cconversaciones sociojur\u00eddicas\u201d con el grupo armado. Este tipo de categorizaci\u00f3n de los di\u00e1logos implica que, para el gobierno, este grupo no tiene ning\u00fan reconocimiento pol\u00edtico. Como respuesta, el grupo anunci\u00f3 el cese de sus \u201coperaciones militares\u201d.\u00a0<\/p>\n\n\n\n<p class=\"wp-block-paragraph\">A pesar de haber designado delegados del gobierno y representantes del grupo ilegal, la instalaci\u00f3n de la mesa de di\u00e1logos se fue postergando. Mientras tanto, las operaciones contra el grupo se manten\u00edan.<\/p>\n\n\n\n<p class=\"wp-block-paragraph\">En abril de 2025, el ej\u00e9rcito <a href=\"https:\/\/elpais.com\/america-colombia\/2025-04-05\/las-autodefensas-conquistadoras-de-la-sierra-nevada-suspenden-los-dialogos-de-paz-con-el-gobierno.html?utm_source=chatgpt.com\" target=\"_blank\" rel=\"noreferrer noopener nofollow\">atac\u00f3<\/a> un campamento de las ACSN en Magdalena, lo que provoc\u00f3 la muerte de tres combatientes. A ra\u00edz de eso, el grupo ilegal suspendi\u00f3 el proceso de acercamientos con el gobierno. <\/p>\n\n\n\n<p class=\"wp-block-paragraph\">Cuatro meses despu\u00e9s, en agosto de 2025, el gobierno colombiano design\u00f3 a las ACSN como Grupo Armado Organizado (GAO), lo que significa que son combatidas conforme a las normas del Derecho Internacional Humanitario (DIH).\u00a0<\/p>\n\n\n\n<p class=\"wp-block-paragraph\">Si bien tras esta designaci\u00f3n el gobierno mantuvo las operaciones militares contra el grupo, tambi\u00e9n se conservaron los canales de comunicaci\u00f3n con el grupo ilegal, con miras a retomar los avances en el proceso de di\u00e1logo.<\/p>\n\n\n\n<p class=\"wp-block-paragraph\">En febrero de 2026, el gobierno y las ACSN anunciaron la firma de un acuerdo de desescalamiento en el que el grupo se <a href=\"https:\/\/www.presidencia.gov.co\/prensa\/Paginas\/Gobierno-acuerda-medidas-de-desescalamiento-con-Autodefensas-Conquistadores-260219.aspx\" target=\"_blank\" rel=\"noreferrer noopener nofollow\">comprometi\u00f3<\/a> a frenar las acciones ofensivas contra las fuerzas de seguridad y salvaguardar la integridad de las comunidades.&nbsp;<\/p>\n\n\n\n<p class=\"wp-block-paragraph\">Sin embargo, eso no ha detenido los combates entre el Ej\u00e9rcito y el grupo ilegal. Tras un operativo militar en su contra en junio de 2026, el grupo se <a href=\"https:\/\/www.elespectador.com\/colombia-20\/analistas\/el-pulso-que-el-estado-perdio-con-las-autodefensas-conquistadoras-de-la-sierra-nevada-en-la-troncal-del-caribe\/\" target=\"_blank\" rel=\"noreferrer noopener nofollow\">enfrent\u00f3<\/a> al ej\u00e9rcito y bloque\u00f3 por m\u00e1s de 36 horas la principal v\u00eda que conecta los diferentes departamentos del norte de Colombia. Mientras tanto, los di\u00e1logos con el gobierno no han iniciado oficialmente.<\/p>\n\n\n\n<h2 id=\"h-quienes-son-los-lideres-de-las-acsn\" class=\"wp-block-heading\">\u00bfQui\u00e9nes son los l\u00edderes de las ACSN?<\/h2>\n\n\n\n<p class=\"wp-block-paragraph\">Desde su formaci\u00f3n, el liderazgo de las ACSN ha estado relacionado con Hern\u00e1n Giraldo y su extensa red familiar. Sin embargo, Giraldo ha negado tener v\u00ednculos con el grupo, y no est\u00e1 claro qu\u00e9 influencia ejerce en las operaciones cotidianas del grupo desde su extradici\u00f3n a Estados Unidos.&nbsp;&nbsp;<\/p>\n\n\n\n<p class=\"wp-block-paragraph\">Actualmente, el <a href=\"https:\/\/storage.ideaspaz.org\/documents\/fip_informe_mesas_acsn.pdf\" target=\"_blank\" rel=\"noreferrer noopener nofollow\">liderazgo<\/a> de las ACSN est\u00e1 en cabeza de los hermanos Fredy Castillo Carrillo, alias \u201cPinocho\u201d, y Carmen Evelio Castillo Carrillo, alias \u201cMu\u00f1eca\u201d, quienes en el pasado hicieron parte del BRT.&nbsp;<\/p>\n\n\n\n<p class=\"wp-block-paragraph\">Pinocho fue extraditado a Estados Unidos para enfrentar cargos de narcotr\u00e1fico en 2008. Tras cumplir su condena, fue deportado a Colombia en 2011. En 2022 fue detenido en Espa\u00f1a y extraditado a Colombia para enfrentar nuevos cargos de asesinato y conspiraci\u00f3n criminal. En junio de 2023, fue puesto en libertad tras una pol\u00e9mica resoluci\u00f3n judicial. Aunque la sentencia fue revocada posteriormente, Pinocho sigue en libertad.\u00a0<\/p>\n\n\n\n<p class=\"wp-block-paragraph\">Por su parte, Mu\u00f1eca fue capturado en junio de 2024 en la ciudad de Pereira, en el departamento de Risaralda.<\/p>\n\n\n\n<p class=\"wp-block-paragraph\">En junio de 2025, el gobierno de Gustavo Petro <a href=\"https:\/\/storage.ideaspaz.org\/documents\/fip_informe_mesas_acsn.pdf\" target=\"_blank\" rel=\"noreferrer noopener nofollow\">reconoci\u00f3<\/a> a Pinocho y a Mu\u00f1eca como miembros representantes del grupo ilegal en las negociaciones de paz. Si bien ambos tienen orden de captura con fines de extradici\u00f3n a Estados Unidos, el presidente detuvo los tr\u00e1mites de entrega al pa\u00eds norteamericano mientras ambos contin\u00faen aportando a los procesos de Paz Total.<\/p>\n\n\n\n<p class=\"wp-block-paragraph\">Adem\u00e1s de los hermanos Castillo Carrillo, otros cabecillas del grupo son Jos\u00e9 P\u00e9rez Villanueva, alias \u201cCholo\u201d, y Orlando P\u00e9rez, alias \u201cPatilizo\u201d.<\/p>\n\n\n\n<p class=\"wp-block-paragraph\">Na\u00edn Andr\u00e9s P\u00e9rez, alias \u201cBendito menor\u201d, comandante del Frente Javier C\u00e1ceres que opera en La Guajira, ha ganado popularidad por sus constantes amenazas y desaf\u00edos a la autoridad en redes sociales.<\/p>\n\n\n\n<h2 id=\"h-donde-operan-las-acsn\" class=\"wp-block-heading\">\u00bfD\u00f3nde operan las ACSN?<\/h2>\n\n\n\n<p class=\"wp-block-paragraph\">Seg\u00fan cifras de la Fuerza P\u00fablica, para finales de 2025 las ACSN <a href=\"https:\/\/storage.ideaspaz.org\/documents\/cifras-fip-2025.pdf\" target=\"_blank\" rel=\"noreferrer noopener nofollow\">contaban<\/a> con unos 620 miembros, de los cuales 352 est\u00e1n en armas y 268 en las redes de apoyo.<\/p>\n\n\n\n<p class=\"wp-block-paragraph\">El principal enclave del grupo se encuentra en la Sierra Nevada de Santa Marta, pero su influencia se extiende hacia la frontera con Venezuela, en el departamento de La Guajira, y el norte de Cesar. Recientemente, el grupo ha emprendido procesos de expansi\u00f3n hacia otros municipios en La Guajira y Cesar e incluso a otros departamentos como Santander y Norte de Santander, este \u00faltimo estrat\u00e9gico por compartir frontera con Venezuela.<\/p>\n\n\n\n<p class=\"wp-block-paragraph\">Su control sobre la regi\u00f3n tambi\u00e9n les ha permitido establecer amplias redes de extorsi\u00f3n. El grupo recauda pagos regulares de comerciantes y residentes en estas zonas, especialmente del sector tur\u00edstico, que ha experimentado un auge en las playas que rodean la Sierra Nevada. Tambi\u00e9n se beneficia de la venta ilegal de tierras en la regi\u00f3n, presionando a los propietarios para que vendan sus propiedades y entreguen al grupo un porcentaje de la venta. Si un propietario se niega, el grupo se apodera de la propiedad, desplazando por la fuerza al due\u00f1o, y luego vende directamente la parcela.<\/p>\n\n\n\n<h2 id=\"h-quienes-son-los-aliados-y-enemigos-de-las-acsn\" class=\"wp-block-heading\">\u00bfQui\u00e9nes son los aliados y enemigos de las ACSN?<\/h2>\n\n\n\n<p class=\"wp-block-paragraph\">Los Gaitanistas han sido uno de los principales aliados de las ACSN y, a la vez, sus enemigos m\u00e1s ac\u00e9rrimos. Aunque en un principio se enfrentaron, las ACSN pasaron varios a\u00f1os siendo uno de los principales operadores de los Gaitanistas en el tr\u00e1fico de drogas en el norte de Colombia.<\/p>\n\n\n\n<p class=\"wp-block-paragraph\">Pero desde 2021, los dos grupos libran una brutal guerra por el control del narcotr\u00e1fico en los departamentos de Magdalena, La Guajira y Cesar. Este conflicto se ha expandido incluso hasta el departamento de Norte de Santander.<\/p>\n\n\n\n<p class=\"wp-block-paragraph\">Asimismo, las Autodefensas Conquistadoras de la Sierra Nevada han establecido v\u00ednculos con peque\u00f1as bandas de sicarios, sobre todo en las zonas urbanas donde tienen presencia.<\/p>\n\n\n\n<h2 id=\"h-cual-es-el-panorama-para-las-acsn\" class=\"wp-block-heading\">\u00bfCu\u00e1l es el panorama para las ACSN?<\/h2>\n\n\n\n<p class=\"wp-block-paragraph\">Desde su creaci\u00f3n, las ACSN han demostrado en varias ocasiones su resistencia y capacidad para recuperarse de los reveses. Esto se debe en gran medida a su presencia hist\u00f3rica en la Sierra Nevada de Santa Marta y al poder que el clan Giraldo ejerce en estos territorios. M\u00e1s de tres d\u00e9cadas de influencia ininterrumpida de la familia Giraldo y sus asociados han creado redes sociales, familiares y comunitarias que han dejado al grupo firmemente atrincherado y capaz de resistir a los ataques tanto de la fuerza p\u00fablica como de rivales criminales como los Gaitanistas.<\/p>\n\n\n\n<p class=\"wp-block-paragraph\">A pesar de los persistentes esfuerzos del grupo por mantener negociaciones con el gobierno colombiano, las perspectivas del proceso son poco alentadoras. El relevo presidencial de agosto de 2026 supone un giro hacia una pol\u00edtica de \u201cmano dura\u201d contra los grupos ilegales, impulsada por Abelardo de la Espriella, lo que reduce las posibilidades de di\u00e1logo. En julio, De la Espriella incluso se\u00f1al\u00f3 a Bendito Menor, l\u00edder de las ACSN, como uno de sus principales <a href=\"https:\/\/www.elcolombiano.com\/colombia\/bendito-menor-objetivo-militar-abelardo-de-la-espriella-los-pachenca-EL38664624\" target=\"_blank\" rel=\"noreferrer noopener nofollow\">objetivos militares<\/a>.&nbsp;<\/p>\n","protected":false},"excerpt":{"rendered":"<p>Autodefensas Conquistadoras de la Sierra Nevada (ACSN): historia, l\u00edderes, zonas de operaci\u00f3n y actividades criminales. Perfil actualizado de 2026.<\/p>\n","protected":false},"author":188,"featured_media":347151,"comment_status":"closed","ping_status":"closed","sticky":false,"template":"","format":"standard","meta":{"newspack_ads_suppress_ads":false,"newspack_popups_has_disabled_popups":false,"newspack_sponsor_sponsorship_scope":"","newspack_sponsor_native_byline_display":"inherit","newspack_sponsor_native_category_display":"inherit","newspack_sponsor_underwriter_style":"inherit","newspack_sponsor_underwriter_placement":"inherit","_EventAllDay":false,"_EventTimezone":"","_EventStartDate":"","_EventEndDate":"","_EventStartDateUTC":"","_EventEndDateUTC":"","_EventShowMap":false,"_EventShowMapLink":false,"_EventURL":"","_EventCost":"","_EventCostDescription":"","_EventCurrencySymbol":"","_EventCurrencyCode":"","_EventCurrencyPosition":"","_EventDateTimeSeparator":"","_EventTimeRangeSeparator":"","_EventOrganizerID":[],"_EventVenueID":[],"_OrganizerEmail":"","_OrganizerPhone":"","_OrganizerWebsite":"","_VenueAddress":"","_VenueCity":"","_VenueCountry":"","_VenueProvince":"","_VenueState":"","_VenueZip":"","_VenuePhone":"","_VenueURL":"","_VenueStateProvince":"","_VenueLat":"","_VenueLng":"","_VenueShowMap":false,"_VenueShowMapLink":false,"_newspack_byline_active":false,"_newspack_byline":"","newspack_hide_updated_date":false,"newspack_show_updated_date":true,"newspack_featured_image_position":"","newspack_post_subtitle":"","newspack_article_summary_title":"Overview:","newspack_article_summary":"","_jetpack_memberships_contains_paid_content":false,"footnotes":""},"categories":[331],"tags":[368,371],"newspack_spnsrs_tax":[],"coauthors":[4351],"class_list":["post-169190","post","type-post","status-publish","format-standard","has-post-thumbnail","hentry","category-noticias-crimen-organizado-colombia","tag-colombia-pais","tag-grupos-de-colombia","entry"],"parsely":{"version":"1.1.0","canonical_url":"https:\/\/insightcrime.org\/es\/noticias-crimen-organizado-colombia\/los-pachenca\/","smart_links":{"inbound":0,"outbound":0},"traffic_boost_suggestions_count":0,"meta":{"@context":"https:\/\/schema.org","@type":"NewsArticle","headline":"Autodefensas Conquistadoras de la Sierra Nevada (ACSN)","url":"http:\/\/insightcrime.org\/es\/noticias-crimen-organizado-colombia\/los-pachenca\/","mainEntityOfPage":{"@type":"WebPage","@id":"http:\/\/insightcrime.org\/es\/noticias-crimen-organizado-colombia\/los-pachenca\/"},"thumbnailUrl":"https:\/\/i0.wp.com\/insightcrime.org\/wp-content\/uploads\/2026\/07\/Grupo-Criminal-Autodefensas-Conquistadoras-de-la-Sierra-Nevada-Colombia.jpg?resize=150%2C150&quality=100&ssl=1","image":{"@type":"ImageObject","url":"https:\/\/i0.wp.com\/insightcrime.org\/wp-content\/uploads\/2026\/07\/Grupo-Criminal-Autodefensas-Conquistadoras-de-la-Sierra-Nevada-Colombia.jpg?fit=1200%2C900&quality=100&ssl=1"},"articleSection":"Colombia","author":[{"@type":"Person","name":"InSight Crime"}],"creator":["InSight Crime"],"publisher":{"@type":"Organization","name":"InSight Crime","logo":"https:\/\/insightcrime.org\/wp-content\/uploads\/2023\/08\/logo.png"},"keywords":["colombia","grupos de colombia"],"dateCreated":"2026-08-06T17:15:42Z","datePublished":"2026-08-06T17:15:42Z","dateModified":"2026-08-06T17:15:47Z"},"rendered":"<meta name=\"parsely-title\" content=\"Autodefensas Conquistadoras de la Sierra Nevada (ACSN)\" \/>\n<meta name=\"parsely-link\" content=\"http:\/\/insightcrime.org\/es\/noticias-crimen-organizado-colombia\/los-pachenca\/\" \/>\n<meta name=\"parsely-type\" content=\"post\" \/>\n<meta name=\"parsely-image-url\" content=\"https:\/\/i0.wp.com\/insightcrime.org\/wp-content\/uploads\/2026\/07\/Grupo-Criminal-Autodefensas-Conquistadoras-de-la-Sierra-Nevada-Colombia.jpg?resize=150%2C150&amp;quality=100&amp;ssl=1\" \/>\n<meta name=\"parsely-pub-date\" content=\"2026-08-06T17:15:42Z\" \/>\n<meta name=\"parsely-section\" content=\"Colombia\" \/>\n<meta name=\"parsely-tags\" content=\"colombia,grupos de colombia\" \/>\n<meta name=\"parsely-author\" content=\"InSight Crime\" \/>","tracker_url":"https:\/\/cdn.parsely.com\/keys\/insightcrime.org\/p.js"},"jetpack_sharing_enabled":true,"jetpack-related-posts":[{"id":169254,"url":"https:\/\/insightcrime.org\/colombia-organized-crime-news\/pachenca\/","url_meta":{"origin":169190,"position":0},"title":"Conquering Self Defense Forces of the Sierra Nevada (ACSN)","author":"InSight Crime","date":"6 de agosto de 2026","format":false,"excerpt":"The Conquering Self Defense Forces of the Sierra Nevada (Autodefensas Conquistadoras de la Sierra Nevada \u2013 ACSN), also known as Los Pachenca, is an armed group that emerged following the demobilization in 2006 of the paramilitary army led by Hern\u00e1n Giraldo, alias \u201cEl Patr\u00f3n,\u201d on Colombia's Caribbean coast.","rel":"","context":"En \u00abColombia\u00bb","block_context":{"text":"Colombia","link":"https:\/\/insightcrime.org\/category\/colombia-organized-crime-news\/"},"img":{"alt_text":"Conquering Self Defense Forces of the Sierra Nevada (ACSN), Colombia.","src":"https:\/\/i0.wp.com\/insightcrime.org\/wp-content\/uploads\/2026\/07\/Grupo-Criminal-Autodefensas-Conquistadoras-de-la-Sierra-Nevada-Colombia.jpg?fit=1200%2C900&quality=100&ssl=1&resize=350%2C200","width":350,"height":200,"srcset":"https:\/\/i0.wp.com\/insightcrime.org\/wp-content\/uploads\/2026\/07\/Grupo-Criminal-Autodefensas-Conquistadoras-de-la-Sierra-Nevada-Colombia.jpg?fit=1200%2C900&quality=100&ssl=1&resize=350%2C200 1x, https:\/\/i0.wp.com\/insightcrime.org\/wp-content\/uploads\/2026\/07\/Grupo-Criminal-Autodefensas-Conquistadoras-de-la-Sierra-Nevada-Colombia.jpg?fit=1200%2C900&quality=100&ssl=1&resize=525%2C300 1.5x, https:\/\/i0.wp.com\/insightcrime.org\/wp-content\/uploads\/2026\/07\/Grupo-Criminal-Autodefensas-Conquistadoras-de-la-Sierra-Nevada-Colombia.jpg?fit=1200%2C900&quality=100&ssl=1&resize=700%2C400 2x, https:\/\/i0.wp.com\/insightcrime.org\/wp-content\/uploads\/2026\/07\/Grupo-Criminal-Autodefensas-Conquistadoras-de-la-Sierra-Nevada-Colombia.jpg?fit=1200%2C900&quality=100&ssl=1&resize=1050%2C600 3x"},"classes":[]},{"id":137620,"url":"https:\/\/insightcrime.org\/es\/noticias\/pachenca-reaparecen-tras-retorno-lider-colombia\/","url_meta":{"origin":169190,"position":1},"title":"Los Pachenca reaparecen tras el retorno de su l\u00edder a Colombia","author":"Juan Diego Posada","date":"18 de marzo de 2021","format":false,"excerpt":"El retorno del hist\u00f3rico l\u00edder paramilitar Hern\u00e1n Giraldo habr\u00eda unificado la aparici\u00f3n del grupo al norte de Colombia, aunque desde hace a\u00f1os este pierde poder en terreno. Cambios de nombre, rendici\u00f3n y disputas con redes criminales, rodean hoy el escenario de los Pachenca.","rel":"","context":"En \u00abNoticias\u00bb","block_context":{"text":"Noticias","link":"https:\/\/insightcrime.org\/es\/category\/noticias\/"},"img":{"alt_text":"Hern\u00e1n Giraldo es custodiado por guardias colombianos","src":"https:\/\/i0.wp.com\/insightcrime.org\/wp-content\/uploads\/2021\/03\/giraldo_hernan.jpg?fit=350%2C250&quality=100&ssl=1&resize=350%2C200","width":350,"height":200},"classes":[]},{"id":165787,"url":"https:\/\/insightcrime.org\/es\/noticias\/urabenos-pachenca-lucha-puertos-santa-marta-colombia\/","url_meta":{"origin":169190,"position":2},"title":"Gaitanistas vs. Pachenca: la lucha por los puertos de Santa Marta en Colombia","author":"Juan Diego Posada","date":"19 de agosto de 2021","format":false,"excerpt":"La ciudad de Santa Marta, al norte de Colombia, ha visto un aumento impactante de asesinatos este a\u00f1o a medida que pandillas m\u00e1s peque\u00f1as est\u00e1n siendo reclutadas en una disputa de drogas a mayor escala.","rel":"","context":"En \u00abNoticias\u00bb","block_context":{"text":"Noticias","link":"https:\/\/insightcrime.org\/es\/category\/noticias\/"},"img":{"alt_text":"","src":"https:\/\/i0.wp.com\/insightcrime.org\/wp-content\/uploads\/2021\/08\/homicidios.jpg?fit=350%2C250&quality=100&ssl=1&resize=350%2C200","width":350,"height":200},"classes":[]},{"id":137626,"url":"https:\/\/insightcrime.org\/news\/paramilitary-leader-return-stroke-fear-northern-colombia\/","url_meta":{"origin":169190,"position":3},"title":"Los Pachenca Emerge After Return of Paramilitary Boss to Colombia","author":"Juan Diego Posada","date":"18 de marzo de 2021","format":false,"excerpt":"In the wake of former paramilitary leader Hern\u00e1n Giraldo's deportation to Colombia, an armed group linked to him has reappeared in a coastal region he once controlled, raising fears of his influence on the criminal landscape.","rel":"","context":"En \u00abNews\u00bb","block_context":{"text":"News","link":"https:\/\/insightcrime.org\/category\/news\/"},"img":{"alt_text":"Hern\u00e1n Giraldo es custodiado por guardias colombianos","src":"https:\/\/i0.wp.com\/insightcrime.org\/wp-content\/uploads\/2021\/03\/giraldo_hernan.jpg?fit=350%2C250&quality=100&ssl=1&resize=350%2C200","width":350,"height":200},"classes":[]},{"id":350985,"url":"https:\/\/insightcrime.org\/es\/noticias\/on-the-radar-fin-de-paz-total-colombia\/","url_meta":{"origin":169190,"position":4},"title":"On the Radar: \u00bfEl fin de la &#8216;Paz Total&#8217; en Colombia?","author":"Liza Schmidt","date":"3 de septiembre de 2026","format":false,"excerpt":"Esta semana en On The Radar: Colombia pone fin a negociaciones de la \u201cPaz Total\u201d y abre la puerta al regreso del glifosato, Ecuador avanza en el caso Villavicencio y la regi\u00f3n vuelve a apostar por la estrategia contra los capos.","rel":"","context":"En \u00abNoticias\u00bb","block_context":{"text":"Noticias","link":"https:\/\/insightcrime.org\/es\/category\/noticias\/"},"img":{"alt_text":"","src":"https:\/\/i0.wp.com\/insightcrime.org\/wp-content\/uploads\/2026\/09\/Agosto-OTR-template-featured-image-website.jpg?fit=1200%2C675&quality=100&ssl=1&resize=350%2C200","width":350,"height":200,"srcset":"https:\/\/i0.wp.com\/insightcrime.org\/wp-content\/uploads\/2026\/09\/Agosto-OTR-template-featured-image-website.jpg?fit=1200%2C675&quality=100&ssl=1&resize=350%2C200 1x, https:\/\/i0.wp.com\/insightcrime.org\/wp-content\/uploads\/2026\/09\/Agosto-OTR-template-featured-image-website.jpg?fit=1200%2C675&quality=100&ssl=1&resize=525%2C300 1.5x, https:\/\/i0.wp.com\/insightcrime.org\/wp-content\/uploads\/2026\/09\/Agosto-OTR-template-featured-image-website.jpg?fit=1200%2C675&quality=100&ssl=1&resize=700%2C400 2x, https:\/\/i0.wp.com\/insightcrime.org\/wp-content\/uploads\/2026\/09\/Agosto-OTR-template-featured-image-website.jpg?fit=1200%2C675&quality=100&ssl=1&resize=1050%2C600 3x"},"classes":[]},{"id":188661,"url":"https:\/\/insightcrime.org\/es\/noticias-crimen-organizado-colombia\/jobanis-de-jesus-avila-villadiego-alias-chiquito-malo\/","url_meta":{"origin":169190,"position":5},"title":"Jobanis de Jes\u00fas \u00c1vila Villadiego, alias \u2018Chiquito Malo\u2019","author":"InSight Crime","date":"3 de julio de 2026","format":false,"excerpt":"Chiquito Malo, m\u00e1ximo l\u00edder del Clan del Golfo, continuar\u00e1 con una orden de captura vigente luego de que la Fiscal\u00eda colombiana rechazara suspenderla en medio de los di\u00e1logos de Paz Total.","rel":"","context":"En \u00abColombia\u00bb","block_context":{"text":"Colombia","link":"https:\/\/insightcrime.org\/es\/category\/noticias-crimen-organizado-colombia\/"},"img":{"alt_text":"Jobanis de Jes\u00fas \u00c1vila Villadiego, alias \"Chiquito Malo\".","src":"https:\/\/i0.wp.com\/insightcrime.org\/wp-content\/uploads\/2026\/06\/Perfil-criminal-Alias-Chiquito-Malo.jpg?fit=1200%2C900&quality=100&ssl=1&resize=350%2C200","width":350,"height":200,"srcset":"https:\/\/i0.wp.com\/insightcrime.org\/wp-content\/uploads\/2026\/06\/Perfil-criminal-Alias-Chiquito-Malo.jpg?fit=1200%2C900&quality=100&ssl=1&resize=350%2C200 1x, https:\/\/i0.wp.com\/insightcrime.org\/wp-content\/uploads\/2026\/06\/Perfil-criminal-Alias-Chiquito-Malo.jpg?fit=1200%2C900&quality=100&ssl=1&resize=525%2C300 1.5x, https:\/\/i0.wp.com\/insightcrime.org\/wp-content\/uploads\/2026\/06\/Perfil-criminal-Alias-Chiquito-Malo.jpg?fit=1200%2C900&quality=100&ssl=1&resize=700%2C400 2x, https:\/\/i0.wp.com\/insightcrime.org\/wp-content\/uploads\/2026\/06\/Perfil-criminal-Alias-Chiquito-Malo.jpg?fit=1200%2C900&quality=100&ssl=1&resize=1050%2C600 3x"},"classes":[]}],"jetpack_featured_media_url":"https:\/\/i0.wp.com\/insightcrime.org\/wp-content\/uploads\/2026\/07\/Grupo-Criminal-Autodefensas-Conquistadoras-de-la-Sierra-Nevada-Colombia.jpg?fit=1200%2C900&quality=100&ssl=1","_links":{"self":[{"href":"https:\/\/insightcrime.org\/es\/wp-json\/wp\/v2\/posts\/169190","targetHints":{"allow":["GET"]}}],"collection":[{"href":"https:\/\/insightcrime.org\/es\/wp-json\/wp\/v2\/posts"}],"about":[{"href":"https:\/\/insightcrime.org\/es\/wp-json\/wp\/v2\/types\/post"}],"author":[{"embeddable":true,"href":"https:\/\/insightcrime.org\/es\/wp-json\/wp\/v2\/users\/188"}],"replies":[{"embeddable":true,"href":"https:\/\/insightcrime.org\/es\/wp-json\/wp\/v2\/comments?post=169190"}],"version-history":[{"count":15,"href":"https:\/\/insightcrime.org\/es\/wp-json\/wp\/v2\/posts\/169190\/revisions"}],"predecessor-version":[{"id":348508,"href":"https:\/\/insightcrime.org\/es\/wp-json\/wp\/v2\/posts\/169190\/revisions\/348508"}],"wp:featuredmedia":[{"embeddable":true,"href":"https:\/\/insightcrime.org\/es\/wp-json\/wp\/v2\/media\/347151"}],"wp:attachment":[{"href":"https:\/\/insightcrime.org\/es\/wp-json\/wp\/v2\/media?parent=169190"}],"wp:term":[{"taxonomy":"category","embeddable":true,"href":"https:\/\/insightcrime.org\/es\/wp-json\/wp\/v2\/categories?post=169190"},{"taxonomy":"post_tag","embeddable":true,"href":"https:\/\/insightcrime.org\/es\/wp-json\/wp\/v2\/tags?post=169190"},{"taxonomy":"newspack_spnsrs_tax","embeddable":true,"href":"https:\/\/insightcrime.org\/es\/wp-json\/wp\/v2\/newspack_spnsrs_tax?post=169190"},{"taxonomy":"author","embeddable":true,"href":"https:\/\/insightcrime.org\/es\/wp-json\/wp\/v2\/coauthors?post=169190"}],"curies":[{"name":"wp","href":"https:\/\/api.w.org\/{rel}","templated":true}]}}