{"id":170340,"date":"2021-11-01T12:41:08","date_gmt":"2021-11-01T17:41:08","guid":{"rendered":"https:\/\/insightcrime.org\/?p=170340"},"modified":"2026-03-02T12:50:42","modified_gmt":"2026-03-02T17:50:42","slug":"se-puede-hablar-fin-clan-del-golfo-colombia","status":"publish","type":"post","link":"https:\/\/insightcrime.org\/es\/news\/se-puede-hablar-fin-clan-del-golfo-colombia\/","title":{"rendered":"Tras la ca\u00edda de Otoniel, \u00bfse puede hablar del fin de Los Gaitanistas en Colombia?"},"content":{"rendered":"\n<p class=\"wp-block-paragraph\">Por varios a\u00f1os se ha considerado a Los Gaitanistas como una de las estructuras criminales m\u00e1s fuertes de Colombia. Sin embargo, tras la captura de Otoniel, su l\u00edder principal, el presidente Iv\u00e1n Duque afirm\u00f3 que se marcaba \u00abel final\u00bb de la organizaci\u00f3n \u00bfQu\u00e9 tan acertado es esto?<\/p>\n\n\n\n<p class=\"wp-block-paragraph\">La captura de Dairo Antonio \u00dasuga, alias <a href=\"https:\/\/es.insightcrime.org\/noticias-crimen-organizado-colombia\/dairo-antonio-usuga-alias-otoniel\/\" target=\"_blank\" rel=\"noreferrer noopener\">\u00abOtoniel\u00bb<\/a> el pasado 23 de octubre se pronostic\u00f3 desde hace tiempo. El l\u00edder de <a href=\"https:\/\/es.insightcrime.org\/noticias-crimen-organizado-colombia\/urabenos-perfil\/\" target=\"_blank\" rel=\"noreferrer noopener\">Los Gaitanistas<\/a>, tambi\u00e9n conocidos como Clan del Golfo, Urabe\u00f1os y Autodefensas Gaitanistas de Colombia (AGC), estuvo pr\u00f3fugo por varios a\u00f1os y se mov\u00eda constantemente entre las zonas rurales de los departamentos de Antioquia y C\u00f3rdoba con un grupo reducido de aliados y guardias. Esta movilidad constante, result\u00f3 en que las AGC operaran durante bastante tiempo sin la presencia f\u00edsica de Otoniel.&nbsp;<\/p>\n\n\n\n<p class=\"wp-block-paragraph\">A pesar de las continuas operaciones militares en contra del grupo, las AGC continuan con su control territorial sobre zonas de producci\u00f3n de coca y trafican <a href=\"https:\/\/es.insightcrime.org\/noticias\/analisis\/urabenos-narcotrafico-colombia\/\" target=\"_blank\" rel=\"noreferrer noopener\">toneladas<\/a> de coca\u00edna al extranjero. El grupo tambi\u00e9n est\u00e1 involucrado en el tr\u00e1fico de migrantes, la extorsi\u00f3n y la miner\u00eda ilegal.<\/p>\n\n\n\n<p class=\"wp-block-paragraph\">Adem\u00e1s, las AGC tienen una estructura particular que les ha permitido expandirse geogr\u00e1ficamente y adaptarse a importantes capturas y bajas a lo largo de los a\u00f1os. La captura de Otoniel no parece ser la excepci\u00f3n.<\/p>\n\n\n\n<p class=\"wp-block-paragraph\">A continuaci\u00f3n, InSight Crime presenta una radiograf\u00eda del estado actual de las AGC en Colombia, la estructura interna del grupo, sus principales zonas de control e influencia, as\u00ed como perspectivas a futuro.<\/p>\n\n\n\n<h2 class=\"wp-block-heading\" id=\"h-estructuras-y-franquicias\"><strong>Estructuras y franquicias<\/strong><\/h2>\n\n\n\n<p class=\"wp-block-paragraph\">La organizaci\u00f3n interna de las AGC est\u00e1 dise\u00f1ada para maximizar la presencia territorial, la participaci\u00f3n en econom\u00edas criminales y la adaptabilidad al cambio. Esto ha llevado al grupo a valerse de diferentes redes armadas en los territorios, principalmente compuestas por estructuras centrales y franquicias.<\/p>\n\n\n\n<p class=\"wp-block-paragraph\">Las <a href=\"https:\/\/cdn.ideaspaz.org\/media\/website\/document\/59b2f3940f71c.pdf\" target=\"_blank\" rel=\"noreferrer noopener\">estructuras<\/a> hacen parte del organigrama central de las AGC. Reciben \u00f3rdenes directas de la c\u00fapula de la organizaci\u00f3n, delimitan su presencia a territorios espec\u00edficos y tienen l\u00edneas de mando internas. Algunas, incluso, tienen a su cargo subestructuras con presencia territorial m\u00e1s focalizada.<\/p>\n\n\n\n<p class=\"wp-block-paragraph\">Las estructuras centrales se ubican en regiones claves para el grupo, desde donde aseguran su participaci\u00f3n en el narcotr\u00e1fico y la miner\u00eda ilegal.<\/p>\n\n\n\n<blockquote class=\"wp-block-quote is-layout-flow wp-block-quote-is-layout-flow\">\n<p class=\"wp-block-paragraph\"><mark style=\"background-color:rgba(0, 0, 0, 0);color:#b40026\" class=\"has-inline-color\"><strong>&nbsp;VEA TAMBI\u00c9N:<\/strong> <\/mark><a href=\"https:\/\/es.insightcrime.org\/noticias-crimen-organizado-colombia\/urabenos-perfil\/\" target=\"_blank\" rel=\"noreferrer noopener\">Los Gaitanistas &#8211; Clan del Golfo<\/a><\/p>\n<\/blockquote>\n\n\n\n<p class=\"wp-block-paragraph\">Por su parte, las franquicias funcionan de manera semi-independiente a la c\u00fapula de la organizaci\u00f3n. Generalmente, son bandas locales subcontratadas que <a href=\"https:\/\/www.eltiempo.com\/justicia\/conflicto-y-narcotrafico\/como-funciona-la-estructura-del-clan-del-golfo-243522\" target=\"_blank\" rel=\"noreferrer noopener\">act\u00faan<\/a> en nombre de las AGC cuando es necesario. <\/p>\n\n\n\n<p class=\"wp-block-paragraph\">Para el grupo, esto representa acceso a rentas criminales, fuerza sicarial y presencia territorial, aunque de manera indirecta. Para las bandas m\u00e1s peque\u00f1as, las AGC representan un aliado importante en la disputa sobre las econom\u00edas criminales locales &#8211; como la extorsi\u00f3n y el narcomenudeo.<\/p>\n\n\n\n<figure class=\"wp-block-gallery has-nested-images columns-default is-cropped wp-block-gallery-1 is-layout-flex wp-block-gallery-is-layout-flex\">\n<figure class=\"wp-block-image size-large\"><img data-recalc-dims=\"1\" loading=\"lazy\" decoding=\"async\" width=\"1300\" height=\"1550\" data-id=\"170646\" src=\"https:\/\/i0.wp.com\/es.insightcrime.org\/wp-content\/uploads\/2021\/11\/Colombia-Presencia-territorial-del-Clan-del-Golfo-InSight-Crime-Map-Oct-2021.jpg?resize=1300%2C1550&#038;quality=100&#038;ssl=1\" alt=\"\" class=\"wp-image-170646\" srcset=\"https:\/\/i0.wp.com\/insightcrime.org\/wp-content\/uploads\/2021\/11\/Colombia-Presencia-territorial-del-Clan-del-Golfo-InSight-Crime-Map-Oct-2021.jpg?w=1300&amp;quality=100&amp;ssl=1 1300w, https:\/\/i0.wp.com\/insightcrime.org\/wp-content\/uploads\/2021\/11\/Colombia-Presencia-territorial-del-Clan-del-Golfo-InSight-Crime-Map-Oct-2021.jpg?resize=252%2C300&amp;quality=100&amp;ssl=1 252w, https:\/\/i0.wp.com\/insightcrime.org\/wp-content\/uploads\/2021\/11\/Colombia-Presencia-territorial-del-Clan-del-Golfo-InSight-Crime-Map-Oct-2021.jpg?resize=859%2C1024&amp;quality=100&amp;ssl=1 859w, https:\/\/i0.wp.com\/insightcrime.org\/wp-content\/uploads\/2021\/11\/Colombia-Presencia-territorial-del-Clan-del-Golfo-InSight-Crime-Map-Oct-2021.jpg?resize=768%2C916&amp;quality=100&amp;ssl=1 768w, https:\/\/i0.wp.com\/insightcrime.org\/wp-content\/uploads\/2021\/11\/Colombia-Presencia-territorial-del-Clan-del-Golfo-InSight-Crime-Map-Oct-2021.jpg?resize=1288%2C1536&amp;quality=100&amp;ssl=1 1288w, https:\/\/i0.wp.com\/es.insightcrime.org\/wp-content\/uploads\/2021\/11\/Colombia-Presencia-territorial-del-Clan-del-Golfo-InSight-Crime-Map-Oct-2021.jpg?w=370&amp;quality=100&amp;ssl=1 370w, https:\/\/i0.wp.com\/es.insightcrime.org\/wp-content\/uploads\/2021\/11\/Colombia-Presencia-territorial-del-Clan-del-Golfo-InSight-Crime-Map-Oct-2021.jpg?w=400&amp;quality=100&amp;ssl=1 400w\" sizes=\"auto, (max-width: 1000px) 100vw, 1000px\" \/><\/figure>\n<\/figure>\n\n\n\n<h2 class=\"wp-block-heading\" id=\"h-areas-de-control\"><strong>\u00c1reas de control<\/strong><\/h2>\n\n\n\n<p class=\"wp-block-paragraph\">Estas son las regiones m\u00e1s importantes para las AGC. Aqu\u00ed controlan cultivos de coca, infraestructura para la producci\u00f3n de coca\u00edna, puntos de salida de droga, miner\u00eda ilegal y tr\u00e1fico de migrantes.<\/p>\n\n\n\n<h2 class=\"wp-block-heading\"><strong>Urab\u00e1, Sur de C\u00f3rdoba y Antioquia<\/strong><\/h2>\n\n\n\n<p class=\"wp-block-paragraph\">El grupo hered\u00f3 territorios clave en los departamentos de Antioquia y C\u00f3rdoba de las antiguas estructuras paramilitares. Es aqu\u00ed donde contin\u00faan teniendo mayor presencia y en donde Otoniel fue capturado.<\/p>\n\n\n\n<p class=\"wp-block-paragraph\">En la regi\u00f3n de Urab\u00e1 \u2013compuesta por municipios del norte de Choc\u00f3 y Antioquia\u2013 el grupo se mueve como pez en el agua. Varios de sus l\u00edderes nacieron en esta zona y all\u00ed se iniciaron en la criminalidad, formando parte de los grupos guerrilleros y paramilitares que tuvieron presencia en la regi\u00f3n desde antes de los a\u00f1os noventa.<\/p>\n\n\n\n<p class=\"wp-block-paragraph\">Urab\u00e1 es un territorio clave para el narcotr\u00e1fico. Desde el golfo, las AGC controlan la salida de grandes cantidades de coca\u00edna hacia Centroam\u00e9rica. Por ejemplo, en julio de este a\u00f1o fueron <a href=\"https:\/\/www.eltiempo.com\/colombia\/otras-ciudades\/incautan-en-choco-5-4-toneladas-de-alcaloide-avaluadas-en-usd-185-millones-603382\" target=\"_blank\" rel=\"noreferrer noopener\">incautadas<\/a> 5,4 toneladas de coca\u00edna que salieron desde el Golfo de Urab\u00e1 con destino a Costa Rica.<\/p>\n\n\n\n<p class=\"wp-block-paragraph\">Por su parte, el sur de C\u00f3rdoba se ha consolidado como un corredor estrat\u00e9gico que conecta las zonas de salida de la droga en Urab\u00e1 con los cultivos de coca y laboratorios del Bajo Cauca, en Antioquia. La regi\u00f3n del Nudo de Paramillo, entre Antioquia y C\u00f3rdoba, es central en las din\u00e1micas criminales de la zona.<\/p>\n\n\n\n<p class=\"wp-block-paragraph\">Las AGC tienen tres estructuras centrales en esta zona: \u00ab<a href=\"https:\/\/es.insightcrime.org\/noticias\/analisis\/secretos-clan-usuga-los-urabenos\/\" target=\"_blank\" rel=\"noreferrer noopener\">Central Urab\u00e1<\/a>\u00ab, \u00ab<a href=\"https:\/\/www.policia.gov.co\/noticia\/cae-presunto-cabecilla-urbano-subestructura-carlos-vazquez-del-clan-del-golfo\" target=\"_blank\" rel=\"noreferrer noopener\">Carlos V\u00e1squez<\/a>\u00bb y \u00ab<a href=\"https:\/\/blogs.lse.ac.uk\/latamcaribbean\/2017\/11\/15\/is-it-wise-to-decapitate-organised-armed-groups-the-case-of-colombias-clan-del-golfo\/\" target=\"_blank\" rel=\"noreferrer noopener\">Roberto Vargas Guti\u00e9rrez<\/a>\u00ab. Sin embargo, estas estructuras no tienen control absoluto. En la zona tambi\u00e9n hay presencia de otros actores criminales como las <a href=\"https:\/\/insightcrime.org\/colombia-organized-crime-news\/ex-farc\/\" target=\"_blank\" rel=\"noreferrer noopener\">disidencias<\/a> del Frente 18 y 36 de las antiguas Fuerzas Armadas Revolucionaras de Colombia (FARC), al igual que los <a href=\"https:\/\/es.insightcrime.org\/noticias-crimen-organizado-colombia\/los-caparrapos\/\" target=\"_blank\" rel=\"noreferrer noopener\">Caparros<\/a>. <\/p>\n\n\n\n<p class=\"wp-block-paragraph\">Estos \u00faltimos hicieron parte de la estructura de las AGC hasta 2017, cuando se separaron del grupo. Desde entonces se enfrentan directamente a su antigua casa criminal, sin lograr consolidarse como una amenaza fuerte. La <a href=\"https:\/\/es.insightcrime.org\/noticias\/colombia-presencia-velorio-caparros\/\" target=\"_blank\" rel=\"noreferrer noopener\">baja<\/a> de alias \u201cFlechas\u201d, principal l\u00edder de los Caparros a mediados del 2021, parece haber dado un espaldarazo al poder de las AGC en la zona.<\/p>\n\n\n\n<p class=\"wp-block-paragraph\">Finalmente, mediante franquicias asociadas, las AGC tienen presencia en la <a href=\"https:\/\/www.elcolombiano.com\/blogs\/revelacionesdelbajomundo\/crimen\/clan-del-golfo\" target=\"_blank\" rel=\"noreferrer noopener\">ciudad de Medell\u00edn<\/a> y sus municipios aleda\u00f1os, donde buscan controlar rentas asociadas al narcomenudo.<\/p>\n\n\n\n<p class=\"wp-block-paragraph\">En esta regi\u00f3n del norte de Colombia, las AGC no han dudado en utilizar la violencia. Han logrado decretar varios paros armados y ataques contra la <a href=\"https:\/\/www.elespectador.com\/judicial\/ataque-del-clan-del-golfo-deja-tres-de-soldados-muertos-en-antioquia\/\" target=\"_blank\" rel=\"noreferrer noopener\">fuerza p\u00fablica<\/a>. En febrero de 2021, la muerte de alias \u00ab<a href=\"https:\/\/www.eltiempo.com\/justicia\/delitos\/perfil-de-alias-marihuano-segundo-al-mando-del-golfo-que-murio-en-operativo-565349\" target=\"_blank\" rel=\"noreferrer noopener\">Marihuano<\/a>\u00bb dio lugar a un plan pistola decretado por el grupo. Por lo menos tres miebros de la fuerza p\u00fablica fueron <a href=\"https:\/\/www.noticiasrcn.com\/nacional\/tres-policias-fueron-asesinados-en-sucre-y-antioquia-375694\" target=\"_blank\" rel=\"noreferrer noopener\">asesinados<\/a> en este contexto. <\/p>\n\n\n\n<p class=\"wp-block-paragraph\">Recientemente, tras la captura de \u00abOtoniel\u00bb, cuatro soldados <a href=\"https:\/\/caracol.com.co\/emisora\/2021\/10\/26\/medellin\/1635249833_390849.html\" target=\"_blank\" rel=\"noreferrer noopener\">murieron<\/a> tras ser v\u00edctimas de atentados en el norte y Urab\u00e1 antioque\u00f1o en los \u00faltimos d\u00edas. <\/p>\n\n\n\n<h2 class=\"wp-block-heading\">Cos<strong>ta Caribe<\/strong><\/h2>\n\n\n\n<p class=\"wp-block-paragraph\">En el Caribe colombiano, el grupo tiene cada vez m\u00e1s injerencia. En la regi\u00f3n de Montes de Mar\u00eda, entre los departamentos de Bol\u00edvar y Sucre, han ganado terreno en el \u00faltimo a\u00f1o, buscando <a href=\"https:\/\/es.insightcrime.org\/noticias\/analisis\/urabenos-narcotrafico-colombia\/\" target=\"_blank\" rel=\"noreferrer noopener\">consolidarse<\/a> en este territorio que funciona como corredor estrat\u00e9gico para la salida de la droga por el Golfo de Morrosquillo.<\/p>\n\n\n\n<p class=\"wp-block-paragraph\">En el departamento de Atl\u00e1ntico tambi\u00e9n <a href=\"https:\/\/www.elheraldo.co\/judicial\/clan-del-golfo-su-presencia-en-barranquilla-y-el-area-metropolitana-847691\" target=\"_blank\" rel=\"noreferrer noopener\">han consolidado<\/a> su presencia en la ciudad de Barranquilla y municipios aleda\u00f1os. All\u00ed obtienen ganancias de la extorsi\u00f3n y el env\u00edo de droga desde las playas del departamento. De igual forma, les disputan a bandas locales el <a href=\"https:\/\/ligacontraelsilencio.com\/2021\/09\/01\/los-costenos-y-el-clan-del-golfo-se-disputan-el-microtrafico-en-barranquilla\/\" target=\"_blank\" rel=\"noreferrer noopener\">control<\/a> del narcomenudeo en la ciudad.<\/p>\n\n\n\n<p class=\"wp-block-paragraph\">M\u00e1s al norte, en el departamento de Magdalena, las AGC dieron un golpe certero a sus antiguos aliados, Los Pachenca, <a href=\"https:\/\/es.insightcrime.org\/noticias\/urabenos-pachenca-lucha-puertos-santa-marta-colombia\/\" target=\"_blank\" rel=\"noreferrer noopener\">desterr\u00e1ndolos<\/a> del control que ostentaban en el narcotr\u00e1fico desde el puerto de Santa Marta. <\/p>\n\n\n\n<h2 class=\"wp-block-heading\"><strong>\u00c1reas de influencia<\/strong><\/h2>\n\n\n\n<p class=\"wp-block-paragraph\">En estas zonas, las AGC mantienen un nivel de control fluctuante, se enfrentan constantemente con las disidencias de las FARC, el ELN, Los Pachenca y otras bandas locales.<\/p>\n\n\n\n<h2 class=\"wp-block-heading\"><strong>Choc\u00f3<\/strong><\/h2>\n\n\n\n<p class=\"wp-block-paragraph\">Las AGC han mantenido una presencia importante en el departamento de Choc\u00f3, sobre la frontera con Panam\u00e1, desde donde controlan una parte importante del <a href=\"https:\/\/www.businessinsider.com\/colombian-cartel-profiting-off-of-migrants-going-through-deadly-jungle-2021-10?international=true&amp;r=US&amp;IR=T\" target=\"_blank\" rel=\"noreferrer noopener\">tr\u00e1fico de migrantes <\/a>a trav\u00e9s del Dari\u00e9n.<\/p>\n\n\n\n<p class=\"wp-block-paragraph\">Sin embargo, las AGC no han podido consolidarse como actor dominante en la zona, debido a los continuos enfrentamientos con el Ej\u00e9rcito de Liberaci\u00f3n Nacional (ELN).<\/p>\n\n\n\n<p class=\"wp-block-paragraph\">En Choc\u00f3 hacen <a href=\"https:\/\/analisisurbano.org\/choco-entre-la-guerra-la-desigualdad-y-el-abandono-estatal\/165901\/\" target=\"_blank\" rel=\"noreferrer noopener nofollow\">presencia<\/a> las estructuras \u201c<a href=\"https:\/\/www.cgfm.mil.co\/en\/blog\/military-forces-arrest-gao-clan-del-golfo-member-choco-department\" target=\"_blank\" rel=\"noreferrer noopener\">Pablo Jos\u00e9 Montalvo Cu\u00edtiva<\/a>\u201d y \u201c<a href=\"https:\/\/www.cgfm.mil.co\/en\/blog\/army-captures-5-members-gao-clan-del-golfo-anza-antioquia\" target=\"_blank\" rel=\"noreferrer noopener\">Jairo de Jes\u00fas Durango<\/a>\u201d. Al norte, la estructura \u201c<a href=\"https:\/\/www.cgfm.mil.co\/en\/blog\/army-captures-5-members-gao-clan-del-golfo-anza-antioquia\" target=\"_blank\" rel=\"noreferrer noopener\">Efr\u00e9n Vargas Guti\u00e9rrez<\/a>\u201d controla la salida del narcotr\u00e1fico por las playas del departamento.<\/p>\n\n\n\n<p class=\"wp-block-paragraph\">Choc\u00f3 es de gran importancia para las econom\u00edas criminales la organizaci\u00f3n, y los l\u00edderes que act\u00faan en la zona son de alto valor para las fuerzas de seguridad. De hecho, alias \u201c<a href=\"https:\/\/es.insightcrime.org\/noticias-crimen-organizado-colombia\/gavilan\/\" target=\"_blank\" rel=\"noreferrer noopener\">Gavil\u00e1n<\/a>\u201d, quien fue el segundo al mando de las AGC hasta 2017, y alias <a href=\"https:\/\/www.eltiempo.com\/justicia\/delitos\/perfil-de-alias-marihuano-segundo-al-mando-del-golfo-que-murio-en-operativo-565349\" target=\"_blank\" rel=\"noreferrer noopener\">\u201cMarihuano\u201d<\/a>, quien ascendi\u00f3 en su reemplazo, fueron dados de baja en operativos de la fuerza p\u00fablica en este departamento. Ambos hombres hab\u00edan sido enviados desde Urab\u00e1 para coordinar las actividades del narcotr\u00e1fico y la miner\u00eda ilegal.<\/p>\n\n\n\n<p class=\"wp-block-paragraph\">Desde 2018, las AGC se enfrentan al ELN por el control de zonas de cultivo y procesamiento de coca\u00edna, al igual que rutas y zonas de extracci\u00f3n minera, dejando a su paso una estela de <a href=\"https:\/\/verdadabierta.com\/desplazamientos-forzados-y-confinamientos-en-choco\/\" target=\"_blank\" rel=\"noreferrer noopener\">violencia y abusos<\/a> contra la poblaci\u00f3n. <\/p>\n\n\n\n<p class=\"wp-block-paragraph\">En los \u00faltimos meses, la tensi\u00f3n parece haberse concentrado en las zonas aleda\u00f1as al r\u00edo San Juan, al sur del departamento, donde las AGC <a href=\"https:\/\/verdadabierta.com\/comunidades-del-san-juan-vuelven-a-quedar-entre-las-balas\/\" target=\"_blank\" rel=\"noreferrer noopener\">rompieron<\/a> un pacto de no agresi\u00f3n con el ELN al incursionar en el corregimiento de Dipurd\u00fa, del municipio de Istmina, el cual estaba bajo el control del grupo guerrillero. <\/p>\n\n\n\n<p class=\"wp-block-paragraph\">Los enfrentamientos que se desataron en la zona dejaron a <a href=\"https:\/\/www.elespectador.com\/judicial\/enfrentamientos-entre-el-eln-y-el-clan-del-golfo-dejan-1150-desplazados-en-choco\/\" target=\"_blank\" rel=\"noreferrer noopener\">m\u00e1s de mil personas<\/a> desplazadas.<\/p>\n\n\n\n<h2 class=\"wp-block-heading\"><strong>Norte de Santander<\/strong><\/h2>\n\n\n\n<p class=\"wp-block-paragraph\">Las AGC hicieron sus <a href=\"https:\/\/verdadabierta.com\/que-sigue-para-el-clan-usuga-en-cucuta\/\" target=\"_blank\" rel=\"noreferrer noopener\">primeras incursiones<\/a> en el departamento de Norte de Santander en 2011. Sin embargo, poco depu\u00e9s, los golpes de la fuerza p\u00fablica extinguieron su presencia casi por completo.<\/p>\n\n\n\n<p class=\"wp-block-paragraph\">A finales de 2020, las AGC decidieron probar suerte de nuevo en este territorio clave para el narcotr\u00e1fico, el contrabando y la trata de personas. Esta vez llegaron <a href=\"https:\/\/es.insightcrime.org\/noticias\/noticias-del-dia\/nueva-alianza-criminal-combate-al-eln-en-la-frontera-colombia-venezuela\/\" target=\"_blank\" rel=\"noreferrer noopener\">aliados<\/a> a Los Rastrojos, uno de los principales grupos criminales de la zona. Desde entonces, se han enfrentado al ELN por ganar un lugar en las econom\u00edas criminales de esta regi\u00f3n <a href=\"https:\/\/es.insightcrime.org\/noticias\/apuesta-urabenos-venezuela-podria-fallando\/\" target=\"_blank\" rel=\"noreferrer noopener\">de frontera con Venezuela<\/a>. <\/p>\n\n\n\n<p class=\"wp-block-paragraph\">Las AGC han enviado hombres desde Urab\u00e1 para coordinar la consolidaci\u00f3n de su estructura en Norte de Santander, sin embargo, uno tras otro han ca\u00eddo. En marzo de 2021 fue <a href=\"https:\/\/www.laopinion.com.co\/sucesos\/golpe-al-clan-del-golfo-capturado-alias-doce-e-incautada-caleta-con-material-de-guerra\" target=\"_blank\" rel=\"noreferrer noopener\">capturado<\/a> alias \u201cDoce\u201d, y en julio, alias <a href=\"https:\/\/www.rcnradio.com\/colombia\/santanderes\/cinco-abatidos-y-cinco-capturados-dejan-operativos-contra-el-clan-del-golfo-en\" target=\"_blank\" rel=\"noreferrer noopener\">\u201cDiego\u201d<\/a>, quien hab\u00eda sido enviado en su reemplazo, fue dado de baja.<\/p>\n\n\n\n<h2 class=\"wp-block-heading\"><strong>Cauca y Nari\u00f1o<\/strong><\/h2>\n\n\n\n<p class=\"wp-block-paragraph\">Los departamentos de Cauca y Nari\u00f1o conviven con la presencia armada de m\u00faltiples actores que buscan mantener el control del territorio y sus econom\u00edas criminales. All\u00ed, el ELN, las disidencias de las FARC y las AGC comparten su presencia con bandas narcotraficantes menores.<\/p>\n\n\n\n<p class=\"wp-block-paragraph\">En Nari\u00f1o, las AGC han ampliado su presencia desde 2019 por medio de su estructura \u201cH\u00e9roes de Cordillera\u201d. Su presencia se ha centrado en los municipios de Leiva, El Rosario y Policarpa. Desde all\u00ed, las AGC se han <a href=\"https:\/\/alertasstg.blob.core.windows.net\/alertas\/047-20.pdf\" target=\"_blank\" rel=\"noreferrer noopener\">expandido<\/a> a zonas del departamento del Cauca, consolidando su influencia en el municipio de Balboa. &nbsp;<\/p>\n\n\n\n<p class=\"wp-block-paragraph\">Tanto en Nari\u00f1o como Cauca, las AGC son <a href=\"https:\/\/alertasstg.blob.core.windows.net\/alertas\/036-20.pdf\" target=\"_blank\" rel=\"noreferrer noopener\">asediados<\/a> por grupos disidentes de las FARC que buscan retomar control en municipios donde estos tienen presencia. Los principales enfrentamientos se han dado con el extinto <a href=\"https:\/\/www.lasillavacia.com\/historias\/silla-nacional\/en-norte-de-narino-crecio-la-disidencia-coordinada-por-gentil-duarte\" target=\"_blank\" rel=\"noreferrer noopener\">Frente Estiven Gonz\u00e1lez<\/a> de las FARC y el Comando Coordinador de Occidente.<\/p>\n\n\n\n<p class=\"wp-block-paragraph\">Su presencia en estas zonas no es representativa si se compara con su injerencia en otras regiones. No obstante, el grupo se ha mantenido estable en municipios estrat\u00e9gicos que le garantizan rentas a partir de la participaci\u00f3n en algunos eslabones del narcotr\u00e1fico.<\/p>\n\n\n\n<h2 class=\"wp-block-heading\"><strong>Perspectivas<\/strong><\/h2>\n\n\n\n<p class=\"wp-block-paragraph\">A pesar de la captura de su principal l\u00edder, es dif\u00edcil pensar en el fin de las AGC considerando el funcionamiento de su estructura interna y la presencia territorial que a\u00fan tienen en regiones estrat\u00e9gicas. <\/p>\n\n\n\n<p class=\"wp-block-paragraph\">Aunque la c\u00fapula central se ha reducido a <a href=\"https:\/\/www.larazon.es\/internacional\/20211026\/vu5knaftjfbu5ooe7t3xucfroe.html\" target=\"_blank\" rel=\"noreferrer noopener\">tres mandos conocidos<\/a>, en los territorios las estructuras siguen marchando. Las AGC seguir\u00e1n teniendo ingresos criminales altos mientras se siga enviando coca\u00edna desde Colombia en niveles r\u00e9cord y el grupo siga controlando las lucrativas econom\u00edas criminales. Si las franquicias mantienen su lealtad, la red criminal de las AGC seguir\u00e1 siendo resistente. <\/p>\n\n\n\n<p class=\"wp-block-paragraph\"><em>Imagen principal: Dairo Antonio \u00dasuga, alias \u00abOtoniel\u00bb, es capturado por las autoridades colombianas en octubre de 2021. Cr\u00e9dito: AP.<\/em><\/p>\n","protected":false},"excerpt":{"rendered":"<p>El Clan del Golfo es una de las estructuras criminales m\u00e1s fuertes de Colombia. Durante varios a\u00f1os se han consolidado en territorios claves para econom\u00edas criminales como el narcotr\u00e1fico y la miner\u00eda ilegal. Tras la captura de su principal l\u00edder \u00bfen qu\u00e9 estado queda el grupo?<\/p>\n","protected":false},"author":203,"featured_media":170624,"comment_status":"closed","ping_status":"closed","sticky":false,"template":"","format":"standard","meta":{"newspack_ads_suppress_ads":false,"newspack_popups_has_disabled_popups":false,"newspack_sponsor_sponsorship_scope":"","newspack_sponsor_native_byline_display":"inherit","newspack_sponsor_native_category_display":"inherit","newspack_sponsor_underwriter_style":"inherit","newspack_sponsor_underwriter_placement":"inherit","_EventAllDay":false,"_EventTimezone":"","_EventStartDate":"","_EventEndDate":"","_EventStartDateUTC":"","_EventEndDateUTC":"","_EventShowMap":false,"_EventShowMapLink":false,"_EventURL":"","_EventCost":"","_EventCostDescription":"","_EventCurrencySymbol":"","_EventCurrencyCode":"","_EventCurrencyPosition":"","_EventDateTimeSeparator":"","_EventTimeRangeSeparator":"","_EventOrganizerID":[],"_EventVenueID":[],"_OrganizerEmail":"","_OrganizerPhone":"","_OrganizerWebsite":"","_VenueAddress":"","_VenueCity":"","_VenueCountry":"","_VenueProvince":"","_VenueState":"","_VenueZip":"","_VenuePhone":"","_VenueURL":"","_VenueStateProvince":"","_VenueLat":"","_VenueLng":"","_VenueShowMap":false,"_VenueShowMapLink":false,"_newspack_byline_active":false,"_newspack_byline":"","newspack_hide_updated_date":false,"newspack_show_updated_date":false,"newspack_featured_image_position":"above","newspack_post_subtitle":"","newspack_article_summary_title":"Overview:","newspack_article_summary":"","_jetpack_memberships_contains_paid_content":false,"footnotes":""},"categories":[741,741],"tags":[368,3387,2927,455,480],"newspack_spnsrs_tax":[],"coauthors":[4249],"class_list":["post-170340","post","type-post","status-publish","format-standard","has-post-thumbnail","hentry","category-news","tag-colombia-pais","tag-destacado","tag-gaitanistas","tag-infografias","tag-otoniel-usuga","entry"],"parsely":{"version":"1.1.0","canonical_url":"https:\/\/insightcrime.org\/es\/news\/se-puede-hablar-fin-clan-del-golfo-colombia\/","smart_links":{"inbound":0,"outbound":0},"traffic_boost_suggestions_count":0,"meta":{"@context":"https:\/\/schema.org","@type":"NewsArticle","headline":"Tras la ca\u00edda de Otoniel, \u00bfse puede hablar del fin de Los Gaitanistas en Colombia?","url":"http:\/\/insightcrime.org\/es\/news\/se-puede-hablar-fin-clan-del-golfo-colombia\/","mainEntityOfPage":{"@type":"WebPage","@id":"http:\/\/insightcrime.org\/es\/news\/se-puede-hablar-fin-clan-del-golfo-colombia\/"},"thumbnailUrl":"https:\/\/i0.wp.com\/insightcrime.org\/wp-content\/uploads\/2021\/10\/Colombia-Drug-Trafficker-Dairo-Antonio-Usuga-alias-Otoniel-captured-Clan-del-Golfo-cartel-AP_21297518359334-Oct-2021-A2-1.jpg?resize=150%2C150&quality=100&ssl=1","image":{"@type":"ImageObject","url":"https:\/\/i0.wp.com\/insightcrime.org\/wp-content\/uploads\/2021\/10\/Colombia-Drug-Trafficker-Dairo-Antonio-Usuga-alias-Otoniel-captured-Clan-del-Golfo-cartel-AP_21297518359334-Oct-2021-A2-1.jpg?fit=1336%2C768&quality=100&ssl=1"},"articleSection":"News","author":[{"@type":"Person","name":"Sara Garcia"}],"creator":["Sara Garcia"],"publisher":{"@type":"Organization","name":"InSight Crime","logo":"https:\/\/insightcrime.org\/wp-content\/uploads\/2023\/08\/logo.png"},"keywords":["colombia","destacado","gaitanistas","infograf\u00edas","otoniel"],"dateCreated":"2021-11-01T17:41:08Z","datePublished":"2021-11-01T17:41:08Z","dateModified":"2026-03-02T17:50:42Z"},"rendered":"<meta name=\"parsely-title\" content=\"Tras la ca\u00edda de Otoniel, \u00bfse puede hablar del fin de Los Gaitanistas en Colombia?\" \/>\n<meta name=\"parsely-link\" content=\"http:\/\/insightcrime.org\/es\/news\/se-puede-hablar-fin-clan-del-golfo-colombia\/\" \/>\n<meta name=\"parsely-type\" content=\"post\" \/>\n<meta name=\"parsely-image-url\" content=\"https:\/\/i0.wp.com\/insightcrime.org\/wp-content\/uploads\/2021\/10\/Colombia-Drug-Trafficker-Dairo-Antonio-Usuga-alias-Otoniel-captured-Clan-del-Golfo-cartel-AP_21297518359334-Oct-2021-A2-1.jpg?resize=150%2C150&amp;quality=100&amp;ssl=1\" \/>\n<meta name=\"parsely-pub-date\" content=\"2021-11-01T17:41:08Z\" \/>\n<meta name=\"parsely-section\" content=\"News\" \/>\n<meta name=\"parsely-tags\" content=\"colombia,destacado,gaitanistas,infograf\u00edas,otoniel\" \/>\n<meta name=\"parsely-author\" content=\"Sara Garcia\" \/>","tracker_url":"https:\/\/cdn.parsely.com\/keys\/insightcrime.org\/p.js"},"jetpack_sharing_enabled":true,"jetpack-related-posts":[{"id":343761,"url":"https:\/\/insightcrime.org\/es\/noticias\/colombia-condena-30-anos-mas-prision-otoniel-lider-urabenos\/","url_meta":{"origin":170340,"position":0},"title":"Colombia condena a alias &#8216;Otoniel&#8217; mientras el Clan del Golfo afianza su poder","author":"Creusa Mu\u00f1oz","date":"8 de junio de 2026","format":false,"excerpt":"Alias \u201cOtoniel\u201d, exl\u00edder del Clan del Golfo, fue condenado a 30 a\u00f1os de prisi\u00f3n en Colombia, sumando una nueva sentencia a la pena de 45 a\u00f1os que cumple en Estados Unidos por narcotr\u00e1fico.","rel":"","context":"En \u00abNoticias\u00bb","block_context":{"text":"Noticias","link":"https:\/\/insightcrime.org\/es\/category\/noticias\/"},"img":{"alt_text":"","src":"https:\/\/i0.wp.com\/insightcrime.org\/wp-content\/uploads\/2026\/06\/InSight-Crime-1200x675-Colombia-Drug-Lord-Dairo-Antonio-Usuga-alias-Otoniel-leader-of-the-violent-Clan-del-Golfo-cartel-Oct-2023-AP_21296849102944.jpg?fit=1200%2C675&quality=100&ssl=1&resize=350%2C200","width":350,"height":200,"srcset":"https:\/\/i0.wp.com\/insightcrime.org\/wp-content\/uploads\/2026\/06\/InSight-Crime-1200x675-Colombia-Drug-Lord-Dairo-Antonio-Usuga-alias-Otoniel-leader-of-the-violent-Clan-del-Golfo-cartel-Oct-2023-AP_21296849102944.jpg?fit=1200%2C675&quality=100&ssl=1&resize=350%2C200 1x, https:\/\/i0.wp.com\/insightcrime.org\/wp-content\/uploads\/2026\/06\/InSight-Crime-1200x675-Colombia-Drug-Lord-Dairo-Antonio-Usuga-alias-Otoniel-leader-of-the-violent-Clan-del-Golfo-cartel-Oct-2023-AP_21296849102944.jpg?fit=1200%2C675&quality=100&ssl=1&resize=525%2C300 1.5x, https:\/\/i0.wp.com\/insightcrime.org\/wp-content\/uploads\/2026\/06\/InSight-Crime-1200x675-Colombia-Drug-Lord-Dairo-Antonio-Usuga-alias-Otoniel-leader-of-the-violent-Clan-del-Golfo-cartel-Oct-2023-AP_21296849102944.jpg?fit=1200%2C675&quality=100&ssl=1&resize=700%2C400 2x, https:\/\/i0.wp.com\/insightcrime.org\/wp-content\/uploads\/2026\/06\/InSight-Crime-1200x675-Colombia-Drug-Lord-Dairo-Antonio-Usuga-alias-Otoniel-leader-of-the-violent-Clan-del-Golfo-cartel-Oct-2023-AP_21296849102944.jpg?fit=1200%2C675&quality=100&ssl=1&resize=1050%2C600 3x"},"classes":[]},{"id":233349,"url":"https:\/\/insightcrime.org\/es\/noticias-crimen-organizado-colombia\/urabenos-perfil\/","url_meta":{"origin":170340,"position":1},"title":"Clan del Golfo &#8211; Autodefensas Gaitanistas de Colombia","author":"InSight Crime","date":"13 de mayo de 2026","format":false,"excerpt":"El Clan del Golfo, tambi\u00e9n conocido como Autodefensas Gaitanistas de Colombia (AGC) y Urabe\u00f1os, surgi\u00f3 de las cenizas del movimiento paramilitar colombiano y se convirti\u00f3 en una fuerza criminal con alcance nacional.","rel":"","context":"En \u00abColombia\u00bb","block_context":{"text":"Colombia","link":"https:\/\/insightcrime.org\/es\/category\/noticias-crimen-organizado-colombia\/"},"img":{"alt_text":"Imagen InSight Crime Autodefensas Gaitanistas de Colombia (AGC), Clan del Golfo, Urabe\u00f1os","src":"https:\/\/i0.wp.com\/insightcrime.org\/wp-content\/uploads\/2026\/06\/Grupo-Criminal-AGC-Clan-del-Golfo-1.jpg?fit=1200%2C900&quality=100&ssl=1&resize=350%2C200","width":350,"height":200,"srcset":"https:\/\/i0.wp.com\/insightcrime.org\/wp-content\/uploads\/2026\/06\/Grupo-Criminal-AGC-Clan-del-Golfo-1.jpg?fit=1200%2C900&quality=100&ssl=1&resize=350%2C200 1x, https:\/\/i0.wp.com\/insightcrime.org\/wp-content\/uploads\/2026\/06\/Grupo-Criminal-AGC-Clan-del-Golfo-1.jpg?fit=1200%2C900&quality=100&ssl=1&resize=525%2C300 1.5x, https:\/\/i0.wp.com\/insightcrime.org\/wp-content\/uploads\/2026\/06\/Grupo-Criminal-AGC-Clan-del-Golfo-1.jpg?fit=1200%2C900&quality=100&ssl=1&resize=700%2C400 2x, https:\/\/i0.wp.com\/insightcrime.org\/wp-content\/uploads\/2026\/06\/Grupo-Criminal-AGC-Clan-del-Golfo-1.jpg?fit=1200%2C900&quality=100&ssl=1&resize=1050%2C600 3x"},"classes":[]},{"id":4882,"url":"https:\/\/insightcrime.org\/es\/colombia-organized-crime-news\/dairo-antonio-usuga-alias-otoniel\/","url_meta":{"origin":170340,"position":2},"title":"Dairo Antonio \u00dasuga, alias &#8216;Otoniel&#8217;","author":"InSight Crime","date":"30 de enero de 2023","format":false,"excerpt":"Dairo Antonio \u00dasuga, alias \u201cOtoniel\u201d, fue el comandante en jefe de la organizaci\u00f3n criminal m\u00e1s poderosa de Colombia, y el hombre m\u00e1s buscado del pa\u00eds.","rel":"","context":"En \u00abColombia\u00bb","block_context":{"text":"Colombia","link":"https:\/\/insightcrime.org\/category\/colombia-organized-crime-news\/"},"img":{"alt_text":"Alias \"Otoniel\"","src":"https:\/\/i0.wp.com\/insightcrime.org\/wp-content\/uploads\/2026\/06\/Perfil-Criminal-Alias-Otoniel-1.jpg?fit=1200%2C900&quality=100&ssl=1&resize=350%2C200","width":350,"height":200,"srcset":"https:\/\/i0.wp.com\/insightcrime.org\/wp-content\/uploads\/2026\/06\/Perfil-Criminal-Alias-Otoniel-1.jpg?fit=1200%2C900&quality=100&ssl=1&resize=350%2C200 1x, https:\/\/i0.wp.com\/insightcrime.org\/wp-content\/uploads\/2026\/06\/Perfil-Criminal-Alias-Otoniel-1.jpg?fit=1200%2C900&quality=100&ssl=1&resize=525%2C300 1.5x, https:\/\/i0.wp.com\/insightcrime.org\/wp-content\/uploads\/2026\/06\/Perfil-Criminal-Alias-Otoniel-1.jpg?fit=1200%2C900&quality=100&ssl=1&resize=700%2C400 2x, https:\/\/i0.wp.com\/insightcrime.org\/wp-content\/uploads\/2026\/06\/Perfil-Criminal-Alias-Otoniel-1.jpg?fit=1200%2C900&quality=100&ssl=1&resize=1050%2C600 3x"},"classes":[]},{"id":187429,"url":"https:\/\/insightcrime.org\/es\/la-organizacion\/los-urabenos-no-se-silencian-tras-la-partida-de-otoniel\/","url_meta":{"origin":170340,"position":3},"title":"Los Gaitanistas no se silencian tras la partida de Otoniel","author":"InSight Crime","date":"13 de mayo de 2022","format":false,"excerpt":"La amplia cobertura de InSight Crime sobre la\u00a0extradici\u00f3n\u00a0de Otoniel se ha convertido en punto de referencia para medios de comunicaci\u00f3n de Latinoam\u00e9rica y otras regiones.\u00a0Otoniel\u00a0es el \u00faltimo capo de la vieja guardia de narcotraficantes colombianos. Tras comenzar como guerrillero de izquierda, luego se convirti\u00f3 en paramilitar de derecha, y m\u00e1s\u2026","rel":"","context":"En \u00abLa Organizaci\u00f3n\u00bb","block_context":{"text":"La Organizaci\u00f3n","link":"https:\/\/insightcrime.org\/es\/category\/la-organizacion\/"},"img":{"alt_text":"","src":"https:\/\/i0.wp.com\/insightcrime.org\/wp-content\/uploads\/2022\/06\/Impact-13-mayo.jpg?fit=600%2C345&quality=100&ssl=1&resize=350%2C200","width":350,"height":200,"srcset":"https:\/\/i0.wp.com\/insightcrime.org\/wp-content\/uploads\/2022\/06\/Impact-13-mayo.jpg?fit=600%2C345&quality=100&ssl=1&resize=350%2C200 1x, https:\/\/i0.wp.com\/insightcrime.org\/wp-content\/uploads\/2022\/06\/Impact-13-mayo.jpg?fit=600%2C345&quality=100&ssl=1&resize=525%2C300 1.5x"},"classes":[]},{"id":209122,"url":"https:\/\/insightcrime.org\/es\/noticias\/otoniel-se-declara-culpable-adios-al-ultimo-capo-de-colombia\/","url_meta":{"origin":170340,"position":4},"title":"Otoniel se declara culpable: adi\u00f3s a la vieja guardia de capos de Colombia","author":"Juan Diego Posada","date":"26 de enero de 2023","format":false,"excerpt":"Otoniel, el antiguo jefe de los Urabe\u00f1os, se declar\u00f3 culpable de varios delitos ante una jueza en Estados Unidos. Su declaraci\u00f3n pone fin a una era dominada por los capos de Colombia en el narcotr\u00e1fico mundial. El bajo mundo criminal de Colombia ya no est\u00e1 dominado por poderosos capos de\u2026","rel":"","context":"En \u00abNoticias\u00bb","block_context":{"text":"Noticias","link":"https:\/\/insightcrime.org\/es\/category\/noticias\/"},"img":{"alt_text":"","src":"https:\/\/i0.wp.com\/insightcrime.org\/wp-content\/uploads\/2023\/01\/Colombia-police-escort-Dairo-Antonio-Usuga-Otoniel-May-2022-AP23025714047594-A2.jpg?fit=1200%2C690&quality=100&ssl=1&resize=350%2C200","width":350,"height":200,"srcset":"https:\/\/i0.wp.com\/insightcrime.org\/wp-content\/uploads\/2023\/01\/Colombia-police-escort-Dairo-Antonio-Usuga-Otoniel-May-2022-AP23025714047594-A2.jpg?fit=1200%2C690&quality=100&ssl=1&resize=350%2C200 1x, https:\/\/i0.wp.com\/insightcrime.org\/wp-content\/uploads\/2023\/01\/Colombia-police-escort-Dairo-Antonio-Usuga-Otoniel-May-2022-AP23025714047594-A2.jpg?fit=1200%2C690&quality=100&ssl=1&resize=525%2C300 1.5x, https:\/\/i0.wp.com\/insightcrime.org\/wp-content\/uploads\/2023\/01\/Colombia-police-escort-Dairo-Antonio-Usuga-Otoniel-May-2022-AP23025714047594-A2.jpg?fit=1200%2C690&quality=100&ssl=1&resize=700%2C400 2x, https:\/\/i0.wp.com\/insightcrime.org\/wp-content\/uploads\/2023\/01\/Colombia-police-escort-Dairo-Antonio-Usuga-Otoniel-May-2022-AP23025714047594-A2.jpg?fit=1200%2C690&quality=100&ssl=1&resize=1050%2C600 3x"},"classes":[]},{"id":188661,"url":"https:\/\/insightcrime.org\/es\/noticias-crimen-organizado-colombia\/jobanis-de-jesus-avila-villadiego-alias-chiquito-malo\/","url_meta":{"origin":170340,"position":5},"title":"Jobanis de Jes\u00fas \u00c1vila Villadiego, alias \u2018Chiquito Malo\u2019","author":"InSight Crime","date":"3 de julio de 2026","format":false,"excerpt":"Chiquito Malo, m\u00e1ximo l\u00edder del Clan del Golfo, continuar\u00e1 con una orden de captura vigente luego de que la Fiscal\u00eda colombiana rechazara suspenderla en medio de los di\u00e1logos de Paz Total.","rel":"","context":"En \u00abColombia\u00bb","block_context":{"text":"Colombia","link":"https:\/\/insightcrime.org\/es\/category\/noticias-crimen-organizado-colombia\/"},"img":{"alt_text":"Jobanis de Jes\u00fas \u00c1vila Villadiego, alias \"Chiquito Malo\".","src":"https:\/\/i0.wp.com\/insightcrime.org\/wp-content\/uploads\/2026\/06\/Perfil-criminal-Alias-Chiquito-Malo.jpg?fit=1200%2C900&quality=100&ssl=1&resize=350%2C200","width":350,"height":200,"srcset":"https:\/\/i0.wp.com\/insightcrime.org\/wp-content\/uploads\/2026\/06\/Perfil-criminal-Alias-Chiquito-Malo.jpg?fit=1200%2C900&quality=100&ssl=1&resize=350%2C200 1x, https:\/\/i0.wp.com\/insightcrime.org\/wp-content\/uploads\/2026\/06\/Perfil-criminal-Alias-Chiquito-Malo.jpg?fit=1200%2C900&quality=100&ssl=1&resize=525%2C300 1.5x, https:\/\/i0.wp.com\/insightcrime.org\/wp-content\/uploads\/2026\/06\/Perfil-criminal-Alias-Chiquito-Malo.jpg?fit=1200%2C900&quality=100&ssl=1&resize=700%2C400 2x, https:\/\/i0.wp.com\/insightcrime.org\/wp-content\/uploads\/2026\/06\/Perfil-criminal-Alias-Chiquito-Malo.jpg?fit=1200%2C900&quality=100&ssl=1&resize=1050%2C600 3x"},"classes":[]}],"jetpack_featured_media_url":"https:\/\/i0.wp.com\/insightcrime.org\/wp-content\/uploads\/2021\/10\/Colombia-Drug-Trafficker-Dairo-Antonio-Usuga-alias-Otoniel-captured-Clan-del-Golfo-cartel-AP_21297518359334-Oct-2021-A2-1.jpg?fit=1336%2C768&quality=100&ssl=1","_links":{"self":[{"href":"https:\/\/insightcrime.org\/es\/wp-json\/wp\/v2\/posts\/170340","targetHints":{"allow":["GET"]}}],"collection":[{"href":"https:\/\/insightcrime.org\/es\/wp-json\/wp\/v2\/posts"}],"about":[{"href":"https:\/\/insightcrime.org\/es\/wp-json\/wp\/v2\/types\/post"}],"author":[{"embeddable":true,"href":"https:\/\/insightcrime.org\/es\/wp-json\/wp\/v2\/users\/203"}],"replies":[{"embeddable":true,"href":"https:\/\/insightcrime.org\/es\/wp-json\/wp\/v2\/comments?post=170340"}],"version-history":[{"count":10,"href":"https:\/\/insightcrime.org\/es\/wp-json\/wp\/v2\/posts\/170340\/revisions"}],"predecessor-version":[{"id":335275,"href":"https:\/\/insightcrime.org\/es\/wp-json\/wp\/v2\/posts\/170340\/revisions\/335275"}],"wp:featuredmedia":[{"embeddable":true,"href":"https:\/\/insightcrime.org\/es\/wp-json\/wp\/v2\/media\/170624"}],"wp:attachment":[{"href":"https:\/\/insightcrime.org\/es\/wp-json\/wp\/v2\/media?parent=170340"}],"wp:term":[{"taxonomy":"category","embeddable":true,"href":"https:\/\/insightcrime.org\/es\/wp-json\/wp\/v2\/categories?post=170340"},{"taxonomy":"post_tag","embeddable":true,"href":"https:\/\/insightcrime.org\/es\/wp-json\/wp\/v2\/tags?post=170340"},{"taxonomy":"newspack_spnsrs_tax","embeddable":true,"href":"https:\/\/insightcrime.org\/es\/wp-json\/wp\/v2\/newspack_spnsrs_tax?post=170340"},{"taxonomy":"author","embeddable":true,"href":"https:\/\/insightcrime.org\/es\/wp-json\/wp\/v2\/coauthors?post=170340"}],"curies":[{"name":"wp","href":"https:\/\/api.w.org\/{rel}","templated":true}]}}