{"id":180771,"date":"2022-04-13T12:05:35","date_gmt":"2022-04-13T17:05:35","guid":{"rendered":"https:\/\/insightcrime.org\/?p=180771"},"modified":"2023-10-19T10:48:20","modified_gmt":"2023-10-19T15:48:20","slug":"rehacer-la-vida-mientras-las-balas-siguen-sonando","status":"publish","type":"post","link":"https:\/\/insightcrime.org\/es\/investigaciones\/rehacer-la-vida-mientras-las-balas-siguen-sonando\/","title":{"rendered":"Rehacer la vida mientras las balas siguen sonando\u00a0\u00a0"},"content":{"rendered":"\n<p class=\"wp-block-paragraph\">Despu\u00e9s de haber corrido por varias horas, Carolina, de 21 a\u00f1os, y su familia llegaron a la ciudad de Santa Marta en el a\u00f1o 2000. Ten\u00edan los pies llenos de ampollas y no ten\u00edan nada m\u00e1s que la ropa que tra\u00edan puesta.&nbsp;<\/p>\n\n\n\n<div class=\"wp-block-media-text is-stacked-on-mobile is-vertically-aligned-center has-background\" style=\"background-color:#f4f6f3;grid-template-columns:27% auto\"><figure class=\"wp-block-media-text__media\"><a href=\"https:\/\/insightcrime.org\/wp-content\/uploads\/2022\/05\/Paramilitarismo-y-violencia-sexual-en-la-costa-Caribe-de-Colombia-InSight-Crime-Apr-2022.pdf\" target=\"_blank\" rel=\"noreferrer noopener\"><img data-recalc-dims=\"1\" loading=\"lazy\" decoding=\"async\" width=\"125\" height=\"160\" src=\"https:\/\/i0.wp.com\/insightcrime.org\/wp-content\/uploads\/2022\/05\/thumbnail.jpg?resize=125%2C160&#038;quality=100&#038;ssl=1\" alt=\"Paramilitarismo y violencia sexual en la costa caribe de Colombia\" class=\"wp-image-184283 size-thumbnail\" srcset=\"https:\/\/i0.wp.com\/insightcrime.org\/wp-content\/uploads\/2022\/05\/thumbnail.jpg?w=125&amp;quality=100&amp;ssl=1 125w, https:\/\/i0.wp.com\/insightcrime.org\/wp-content\/uploads\/2022\/05\/thumbnail.jpg?w=370&amp;quality=100&amp;ssl=1 370w, https:\/\/i0.wp.com\/insightcrime.org\/wp-content\/uploads\/2022\/05\/thumbnail.jpg?w=400&amp;quality=100&amp;ssl=1 400w\" sizes=\"auto, (max-width: 125px) 100vw, 125px\" \/><\/a><\/figure><div class=\"wp-block-media-text__content\">\n<p class=\"has-text-color has-small-font-size wp-block-paragraph\" style=\"color:#161616ad;font-style:normal;font-weight:400;letter-spacing:0px\"><em>*Esta es la primera parte de una <a href=\"https:\/\/es.insightcrime.org\/investigaciones\/paramilitarismo-violencia-sexual-costa-caribe-de-colombia\/\" target=\"_blank\" rel=\"noreferrer noopener\">serie <\/a>de tres cap\u00edtulos sobre los actos de violencia sexual perpetrados por Hern\u00e1n Giraldo, jefe paramilitar que oper\u00f3 en el norte de Colombia. Mientras estuvo preso en Estados Unidos, Giraldo comenz\u00f3 a declarar sobre los cientos de violaciones que cometi\u00f3 en la regi\u00f3n de la Sierra Nevada de Santa Marta. Por otro lado, dos v\u00edctimas de sus abusos, Carolina y Karen, intentan reconstruir sus vidas. Se ha tenido m\u00e1xima precauci\u00f3n para proteger a las protagonistas de las historias que aqu\u00ed relatamos, lo que incluy\u00f3 el cambio de nombres, fechas y detalles personales. Puede descargar el PDF completo<a href=\"https:\/\/insightcrime.org\/wp-content\/uploads\/2022\/05\/Paramilitarismo-y-violencia-sexual-en-la-costa-Caribe-de-Colombia-InSight-Crime-Apr-2022.pdf\" target=\"_blank\" rel=\"noreferrer noopener\"> aqu\u00ed.<\/a><\/em><\/p>\n<\/div><\/div>\n\n\n\n<p class=\"wp-block-paragraph\">Una noche, Hern\u00e1n Giraldo, un comandante paramilitar del norte de Colombia, acompa\u00f1ado de hombres armados, hab\u00eda llegado al restaurante de la familia a cobrar la extorsi\u00f3n. El pap\u00e1 de Carolina no ten\u00eda dinero para pagar, por lo que, despu\u00e9s de golpear y separar a la familia, abusaron sexualmente de Carolina.&nbsp;&nbsp;<\/p>\n\n\n\n<p class=\"wp-block-paragraph\">A\u00f1os m\u00e1s tarde, Karen tambi\u00e9n llegar\u00eda desplazada a Santa Marta, despu\u00e9s de que los paramilitares irrumpieran en su casa. Ese d\u00eda no pidieron comida ni que su mam\u00e1 les lavara la ropa, como sol\u00edan hacerlo. Esa tarde sacaron a todos de la casa y abusaron sexualmente de Karen, sin importarles que ella tuviera tan solo 15 a\u00f1os.&nbsp;<\/p>\n\n\n\n<p class=\"wp-block-paragraph\">Ambas familias llegaron desplazadas a Santa Marta sin nada de dinero y deb\u00edan comenzar sus vidas de cero. Sin embargo, llegaron a una ciudad donde Giraldo tambi\u00e9n ten\u00eda el poder.&nbsp;&nbsp;<\/p>\n\n\n\n<h2 class=\"wp-block-heading\" id=\"h-de-la-marihuana-a-la-cocaina-persiguiendo-el-dinero-nbsp-nbsp\"><strong>De la marihuana a la coca\u00edna: persiguiendo el dinero&nbsp;<\/strong>&nbsp;<gwmw style=\"display:none;\"><\/gwmw><\/h2>\n\n\n\n<p class=\"wp-block-paragraph\">Mientras Carolina y su familia rehac\u00edan su vida en la ciudad, a principios de los a\u00f1os 2000, Hern\u00e1n Giraldo estaba en la c\u00faspide de su poder criminal.&nbsp;&nbsp;<\/p>\n\n\n\n<p class=\"wp-block-paragraph\">Giraldo se hab\u00eda movido del negocio de la marihuana a la coca\u00edna, donde, para entonces, estaba el dinero. <a href=\"https:\/\/insightcrime.org\/wp-content\/uploads\/2023\/04\/27.libro_La_violencia_sexualcompleto.pdf\" target=\"_blank\" rel=\"noreferrer noopener\">Ten\u00eda<\/a> alrededor de 300 personas bajo su mando, manejaba la extorsi\u00f3n en Santa Marta, y controlaba los cultivos de coca de la Sierra.&nbsp;&nbsp;<\/p>\n\n\n\n<p class=\"wp-block-paragraph\">La guerra no era un impedimento para el negocio, la guerra era el negocio. Sus hombres proteg\u00edan la regi\u00f3n, los cultivos y la salida de las drogas por Magdalena y La Guajira, un departamento vecino. Giraldo hab\u00eda logrado <a href=\"https:\/\/verdadabierta.com\/los-anos-de-hernan-giraldo-en-la-sierra-nevada-de-santa-marta\/\" target=\"_blank\" rel=\"noreferrer noopener\">apropiarse<\/a> del tr\u00e1fico de coca\u00edna gracias a las redes log\u00edsticas y la infraestructura heredada de la&nbsp; bonanza de la marihuana.&nbsp;&nbsp;<\/p>\n\n\n\n<blockquote class=\"wp-block-quote is-layout-flow wp-block-quote-is-layout-flow\">\n<p class=\"wp-block-paragraph\"><strong><mark style=\"background-color:rgba(0, 0, 0, 0)\" class=\"has-inline-color has-vivid-red-color\">VEA TAMBI\u00c9N:<\/mark><\/strong> <a href=\"https:\/\/es.insightcrime.org\/noticias\/urabenos-pachenca-lucha-puertos-santa-marta-colombia\/\" target=\"_blank\" rel=\"noreferrer noopener\">Urabe\u00f1os vs. Pachenca: la lucha por los puertos de Santa Marta en Colombia<\/a><\/p>\n<\/blockquote>\n\n\n\n<p class=\"wp-block-paragraph\">Lo que para \u00e9l significaba dinero, para los habitantes significaba violencia y coerci\u00f3n. Las ni\u00f1as y mujeres corr\u00edan peligro, y los abusos sexuales llegar\u00edan a sus m\u00e1ximos durante la d\u00e9cada de los 2000. &nbsp;<\/p>\n\n\n\n<p class=\"wp-block-paragraph\">Carolina y su familia sab\u00edan el poder que ten\u00eda ese hombre, y solo rezaban y ped\u00edan que la violencia no los alcanzara en la ciudad. En Santa Marta se ubicaron en una peque\u00f1a y modesta casa. Ver a su pap\u00e1 y a sus hermanos, quienes fueron testigos de su violaci\u00f3n, era dif\u00edcil para ella. Sent\u00eda una mezcla de verg\u00fcenza y culpa. No pod\u00eda sacarse de la cabeza la idea de que ella era la culpable de que su familia hubiera tenido que dejar todo lo que hab\u00edan construido por a\u00f1os, para empezar de cero.&nbsp;<\/p>\n\n\n\n<p class=\"wp-block-paragraph\">Ella no era la \u00fanica. Su pap\u00e1 pasaba los d\u00edas en silencio intentando esconder sus propias frustraciones. Fue \u00e9l quien no pudo pagar la vacuna ese d\u00eda. Se preguntaba si era el culpable de lo que le hab\u00eda sucedido a su hija.&nbsp;<\/p>\n\n\n\n<p class=\"wp-block-paragraph\">Como consecuencia de la violaci\u00f3n, Carolina entr\u00f3 en crisis.&nbsp;&nbsp;<\/p>\n\n\n\n<p class=\"wp-block-paragraph\">\u201cQued\u00e9 con la mente perdida, como sin salida, sin saber qu\u00e9 hacer con mi vida despu\u00e9s de lo que pas\u00f3\u00bb, comparti\u00f3 Carolina con InSight Crime.<\/p>\n\n\n\n<figure class=\"wp-block-image size-large\"><img data-recalc-dims=\"1\" loading=\"lazy\" decoding=\"async\" width=\"1600\" height=\"1000\" src=\"https:\/\/i0.wp.com\/insightcrime.org\/wp-content\/uploads\/2022\/04\/Ilustracio%CC%81n_sin_ti%CC%81tulo-8-1.jpg?resize=1600%2C1000&#038;quality=100&#038;ssl=1\" alt=\"\" class=\"wp-image-181862\" srcset=\"https:\/\/i0.wp.com\/insightcrime.org\/wp-content\/uploads\/2022\/04\/Ilustracio%CC%81n_sin_ti%CC%81tulo-8-1.jpg?w=1600&amp;quality=100&amp;ssl=1 1600w, https:\/\/i0.wp.com\/insightcrime.org\/wp-content\/uploads\/2022\/04\/Ilustracio%CC%81n_sin_ti%CC%81tulo-8-1.jpg?resize=300%2C188&amp;quality=100&amp;ssl=1 300w, https:\/\/i0.wp.com\/insightcrime.org\/wp-content\/uploads\/2022\/04\/Ilustracio%CC%81n_sin_ti%CC%81tulo-8-1.jpg?resize=1024%2C640&amp;quality=100&amp;ssl=1 1024w, https:\/\/i0.wp.com\/insightcrime.org\/wp-content\/uploads\/2022\/04\/Ilustracio%CC%81n_sin_ti%CC%81tulo-8-1.jpg?resize=768%2C480&amp;quality=100&amp;ssl=1 768w, https:\/\/i0.wp.com\/insightcrime.org\/wp-content\/uploads\/2022\/04\/Ilustracio%CC%81n_sin_ti%CC%81tulo-8-1.jpg?resize=1536%2C960&amp;quality=100&amp;ssl=1 1536w, https:\/\/i0.wp.com\/insightcrime.org\/wp-content\/uploads\/2022\/04\/Ilustracio%CC%81n_sin_ti%CC%81tulo-8-1.jpg?w=370&amp;quality=100&amp;ssl=1 370w, https:\/\/i0.wp.com\/insightcrime.org\/wp-content\/uploads\/2022\/04\/Ilustracio%CC%81n_sin_ti%CC%81tulo-8-1.jpg?w=400&amp;quality=100&amp;ssl=1 400w\" sizes=\"auto, (max-width: 1000px) 100vw, 1000px\" \/><\/figure>\n\n\n\n<p class=\"wp-block-paragraph\">Ese primer a\u00f1o no lograba dormir bien, lloraba d\u00eda y noche. Ver a un hombre en la calle le generaba terror, sent\u00eda que vivir\u00eda de nuevo el abuso. Decidi\u00f3 ir al m\u00e9dico. Sin embargo, ser examinada por un hombre fue traum\u00e1tico para ella.&nbsp;&nbsp;<\/p>\n\n\n\n<p class=\"wp-block-paragraph\">Por el estado en que se encontraba, Carolina no se sent\u00eda en capacidad de cuidar de otros. Por esto tom\u00f3 la decisi\u00f3n m\u00e1s dif\u00edcil de su vida: entregar a su primera hija, la misma con la que hab\u00eda corrido en brazos la noche que tuvo que salir desplazada.&nbsp;<\/p>\n\n\n\n<p class=\"wp-block-paragraph\">\u201cYo se la entregu\u00e9 al pap\u00e1. Ella toda la vida me dice que no soy una buena mam\u00e1 porque la entregu\u00e9. Pero yo la entregu\u00e9 porque no pod\u00eda, no pod\u00eda criar a alguien. Yo en ese momento era una persona enferma mentalmente y psicol\u00f3gicamente\u201d, record\u00f3 afligida Carolina. \u201cPero yo la llamo, hablamos por video llamada y le digo que me perdone\u201d, asegur\u00f3.&nbsp;<\/p>\n\n\n\n<p class=\"wp-block-paragraph\">Hasta el d\u00eda de hoy, Carolina no ha tenido las fuerzas para decirle a su hija mayor, tampoco a su antigua pareja, lo que vivi\u00f3 esa noche en el pueblo.&nbsp;&nbsp;<\/p>\n\n\n\n<h2 class=\"wp-block-heading\"><strong>El poder de Giraldo tiembla<\/strong>&nbsp;<\/h2>\n\n\n\n<p class=\"wp-block-paragraph\">En el 2001, Hern\u00e1n Giraldo era reconocido como uno de los mayores narcotraficantes del pa\u00eds.&nbsp;&nbsp;<\/p>\n\n\n\n<p class=\"wp-block-paragraph\"><strong>\u201c<\/strong>Giraldo es el jefe de un sindicato de drogas floreciente que representa $1.2 mil millones en env\u00edos anuales a los Estados Unidos y Europa. Eso lo coloca entre los cinco principales traficantes de coca\u00edna del pa\u00eds\u201d<strong>,<\/strong><strong> <\/strong>afirm\u00f3 en el a\u00f1o 2001 el medio <a href=\"https:\/\/www.newsweek.com\/war-without-end-152639\" target=\"_blank\" rel=\"noreferrer noopener\">Newsweek<\/a>. \u201cFuncionarios de inteligencia colombianos creen que Giraldo, hijo de un pobre ganadero, podr\u00eda alg\u00fan d\u00eda compararse al difunto capo del cartel de Medell\u00edn, Pablo Escobar, tanto en riqueza como en poder<strong>\u201d.<\/strong>&nbsp;<\/p>\n\n\n\n<p class=\"wp-block-paragraph\">\u201cNo tengo la suerte, la plata, los bienes, ni la gente que tuvo Escobar. Mi lucha es distinta\u00bb, <a href=\"https:\/\/www.eltiempo.com\/archivo\/documento\/MAM-510550\" target=\"_blank\" rel=\"noreferrer noopener\">coment\u00f3<\/a> Giraldo en mayo de 2001 a un medio local.&nbsp;&nbsp;<\/p>\n\n\n\n<p class=\"wp-block-paragraph\">Quisiera o no, Giraldo era el mandam\u00e1s del narcotr\u00e1fico en la Sierra. El 40 por ciento de la droga de Colombia sal\u00eda por territorio de Giraldo, seg\u00fan <a href=\"https:\/\/verdadabierta.com\/los-anos-de-hernan-giraldo-en-la-sierra-nevada-de-santa-marta\/\" target=\"_blank\" rel=\"noreferrer noopener\">fuentes<\/a> de inteligencia colombianas. Y \u00e9l no estaba solo en el negocio. Jairo Musso Torres, un conocido capo, era su socio y mano derecha.&nbsp;<\/p>\n\n\n\n<p class=\"wp-block-paragraph\">\u00abPacho Musso\u00bb, como era llamado, se <a href=\"https:\/\/www.eltiempo.com\/archivo\/documento\/MAM-672662\" target=\"_blank\" rel=\"noreferrer noopener\">encargaba<\/a> de la coordinaci\u00f3n y el env\u00edo de grandes cantidades de droga que sal\u00edan hacia Estados Unidos y Centroam\u00e9rica en lanchas r\u00e1pidas por las desembocaduras de los r\u00edos que bajaban de la Sierra Nevada. Pacho controlaba parte del negocio y a cientos de hombres, por lo que recib\u00eda cientos de millones de pesos cada mes, seg\u00fan las <a href=\"https:\/\/www.eltiempo.com\/archivo\/documento\/MAM-672662\" target=\"_blank\" rel=\"noreferrer noopener\">autoridades<\/a> colombianas.&nbsp;<\/p>\n\n\n\n<p class=\"wp-block-paragraph\">El gobierno colombiano le segu\u00eda la pista a ambos hombres y ya se encontraban bajo el radar de Estados Unidos. Pero Musso, al igual que otros grandes capos narcotraficantes, prefer\u00eda una tumba en Colombia que pagar c\u00e1rcel en Estados Unidos.&nbsp;&nbsp;<\/p>\n\n\n\n<p class=\"wp-block-paragraph\">El 9 de octubre de 2001, un grupo de polic\u00edas antinarc\u00f3ticos colombianos que cooperaban con la Administraci\u00f3n para el Control de Drogas (DEA), estaban en la ciudad de Santa Marta haciendo labores de investigaci\u00f3n del esquema de narcotr\u00e1fico de Hern\u00e1n Giraldo.&nbsp;&nbsp;<\/p>\n\n\n\n<p class=\"wp-block-paragraph\">Eran las 7 de la noche. Los agentes entraron al restaurante \u2018El Pechiche\u2019, ubicado en la troncal del Caribe. Se dirigieron a una mesa y ordenaron algo de tomar. Mientras estaban esperando que llegaran sus bebidas, aproximadamente doce hombres de Jairo Musso <a href=\"https:\/\/rutasdelconflicto.com\/masacres\/agentes-la-dea\" target=\"_blank\" rel=\"noreferrer noopener\">llegaron<\/a> al restaurante y asesinaron a dos de los agentes. Dos turistas y un empleado del hotel que se encontraban en el restaurante tambi\u00e9n fueron asesinados.&nbsp;<\/p>\n\n\n\n<p class=\"wp-block-paragraph\">Un tercer agente qued\u00f3 vivo. Fue <a href=\"https:\/\/verdadabierta.com\/hernan-giraldo-maquina-de-guerra-en-la-sierra-nevada-de-santa-marta\/\" target=\"_blank\" rel=\"noreferrer noopener\">llevado<\/a> ante Musso para ser interrogado y posteriormente asesinado.&nbsp;<\/p>\n\n\n\n<p class=\"wp-block-paragraph\">En respuesta a este atentado, las autoridades colombianas <a href=\"https:\/\/rutasdelconflicto.com\/masacres\/agentes-la-dea\" target=\"_blank\" rel=\"noreferrer noopener\">enviaron<\/a> m\u00e1s de 200 agentes a la Sierra Nevada de Santa Marta y confiscaron 16 toneladas de coca\u00edna, propiedad de los hermanos Casta\u00f1o, los cuales usaban las rutas del Caribe de Hern\u00e1n Giraldo para sacar la droga.&nbsp;<\/p>\n\n\n\n<p class=\"wp-block-paragraph\">Los hermanos Carlos y Vicente Casta\u00f1o eran los principales comandantes de las <a href=\"https:\/\/es.insightcrime.org\/noticias-crimen-organizado-colombia\/auc-perfil\/\" target=\"_blank\" rel=\"noreferrer noopener\">Autodefensas Unidas de Colombia<\/a> (AUC), un proyecto paramilitar que, para ese entonces, libraba una sangrienta guerra contra las guerrillas, mientras se financiaban a trav\u00e9s del narcotr\u00e1fico.&nbsp;&nbsp;<\/p>\n\n\n\n<p class=\"wp-block-paragraph\">Los Casta\u00f1o hab\u00edan cultivado relaciones fuertes con las autoridades colombianas y buscaban limpiar su imagen ante los estadounidenses, por lo que la muerte de los agentes no les conven\u00eda. Estaban furiosos.&nbsp;<\/p>\n\n\n\n<figure class=\"wp-block-image size-full\"><img data-recalc-dims=\"1\" loading=\"lazy\" decoding=\"async\" width=\"1000\" height=\"676\" src=\"https:\/\/i0.wp.com\/insightcrime.org\/wp-content\/uploads\/2022\/03\/image-8.jpeg?resize=1000%2C676&#038;quality=100&#038;ssl=1\" alt=\"\" class=\"wp-image-180776\" srcset=\"https:\/\/i0.wp.com\/insightcrime.org\/wp-content\/uploads\/2022\/03\/image-8.jpeg?w=1000&amp;quality=100&amp;ssl=1 1000w, https:\/\/i0.wp.com\/insightcrime.org\/wp-content\/uploads\/2022\/03\/image-8.jpeg?resize=300%2C203&amp;quality=100&amp;ssl=1 300w, https:\/\/i0.wp.com\/insightcrime.org\/wp-content\/uploads\/2022\/03\/image-8.jpeg?resize=768%2C519&amp;quality=100&amp;ssl=1 768w, https:\/\/i0.wp.com\/insightcrime.org\/wp-content\/uploads\/2022\/03\/image-8.jpeg?w=370&amp;quality=100&amp;ssl=1 370w, https:\/\/i0.wp.com\/insightcrime.org\/wp-content\/uploads\/2022\/03\/image-8.jpeg?w=400&amp;quality=100&amp;ssl=1 400w\" sizes=\"auto, (max-width: 1000px) 100vw, 1000px\" \/><figcaption class=\"wp-element-caption\">Carlos Casta\u00f1o, el m\u00e1ximo l\u00edder de las Autodefensas Unidas de Colombia, o AUC, se para frente a algunos de sus hombres. Est\u00e1n en el norte de Colombia, en febrero de 2001. Grupos de derechos humanos acusan a elementos del Ej\u00e9rcito colombiano de trabajar mano a mano con grupos paramilitares liderados por Casta\u00f1o, responsables de numerosas masacres. Fuente: Associated Press<\/figcaption><\/figure>\n\n\n\n<p class=\"wp-block-paragraph\">En un comunicado, Carlos Casta\u00f1o, principal l\u00edder de las AUC, <a href=\"https:\/\/www.eltiempo.com\/archivo\/documento\/MAM-1344552\" target=\"_blank\" rel=\"noreferrer noopener\">le pidi\u00f3<\/a> a Giraldo la cabeza de Musso. Giraldo le respondi\u00f3: \u201cUn padre no entrega a sus hijos\u201d. Esta respuesta sell\u00f3 el inicio de la guerra entre los Casta\u00f1o y Hern\u00e1n Giraldo.&nbsp;<\/p>\n\n\n\n<p class=\"wp-block-paragraph\">A finales de 2001, los Casta\u00f1o enviaron unos <a href=\"https:\/\/verdadabierta.com\/las-batallas-de-hernan-giraldo-y-como-termino-sometido-a-jorge-40\/\" target=\"_blank\" rel=\"noreferrer noopener\">1.200<\/a> hombres a trav\u00e9s de Rodrigo Tovar, alias \u201cJorge 40\u201d, el dirigente del Bloque Norte de las AUC, para enfrentar a los aproximadamente 300 hombres que <a href=\"https:\/\/www.eltiempo.com\/archivo\/documento\/MAM-672662\" target=\"_blank\" rel=\"noreferrer noopener\">ten\u00eda<\/a> Giraldo a lo largo de la Sierra.&nbsp;&nbsp;<\/p>\n\n\n\n<p class=\"wp-block-paragraph\">La violencia lleg\u00f3 a niveles nunca antes vistos y los Casta\u00f1o no eran un enemigo cualquiera.&nbsp;<\/p>\n\n\n\n<p class=\"wp-block-paragraph\">A los hermanos paramilitares se les conoc\u00eda porque a comienzos de los a\u00f1os 90 hab\u00edan creado un grupo de seguridad privada, compuesto por algunos de los antiguos socios de Pablo Escobar, conocidos como Perseguidos por Pablo Escobar (<a href=\"https:\/\/allthatsinteresting.com\/los-pepes\" target=\"_blank\" rel=\"noreferrer noopener\">PEPES<\/a>). Los PEPES <a href=\"https:\/\/es.insightcrime.org\/investigaciones\/colombia-elites-crimen-organizado-don-berna\/\" target=\"_blank\" rel=\"noreferrer noopener\">asesinaron<\/a> abogados, mensajeros, conductores, contadores, y cualquier persona que de alg\u00fan modo u otro estuviera relacionada con Escobar. Ellos quer\u00edan presionar al capo y acorralarlo.&nbsp;&nbsp;<\/p>\n\n\n\n<p class=\"wp-block-paragraph\">Esta misma t\u00e1ctica fue implementada con Giraldo, pero \u2018El Patr\u00f3n\u2019 no era un objetivo f\u00e1cil. Tras el asesinato de cuatro de sus hombres y una <a href=\"https:\/\/rutasdelconflicto.com\/masacres\/minca\" target=\"_blank\" rel=\"noreferrer noopener\">masacre<\/a> en un corregimiento cerca de Santa Marta, Giraldo declar\u00f3 un paro armado en la regi\u00f3n. Desde el 18 de enero hasta el 8 de febrero de 2002 nadie pudo salir. Los comercios estaban cerrados, el transporte paralizado y los hombres de Giraldo patrullaban en Santa Marta.&nbsp;<\/p>\n\n\n\n<p class=\"wp-block-paragraph\">La poblaci\u00f3n civil qued\u00f3 en el medio de las confrontaciones. El desplazamiento forzado interno lleg\u00f3 a su pico en la regi\u00f3n. Las autoridades colombianas <a href=\"https:\/\/www.vanguardia.com\/colombia\/inicio-reparacion-a-victimas-de-hernan-giraldo-exjefe-de-las-auc-en-magdalena-KFVL269223\" target=\"_blank\" rel=\"noreferrer noopener\">registraron<\/a> 8.000 personas desplazadas en el departamento de Magdalena entre diciembre de 2001 y febrero de 2002, pero en <a href=\"https:\/\/verdadabierta.com\/campesinos-de-la-sierra-nevada-fueron-usados-como-escudo-por-paramilitares\/\" target=\"_blank\" rel=\"noreferrer noopener\">otros registros<\/a> las cifras llegaron a 14.000.&nbsp;&nbsp;<\/p>\n\n\n\n<p class=\"wp-block-paragraph\">Despu\u00e9s de unos cuatro meses de enfrentamientos, los hombres de Casta\u00f1o llegaron a la vereda Quebrada del Sol, el basti\u00f3n de Giraldo, y lo combatieron por 72 horas. Giraldo supo en ese momento que deb\u00eda <a href=\"https:\/\/verdadabierta.com\/hernan-giraldo-maquina-de-guerra-en-la-sierra-nevada-de-santa-marta\/\" target=\"_blank\" rel=\"noreferrer noopener\">rendirse<\/a> y negociar.&nbsp;&nbsp;<\/p>\n\n\n\n<p class=\"wp-block-paragraph\">Como resultado de la negociaci\u00f3n, Giraldo ya no ser\u00eda el comandante de la zona, sino que estar\u00eda <a href=\"https:\/\/verdadabierta.com\/las-batallas-de-hernan-giraldo-y-como-termino-sometido-a-jorge-40\/\" target=\"_blank\" rel=\"noreferrer noopener\">bajo el mando<\/a> de Rodrigo Tovar, alias \u201c<a href=\"https:\/\/es.insightcrime.org\/images\/PDFs\/Elites_Crimen_Organizado_Colombia\" target=\"_blank\" rel=\"noreferrer noopener\">Jorge 40<\/a>\u201d. Con ese cambio, los paramilitares de Giraldo pasaron a llamarse Frente Resistencia Tayrona del Bloque Norte de las AUC.&nbsp;<\/p>\n\n\n\n<p class=\"wp-block-paragraph\">Oficialmente, Giraldo ya no era el comandante de la Sierra, pero todos sab\u00edan que \u00e9l era el que mandaba all\u00ed.&nbsp;<\/p>\n\n\n\n<h2 class=\"wp-block-heading\"><strong>Las mujeres pelean sus propias batallas<\/strong>&nbsp;<\/h2>\n\n\n\n<p class=\"wp-block-paragraph\">Carolina escuchaba de la violencia que se estaba viviendo en algunas zonas de Santa Marta, pero ella estaba librando sus propias batallas internas.&nbsp;&nbsp;<\/p>\n\n\n\n<p class=\"wp-block-paragraph\">Sent\u00eda culpa de lo sucedido. Sufr\u00eda al ver a su familia pasando necesidades materiales y emocionales a ra\u00edz del desplazamiento.&nbsp;&nbsp;<\/p>\n\n\n\n<p class=\"wp-block-paragraph\">\u00abYo siento que las mujeres nos cogen como si fu\u00e9ramos \u00fanicamente carne. Es como si las mujeres estuvi\u00e9ramos para ser violentadas y maltratadas. A veces desear\u00eda no haber sido mujer para que no me sucediera lo que me sucedi\u00f3\u00bb, asegur\u00f3 Carolina.&nbsp;&nbsp;<\/p>\n\n\n\n<p class=\"wp-block-paragraph\">En las noches, cerraba los ojos y sent\u00eda el peso de los hombres encima. Ve\u00eda el techo, las ventanas, y pensaba por d\u00f3nde podr\u00edan entrar de nuevo para abusar de ella.&nbsp;<\/p>\n\n\n\n<p class=\"wp-block-paragraph\">En cada hombre que se acercaba a Carolina, ella ve\u00eda a sus abusadores.&nbsp;&nbsp;<\/p>\n\n\n\n<p class=\"wp-block-paragraph\">\u201c\u00c9l acab\u00f3 con la vida de toda mi familia\u00bb, dijo Carolina a\u00f1os despu\u00e9s a InSight Crime. \u00abPero sobre todo con la m\u00eda\u201d.&nbsp;<\/p>\n\n\n\n<p class=\"wp-block-paragraph\">Pese a estos constantes pensamientos y esa tristeza, poco a poco fue recuperando las fuerzas para continuar. Se inscribi\u00f3 a un colegio nocturno para terminar su bachillerato, mientras en el d\u00eda trabajaba en un supermercado. En 2001, finalmente termin\u00f3 sus estudios.&nbsp;&nbsp;<\/p>\n\n\n\n<p class=\"wp-block-paragraph\">Pero Carolina no era la misma. Solo interactuaba con su familia y no hablaba con nadie. En su colegio, sus compa\u00f1eros la recriminaban por ser callada, pero ella no quer\u00eda atraer la atenci\u00f3n. Tem\u00eda que alguien descubriera lo que le hab\u00eda ocurrido.&nbsp;<\/p>\n\n\n\n<p class=\"wp-block-paragraph\">\u201cAqu\u00ed he encontrado un poco de paz, nos hemos alejado de todo. Aqu\u00ed ning\u00fan vecino y nadie sabe lo que nos sucedi\u00f3\u201d, coment\u00f3 Carolina.&nbsp;&nbsp;<\/p>\n\n\n\n<p class=\"wp-block-paragraph\">Deseaba ir a la universidad y estudiar para ser fisioterapeuta. Pero la \u00fanica oferta universitaria para esa carrera estaba en Barranquilla, una ciudad costera a dos horas de donde ella se encontraba. El temor de estar sola en un lugar desconocido y volver a ser abusada la desanim\u00f3.&nbsp;<\/p>\n\n\n\n<p class=\"wp-block-paragraph\">\u201cYo siento que, si eso no me hubiese sucedido, si estas cosas no me hubiesen pasado, hubiera sido alguien en la vida\u201d, reflexion\u00f3 Carolina. \u201cHubiera sido una mujer feliz\u00bb.&nbsp;<\/p>\n\n\n\n<p class=\"wp-block-paragraph\">El trauma tambi\u00e9n afect\u00f3 a sus dos hermanos menores. Eran unos ni\u00f1os cuando Giraldo y los paramilitares abusaron de su hermana y nunca volvieron a estudiar por temor a ser v\u00edctimas de reclutamiento forzado, una problem\u00e1tica a\u00fan <a href=\"https:\/\/es.insightcrime.org\/noticias\/reclutamiento-de-menores-colombia-acuerdos-paz\/\" target=\"_blank\" rel=\"noreferrer noopener\">vigente<\/a> en Colombia. &nbsp;<\/p>\n\n\n\n<p class=\"wp-block-paragraph\">La mam\u00e1 de Carolina pasaba el d\u00eda en silencio, pero el peso de lo que callaba comenz\u00f3 a enfermarla. La noche en que los paramilitares hab\u00edan entrado a la casa, la golpearon de forma tan violenta que empez\u00f3 a sangrar por un o\u00eddo. Cuando ya estaban instalados en Santa Marta, Carolina y su pap\u00e1 insistieron en llevarla al m\u00e9dico, pero ella no acept\u00f3. No quer\u00eda tener que decirle a un doctor la raz\u00f3n de sus males.&nbsp;&nbsp;<\/p>\n\n\n\n<p class=\"wp-block-paragraph\">Cuando la mam\u00e1 de Carolina encontr\u00f3 las fuerzas para ir al m\u00e9dico era demasiado tarde. El dolor que hab\u00eda comenzado la noche del abuso de Carolina se hab\u00eda convertido en una condici\u00f3n permanente, y hab\u00eda quedado parcialmente<mark style=\"background-color:rgba(0, 0, 0, 0)\" class=\"has-inline-color has-vivid-red-color\"> <\/mark>sorda.&nbsp;<\/p>\n\n\n\n<p class=\"wp-block-paragraph\">Para superar el dolor y la crisis econ\u00f3mica, el pap\u00e1 de Carolina decidi\u00f3 alquilar un local y abrir un negocio <mark style=\"background-color:rgba(0, 0, 0, 0)\" class=\"has-inline-color has-vivid-red-color\"> <\/mark>en la ciudad. Por varios a\u00f1os al negocio le fue bien, le daba a la familia para sostenerse y ayudaba a su pap\u00e1 a distraer la mente.&nbsp;&nbsp;<\/p>\n\n\n\n<p class=\"wp-block-paragraph\">Sin embargo, los temores de esa noche lo alcanzaron. Pese a que el negocio estaba dejando una que otra ganancia, el pap\u00e1 de Carolina decidi\u00f3 cerrarlo por el temor de que alguna de sus nietas viviera algo similar a lo que vivi\u00f3 su hija. Desde entonces no trabaja y es Carolina quien se encarga de \u00e9l y el resto de la familia.&nbsp;&nbsp;<\/p>\n\n\n\n<p class=\"wp-block-paragraph\">Carolina y su pap\u00e1, aunque cercanos, han tenido una relaci\u00f3n compleja. Ella siente que su pap\u00e1 la culpa por el abuso. \u201cYo siento que mi pap\u00e1 me culpa diciendo que, \u00bfPor qu\u00e9 yo sal\u00ed? \u00bfPor qu\u00e9 sal\u00ed al restaurante? \u00bfPor qu\u00e9 me fui donde \u00e9l estaba?\u201d, cont\u00f3 afligida.&nbsp;<\/p>\n\n\n\n<p class=\"wp-block-paragraph\">Ella se defiende frente a los reproches de su pap\u00e1 respondi\u00e9ndole que cuando ella decidi\u00f3 trabajar no buscaba que le hicieran da\u00f1o.&nbsp;&nbsp;<\/p>\n\n\n\n<h2 class=\"wp-block-heading\"><strong>\u00bfVientos de paz?<\/strong>&nbsp;<\/h2>\n\n\n\n<p class=\"wp-block-paragraph\">Despu\u00e9s de llegar a un acuerdo, Hern\u00e1n Giraldo qued\u00f3 sometido al control de los hermanos Casta\u00f1o de las AUC.&nbsp;<\/p>\n\n\n\n<p class=\"wp-block-paragraph\">Para ese entonces, en 2002, el grupo paramilitar buscaba una salida negociada con el gobierno colombiano, lo que ellos ve\u00edan como una oportunidad para evitar la extradici\u00f3n y blanquear sus capitales provenientes del narcotr\u00e1fico. En julio de ese a\u00f1o, Carlos Casta\u00f1o <a href=\"https:\/\/verdadabierta.com\/el-proceso-de-ralito\/\" target=\"_blank\" rel=\"noreferrer noopener\">renunci\u00f3<\/a> como jefe pol\u00edtico de las AUC y poco tiempo despu\u00e9s iniciaron los di\u00e1logos y negociaciones entre el grupo y el gobierno.&nbsp;&nbsp;<\/p>\n\n\n\n<p class=\"wp-block-paragraph\">Algunos de los puntos discutidos inclu\u00edan rebajas de penas a cambio de aportes a la verdad y a la reparaci\u00f3n de las v\u00edctimas. Mientras estaban negociando, Estados Unidos <a href=\"https:\/\/www.justice.gov\/archive\/ag\/speeches\/2002\/092402aucindictmentpressconference.htm\" target=\"_blank\" rel=\"noreferrer noopener\">solicit\u00f3<\/a> en extradici\u00f3n a Carlos Casta\u00f1o y Salvatore Mancuso, el antiguo l\u00edder de las AUC y su reemplazo, por narcotr\u00e1fico. Esto gener\u00f3 tensiones, y despert\u00f3 los nervios en los dem\u00e1s jefes paramilitares, entre ellos Giraldo, quien, aunque ya ten\u00eda una orden de extradici\u00f3n en su contra, no ten\u00eda planes de dejar el pa\u00eds y sus negocios.&nbsp;<\/p>\n\n\n\n<p class=\"wp-block-paragraph\">En 2003, Giraldo se reuni\u00f3 con Diego Fernando Murillo, alias<a href=\"https:\/\/insightcrime.org\/es\/noticias-crimen-organizado-colombia\/don-berna\/\" target=\"_blank\" rel=\"noreferrer noopener\"> \u201cDon Berna\u201d<\/a>, un curtido narcotraficante del Cartel de Medell\u00edn, para formar un modelo criminal similar a lo que manejaba Berna en Medell\u00edn: la <a href=\"https:\/\/es.insightcrime.org\/sin-categorizar\/oficina-de-envigado\/#:~:text=La%20Oficina%20de%20Envigado%20surgi%C3%B3,aunque%20conflictiva%2C%20operaci%C3%B3n%20de%20narcotr%C3%A1fico.\" target=\"_blank\" rel=\"noreferrer noopener\">Oficina de Envigado.<\/a>&nbsp;&nbsp;<\/p>\n\n\n\n<p class=\"wp-block-paragraph\"><a href=\"https:\/\/es.insightcrime.org\/sin-categorizar\/oficina-de-envigado\/#:~:text=La%20Oficina%20de%20Envigado%20surgi%C3%B3,aunque%20conflictiva%2C%20operaci%C3%B3n%20de%20narcotr%C3%A1fico.\" target=\"_blank\" rel=\"noreferrer noopener\">La Oficina<\/a> era como un \u00e1rbitro en el hampa. Don Berna mediaba conflictos entre l\u00edderes y bandas y participaba en los negocios del narcotr\u00e1fico cuando le daba la gana. La Oficina hab\u00eda sido creada en los a\u00f1os 80 por Pablo Escobar, y tras la baja del m\u00e1ximo capo, Berna tom\u00f3 el control de una de las redes criminales m\u00e1s temidas del pa\u00eds.&nbsp;<\/p>\n\n\n\n<p class=\"wp-block-paragraph\">Giraldo quer\u00eda hacer lo mismo en su \u00e1rea de influencia. Con la asesor\u00eda de Don Berna, \u201cEl Patr\u00f3n\u201d cre\u00f3 la Oficina Caribe para <a href=\"https:\/\/insightcrime.org\/wp-content\/uploads\/2023\/04\/ALERTA-TEMPRANA-044-19.pdf\" target=\"_blank\" rel=\"noreferrer noopener\">administrar<\/a> el territorio y las rentas criminales, y as\u00ed controlarlas una vez \u00e9l hiciera su proceso de desarme con el Bloque Resistencia Tayrona.&nbsp;<\/p>\n\n\n\n<p class=\"wp-block-paragraph\">Tras meses de negociaci\u00f3n, en julio de 2003, los paramilitares y el gobierno <a href=\"https:\/\/verdadabierta.com\/acuerdo-de-santa-fe-de-ralito\/\" target=\"_blank\" rel=\"noreferrer noopener\">firmaron<\/a> un pacto para su desarme y reintegraci\u00f3n. A finales de ese a\u00f1o <a href=\"https:\/\/elpais.com\/internacional\/2003\/11\/25\/actualidad\/1069714809_850215.html\" target=\"_blank\" rel=\"noreferrer noopener\">se dio<\/a> la primera desmovilizaci\u00f3n paramilitar, con la entrega de armas del Bloque Cacique Nutibara, en cabeza de Don Berna.&nbsp;&nbsp;<\/p>\n\n\n\n<p class=\"wp-block-paragraph\">Unas semanas despu\u00e9s y como parte de este <a href=\"https:\/\/verdadabierta.com\/acuerdo-de-santa-fe-de-ralito\/\" target=\"_blank\" rel=\"noreferrer noopener\">proceso<\/a>, el gobierno empez\u00f3 a dise\u00f1ar penas alternativas para los jefes que se unieran al pacto. El resultado fue la <a href=\"https:\/\/www.fiscalia.gov.co\/colombia\/wp-content\/uploads\/2012\/04\/ley_975_de_2005.pdf\" target=\"_blank\" rel=\"noreferrer noopener\">Ley de Justicia y Paz<\/a> de 2005, que buscaba que los l\u00edderes paramilitares contaran la verdad sobre todos sus cr\u00edmenes, <a href=\"https:\/\/www.corteidh.or.cr\/tablas\/23128.pdf\" target=\"_blank\" rel=\"noreferrer noopener\">incluyendo<\/a> la violencia sexual, a cambio de penas m\u00e1ximas de ocho a\u00f1os en la c\u00e1rcel.&nbsp;<\/p>\n\n\n\n<p class=\"wp-block-paragraph\">El 3 de febrero del 2006, Hern\u00e1n Giraldo Serna, con sombrero, poncho y reloj en mano, <a href=\"http:\/\/cja.org\/cja\/downloads\/Proceso%20de%20Paz%20con%20las%20Autodefensas.pdf\" target=\"_blank\" rel=\"noreferrer noopener\">se reuni\u00f3<\/a> con representantes del gobierno colombiano en un corregimiento de la Sierra Nevada para entregar las armas del Bloque Resistencia Tayrona.&nbsp;&nbsp;<\/p>\n\n\n\n<figure class=\"wp-block-image size-full is-resized\"><img data-recalc-dims=\"1\" loading=\"lazy\" decoding=\"async\" width=\"1000\" height=\"705\" src=\"https:\/\/i0.wp.com\/insightcrime.org\/wp-content\/uploads\/2022\/03\/image-11.jpeg?resize=1000%2C705&#038;quality=100&#038;ssl=1\" alt=\"\" class=\"wp-image-180782\" style=\"width:840px;height:592px\" srcset=\"https:\/\/i0.wp.com\/insightcrime.org\/wp-content\/uploads\/2022\/03\/image-11.jpeg?w=1000&amp;quality=100&amp;ssl=1 1000w, https:\/\/i0.wp.com\/insightcrime.org\/wp-content\/uploads\/2022\/03\/image-11.jpeg?resize=300%2C212&amp;quality=100&amp;ssl=1 300w, https:\/\/i0.wp.com\/insightcrime.org\/wp-content\/uploads\/2022\/03\/image-11.jpeg?resize=768%2C541&amp;quality=100&amp;ssl=1 768w, https:\/\/i0.wp.com\/insightcrime.org\/wp-content\/uploads\/2022\/03\/image-11.jpeg?w=370&amp;quality=100&amp;ssl=1 370w, https:\/\/i0.wp.com\/insightcrime.org\/wp-content\/uploads\/2022\/03\/image-11.jpeg?w=400&amp;quality=100&amp;ssl=1 400w\" sizes=\"auto, (max-width: 1000px) 100vw, 1000px\" \/><figcaption class=\"wp-element-caption\">El Comisionado de Paz de Colombia, Luis Carlos Restrepo (derecha), recibe una pistola de Hern\u00e1n Giraldo (izquierda), comandante del Bloque de Resistencia Tayrona en Quebrada del Sol, cerca de Santa Marta, Viernes, Feb. 3, 2006. M\u00e1s de 1.200 combatientes de la facci\u00f3n del Bloque de Resistencia Tayrona de las Autodefensas Unidas paramilitares, o AUC, se reunieron en esa zona para deponer las armas como parte de un proceso de desarme en curso. Fuente: Associated Press&nbsp;<\/figcaption><\/figure>\n\n\n\n<p class=\"wp-block-paragraph\">En medio de canciones escritas en su honor y conjuntos vallenatos que cantando elogiaban sus haza\u00f1as criminales, Hern\u00e1n Giraldo <a href=\"https:\/\/insightcrime.org\/wp-content\/uploads\/2023\/04\/Proceso-de-Paz-con-las-Autodefensas.pdf\" target=\"_blank\" rel=\"noreferrer noopener\">se desmoviliz\u00f3<\/a>, por lo menos ante las c\u00e1maras, con m\u00e1s de 1.100 combatientes. M\u00e1s de 500 armas fueron entregadas.&nbsp;<\/p>\n\n\n\n<p class=\"wp-block-paragraph\">Despu\u00e9s de la desmovilizaci\u00f3n, Giraldo fue <a href=\"https:\/\/caracol.com.co\/radio\/2006\/12\/04\/nacional\/1165214520_364283.html\" target=\"_blank\" rel=\"noreferrer noopener\">recluido<\/a> en la c\u00e1rcel de m\u00e1xima seguridad de Itag\u00fc\u00ed, Antioquia, mientras los procesos judiciales de los tribunales de Justicia y Paz continuaban.&nbsp;&nbsp;<\/p>\n\n\n\n<p class=\"wp-block-paragraph\">Pero antes de ser encarcelado, seg\u00fan public\u00f3 El Tiempo en la \u00e9poca, Giraldo hab\u00eda <a href=\"https:\/\/www.eltiempo.com\/archivo\/documento\/CMS-3861926\" target=\"_blank\" rel=\"noreferrer noopener\">vendido<\/a> a los hermanos Mej\u00eda M\u00fanera, unos curtidos narcotraficantes cercanos a las AUC, el acceso a un porcentaje de las rentas criminales por la suma de cinco millones de d\u00f3lares. Los Mej\u00eda M\u00fanera llegaron a la Sierra Nevada y fundaron el grupo Los Nevados para ejercer el control de una parte del territorio de Giraldo. Uno de los hijos de Giraldo, Hern\u00e1n Giraldo Ochoa, <a href=\"https:\/\/www.eltiempo.com\/archivo\/documento\/CMS-6658187\" target=\"_blank\" rel=\"noreferrer noopener\">comenz\u00f3<\/a> a ser parte del grupo junto con otros 400 hombres no <a href=\"https:\/\/verdadabierta.com\/la-pelea-por-la-guajira-que-nunca-acabo\/\" target=\"_blank\" rel=\"noreferrer noopener\">desmovilizados<\/a>. &nbsp;<\/p>\n\n\n<div class=\"wp-block-image\">\n<figure class=\"aligncenter size-full is-resized\"><img data-recalc-dims=\"1\" loading=\"lazy\" decoding=\"async\" width=\"350\" height=\"250\" src=\"https:\/\/i0.wp.com\/insightcrime.org\/wp-content\/uploads\/2022\/03\/image-6.jpeg?resize=350%2C250&#038;quality=100&#038;ssl=1\" alt=\"\" class=\"wp-image-180772\" style=\"width:350px;height:250px\" srcset=\"https:\/\/i0.wp.com\/insightcrime.org\/wp-content\/uploads\/2022\/03\/image-6.jpeg?w=350&amp;quality=100&amp;ssl=1 350w, https:\/\/i0.wp.com\/insightcrime.org\/wp-content\/uploads\/2022\/03\/image-6.jpeg?resize=300%2C214&amp;quality=100&amp;ssl=1 300w, https:\/\/i0.wp.com\/insightcrime.org\/wp-content\/uploads\/2022\/03\/image-6.jpeg?w=370&amp;quality=100&amp;ssl=1 370w, https:\/\/i0.wp.com\/insightcrime.org\/wp-content\/uploads\/2022\/03\/image-6.jpeg?w=400&amp;quality=100&amp;ssl=1 400w\" sizes=\"auto, (max-width: 350px) 100vw, 350px\" \/><figcaption class=\"wp-element-caption\">Fuente: <a href=\"http:\/\/historico.elpais.com.co\/historico\/abr302008\/JUD\/jud5.html\" target=\"_blank\" rel=\"noreferrer noopener\">El Pa\u00eds.<\/a>&nbsp;&nbsp;<\/figcaption><\/figure>\n<\/div>\n\n\n<p class=\"wp-block-paragraph\">Los Mellizos, como se conoc\u00eda a los hermanos Mej\u00eda, pronto se convirtieron en un dolor de cabeza para el gobierno. En el departamento de Magdalena <a href=\"https:\/\/caracol.com.co\/radio\/2008\/04\/29\/judicial\/1209503820_587653.html\" target=\"_blank\" rel=\"noreferrer noopener\">asesinaron<\/a> a una investigadora de la Fiscal\u00eda colombiana. Como resultado, la Fiscal\u00eda y la polic\u00eda aumentaron las operaciones secretas para darles captura y desbaratar su emporio militar y econ\u00f3mico.&nbsp;&nbsp;<\/p>\n\n\n\n<p class=\"wp-block-paragraph\">A finales de abril de 2008, V\u00edctor Manuel Mej\u00eda M\u00fanera, uno de los jefes de Los Nevados, fue <a href=\"https:\/\/www.eltiempo.com\/archivo\/documento\/CMS-4132916\" target=\"_blank\" rel=\"noreferrer noopener\">dado de baja<\/a> por las autoridades colombianas. Menos de 72 horas despu\u00e9s, su hermano, Miguel \u00c1ngel Mej\u00eda M\u00fanera, <a href=\"https:\/\/www.semana.com\/ustedes-ganan-mellizo-mejia-capturado\/92469-3\/\" target=\"_blank\" rel=\"noreferrer noopener\">fue capturado<\/a>.&nbsp;&nbsp;<\/p>\n\n\n\n<p class=\"wp-block-paragraph\">Parec\u00eda que el emporio criminal que hab\u00eda montado Giraldo, ahora en manos de otros, estaba en peligro. Mientras tanto, en la c\u00e1rcel \u00e9l tendr\u00eda que empezar a hablar y aceptar responsabilidades sobre los cr\u00edmenes que cometi\u00f3.&nbsp;&nbsp;<\/p>\n\n\n\n<h2 class=\"wp-block-heading\"><strong>El precio de los silencios&nbsp;<\/strong>&nbsp;<\/h2>\n\n\n\n<p class=\"wp-block-paragraph\">Para principios de 2006, justo cuando Giraldo se desmoviliz\u00f3, Karen estaba recibiendo con gran alegr\u00eda la llegada de su primer hijo.&nbsp;&nbsp;<\/p>\n\n\n\n<p class=\"wp-block-paragraph\">Toda la familia de Karen y de su pareja no pod\u00edan contener la emoci\u00f3n ni la dicha. \u201cSiempre quise un hijo var\u00f3n, y gracias a dios es el primer hijo var\u00f3n que tuve. Fue un momento muy feliz para m\u00ed y mis padres. Mi mam\u00e1 lo llam\u00f3 el rey de la casa\u201d, record\u00f3 Karen sonriendo.&nbsp;<\/p>\n\n\n\n<figure class=\"wp-block-image size-large\"><img data-recalc-dims=\"1\" loading=\"lazy\" decoding=\"async\" width=\"1600\" height=\"1000\" src=\"https:\/\/i0.wp.com\/insightcrime.org\/wp-content\/uploads\/2022\/04\/Ilustracio%CC%81n_sin_ti%CC%81tulo-11-1.jpg?resize=1600%2C1000&#038;quality=100&#038;ssl=1\" alt=\"\" class=\"wp-image-181864\" srcset=\"https:\/\/i0.wp.com\/insightcrime.org\/wp-content\/uploads\/2022\/04\/Ilustracio%CC%81n_sin_ti%CC%81tulo-11-1.jpg?w=1600&amp;quality=100&amp;ssl=1 1600w, https:\/\/i0.wp.com\/insightcrime.org\/wp-content\/uploads\/2022\/04\/Ilustracio%CC%81n_sin_ti%CC%81tulo-11-1.jpg?resize=300%2C188&amp;quality=100&amp;ssl=1 300w, https:\/\/i0.wp.com\/insightcrime.org\/wp-content\/uploads\/2022\/04\/Ilustracio%CC%81n_sin_ti%CC%81tulo-11-1.jpg?resize=1024%2C640&amp;quality=100&amp;ssl=1 1024w, https:\/\/i0.wp.com\/insightcrime.org\/wp-content\/uploads\/2022\/04\/Ilustracio%CC%81n_sin_ti%CC%81tulo-11-1.jpg?resize=768%2C480&amp;quality=100&amp;ssl=1 768w, https:\/\/i0.wp.com\/insightcrime.org\/wp-content\/uploads\/2022\/04\/Ilustracio%CC%81n_sin_ti%CC%81tulo-11-1.jpg?resize=1536%2C960&amp;quality=100&amp;ssl=1 1536w, https:\/\/i0.wp.com\/insightcrime.org\/wp-content\/uploads\/2022\/04\/Ilustracio%CC%81n_sin_ti%CC%81tulo-11-1.jpg?w=370&amp;quality=100&amp;ssl=1 370w, https:\/\/i0.wp.com\/insightcrime.org\/wp-content\/uploads\/2022\/04\/Ilustracio%CC%81n_sin_ti%CC%81tulo-11-1.jpg?w=400&amp;quality=100&amp;ssl=1 400w\" sizes=\"auto, (max-width: 1000px) 100vw, 1000px\" \/><\/figure>\n\n\n\n<p class=\"wp-block-paragraph\">Desde que lleg\u00f3 a Santa Marta, en 2003, hab\u00eda decidido voltear la p\u00e1gina. Tres a\u00f1os m\u00e1s tarde, ya hab\u00eda terminado el bachillerato con la esperanza de ir a la universidad. So\u00f1aba con trabajar en obras de infraestructura vial, en temas de salud ocupacional. Se imaginaba a s\u00ed misma ejerciendo un liderazgo para proteger la vida de las personas en sus trabajos. Sin embargo, su familia no cont\u00f3 con los recursos econ\u00f3micos para apoyarla.&nbsp;&nbsp;<\/p>\n\n\n\n<p class=\"wp-block-paragraph\">Ella se dedic\u00f3 por completo a su familia, al cuidado de sus hijos mientras su esposo trabajaba en construcci\u00f3n.&nbsp;&nbsp;<\/p>\n\n\n\n<p class=\"wp-block-paragraph\">Se sent\u00eda feliz de la familia que hab\u00eda formado, pero el peso de sus silencios la persegu\u00eda. A pesar de los a\u00f1os que llevaba con su esposo, no se sent\u00eda capaz de contarle lo que hab\u00eda vivido en el pueblo. \u00c9l sab\u00eda que era desplazada por la violencia, al igual que \u00e9l, pero no sab\u00eda por qu\u00e9 se hab\u00eda tenido que desplazar. Cuando \u00e9l indagaba por el tema, ella cambiaba la conversaci\u00f3n.&nbsp;<\/p>\n\n\n\n<p class=\"wp-block-paragraph\">Su cuerpo tambi\u00e9n le recordaba lo sucedido. Empez\u00f3 a sufrir de la matriz. Su sistema reproductivo no estaba saludable, y aunque no hay una prueba m\u00e9dica que indique que eso es resultado del abuso, Karen a veces cree que fue as\u00ed.&nbsp;&nbsp;<\/p>\n\n\n\n<p class=\"wp-block-paragraph\">En casa de sus padres nadie hablaba sobre lo que vivieron en el pueblo. El padre de Karen comenz\u00f3 a trabajar en las calles vendiendo billetes de loter\u00eda buscando alguna ganancia para llevar a la mesa. Pero la situaci\u00f3n no era f\u00e1cil y cay\u00f3 en el alcoholismo.&nbsp;<\/p>\n\n\n\n<p class=\"wp-block-paragraph\">Su hermano menor, quien para ese entonces ten\u00eda 13 a\u00f1os, cay\u00f3 en las drogas, adicci\u00f3n de la que no ha podido recuperarse.&nbsp;&nbsp;<\/p>\n\n\n\n<p class=\"wp-block-paragraph\">La madre de Karen viv\u00eda en constante tristeza al observar la situaci\u00f3n de su familia. Si bien Karen no era su \u00fanica hija, ten\u00eda un especial afecto por ella. Sent\u00eda profundo dolor cuando pensaba en su abuso sexual, el desplazamiento y las dif\u00edciles condiciones de vida que ten\u00edan en la ciudad. No hab\u00eda dinero para pagar el arriendo, no hab\u00eda para la comida.&nbsp;&nbsp;<\/p>\n\n\n\n<p class=\"wp-block-paragraph\">Pero, aun as\u00ed, cuando Karen y su madre se reun\u00edan, y siempre que no estuvieran en presencia de alguien m\u00e1s, hablaban de lo vivido. Esos momentos les serv\u00edan a las dos mujeres para soltar sus cargas.&nbsp;<\/p>\n\n\n\n<p class=\"wp-block-paragraph\">Al poco tiempo su madre enferm\u00f3, comenz\u00f3 a sufrir del h\u00edgado y de la sangre, y estos espacios de conversaci\u00f3n fueron cada vez menos frecuentes.&nbsp;<\/p>\n\n\n\n<p class=\"wp-block-paragraph\">Para ese entonces, en el 2007, el gobierno estaba exigiendo a los comandantes paramilitares desmovilizados que testificaran en audiencias p\u00fablicas sobre sus cr\u00edmenes de guerra.&nbsp;&nbsp;<\/p>\n\n\n\n<p class=\"wp-block-paragraph\">Carolina y Karen eran dos de miles de mujeres que hab\u00edan sido v\u00edctimas de abuso sexual en el marco del conflicto armado. En Colombia hay m\u00e1s de 31.000 personas v\u00edctimas de delitos contra la libertad e integridad sexual de las cuales m\u00e1s del 90 por ciento son mujeres, seg\u00fan datos de la <a href=\"https:\/\/www.unidadvictimas.gov.co\/es\/conmemoraciones\/la-unidad-para-las-victimas-reitera-su-compromiso-contra-la-violencia-sexual-en-los\" target=\"_blank\" rel=\"noreferrer noopener\">Unidad para las V\u00edctimas<\/a>.&nbsp;<\/p>\n\n\n\n<p class=\"wp-block-paragraph\">Magdalena, donde dominaba Giraldo y su grupo paramilitar, ha sido el segundo departamento m\u00e1s afectado con m\u00e1s del 10 por ciento del total de las v\u00edctimas del pa\u00eds. Entre <a href=\"https:\/\/rutasdelconflicto.com\/notas\/vivio-la-violencia-sexual-el-conflicto-armado\" target=\"_blank\" rel=\"noreferrer noopener\">2002 y 2003<\/a>, las cifras de este departamento del Caribe fueron las m\u00e1s altas de toda Colombia.&nbsp;&nbsp;<\/p>\n\n\n\n<h2 class=\"wp-block-heading\"><strong>Una omisi\u00f3n reveladora<\/strong>&nbsp;<\/h2>\n\n\n\n<p class=\"wp-block-paragraph\">El martes 5 de junio de 2007, Hern\u00e1n Giraldo, vistiendo una camisa negra y su tradicional sombrero, se sent\u00f3 en un sal\u00f3n del Edificio Lara Bonilla, de la ciudad de Barranquilla, para dar testimonio en su primera audiencia libre ante los tribunales de Justicia y Paz.&nbsp;<\/p>\n\n\n\n<p class=\"wp-block-paragraph\">Personas de diferentes lugares de la Sierra estaban a las afueras del edificio. Con una mezcla de miedo y curiosidad, algunos sujetaban pancartas, expresando su incondicional apoyo a \u201cEl Patr\u00f3n\u201d.&nbsp;&nbsp;<\/p>\n\n\n\n<p class=\"wp-block-paragraph\">Un poco despu\u00e9s de las 10:30 de la ma\u00f1ana, Giraldo se acomod\u00f3 en su silla, junto a su abogado, y dirigi\u00f3 su atenci\u00f3n al juez.&nbsp; Este le explic\u00f3 que primero deber\u00eda hablar sobre la estructura de su grupo paramilitar y los delitos cometidos.&nbsp;<\/p>\n\n\n<div class=\"wp-block-image\">\n<figure class=\"aligncenter size-full\"><img data-recalc-dims=\"1\" loading=\"lazy\" decoding=\"async\" width=\"350\" height=\"250\" src=\"https:\/\/i0.wp.com\/insightcrime.org\/wp-content\/uploads\/2022\/04\/Primera-versio%CC%81n-libre-de-Giraldo-Semana-1.jpg?resize=350%2C250&#038;quality=100&#038;ssl=1\" alt=\"\" class=\"wp-image-181867\" srcset=\"https:\/\/i0.wp.com\/insightcrime.org\/wp-content\/uploads\/2022\/04\/Primera-versio%CC%81n-libre-de-Giraldo-Semana-1.jpg?w=350&amp;quality=100&amp;ssl=1 350w, https:\/\/i0.wp.com\/insightcrime.org\/wp-content\/uploads\/2022\/04\/Primera-versio%CC%81n-libre-de-Giraldo-Semana-1.jpg?resize=300%2C214&amp;quality=100&amp;ssl=1 300w, https:\/\/i0.wp.com\/insightcrime.org\/wp-content\/uploads\/2022\/04\/Primera-versio%CC%81n-libre-de-Giraldo-Semana-1.jpg?w=370&amp;quality=100&amp;ssl=1 370w, https:\/\/i0.wp.com\/insightcrime.org\/wp-content\/uploads\/2022\/04\/Primera-versio%CC%81n-libre-de-Giraldo-Semana-1.jpg?w=400&amp;quality=100&amp;ssl=1 400w\" sizes=\"auto, (max-width: 350px) 100vw, 350px\" \/><figcaption class=\"wp-element-caption\">Giraldo en el Juzgado en su primera versi\u00f3n libre. Fuente: <a href=\"https:\/\/www.semana.com\/vine-tratar-decir-toda-verdad-hernan-giraldo\/86393-3\/\" target=\"_blank\" rel=\"noreferrer noopener\">Semana<\/a>&nbsp;<\/figcaption><\/figure>\n<\/div>\n\n\n<p class=\"wp-block-paragraph\">Las v\u00edctimas quer\u00edan darle un cierre al sufrimiento poni\u00e9ndose de cara a su victimario.&nbsp;<\/p>\n\n\n\n<p class=\"wp-block-paragraph\">\u201cVine a tratar decir la verdad de todo lo que s\u00e9 y a las v\u00edctimas les digo que no tengan miedo, pues estoy aqu\u00ed para aclarar todo y lo que ellos sepan ayudar\u00e1\u201d, <a href=\"https:\/\/www.semana.com\/vine-tratar-decir-toda-verdad-hernan-giraldo\/86393-3\/\" target=\"_blank\" rel=\"noreferrer noopener\">contest\u00f3<\/a> Giraldo ante el tribunal.&nbsp;<\/p>\n\n\n\n<p class=\"wp-block-paragraph\">Era todo casi teatral. Giraldo se dirig\u00eda a las v\u00edctimas, no con culpa, sino como quien va a otorgarles la tan anhelada ayuda.&nbsp;&nbsp;<\/p>\n\n\n\n<blockquote class=\"wp-block-quote is-layout-flow wp-block-quote-is-layout-flow\">\n<p class=\"wp-block-paragraph\"><strong><mark style=\"background-color:rgba(0, 0, 0, 0)\" class=\"has-inline-color has-vivid-red-color\">VEA TAMBI\u00c9N:<\/mark><\/strong> <a href=\"https:\/\/es.insightcrime.org\/noticias\/pachenca-reaparecen-tras-retorno-lider-colombia\/\" target=\"_blank\" rel=\"noreferrer noopener\">Los Pachenca reaparecen tras el retorno de su l\u00edder a Colombia<\/a><\/p>\n<\/blockquote>\n\n\n\n<p class=\"wp-block-paragraph\">Entre 2007 y mayo de 2008, Giraldo asisti\u00f3 a 16 versiones libres donde debi\u00f3 responder por homicidios, masacres, desplazamientos forzados y desapariciones forzadas. Pero, igual que otros comandantes paramilitares enjuiciados, no habl\u00f3 sobre la violencia sexual que ejerci\u00f3 por d\u00e9cadas. Hasta ese momento no hab\u00eda denuncias hechas por las v\u00edctimas y solo hasta 2009 la Fiscal\u00eda General de la Naci\u00f3n abri\u00f3 una <a href=\"https:\/\/verdadabierta.com\/acusan-a-hernan-giraldo-de-violar-a-19-ninas\/\" target=\"_blank\" rel=\"noreferrer noopener\">investigaci\u00f3n<\/a> tras percatarse de que las mam\u00e1s de un gran porcentaje de los hijos reconocidos por Giraldo eran menores de edad al momento del parto.&nbsp;<\/p>\n\n\n\n<p class=\"wp-block-paragraph\">Y esto no es sorprendente ya que la violencia sexual ha sido uno de los cr\u00edmenes m\u00e1s silenciados y estigmatizados en el conflicto armado. Las victimas rara vez denuncian y cuando lo hacen los cr\u00edmenes no son investigados de forma completa e imparcial, <a href=\"https:\/\/insightcrime.org\/wp-content\/uploads\/2023\/04\/Colombia.-Cuerpos-marcdos-crimenes-silenciados.pdf\" target=\"_blank\" rel=\"noreferrer noopener\">asegur\u00f3<\/a> Amnist\u00eda Internacional. Adem\u00e1s, ning\u00fan actor armado <a href=\"https:\/\/insightcrime.org\/wp-content\/uploads\/2023\/04\/guerra-inscrita-en-el-cuerpo_accesible.pdf\" target=\"_blank\" rel=\"noreferrer noopener\">admite<\/a> con franqueza haber violado por el profundo sentido moral del crimen que demuestra la inhumanidad de los victimarios.&nbsp;<\/p>\n\n\n\n<p class=\"wp-block-paragraph\">Giraldo no solo excluy\u00f3 la verdad sobre la violencia sexual perpetrada por \u00e9l y sus hombres en la Sierra Nevada, como lo fue el caso de Karen y Carolina, sino que, adem\u00e1s, seguir\u00eda abusando de menores de edad mientras estaba en la c\u00e1rcel, a la par que daba las declaraciones ante la Fiscal\u00eda.&nbsp;<\/p>\n\n\n\n<p class=\"wp-block-paragraph\">Para las mujeres v\u00edctimas de Giraldo no hab\u00eda verdad, justicia, reparaci\u00f3n ni garant\u00edas de no repetici\u00f3n.&nbsp;<\/p>\n\n\n\n<h2 class=\"wp-block-heading\"><strong>El abuso no se detiene&nbsp;<\/strong>&nbsp;<\/h2>\n\n\n\n<p class=\"wp-block-paragraph\">Mientras Giraldo rend\u00eda declaraciones en Barranquilla, Ana Milena, una joven de 15 a\u00f1os se mud\u00f3 a la ciudad en los primeros d\u00edas de enero del 2008.&nbsp;<gwmw style=\"display:none;\"><\/gwmw><\/p>\n\n\n\n<p class=\"wp-block-paragraph\">Ella tom\u00f3 la dif\u00edcil decisi\u00f3n de separarse de su familia porque quer\u00eda estudiar una carrera mientras trabajaba como ni\u00f1era. Pero cuando lleg\u00f3 a la enorme ciudad, se enter\u00f3 que la oferta de trabajo por la que hab\u00eda viajado por largas horas ya no estaba en pie. Sin embargo, decidi\u00f3 quedarse, seg\u00fan <a href=\"https:\/\/www.elespectador.com\/judicial\/una-denuncia-inedita-contra-hernan-giraldo-por-abuso-sexual-cuando-ya-estaba-preso-article\/\" target=\"_blank\" rel=\"noreferrer noopener\">relat\u00f3<\/a> al medio El Espectador.&nbsp;<gwmw style=\"display:none;\"><\/gwmw><\/p>\n\n\n\n<p class=\"wp-block-paragraph\">Ah\u00ed fue cuando su camino se cruz\u00f3 con una mujer quien le ofreci\u00f3 que se quedara en su casa y le ayudara con las tareas del hogar. Ana no lo sab\u00eda, pero la mujer trabajaba para Hern\u00e1n Giraldo.&nbsp;<\/p>\n\n\n\n<p class=\"wp-block-paragraph\">Un d\u00eda cualquiera, mientras Ana realizaba las tareas dom\u00e9sticas, contest\u00f3 el tel\u00e9fono y al otro lado de la l\u00ednea estaba Hern\u00e1n Giraldo.&nbsp;\u201cEmpez\u00f3 a preguntarme sobre m\u00ed, que cu\u00e1ntos a\u00f1os ten\u00eda, c\u00f3mo era f\u00edsicamente\u201d, <a href=\"https:\/\/www.elespectador.com\/judicial\/una-denuncia-inedita-contra-hernan-giraldo-por-abuso-sexual-cuando-ya-estaba-preso-article\/\" target=\"_blank\" rel=\"noreferrer noopener\">record\u00f3<\/a> Ana.&nbsp;<\/p>\n\n\n\n<p class=\"wp-block-paragraph\">Desde ese d\u00eda, cada vez que llamaba a esa casa, Giraldo le enviaba saludos. Pero a ella no le interesaba recibir ning\u00fan mensaje de \u00e9l, ni tener nada que ver con \u00e9l, dijo en su <a href=\"https:\/\/www.elespectador.com\/judicial\/una-denuncia-inedita-contra-hernan-giraldo-por-abuso-sexual-cuando-ya-estaba-preso-article\/\" target=\"_blank\" rel=\"noreferrer noopener\">declaraci\u00f3n<\/a>.&nbsp;<gwmw style=\"display:none;\"><gwmw style=\"display:none;\"><\/gwmw><\/gwmw><\/p>\n\n\n\n<p class=\"wp-block-paragraph\">Un domingo, la mujer le dijo a Ana Milena: \u201cHoy no va a ir Mar\u00eda, te toca a ti\u201d. Ella qued\u00f3 fr\u00eda, pero inmediatamente entendi\u00f3 que ten\u00eda que ir a la c\u00e1rcel de Barranquilla, a donde hab\u00eda sido trasladado Giraldo. Ella sab\u00eda que hab\u00eda una ni\u00f1a visit\u00e1ndolo de vez en cuando. Y no ten\u00eda ninguna opci\u00f3n, afuera de la casa siempre estaban unos hombres en una camioneta vigil\u00e1ndolas.&nbsp;<gwmw style=\"display:none;\"><gwmw style=\"display:none;\"><gwmw style=\"display:none;\"><\/gwmw><\/gwmw><\/gwmw><\/p>\n\n\n\n<p class=\"wp-block-paragraph\">Ana lleg\u00f3 ese d\u00eda m\u00e1s tarde a la c\u00e1rcel y la mujer le pas\u00f3 un fajo de dinero que hab\u00eda camuflado en una toalla higi\u00e9nica y que ella deb\u00eda entregar cuando entrara. Cuando ingres\u00f3 la llevaron a una celda con comodidades y privilegios: una nevera, televisor, cama y ba\u00f1o privado. Ah\u00ed lleg\u00f3 Giraldo.&nbsp;<\/p>\n\n\n\n<p class=\"wp-block-paragraph\">Ana Milena fue abusada sexualmente ese d\u00eda por Hern\u00e1n Giraldo. Su nombre se sum\u00f3 a la larga lista de mujeres que hab\u00edan sufrido violencia y abusos por parte de este hombre.&nbsp;&nbsp;<\/p>\n\n\n\n<p class=\"wp-block-paragraph\">A diferencia de los abusos ocurridos en la Sierra Nevada de Santa Marta, su violaci\u00f3n ocurri\u00f3 en una c\u00e1rcel, con <a href=\"https:\/\/www.wradio.com.co\/noticias\/judicial\/el-regano-a-la-fiscalia-por-no-investigar-abuso-sexual-de-hernan-giraldo-a-dos-menores\/20210412\/nota\/4125165.aspx\" target=\"_blank\" rel=\"noreferrer noopener\">complicidad<\/a> del personal del Instituto Nacional Penitenciario y Carcelario (INPEC).&nbsp;&nbsp;<\/p>\n\n\n\n<p class=\"wp-block-paragraph\">Ana Milena no fue la \u00fanica. Giraldo habr\u00eda abusado de otras cuatro menores mientras estaba en las c\u00e1rceles de La Ceja e Itag\u00fc\u00ed en Antioquia, y La Modelo de Barranquilla, seg\u00fan investigaciones de la <a href=\"https:\/\/www.fiscalia.gov.co\/colombia\/hechos-concretos\/cargos-a-hernan-giraldo-por-presunto-abuso-sexual-de-ninos-tras-su-desmovilizacion\/\" target=\"_blank\" rel=\"noreferrer noopener\">Fiscal\u00eda,<\/a> que se conocer\u00edan a\u00f1os m\u00e1s tarde.&nbsp;&nbsp;<\/p>\n\n\n\n<p class=\"wp-block-paragraph\">El martirio de Ana Milena no termin\u00f3 ese domingo. Ana volvi\u00f3 a la casa a seguir trabajando para la mujer y tuvo que volver por segunda vez. Cuando le tocaba ir por tercera vez, llamaron a la mujer y le dijeron que Hern\u00e1n Giraldo hab\u00eda sido extraditado.&nbsp;<\/p>\n\n\n\n<h2 class=\"wp-block-heading\"><strong>Una verdad extraditada<\/strong>&nbsp;<\/h2>\n\n\n\n<p class=\"wp-block-paragraph\">El 13 de mayo de 2008, en las horas de la madrugada y mientras Colombia dorm\u00eda, la Polic\u00eda Nacional, en varias tanquetas, <a href=\"http:\/\/historico.presidencia.gov.co\/sp\/2008\/mayo\/13\/04132008.html\" target=\"_blank\" rel=\"noreferrer noopener\">sacaron<\/a> de tres importantes centros penitenciarios a 13 comandantes paramilitares y los escoltaron hasta la base a\u00e9rea de la Polic\u00eda Nacional en Bogot\u00e1. Entre esos criminales se encontraba Hern\u00e1n Giraldo Serna.&nbsp;<\/p>\n\n\n\n<p class=\"wp-block-paragraph\"><a href=\"https:\/\/cnnespanol.cnn.com\/video\/cnnee-pkg-ramos-fallo-contra-paramilitar-hernan-giraldo-en-eeuu\/\" target=\"_blank\" rel=\"noreferrer noopener\">Vestido<\/a> con chaqueta de cuero, pantal\u00f3n negro y con una expresi\u00f3n seria, Giraldo fue escoltado por polic\u00edas de la Direcci\u00f3n de Investigaci\u00f3n Criminal (DIJIN) hasta que subi\u00f3 el \u00faltimo escal\u00f3n del avi\u00f3n que lo llevar\u00eda a los Estados Unidos. Su peor <a href=\"https:\/\/verdadabierta.com\/perfil-de-hernan-giraldo-serna-alias-el-patron\/\" target=\"_blank\" rel=\"noreferrer noopener\">miedo<\/a> se hab\u00eda hecho realidad.&nbsp;<\/p>\n\n\n<div class=\"wp-block-image\">\n<figure class=\"aligncenter size-full\"><img data-recalc-dims=\"1\" loading=\"lazy\" decoding=\"async\" width=\"350\" height=\"250\" src=\"https:\/\/i0.wp.com\/insightcrime.org\/wp-content\/uploads\/2022\/03\/image-12.jpeg?resize=350%2C250&#038;quality=100&#038;ssl=1\" alt=\"\" class=\"wp-image-180784\" srcset=\"https:\/\/i0.wp.com\/insightcrime.org\/wp-content\/uploads\/2022\/03\/image-12.jpeg?w=350&amp;quality=100&amp;ssl=1 350w, https:\/\/i0.wp.com\/insightcrime.org\/wp-content\/uploads\/2022\/03\/image-12.jpeg?resize=300%2C214&amp;quality=100&amp;ssl=1 300w, https:\/\/i0.wp.com\/insightcrime.org\/wp-content\/uploads\/2022\/03\/image-12.jpeg?w=370&amp;quality=100&amp;ssl=1 370w, https:\/\/i0.wp.com\/insightcrime.org\/wp-content\/uploads\/2022\/03\/image-12.jpeg?w=400&amp;quality=100&amp;ssl=1 400w\" sizes=\"auto, (max-width: 350px) 100vw, 350px\" \/><figcaption class=\"wp-element-caption\">Hern\u00e1n Giraldo acompa\u00f1ado de la polic\u00eda nacional de Colombia en 2008. Fuente:&nbsp;<a href=\"http:\/\/historico.presidencia.gov.co\/sp\/2008\/mayo\/13\/04132008.html\" target=\"_blank\" rel=\"noreferrer noopener\">Presidencia de Colombia<\/a>&nbsp;<\/figcaption><\/figure>\n<\/div>\n\n\n<p class=\"wp-block-paragraph\">Ese d\u00eda Carolina prendi\u00f3 su televisor en las horas de la tarde. Recuerda haber visto a un hombre de pelo negro, bigote negro, esposado y acompa\u00f1ado por agentes, esta vez de la DEA. Era Giraldo y ya hab\u00eda llegado a los Estados Unidos.&nbsp;<\/p>\n\n\n\n<p class=\"wp-block-paragraph\">Sinti\u00f3 una tranquilidad que hasta el d\u00eda de hoy no puede explicar con palabras.&nbsp;&nbsp;<\/p>\n\n\n\n<p class=\"wp-block-paragraph\">Esa noche en la televisi\u00f3n apareci\u00f3 el entonces presidente \u00c1lvaro Uribe V\u00e9lez <a href=\"https:\/\/www.youtube.com\/watch?v=VKZiNBiEHe8\" target=\"_blank\" rel=\"noreferrer noopener\">anunciando<\/a> que esa decisi\u00f3n se hab\u00eda tomado porque el grupo de paramilitares hab\u00edan reincidido en el delito despu\u00e9s de su sometimiento a la Ley de Justicia y Paz, otros no estaban cooperando con la justicia y todos incumpl\u00edan con la reparaci\u00f3n de las v\u00edctimas al ocultar bienes o demorar su entrega.&nbsp;&nbsp;<\/p>\n\n\n\n<p class=\"wp-block-paragraph\">En ese momento Carolina no pens\u00f3 lo que eso pod\u00eda significar para su caso, que eso podr\u00eda alejar la verdad que ella y otros cientos de v\u00edctimas estaban esperando; porque al salir del pa\u00eds las declaraciones de Giraldo quedar\u00edan suspendidas.&nbsp;<\/p>\n\n\n\n<p class=\"wp-block-paragraph\">Ella solo pensaba que ahora, estando lejos, \u00e9l nunca m\u00e1s podr\u00eda hacerle da\u00f1o a ella ni a su familia.&nbsp;&nbsp;<\/p>\n\n\n\n<p class=\"wp-block-paragraph\">Sin embargo, Giraldo ya hab\u00eda dejado todo arreglado para que su emporio criminal continuara: algunos de sus hijos, sobrinos y hermanos se posicionaron como los herederos de sus negocios.&nbsp;&nbsp;<\/p>\n\n\n\n<p class=\"wp-block-paragraph\">Giraldo estaba fuera de Colombia, pero su legado criminal no hab\u00eda llegado a su fin.&nbsp;&nbsp;<\/p>\n\n\n\n<p class=\"wp-block-paragraph\"><em>*Mark Wilson, Olivia de Gaudemar, Camila Montoya y Alicia Fl\u00f3rez contribuyeron a este art\u00edculo con investigaci\u00f3n documental.&nbsp;<\/em><\/p>\n","protected":false},"excerpt":{"rendered":"<p>Despu\u00e9s de haber corrido por varias horas, Carolina, de 21 a\u00f1os, y su familia llegaron a la ciudad de Santa Marta en 2000. Ten\u00edan los pies llenos de ampollas y no ten\u00edan nada m\u00e1s sino la ropa que tra\u00edan puesta.\u00a0<\/p>\n","protected":false},"author":203,"featured_media":181792,"comment_status":"closed","ping_status":"closed","sticky":false,"template":"single-feature.php","format":"standard","meta":{"newspack_ads_suppress_ads":false,"newspack_popups_has_disabled_popups":false,"newspack_sponsor_sponsorship_scope":"","newspack_sponsor_native_byline_display":"inherit","newspack_sponsor_native_category_display":"inherit","newspack_sponsor_underwriter_style":"inherit","newspack_sponsor_underwriter_placement":"inherit","_EventAllDay":false,"_EventTimezone":"","_EventStartDate":"","_EventEndDate":"","_EventStartDateUTC":"","_EventEndDateUTC":"","_EventShowMap":false,"_EventShowMapLink":false,"_EventURL":"","_EventCost":"","_EventCostDescription":"","_EventCurrencySymbol":"","_EventCurrencyCode":"","_EventCurrencyPosition":"","_EventDateTimeSeparator":"","_EventTimeRangeSeparator":"","_EventOrganizerID":[],"_EventVenueID":[],"_OrganizerEmail":"","_OrganizerPhone":"","_OrganizerWebsite":"","_VenueAddress":"","_VenueCity":"","_VenueCountry":"","_VenueProvince":"","_VenueState":"","_VenueZip":"","_VenuePhone":"","_VenueURL":"","_VenueStateProvince":"","_VenueLat":"","_VenueLng":"","_VenueShowMap":false,"_VenueShowMapLink":false,"_newspack_byline_active":false,"_newspack_byline":"","newspack_hide_updated_date":false,"newspack_show_updated_date":false,"newspack_featured_image_position":"above","newspack_post_subtitle":"","newspack_article_summary_title":"Overview:","newspack_article_summary":"","_jetpack_memberships_contains_paid_content":false,"footnotes":""},"categories":[342],"tags":[390,368,3453],"newspack_spnsrs_tax":[],"coauthors":[4249,4068],"class_list":["post-180771","post","type-post","status-publish","format-standard","has-post-thumbnail","hentry","category-investigaciones","tag-las-auc","tag-colombia-pais","tag-genero-y-crimen-organizado","entry"],"parsely":{"version":"1.1.0","canonical_url":"https:\/\/insightcrime.org\/es\/investigaciones\/rehacer-la-vida-mientras-las-balas-siguen-sonando\/","smart_links":{"inbound":0,"outbound":0},"traffic_boost_suggestions_count":0,"meta":{"@context":"https:\/\/schema.org","@type":"NewsArticle","headline":"Rehacer la vida mientras las balas siguen sonando\u00a0\u00a0","url":"http:\/\/insightcrime.org\/es\/investigaciones\/rehacer-la-vida-mientras-las-balas-siguen-sonando\/","mainEntityOfPage":{"@type":"WebPage","@id":"http:\/\/insightcrime.org\/es\/investigaciones\/rehacer-la-vida-mientras-las-balas-siguen-sonando\/"},"thumbnailUrl":"https:\/\/i0.wp.com\/insightcrime.org\/wp-content\/uploads\/2022\/04\/Sida-Herna-Giraldo-Capitulo-2-InSight-Crime-Marzo-2022.jpg?resize=150%2C150&quality=100&ssl=1","image":{"@type":"ImageObject","url":"https:\/\/i0.wp.com\/insightcrime.org\/wp-content\/uploads\/2022\/04\/Sida-Herna-Giraldo-Capitulo-2-InSight-Crime-Marzo-2022.jpg?fit=1600%2C584&quality=100&ssl=1"},"articleSection":"Investigaciones","author":[{"@type":"Person","name":"Sara Garcia"},{"@type":"Person","name":"Laura \u00c1vila"}],"creator":["Sara Garcia","Laura \u00c1vila"],"publisher":{"@type":"Organization","name":"InSight Crime","logo":"https:\/\/insightcrime.org\/wp-content\/uploads\/2023\/08\/logo.png"},"keywords":["auc","colombia","g\u00e9nero y crimen"],"dateCreated":"2022-04-13T17:05:35Z","datePublished":"2022-04-13T17:05:35Z","dateModified":"2023-10-19T15:48:20Z"},"rendered":"<meta name=\"parsely-title\" content=\"Rehacer la vida mientras las balas siguen sonando\u00a0\u00a0\" \/>\n<meta name=\"parsely-link\" content=\"http:\/\/insightcrime.org\/es\/investigaciones\/rehacer-la-vida-mientras-las-balas-siguen-sonando\/\" \/>\n<meta name=\"parsely-type\" content=\"post\" \/>\n<meta name=\"parsely-image-url\" content=\"https:\/\/i0.wp.com\/insightcrime.org\/wp-content\/uploads\/2022\/04\/Sida-Herna-Giraldo-Capitulo-2-InSight-Crime-Marzo-2022.jpg?resize=150%2C150&amp;quality=100&amp;ssl=1\" \/>\n<meta name=\"parsely-pub-date\" content=\"2022-04-13T17:05:35Z\" \/>\n<meta name=\"parsely-section\" content=\"Investigaciones\" \/>\n<meta name=\"parsely-tags\" content=\"auc,colombia,g\u00e9nero y crimen\" \/>\n<meta name=\"parsely-author\" content=\"Sara Garcia\" \/>\n<meta name=\"parsely-author\" content=\"Laura \u00c1vila\" \/>","tracker_url":"https:\/\/cdn.parsely.com\/keys\/insightcrime.org\/p.js"},"jetpack_sharing_enabled":true,"jetpack-related-posts":[{"id":180754,"url":"https:\/\/insightcrime.org\/es\/investigaciones\/un-imperio-criminal-violentaba-ninas-mujeres\/","url_meta":{"origin":180771,"position":0},"title":"Un imperio criminal que violentaba a ni\u00f1as y mujeres\u00a0","author":"Sara Garcia","date":"13 de abril de 2022","format":false,"excerpt":"Eran las 7:00 de la noche. Carolina estaba acostada en su cama y encendi\u00f3 el televisor justo en el momento en que una reportera de uno de los noticieros nacionales estaba anunciando.","rel":"","context":"En \u00abInvestigaciones\u00bb","block_context":{"text":"Investigaciones","link":"https:\/\/insightcrime.org\/es\/category\/investigaciones\/"},"img":{"alt_text":"Ilustraci\u00f3n donde aparecen militares y dos mujeres","src":"https:\/\/i0.wp.com\/insightcrime.org\/wp-content\/uploads\/2022\/04\/Sida-Herna-Giraldo-Capitulo-1-InSight-Crime-Marzo-2022.jpg?fit=1200%2C438&quality=100&ssl=1&resize=350%2C200","width":350,"height":200,"srcset":"https:\/\/i0.wp.com\/insightcrime.org\/wp-content\/uploads\/2022\/04\/Sida-Herna-Giraldo-Capitulo-1-InSight-Crime-Marzo-2022.jpg?fit=1200%2C438&quality=100&ssl=1&resize=350%2C200 1x, https:\/\/i0.wp.com\/insightcrime.org\/wp-content\/uploads\/2022\/04\/Sida-Herna-Giraldo-Capitulo-1-InSight-Crime-Marzo-2022.jpg?fit=1200%2C438&quality=100&ssl=1&resize=525%2C300 1.5x, https:\/\/i0.wp.com\/insightcrime.org\/wp-content\/uploads\/2022\/04\/Sida-Herna-Giraldo-Capitulo-1-InSight-Crime-Marzo-2022.jpg?fit=1200%2C438&quality=100&ssl=1&resize=700%2C400 2x, https:\/\/i0.wp.com\/insightcrime.org\/wp-content\/uploads\/2022\/04\/Sida-Herna-Giraldo-Capitulo-1-InSight-Crime-Marzo-2022.jpg?fit=1200%2C438&quality=100&ssl=1&resize=1050%2C600 3x"},"classes":[]},{"id":172821,"url":"https:\/\/insightcrime.org\/es\/noticias\/familias-rosario-argentina-pintan-casas-no-atacadas\/","url_meta":{"origin":180771,"position":1},"title":"Familias en Rosario, Argentina, &#8216;pintan&#8217; sus casas para no ser atacadas","author":"Juan Diego Posada","date":"3 de diciembre de 2021","format":false,"excerpt":"Mientras las casas de venta de drogas son atacadas, una curiosa petici\u00f3n por parte de la comunidad hacia los grupos criminales describe la oleada de violencia que experimenta la ciudad de Rosario, Argentina.","rel":"","context":"En \u00abNoticias\u00bb","block_context":{"text":"Noticias","link":"https:\/\/insightcrime.org\/es\/category\/noticias\/"},"img":{"alt_text":"Las familias pintan sus fachas en Argentina","src":"https:\/\/i0.wp.com\/insightcrime.org\/wp-content\/uploads\/2021\/12\/Fachadas-de-familias-Argentina.jpg?fit=350%2C250&quality=100&ssl=1&resize=350%2C200","width":350,"height":200},"classes":[]},{"id":137620,"url":"https:\/\/insightcrime.org\/es\/noticias\/pachenca-reaparecen-tras-retorno-lider-colombia\/","url_meta":{"origin":180771,"position":2},"title":"Los Pachenca reaparecen tras el retorno de su l\u00edder a Colombia","author":"Juan Diego Posada","date":"18 de marzo de 2021","format":false,"excerpt":"El retorno del hist\u00f3rico l\u00edder paramilitar Hern\u00e1n Giraldo habr\u00eda unificado la aparici\u00f3n del grupo al norte de Colombia, aunque desde hace a\u00f1os este pierde poder en terreno. Cambios de nombre, rendici\u00f3n y disputas con redes criminales, rodean hoy el escenario de los Pachenca.","rel":"","context":"En \u00abNoticias\u00bb","block_context":{"text":"Noticias","link":"https:\/\/insightcrime.org\/es\/category\/noticias\/"},"img":{"alt_text":"Hern\u00e1n Giraldo es custodiado por guardias colombianos","src":"https:\/\/i0.wp.com\/insightcrime.org\/wp-content\/uploads\/2021\/03\/giraldo_hernan.jpg?fit=350%2C250&quality=100&ssl=1&resize=350%2C200","width":350,"height":200},"classes":[]},{"id":197818,"url":"https:\/\/insightcrime.org\/es\/investigaciones\/guardaespaldas-cartel-tierra-caliente-mexico\/","url_meta":{"origin":180771,"position":3},"title":"El \u2018guardaespaldas\u2019 de un cartel en Tierra Caliente de M\u00e9xico","author":"Steven Dudley","date":"14 de septiembre de 2022","format":false,"excerpt":"En las monta\u00f1as de Michoac\u00e1n, M\u00e9xico, Carlos fue entrenado para convertirse en un despiadado guardaespaldas de C\u00e1rteles Unidos.","rel":"","context":"En \u00abInvestigaciones\u00bb","block_context":{"text":"Investigaciones","link":"https:\/\/insightcrime.org\/es\/category\/investigaciones\/"},"img":{"alt_text":"","src":"https:\/\/i0.wp.com\/insightcrime.org\/wp-content\/uploads\/2022\/09\/2-cartel-bodyguard-Michoacan-investigative-piece.jpg?fit=1200%2C600&quality=100&ssl=1&resize=350%2C200","width":350,"height":200,"srcset":"https:\/\/i0.wp.com\/insightcrime.org\/wp-content\/uploads\/2022\/09\/2-cartel-bodyguard-Michoacan-investigative-piece.jpg?fit=1200%2C600&quality=100&ssl=1&resize=350%2C200 1x, https:\/\/i0.wp.com\/insightcrime.org\/wp-content\/uploads\/2022\/09\/2-cartel-bodyguard-Michoacan-investigative-piece.jpg?fit=1200%2C600&quality=100&ssl=1&resize=525%2C300 1.5x, https:\/\/i0.wp.com\/insightcrime.org\/wp-content\/uploads\/2022\/09\/2-cartel-bodyguard-Michoacan-investigative-piece.jpg?fit=1200%2C600&quality=100&ssl=1&resize=700%2C400 2x, https:\/\/i0.wp.com\/insightcrime.org\/wp-content\/uploads\/2022\/09\/2-cartel-bodyguard-Michoacan-investigative-piece.jpg?fit=1200%2C600&quality=100&ssl=1&resize=1050%2C600 3x"},"classes":[]},{"id":180788,"url":"https:\/\/insightcrime.org\/es\/investigaciones\/la-verdad-sale-a-la-luz\/","url_meta":{"origin":180771,"position":4},"title":"La verdad sale a la luz\u00a0\u00a0","author":"Sara Garcia","date":"13 de abril de 2022","format":false,"excerpt":"A comienzos de la d\u00e9cada de 2010, en una c\u00e1rcel en Estados Unidos, estaba el ex jefe paramilitar, Hern\u00e1n Giraldo Serna, esperando su sentencia por narcotr\u00e1fico.","rel":"","context":"En \u00abInvestigaciones\u00bb","block_context":{"text":"Investigaciones","link":"https:\/\/insightcrime.org\/es\/category\/investigaciones\/"},"img":{"alt_text":"Ilustraci\u00f3n de varias mujeres juntas a la izquierda de una casa","src":"https:\/\/i0.wp.com\/insightcrime.org\/wp-content\/uploads\/2022\/04\/Sida-Herna-Giraldo-Capitulo-3-InSight-Crime-Marzo-2022.jpg?fit=1200%2C438&quality=100&ssl=1&resize=350%2C200","width":350,"height":200,"srcset":"https:\/\/i0.wp.com\/insightcrime.org\/wp-content\/uploads\/2022\/04\/Sida-Herna-Giraldo-Capitulo-3-InSight-Crime-Marzo-2022.jpg?fit=1200%2C438&quality=100&ssl=1&resize=350%2C200 1x, https:\/\/i0.wp.com\/insightcrime.org\/wp-content\/uploads\/2022\/04\/Sida-Herna-Giraldo-Capitulo-3-InSight-Crime-Marzo-2022.jpg?fit=1200%2C438&quality=100&ssl=1&resize=525%2C300 1.5x, https:\/\/i0.wp.com\/insightcrime.org\/wp-content\/uploads\/2022\/04\/Sida-Herna-Giraldo-Capitulo-3-InSight-Crime-Marzo-2022.jpg?fit=1200%2C438&quality=100&ssl=1&resize=700%2C400 2x, https:\/\/i0.wp.com\/insightcrime.org\/wp-content\/uploads\/2022\/04\/Sida-Herna-Giraldo-Capitulo-3-InSight-Crime-Marzo-2022.jpg?fit=1200%2C438&quality=100&ssl=1&resize=1050%2C600 3x"},"classes":[]},{"id":165787,"url":"https:\/\/insightcrime.org\/es\/noticias\/urabenos-pachenca-lucha-puertos-santa-marta-colombia\/","url_meta":{"origin":180771,"position":5},"title":"Gaitanistas vs. Pachenca: la lucha por los puertos de Santa Marta en Colombia","author":"Juan Diego Posada","date":"19 de agosto de 2021","format":false,"excerpt":"La ciudad de Santa Marta, al norte de Colombia, ha visto un aumento impactante de asesinatos este a\u00f1o a medida que pandillas m\u00e1s peque\u00f1as est\u00e1n siendo reclutadas en una disputa de drogas a mayor escala.","rel":"","context":"En \u00abNoticias\u00bb","block_context":{"text":"Noticias","link":"https:\/\/insightcrime.org\/es\/category\/noticias\/"},"img":{"alt_text":"","src":"https:\/\/i0.wp.com\/insightcrime.org\/wp-content\/uploads\/2021\/08\/homicidios.jpg?fit=350%2C250&quality=100&ssl=1&resize=350%2C200","width":350,"height":200},"classes":[]}],"jetpack_featured_media_url":"https:\/\/i0.wp.com\/insightcrime.org\/wp-content\/uploads\/2022\/04\/Sida-Herna-Giraldo-Capitulo-2-InSight-Crime-Marzo-2022.jpg?fit=1600%2C584&quality=100&ssl=1","_links":{"self":[{"href":"https:\/\/insightcrime.org\/es\/wp-json\/wp\/v2\/posts\/180771","targetHints":{"allow":["GET"]}}],"collection":[{"href":"https:\/\/insightcrime.org\/es\/wp-json\/wp\/v2\/posts"}],"about":[{"href":"https:\/\/insightcrime.org\/es\/wp-json\/wp\/v2\/types\/post"}],"author":[{"embeddable":true,"href":"https:\/\/insightcrime.org\/es\/wp-json\/wp\/v2\/users\/203"}],"replies":[{"embeddable":true,"href":"https:\/\/insightcrime.org\/es\/wp-json\/wp\/v2\/comments?post=180771"}],"version-history":[{"count":11,"href":"https:\/\/insightcrime.org\/es\/wp-json\/wp\/v2\/posts\/180771\/revisions"}],"predecessor-version":[{"id":242993,"href":"https:\/\/insightcrime.org\/es\/wp-json\/wp\/v2\/posts\/180771\/revisions\/242993"}],"wp:featuredmedia":[{"embeddable":true,"href":"https:\/\/insightcrime.org\/es\/wp-json\/wp\/v2\/media\/181792"}],"wp:attachment":[{"href":"https:\/\/insightcrime.org\/es\/wp-json\/wp\/v2\/media?parent=180771"}],"wp:term":[{"taxonomy":"category","embeddable":true,"href":"https:\/\/insightcrime.org\/es\/wp-json\/wp\/v2\/categories?post=180771"},{"taxonomy":"post_tag","embeddable":true,"href":"https:\/\/insightcrime.org\/es\/wp-json\/wp\/v2\/tags?post=180771"},{"taxonomy":"newspack_spnsrs_tax","embeddable":true,"href":"https:\/\/insightcrime.org\/es\/wp-json\/wp\/v2\/newspack_spnsrs_tax?post=180771"},{"taxonomy":"author","embeddable":true,"href":"https:\/\/insightcrime.org\/es\/wp-json\/wp\/v2\/coauthors?post=180771"}],"curies":[{"name":"wp","href":"https:\/\/api.w.org\/{rel}","templated":true}]}}