{"id":181519,"date":"2022-04-27T13:05:50","date_gmt":"2022-04-27T18:05:50","guid":{"rendered":"https:\/\/insightcrime.org\/?p=181519"},"modified":"2023-09-29T14:38:32","modified_gmt":"2023-09-29T19:38:32","slug":"los-urabenos-atomizacion-crimen-grupo-unido","status":"publish","type":"post","link":"https:\/\/insightcrime.org\/es\/noticias\/los-urabenos-atomizacion-crimen-grupo-unido\/","title":{"rendered":"Los Gaitanistas: \u00bfla atomizaci\u00f3n del crimen o un grupo unido?"},"content":{"rendered":"\n<p class=\"wp-block-paragraph\">En octubre de 2021, despu\u00e9s de una persecuci\u00f3n que dur\u00f3 a\u00f1os, las autoridades colombianas atraparon al hombre que m\u00e1s buscaban. Otoniel, exguerrillero y combatiente paramilitar, fue uno de los narcotraficantes m\u00e1s prol\u00edficos del pa\u00eds, l\u00edder del poderoso grupo de Los Gaitanistas. <\/p>\n\n\n\n<p class=\"wp-block-paragraph\">Tras su captura, \u00bfqu\u00e9 ha cambiado en la criminalidad de Colombia? \u00bfSe est\u00e1 desmoronando el imperio narcotraficante de Otoniel o ha surgido un nuevo l\u00edder que logre mantenerlo unido?<\/p>\n\n\n\n<p class=\"wp-block-paragraph\">Mientras Dairo Antonio \u00dasuga, alias \u00ab<a href=\"https:\/\/es.insightcrime.org\/noticias-crimen-organizado-colombia\/dairo-antonio-usuga-alias-otoniel\/\" target=\"_blank\" rel=\"noreferrer noopener\">Otoniel<\/a>\u00ab, espera para ser <a href=\"https:\/\/www.latimes.com\/espanol\/eeuu\/articulo\/2022-04-21\/ap-explica-quien-es-otoniel-el-capo-que-sera-extraditado\" target=\"_blank\" rel=\"noreferrer noopener\">extraditado<\/a> a los Estados Unidos, InSight Crime analiza lo que ha sido de las <a href=\"https:\/\/es.insightcrime.org\/noticias-crimen-organizado-colombia\/urabenos\/\" target=\"_blank\" rel=\"noreferrer noopener\">AGC<\/a>. <\/p>\n\n\n\n<h2 class=\"wp-block-heading\" id=\"h-los-gaitanistas-de-hoy-y-de-manana\">Los Gaitanistas de hoy y de ma\u00f1ana<\/h2>\n\n\n\n<p class=\"wp-block-paragraph\">Los Gaitanistas, tambi\u00e9n conocidos como Clan del Golfo, Urabe\u00f1os y Autodefensas Gaitanistas de Colombia (AGC) al igual que su antiguo comandante, son una fusi\u00f3n de legados criminales muy diferentes. Tienen sus ra\u00edces en grupos paramilitares, pero tambi\u00e9n han actuado como guerrilleros. Son una de las principales potencias del narcotr\u00e1fico en Colombia, pero tambi\u00e9n participan en la extorsi\u00f3n, la miner\u00eda de oro, el contrabando de personas y otras actividades criminales.<\/p>\n\n\n\n<p class=\"wp-block-paragraph\">Podr\u00eda decirse que la caracter\u00edstica m\u00e1s<strong> <\/strong>distintiva del grupo es el uso de franquicias. En cabeza de los<strong><mark style=\"background-color:rgba(0, 0, 0, 0)\" class=\"has-inline-color has-vivid-red-color\"> <\/mark><\/strong>frentes centrales, que son los que conforman el n\u00facleo de las AGC, el grupo ha reclutado pandillas m\u00e1s peque\u00f1as y localizadas en toda Colombia. Se empodera de ellas para operar bajo la bandera de las AGC y usar su nombre para incrementar su cobertura criminal a cambio de una parte de los ingresos.<\/p>\n\n\n\n<p class=\"wp-block-paragraph\">Despu\u00e9s de la captura de Otoniel, una de las principales preguntas era hasta qu\u00e9 punto estas franquicias podr\u00edan decidir independizarse, si consideraban que la asociaci\u00f3n con las AGC ya no era rentable o \u00fatil.<\/p>\n\n\n\n<p class=\"wp-block-paragraph\">Si bien hubo <a href=\"https:\/\/www.elheraldo.co\/colombia\/captura-de-otoniel-estos-serian-sus-sucesores-860063\" target=\"_blank\" rel=\"noreferrer noopener\">algunos contendientes<\/a> al trono, el sucesor elegido parece ser Jobanis de Jes\u00fas \u00c1vila Villadiego, alias \u201c<a href=\"https:\/\/www.eltiempo.com\/justicia\/conflicto-y-narcotrafico\/perfil-de-alias-chiquito-malo-quien-seria-el-remplazo-de-alias-otoniel-627419\" target=\"_blank\" rel=\"noreferrer noopener\">Chiquito Malo<\/a>\u201d, quien cuenta con una larga experiencia criminal. Fue miembro de las Autodenfensas Unidas de Colombia (AUC), ej\u00e9rcitos de corte paramilitar asociados al narcotr\u00e1fico, y  desde muy joven particip\u00f3 en la desmovilizaci\u00f3n de ese grupo en 2004, pero continu\u00f3 su estilo de vida criminal despu\u00e9s de vincularse a las AGC. Experto en la producci\u00f3n de coca\u00edna y en negocios de drogas, fue puesto a cargo del comercio de coca\u00edna en la regi\u00f3n de Urab\u00e1, centro geogr\u00e1fico del grupo del cual este toma su nombre. Se convirti\u00f3 en un lugarteniente de confianza y fue ascendiendo dentro de la organizaci\u00f3n, reemplazando a otros <a href=\"https:\/\/www.vanguardia.com\/colombia\/chiquito-malo-actuaria-como-reemplazo-de-alias-gavilan-en-clan-del-golfo-AGVL410123\" target=\"_blank\" rel=\"noreferrer noopener\">com<\/a><a href=\"https:\/\/www.vanguardia.com\/colombia\/chiquito-malo-actuaria-como-reemplazo-de-alias-gavilan-en-clan-del-golfo-AGVL410123\" target=\"_blank\" rel=\"noreferrer noopener nofollow\">andant<\/a><a href=\"https:\/\/www.vanguardia.com\/colombia\/chiquito-malo-actuaria-como-reemplazo-de-alias-gavilan-en-clan-del-golfo-AGVL410123\" target=\"_blank\" rel=\"noreferrer noopener\">es de alto rango<\/a> a medida que eran capturados o asesinados. Al igual que Otoniel, \u00c1vila Villadiego <a href=\"https:\/\/caracol.com.co\/radio\/2018\/03\/13\/nacional\/1520970196_348974.html\" target=\"_blank\" rel=\"noreferrer noopener nofollow\">es pedido en extradici\u00f3n<\/a> por Estados Unidos. Pero a pesar de este curr\u00edculum criminal, es dudoso que \u00c1vila Villadiego pueda ofrecer el mismo tipo de unidad y liderazgo que Otoniel.<\/p>\n\n\n\n<p class=\"wp-block-paragraph\">Seg\u00fan un experto colombiano en seguridad y defensa, que habl\u00f3 bajo condici\u00f3n de anonimato por razones de seguridad, el verdadero poder de Chiquito Malo radica en los bastiones tradicionales de las AGC en Antioquia y Urab\u00e1. Es probable que esos v\u00ednculos con el centro neur\u00e1lgico<strong><mark style=\"background-color:rgba(0, 0, 0, 0)\" class=\"has-inline-color has-vivid-red-color\"> <\/mark><\/strong>del grupo hubieran ayudado a \u00c1vila Villadiego a ascender en los mandos de la organizaci\u00f3n. Sin embargo, el experto indic\u00f3 que se le puede dificultar extender esa influencia m\u00e1s all\u00e1 de esta \u00e1rea y de varias franquicias espec\u00edficas que le son leales.<\/p>\n\n\n\n<p class=\"wp-block-paragraph\">Seg\u00fan el experto, otras dos figuras de alto rango dentro del grupo que fueron consideradas como posibles contendientes para el puesto principal tienen diferencias con \u00c1vila Villadiego. El primero es Wilmer Giraldo Quiroz, alias \u201cSiopas\u201d, quien ha estado por mucho tiempo a cargo de las operaciones de las AGC en la costa pac\u00edfica de Colombia. Como segunda opci\u00f3n est\u00e1 Jos\u00e9 Gonzalo S\u00e1nchez, alias \u201cGonzalito\u201d, comandante del Bloque Roberto Vargas Guti\u00e9rrez, ubicado en la costa caribe\u00f1a y en el norte del pa\u00eds. <\/p>\n\n\n\n<p class=\"wp-block-paragraph\">Sin el pleno apoyo de estas dos figuras, as\u00ed como el de otros comandantes de franquicias regionales, es poco probable que \u00c1vila Villadiego pueda mantener unidos a las AGC.<\/p>\n\n\n\n<h2 class=\"wp-block-heading\">Antioquia<\/h2>\n\n\n\n<p class=\"wp-block-paragraph\">Este departamento, y especialmente el Urab\u00e1 antioque\u00f1o, sigue siendo la casa matriz de las AGC. De hecho, su nombre original viene de all\u00ed.<\/p>\n\n\n\n<p class=\"wp-block-paragraph\">En Antioquia, el grupo controla el Urab\u00e1 con comodidad, lo que le permite conectarse con el departamento de Choc\u00f3 y disputarle las zonas del norte del departamento a las disidencias del Frente 18 de las extintas FARC, un reducto de excombatientes que no se acogieron al proceso de paz, tambi\u00e9n conocidos como ex &#8211; FARC mafia. As\u00ed mismo lo hace con el Ej\u00e9rcito de Liberaci\u00f3n Nacional, la \u00faltima guerrilla sobreviviente de Colombia. El norte de Antioquia es un corredor estrat\u00e9gico para conectar con el Nudo del Paramillo, una monta\u00f1osa regi\u00f3n de la cordillera, que dirige hacia C\u00f3rdoba y es un paso importante de drogas.<\/p>\n\n\n\n<p class=\"wp-block-paragraph\">El grupo tambi\u00e9n se mueve hacia el Bajo Cauca antioque\u00f1o y el Magdalena Medio, donde tiene acceso al sur del departamento de Bol\u00edvar, desde donde tambi\u00e9n controla rutas de narcotr\u00e1fico que le <a href=\"https:\/\/www.eltiempo.com\/colombia\/otras-ciudades\/guerra-entre-eln-y-clan-del-golfo-desplaza-comunidades-en-sur-de-bolivar-658871\" target=\"_blank\" rel=\"noreferrer noopener nofollow\">disputa<\/a> al ELN y puede acceder a la miner\u00eda ilegal.<\/p>\n\n\n\n<p class=\"wp-block-paragraph\">En los cascos urbanos, las AGC mantienen tent\u00e1culos con oficinas de cobro y redes de control. En Medell\u00edn, capital de Antioquia, el grupo mantiene presencia en barrios y municipios circundantes.<\/p>\n\n\n\n<p class=\"wp-block-paragraph\">Es en este departamento donde Chiquito Malo, sucesor natural de Otoniel, tendr\u00eda m\u00e1s influencia debido a la cercan\u00eda del basti\u00f3n del grupo.<\/p>\n\n\n\n<h2 class=\"wp-block-heading\">Costa Caribe<\/h2>\n\n\n\n<p class=\"wp-block-paragraph\">Desde que Otoniel fue capturado, las fuerzas de seguridad han aumentado la presi\u00f3n. En marzo de 2022, en una de las mayores redadas contra el grupo, fue <a href=\"https:\/\/www.eltiempo.com\/justicia\/conflicto-y-narcotrafico\/policia-captura-a-alias-simanca-y-23-integrantes-del-clan-del-golfo-658855\" target=\"_blank\" rel=\"noreferrer noopener nofollow\">arrestado<\/a> Alex\u00e1nder Simanca, cabecilla de una franquicia de las AGC ubicada en la costa Caribe de Colombia, junto con otras 24 personas. Simanca disfrutaba de una posici\u00f3n envidiable, ya que, seg\u00fan la polic\u00eda, controlaba la exportaci\u00f3n de toneladas de coca\u00edna cada mes a trav\u00e9s de los puertos del norte de Colombia, pasando por el archipi\u00e9lago de <a href=\"https:\/\/insightcrime.org\/news\/colombia-caribbean-drug-route-san-andres-archipelago\/\" target=\"_blank\" rel=\"noreferrer noopener\">San Andr\u00e9s<\/a> y hacia Centroam\u00e9rica. Gran parte de las operaciones de Simanca <a href=\"https:\/\/www.eltiempo.com\/justicia\/conflicto-y-narcotrafico\/policia-captura-a-alias-simanca-y-23-integrantes-del-clan-del-golfo-658855\" target=\"_blank\" rel=\"noreferrer noopener nofollow\">se enfocaba<\/a> en la ciudad portuaria de Cartagena, al norte del pa\u00eds, y obten\u00eda coca\u00edna de la regi\u00f3n del Magdalena Medio, en el centro del pa\u00eds seg\u00fan informes de los medios de comunicaci\u00f3n despu\u00e9s de su arresto.<\/p>\n\n\n\n<p class=\"wp-block-paragraph\">Sin embargo, durante el trabajo de campo en el norte de Colombia, InSight Crime conoci\u00f3 por fuentes en terreno que hab\u00eda empezado a trabajar con otros grupos, como el Ej\u00e9rcito de Liberaci\u00f3n Nacional (<a href=\"https:\/\/insightcrime.org\/colombia-organized-crime-news\/eln\/\" target=\"_blank\" rel=\"noreferrer noopener\">ELN<\/a>).<\/p>\n\n\n\n<p class=\"wp-block-paragraph\">Este debilitamiento del control del puerto de Cartagena por parte de las AGC ha llevado a un <a href=\"https:\/\/www.elcolombiano.com\/colombia\/guerra-de-narcotraficantes-por-el-control-ilegal-del-puerto-de-cartagena-colombia-clan-del-golfo-CJ16975205\" target=\"_blank\" rel=\"noreferrer noopener nofollow\">aumento de la violencia<\/a> en la ciudad, ya que otros socios de Simanca han intentado independizarse.<\/p>\n\n\n\n<p class=\"wp-block-paragraph\">Las AGC pueden sacar coca\u00edna a trav\u00e9s de otras ciudades del Caribe, como Santa Marta y Barranquilla, pero estas est\u00e1n siendo disputadas. Los Pachenca <a href=\"https:\/\/insightcrime.org\/news\/street-violence-criminal-control-northern-colombia\/\" target=\"_blank\" rel=\"noreferrer noopener nofollow\">se est\u00e1n enfrentando<\/a> con los hombres de Otoniel en Santa Marta, y varios grupos m\u00e1s peque\u00f1os <a href=\"https:\/\/ligacontraelsilencio.com\/2021\/09\/01\/los-costenos-y-el-clan-del-golfo-se-disputan-el-microtrafico-en-barranquilla\/\" target=\"_blank\" rel=\"noreferrer noopener\">luchan<\/a><a href=\"https:\/\/ligacontraelsilencio.com\/2021\/09\/01\/los-costenos-y-el-clan-del-golfo-se-disputan-el-microtrafico-en-barranquilla\/\" target=\"_blank\" rel=\"noreferrer noopener nofollow\"> <\/a><a href=\"https:\/\/ligacontraelsilencio.com\/2021\/09\/01\/los-costenos-y-el-clan-del-golfo-se-disputan-el-microtrafico-en-barranquilla\/\" target=\"_blank\" rel=\"noreferrer noopener\">por el control<\/a> de Barranquilla. Si bien las AGC siguen siendo de lejos el mayor actor del narcotr\u00e1fico en la costa norte de Colombia, su dominio podr\u00eda reducirse lentamente debido a esta variedad de conflictos con diversos adversarios.<\/p>\n\n\n\n<blockquote class=\"wp-block-quote is-layout-flow wp-block-quote-is-layout-flow\">\n<p class=\"wp-block-paragraph\"><strong><mark style=\"background-color:rgba(0, 0, 0, 0)\" class=\"has-inline-color has-vivid-red-color\">VEA TAMBI\u00c9N:<\/mark><\/strong> <a href=\"https:\/\/es.insightcrime.org\/noticias\/se-puede-hablar-fin-clan-del-golfo-colombia\/\" target=\"_blank\" rel=\"noreferrer noopener\">\u00bfSe puede hablar del fin del Clan del Golfo en Colombia?<\/a><\/p>\n<\/blockquote>\n\n\n\n<figure class=\"wp-block-image size-large\"><img data-recalc-dims=\"1\" loading=\"lazy\" decoding=\"async\" width=\"1350\" height=\"1822\" src=\"https:\/\/i0.wp.com\/es.insightcrime.org\/wp-content\/uploads\/2022\/04\/Colombia-Los-Urabenos-desde-la-captura-de-Otoniel-Abril-2022-1.jpg?resize=1350%2C1822&#038;quality=100&#038;ssl=1\" alt=\"\" class=\"wp-image-183626\" srcset=\"https:\/\/i0.wp.com\/insightcrime.org\/wp-content\/uploads\/2022\/04\/Colombia-Los-Urabenos-desde-la-captura-de-Otoniel-Abril-2022-1.jpg?w=1350&amp;quality=100&amp;ssl=1 1350w, https:\/\/i0.wp.com\/insightcrime.org\/wp-content\/uploads\/2022\/04\/Colombia-Los-Urabenos-desde-la-captura-de-Otoniel-Abril-2022-1.jpg?resize=222%2C300&amp;quality=100&amp;ssl=1 222w, https:\/\/i0.wp.com\/insightcrime.org\/wp-content\/uploads\/2022\/04\/Colombia-Los-Urabenos-desde-la-captura-de-Otoniel-Abril-2022-1.jpg?resize=759%2C1024&amp;quality=100&amp;ssl=1 759w, https:\/\/i0.wp.com\/insightcrime.org\/wp-content\/uploads\/2022\/04\/Colombia-Los-Urabenos-desde-la-captura-de-Otoniel-Abril-2022-1.jpg?resize=768%2C1037&amp;quality=100&amp;ssl=1 768w, https:\/\/i0.wp.com\/insightcrime.org\/wp-content\/uploads\/2022\/04\/Colombia-Los-Urabenos-desde-la-captura-de-Otoniel-Abril-2022-1.jpg?resize=1138%2C1536&amp;quality=100&amp;ssl=1 1138w, https:\/\/i0.wp.com\/es.insightcrime.org\/wp-content\/uploads\/2022\/04\/Colombia-Los-Urabenos-desde-la-captura-de-Otoniel-Abril-2022-1.jpg?w=370&amp;quality=100&amp;ssl=1 370w, https:\/\/i0.wp.com\/es.insightcrime.org\/wp-content\/uploads\/2022\/04\/Colombia-Los-Urabenos-desde-la-captura-de-Otoniel-Abril-2022-1.jpg?w=400&amp;quality=100&amp;ssl=1 400w\" sizes=\"auto, (max-width: 1000px) 100vw, 1000px\" \/><\/figure>\n\n\n\n<h2 class=\"wp-block-heading\">Choc\u00f3<\/h2>\n\n\n\n<p class=\"wp-block-paragraph\">En el departamento de Choc\u00f3, en el extremo noroccidental de Colombia, el liderazgo de las AGC parece no haberse afectado con la captura de \u201cOtoniel\u201d.&nbsp;<\/p>\n\n\n\n<p class=\"wp-block-paragraph\">All\u00ed, Wilmer Antonio Quiroz, alias \u201cSiopas\u201d, un peso pesado de la c\u00fapula de las AGC, es quien controla las din\u00e1micas criminales de Choc\u00f3, seg\u00fan detall\u00f3 un experto en seguridad a InSight Crime.<\/p>\n\n\n\n<p class=\"wp-block-paragraph\">En este departamento, el grupo se ha fortalecido en presencia territorial mediante <a href=\"https:\/\/www.eltiempo.com\/justicia\/conflicto-y-narcotrafico\/choco-la-violencia-del-eln-y-el-clan-del-golfo-cual-es-la-situacion-629065\" target=\"_blank\" rel=\"noreferrer noopener nofollow\">tres<\/a> estructuras: una en la regi\u00f3n de Baud\u00f3, al suroccidente, y dos concentradas al norte, en la frontera con Panam\u00e1.<\/p>\n\n\n\n<p class=\"wp-block-paragraph\">Estas estructuras <a href=\"https:\/\/alertasstg.blob.core.windows.net\/alertas\/016-21.pdf\" target=\"_blank\" rel=\"noreferrer noopener\">vienen enfrent\u00e1ndose<\/a> a la guerrilla del Ej\u00e9rcito de Liberaci\u00f3n Nacional (ELN) desde 2018. Sin embargo, en agosto de 2021, la din\u00e1mica <a href=\"https:\/\/alertasstg.blob.core.windows.net\/alertas\/016-21.pdf\" target=\"_blank\" rel=\"noreferrer noopener nofollow\">cambi\u00f3<\/a> cuando las AGC decidieron retomar con mayor fuerza el proceso de expansi\u00f3n territorial y romper el fr\u00e1gil equilibrio que se hab\u00eda establecido en algunas zonas entre ambos grupos. <\/p>\n\n\n\n<p class=\"wp-block-paragraph\">Desde entonces, el conflicto se ha enfocado en las regiones de Baud\u00f3, Atrato y San Juan. All\u00ed las AGC vienen buscando consolidarse en zonas claves para las <a href=\"https:\/\/alertasstg.blob.core.windows.net\/alertas\/027-21.pdf\" target=\"_blank\" rel=\"noreferrer noopener nofollow\">rutas<\/a> que conectan a Choc\u00f3 con el departamento de Antioquia al oriente, y con los grandes enclaves cocaleros del suroccidente colombiano a trav\u00e9s del departamento de Valle del Cauca, al sur.<\/p>\n\n\n\n<p class=\"wp-block-paragraph\">En estas regiones, el grupo ha logrado presionar y acorralar al ELN <a href=\"https:\/\/alertasstg.blob.core.windows.net\/alertas\/027-21.pdf\" target=\"_blank\" rel=\"noreferrer noopener nofollow\">ingresando<\/a> a zonas que estaban bajo el control del grupo guerrillero, lo que ha generado importantes afectaciones a la poblaci\u00f3n civil, como desplazamientos y confinamientos.<\/p>\n\n\n\n<blockquote class=\"wp-block-quote is-layout-flow wp-block-quote-is-layout-flow\">\n<p class=\"wp-block-paragraph\"><strong><mark style=\"background-color:rgba(0, 0, 0, 0)\" class=\"has-inline-color has-vivid-red-color\">VEA TAMBI\u00c9N:<\/mark><\/strong> <a href=\"https:\/\/es.insightcrime.org\/noticias-crimen-organizado-colombia\/urabenos-perfil\/#:~:text=Los%20Urabe%C3%B1os%2C%20tambi%C3%A9n%20conocidos%20como,con%20alcance%20a%20nivel%20nacional.\" target=\"_blank\" rel=\"noreferrer noopener\">Perfil de Los Urabe\u00f1os<\/a><\/p>\n<\/blockquote>\n\n\n\n<h2 class=\"wp-block-heading\">Magdalena, La Guajira, C\u00e9sar y Atl\u00e1ntico<\/h2>\n\n\n\n<p class=\"wp-block-paragraph\">Por otro lado, en los departamentos de Magdalena y Atl\u00e1ntico hay una cohesi\u00f3n mucho mayor entre las AGC en el territorio, pero no hay un liderazgo claro, pues dejan que las franquicias operen de manera independiente. Se enfrentan con los Pachenca, otro grupo criminal del Magdalena, as\u00ed como con los Coste\u00f1os y la banda Papal\u00f3pez en Barranquilla y otras zonas del Atl\u00e1ntico.<\/p>\n\n\n\n<p class=\"wp-block-paragraph\">El conflicto entre las AGC y <a href=\"https:\/\/alertasstg.blob.core.windows.net\/alertas\/027-21.pdf\" target=\"_blank\" rel=\"noreferrer noopener nofollow\">Los Pachenca<\/a> \u2014un clan familiar que ha estado en la regi\u00f3n desde la creaci\u00f3n de los grupos de autodefensa en los a\u00f1os ochenta\u2014 por las rutas de narcotr\u00e1fico en la costa Caribe colombiana recrudece la violencia en la Sierra Nevada, que tiene injerencia en los departamentos de Magdalena, La Guajira y Cesar.<\/p>\n\n\n\n<p class=\"wp-block-paragraph\">En 2019 se rompi\u00f3 el pacto de no agresi\u00f3n entre los dos grupos, y las AGC vieron c\u00f3mo su antiguo aliado <a href=\"https:\/\/es.insightcrime.org\/noticias\/urabenos-pachenca-lucha-puertos-santa-marta-colombia\/\" target=\"_blank\" rel=\"noreferrer noopener\">se convirti\u00f3 en un enemigo<\/a> que les negaba la entrada a la Sierra y a las costas del norte del pa\u00eds, accesibles solo por la Troncal del Caribe, donde Los Pachenca mantienen el control.<\/p>\n\n\n\n<p class=\"wp-block-paragraph\">La confrontaci\u00f3n se intensific\u00f3 en 2021, luego de una fallida negociaci\u00f3n ente ambos grupos, como le relat\u00f3 a InSight Crime una fuente en La Guajira que habl\u00f3 bajo condici\u00f3n de anonimato. La violencia ha continuado este a\u00f1o, generando desplazamientos masivos en Ci\u00e9naga, Magdalena, donde familias enteras se han visto forzadas a <a href=\"https:\/\/www.radionacional.co\/regiones\/caribe\/cienaga-magdalena-80-familias-desplazadas-por-conflicto-armado\" target=\"_blank\" rel=\"noreferrer noopener nofollow\">abandonar<\/a> su territorio.<\/p>\n\n\n\n<p class=\"wp-block-paragraph\">Ante la dificultad de acceder a las costas de La Guajira por la Troncal del Caribe, la nueva apuesta de las AGC ha sido bordear la Sierra Nevada, como dijeron varias fuentes a InSight Crime, prendiendo las alarmas en el <a href=\"https:\/\/alertasstg.blob.core.windows.net\/alertas\/012-21.pdf\" target=\"_blank\" rel=\"noreferrer noopener nofollow\">departamento del Cesar<\/a> y en La Guajira. En este \u00faltimo, la violencia ya se siente, con <a href=\"https:\/\/www.cgfm.mil.co\/es\/blog\/ejercito-nacional-capturo-en-la-guajira-ocho-sujetos-senalados-de-pertenecer-al-gao-clan-del\" target=\"_blank\" rel=\"noreferrer noopener nofollow\">asesinatos selectivos<\/a> y capturas de <a href=\"https:\/\/laguajirahoy.com\/judiciales\/presunto-integrante-del-clan-del-golfo-fue-capturado-en-la-guajira.html\" target=\"_blank\" rel=\"noreferrer noopener nofollow\">presuntos articuladores<\/a> del grupo, como Luis Manuel Negrete Pastrana alias \u201cEl Viejo\u201d, aprehendido en Maicao.<\/p>\n\n\n\n<h2 class=\"wp-block-heading\">Norte de Santander<\/h2>\n\n\n\n<p class=\"wp-block-paragraph\">Al otro lado del pa\u00eds, en la frontera de Colombia con Venezuela, las AGC han perdido terreno frente a la mafia ex-FARC y el ELN, pues cada vez tienen menos recursos para luchar por econom\u00edas criminales clave.<\/p>\n\n\n\n<p class=\"wp-block-paragraph\">Hasta finales de 2020 y principios de 2021, y tras una fuerte <a href=\"https:\/\/es.insightcrime.org\/noticias\/noticias-del-dia\/nueva-alianza-criminal-combate-al-eln-en-la-frontera-colombia-venezuela\/\" target=\"_blank\" rel=\"noreferrer noopener\">arremetida<\/a> del ELN que logr\u00f3 expulsar a las AGC del Catatumbo, un enclave criminal en la frontera entre ambos pa\u00edses, Otoniel intent\u00f3 enviar <a href=\"https:\/\/www.infobae.com\/america\/colombia\/2021\/03\/02\/alias-12-el-cabecilla-del-clan-del-golfo-en-norte-de-santander-fue-capturado-y-enviado-a-prision\/\" target=\"_blank\" rel=\"noreferrer noopener nofollow\">refuerzos<\/a> para tratar de reagrupar a la organizaci\u00f3n, pero sin mucho \u00e9xito.<\/p>\n\n\n\n<p class=\"wp-block-paragraph\">Desde entonces, la facci\u00f3n del grupo se encuentra en la zona rural de C\u00facuta y el municipio de Puerto Santander, probablemente esperando una oportunidad para disputar el panorama criminal en esa regi\u00f3n. As\u00ed lo constataron varias fuentes en campo consultadas por InSight Crime durante octubre de 2021.<\/p>\n\n\n\n<p class=\"wp-block-paragraph\">La captura del capo y las dif\u00edciles condiciones que enfrentan las AGC en Norte de Santander dejan al grupo en un limbo, el cual tendr\u00e1 que enfrentar con un nuevo liderazgo o con la posible <a href=\"https:\/\/es.insightcrime.org\/noticias\/noticias-del-dia\/nueva-alianza-criminal-combate-al-eln-en-la-frontera-colombia-venezuela\/\">alianza<\/a> de otros grupos de menor envergadura en la regi\u00f3n y su posible independencia de las \u00f3rdenes que son enviadas desde el Urab\u00e1 antioque\u00f1o. Sin embargo, hasta ahora no hay un liderazgo claro en el grupo de forma regional.<\/p>\n\n\n\n<h2 class=\"wp-block-heading\">Nari\u00f1o<\/h2>\n\n\n\n<p class=\"wp-block-paragraph\">En marzo, en Colombia se present\u00f3 una de las fugas de prisi\u00f3n m\u00e1s audaces de las que se tenga memoria. Uno de los exsocios de Otoniel, Juan Larinson Castro Estupi\u00f1\u00e1n, alias \u201cMatamba\u201d, <a href=\"https:\/\/es.insightcrime.org\/noticias\/jaque-sistema-carcelario-colombia-fuga-importante-capo\/\" target=\"_blank\" rel=\"noreferrer noopener\">sali\u00f3<\/a> de una prisi\u00f3n de m\u00e1xima seguridad en Bogot\u00e1, vestido como un guardia.<\/p>\n\n\n\n<p class=\"wp-block-paragraph\">Antes de ser arrestado en mayo de 2021, Matamba era el <a href=\"https:\/\/www.eltiempo.com\/justicia\/conflicto-y-narcotrafico\/disidencias-se-enfrentan-por-el-control-de-la-coca-en-narino-y-cauca-577801\" target=\"_blank\" rel=\"noreferrer noopener nofollow\">l\u00edder<\/a> de Cordillera Sur, una banda de narcotraficantes ubicada en el departamento de Nari\u00f1o, al sur del pa\u00eds, y de otra franquicia de las AGC. Disponer de esa estructura en Nari\u00f1o, una de las \u00e1reas fundamentales de producci\u00f3n de coca en Colombia, era vital para los intereses del grupo. Las AGC mantuvieron una importante presencia en dicho departamento, con el Bloque H\u00e9roes de la Cordillera, pero este \u00faltimo ha sido afectado por repetidos enfrentamientos con las fuerzas disidentes de las FARC.<\/p>\n\n\n\n<p class=\"wp-block-paragraph\">Matamba pudo <a href=\"https:\/\/www.abranoticias.com\/2022\/02\/16\/en-narino-exoficiales-y-militares-activos-los-senalan-de-colaborar-con-cordillera-sur\/\" target=\"_blank\" rel=\"noreferrer noopener nofollow\">mover los cargamentos<\/a> hacia la costa del Pac\u00edfico f\u00e1cilmente, sobornando a oficiales militares para que permitieran que los convoyes de coca\u00edna accedieran a la costa sin restricci\u00f3n alguna, para luego ser subidos a lanchas r\u00e1pidas y semisumergibles. Sin embargo, parece que incluso antes de su arresto, el grupo Cordillera Sur hab\u00eda comenzado a <a href=\"https:\/\/www.semana.com\/nacion\/articulo\/no-estaba-muerto-estaba-de-parranda-asi-cayo-alias-matamba-uno-de-los-jefes-de-las-disidencias-de-las-farc\/202100\/\" target=\"_blank\" rel=\"noreferrer noopener nofollow\">hacer tratos<\/a> con la Segunda Marquetalia, una facci\u00f3n l\u00edder de los disidentes de las FARC.<\/p>\n\n\n\n<p class=\"wp-block-paragraph\">Dado que el paradero de Matamba a\u00fan se desconoce y ya no existe su conexi\u00f3n con Otoniel, el grupo de la Cordillera Sur puede tener pocas razones para mantenerse leal a las AGC.<\/p>\n\n\n\n<p class=\"wp-block-paragraph\">Y con al menos tres frentes del ELN y varios grupos mafiosos de las ex-FARC presentes en el departamento, las AGC pueden tener dificultades para volver a ponerse de pie all\u00ed.<\/p>\n","protected":false},"excerpt":{"rendered":"<p>Exguerrillero y exparamilitar, Otoniel tiene una reputaci\u00f3n inigualable en el inframundo y fue jefe de la organizaci\u00f3n narcotraficante colombiana m\u00e1s poderosa antes de su captura y extradici\u00f3n: Los Urabe\u00f1os. \u00bfSu imperio criminal se desmoronar\u00e1 ahora?<\/p>\n","protected":false},"author":172,"featured_media":183748,"comment_status":"closed","ping_status":"closed","sticky":false,"template":"","format":"standard","meta":{"newspack_ads_suppress_ads":false,"newspack_popups_has_disabled_popups":false,"newspack_sponsor_sponsorship_scope":"","newspack_sponsor_native_byline_display":"inherit","newspack_sponsor_native_category_display":"inherit","newspack_sponsor_underwriter_style":"inherit","newspack_sponsor_underwriter_placement":"inherit","_EventAllDay":false,"_EventTimezone":"","_EventStartDate":"","_EventEndDate":"","_EventStartDateUTC":"","_EventEndDateUTC":"","_EventShowMap":false,"_EventShowMapLink":false,"_EventURL":"","_EventCost":"","_EventCostDescription":"","_EventCurrencySymbol":"","_EventCurrencyCode":"","_EventCurrencyPosition":"","_EventDateTimeSeparator":"","_EventTimeRangeSeparator":"","_EventOrganizerID":[],"_EventVenueID":[],"_OrganizerEmail":"","_OrganizerPhone":"","_OrganizerWebsite":"","_VenueAddress":"","_VenueCity":"","_VenueCountry":"","_VenueProvince":"","_VenueState":"","_VenueZip":"","_VenuePhone":"","_VenueURL":"","_VenueStateProvince":"","_VenueLat":"","_VenueLng":"","_VenueShowMap":false,"_VenueShowMapLink":false,"_newspack_byline_active":false,"_newspack_byline":"","newspack_hide_updated_date":false,"newspack_show_updated_date":false,"newspack_featured_image_position":"","newspack_post_subtitle":"","newspack_article_summary_title":"Overview:","newspack_article_summary":"","_jetpack_memberships_contains_paid_content":false,"footnotes":""},"categories":[759],"tags":[368,421,3365,2927],"newspack_spnsrs_tax":[],"coauthors":[4304],"class_list":["post-181519","post","type-post","status-publish","format-standard","has-post-thumbnail","hentry","category-noticias","tag-colombia-pais","tag-el-eln","tag-ex-farc-mafia-es-2","tag-gaitanistas","entry"],"parsely":{"version":"1.1.0","canonical_url":"https:\/\/insightcrime.org\/es\/noticias\/los-urabenos-atomizacion-crimen-grupo-unido\/","smart_links":{"inbound":0,"outbound":0},"traffic_boost_suggestions_count":0,"meta":{"@context":"https:\/\/schema.org","@type":"NewsArticle","headline":"Los Gaitanistas: \u00bfla atomizaci\u00f3n del crimen o un grupo unido?","url":"http:\/\/insightcrime.org\/es\/noticias\/los-urabenos-atomizacion-crimen-grupo-unido\/","mainEntityOfPage":{"@type":"WebPage","@id":"http:\/\/insightcrime.org\/es\/noticias\/los-urabenos-atomizacion-crimen-grupo-unido\/"},"thumbnailUrl":"https:\/\/i0.wp.com\/insightcrime.org\/wp-content\/uploads\/2022\/04\/Colombia-Drug-Lord-Dairo-Antonio-Usuga-alias-Otoniel-leader-of-the-violent-Clan-del-Golfo-cartel-Oct-2023-AP_21296849102944-A2-1.jpg?resize=150%2C150&quality=100&ssl=1","image":{"@type":"ImageObject","url":"https:\/\/i0.wp.com\/insightcrime.org\/wp-content\/uploads\/2022\/04\/Colombia-Drug-Lord-Dairo-Antonio-Usuga-alias-Otoniel-leader-of-the-violent-Clan-del-Golfo-cartel-Oct-2023-AP_21296849102944-A2-1.jpg?fit=1336%2C768&quality=100&ssl=1"},"articleSection":"Noticias","author":[{"@type":"Person","name":"Unidad de Investigaci\u00f3n de Colombia"}],"creator":["Unidad de Investigaci\u00f3n de Colombia"],"publisher":{"@type":"Organization","name":"InSight Crime","logo":"https:\/\/insightcrime.org\/wp-content\/uploads\/2023\/08\/logo.png"},"keywords":["colombia","eln","ex-farc mafia","gaitanistas"],"dateCreated":"2022-04-27T18:05:50Z","datePublished":"2022-04-27T18:05:50Z","dateModified":"2023-09-29T19:38:32Z"},"rendered":"<meta name=\"parsely-title\" content=\"Los Gaitanistas: \u00bfla atomizaci\u00f3n del crimen o un grupo unido?\" \/>\n<meta name=\"parsely-link\" content=\"http:\/\/insightcrime.org\/es\/noticias\/los-urabenos-atomizacion-crimen-grupo-unido\/\" \/>\n<meta name=\"parsely-type\" content=\"post\" \/>\n<meta name=\"parsely-image-url\" content=\"https:\/\/i0.wp.com\/insightcrime.org\/wp-content\/uploads\/2022\/04\/Colombia-Drug-Lord-Dairo-Antonio-Usuga-alias-Otoniel-leader-of-the-violent-Clan-del-Golfo-cartel-Oct-2023-AP_21296849102944-A2-1.jpg?resize=150%2C150&amp;quality=100&amp;ssl=1\" \/>\n<meta name=\"parsely-pub-date\" content=\"2022-04-27T18:05:50Z\" \/>\n<meta name=\"parsely-section\" content=\"Noticias\" \/>\n<meta name=\"parsely-tags\" content=\"colombia,eln,ex-farc mafia,gaitanistas\" \/>\n<meta name=\"parsely-author\" content=\"Unidad de Investigaci\u00f3n de Colombia\" \/>","tracker_url":"https:\/\/cdn.parsely.com\/keys\/insightcrime.org\/p.js"},"jetpack_sharing_enabled":true,"jetpack-related-posts":[{"id":209122,"url":"https:\/\/insightcrime.org\/es\/noticias\/otoniel-se-declara-culpable-adios-al-ultimo-capo-de-colombia\/","url_meta":{"origin":181519,"position":0},"title":"Otoniel se declara culpable: adi\u00f3s a la vieja guardia de capos de Colombia","author":"Juan Diego Posada","date":"26 de enero de 2023","format":false,"excerpt":"Otoniel, el antiguo jefe de los Urabe\u00f1os, se declar\u00f3 culpable de varios delitos ante una jueza en Estados Unidos. Su declaraci\u00f3n pone fin a una era dominada por los capos de Colombia en el narcotr\u00e1fico mundial. El bajo mundo criminal de Colombia ya no est\u00e1 dominado por poderosos capos de\u2026","rel":"","context":"En \u00abNoticias\u00bb","block_context":{"text":"Noticias","link":"https:\/\/insightcrime.org\/es\/category\/noticias\/"},"img":{"alt_text":"","src":"https:\/\/i0.wp.com\/insightcrime.org\/wp-content\/uploads\/2023\/01\/Colombia-police-escort-Dairo-Antonio-Usuga-Otoniel-May-2022-AP23025714047594-A2.jpg?fit=1200%2C690&quality=100&ssl=1&resize=350%2C200","width":350,"height":200,"srcset":"https:\/\/i0.wp.com\/insightcrime.org\/wp-content\/uploads\/2023\/01\/Colombia-police-escort-Dairo-Antonio-Usuga-Otoniel-May-2022-AP23025714047594-A2.jpg?fit=1200%2C690&quality=100&ssl=1&resize=350%2C200 1x, https:\/\/i0.wp.com\/insightcrime.org\/wp-content\/uploads\/2023\/01\/Colombia-police-escort-Dairo-Antonio-Usuga-Otoniel-May-2022-AP23025714047594-A2.jpg?fit=1200%2C690&quality=100&ssl=1&resize=525%2C300 1.5x, https:\/\/i0.wp.com\/insightcrime.org\/wp-content\/uploads\/2023\/01\/Colombia-police-escort-Dairo-Antonio-Usuga-Otoniel-May-2022-AP23025714047594-A2.jpg?fit=1200%2C690&quality=100&ssl=1&resize=700%2C400 2x, https:\/\/i0.wp.com\/insightcrime.org\/wp-content\/uploads\/2023\/01\/Colombia-police-escort-Dairo-Antonio-Usuga-Otoniel-May-2022-AP23025714047594-A2.jpg?fit=1200%2C690&quality=100&ssl=1&resize=1050%2C600 3x"},"classes":[]},{"id":4882,"url":"https:\/\/insightcrime.org\/es\/colombia-organized-crime-news\/dairo-antonio-usuga-alias-otoniel\/","url_meta":{"origin":181519,"position":1},"title":"Dairo Antonio \u00dasuga, alias &#8216;Otoniel&#8217;","author":"InSight Crime","date":"30 de enero de 2023","format":false,"excerpt":"Dairo Antonio \u00dasuga, alias \u201cOtoniel\u201d, fue el comandante en jefe de la organizaci\u00f3n criminal m\u00e1s poderosa de Colombia, y el hombre m\u00e1s buscado del pa\u00eds.","rel":"","context":"En \u00abColombia\u00bb","block_context":{"text":"Colombia","link":"https:\/\/insightcrime.org\/category\/colombia-organized-crime-news\/"},"img":{"alt_text":"Alias \"Otoniel\"","src":"https:\/\/i0.wp.com\/insightcrime.org\/wp-content\/uploads\/2026\/06\/Perfil-Criminal-Alias-Otoniel-1.jpg?fit=1200%2C900&quality=100&ssl=1&resize=350%2C200","width":350,"height":200,"srcset":"https:\/\/i0.wp.com\/insightcrime.org\/wp-content\/uploads\/2026\/06\/Perfil-Criminal-Alias-Otoniel-1.jpg?fit=1200%2C900&quality=100&ssl=1&resize=350%2C200 1x, https:\/\/i0.wp.com\/insightcrime.org\/wp-content\/uploads\/2026\/06\/Perfil-Criminal-Alias-Otoniel-1.jpg?fit=1200%2C900&quality=100&ssl=1&resize=525%2C300 1.5x, https:\/\/i0.wp.com\/insightcrime.org\/wp-content\/uploads\/2026\/06\/Perfil-Criminal-Alias-Otoniel-1.jpg?fit=1200%2C900&quality=100&ssl=1&resize=700%2C400 2x, https:\/\/i0.wp.com\/insightcrime.org\/wp-content\/uploads\/2026\/06\/Perfil-Criminal-Alias-Otoniel-1.jpg?fit=1200%2C900&quality=100&ssl=1&resize=1050%2C600 3x"},"classes":[]},{"id":343761,"url":"https:\/\/insightcrime.org\/es\/noticias\/colombia-condena-30-anos-mas-prision-otoniel-lider-urabenos\/","url_meta":{"origin":181519,"position":2},"title":"Colombia condena a alias &#8216;Otoniel&#8217; mientras el Clan del Golfo afianza su poder","author":"Creusa Mu\u00f1oz","date":"8 de junio de 2026","format":false,"excerpt":"Alias \u201cOtoniel\u201d, exl\u00edder del Clan del Golfo, fue condenado a 30 a\u00f1os de prisi\u00f3n en Colombia, sumando una nueva sentencia a la pena de 45 a\u00f1os que cumple en Estados Unidos por narcotr\u00e1fico.","rel":"","context":"En \u00abNoticias\u00bb","block_context":{"text":"Noticias","link":"https:\/\/insightcrime.org\/es\/category\/noticias\/"},"img":{"alt_text":"","src":"https:\/\/i0.wp.com\/insightcrime.org\/wp-content\/uploads\/2026\/06\/InSight-Crime-1200x675-Colombia-Drug-Lord-Dairo-Antonio-Usuga-alias-Otoniel-leader-of-the-violent-Clan-del-Golfo-cartel-Oct-2023-AP_21296849102944.jpg?fit=1200%2C675&quality=100&ssl=1&resize=350%2C200","width":350,"height":200,"srcset":"https:\/\/i0.wp.com\/insightcrime.org\/wp-content\/uploads\/2026\/06\/InSight-Crime-1200x675-Colombia-Drug-Lord-Dairo-Antonio-Usuga-alias-Otoniel-leader-of-the-violent-Clan-del-Golfo-cartel-Oct-2023-AP_21296849102944.jpg?fit=1200%2C675&quality=100&ssl=1&resize=350%2C200 1x, https:\/\/i0.wp.com\/insightcrime.org\/wp-content\/uploads\/2026\/06\/InSight-Crime-1200x675-Colombia-Drug-Lord-Dairo-Antonio-Usuga-alias-Otoniel-leader-of-the-violent-Clan-del-Golfo-cartel-Oct-2023-AP_21296849102944.jpg?fit=1200%2C675&quality=100&ssl=1&resize=525%2C300 1.5x, https:\/\/i0.wp.com\/insightcrime.org\/wp-content\/uploads\/2026\/06\/InSight-Crime-1200x675-Colombia-Drug-Lord-Dairo-Antonio-Usuga-alias-Otoniel-leader-of-the-violent-Clan-del-Golfo-cartel-Oct-2023-AP_21296849102944.jpg?fit=1200%2C675&quality=100&ssl=1&resize=700%2C400 2x, https:\/\/i0.wp.com\/insightcrime.org\/wp-content\/uploads\/2026\/06\/InSight-Crime-1200x675-Colombia-Drug-Lord-Dairo-Antonio-Usuga-alias-Otoniel-leader-of-the-violent-Clan-del-Golfo-cartel-Oct-2023-AP_21296849102944.jpg?fit=1200%2C675&quality=100&ssl=1&resize=1050%2C600 3x"},"classes":[]},{"id":187429,"url":"https:\/\/insightcrime.org\/es\/la-organizacion\/los-urabenos-no-se-silencian-tras-la-partida-de-otoniel\/","url_meta":{"origin":181519,"position":3},"title":"Los Gaitanistas no se silencian tras la partida de Otoniel","author":"InSight Crime","date":"13 de mayo de 2022","format":false,"excerpt":"La amplia cobertura de InSight Crime sobre la\u00a0extradici\u00f3n\u00a0de Otoniel se ha convertido en punto de referencia para medios de comunicaci\u00f3n de Latinoam\u00e9rica y otras regiones.\u00a0Otoniel\u00a0es el \u00faltimo capo de la vieja guardia de narcotraficantes colombianos. Tras comenzar como guerrillero de izquierda, luego se convirti\u00f3 en paramilitar de derecha, y m\u00e1s\u2026","rel":"","context":"En \u00abLa Organizaci\u00f3n\u00bb","block_context":{"text":"La Organizaci\u00f3n","link":"https:\/\/insightcrime.org\/es\/category\/la-organizacion\/"},"img":{"alt_text":"","src":"https:\/\/i0.wp.com\/insightcrime.org\/wp-content\/uploads\/2022\/06\/Impact-13-mayo.jpg?fit=600%2C345&quality=100&ssl=1&resize=350%2C200","width":350,"height":200,"srcset":"https:\/\/i0.wp.com\/insightcrime.org\/wp-content\/uploads\/2022\/06\/Impact-13-mayo.jpg?fit=600%2C345&quality=100&ssl=1&resize=350%2C200 1x, https:\/\/i0.wp.com\/insightcrime.org\/wp-content\/uploads\/2022\/06\/Impact-13-mayo.jpg?fit=600%2C345&quality=100&ssl=1&resize=525%2C300 1.5x"},"classes":[]},{"id":233349,"url":"https:\/\/insightcrime.org\/es\/noticias-crimen-organizado-colombia\/urabenos-perfil\/","url_meta":{"origin":181519,"position":4},"title":"Clan del Golfo &#8211; Autodefensas Gaitanistas de Colombia","author":"InSight Crime","date":"13 de mayo de 2026","format":false,"excerpt":"El Clan del Golfo, tambi\u00e9n conocido como Autodefensas Gaitanistas de Colombia (AGC) y Urabe\u00f1os, surgi\u00f3 de las cenizas del movimiento paramilitar colombiano y se convirti\u00f3 en una fuerza criminal con alcance nacional.","rel":"","context":"En \u00abColombia\u00bb","block_context":{"text":"Colombia","link":"https:\/\/insightcrime.org\/es\/category\/noticias-crimen-organizado-colombia\/"},"img":{"alt_text":"Imagen InSight Crime Autodefensas Gaitanistas de Colombia (AGC), Clan del Golfo, Urabe\u00f1os","src":"https:\/\/i0.wp.com\/insightcrime.org\/wp-content\/uploads\/2026\/06\/Grupo-Criminal-AGC-Clan-del-Golfo-1.jpg?fit=1200%2C900&quality=100&ssl=1&resize=350%2C200","width":350,"height":200,"srcset":"https:\/\/i0.wp.com\/insightcrime.org\/wp-content\/uploads\/2026\/06\/Grupo-Criminal-AGC-Clan-del-Golfo-1.jpg?fit=1200%2C900&quality=100&ssl=1&resize=350%2C200 1x, https:\/\/i0.wp.com\/insightcrime.org\/wp-content\/uploads\/2026\/06\/Grupo-Criminal-AGC-Clan-del-Golfo-1.jpg?fit=1200%2C900&quality=100&ssl=1&resize=525%2C300 1.5x, https:\/\/i0.wp.com\/insightcrime.org\/wp-content\/uploads\/2026\/06\/Grupo-Criminal-AGC-Clan-del-Golfo-1.jpg?fit=1200%2C900&quality=100&ssl=1&resize=700%2C400 2x, https:\/\/i0.wp.com\/insightcrime.org\/wp-content\/uploads\/2026\/06\/Grupo-Criminal-AGC-Clan-del-Golfo-1.jpg?fit=1200%2C900&quality=100&ssl=1&resize=1050%2C600 3x"},"classes":[]},{"id":185026,"url":"https:\/\/insightcrime.org\/es\/news\/paro-armado-ultima-marcha-conjunta-urabenos\/","url_meta":{"origin":181519,"position":5},"title":"Paro armado: \u00bfLa \u00faltima marcha conjunta de Los Gaitanistas?\u00a0","author":"Juan Diego Posada","date":"12 de mayo de 2022","format":false,"excerpt":"Un poderoso paro armado del grupo narcotraficante m\u00e1s importante de Colombia, dej\u00f3 varios departamentos\u00a0afectados. La extradici\u00f3n de su principal l\u00edder ser\u00eda el detonante del accionar violento que dej\u00f3 paralizado una tercera parte del pa\u00eds.\u00a0\u00a0","rel":"","context":"En \u00abNews\u00bb","block_context":{"text":"News","link":"https:\/\/insightcrime.org\/category\/news\/"},"img":{"alt_text":"Casas marcadas con las siglas de las Autodefensas Gaitanistas de Colombia","src":"https:\/\/i0.wp.com\/insightcrime.org\/wp-content\/uploads\/2022\/05\/Paro-Armado.jpg?fit=350%2C250&quality=100&ssl=1&resize=350%2C200","width":350,"height":200},"classes":[]}],"jetpack_featured_media_url":"https:\/\/i0.wp.com\/insightcrime.org\/wp-content\/uploads\/2022\/04\/Colombia-Drug-Lord-Dairo-Antonio-Usuga-alias-Otoniel-leader-of-the-violent-Clan-del-Golfo-cartel-Oct-2023-AP_21296849102944-A2-1.jpg?fit=1336%2C768&quality=100&ssl=1","_links":{"self":[{"href":"https:\/\/insightcrime.org\/es\/wp-json\/wp\/v2\/posts\/181519","targetHints":{"allow":["GET"]}}],"collection":[{"href":"https:\/\/insightcrime.org\/es\/wp-json\/wp\/v2\/posts"}],"about":[{"href":"https:\/\/insightcrime.org\/es\/wp-json\/wp\/v2\/types\/post"}],"author":[{"embeddable":true,"href":"https:\/\/insightcrime.org\/es\/wp-json\/wp\/v2\/users\/172"}],"replies":[{"embeddable":true,"href":"https:\/\/insightcrime.org\/es\/wp-json\/wp\/v2\/comments?post=181519"}],"version-history":[{"count":22,"href":"https:\/\/insightcrime.org\/es\/wp-json\/wp\/v2\/posts\/181519\/revisions"}],"predecessor-version":[{"id":235692,"href":"https:\/\/insightcrime.org\/es\/wp-json\/wp\/v2\/posts\/181519\/revisions\/235692"}],"wp:featuredmedia":[{"embeddable":true,"href":"https:\/\/insightcrime.org\/es\/wp-json\/wp\/v2\/media\/183748"}],"wp:attachment":[{"href":"https:\/\/insightcrime.org\/es\/wp-json\/wp\/v2\/media?parent=181519"}],"wp:term":[{"taxonomy":"category","embeddable":true,"href":"https:\/\/insightcrime.org\/es\/wp-json\/wp\/v2\/categories?post=181519"},{"taxonomy":"post_tag","embeddable":true,"href":"https:\/\/insightcrime.org\/es\/wp-json\/wp\/v2\/tags?post=181519"},{"taxonomy":"newspack_spnsrs_tax","embeddable":true,"href":"https:\/\/insightcrime.org\/es\/wp-json\/wp\/v2\/newspack_spnsrs_tax?post=181519"},{"taxonomy":"author","embeddable":true,"href":"https:\/\/insightcrime.org\/es\/wp-json\/wp\/v2\/coauthors?post=181519"}],"curies":[{"name":"wp","href":"https:\/\/api.w.org\/{rel}","templated":true}]}}