{"id":181527,"date":"2022-04-05T10:08:15","date_gmt":"2022-04-05T15:08:15","guid":{"rendered":"https:\/\/insightcrime.org\/?p=181527"},"modified":"2022-04-05T10:00:16","modified_gmt":"2022-04-05T15:00:16","slug":"redada-costa-rica-evidencia-aumento-robo-contrabando-cobre-region","status":"publish","type":"post","link":"https:\/\/insightcrime.org\/es\/noticias\/redada-costa-rica-evidencia-aumento-robo-contrabando-cobre-region\/","title":{"rendered":"Redada en Costa Rica evidencia aumento de robo y contrabando de cobre en la regi\u00f3n"},"content":{"rendered":"\n<p class=\"wp-block-paragraph\">Una red de contrabando de cobre en Costa Rica sustrajo toneladas de cable de la red el\u00e9ctrica y de telefon\u00eda del pa\u00eds para enviar el metal a Asia, un nuevo ejemplo de la progresiva sofisticaci\u00f3n de este delito.<\/p>\n\n\n\n<p class=\"wp-block-paragraph\">Como resultado de allanamientos en varias ciudades del pa\u00eds, el 29 de marzo las autoridades costarricenses aprehendieron a 18 personas, entre ellas el presunto jefe de la banda, un taiwan\u00e9s residente en Costa Rica y recuperaron m\u00e1s de 1.500 kilos de cobre,\u00a0<a href=\"https:\/\/www.nacion.com\/sucesos\/judiciales\/banda-robaba-cable-y-lo-vendia-en-millones-de\/7FTKZAGEFFGP5D75JJS3XJJE54\/story\/\" target=\"_blank\" rel=\"noreferrer noopener\">inform\u00f3<\/a> el diario La Naci\u00f3n.<\/p>\n\n\n\n<p class=\"wp-block-paragraph\">La organizaci\u00f3n operaba en varias etapas. Seg\u00fan <a href=\"https:\/\/www.nacion.com\/sucesos\/judiciales\/banda-robaba-cable-y-lo-vendia-en-millones-de\/7FTKZAGEFFGP5D75JJS3XJJE54\/story\/\" target=\"_blank\" rel=\"noreferrer noopener nofollow\">La Naci\u00f3n<\/a>, un segmento de la organizaci\u00f3n se ocupaba del robo y transporte del cable hasta un centro de acopio fuera de la capital, San Jos\u00e9. All\u00ed se extra\u00eda el cobre, se procesaba y se embalaba en pacas para su transporte en buques cargueros.<\/p>\n\n\n\n<p class=\"wp-block-paragraph\">El grupo logr\u00f3 <a href=\"https:\/\/www.diarioextra.com\/Noticia\/detalle\/473093\/oriental-jefeaba-banda-robacable\" target=\"_blank\" rel=\"noreferrer noopener\">exportar<\/a>&nbsp;m\u00e1s de 70 contenedores con 20 toneladas de cobre cada uno, que ascend\u00edan a un valor de m\u00e1s de US$210.000 por unidad. Al parecer, entre los destinos de los cargamentos se contaban China, Jap\u00f3n, Malasia, Hong Kong e Indonesia.<\/p>\n\n\n\n<blockquote class=\"wp-block-quote is-layout-flow wp-block-quote-is-layout-flow\"><p><strong><mark style=\"background-color:rgba(0, 0, 0, 0)\" class=\"has-inline-color has-vivid-red-color\">VEA TAMBI\u00c9N:<\/mark><\/strong>&nbsp;<a href=\"https:\/\/es.insightcrime.org\/tag\/costa-rica-pais\/\" target=\"_blank\" rel=\"noreferrer noopener\">Cobertura sobre Costa Rica<\/a><\/p><\/blockquote>\n\n\n\n<p class=\"wp-block-paragraph\">La mayor\u00eda del cobre recuperado en el operativo era propiedad del Instituto Costarricense de Electricidad (ICE), seg\u00fan un <a href=\"https:\/\/www.grupoice.com\/wps\/portal\/ICE\/quienessomos\/sala-prensa\/sala-de-prensa\/noticias\/ice+colabora+con+autoridades+judiciales+en+recuperacion+masiva+de+cobre+robado\" target=\"_blank\" rel=\"noreferrer noopener\">comunicado oficial<\/a>\u00a0del proveedor estatal de servicio el\u00e9ctrico. Aparte de las p\u00e9rdidas financieras acumuladas por los proveedores, el robo de cobre ha dejado cientos de miles de personas sin suministro de electricidad o tel\u00e9fono, como lo <a href=\"https:\/\/www.youtube.com\/watch?v=fgwxh_-QNrU\" target=\"_blank\" rel=\"noreferrer noopener\">explic\u00f3 el director del Organizamos de Investigaci\u00f3n Judicial (OIJ), Walter Espinoza<\/a>, en conferencia de prensa.<\/p>\n\n\n\n<p class=\"wp-block-paragraph\">Costa Rica, a diferencia de sus vecinos suramericanos, no tiene plantas nacionales de extracci\u00f3n o procesamiento de cobre, seg\u00fan <a href=\"https:\/\/www.nacion.com\/sucesos\/judiciales\/banda-robaba-cable-y-lo-vendia-en-millones-de\/7FTKZAGEFFGP5D75JJS3XJJE54\/story\/\" target=\"_blank\" rel=\"noreferrer noopener\">La Naci\u00f3n<\/a>. Sin embargo, el pa\u00eds ha visto un repunte del robo de cable durante los \u00faltimos a\u00f1os. En 2020,\u00a0<a href=\"https:\/\/costaricamedios.cr\/2020\/08\/03\/ice-reporto-%C2%A21-292-millones-en-perdidas-por-robo-de-cable-de-telecomunicaciones-en-lo-que-va-del-del-ano\/\" target=\"_blank\" rel=\"noreferrer noopener\">las p\u00e9rdidas sumaron<\/a>\u00a0casi US$2 millones por sustracci\u00f3n de este elemento y, en 2021, <a href=\"https:\/\/observador.cr\/oij-desarticula-banda-dedicada-al-robo-de-materiales-del-estado-hay-17-detenidos\/\" target=\"_blank\" rel=\"noreferrer noopener\">cientos de kil\u00f3metros<\/a>\u00a0de cable telef\u00f3nico quedaron inutilizados, seg\u00fan el ICE.<\/p>\n\n\n\n<p class=\"wp-block-paragraph\">Desde <a href=\"https:\/\/www.lateja.cr\/sucesos\/bandas-e-indigentes-causan-perdidas-de-1500\/N3N6TNP7PJAWTPNH2T5TWP543Y\/story\/\" target=\"_blank\" rel=\"noreferrer noopener\">tiempo atr\u00e1s<\/a>, las autoridades costarricenses hab\u00edan encendido las alarmas sobre la existencia de redes criminales dedicadas al robo de cobre para exportarlo a Asia, y este operativo confirma sus denuncias.<\/p>\n\n\n\n<h2 class=\"wp-block-heading\" id=\"h-analisis-de-insight-crime\">An\u00e1lisis de InSight Crime<\/h2>\n\n\n\n<p class=\"wp-block-paragraph\">Latinoam\u00e9rica ha padecido el robo de cobre por d\u00e9cadas, pero las redes organizadas de extracci\u00f3n y distribuci\u00f3n del metal han crecido a escala industrial en los \u00faltimos a\u00f1os.<\/p>\n\n\n\n<p class=\"wp-block-paragraph\">En Costa Rica, los grupos dedicados al robo de cobre han empezado a <a href=\"https:\/\/www.lateja.cr\/sucesos\/bandas-e-indigentes-causan-perdidas-de-1500\/N3N6TNP7PJAWTPNH2T5TWP543Y\/story\/\" target=\"_blank\" rel=\"noreferrer noopener\">vestirse<\/a>\u00a0de t\u00e9cnicos con uniformes y camiones que simulan ser del ICE para evitar levantar sospechas. Los ladrones incluso falsifican permisos oficiales para aliviar las preocupaciones de empresas y residentes de las comunidades. En el \u00faltimo operativo, los agentes descubrieron operaciones de extracci\u00f3n y embalado de cobre a gran escala, lo que indica que los delincuentes se estaban haciendo m\u00e1s creativos en el robo y hab\u00edan incrementado la cantidad de cobre manipulado.<\/p>\n\n\n\n<p class=\"wp-block-paragraph\">La creciente demanda de cobre ha fomentado el alza en el contrabando del metal. Mientras que un kilo de cobre se vende en cerca de US$6\u00a0<a href=\"https:\/\/www.diarioextra.com\/Noticia\/detalle\/473093\/oriental-jefeaba-banda-robacable\" target=\"_blank\" rel=\"noreferrer noopener\">dentro del pa\u00eds<\/a>, la ganancia es mucho m\u00e1s alta en los pa\u00edses asi\u00e1ticos. Y pese a la ca\u00edda inicial de la demanda de cobre al inicio de la pandemia, los precios globales han mostrado alzas constantes hasta tocar un <a href=\"https:\/\/www.barchart.com\/story\/news\/7826972\/copper-higher-lows-and-higher-highs-continue\" target=\"_blank\" rel=\"noreferrer noopener\">pico hist\u00f3rico<\/a>\u00a0en marzo de 2022. El lucrativo mercado promueve un grado de organizaci\u00f3n y log\u00edstica que supera el de la delincuencia com\u00fan.<\/p>\n\n\n\n<p class=\"wp-block-paragraph\">Sin embargo, el robo de cobre se ha sofisticado progresivamente en Costa Rica y el resto de la regi\u00f3n. En a\u00f1os recientes, las autoridades chilenas descubrieron una <a href=\"https:\/\/es.insightcrime.org\/noticias\/noticias-del-dia\/demanda-china-estaria-tras-epidemia-de-robo-de-cobre-en-chile\/\" target=\"_blank\" rel=\"noreferrer noopener\">serie de grandes<\/a>\u00a0cargamentos il\u00edcitos de cobre en sus puertos. El \u00faltimo del que se tuvo noticia fue en febrero de 2022, cuando las autoridades hallaron 12 toneladas de cobre con destino a Corea del Sur. En Chile se han presentado <a href=\"https:\/\/miningpress.com\/nota\/320903\/crecen-los-robos-a-trenes-mineros-del-cobre-en-chile\" target=\"_blank\" rel=\"noreferrer noopener\">docenas\u00a0<\/a>de robos coordinados a trenes que transportan grandes cargamentos de cobre en zonas apartadas.<\/p>\n\n\n\n<blockquote class=\"wp-block-quote is-layout-flow wp-block-quote-is-layout-flow\"><p><strong><mark style=\"background-color:rgba(0, 0, 0, 0)\" class=\"has-inline-color has-vivid-red-color\">VEA TAMBI\u00c9N:<\/mark><\/strong> <a href=\"https:\/\/es.insightcrime.org\/noticias\/noticias-del-dia\/demanda-china-estaria-tras-epidemia-de-robo-de-cobre-en-chile\/\" target=\"_blank\" rel=\"noreferrer noopener\">Demanda china estar\u00eda tras epidemia de robo de cobre en Chile<\/a><\/p><\/blockquote>\n\n\n\n<p class=\"wp-block-paragraph\"><a href=\"https:\/\/www.lanacion.com.ar\/seguridad\/por-cobre-aumento-180-cifra-robos-transformadores-nid2453070\/\" target=\"_blank\" rel=\"noreferrer noopener\">Argentina<\/a>\u00a0y <a href=\"https:\/\/www.elpais.com.uy\/que-pasa\/historia-detras-fiebre-cobre-disparo-robo-cables-uruguay.html\" target=\"_blank\" rel=\"noreferrer noopener\">Uruguay<\/a>\u00a0tambi\u00e9n han reportado alzas masivas de robo de cobre de su infraestructura el\u00e9ctrica y de telecomunicaciones. El robo t\u00edpico de cobre en estos pa\u00edses ha comenzado a caracterizarse por su organizaci\u00f3n y gran escala, tal y como fue el caso de 300 argentinos sorprendidos participando en la <a href=\"https:\/\/www.lanacion.com.ar\/seguridad\/mar-del-plata-300-personas-cavaron-pozos-nid2394364\/\" target=\"_blank\" rel=\"noreferrer noopener\">extracci\u00f3n masiva<\/a> de cable telef\u00f3nico subterr\u00e1neo.<\/p>\n\n\n\n<p class=\"wp-block-paragraph\">Incluso en <a href=\"https:\/\/www.elnuevosiglo.com.co\/articulos\/08-2019-cartel-del-cobre-62-mil-millones-en-un-ano\" target=\"_blank\" rel=\"noreferrer noopener\">Colombia<\/a>, las empresas han denunciado p\u00e9rdidas por millones de d\u00f3lares por robo de infraestructura de redes, como tuber\u00edas, cableado y tapas de cobre. <a href=\"https:\/\/www.elnuevosiglo.com.co\/articulos\/08-2019-cartel-del-cobre-62-mil-millones-en-un-ano\" target=\"_blank\" rel=\"noreferrer noopener\">El Nuevo Siglo<\/a> report\u00f3 que redes criminales con operaciones especializadas desmontaban el cableado en barrios enteros de Bogot\u00e1 y posteriormente lo transportaban como chatarra.<\/p>\n\n\n\n<p class=\"wp-block-paragraph\">El caso de Costa Rica subraya la creciente sofisticaci\u00f3n del robo de cobre en Latinoam\u00e9rica y, en el actual escenario alcista de los precios globales del cobre, es improbable que el mercado il\u00edcito de este metal disminuya.<\/p>\n","protected":false},"excerpt":{"rendered":"<p>Una red de contrabando de cobre en Costa Rica sustrajo toneladas de cable de la red el\u00e9ctrica y de telefon\u00eda del pa\u00eds para enviar el metal a Asia, un nuevo ejemplo de la progresiva sofisticaci\u00f3n de este delito.<\/p>\n","protected":false},"author":230,"featured_media":181485,"comment_status":"closed","ping_status":"closed","sticky":false,"template":"","format":"standard","meta":{"newspack_ads_suppress_ads":false,"newspack_popups_has_disabled_popups":false,"newspack_sponsor_sponsorship_scope":"","newspack_sponsor_native_byline_display":"inherit","newspack_sponsor_native_category_display":"inherit","newspack_sponsor_underwriter_style":"inherit","newspack_sponsor_underwriter_placement":"inherit","_EventAllDay":false,"_EventTimezone":"","_EventStartDate":"","_EventEndDate":"","_EventStartDateUTC":"","_EventEndDateUTC":"","_EventShowMap":false,"_EventShowMapLink":false,"_EventURL":"","_EventCost":"","_EventCostDescription":"","_EventCurrencySymbol":"","_EventCurrencyCode":"","_EventCurrencyPosition":"","_EventDateTimeSeparator":"","_EventTimeRangeSeparator":"","_EventOrganizerID":[],"_EventVenueID":[],"_OrganizerEmail":"","_OrganizerPhone":"","_OrganizerWebsite":"","_VenueAddress":"","_VenueCity":"","_VenueCountry":"","_VenueProvince":"","_VenueState":"","_VenueZip":"","_VenuePhone":"","_VenueURL":"","_VenueStateProvince":"","_VenueLat":"","_VenueLng":"","_VenueShowMap":false,"_VenueShowMapLink":false,"_newspack_byline_active":false,"_newspack_byline":"","newspack_hide_updated_date":false,"newspack_show_updated_date":false,"newspack_featured_image_position":"","newspack_post_subtitle":"","newspack_article_summary_title":"Overview:","newspack_article_summary":"","_jetpack_memberships_contains_paid_content":false,"footnotes":""},"categories":[759],"tags":[3535,459,462],"newspack_spnsrs_tax":[],"coauthors":[4302],"class_list":["post-181527","post","type-post","status-publish","format-standard","has-post-thumbnail","hentry","category-noticias","tag-china-crimen","tag-contrabando","tag-costa-rica-pais","entry"],"parsely":{"version":"1.1.0","canonical_url":"https:\/\/insightcrime.org\/es\/noticias\/redada-costa-rica-evidencia-aumento-robo-contrabando-cobre-region\/","smart_links":{"inbound":0,"outbound":0},"traffic_boost_suggestions_count":0,"meta":{"@context":"https:\/\/schema.org","@type":"NewsArticle","headline":"Redada en Costa Rica evidencia aumento de robo y contrabando de cobre en la regi\u00f3n","url":"http:\/\/insightcrime.org\/es\/noticias\/redada-costa-rica-evidencia-aumento-robo-contrabando-cobre-region\/","mainEntityOfPage":{"@type":"WebPage","@id":"http:\/\/insightcrime.org\/es\/noticias\/redada-costa-rica-evidencia-aumento-robo-contrabando-cobre-region\/"},"thumbnailUrl":"https:\/\/i0.wp.com\/insightcrime.org\/wp-content\/uploads\/2022\/04\/Costa-Rica-Copper-Smuggling-La-Nacion1.jpg?resize=150%2C150&quality=100&ssl=1","image":{"@type":"ImageObject","url":"https:\/\/i0.wp.com\/insightcrime.org\/wp-content\/uploads\/2022\/04\/Costa-Rica-Copper-Smuggling-La-Nacion1.jpg?fit=350%2C250&quality=100&ssl=1"},"articleSection":"Noticias","author":[{"@type":"Person","name":"Henry Shuldiner"}],"creator":["Henry Shuldiner"],"publisher":{"@type":"Organization","name":"InSight Crime","logo":"https:\/\/insightcrime.org\/wp-content\/uploads\/2023\/08\/logo.png"},"keywords":["china y crimen","contrabando","costa rica"],"dateCreated":"2022-04-05T15:08:15Z","datePublished":"2022-04-05T15:08:15Z","dateModified":"2022-04-05T15:08:15Z"},"rendered":"<meta name=\"parsely-title\" content=\"Redada en Costa Rica evidencia aumento de robo y contrabando de cobre en la regi\u00f3n\" \/>\n<meta name=\"parsely-link\" content=\"http:\/\/insightcrime.org\/es\/noticias\/redada-costa-rica-evidencia-aumento-robo-contrabando-cobre-region\/\" \/>\n<meta name=\"parsely-type\" content=\"post\" \/>\n<meta name=\"parsely-image-url\" content=\"https:\/\/i0.wp.com\/insightcrime.org\/wp-content\/uploads\/2022\/04\/Costa-Rica-Copper-Smuggling-La-Nacion1.jpg?resize=150%2C150&amp;quality=100&amp;ssl=1\" \/>\n<meta name=\"parsely-pub-date\" content=\"2022-04-05T15:08:15Z\" \/>\n<meta name=\"parsely-section\" content=\"Noticias\" \/>\n<meta name=\"parsely-tags\" content=\"china y crimen,contrabando,costa rica\" \/>\n<meta name=\"parsely-author\" content=\"Henry Shuldiner\" \/>","tracker_url":"https:\/\/cdn.parsely.com\/keys\/insightcrime.org\/p.js"},"jetpack_sharing_enabled":true,"jetpack-related-posts":[{"id":232734,"url":"https:\/\/insightcrime.org\/es\/noticias\/cocaina-marihuana-detonan-historica-tasa-de-homicidios-en-costa-rica\/","url_meta":{"origin":181527,"position":0},"title":"Coca\u00edna y marihuana detonan hist\u00f3rica tasa de homicidios en Costa Rica","author":"Henry Shuldiner","date":"27 de abril de 2023","format":false,"excerpt":"Las disputas entre narcobandas por el control de la infraestructura para el tr\u00e1fico de coca\u00edna y el mercado de la marihuana en Costa Rica han agudizado la violencia en el pa\u00eds, elevando la tasa de homicidios a un pico hist\u00f3rico en el \u00faltimo a\u00f1o.","rel":"","context":"En \u00abNoticias\u00bb","block_context":{"text":"Noticias","link":"https:\/\/insightcrime.org\/es\/category\/noticias\/"},"img":{"alt_text":"Agentes costarricenses cuidan un cuerpo en una bolsa para cad\u00e1veres.","src":"https:\/\/i0.wp.com\/insightcrime.org\/wp-content\/uploads\/2023\/09\/Costa-Rica-Drugs-Trafficking-Homicides-Teletica-27042311-1.jpg?fit=350%2C250&quality=100&ssl=1&resize=350%2C200","width":350,"height":200},"classes":[]},{"id":129198,"url":"https:\/\/insightcrime.org\/es\/noticias\/trafico-de-personas-prolifera-entre-costa-rica-y-nicaragua\/","url_meta":{"origin":181527,"position":1},"title":"Tr\u00e1fico de personas prolifera entre Costa Rica y Nicaragua","author":"Katie Jones","date":"15 de enero de 2021","format":false,"excerpt":"Varias interceptaciones recientes asociadas al tr\u00e1fico de migrantes en la frontera entre Nicaragua y Costa Rica ilustran en qu\u00e9 medida grupos clandestinos e individuos siguen operando entre ambos pa\u00edses a pesar de las restricciones a la movilidad por la pandemia de coronavirus.","rel":"","context":"En \u00abNoticias\u00bb","block_context":{"text":"Noticias","link":"https:\/\/insightcrime.org\/es\/category\/noticias\/"},"img":{"alt_text":"","src":"https:\/\/i0.wp.com\/insightcrime.org\/wp-content\/uploads\/2021\/01\/Costa-Rica-Nicaragua.jpg?fit=350%2C250&quality=100&ssl=1&resize=350%2C200","width":350,"height":200},"classes":[]},{"id":233541,"url":"https:\/\/insightcrime.org\/es\/noticias\/homicidios-disparan-costa-rica-coordinacion-seguridad\/","url_meta":{"origin":181527,"position":2},"title":"Homicidios se disparan en Costa Rica sin coordinaci\u00f3n entre fuerzas de seguridad","author":"Gavin Voss","date":"26 de septiembre de 2023","format":false,"excerpt":"Costa Rica ya super\u00f3 el r\u00e9cord de homicidios que registr\u00f3 el a\u00f1o anterior, seg\u00fan estad\u00edsticas oficiales. El 25 de septiembre, el pa\u00eds registr\u00f3 630 homicidios, superando por dos el r\u00e9cord de 628 registrado para el total de 2022. Los c\u00e1lculos de InSight Crime excluyen casos de eutanasia y negligencia profesional,\u2026","rel":"","context":"En \u00abNoticias\u00bb","block_context":{"text":"Noticias","link":"https:\/\/insightcrime.org\/es\/category\/noticias\/"},"img":{"alt_text":"Two masked policemen sit on either side of their spokesperson as they criticize the government's approach to the security and homicide crisis.","src":"https:\/\/i0.wp.com\/insightcrime.org\/wp-content\/uploads\/2023\/09\/Costa-Rica-homicides.jpeg?fit=350%2C250&quality=100&ssl=1&resize=350%2C200","width":350,"height":200},"classes":[]},{"id":295645,"url":"https:\/\/insightcrime.org\/es\/noticias\/seguira-costa-rica-camino-criminal-ecuador\/","url_meta":{"origin":181527,"position":3},"title":"\u00bfSeguir\u00e1 Costa Rica el mismo camino criminal que Ecuador?","author":"Peter Appleby","date":"7 de noviembre de 2024","format":false,"excerpt":"Los altos niveles de violencia indican c\u00f3mo la otrora pac\u00edfica Costa Rica est\u00e1 sintiendo la presi\u00f3n del tr\u00e1fico de coca\u00edna. Pero, \u00bfva el pa\u00eds centroamericano por el mismo camino que Ecuador?","rel":"","context":"En \u00abNoticias\u00bb","block_context":{"text":"Noticias","link":"https:\/\/insightcrime.org\/es\/category\/noticias\/"},"img":{"alt_text":"Members of Costa Rica\u2019s OIJ investigate a crime scene following a shooting. Credit: Unidad de Exiliados Nicarag\u00fcenses","src":"https:\/\/i0.wp.com\/insightcrime.org\/wp-content\/uploads\/2024\/11\/24-11-06-Violence-in-Costa-Rica-OIJ-.jpg?fit=350%2C250&quality=100&ssl=1&resize=350%2C200","width":350,"height":200},"classes":[]},{"id":84822,"url":"https:\/\/insightcrime.org\/es\/noticias-crimen-organizado-costa-rica\/perfil-de-costa-rica\/","url_meta":{"origin":181527,"position":4},"title":"Perfil de Costa Rica","author":"InSight Crime","date":"12 de mayo de 2026","format":false,"excerpt":"Costa Rica ha sido considerada tradicionalmente como un refugio de seguridad en Centroam\u00e9rica, una regi\u00f3n asolada por la violencia. Sin embargo, en a\u00f1os recientes el pa\u00eds ha experimentado niveles r\u00e9cord de violencia, que seg\u00fan las autoridades se debe a su creciente papel como punto de transbordo de drogas. Los grupos\u2026","rel":"","context":"En \u00abCosta Rica\u00bb","block_context":{"text":"Costa Rica","link":"https:\/\/insightcrime.org\/es\/category\/noticias-crimen-organizado-costa-rica\/"},"img":{"alt_text":"","src":"https:\/\/i0.wp.com\/insightcrime.org\/wp-content\/uploads\/2026\/05\/Cover-Costa-Rica.jpg?fit=1200%2C900&quality=100&ssl=1&resize=350%2C200","width":350,"height":200,"srcset":"https:\/\/i0.wp.com\/insightcrime.org\/wp-content\/uploads\/2026\/05\/Cover-Costa-Rica.jpg?fit=1200%2C900&quality=100&ssl=1&resize=350%2C200 1x, https:\/\/i0.wp.com\/insightcrime.org\/wp-content\/uploads\/2026\/05\/Cover-Costa-Rica.jpg?fit=1200%2C900&quality=100&ssl=1&resize=525%2C300 1.5x, https:\/\/i0.wp.com\/insightcrime.org\/wp-content\/uploads\/2026\/05\/Cover-Costa-Rica.jpg?fit=1200%2C900&quality=100&ssl=1&resize=700%2C400 2x, https:\/\/i0.wp.com\/insightcrime.org\/wp-content\/uploads\/2026\/05\/Cover-Costa-Rica.jpg?fit=1200%2C900&quality=100&ssl=1&resize=1050%2C600 3x"},"classes":[]},{"id":124691,"url":"https:\/\/insightcrime.org\/es\/noticias\/costa-rica-cerrar-pistas-ilegale\/","url_meta":{"origin":181527,"position":5},"title":"Costa Rica busca cerrar pistas ilegales en propiedad privada","author":"Juan Diego Posada","date":"29 de septiembre de 2020","format":false,"excerpt":"Una nueva ley en Costa Rica, que busca destruir las pistas ilegales de aterrizaje, podr\u00eda ser una oportunidad para controlar los vuelos y cerrar la v\u00eda a\u00e9rea para el narcotr\u00e1fico en el pa\u00eds. Sin embargo, disminuir el ya constante flujo de narcotr\u00e1fico sigue siendo un reto.","rel":"","context":"En \u00abNoticias\u00bb","block_context":{"text":"Noticias","link":"https:\/\/insightcrime.org\/es\/category\/noticias\/"},"img":{"alt_text":"","src":"https:\/\/i0.wp.com\/insightcrime.org\/wp-content\/uploads\/2020\/09\/Narcopistas-CR.jpg?fit=350%2C249&quality=100&ssl=1&resize=350%2C200","width":350,"height":200},"classes":[]}],"jetpack_featured_media_url":"https:\/\/i0.wp.com\/insightcrime.org\/wp-content\/uploads\/2022\/04\/Costa-Rica-Copper-Smuggling-La-Nacion1.jpg?fit=350%2C250&quality=100&ssl=1","_links":{"self":[{"href":"https:\/\/insightcrime.org\/es\/wp-json\/wp\/v2\/posts\/181527","targetHints":{"allow":["GET"]}}],"collection":[{"href":"https:\/\/insightcrime.org\/es\/wp-json\/wp\/v2\/posts"}],"about":[{"href":"https:\/\/insightcrime.org\/es\/wp-json\/wp\/v2\/types\/post"}],"author":[{"embeddable":true,"href":"https:\/\/insightcrime.org\/es\/wp-json\/wp\/v2\/users\/230"}],"replies":[{"embeddable":true,"href":"https:\/\/insightcrime.org\/es\/wp-json\/wp\/v2\/comments?post=181527"}],"version-history":[{"count":5,"href":"https:\/\/insightcrime.org\/es\/wp-json\/wp\/v2\/posts\/181527\/revisions"}],"predecessor-version":[{"id":181537,"href":"https:\/\/insightcrime.org\/es\/wp-json\/wp\/v2\/posts\/181527\/revisions\/181537"}],"wp:featuredmedia":[{"embeddable":true,"href":"https:\/\/insightcrime.org\/es\/wp-json\/wp\/v2\/media\/181485"}],"wp:attachment":[{"href":"https:\/\/insightcrime.org\/es\/wp-json\/wp\/v2\/media?parent=181527"}],"wp:term":[{"taxonomy":"category","embeddable":true,"href":"https:\/\/insightcrime.org\/es\/wp-json\/wp\/v2\/categories?post=181527"},{"taxonomy":"post_tag","embeddable":true,"href":"https:\/\/insightcrime.org\/es\/wp-json\/wp\/v2\/tags?post=181527"},{"taxonomy":"newspack_spnsrs_tax","embeddable":true,"href":"https:\/\/insightcrime.org\/es\/wp-json\/wp\/v2\/newspack_spnsrs_tax?post=181527"},{"taxonomy":"author","embeddable":true,"href":"https:\/\/insightcrime.org\/es\/wp-json\/wp\/v2\/coauthors?post=181527"}],"curies":[{"name":"wp","href":"https:\/\/api.w.org\/{rel}","templated":true}]}}