{"id":181939,"date":"2022-04-08T07:18:30","date_gmt":"2022-04-08T12:18:30","guid":{"rendered":"https:\/\/insightcrime.org\/?p=181939"},"modified":"2022-04-08T11:25:36","modified_gmt":"2022-04-08T16:25:36","slug":"cracolandia-sao-paulo-brasil-traslada-nuevos-predios","status":"publish","type":"post","link":"https:\/\/insightcrime.org\/es\/noticias\/cracolandia-sao-paulo-brasil-traslada-nuevos-predios\/","title":{"rendered":"La &#8216;Cracol\u00e2ndia&#8217; de S\u00e3o Paulo, Brasil, se traslada a nuevos predios"},"content":{"rendered":"\n<p class=\"wp-block-paragraph\">Los habitantes del mayor mercado de drogas al aire libre de Brasil se han reubicado debido a nuevas intervenciones policiales y quiz\u00e1 tambi\u00e9n por \u00f3rdenes del crimen organizado.<\/p>\n\n\n\n<p class=\"wp-block-paragraph\">El 19 de marzo, la poblaci\u00f3n de Cracol\u00e2ndia, como se conoce al mercado de drogas del centro de S\u00e3o Paulo, se traslad\u00f3 a la Plaza Princesa Isabel, a pocas calles de distancia.<\/p>\n\n\n\n<p class=\"wp-block-paragraph\">Los medios locales <a href=\"https:\/\/www.expreso.ec\/actualidad\/mundo\/traficantes-salen-cracolandia-124676.html\" target=\"_blank\" rel=\"noreferrer noopener\">suponen<\/a> que, a diferencia de los traslados anteriores de los habitantes de calle de Cracol\u00e2ndia, este \u00faltimo quiz\u00e1 se llev\u00f3 a cabo a instancias del <a href=\"https:\/\/es.insightcrime.org\/noticias-crimen-organizado-brasil\/primer-comando-capital-pcc-perfil\/\" target=\"_blank\" rel=\"noreferrer noopener\">Primer Comando de la Capital<\/a> (Primeiro Comando da Capital \u2013 PCC), la principal organizaci\u00f3n narcotraficante de Brasil.<\/p>\n\n\n\n<p class=\"wp-block-paragraph\">A dicho traslado tambi\u00e9n contribuyeron otras ofensivas del gobierno contra el mercado il\u00edcito. Desde junio de 2021, las polic\u00edas estatal y municipal han hecho nuevas intervenciones armadas en el \u00e1rea, con la intenci\u00f3n de sacar de all\u00ed a las cerca de <a href=\"https:\/\/www.expreso.ec\/actualidad\/mundo\/traficantes-salen-cracolandia-124676.html\" target=\"_blank\" rel=\"noreferrer noopener\">500 personas<\/a> que se estima residen en el \u00e1rea.<\/p>\n\n\n\n<p class=\"wp-block-paragraph\">Mediante operaciones similares <a href=\"https:\/\/es.insightcrime.org\/noticias\/noticias-del-dia\/policia-brasil-monta-otra-inutil-redada-cracolandia-sao-paulo\/\" target=\"_blank\" rel=\"noreferrer noopener\">a las realizadas<\/a> en 2017, las fuerzas de seguridad ingresaron repetidamente con <a href=\"https:\/\/naoeconfronto.weebly.com\/dossiecirc.html\" target=\"_blank\" rel=\"noreferrer noopener\">bombas de gas<\/a> y balas de goma, con el fin de despejar el \u00e1rea de las hordas de consumidores de drogas conocidos como \u201cel flujo\u201d.<\/p>\n\n\n\n<blockquote class=\"wp-block-quote is-layout-flow wp-block-quote-is-layout-flow\"><p><strong><mark style=\"background-color:rgba(0, 0, 0, 0)\" class=\"has-inline-color has-vivid-red-color\">VEA TAMBI\u00c9N:<\/mark><\/strong> <a href=\"https:\/\/es.insightcrime.org\/noticias\/noticias-del-dia\/policia-brasil-monta-otra-inutil-redada-cracolandia-sao-paulo\/\" target=\"_blank\" rel=\"noreferrer noopener\">Polic\u00eda realiza nueva redada en vano en \u2018Cracol\u00e2ndia\u2019 de S\u00e3o Paulo<\/a><\/p><\/blockquote>\n\n\n\n<p class=\"wp-block-paragraph\">Hasta marzo de 2022, unas <a href=\"https:\/\/www.expreso.ec\/actualidad\/mundo\/traficantes-salen-cracolandia-124676.html\" target=\"_blank\" rel=\"noreferrer noopener nofollow\">92 personas<\/a> ya hab\u00edan sido detenidas por microtr\u00e1fico, como se\u00f1ala la Agencia Efe.<\/p>\n\n\n\n<p class=\"wp-block-paragraph\">Durante treinta a\u00f1os, Cracol\u00e2ndia ha constituido una cuasi-comunidad para las personas sin hogar y dependientes de las drogas, sobre todo los adictos al crack, el derivado fumable m\u00e1s barato de la coca\u00edna.<\/p>\n\n\n\n<h2 class=\"wp-block-heading\" id=\"h-analisis-de-insight-crime\">An\u00e1lisis de InSight Crime<\/h2>\n\n\n\n<p class=\"wp-block-paragraph\">S\u00e3o Paulo es <a href=\"https:\/\/es.insightcrime.org\/noticias\/analisis\/sao-paulo-paraguay-pcc-poder\/\" target=\"_blank\" rel=\"noreferrer noopener\">cuna<\/a> y basti\u00f3n criminal del PCC, por lo que la decisi\u00f3n de reubicar el \u201cflujo\u201d de Cracol\u00e2ndia en la Plaza Princesa Isabel quiz\u00e1 fue dictaminada por la organizaci\u00f3n.<\/p>\n\n\n\n<p class=\"wp-block-paragraph\">A pesar de las constantes <a href=\"https:\/\/agenciabrasil.ebc.com.br\/direitos-humanos\/noticia\/2021-06\/ministerio-publico-quer-evitar-atuacao-da-gcm-como-policia-militar\" target=\"_blank\" rel=\"noreferrer noopener\">incursiones<\/a> de las fuerzas del orden, Cracol\u00e2ndia ha permanecido inmutable como refugio y mercado del microtr\u00e1fico. Aunque ha cambiado de ubicaci\u00f3n f\u00edsica, persisten los problemas subyacentes de adicci\u00f3n, negligencia estatal y fluctuantes pol\u00edticas hacia dicha poblaci\u00f3n.<\/p>\n\n\n\n<p class=\"wp-block-paragraph\">En un comunicado de 2021, el Ministerio P\u00fablico de S\u00e3o Paulo se\u00f1alaba que \u201cla triste historia [de Cracol\u00e2ndia] recuerda los <a href=\"http:\/\/www.mpsp.mp.br\/portal\/pls\/portal\/!PORTAL.wwpob_page.show?_docname=2684088.PDF\" target=\"_blank\" rel=\"noreferrer noopener\">innumerables intentos fallidos<\/a> del Poder P\u00fablico, tanto estatal como municipal, para enfrentar el problema, as\u00ed como los sucesivos proyectos, a veces consistentes, otras veces electorales, que requieren ingentes recursos p\u00fablicos, pero que no aportan muchos resultados\u201d.<\/p>\n\n\n\n<p class=\"wp-block-paragraph\">La decisi\u00f3n de los narcotraficantes de generar un cambio en la zona principal y aparentemente abandonar el foco de microtr\u00e1fico se debi\u00f3 quiz\u00e1 al poco inter\u00e9s del PCC en mantener el orden en el mercado al aire libre.<\/p>\n\n\n\n<blockquote class=\"wp-block-quote is-layout-flow wp-block-quote-is-layout-flow\"><p><strong><mark style=\"background-color:rgba(0, 0, 0, 0)\" class=\"has-inline-color has-vivid-red-color\">VEA TAMBI\u00c9N: <\/mark><\/strong><a href=\"https:\/\/es.insightcrime.org\/noticias\/analisis\/cambiante-cara-tierra-crack-sao-paulo\/\" target=\"_blank\" rel=\"noreferrer noopener\">La cambiante cara de la tierra del crack en S\u00e3o Paulo<\/a><\/p><\/blockquote>\n\n\n\n<p class=\"wp-block-paragraph\">Seg\u00fan el periodista Bruno Paes Manso, experto en din\u00e1micas del crimen organizado de S\u00e3o Paulo, Cracol\u00e2ndia no representa un flujo significativo de ingresos para el PCC.<\/p>\n\n\n\n<p class=\"wp-block-paragraph\">\u201cHoy en d\u00eda, el dinero del PCC proviene de la venta de drogas al por mayor, y no tanto de las ventas al por menor\u201d. Manso se\u00f1ala que el grupo ha estado en Cracol\u00e2ndia durante aproximadamente una d\u00e9cada y que quiz\u00e1 llama m\u00e1s la atenci\u00f3n de lo que merece, pues \u201crealmente no es importante para el PCC en t\u00e9rminos monetarios\u201d.<\/p>\n\n\n\n<p class=\"wp-block-paragraph\">Dado que las elecciones para gobernador se llevar\u00e1n a cabo el 2 de octubre, Cracol\u00e2ndia vuelve a estar en el centro de atenci\u00f3n como un tema pol\u00edtico para el gobernador Jo\u00e3o Doria. Durante el mandato de Doria, pol\u00edtico que inici\u00f3 intervenciones policiales cuando era alcalde de S\u00e3o Paulo, es probable que contin\u00faen las estrategias de mano dura para erradicar el microtr\u00e1fico.<\/p>\n\n\n\n<p class=\"wp-block-paragraph\">Seg\u00fan <a href=\"https:\/\/g1.globo.com\/sp\/sao-paulo\/noticia\/2022\/04\/04\/prefeitura-de-sp-desmonta-barracas-em-acao-na-praca-princesa-isabel-apos-cracolandia-migrar-para-o-local.ghtml\" target=\"_blank\" rel=\"noreferrer noopener\">Globo<\/a>, la Guardia Civil Metropolitana (GCM) y las fuerzas de seguridad p\u00fablica ya han empezado a desmantelar refugios y a retirar individuos de Plaza Princesa Isabel.<\/p>\n","protected":false},"excerpt":{"rendered":"<p>Los habitantes de  mayor mercado de drogas al aire libre de Brasil se han reubicado debido a nuevas intervenciones policiales y quiz\u00e1 tambi\u00e9n por \u00f3rdenes del crimen organizado.<\/p>\n","protected":false},"author":226,"featured_media":181970,"comment_status":"closed","ping_status":"closed","sticky":false,"template":"","format":"standard","meta":{"newspack_ads_suppress_ads":false,"newspack_popups_has_disabled_popups":false,"newspack_sponsor_sponsorship_scope":"","newspack_sponsor_native_byline_display":"inherit","newspack_sponsor_native_category_display":"inherit","newspack_sponsor_underwriter_style":"inherit","newspack_sponsor_underwriter_placement":"inherit","_EventAllDay":false,"_EventTimezone":"","_EventStartDate":"","_EventEndDate":"","_EventStartDateUTC":"","_EventEndDateUTC":"","_EventShowMap":false,"_EventShowMapLink":false,"_EventURL":"","_EventCost":"","_EventCostDescription":"","_EventCurrencySymbol":"","_EventCurrencyCode":"","_EventCurrencyPosition":"","_EventDateTimeSeparator":"","_EventTimeRangeSeparator":"","_EventOrganizerID":[],"_EventVenueID":[],"_OrganizerEmail":"","_OrganizerPhone":"","_OrganizerWebsite":"","_VenueAddress":"","_VenueCity":"","_VenueCountry":"","_VenueProvince":"","_VenueState":"","_VenueZip":"","_VenuePhone":"","_VenueURL":"","_VenueStateProvince":"","_VenueLat":"","_VenueLng":"","_VenueShowMap":false,"_VenueShowMapLink":false,"_newspack_byline_active":false,"_newspack_byline":"","newspack_hide_updated_date":false,"newspack_show_updated_date":false,"newspack_featured_image_position":"","newspack_post_subtitle":"","newspack_article_summary_title":"Overview:","newspack_article_summary":"","_jetpack_memberships_contains_paid_content":false,"footnotes":""},"categories":[759],"tags":[405,458,446],"newspack_spnsrs_tax":[],"coauthors":[4284],"class_list":["post-181939","post","type-post","status-publish","format-standard","has-post-thumbnail","hentry","category-noticias","tag-brasil","tag-microtrafico","tag-el-pcc","entry"],"parsely":{"version":"1.1.0","canonical_url":"https:\/\/insightcrime.org\/es\/noticias\/cracolandia-sao-paulo-brasil-traslada-nuevos-predios\/","smart_links":{"inbound":0,"outbound":0},"traffic_boost_suggestions_count":0,"meta":{"@context":"https:\/\/schema.org","@type":"NewsArticle","headline":"La &#8216;Cracol\u00e2ndia&#8217; de S\u00e3o Paulo, Brasil, se traslada a nuevos predios","url":"http:\/\/insightcrime.org\/es\/noticias\/cracolandia-sao-paulo-brasil-traslada-nuevos-predios\/","mainEntityOfPage":{"@type":"WebPage","@id":"http:\/\/insightcrime.org\/es\/noticias\/cracolandia-sao-paulo-brasil-traslada-nuevos-predios\/"},"thumbnailUrl":"https:\/\/i0.wp.com\/insightcrime.org\/wp-content\/uploads\/2022\/04\/Cracolandia-2.jpg?resize=150%2C150&quality=100&ssl=1","image":{"@type":"ImageObject","url":"https:\/\/i0.wp.com\/insightcrime.org\/wp-content\/uploads\/2022\/04\/Cracolandia-2.jpg?fit=350%2C250&quality=100&ssl=1"},"articleSection":"Noticias","author":[{"@type":"Person","name":"Scott Mistler-Ferguson"}],"creator":["Scott Mistler-Ferguson"],"publisher":{"@type":"Organization","name":"InSight Crime","logo":"https:\/\/insightcrime.org\/wp-content\/uploads\/2023\/08\/logo.png"},"keywords":["brasil","microtr\u00e1fico","pcc"],"dateCreated":"2022-04-08T12:18:30Z","datePublished":"2022-04-08T12:18:30Z","dateModified":"2022-04-08T16:25:36Z"},"rendered":"<meta name=\"parsely-title\" content=\"La &#8216;Cracol\u00e2ndia&#8217; de S\u00e3o Paulo, Brasil, se traslada a nuevos predios\" \/>\n<meta name=\"parsely-link\" content=\"http:\/\/insightcrime.org\/es\/noticias\/cracolandia-sao-paulo-brasil-traslada-nuevos-predios\/\" \/>\n<meta name=\"parsely-type\" content=\"post\" \/>\n<meta name=\"parsely-image-url\" content=\"https:\/\/i0.wp.com\/insightcrime.org\/wp-content\/uploads\/2022\/04\/Cracolandia-2.jpg?resize=150%2C150&amp;quality=100&amp;ssl=1\" \/>\n<meta name=\"parsely-pub-date\" content=\"2022-04-08T12:18:30Z\" \/>\n<meta name=\"parsely-section\" content=\"Noticias\" \/>\n<meta name=\"parsely-tags\" content=\"brasil,microtr\u00e1fico,pcc\" \/>\n<meta name=\"parsely-author\" content=\"Scott Mistler-Ferguson\" \/>","tracker_url":"https:\/\/cdn.parsely.com\/keys\/insightcrime.org\/p.js"},"jetpack_sharing_enabled":true,"jetpack-related-posts":[{"id":314407,"url":"https:\/\/insightcrime.org\/es\/noticias\/como-mercado-de-drogas-k-frustro-veto-pcc-en-brasil\/","url_meta":{"origin":181939,"position":0},"title":"C\u00f3mo el mercado de drogas K frustr\u00f3 el veto del PCC en Brasil","author":"Creusa Mu\u00f1oz","date":"15 de julio de 2025","format":false,"excerpt":"El mercado de drogas K sigue en auge en Brasil, a pesar de los supuestos intentos del Primer Comando Capital (PCC) por prohibirla. Sin embargo, la naturaleza del negocio hace que el veto funcione m\u00e1s como un mecanismo de control que como una medida efectiva para erradicar su venta.","rel":"","context":"En \u00abNoticias\u00bb","block_context":{"text":"Noticias","link":"https:\/\/insightcrime.org\/es\/category\/noticias\/"},"img":{"alt_text":"","src":"https:\/\/i0.wp.com\/insightcrime.org\/wp-content\/uploads\/2025\/07\/Flagship-Cover-Drogas-K-Jul-2025.jpg?fit=1200%2C690&quality=100&ssl=1&resize=350%2C200","width":350,"height":200,"srcset":"https:\/\/i0.wp.com\/insightcrime.org\/wp-content\/uploads\/2025\/07\/Flagship-Cover-Drogas-K-Jul-2025.jpg?fit=1200%2C690&quality=100&ssl=1&resize=350%2C200 1x, https:\/\/i0.wp.com\/insightcrime.org\/wp-content\/uploads\/2025\/07\/Flagship-Cover-Drogas-K-Jul-2025.jpg?fit=1200%2C690&quality=100&ssl=1&resize=525%2C300 1.5x, https:\/\/i0.wp.com\/insightcrime.org\/wp-content\/uploads\/2025\/07\/Flagship-Cover-Drogas-K-Jul-2025.jpg?fit=1200%2C690&quality=100&ssl=1&resize=700%2C400 2x, https:\/\/i0.wp.com\/insightcrime.org\/wp-content\/uploads\/2025\/07\/Flagship-Cover-Drogas-K-Jul-2025.jpg?fit=1200%2C690&quality=100&ssl=1&resize=1050%2C600 3x"},"classes":[]},{"id":281921,"url":"https:\/\/insightcrime.org\/es\/news\/decada-datos-crimen-organizado-brasil\/","url_meta":{"origin":181939,"position":1},"title":"Lo que una d\u00e9cada de datos dice sobre el crimen organizado en Brasil","author":"Lara Loaiza","date":"1 de julio de 2024","format":false,"excerpt":"Un nuevo informe se\u00f1ala que la violencia en algunas zonas del norte de Brasil ha aumentado en la \u00faltima d\u00e9cada a causa de la lucha entre facciones criminales, reforzadas por el encarcelamiento masivo, por las nuevas rutas de tr\u00e1fico de coca\u00edna en esta regi\u00f3n.","rel":"","context":"En \u00abNews\u00bb","block_context":{"text":"News","link":"https:\/\/insightcrime.org\/category\/news\/"},"img":{"alt_text":"","src":"https:\/\/i0.wp.com\/insightcrime.org\/wp-content\/uploads\/2024\/07\/Brazil-Rio-Security-Military-police-AP-22019511019465-A2.jpg?fit=1200%2C690&quality=100&ssl=1&resize=350%2C200","width":350,"height":200,"srcset":"https:\/\/i0.wp.com\/insightcrime.org\/wp-content\/uploads\/2024\/07\/Brazil-Rio-Security-Military-police-AP-22019511019465-A2.jpg?fit=1200%2C690&quality=100&ssl=1&resize=350%2C200 1x, https:\/\/i0.wp.com\/insightcrime.org\/wp-content\/uploads\/2024\/07\/Brazil-Rio-Security-Military-police-AP-22019511019465-A2.jpg?fit=1200%2C690&quality=100&ssl=1&resize=525%2C300 1.5x, https:\/\/i0.wp.com\/insightcrime.org\/wp-content\/uploads\/2024\/07\/Brazil-Rio-Security-Military-police-AP-22019511019465-A2.jpg?fit=1200%2C690&quality=100&ssl=1&resize=700%2C400 2x, https:\/\/i0.wp.com\/insightcrime.org\/wp-content\/uploads\/2024\/07\/Brazil-Rio-Security-Military-police-AP-22019511019465-A2.jpg?fit=1200%2C690&quality=100&ssl=1&resize=1050%2C600 3x"},"classes":[]},{"id":137114,"url":"https:\/\/insightcrime.org\/es\/noticias-crimen-organizado-brasil\/parana-brasil\/","url_meta":{"origin":181939,"position":2},"title":"Paran\u00e1, Brasil","author":"InSight Crime","date":"4 de marzo de 2021","format":false,"excerpt":"Paran\u00e1 es un centro neur\u00e1lgico para el narcotr\u00e1fico. Enormes cantidades de coca\u00edna y marihuana entran al estado desde Paraguay, por el r\u00edo Paran\u00e1 y desde Foz do Igua\u00e7u.","rel":"","context":"En \u00abBrasil\u00bb","block_context":{"text":"Brasil","link":"https:\/\/insightcrime.org\/es\/category\/noticias-crimen-organizado-brasil\/"},"img":{"alt_text":"","src":"https:\/\/i0.wp.com\/insightcrime.org\/wp-content\/uploads\/2021\/03\/Parana.jpg?fit=350%2C250&quality=100&ssl=1&resize=350%2C200","width":350,"height":200},"classes":[]},{"id":233251,"url":"https:\/\/insightcrime.org\/es\/investigaciones\/pcc-introduccion-principales-hallazgos\/","url_meta":{"origin":181939,"position":3},"title":"Investigaci\u00f3n PCC: Introducci\u00f3n y principales hallazgos","author":"Steven Dudley","date":"11 de diciembre de 2020","format":false,"excerpt":"El sol brillaba el 31 de agosto de 1993, cuando ocho hombres entraron a una cancha de f\u00fatbol improvisada en medio de la prisi\u00f3n de Taubat\u00e9.","rel":"","context":"En \u00abInvestigaciones\u00bb","block_context":{"text":"Investigaciones","link":"https:\/\/insightcrime.org\/es\/category\/investigaciones\/"},"img":{"alt_text":"","src":"https:\/\/i0.wp.com\/insightcrime.org\/wp-content\/uploads\/2020\/12\/PCC-Chapter-1.jpg?fit=1200%2C450&quality=100&ssl=1&resize=350%2C200","width":350,"height":200,"srcset":"https:\/\/i0.wp.com\/insightcrime.org\/wp-content\/uploads\/2020\/12\/PCC-Chapter-1.jpg?fit=1200%2C450&quality=100&ssl=1&resize=350%2C200 1x, https:\/\/i0.wp.com\/insightcrime.org\/wp-content\/uploads\/2020\/12\/PCC-Chapter-1.jpg?fit=1200%2C450&quality=100&ssl=1&resize=525%2C300 1.5x, https:\/\/i0.wp.com\/insightcrime.org\/wp-content\/uploads\/2020\/12\/PCC-Chapter-1.jpg?fit=1200%2C450&quality=100&ssl=1&resize=700%2C400 2x, https:\/\/i0.wp.com\/insightcrime.org\/wp-content\/uploads\/2020\/12\/PCC-Chapter-1.jpg?fit=1200%2C450&quality=100&ssl=1&resize=1050%2C600 3x"},"classes":[]},{"id":85506,"url":"https:\/\/insightcrime.org\/es\/noticias-crimen-organizado-brasil\/marcos-willians-herbas-camacho-alias-marcola\/","url_meta":{"origin":181939,"position":4},"title":"Marcos Willians Herbas Camacho, alias \u201cMarcola\u201d","author":"InSight Crime","date":"15 de octubre de 2025","format":false,"excerpt":"Marcos Willians Herbas Camacho, conocido por los alias \"Marcola\" y \"Playboy\", ha sido el m\u00e1ximo l\u00edder de la organizaci\u00f3n m\u00e1s grande y poderosa de Brasil, el Primer Comando Capital (PCC), desde el a\u00f1o 2002. Marcola gan\u00f3 reconocimiento en el mundo del hampa de S\u00e3o Paulo a finales de los noventa\u2026","rel":"","context":"En \u00abBrasil\u00bb","block_context":{"text":"Brasil","link":"https:\/\/insightcrime.org\/es\/category\/noticias-crimen-organizado-brasil\/"},"img":{"alt_text":"","src":"https:\/\/i0.wp.com\/insightcrime.org\/wp-content\/uploads\/2026\/06\/Perfil-Criminal-Alias-Marcola-1.jpg?fit=1200%2C900&quality=100&ssl=1&resize=350%2C200","width":350,"height":200,"srcset":"https:\/\/i0.wp.com\/insightcrime.org\/wp-content\/uploads\/2026\/06\/Perfil-Criminal-Alias-Marcola-1.jpg?fit=1200%2C900&quality=100&ssl=1&resize=350%2C200 1x, https:\/\/i0.wp.com\/insightcrime.org\/wp-content\/uploads\/2026\/06\/Perfil-Criminal-Alias-Marcola-1.jpg?fit=1200%2C900&quality=100&ssl=1&resize=525%2C300 1.5x, https:\/\/i0.wp.com\/insightcrime.org\/wp-content\/uploads\/2026\/06\/Perfil-Criminal-Alias-Marcola-1.jpg?fit=1200%2C900&quality=100&ssl=1&resize=700%2C400 2x, https:\/\/i0.wp.com\/insightcrime.org\/wp-content\/uploads\/2026\/06\/Perfil-Criminal-Alias-Marcola-1.jpg?fit=1200%2C900&quality=100&ssl=1&resize=1050%2C600 3x"},"classes":[]},{"id":137104,"url":"https:\/\/insightcrime.org\/es\/noticias-crimen-organizado-brasil\/santa-catarina-brasil\/","url_meta":{"origin":181939,"position":5},"title":"Santa Catarina, Brasil","author":"InSight Crime","date":"4 de marzo de 2021","format":false,"excerpt":"Santa Catarina es un trampol\u00edn para la coca\u00edna con destino a Europa, y punto de tr\u00e1nsito para la marihuana y el contrabando enviados al estado brasile\u00f1o de Rio Grande do Sul y a Uruguay.","rel":"","context":"En \u00abBrasil\u00bb","block_context":{"text":"Brasil","link":"https:\/\/insightcrime.org\/es\/category\/noticias-crimen-organizado-brasil\/"},"img":{"alt_text":"","src":"https:\/\/i0.wp.com\/insightcrime.org\/wp-content\/uploads\/2021\/03\/Santa-Catarina.jpg?fit=350%2C250&quality=100&ssl=1&resize=350%2C200","width":350,"height":200},"classes":[]}],"jetpack_featured_media_url":"https:\/\/i0.wp.com\/insightcrime.org\/wp-content\/uploads\/2022\/04\/Cracolandia-2.jpg?fit=350%2C250&quality=100&ssl=1","_links":{"self":[{"href":"https:\/\/insightcrime.org\/es\/wp-json\/wp\/v2\/posts\/181939","targetHints":{"allow":["GET"]}}],"collection":[{"href":"https:\/\/insightcrime.org\/es\/wp-json\/wp\/v2\/posts"}],"about":[{"href":"https:\/\/insightcrime.org\/es\/wp-json\/wp\/v2\/types\/post"}],"author":[{"embeddable":true,"href":"https:\/\/insightcrime.org\/es\/wp-json\/wp\/v2\/users\/226"}],"replies":[{"embeddable":true,"href":"https:\/\/insightcrime.org\/es\/wp-json\/wp\/v2\/comments?post=181939"}],"version-history":[{"count":3,"href":"https:\/\/insightcrime.org\/es\/wp-json\/wp\/v2\/posts\/181939\/revisions"}],"predecessor-version":[{"id":181965,"href":"https:\/\/insightcrime.org\/es\/wp-json\/wp\/v2\/posts\/181939\/revisions\/181965"}],"wp:featuredmedia":[{"embeddable":true,"href":"https:\/\/insightcrime.org\/es\/wp-json\/wp\/v2\/media\/181970"}],"wp:attachment":[{"href":"https:\/\/insightcrime.org\/es\/wp-json\/wp\/v2\/media?parent=181939"}],"wp:term":[{"taxonomy":"category","embeddable":true,"href":"https:\/\/insightcrime.org\/es\/wp-json\/wp\/v2\/categories?post=181939"},{"taxonomy":"post_tag","embeddable":true,"href":"https:\/\/insightcrime.org\/es\/wp-json\/wp\/v2\/tags?post=181939"},{"taxonomy":"newspack_spnsrs_tax","embeddable":true,"href":"https:\/\/insightcrime.org\/es\/wp-json\/wp\/v2\/newspack_spnsrs_tax?post=181939"},{"taxonomy":"author","embeddable":true,"href":"https:\/\/insightcrime.org\/es\/wp-json\/wp\/v2\/coauthors?post=181939"}],"curies":[{"name":"wp","href":"https:\/\/api.w.org\/{rel}","templated":true}]}}