{"id":185595,"date":"2022-05-23T09:12:07","date_gmt":"2022-05-23T14:12:07","guid":{"rendered":"https:\/\/insightcrime.org\/?p=185595"},"modified":"2022-05-23T12:20:29","modified_gmt":"2022-05-23T17:20:29","slug":"bogota-epicentro-guerra-bandas-microtrafico-colombia","status":"publish","type":"post","link":"https:\/\/insightcrime.org\/es\/noticias\/bogota-epicentro-guerra-bandas-microtrafico-colombia\/","title":{"rendered":"Bogot\u00e1, epicentro de guerra entre bandas del microtr\u00e1fico en Colombia"},"content":{"rendered":"\n<p class=\"wp-block-paragraph\">La reconfiguraci\u00f3n de los grupos que controlan el microtr\u00e1fico en la capital colombiana estar\u00eda detr\u00e1s de los macabros homicidios registrados en las \u00faltimas seis semanas en Bogot\u00e1.<\/p>\n\n\n\n<p class=\"wp-block-paragraph\">Ya suman 15 los cuerpos hallados con signos de tortura y presuntamente vinculados a ajustes de cuentas por microtr\u00e1fico en zonas de alta concurrencia en el sur y centro de Bogot\u00e1, inform\u00f3 <a href=\"https:\/\/www.youtube.com\/watch?v=57F-fyKIe5Y\" target=\"_blank\" rel=\"noreferrer noopener\">El Tiempo<\/a>. El caso m\u00e1s reciente ocurri\u00f3 el 11 de mayo, cuando las autoridades encontraron dos cuerpos sin vida cubiertos por una bolsa de basura, report\u00f3 <a href=\"https:\/\/elpais.com\/america-colombia\/2022-05-13\/la-inquietante-aparicion-de-12-cadaveres-en-las-calles-de-bogota-en-lo-que-va-del-ano.html?utm_source=pocket_mylist\" target=\"_blank\" rel=\"noreferrer noopener\">El Pa\u00eds<\/a>. Los cad\u00e1veres fueron hallados en el sector del barrio Palmitas de Patio Bonito, ubicado en la localidad de Kennedy, al suroccidente de Bogot\u00e1.<\/p>\n\n\n\n<p class=\"wp-block-paragraph\">El comandante de la Polic\u00eda de Kennedy, Luis Acosta, <a href=\"https:\/\/elpais.com\/america-colombia\/2022-05-13\/la-inquietante-aparicion-de-12-cadaveres-en-las-calles-de-bogota-en-lo-que-va-del-ano.html?utm_source=pocket_mylist\" target=\"_blank\" rel=\"noreferrer noopener\">se\u00f1al\u00f3<\/a> a El Pa\u00eds que las v\u00edctimas eran dos migrantes venezolanos con antecedentes penales y de aproximadamente 30 a\u00f1os de edad. Ambos presentaban golpes en el cr\u00e1neo y en la espalda y habr\u00edan muerto por heridas de arma blanca y de fuego.<\/p>\n\n\n\n<p class=\"wp-block-paragraph\"><a href=\"https:\/\/elpais.com\/america-colombia\/2022-05-13\/la-inquietante-aparicion-de-12-cadaveres-en-las-calles-de-bogota-en-lo-que-va-del-ano.html?utm_source=pocket_mylist\" target=\"_blank\" rel=\"noreferrer noopener\">Seg\u00fan<\/a> las autoridades, la comunidad alert\u00f3 a la polic\u00eda luego de observar a dos hombres y una mujer impulsar una carreta de reciclaje de la cual corr\u00eda sangre.<\/p>\n\n\n\n<blockquote class=\"wp-block-quote is-layout-flow wp-block-quote-is-layout-flow\"><p><strong><mark style=\"background-color:rgba(0, 0, 0, 0);color:#b40026\" class=\"has-inline-color\"><strong>VEA TAMBI\u00c9N:<\/strong><\/mark><\/strong> <a href=\"https:\/\/es.insightcrime.org\/noticias\/analisis\/microtrafico-bogota-colombia\/\" target=\"_blank\" rel=\"noreferrer noopener\">El lucrativo microtr\u00e1fico se reinventa en la capital de Colombia<\/a><\/p><\/blockquote>\n\n\n\n<p class=\"wp-block-paragraph\">El m\u00e1s reciente caso es un espejo de la din\u00e1mica que siembra el terror en otras localidades de Bogot\u00e1. El fen\u00f3meno tambi\u00e9n ha afectado a los sectores de Los M\u00e1rtires, San Crist\u00f3bal, Usme, Santa Fe, Teusaquillo, Engativ\u00e1 y Antonio Nari\u00f1o, indic\u00f3 <ins><a href=\"https:\/\/www.youtube.com\/watch?v=57F-fyKIe5Y\" target=\"_blank\" rel=\"noreferrer noopener\">El Tiempo<\/a>.<\/ins><\/p>\n\n\n\n<p class=\"wp-block-paragraph\">Hasta la fecha, las autoridades solo han logrado la captura de dos personas vinculadas a estos asesinatos y el allanamiento de una propiedad ubicada en el barrio San Bernardo, localidad de Santa Fe, inform\u00f3 <a href=\"https:\/\/noticias.caracoltv.com\/bogota\/la-casa-de-los-masajes-tenebrosa-vivienda-usada-para-torturas-y-asesinatos-en-el-centro-de-bogota-rg10\" target=\"_blank\" rel=\"noreferrer noopener\">Caracol<\/a>. La Fiscal\u00eda General de la Naci\u00f3n estableci\u00f3 que en el tercer piso de esa residencia, tambi\u00e9n conocida como la Casa de los Masajes, por lo menos seis personas han sido torturadas en el marco de las disputas por el microtr\u00e1fico este a\u00f1o.<\/p>\n\n\n\n<p class=\"wp-block-paragraph\">Algo que ha llamado la <a href=\"https:\/\/www.eltiempo.com\/bogota\/presunta-guerra-entre-bandas-del-microtrafico-ya-dejaria-12-asesinatos-671667?utm_source=pocket_mylist\" target=\"_blank\" rel=\"noreferrer noopener\">atenci\u00f3n<\/a> a las autoridades es que los doce cad\u00e1veres hallados tienen dos elementos en com\u00fan: los signos de tortura y el uso de habitantes de la calle para abandonar los cuerpos.<\/p>\n\n\n\n<h2 class=\"wp-block-heading\" id=\"h-analisis-de-insight-crime\"><strong>An\u00e1lisis de InSight Crime<\/strong><\/h2>\n\n\n\n<p class=\"wp-block-paragraph\">Aunque el asesinato por ajustes de cuentas del microtr\u00e1fico no es algo nuevo en Bogot\u00e1, en menos de dos meses el n\u00famero de casos logra superar la suma de los registrados en los \u00faltimos tres a\u00f1os en la ciudad.<\/p>\n\n\n\n<p class=\"wp-block-paragraph\">Andr\u00e9s Nieto, experto en seguridad de la Universidad Central, dijo a InSight Crime que entre 2019 y 2021 se present\u00f3 un total de nueve casos de este tipo en Bogot\u00e1. De acuerdo con el experto, el aterrador aumento se explicar\u00eda por la reactivaci\u00f3n econ\u00f3mica pospandemia y por el retorno a la presencialidad en establecimientos educativos.<\/p>\n\n\n\n<p class=\"wp-block-paragraph\">\u201cCon la reactivaci\u00f3n econ\u00f3mica y la puesta en marcha otra vez del calendario acad\u00e9mico en colegios y universidades, termina por reactivarse tambi\u00e9n la distribuci\u00f3n de droga\u201d, explic\u00f3 Nieto.<\/p>\n\n\n\n<blockquote class=\"wp-block-quote is-layout-flow wp-block-quote-is-layout-flow\"><p><mark style=\"background-color:rgba(0, 0, 0, 0);color:#b40026\" class=\"has-inline-color\"><strong>VEA TAMBI\u00c9N:<\/strong> <\/mark><a href=\"https:\/\/es.insightcrime.org\/noticias\/analisis\/verdaderos-blancos-ofensiva-contra-crimen-bogota\/\" target=\"_blank\" rel=\"noreferrer noopener\">Los verdaderos blancos de la ofensiva contra el crimen en Bogot\u00e1<\/a><\/p><\/blockquote>\n\n\n\n<p class=\"wp-block-paragraph\">Seg\u00fan el experto, lo anterior da como resultado dos tipos de conflictos. Por un lado, se identifican las disputas internas de las bandas que han recibido alg\u00fan golpe por parte de las fuerzas de seguridad. En estos casos, es com\u00fan que los mandos medios busquen eliminar a otros miembros de la organizaci\u00f3n para obtener el liderazgo el grupo.<\/p>\n\n\n\n<p class=\"wp-block-paragraph\">Por otro lado,&nbsp;se presentan disputas entre bandas. \u201cHay bandas que se est\u00e1n enfrentando entre ellas para poderse quedar con estos negocios y empiezan a enviar este tipo de se\u00f1ales como advertencias. Dan golpes a rangos medios y bajos (de bandas rivales) para enviar entre ellos mensajes de miedo y as\u00ed copar el negocio, la zona de distribuci\u00f3n o los puntos de acopio\u201d.<\/p>\n\n\n\n<p class=\"wp-block-paragraph\">La capital colombiana ya ha sido epicentro de macabros ajustes de cuentas por microtr\u00e1fico en el pasado. Seg\u00fan <a href=\"https:\/\/www.eltiempo.com\/bogota\/los-camilo-quienes-eran-y-como-los-capturaron-inseguridad-en-bogota-627318?utm_source=pocket_mylist\" target=\"_blank\" rel=\"noreferrer noopener\">El Tiempo<\/a>, tal fue el caso de la banda liderada por N\u00e9stor Aguirre, alias \u201cCamilo\u201d, un personaje que llevaba 15 a\u00f1os delinquiendo en la ciudad, ten\u00eda m\u00e1s de 200 ollas a cargo, recib\u00eda m\u00e1s de US$500.000<mark style=\"background-color:rgba(0, 0, 0, 0)\" class=\"has-inline-color has-vivid-red-color\"> <\/mark>de ganancia mensuales, y fue el responsable de m\u00e1s de 50 muertes relacionadas con ajustes de cuentas. Las autoridades lograron su captura en 2021.<\/p>\n\n\n\n<p class=\"wp-block-paragraph\">Un modus operandi similar fue reportado un a\u00f1o antes, cuando el exmilitar venezolano Erick Alberto Parra Mendoza, alias \u00abYeico Masacre\u00bb, <a href=\"https:\/\/www.kienyke.com\/crimen-y-corrupcion\/yeico-masacre-venezolanos-crimenes-instagram-bogota\" target=\"_blank\" rel=\"noreferrer noopener\">exhibi\u00f3<\/a> los cuerpos torturados de sus v\u00edctimas en su cuenta de Instagram para atemorizar a sus rivales y obtener el control del microtr\u00e1fico en varias localidades de Bogot\u00e1 en 2020.<\/p>\n\n\n\n<p class=\"wp-block-paragraph\">Lo anterior demuestra que la capital es susceptible de convertirse en un escenario de guerra para bandas dedicadas al microtr\u00e1fico y que, incluso, criminales extranjeros tienen la capacidad para hacer parte de la disputa.&nbsp;<\/p>\n","protected":false},"excerpt":{"rendered":"<p>La reconfiguraci\u00f3n de los grupos que controlan el microtr\u00e1fico en la capital colombiana estar\u00eda detr\u00e1s de los macabros homicidios registrados en las \u00faltimas seis semanas en Bogot\u00e1.<\/p>\n","protected":false},"author":223,"featured_media":185600,"comment_status":"closed","ping_status":"closed","sticky":false,"template":"","format":"standard","meta":{"newspack_ads_suppress_ads":false,"newspack_popups_has_disabled_popups":false,"newspack_sponsor_sponsorship_scope":"","newspack_sponsor_native_byline_display":"inherit","newspack_sponsor_native_category_display":"inherit","newspack_sponsor_underwriter_style":"inherit","newspack_sponsor_underwriter_placement":"inherit","_EventAllDay":false,"_EventTimezone":"","_EventStartDate":"","_EventEndDate":"","_EventStartDateUTC":"","_EventEndDateUTC":"","_EventShowMap":false,"_EventShowMapLink":false,"_EventURL":"","_EventCost":"","_EventCostDescription":"","_EventCurrencySymbol":"","_EventCurrencyCode":"","_EventCurrencyPosition":"","_EventDateTimeSeparator":"","_EventTimeRangeSeparator":"","_EventOrganizerID":[],"_EventVenueID":[],"_OrganizerEmail":"","_OrganizerPhone":"","_OrganizerWebsite":"","_VenueAddress":"","_VenueCity":"","_VenueCountry":"","_VenueProvince":"","_VenueState":"","_VenueZip":"","_VenuePhone":"","_VenueURL":"","_VenueStateProvince":"","_VenueLat":"","_VenueLng":"","_VenueShowMap":false,"_VenueShowMapLink":false,"_newspack_byline_active":false,"_newspack_byline":"","newspack_hide_updated_date":false,"newspack_show_updated_date":false,"newspack_featured_image_position":"","newspack_post_subtitle":"","newspack_article_summary_title":"Overview:","newspack_article_summary":"","_jetpack_memberships_contains_paid_content":false,"footnotes":""},"categories":[759],"tags":[547,661],"newspack_spnsrs_tax":[],"coauthors":[4260],"class_list":["post-185595","post","type-post","status-publish","format-standard","has-post-thumbnail","hentry","category-noticias","tag-colombia","tag-microtrafficking","entry"],"parsely":{"version":"1.1.0","canonical_url":"https:\/\/insightcrime.org\/es\/noticias\/bogota-epicentro-guerra-bandas-microtrafico-colombia\/","smart_links":{"inbound":0,"outbound":0},"traffic_boost_suggestions_count":0,"meta":{"@context":"https:\/\/schema.org","@type":"NewsArticle","headline":"Bogot\u00e1, epicentro de guerra entre bandas del microtr\u00e1fico en Colombia","url":"http:\/\/insightcrime.org\/es\/noticias\/bogota-epicentro-guerra-bandas-microtrafico-colombia\/","mainEntityOfPage":{"@type":"WebPage","@id":"http:\/\/insightcrime.org\/es\/noticias\/bogota-epicentro-guerra-bandas-microtrafico-colombia\/"},"thumbnailUrl":"https:\/\/i0.wp.com\/insightcrime.org\/wp-content\/uploads\/2022\/05\/Picture1-1.jpg?resize=150%2C150&quality=100&ssl=1","image":{"@type":"ImageObject","url":"https:\/\/i0.wp.com\/insightcrime.org\/wp-content\/uploads\/2022\/05\/Picture1-1.jpg?fit=350%2C250&quality=100&ssl=1"},"articleSection":"Noticias","author":[{"@type":"Person","name":"Juliana Manjarr\u00e9s"}],"creator":["Juliana Manjarr\u00e9s"],"publisher":{"@type":"Organization","name":"InSight Crime","logo":"https:\/\/insightcrime.org\/wp-content\/uploads\/2023\/08\/logo.png"},"keywords":["colombia","microtr\u00e1fico"],"dateCreated":"2022-05-23T14:12:07Z","datePublished":"2022-05-23T14:12:07Z","dateModified":"2022-05-23T17:20:29Z"},"rendered":"<meta name=\"parsely-title\" content=\"Bogot\u00e1, epicentro de guerra entre bandas del microtr\u00e1fico en Colombia\" \/>\n<meta name=\"parsely-link\" content=\"http:\/\/insightcrime.org\/es\/noticias\/bogota-epicentro-guerra-bandas-microtrafico-colombia\/\" \/>\n<meta name=\"parsely-type\" content=\"post\" \/>\n<meta name=\"parsely-image-url\" content=\"https:\/\/i0.wp.com\/insightcrime.org\/wp-content\/uploads\/2022\/05\/Picture1-1.jpg?resize=150%2C150&amp;quality=100&amp;ssl=1\" \/>\n<meta name=\"parsely-pub-date\" content=\"2022-05-23T14:12:07Z\" \/>\n<meta name=\"parsely-section\" content=\"Noticias\" \/>\n<meta name=\"parsely-tags\" content=\"colombia,microtr\u00e1fico\" \/>\n<meta name=\"parsely-author\" content=\"Juliana Manjarr\u00e9s\" \/>","tracker_url":"https:\/\/cdn.parsely.com\/keys\/insightcrime.org\/p.js"},"jetpack_sharing_enabled":true,"jetpack-related-posts":[{"id":232490,"url":"https:\/\/insightcrime.org\/es\/noticias\/gaitanistas-tren-de-aragua-enfrentarse-bogota-colombia\/","url_meta":{"origin":185595,"position":0},"title":"Gaitanistas y Tren de Aragua: lejos de enfrentarse en Bogot\u00e1, Colombia","author":"Juan Diego C\u00e1rdenas","date":"29 de agosto de 2023","format":false,"excerpt":"La circulaci\u00f3n de panfletos y video-amenazas de grupos criminales en Bogot\u00e1 reabri\u00f3 el debate sobre la presencia real de estas organizaciones en la capital colombiana, sin embargo, expertos en seguridad ponen en duda su poder.\u00a0","rel":"","context":"En \u00abNoticias\u00bb","block_context":{"text":"Noticias","link":"https:\/\/insightcrime.org\/es\/category\/noticias\/"},"img":{"alt_text":"Personas capturadas por la Polic\u00eda por presunto microtr\u00e1fico","src":"https:\/\/i0.wp.com\/insightcrime.org\/wp-content\/uploads\/2023\/09\/Bogota-disputas-1-1.jpg?fit=350%2C250&quality=100&ssl=1&resize=350%2C200","width":350,"height":200},"classes":[]},{"id":307396,"url":"https:\/\/insightcrime.org\/es\/noticias\/que-hay-detras-explosion-granadas-capital-colombia\/","url_meta":{"origin":185595,"position":1},"title":"\u00bfQu\u00e9 hay detr\u00e1s de la explosi\u00f3n de granadas en la capital de Colombia?","author":"Juan Camilo Jaramillo","date":"16 de abril de 2025","format":false,"excerpt":"Una serie de atentados con granadas fragmentarias en varias zonas de Bogot\u00e1, Colombia, es el \u00faltimo s\u00edntoma de un aumento de violencia donde se entremezclan las disputas por rentas criminales y la expansi\u00f3n de bandas extranjeras.","rel":"","context":"En \u00abNoticias\u00bb","block_context":{"text":"Noticias","link":"https:\/\/insightcrime.org\/es\/category\/noticias\/"},"img":{"alt_text":"","src":"https:\/\/i0.wp.com\/insightcrime.org\/wp-content\/uploads\/2025\/04\/2025-04-15-Bogota-Grenade-Attacks.jpg?fit=350%2C250&quality=100&ssl=1&resize=350%2C200","width":350,"height":200},"classes":[]},{"id":245047,"url":"https:\/\/insightcrime.org\/es\/noticias\/retos-seguridad-nuevo-alcalde-bogota-colombia\/","url_meta":{"origin":185595,"position":2},"title":"Los retos de seguridad para el nuevo alcalde de Bogot\u00e1, Colombia","author":"Juan Diego C\u00e1rdenas","date":"31 de octubre de 2023","format":false,"excerpt":"Tras una amplia victoria en primera vuelta, Carlos Fernando Gal\u00e1n, el nuevo alcalde electo de Bogot\u00e1, Colombia, se enfrenta a una de las mayores crisis de seguridad de los \u00faltimos a\u00f1os.","rel":"","context":"En \u00abNoticias\u00bb","block_context":{"text":"Noticias","link":"https:\/\/insightcrime.org\/es\/category\/noticias\/"},"img":{"alt_text":"Gal\u00e1n celebra su victoria en las elecciones a la alcald\u00eda de Bogot\u00e1 en 2023.","src":"https:\/\/i0.wp.com\/insightcrime.org\/wp-content\/uploads\/2023\/10\/COLP_294619-1.jpeg?fit=350%2C250&quality=100&ssl=1&resize=350%2C200","width":350,"height":200},"classes":[]},{"id":265156,"url":"https:\/\/insightcrime.org\/es\/news\/extorsion-carceles-continua-poniendo-jaque-autoridades-colombia\/","url_meta":{"origin":185595,"position":3},"title":"Extorsi\u00f3n desde las c\u00e1rceles contin\u00faa poniendo en jaque a autoridades en Colombia","author":"Sean Doherty","date":"12 de enero de 2024","format":false,"excerpt":"Tras una serie de detenciones recientes, autoridades colombianas han enfocado su atenci\u00f3n en desmantelar los esquemas extorsivos dirigidos por miembros de grupos venezolanos tras las rejas. Sin embargo, no han tenido \u00e9xito en detener este delito.","rel":"","context":"En \u00abNews\u00bb","block_context":{"text":"News","link":"https:\/\/insightcrime.org\/category\/news\/"},"img":{"alt_text":"Jos\u00e9 Manuel Vera, alias \"Satan\u00e1s\", detenido en Colombia tras su arresto en Ecuador","src":"https:\/\/i0.wp.com\/insightcrime.org\/wp-content\/uploads\/2023\/08\/Satanas-e1704999302869.jpg?fit=1200%2C802&quality=100&ssl=1&resize=350%2C200","width":350,"height":200,"srcset":"https:\/\/i0.wp.com\/insightcrime.org\/wp-content\/uploads\/2023\/08\/Satanas-e1704999302869.jpg?fit=1200%2C802&quality=100&ssl=1&resize=350%2C200 1x, https:\/\/i0.wp.com\/insightcrime.org\/wp-content\/uploads\/2023\/08\/Satanas-e1704999302869.jpg?fit=1200%2C802&quality=100&ssl=1&resize=525%2C300 1.5x, https:\/\/i0.wp.com\/insightcrime.org\/wp-content\/uploads\/2023\/08\/Satanas-e1704999302869.jpg?fit=1200%2C802&quality=100&ssl=1&resize=700%2C400 2x, https:\/\/i0.wp.com\/insightcrime.org\/wp-content\/uploads\/2023\/08\/Satanas-e1704999302869.jpg?fit=1200%2C802&quality=100&ssl=1&resize=1050%2C600 3x"},"classes":[]},{"id":204409,"url":"https:\/\/insightcrime.org\/es\/news\/guerras-bandas-uruguay-recrudecen-barrios-montevideo\/","url_meta":{"origin":185595,"position":4},"title":"Guerra de bandas se recrudece en barrios de Montevideo, Uruguay","author":"Chris Dalby","date":"15 de noviembre de 2022","format":false,"excerpt":"Los barrios de Villa Espa\u00f1ola y Pe\u00f1arol en Montevideo, capital de Uruguay, se encuentran en medio del fuego cruzado entre bandas narco locales, lo que siente un precedente preocupante en uno de los pa\u00edses m\u00e1s pac\u00edficos de Latinoam\u00e9rica.","rel":"","context":"En \u00abNews\u00bb","block_context":{"text":"News","link":"https:\/\/insightcrime.org\/category\/news\/"},"img":{"alt_text":"Polic\u00eda usando uniforme en Montevideo.","src":"https:\/\/i0.wp.com\/insightcrime.org\/wp-content\/uploads\/2022\/11\/814294-1.jpg?fit=350%2C250&quality=100&ssl=1&resize=350%2C200","width":350,"height":200},"classes":[]},{"id":232510,"url":"https:\/\/insightcrime.org\/es\/noticias\/futuro-crimen-uruguay\/","url_meta":{"origin":185595,"position":5},"title":"Los grupos criminales de Uruguay se mantendr\u00e1n locales, seg\u00fan estudio","author":"Christopher Newton","date":"14 de agosto de 2023","format":false,"excerpt":"La remontada de los homicidios y el narcotr\u00e1fico han suscitado preocupaci\u00f3n por el crimen organizado en Uruguay. Dos estudios recientes presentados al Ministerio del Interior arrojaron conclusiones encontradas: es improbable que las bandas locales de Uruguay lleguen a ser una amenaza nacional, pero las actuales estrategias no detendr\u00e1n la violencia.","rel":"","context":"En \u00abNoticias\u00bb","block_context":{"text":"Noticias","link":"https:\/\/insightcrime.org\/es\/category\/noticias\/"},"img":{"alt_text":"","src":"https:\/\/i0.wp.com\/insightcrime.org\/wp-content\/uploads\/2023\/09\/Uruguay-Feature-Image2-violence-poverty-gangs-police-1.jpg?fit=1200%2C600&quality=100&ssl=1&resize=350%2C200","width":350,"height":200,"srcset":"https:\/\/i0.wp.com\/insightcrime.org\/wp-content\/uploads\/2023\/09\/Uruguay-Feature-Image2-violence-poverty-gangs-police-1.jpg?fit=1200%2C600&quality=100&ssl=1&resize=350%2C200 1x, https:\/\/i0.wp.com\/insightcrime.org\/wp-content\/uploads\/2023\/09\/Uruguay-Feature-Image2-violence-poverty-gangs-police-1.jpg?fit=1200%2C600&quality=100&ssl=1&resize=525%2C300 1.5x, https:\/\/i0.wp.com\/insightcrime.org\/wp-content\/uploads\/2023\/09\/Uruguay-Feature-Image2-violence-poverty-gangs-police-1.jpg?fit=1200%2C600&quality=100&ssl=1&resize=700%2C400 2x, https:\/\/i0.wp.com\/insightcrime.org\/wp-content\/uploads\/2023\/09\/Uruguay-Feature-Image2-violence-poverty-gangs-police-1.jpg?fit=1200%2C600&quality=100&ssl=1&resize=1050%2C600 3x"},"classes":[]}],"jetpack_featured_media_url":"https:\/\/i0.wp.com\/insightcrime.org\/wp-content\/uploads\/2022\/05\/Picture1-1.jpg?fit=350%2C250&quality=100&ssl=1","_links":{"self":[{"href":"https:\/\/insightcrime.org\/es\/wp-json\/wp\/v2\/posts\/185595","targetHints":{"allow":["GET"]}}],"collection":[{"href":"https:\/\/insightcrime.org\/es\/wp-json\/wp\/v2\/posts"}],"about":[{"href":"https:\/\/insightcrime.org\/es\/wp-json\/wp\/v2\/types\/post"}],"author":[{"embeddable":true,"href":"https:\/\/insightcrime.org\/es\/wp-json\/wp\/v2\/users\/223"}],"replies":[{"embeddable":true,"href":"https:\/\/insightcrime.org\/es\/wp-json\/wp\/v2\/comments?post=185595"}],"version-history":[{"count":14,"href":"https:\/\/insightcrime.org\/es\/wp-json\/wp\/v2\/posts\/185595\/revisions"}],"predecessor-version":[{"id":186277,"href":"https:\/\/insightcrime.org\/es\/wp-json\/wp\/v2\/posts\/185595\/revisions\/186277"}],"wp:featuredmedia":[{"embeddable":true,"href":"https:\/\/insightcrime.org\/es\/wp-json\/wp\/v2\/media\/185600"}],"wp:attachment":[{"href":"https:\/\/insightcrime.org\/es\/wp-json\/wp\/v2\/media?parent=185595"}],"wp:term":[{"taxonomy":"category","embeddable":true,"href":"https:\/\/insightcrime.org\/es\/wp-json\/wp\/v2\/categories?post=185595"},{"taxonomy":"post_tag","embeddable":true,"href":"https:\/\/insightcrime.org\/es\/wp-json\/wp\/v2\/tags?post=185595"},{"taxonomy":"newspack_spnsrs_tax","embeddable":true,"href":"https:\/\/insightcrime.org\/es\/wp-json\/wp\/v2\/newspack_spnsrs_tax?post=185595"},{"taxonomy":"author","embeddable":true,"href":"https:\/\/insightcrime.org\/es\/wp-json\/wp\/v2\/coauthors?post=185595"}],"curies":[{"name":"wp","href":"https:\/\/api.w.org\/{rel}","templated":true}]}}