{"id":187429,"date":"2022-05-13T10:10:00","date_gmt":"2022-05-13T15:10:00","guid":{"rendered":"https:\/\/insightcrime.org\/?p=187429"},"modified":"2023-03-02T15:24:47","modified_gmt":"2023-03-02T20:24:47","slug":"los-urabenos-no-se-silencian-tras-la-partida-de-otoniel","status":"publish","type":"post","link":"https:\/\/insightcrime.org\/es\/la-organizacion\/los-urabenos-no-se-silencian-tras-la-partida-de-otoniel\/","title":{"rendered":"Los Gaitanistas no se silencian tras la partida de Otoniel"},"content":{"rendered":"\n<p class=\"wp-block-paragraph\">La amplia cobertura de InSight Crime sobre la&nbsp;<a href=\"https:\/\/es.insightcrime.org\/noticias\/extradicion-otoniel-anuncia-fin-generacion-traficantes-colombianos\/\" target=\"_blank\" rel=\"noreferrer noopener\">extradici\u00f3n<\/a>&nbsp;de Otoniel se ha convertido en punto de referencia para medios de comunicaci\u00f3n de Latinoam\u00e9rica y otras regiones.&nbsp;<a href=\"https:\/\/es.insightcrime.org\/noticias-crimen-organizado-colombia\/dairo-antonio-usuga-alias-otoniel\/\" target=\"_blank\" rel=\"noreferrer noopener\">Otoniel<\/a>&nbsp;es el \u00faltimo capo de la vieja guardia de narcotraficantes colombianos. Tras comenzar como guerrillero de izquierda, luego se convirti\u00f3 en paramilitar de derecha, y m\u00e1s tarde pas\u00f3 a ser cabecilla de Los Gaitanistas, la organizaci\u00f3n narcotraficante m\u00e1s poderosa de Colombia, que cuenta con unos 2.000 miembros.<\/p>\n\n\n\n<p class=\"wp-block-paragraph\">The World&nbsp;<a href=\"https:\/\/theworld.org\/media\/2022-05-09\/colombian-drug-cartel-seizes-roads-holds-hostages-after-leader-s-extradition\" target=\"_blank\" rel=\"noreferrer noopener\">entrevist\u00f3<\/a>&nbsp;a Jeremy McDermott, de InSight Crime, sobre&nbsp;<a href=\"https:\/\/es.insightcrime.org\/noticias\/urabenos-buscan-paralizar-zonas-enteras-colombia-extradicion-otoniel\/\" target=\"_blank\" rel=\"noreferrer noopener\">el paro armado nacional<\/a>&nbsp;llevado a cabo por Los Gaitanistas, tambi\u00e9n conocidos como Clan del Golfo, Urabe\u00f1os y Autodefensas Gaitanistas de Colombia (AGC), a ra\u00edz de la extradici\u00f3n de Otoniel.&nbsp;<a href=\"https:\/\/www.bbc.com\/mundo\/noticias-america-latina-61385661.amp\" target=\"_blank\" rel=\"noreferrer noopener\">BBC News<\/a>&nbsp;y&nbsp;<a href=\"https:\/\/www.elcolombiano.com\/antioquia\/cual-es-el-poder-del-clan-del-golfo-que-llevo-al-paro-LC17403998\" target=\"_blank\" rel=\"noreferrer noopener\">El Colombiano<\/a>&nbsp;tambi\u00e9n publicaron art\u00edculos en los que se refirieron a nuestro an\u00e1lisis.<\/p>\n\n\n\n<blockquote class=\"wp-block-quote is-layout-flow wp-block-quote-is-layout-flow\">\n<p class=\"wp-block-paragraph\"><strong><mark style=\"background-color:rgba(0, 0, 0, 0)\" class=\"has-inline-color has-vivid-red-color\">LEA:<\/mark><\/strong> <a href=\"https:\/\/es.insightcrime.org\/noticias\/extradicion-otoniel-anuncia-fin-generacion-traficantes-colombianos\/\" target=\"_blank\" rel=\"noreferrer noopener\">Sobre las consecuencias de la ca\u00edda de Otoniel<\/a><\/p>\n<\/blockquote>\n","protected":false},"excerpt":{"rendered":"<p>La amplia cobertura de InSight Crime sobre la&nbsp;extradici\u00f3n&nbsp;de Otoniel se ha convertido en punto de referencia para medios de comunicaci\u00f3n de Latinoam\u00e9rica y otras regiones.&nbsp;Otoniel&nbsp;es el \u00faltimo capo de la [&hellip;]<\/p>\n","protected":false},"author":188,"featured_media":187427,"comment_status":"closed","ping_status":"closed","sticky":false,"template":"template-single-featured.php","format":"standard","meta":{"newspack_ads_suppress_ads":false,"newspack_popups_has_disabled_popups":false,"newspack_sponsor_sponsorship_scope":"","newspack_sponsor_native_byline_display":"inherit","newspack_sponsor_native_category_display":"inherit","newspack_sponsor_underwriter_style":"inherit","newspack_sponsor_underwriter_placement":"inherit","_EventAllDay":false,"_EventTimezone":"","_EventStartDate":"","_EventEndDate":"","_EventStartDateUTC":"","_EventEndDateUTC":"","_EventShowMap":false,"_EventShowMapLink":false,"_EventURL":"","_EventCost":"","_EventCostDescription":"","_EventCurrencySymbol":"","_EventCurrencyCode":"","_EventCurrencyPosition":"","_EventDateTimeSeparator":"","_EventTimeRangeSeparator":"","_EventOrganizerID":[],"_EventVenueID":[],"_OrganizerEmail":"","_OrganizerPhone":"","_OrganizerWebsite":"","_VenueAddress":"","_VenueCity":"","_VenueCountry":"","_VenueProvince":"","_VenueState":"","_VenueZip":"","_VenuePhone":"","_VenueURL":"","_VenueStateProvince":"","_VenueLat":"","_VenueLng":"","_VenueShowMap":false,"_VenueShowMapLink":false,"_newspack_byline_active":false,"_newspack_byline":"","newspack_hide_updated_date":false,"newspack_show_updated_date":false,"newspack_featured_image_position":"","newspack_post_subtitle":"","newspack_article_summary_title":"Overview:","newspack_article_summary":"","_jetpack_memberships_contains_paid_content":false,"footnotes":""},"categories":[337],"tags":[],"newspack_spnsrs_tax":[],"coauthors":[4351],"class_list":["post-187429","post","type-post","status-publish","format-standard","has-post-thumbnail","hentry","category-la-organizacion","entry"],"parsely":{"version":"1.1.0","canonical_url":"https:\/\/insightcrime.org\/es\/la-organizacion\/los-urabenos-no-se-silencian-tras-la-partida-de-otoniel\/","smart_links":{"inbound":0,"outbound":0},"traffic_boost_suggestions_count":0,"meta":{"@context":"https:\/\/schema.org","@type":"NewsArticle","headline":"Los Gaitanistas no se silencian tras la partida de Otoniel","url":"http:\/\/insightcrime.org\/es\/la-organizacion\/los-urabenos-no-se-silencian-tras-la-partida-de-otoniel\/","mainEntityOfPage":{"@type":"WebPage","@id":"http:\/\/insightcrime.org\/es\/la-organizacion\/los-urabenos-no-se-silencian-tras-la-partida-de-otoniel\/"},"thumbnailUrl":"https:\/\/i0.wp.com\/insightcrime.org\/wp-content\/uploads\/2022\/06\/Impact-13-mayo.jpg?resize=150%2C150&quality=100&ssl=1","image":{"@type":"ImageObject","url":"https:\/\/i0.wp.com\/insightcrime.org\/wp-content\/uploads\/2022\/06\/Impact-13-mayo.jpg?fit=600%2C345&quality=100&ssl=1"},"articleSection":"La Organizaci\u00f3n","author":[{"@type":"Person","name":"InSight Crime"}],"creator":["InSight Crime"],"publisher":{"@type":"Organization","name":"InSight Crime","logo":"https:\/\/insightcrime.org\/wp-content\/uploads\/2023\/08\/logo.png"},"keywords":[],"dateCreated":"2022-05-13T15:10:00Z","datePublished":"2022-05-13T15:10:00Z","dateModified":"2023-03-02T20:24:47Z"},"rendered":"<meta name=\"parsely-title\" content=\"Los Gaitanistas no se silencian tras la partida de Otoniel\" \/>\n<meta name=\"parsely-link\" content=\"http:\/\/insightcrime.org\/es\/la-organizacion\/los-urabenos-no-se-silencian-tras-la-partida-de-otoniel\/\" \/>\n<meta name=\"parsely-type\" content=\"post\" \/>\n<meta name=\"parsely-image-url\" content=\"https:\/\/i0.wp.com\/insightcrime.org\/wp-content\/uploads\/2022\/06\/Impact-13-mayo.jpg?resize=150%2C150&amp;quality=100&amp;ssl=1\" \/>\n<meta name=\"parsely-pub-date\" content=\"2022-05-13T15:10:00Z\" \/>\n<meta name=\"parsely-section\" content=\"La Organizaci\u00f3n\" \/>\n<meta name=\"parsely-author\" content=\"InSight Crime\" \/>","tracker_url":"https:\/\/cdn.parsely.com\/keys\/insightcrime.org\/p.js"},"jetpack_sharing_enabled":true,"jetpack-related-posts":[{"id":4882,"url":"https:\/\/insightcrime.org\/es\/colombia-organized-crime-news\/dairo-antonio-usuga-alias-otoniel\/","url_meta":{"origin":187429,"position":0},"title":"Dairo Antonio \u00dasuga, alias &#8216;Otoniel&#8217;","author":"InSight Crime","date":"30 de enero de 2023","format":false,"excerpt":"Dairo Antonio \u00dasuga, alias \u201cOtoniel\u201d, fue el comandante en jefe de la organizaci\u00f3n criminal m\u00e1s poderosa de Colombia, y el hombre m\u00e1s buscado del pa\u00eds.","rel":"","context":"En \u00abColombia\u00bb","block_context":{"text":"Colombia","link":"https:\/\/insightcrime.org\/category\/colombia-organized-crime-news\/"},"img":{"alt_text":"Alias \"Otoniel\"","src":"https:\/\/i0.wp.com\/insightcrime.org\/wp-content\/uploads\/2026\/06\/Perfil-Criminal-Alias-Otoniel-1.jpg?fit=1200%2C900&quality=100&ssl=1&resize=350%2C200","width":350,"height":200,"srcset":"https:\/\/i0.wp.com\/insightcrime.org\/wp-content\/uploads\/2026\/06\/Perfil-Criminal-Alias-Otoniel-1.jpg?fit=1200%2C900&quality=100&ssl=1&resize=350%2C200 1x, https:\/\/i0.wp.com\/insightcrime.org\/wp-content\/uploads\/2026\/06\/Perfil-Criminal-Alias-Otoniel-1.jpg?fit=1200%2C900&quality=100&ssl=1&resize=525%2C300 1.5x, https:\/\/i0.wp.com\/insightcrime.org\/wp-content\/uploads\/2026\/06\/Perfil-Criminal-Alias-Otoniel-1.jpg?fit=1200%2C900&quality=100&ssl=1&resize=700%2C400 2x, https:\/\/i0.wp.com\/insightcrime.org\/wp-content\/uploads\/2026\/06\/Perfil-Criminal-Alias-Otoniel-1.jpg?fit=1200%2C900&quality=100&ssl=1&resize=1050%2C600 3x"},"classes":[]},{"id":209122,"url":"https:\/\/insightcrime.org\/es\/noticias\/otoniel-se-declara-culpable-adios-al-ultimo-capo-de-colombia\/","url_meta":{"origin":187429,"position":1},"title":"Otoniel se declara culpable: adi\u00f3s a la vieja guardia de capos de Colombia","author":"Juan Diego Posada","date":"26 de enero de 2023","format":false,"excerpt":"Otoniel, el antiguo jefe de los Urabe\u00f1os, se declar\u00f3 culpable de varios delitos ante una jueza en Estados Unidos. Su declaraci\u00f3n pone fin a una era dominada por los capos de Colombia en el narcotr\u00e1fico mundial. El bajo mundo criminal de Colombia ya no est\u00e1 dominado por poderosos capos de\u2026","rel":"","context":"En \u00abNoticias\u00bb","block_context":{"text":"Noticias","link":"https:\/\/insightcrime.org\/es\/category\/noticias\/"},"img":{"alt_text":"","src":"https:\/\/i0.wp.com\/insightcrime.org\/wp-content\/uploads\/2023\/01\/Colombia-police-escort-Dairo-Antonio-Usuga-Otoniel-May-2022-AP23025714047594-A2.jpg?fit=1200%2C690&quality=100&ssl=1&resize=350%2C200","width":350,"height":200,"srcset":"https:\/\/i0.wp.com\/insightcrime.org\/wp-content\/uploads\/2023\/01\/Colombia-police-escort-Dairo-Antonio-Usuga-Otoniel-May-2022-AP23025714047594-A2.jpg?fit=1200%2C690&quality=100&ssl=1&resize=350%2C200 1x, https:\/\/i0.wp.com\/insightcrime.org\/wp-content\/uploads\/2023\/01\/Colombia-police-escort-Dairo-Antonio-Usuga-Otoniel-May-2022-AP23025714047594-A2.jpg?fit=1200%2C690&quality=100&ssl=1&resize=525%2C300 1.5x, https:\/\/i0.wp.com\/insightcrime.org\/wp-content\/uploads\/2023\/01\/Colombia-police-escort-Dairo-Antonio-Usuga-Otoniel-May-2022-AP23025714047594-A2.jpg?fit=1200%2C690&quality=100&ssl=1&resize=700%2C400 2x, https:\/\/i0.wp.com\/insightcrime.org\/wp-content\/uploads\/2023\/01\/Colombia-police-escort-Dairo-Antonio-Usuga-Otoniel-May-2022-AP23025714047594-A2.jpg?fit=1200%2C690&quality=100&ssl=1&resize=1050%2C600 3x"},"classes":[]},{"id":343761,"url":"https:\/\/insightcrime.org\/es\/noticias\/colombia-condena-30-anos-mas-prision-otoniel-lider-urabenos\/","url_meta":{"origin":187429,"position":2},"title":"Colombia condena a alias &#8216;Otoniel&#8217; mientras el Clan del Golfo afianza su poder","author":"Creusa Mu\u00f1oz","date":"8 de junio de 2026","format":false,"excerpt":"Alias \u201cOtoniel\u201d, exl\u00edder del Clan del Golfo, fue condenado a 30 a\u00f1os de prisi\u00f3n en Colombia, sumando una nueva sentencia a la pena de 45 a\u00f1os que cumple en Estados Unidos por narcotr\u00e1fico.","rel":"","context":"En \u00abNoticias\u00bb","block_context":{"text":"Noticias","link":"https:\/\/insightcrime.org\/es\/category\/noticias\/"},"img":{"alt_text":"","src":"https:\/\/i0.wp.com\/insightcrime.org\/wp-content\/uploads\/2026\/06\/InSight-Crime-1200x675-Colombia-Drug-Lord-Dairo-Antonio-Usuga-alias-Otoniel-leader-of-the-violent-Clan-del-Golfo-cartel-Oct-2023-AP_21296849102944.jpg?fit=1200%2C675&quality=100&ssl=1&resize=350%2C200","width":350,"height":200,"srcset":"https:\/\/i0.wp.com\/insightcrime.org\/wp-content\/uploads\/2026\/06\/InSight-Crime-1200x675-Colombia-Drug-Lord-Dairo-Antonio-Usuga-alias-Otoniel-leader-of-the-violent-Clan-del-Golfo-cartel-Oct-2023-AP_21296849102944.jpg?fit=1200%2C675&quality=100&ssl=1&resize=350%2C200 1x, https:\/\/i0.wp.com\/insightcrime.org\/wp-content\/uploads\/2026\/06\/InSight-Crime-1200x675-Colombia-Drug-Lord-Dairo-Antonio-Usuga-alias-Otoniel-leader-of-the-violent-Clan-del-Golfo-cartel-Oct-2023-AP_21296849102944.jpg?fit=1200%2C675&quality=100&ssl=1&resize=525%2C300 1.5x, https:\/\/i0.wp.com\/insightcrime.org\/wp-content\/uploads\/2026\/06\/InSight-Crime-1200x675-Colombia-Drug-Lord-Dairo-Antonio-Usuga-alias-Otoniel-leader-of-the-violent-Clan-del-Golfo-cartel-Oct-2023-AP_21296849102944.jpg?fit=1200%2C675&quality=100&ssl=1&resize=700%2C400 2x, https:\/\/i0.wp.com\/insightcrime.org\/wp-content\/uploads\/2026\/06\/InSight-Crime-1200x675-Colombia-Drug-Lord-Dairo-Antonio-Usuga-alias-Otoniel-leader-of-the-violent-Clan-del-Golfo-cartel-Oct-2023-AP_21296849102944.jpg?fit=1200%2C675&quality=100&ssl=1&resize=1050%2C600 3x"},"classes":[]},{"id":233349,"url":"https:\/\/insightcrime.org\/es\/noticias-crimen-organizado-colombia\/urabenos-perfil\/","url_meta":{"origin":187429,"position":3},"title":"Clan del Golfo &#8211; Autodefensas Gaitanistas de Colombia","author":"InSight Crime","date":"13 de mayo de 2026","format":false,"excerpt":"El Clan del Golfo, tambi\u00e9n conocido como Autodefensas Gaitanistas de Colombia (AGC) y Urabe\u00f1os, surgi\u00f3 de las cenizas del movimiento paramilitar colombiano y se convirti\u00f3 en una fuerza criminal con alcance nacional.","rel":"","context":"En \u00abColombia\u00bb","block_context":{"text":"Colombia","link":"https:\/\/insightcrime.org\/es\/category\/noticias-crimen-organizado-colombia\/"},"img":{"alt_text":"Imagen InSight Crime Autodefensas Gaitanistas de Colombia (AGC), Clan del Golfo, Urabe\u00f1os","src":"https:\/\/i0.wp.com\/insightcrime.org\/wp-content\/uploads\/2026\/06\/Grupo-Criminal-AGC-Clan-del-Golfo-1.jpg?fit=1200%2C900&quality=100&ssl=1&resize=350%2C200","width":350,"height":200,"srcset":"https:\/\/i0.wp.com\/insightcrime.org\/wp-content\/uploads\/2026\/06\/Grupo-Criminal-AGC-Clan-del-Golfo-1.jpg?fit=1200%2C900&quality=100&ssl=1&resize=350%2C200 1x, https:\/\/i0.wp.com\/insightcrime.org\/wp-content\/uploads\/2026\/06\/Grupo-Criminal-AGC-Clan-del-Golfo-1.jpg?fit=1200%2C900&quality=100&ssl=1&resize=525%2C300 1.5x, https:\/\/i0.wp.com\/insightcrime.org\/wp-content\/uploads\/2026\/06\/Grupo-Criminal-AGC-Clan-del-Golfo-1.jpg?fit=1200%2C900&quality=100&ssl=1&resize=700%2C400 2x, https:\/\/i0.wp.com\/insightcrime.org\/wp-content\/uploads\/2026\/06\/Grupo-Criminal-AGC-Clan-del-Golfo-1.jpg?fit=1200%2C900&quality=100&ssl=1&resize=1050%2C600 3x"},"classes":[]},{"id":185026,"url":"https:\/\/insightcrime.org\/es\/news\/paro-armado-ultima-marcha-conjunta-urabenos\/","url_meta":{"origin":187429,"position":4},"title":"Paro armado: \u00bfLa \u00faltima marcha conjunta de Los Gaitanistas?\u00a0","author":"Juan Diego Posada","date":"12 de mayo de 2022","format":false,"excerpt":"Un poderoso paro armado del grupo narcotraficante m\u00e1s importante de Colombia, dej\u00f3 varios departamentos\u00a0afectados. La extradici\u00f3n de su principal l\u00edder ser\u00eda el detonante del accionar violento que dej\u00f3 paralizado una tercera parte del pa\u00eds.\u00a0\u00a0","rel":"","context":"En \u00abNews\u00bb","block_context":{"text":"News","link":"https:\/\/insightcrime.org\/category\/news\/"},"img":{"alt_text":"Casas marcadas con las siglas de las Autodefensas Gaitanistas de Colombia","src":"https:\/\/i0.wp.com\/insightcrime.org\/wp-content\/uploads\/2022\/05\/Paro-Armado.jpg?fit=350%2C250&quality=100&ssl=1&resize=350%2C200","width":350,"height":200},"classes":[]},{"id":213190,"url":"https:\/\/insightcrime.org\/es\/noticias\/paz-total-colombia-tropieza-gaitanistas\/","url_meta":{"origin":187429,"position":5},"title":"La Paz Total en Colombia tropieza con la violencia de los Gaitanistas","author":"Javier Lizcano Villalba","date":"24 de marzo de 2023","format":false,"excerpt":"Los recientes ataques por parte de segmentos de las AGC a las fuerzas de seguridad colombianas generan dudas sobre las posturas dentro de la organizaci\u00f3n y la capacidad de sus l\u00edderes para controlar y desmovilizar el grupo.","rel":"","context":"En \u00abNoticias\u00bb","block_context":{"text":"Noticias","link":"https:\/\/insightcrime.org\/es\/category\/noticias\/"},"img":{"alt_text":"Gustavo Petro camina con su esquema de seguridad mientras asiste a una reuni\u00f3n de seguridad","src":"https:\/\/i0.wp.com\/insightcrime.org\/wp-content\/uploads\/2023\/03\/Petro-AGC.jpg?fit=350%2C250&quality=100&ssl=1&resize=350%2C200","width":350,"height":200},"classes":[]}],"jetpack_featured_media_url":"https:\/\/i0.wp.com\/insightcrime.org\/wp-content\/uploads\/2022\/06\/Impact-13-mayo.jpg?fit=600%2C345&quality=100&ssl=1","_links":{"self":[{"href":"https:\/\/insightcrime.org\/es\/wp-json\/wp\/v2\/posts\/187429","targetHints":{"allow":["GET"]}}],"collection":[{"href":"https:\/\/insightcrime.org\/es\/wp-json\/wp\/v2\/posts"}],"about":[{"href":"https:\/\/insightcrime.org\/es\/wp-json\/wp\/v2\/types\/post"}],"author":[{"embeddable":true,"href":"https:\/\/insightcrime.org\/es\/wp-json\/wp\/v2\/users\/188"}],"replies":[{"embeddable":true,"href":"https:\/\/insightcrime.org\/es\/wp-json\/wp\/v2\/comments?post=187429"}],"version-history":[{"count":4,"href":"https:\/\/insightcrime.org\/es\/wp-json\/wp\/v2\/posts\/187429\/revisions"}],"predecessor-version":[{"id":211883,"href":"https:\/\/insightcrime.org\/es\/wp-json\/wp\/v2\/posts\/187429\/revisions\/211883"}],"wp:featuredmedia":[{"embeddable":true,"href":"https:\/\/insightcrime.org\/es\/wp-json\/wp\/v2\/media\/187427"}],"wp:attachment":[{"href":"https:\/\/insightcrime.org\/es\/wp-json\/wp\/v2\/media?parent=187429"}],"wp:term":[{"taxonomy":"category","embeddable":true,"href":"https:\/\/insightcrime.org\/es\/wp-json\/wp\/v2\/categories?post=187429"},{"taxonomy":"post_tag","embeddable":true,"href":"https:\/\/insightcrime.org\/es\/wp-json\/wp\/v2\/tags?post=187429"},{"taxonomy":"newspack_spnsrs_tax","embeddable":true,"href":"https:\/\/insightcrime.org\/es\/wp-json\/wp\/v2\/newspack_spnsrs_tax?post=187429"},{"taxonomy":"author","embeddable":true,"href":"https:\/\/insightcrime.org\/es\/wp-json\/wp\/v2\/coauthors?post=187429"}],"curies":[{"name":"wp","href":"https:\/\/api.w.org\/{rel}","templated":true}]}}