{"id":189781,"date":"2022-06-24T11:07:00","date_gmt":"2022-06-24T16:07:00","guid":{"rendered":"https:\/\/insightcrime.org\/?p=189781"},"modified":"2022-06-29T16:09:47","modified_gmt":"2022-06-29T21:09:47","slug":"quienes-son-memo-fantasma-y-sergio-roberto-de-carvalho","status":"publish","type":"post","link":"https:\/\/insightcrime.org\/es\/la-organizacion\/quienes-son-memo-fantasma-y-sergio-roberto-de-carvalho\/","title":{"rendered":"\u00bfQui\u00e9nes son Memo Fantasma y S\u00e9rgio Roberto de Carvalho?"},"content":{"rendered":"\n<p class=\"wp-block-paragraph\"><em><strong>Una mirada a la trayectoria criminal de Memo Fantasma<\/strong><\/em><\/p>\n\n\n\n<p class=\"wp-block-paragraph\">En marzo de 2020, InSight Crime&nbsp;<a href=\"https:\/\/es.insightcrime.org\/investigaciones\/el-narcotraficante-invisible-tras-las-huellas-de-memo-fantasma\/\" target=\"_blank\" rel=\"noreferrer noopener\">revel\u00f3<\/a>&nbsp;la identidad y el paradero de Memo Fantasma, comandante paramilitar y narcotraficante que llevaba una vida de lujos en Madrid. Este ha sido nuestro reportaje m\u00e1s le\u00eddo hasta el momento.<\/p>\n\n\n\n<p class=\"wp-block-paragraph\">Despu\u00e9s de m\u00e1s de dos a\u00f1os de investigaci\u00f3n con acceso a m\u00e1s de una docena de c\u00f3mplices de Memo Fantasma en el hampa, InSight Crime se dispone a publicar una nueva serie sobre el ahora preso Guillermo Acevedo, o Memo Fantasma, donde cuenta en detalle toda su historia criminal.<\/p>\n\n\n\n<p class=\"wp-block-paragraph\">Puede ver\u00a0<a href=\"https:\/\/es.insightcrime.org\/investigaciones\/el-narcotraficante-invisible-tras-las-huellas-de-memo-fantasma\/\" target=\"_blank\" rel=\"noreferrer noopener\">aqu\u00ed<\/a>\u00a0nuestra investigaci\u00f3n original\u00a0 y nuestra\u00a0<a href=\"https:\/\/www.youtube.com\/watch?v=jz5-OrFIlb0\" target=\"_blank\" rel=\"noreferrer noopener\">presentaci\u00f3n en video<\/a> sobre su carrera criminal.<\/p>\n\n\n\n<p class=\"wp-block-paragraph\"><em><strong>El Pablo Escobar brasile\u00f1o<\/strong><\/em><\/p>\n\n\n\n<p class=\"wp-block-paragraph\">InSight Crime fue el primer medio en ingl\u00e9s que&nbsp;<a href=\"https:\/\/es.insightcrime.org\/noticias\/actas-defuncion-falsas-fajos-billetes-caida-pablo-escobar-brasil\/\" target=\"_blank\" rel=\"noreferrer noopener\">inform\u00f3<\/a>&nbsp;sobre la captura del traficante brasile\u00f1o, S\u00e9rgio Roberto de Carvalho, a comienzos de esta semana en Hungr\u00eda. A lo largo de muchos a\u00f1os, Carvalho logr\u00f3 evadir a las autoridades con un estilo que no tiene nada que envidiar a los villanos del cine, con el despacho de drogas desde Brasil hacia tres continentes, el uso de m\u00faltiples identidades falsas, dinero oculto en media docena de pa\u00edses e incluso la simulaci\u00f3n de su muerte.<\/p>\n\n\n\n<p class=\"wp-block-paragraph\">Nuestro art\u00edculo sobre su captura ha recibido mucha atenci\u00f3n en el Este de Europa, donde medios\u00a0<a href=\"https:\/\/hvg.hu\/itthon\/20220622_sergio_roberto_de_carvalho_budapest_portre\" target=\"_blank\" rel=\"noreferrer noopener\">h\u00fangaros<\/a>,\u00a0<a href=\"https:\/\/www.dcnews.ro\/certificate-de-deces-false-si-furgonete-pline-de-numerar-pablo-escobar-din-brazilia-a-fost-arestat-in-ungaria_876084.html\" target=\"_blank\" rel=\"noreferrer noopener\">rumanos<\/a>\u00a0y\u00a0<a href=\"https:\/\/wiadomosci.wp.pl\/brazylijski-pablo-escobar-zatrzymany-na-wegrzech-6782487828347808a\" target=\"_blank\" rel=\"noreferrer noopener\">polacos<\/a>\u00a0han citado nuestro an\u00e1lisis.<\/p>\n\n\n\n<blockquote class=\"wp-block-quote is-layout-flow wp-block-quote-is-layout-flow\"><p><strong><mark style=\"background-color:rgba(0, 0, 0, 0)\" class=\"has-inline-color has-vivid-red-color\">LEA:<\/mark><\/strong> <a href=\"https:\/\/es.insightcrime.org\/noticias\/actas-defuncion-falsas-fajos-billetes-caida-pablo-escobar-brasil\/\" target=\"_blank\" rel=\"noreferrer noopener\">Nuestra cobertura sobre la vida de este notorio narcotraficante<\/a><\/p><\/blockquote>\n\n\n\n<p class=\"wp-block-paragraph\"><\/p>\n","protected":false},"excerpt":{"rendered":"<p>Una mirada a la trayectoria criminal de Memo Fantasma En marzo de 2020, InSight Crime&nbsp;revel\u00f3&nbsp;la identidad y el paradero de Memo Fantasma, comandante paramilitar y narcotraficante que llevaba una vida [&hellip;]<\/p>\n","protected":false},"author":188,"featured_media":189779,"comment_status":"closed","ping_status":"closed","sticky":false,"template":"template-single-featured.php","format":"standard","meta":{"newspack_ads_suppress_ads":false,"newspack_popups_has_disabled_popups":false,"newspack_sponsor_sponsorship_scope":"","newspack_sponsor_native_byline_display":"inherit","newspack_sponsor_native_category_display":"inherit","newspack_sponsor_underwriter_style":"inherit","newspack_sponsor_underwriter_placement":"inherit","_EventAllDay":false,"_EventTimezone":"","_EventStartDate":"","_EventEndDate":"","_EventStartDateUTC":"","_EventEndDateUTC":"","_EventShowMap":false,"_EventShowMapLink":false,"_EventURL":"","_EventCost":"","_EventCostDescription":"","_EventCurrencySymbol":"","_EventCurrencyCode":"","_EventCurrencyPosition":"","_EventDateTimeSeparator":"","_EventTimeRangeSeparator":"","_EventOrganizerID":[],"_EventVenueID":[],"_OrganizerEmail":"","_OrganizerPhone":"","_OrganizerWebsite":"","_VenueAddress":"","_VenueCity":"","_VenueCountry":"","_VenueProvince":"","_VenueState":"","_VenueZip":"","_VenuePhone":"","_VenueURL":"","_VenueStateProvince":"","_VenueLat":"","_VenueLng":"","_VenueShowMap":false,"_VenueShowMapLink":false,"_newspack_byline_active":false,"_newspack_byline":"","newspack_hide_updated_date":false,"newspack_show_updated_date":false,"newspack_featured_image_position":"","newspack_post_subtitle":"","newspack_article_summary_title":"Overview:","newspack_article_summary":"","_jetpack_memberships_contains_paid_content":false,"footnotes":""},"categories":[337],"tags":[],"newspack_spnsrs_tax":[],"coauthors":[4351],"class_list":["post-189781","post","type-post","status-publish","format-standard","has-post-thumbnail","hentry","category-la-organizacion","entry"],"parsely":{"version":"1.1.0","canonical_url":"https:\/\/insightcrime.org\/es\/la-organizacion\/quienes-son-memo-fantasma-y-sergio-roberto-de-carvalho\/","smart_links":{"inbound":0,"outbound":0},"traffic_boost_suggestions_count":0,"meta":{"@context":"https:\/\/schema.org","@type":"NewsArticle","headline":"\u00bfQui\u00e9nes son Memo Fantasma y S\u00e9rgio Roberto de Carvalho?","url":"http:\/\/insightcrime.org\/es\/la-organizacion\/quienes-son-memo-fantasma-y-sergio-roberto-de-carvalho\/","mainEntityOfPage":{"@type":"WebPage","@id":"http:\/\/insightcrime.org\/es\/la-organizacion\/quienes-son-memo-fantasma-y-sergio-roberto-de-carvalho\/"},"thumbnailUrl":"https:\/\/i0.wp.com\/insightcrime.org\/wp-content\/uploads\/2022\/06\/Impact-24-de-junio.jpg?resize=150%2C150&quality=100&ssl=1","image":{"@type":"ImageObject","url":"https:\/\/i0.wp.com\/insightcrime.org\/wp-content\/uploads\/2022\/06\/Impact-24-de-junio.jpg?fit=1366%2C768&quality=100&ssl=1"},"articleSection":"La Organizaci\u00f3n","author":[{"@type":"Person","name":"InSight Crime"}],"creator":["InSight Crime"],"publisher":{"@type":"Organization","name":"InSight Crime","logo":"https:\/\/insightcrime.org\/wp-content\/uploads\/2023\/08\/logo.png"},"keywords":[],"dateCreated":"2022-06-24T16:07:00Z","datePublished":"2022-06-24T16:07:00Z","dateModified":"2022-06-29T21:09:47Z"},"rendered":"<meta name=\"parsely-title\" content=\"\u00bfQui\u00e9nes son Memo Fantasma y S\u00e9rgio Roberto de Carvalho?\" \/>\n<meta name=\"parsely-link\" content=\"http:\/\/insightcrime.org\/es\/la-organizacion\/quienes-son-memo-fantasma-y-sergio-roberto-de-carvalho\/\" \/>\n<meta name=\"parsely-type\" content=\"post\" \/>\n<meta name=\"parsely-image-url\" content=\"https:\/\/i0.wp.com\/insightcrime.org\/wp-content\/uploads\/2022\/06\/Impact-24-de-junio.jpg?resize=150%2C150&amp;quality=100&amp;ssl=1\" \/>\n<meta name=\"parsely-pub-date\" content=\"2022-06-24T16:07:00Z\" \/>\n<meta name=\"parsely-section\" content=\"La Organizaci\u00f3n\" \/>\n<meta name=\"parsely-author\" content=\"InSight Crime\" \/>","tracker_url":"https:\/\/cdn.parsely.com\/keys\/insightcrime.org\/p.js"},"jetpack_sharing_enabled":true,"jetpack-related-posts":[{"id":190870,"url":"https:\/\/insightcrime.org\/es\/la-organizacion\/cubrimiento-sobre-memo-fantasma-atrae-atencion-mundial\/","url_meta":{"origin":189781,"position":0},"title":"Cubrimiento sobre Memo Fantasma atrae atenci\u00f3n mundial","author":"InSight Crime","date":"1 de julio de 2022","format":false,"excerpt":"Guillermo Acevedo, el excomandante paramilitar y narcotraficante colombiano, m\u00e1s conocido como Memo Fantasma, pronto podr\u00eda tener su carta de libertad en las manos. Desde que se revel\u00f3 por primera vez la identidad de Memo Fantasma en 2020, InSight Crime ha seguido liderando el cubrimiento sobre sus negocios criminales.La semana pasada,\u2026","rel":"","context":"En \u00abLa Organizaci\u00f3n\u00bb","block_context":{"text":"La Organizaci\u00f3n","link":"https:\/\/insightcrime.org\/es\/category\/la-organizacion\/"},"img":{"alt_text":"","src":"https:\/\/i0.wp.com\/insightcrime.org\/wp-content\/uploads\/2022\/07\/Impacto-Julio-1.jpg?fit=1200%2C675&quality=100&ssl=1&resize=350%2C200","width":350,"height":200,"srcset":"https:\/\/i0.wp.com\/insightcrime.org\/wp-content\/uploads\/2022\/07\/Impacto-Julio-1.jpg?fit=1200%2C675&quality=100&ssl=1&resize=350%2C200 1x, https:\/\/i0.wp.com\/insightcrime.org\/wp-content\/uploads\/2022\/07\/Impacto-Julio-1.jpg?fit=1200%2C675&quality=100&ssl=1&resize=525%2C300 1.5x, https:\/\/i0.wp.com\/insightcrime.org\/wp-content\/uploads\/2022\/07\/Impacto-Julio-1.jpg?fit=1200%2C675&quality=100&ssl=1&resize=700%2C400 2x, https:\/\/i0.wp.com\/insightcrime.org\/wp-content\/uploads\/2022\/07\/Impacto-Julio-1.jpg?fit=1200%2C675&quality=100&ssl=1&resize=1050%2C600 3x"},"classes":[]},{"id":167545,"url":"https:\/\/insightcrime.org\/es\/noticias\/propiedades-memo-fantasma-colombia-destinaran-reparacion-victimas\/","url_meta":{"origin":189781,"position":1},"title":"Propiedades de Memo Fantasma en Colombia se destinar\u00e1n a reparaci\u00f3n de v\u00edctimas","author":"Chris Dalby","date":"15 de septiembre de 2021","format":false,"excerpt":"Docenas de propiedades y otros bienes expropiados a Memo Fantasma, uno de los mayores narcos de Colombia, se usar\u00e1n para apoyar a quienes han sufrido por la violencia en el pa\u00eds.","rel":"","context":"En \u00abNoticias\u00bb","block_context":{"text":"Noticias","link":"https:\/\/insightcrime.org\/es\/category\/noticias\/"},"img":{"alt_text":"Torre 85 in Bogot\u00e1 where properties belonging to Memo Fantasma were seized","src":"https:\/\/i0.wp.com\/insightcrime.org\/wp-content\/uploads\/2021\/09\/torre-85.jpg?fit=350%2C250&quality=100&ssl=1&resize=350%2C200","width":350,"height":200},"classes":[]},{"id":150705,"url":"https:\/\/insightcrime.org\/es\/la-organizacion\/capturas-presupuesto-para-policia-investigaciones-insight-crime\/","url_meta":{"origin":189781,"position":2},"title":"Capturas y m\u00e1s presupuesto  para la polic\u00eda como resultado de las investigaciones de InSight Crime","author":"InSight Crime","date":"8 de julio de 2021","format":false,"excerpt":"Con la captura de Memo Fantasma, InSight Crime demuestra que nuestras investigaciones pueden revelar amenazas criminales importantes para las Am\u00e9ricas.","rel":"","context":"En \u00abLa Organizaci\u00f3n\u00bb","block_context":{"text":"La Organizaci\u00f3n","link":"https:\/\/insightcrime.org\/es\/category\/la-organizacion\/"},"img":{"alt_text":"Memo Fantasma arrestado","src":"https:\/\/i0.wp.com\/insightcrime.org\/wp-content\/uploads\/2021\/07\/Imagenes-About-Us-6.png?fit=700%2C500&quality=100&ssl=1&resize=350%2C200","width":350,"height":200,"srcset":"https:\/\/i0.wp.com\/insightcrime.org\/wp-content\/uploads\/2021\/07\/Imagenes-About-Us-6.png?fit=700%2C500&quality=100&ssl=1&resize=350%2C200 1x, https:\/\/i0.wp.com\/insightcrime.org\/wp-content\/uploads\/2021\/07\/Imagenes-About-Us-6.png?fit=700%2C500&quality=100&ssl=1&resize=525%2C300 1.5x, https:\/\/i0.wp.com\/insightcrime.org\/wp-content\/uploads\/2021\/07\/Imagenes-About-Us-6.png?fit=700%2C500&quality=100&ssl=1&resize=700%2C400 2x"},"classes":[]},{"id":173503,"url":"https:\/\/insightcrime.org\/es\/noticias\/fiscales-archivan-caso-difamacion-memo-fantasma-contra-director-insight-crime\/","url_meta":{"origin":189781,"position":3},"title":"Fiscales archivan caso de difamaci\u00f3n de Memo Fantasma contra director de InSight Crime","author":"InSight Crime","date":"14 de diciembre de 2021","format":false,"excerpt":"Un caso criminal por difamaci\u00f3n presentado por alias \u201cMemo Fantasma\u201d, contra el codirector de InSight Crime, Jeremy McDermott, ha sido archivado por fiscales de Colombia","rel":"","context":"En \u00abNoticias\u00bb","block_context":{"text":"Noticias","link":"https:\/\/insightcrime.org\/es\/category\/noticias\/"},"img":{"alt_text":"Jeremy McDermott , codirector InSight Crime","src":"https:\/\/i0.wp.com\/insightcrime.org\/wp-content\/uploads\/2021\/04\/Jeremy-McDermott-Memo-Fantasma-Hearing.jpg?fit=350%2C250&quality=100&ssl=1&resize=350%2C200","width":350,"height":200},"classes":[]},{"id":186575,"url":"https:\/\/insightcrime.org\/es\/noticias\/esposa-memo-fantasma-enfrentaria-cargos-lavado-activos\/","url_meta":{"origin":189781,"position":4},"title":"Esposa de Memo Fantasma enfrentar\u00eda posibles cargos por lavado de activos","author":"Juan Diego Posada","date":"26 de mayo de 2022","format":false,"excerpt":"Los fiscales en Colombia adelantaron una audiencia con la compa\u00f1era sentimental del presunto narcotraficante Guillermo Le\u00f3n Acevedo, alias \"Memo Fantasma\", que podr\u00eda enfrentar cargos de lavado de activos, convirti\u00e9ndola en la tercera familiar de su c\u00edrculo que ser\u00e1 investigada por la Fiscal\u00eda General.","rel":"","context":"En \u00abNoticias\u00bb","block_context":{"text":"Noticias","link":"https:\/\/insightcrime.org\/es\/category\/noticias\/"},"img":{"alt_text":"Catalina Mej\u00eda, compa\u00f1era sentimental de Memo Fantasma","src":"https:\/\/i0.wp.com\/insightcrime.org\/wp-content\/uploads\/2022\/05\/Catalina-Mejia-Memo-Fantasma.jpg?fit=350%2C250&quality=100&ssl=1&resize=350%2C200","width":350,"height":200},"classes":[]},{"id":141506,"url":"https:\/\/insightcrime.org\/es\/noticias\/memo-fantasma-inicia-proceso-penal-contra-director-insight-crime\/","url_meta":{"origin":189781,"position":5},"title":"&#8216;Memo Fantasma&#8217; inicia proceso criminal contra director de InSight Crime","author":"Parker Asmann","date":"20 de abril de 2021","format":false,"excerpt":"Un evasivo narcotraficante ha iniciado un caso criminal de difamaci\u00f3n contra Jeremy McDermott, codirector de InSight Crime, a pesar de que las conclusiones de una investigaci\u00f3n de dos a\u00f1os de duraci\u00f3n han sido confirmadas de manera oficial.","rel":"","context":"En \u00abNoticias\u00bb","block_context":{"text":"Noticias","link":"https:\/\/insightcrime.org\/es\/category\/noticias\/"},"img":{"alt_text":"Jeremy McDermott , codirector InSight Crime","src":"https:\/\/i0.wp.com\/insightcrime.org\/wp-content\/uploads\/2021\/04\/Jeremy-McDermott-Memo-Fantasma-Hearing.jpg?fit=350%2C250&quality=100&ssl=1&resize=350%2C200","width":350,"height":200},"classes":[]}],"jetpack_featured_media_url":"https:\/\/i0.wp.com\/insightcrime.org\/wp-content\/uploads\/2022\/06\/Impact-24-de-junio.jpg?fit=1366%2C768&quality=100&ssl=1","_links":{"self":[{"href":"https:\/\/insightcrime.org\/es\/wp-json\/wp\/v2\/posts\/189781","targetHints":{"allow":["GET"]}}],"collection":[{"href":"https:\/\/insightcrime.org\/es\/wp-json\/wp\/v2\/posts"}],"about":[{"href":"https:\/\/insightcrime.org\/es\/wp-json\/wp\/v2\/types\/post"}],"author":[{"embeddable":true,"href":"https:\/\/insightcrime.org\/es\/wp-json\/wp\/v2\/users\/188"}],"replies":[{"embeddable":true,"href":"https:\/\/insightcrime.org\/es\/wp-json\/wp\/v2\/comments?post=189781"}],"version-history":[{"count":2,"href":"https:\/\/insightcrime.org\/es\/wp-json\/wp\/v2\/posts\/189781\/revisions"}],"predecessor-version":[{"id":189784,"href":"https:\/\/insightcrime.org\/es\/wp-json\/wp\/v2\/posts\/189781\/revisions\/189784"}],"wp:featuredmedia":[{"embeddable":true,"href":"https:\/\/insightcrime.org\/es\/wp-json\/wp\/v2\/media\/189779"}],"wp:attachment":[{"href":"https:\/\/insightcrime.org\/es\/wp-json\/wp\/v2\/media?parent=189781"}],"wp:term":[{"taxonomy":"category","embeddable":true,"href":"https:\/\/insightcrime.org\/es\/wp-json\/wp\/v2\/categories?post=189781"},{"taxonomy":"post_tag","embeddable":true,"href":"https:\/\/insightcrime.org\/es\/wp-json\/wp\/v2\/tags?post=189781"},{"taxonomy":"newspack_spnsrs_tax","embeddable":true,"href":"https:\/\/insightcrime.org\/es\/wp-json\/wp\/v2\/newspack_spnsrs_tax?post=189781"},{"taxonomy":"author","embeddable":true,"href":"https:\/\/insightcrime.org\/es\/wp-json\/wp\/v2\/coauthors?post=189781"}],"curies":[{"name":"wp","href":"https:\/\/api.w.org\/{rel}","templated":true}]}}