{"id":190417,"date":"2022-07-06T09:49:33","date_gmt":"2022-07-06T14:49:33","guid":{"rendered":"https:\/\/insightcrime.org\/?p=190417"},"modified":"2022-07-06T12:59:09","modified_gmt":"2022-07-06T17:59:09","slug":"tusi-coctel-sicodelico-rosa-engano-latinoamerica","status":"publish","type":"post","link":"https:\/\/insightcrime.org\/es\/noticias\/tusi-coctel-sicodelico-rosa-engano-latinoamerica\/","title":{"rendered":"Tusi: el sicod\u00e9lico c\u00f3ctel rosa que enga\u00f1\u00f3 a Latinoam\u00e9rica"},"content":{"rendered":"\n<p class=\"wp-block-paragraph\">Una serie de decomisos a lo largo de Latinoam\u00e9rica revela c\u00f3mo el \u201ctusi\u201d, un c\u00f3ctel de drogas sint\u00e9ticas en forma de polvo rosa, se est\u00e1 expandiendo a nuevos pa\u00edses y aumentando su participaci\u00f3n en el boyante mercado regional de drogas sint\u00e9ticas.<\/p>\n\n\n\n<p class=\"wp-block-paragraph\">En junio, el consumo de tusi estaba, <a href=\"https:\/\/www.laprensalara.com.ve\/nota\/47897\/2022\/06\/tussi-la-cocaina-rosa-que-gana-terreno-en-el-este-de-barquisimeto\" target=\"_blank\" rel=\"noreferrer noopener\">seg\u00fan informes<\/a>, en su apogeo en los clubes nocturnos de Barquisimeto, ciudad al oeste de Venezuela, a la par que se descubr\u00edan laboratorios de refinaci\u00f3n en <a href=\"https:\/\/panamericana.pe\/buenosdiasperu\/locales\/351852-pnp-captura-peligrosa-banda-elaboraba-droga-tusi\" target=\"_blank\" rel=\"noreferrer noopener\">Per\u00fa<\/a> y <a href=\"https:\/\/www.tvn-2.com\/nacionales\/Desmantelan-laboratorio-fabricacion-San-Antonio-video_0_6138886071.html\" target=\"_blank\" rel=\"noreferrer noopener\">Panam\u00e1<\/a>. El <a href=\"https:\/\/www.swissinfo.ch\/spa\/uruguay-narcotr%C3%A1fico_acad%C3%A9micos-y-autoridades-alertan-sobre-circulaci%C3%B3n-de-droga--tusi--en-uruguay\/47497582\" target=\"_blank\" rel=\"noreferrer noopener\">gobierno<\/a> de Uruguay y la <a href=\"https:\/\/qcostarica.com\/pink-cocaine-the-drug-that-is-gaining-strength-in-costa-rica\/\" target=\"_blank\" rel=\"noreferrer noopener\">prensa<\/a> en Costa Rica se descargaban contra la popularizaci\u00f3n de la droga al tiempo que la polic\u00eda en <a href=\"https:\/\/twitter.com\/senad_paraguay\/status\/1532663141045358597?ref_src=twsrc%5Etfw%7Ctwcamp%5Etweetembed%7Ctwterm%5E1532663141045358597%7Ctwgr%5E%7Ctwcon%5Es1_&amp;ref_url=https%3A%2F%2Fwww.ultimahora.com%2Fallanamientos-cortar-una-red-venta-drogas-sinteticas-n3004877.html\" target=\"_blank\" rel=\"noreferrer noopener\">Paraguay<\/a> hac\u00eda una de sus primeras interdicciones en territorio nacional.<\/p>\n\n\n\n<p class=\"wp-block-paragraph\">Sin embargo, para ser una sustancia tan difundida no hab\u00eda mucho consenso sobre sus componentes reales. En Panam\u00e1, un <a href=\"https:\/\/domiplay.com.pa\/video\/la-tusi-o-cocaina-rosa-01-06-22-telemetro-f7du7c\" target=\"_blank\" rel=\"noreferrer noopener\">vocero<\/a> de la polic\u00eda se\u00f1al\u00f3 que el tusi era ketamina cortada con el opioide farmac\u00e9utico tramadol. En Venezuela, los <a href=\"https:\/\/www.laprensalara.com.ve\/nota\/47897\/2022\/06\/tussi-la-cocaina-rosa-que-gana-terreno-en-el-este-de-barquisimeto\" target=\"_blank\" rel=\"noreferrer noopener\">medios<\/a> afirmaban que era LSD con un toque de MDMA. En Uruguay, el <a href=\"https:\/\/www.swissinfo.ch\/spa\/uruguay-narcotr%C3%A1fico_acad%C3%A9micos-y-autoridades-alertan-sobre-circulaci%C3%B3n-de-droga--tusi--en-uruguay\/47497582\" target=\"_blank\" rel=\"noreferrer noopener\">ministro del interior<\/a> aventur\u00f3 que era una mezcla de coca\u00edna, metanfetaminas y LSD.<\/p>\n\n\n\n<blockquote class=\"wp-block-quote is-layout-flow wp-block-quote-is-layout-flow\"><p><mark style=\"background-color:rgba(0, 0, 0, 0)\" class=\"has-inline-color has-vivid-red-color\"><strong>VEA TAMBI\u00c9N:<\/strong> <\/mark><a href=\"https:\/\/es.insightcrime.org\/noticias\/trafico-drogas-sinteticas-cobra-auge-latinoamerica-informe-onudd\/\" target=\"_blank\" rel=\"noreferrer noopener\">Tr\u00e1fico de drogas sint\u00e9ticas gana fuerza en Latinoam\u00e9rica: ONUDD<\/a><\/p><\/blockquote>\n\n\n\n<p class=\"wp-block-paragraph\">En cierta forma, todos estaban equivocados. El tusi, tambi\u00e9n conocido como \u201ctusib\u00ed\u201d o \u201ccoca\u00edna rosa\u201d, no es una sola sustancia; ni siquiera es un c\u00f3ctel de drogas: el tusi es una marca de droga, como se\u00f1al\u00f3 un experto entrevistado por InSight Crime. Es la \u201cCoca Cola\u201d de las drogas, un producto de comercializaci\u00f3n masiva reconocible al instante.<\/p>\n\n\n\n<p class=\"wp-block-paragraph\">En los p\u00e1rrafos que siguen, InSight Crime rastrea las cuatro principales etapas de la locura del tusi en Latinoam\u00e9rica.<\/p>\n\n\n\n<h2 class=\"wp-block-heading\">Medell\u00edn, Colombia: cuna del tusi<\/h2>\n\n\n\n<p class=\"wp-block-paragraph\">Todo comenz\u00f3 como una traducci\u00f3n fon\u00e9tica. El 2C-B fue sintetizado inicialmente por un qu\u00edmico estadounidense en los setenta, como parte de un grupo m\u00e1s amplio de fenetilaminas alucin\u00f3genas conocida como la <a href=\"https:\/\/www.theverge.com\/2015\/7\/15\/8962743\/all-smiles-the-history-of-the-2c-designer-drug-class\" target=\"_blank\" rel=\"noreferrer noopener\">familia 2C<\/a>, que incluye 2C-C y 2C-D.<\/p>\n\n\n\n<p class=\"wp-block-paragraph\">Estas drogas de dise\u00f1o induc\u00edan tanto la euforia de las MDMA como las distorsiones visuales del LSD. La mayor\u00eda de estas fueron prohibidas en los noventa y por esa raz\u00f3n cayeron en la <a href=\"https:\/\/www.theverge.com\/2015\/7\/15\/8962743\/all-smiles-the-history-of-the-2c-designer-drug-class\" target=\"_blank\" rel=\"noreferrer noopener\">oscuridad<\/a>, pero el 2C-B sobrevivi\u00f3 y se hizo un nicho en las discos europeas.<\/p>\n\n\n\n<p class=\"wp-block-paragraph\">A finales de los 2000, <a href=\"https:\/\/www.elcolombiano.com\/antioquia\/seguridad\/la-decadencia-del-tusi-de-droga-de-moda-a-menjurje-de-esquina-NH16440793\" target=\"_blank\" rel=\"noreferrer noopener\">lleg\u00f3<\/a> a los clubes nocturnos en Colombia, por cortes\u00eda de j\u00f3venes de buena familia de Medell\u00edn, quienes introdujeron peque\u00f1as cantidades desde Europa por correo, seg\u00fan un <a href=\"https:\/\/www.elcolombiano.com\/antioquia\/seguridad\/la-decadencia-del-tusi-de-droga-de-moda-a-menjurje-de-esquina-NH16440793\" target=\"_blank\" rel=\"noreferrer noopener\">art\u00edculo<\/a> del peri\u00f3dico El Colombiano. Lo vendieron en sus c\u00edrculos sociales de clase alta, <a href=\"http:\/\/www.echelecabeza.com\/sino-es-2cb-tuci-entonces-que-es\/\" target=\"_blank\" rel=\"noreferrer noopener\">en su mayor\u00eda<\/a> en forma de polvo blancuzco o como la peque\u00f1a p\u00edldora en la que se sigue presentando el 2C-B <a href=\"https:\/\/www.talktofrank.com\/drug\/2c#how-it-looks-tastes-and-smells\" target=\"_blank\" rel=\"noreferrer noopener\">hoy en d\u00eda<\/a>.<\/p>\n\n\n\n<p class=\"wp-block-paragraph\">Pronto comenz\u00f3 a llamar la atenci\u00f3n como \u201cdroga de \u00e9lites\u201d, un importado sint\u00e9tico europeo mucho m\u00e1s costoso que la coca\u00edna que se produc\u00eda a nivel local, cuyo <a href=\"https:\/\/www.unodc.org\/unodc\/en\/frontpage\/2010\/August\/colombia-new-anti-drugs-campaign-targets-the-public.html\" target=\"_blank\" rel=\"noreferrer noopener\">consumo<\/a> era creciente entre las clases medias y obreras en Colombia.<\/p>\n\n\n\n<p class=\"wp-block-paragraph\">Este viraje se aceler\u00f3 gracias a un ingenio de mercadeo. El polvo 2C-B puede parecer <a href=\"https:\/\/es.wikipedia.org\/wiki\/2C-B#\/media\/Archivo:4-bromo-2,5-dimethoxyphenethylamine.jpg\" target=\"_blank\" rel=\"noreferrer noopener\">desagradable<\/a> y es notable el <a href=\"https:\/\/www.bdp.org.uk\/get-information\/drugs-information\/2c-b\/\" target=\"_blank\" rel=\"noreferrer noopener\">dolor<\/a> que produce esnifarlo, por lo que alg\u00fan expendedor en esos primeros d\u00edas comenz\u00f3 a mezclar el polvo con un colorante rosa para alimentos de buen olor.<\/p>\n\n\n\n<p class=\"wp-block-paragraph\">Eso no solo hac\u00eda el consumo mucho m\u00e1s agradable, sino que el color rosa brillante creaba una nueva est\u00e9tica visual llamativa, seg\u00fan explica Juli\u00e1n Andr\u00e9s Quintero, soci\u00f3logo investigador de Acci\u00f3n Social T\u00e9cnica, oeneg\u00e9 colombiana que estudia la pol\u00edtica de drogas.<\/p>\n\n\n\n<p class=\"wp-block-paragraph\">\u201cEl colorante de alimentos [era importante]: es lo que le da su olor y color. [Se convirti\u00f3 en] una sustancia atractiva\u201d, le coment\u00f3 a InSight Crime.<\/p>\n\n\n\n<p class=\"wp-block-paragraph\">La apariencia rosa peg\u00f3 r\u00e1pidamente, produciendo un incremento de la demanda. Seg\u00fan Quintero, la polic\u00eda y los medios no hicieron m\u00e1s que facilitar este crecimiento cuando un agente de polic\u00eda declar\u00f3 a un periodista poco cr\u00edtico sobre un decomiso de \u201ccoca\u00edna rosa\u201d, lo que llev\u00f3 al nombre inapropiado pero sensacionalista, que le sum\u00f3 atractivo a la sustancia.<\/p>\n\n\n\n<blockquote class=\"wp-block-quote is-layout-flow wp-block-quote-is-layout-flow\"><p><mark style=\"background-color:rgba(0, 0, 0, 0)\" class=\"has-inline-color has-vivid-red-color\"><strong>VEA TAMBI\u00c9N:<\/strong> <\/mark><a href=\"https:\/\/es.insightcrime.org\/noticias\/noticias-del-dia\/en-colombia-crece-el-mercado-de-drogas-sinteticas-interno-y-externo\/\" target=\"_blank\" rel=\"noreferrer noopener\">En Colombia crece el mercado de drogas sint\u00e9ticas, interno y externo<\/a><\/p><\/blockquote>\n\n\n\n<p class=\"wp-block-paragraph\">Pero aunque la demanda era alta, la oferta segu\u00eda siendo muy baja: incluso en Europa, el 2C-B era una <a href=\"https:\/\/www.unodc.org\/documents\/scientific\/NPS_2013_SMART.pdf\" target=\"_blank\" rel=\"noreferrer noopener\">droga de nicho<\/a> y solo una m\u00ednima parte llegaba a Suram\u00e9rica.<\/p>\n\n\n\n<p class=\"wp-block-paragraph\">As\u00ed que los expendedores colombianos comenzaron a cortarla mucho, engrosando el polvo con cafe\u00edna y drogas sint\u00e9ticas como MDMA y ketamina, que aunque tambi\u00e9n se importaban de Europa, eran menos costosas y m\u00e1s f\u00e1ciles de conseguir.<\/p>\n\n\n\n<p class=\"wp-block-paragraph\">Las combinaciones qu\u00edmicas difer\u00edan, pero el formato era normalmente el mismo: un polvo rosa de olor agradable que conten\u00eda al menos un estimulante y un depresor. En todo el mundo, el t\u00e9rmino general para este es un \u201cspeedball\u201d o pelotazo.<\/p>\n\n\n\n<p class=\"wp-block-paragraph\">Pronto, el \u201ctusib\u00ed\u201d o \u201ctusi\u201d que animaba la vida nocturna en Medell\u00edn pas\u00f3 a contener poco o nada de 2C-B. Hasta el d\u00eda de hoy, no se ha recuperado la pureza y el 2C-B genuino es extremadamente raro en Latinoam\u00e9rica, seg\u00fan un <a href=\"https:\/\/www.unodc.org\/documents\/scientific\/21-02920_LAC_drug_assessment_Ebook.pdf\" target=\"_blank\" rel=\"noreferrer noopener\">informe<\/a> publicado en 2021 por la Oficina de las Naciones Unidas para la Droga y el Delito (ONUDD).<\/p>\n\n\n\n<h2 class=\"wp-block-heading\">Expansi\u00f3n en Colombia<\/h2>\n\n\n\n<p class=\"wp-block-paragraph\">En 2010, <a href=\"https:\/\/es.insightcrime.org\/noticias\/analisis\/2c-b-la-droga-de-eleccion-de-la-elite-colombiana\/\" target=\"_blank\" rel=\"noreferrer noopener\">lleg\u00f3<\/a> a Bogot\u00e1 un delincuente de poca monta, conocido con el alias de \u201cAlejo\u201d. Este fue uno de los primeros \u201crefinadores\u201d de tusi, los narcomenudistas que te\u00f1\u00edan 2C-B de rosa y lo combinaban con otros sint\u00e9ticos en cocinas artesanales de droga.<\/p>\n\n\n\n<p class=\"wp-block-paragraph\">Seg\u00fan un art\u00edculo publicado en 2012 por la <a href=\"https:\/\/www.semana.com\/nacion\/articulo\/la-droga-2cb-la-traba-de-elite\/267008\/\" target=\"_blank\" rel=\"noreferrer noopener\">revista Semana<\/a>, Alejo comenz\u00f3 a refinar y vender tusi en Medell\u00edn, pero tuvo problemas con la organizaci\u00f3n criminal hegem\u00f3nica en la ciudad, la <a href=\"https:\/\/es.insightcrime.org\/noticias-crimen-organizado-colombia\/oficina-de-envigado-perfil\/\" target=\"_blank\" rel=\"noreferrer noopener\">Oficina de Envigado<\/a>. Obligado a evadirse para salvar la vida, se traslad\u00f3 a Cali, pero all\u00ed tambi\u00e9n los hampones locales lo despacharon.<\/p>\n\n\n\n<p class=\"wp-block-paragraph\">Aprendi\u00f3 la lecci\u00f3n la tercera vez, al establecerse en Bogot\u00e1 con la <a href=\"https:\/\/www.semana.com\/nacion\/articulo\/la-droga-2cb-la-traba-de-elite\/267008\/\" target=\"_blank\" rel=\"noreferrer noopener\">protecci\u00f3n<\/a> de un capo, alias \u201cM\u00e1quina\u201d. Para entonces, la reputaci\u00f3n del tusi ya hab\u00eda <a href=\"https:\/\/es.insightcrime.org\/noticias\/analisis\/2c-b-la-droga-de-eleccion-de-la-elite-colombiana\/\" target=\"_blank\" rel=\"noreferrer noopener\">llegado<\/a> a la capital colombiana y Alejo no tard\u00f3 en estar vendiendo de cinco a ocho kilos por semana. Ajustado para clientes de altos ingresos, se <a href=\"https:\/\/es.insightcrime.org\/noticias\/analisis\/2c-b-la-droga-de-eleccion-de-la-elite-colombiana\/\" target=\"_blank\" rel=\"noreferrer noopener\">vend\u00eda al por mayor<\/a> hasta en US$43.000 el kilo, casi 33 veces m\u00e1s que los US$1.300 por un ladrillo de coca\u00edna equivalente.<\/p>\n\n\n\n<p class=\"wp-block-paragraph\">Para 2012, los <a href=\"https:\/\/www.semana.com\/nacion\/articulo\/la-droga-2cb-la-traba-de-elite\/267008\/\" target=\"_blank\" rel=\"noreferrer noopener nofollow\">medios<\/a> colombianos informaban que el tusi se hab\u00eda convertido en la droga que marcaba el estatus entre la \u00e9lite bogotana, lo que le daba una sana publicidad. La revista Semana, el semanario m\u00e1s grande de Colombia para ese entonces, <a href=\"https:\/\/www.semana.com\/nacion\/articulo\/la-droga-2cb-la-traba-de-elite\/267008\/\" target=\"_blank\" rel=\"noreferrer noopener nofollow\">afirm\u00f3<\/a> que era el favorito de \u201cmodelos, reinas de belleza, actores y pol\u00edticos\u201d.<\/p>\n\n\n\n<blockquote class=\"wp-block-quote is-layout-flow wp-block-quote-is-layout-flow\"><p><mark style=\"background-color:rgba(0, 0, 0, 0)\" class=\"has-inline-color has-vivid-red-color\"><strong>VEA TAMBI\u00c9N:<\/strong> <\/mark><a href=\"https:\/\/es.insightcrime.org\/noticias\/analisis\/2c-b-la-droga-de-eleccion-de-la-elite-colombiana\/\" target=\"_blank\" rel=\"noreferrer noopener\">&#8216;2C-B la Droga de Elecci\u00f3n de la \u00c9lite Colombiana&#8217;<\/a><\/p><\/blockquote>\n\n\n\n<p class=\"wp-block-paragraph\">\u201cSe convirti\u00f3 en un objeto de deseo, en una aspiraci\u00f3n\u201d, coment\u00f3 Juli\u00e1n Quintero. \u201cLa gente cre\u00eda que consumir esta sustancia los llevar\u00eda a pertenecer o parecer que pertenec\u00edan a c\u00edrculos de \u00e9lite\u201d.<\/p>\n\n\n\n<p class=\"wp-block-paragraph\">Para Alejo, el negocio iba sobre ruedas, hasta <a href=\"https:\/\/www.vanguardia.com\/colombia\/cayo-alias-maquina-exintegrante-de-una-bacrim-BGVL146502\" target=\"_blank\" rel=\"noreferrer noopener\">la captura<\/a> de M\u00e1quina en marzo de 2012, y, tras perder a su protector criminal, Alejo fue <a href=\"https:\/\/www.semana.com\/nacion\/articulo\/la-droga-2cb-la-traba-de-elite\/267008\/\" target=\"_blank\" rel=\"noreferrer noopener\">secuestrado<\/a> por la familia Urdinola, un conocido clan criminal de Cali. Se dice que lo obligaron a revelar su f\u00f3rmula y lo sacaron del negocio para siempre.<\/p>\n\n\n\n<p class=\"wp-block-paragraph\">Esto no le hizo ni cosquillas a la producci\u00f3n local de tusi. Por el contrario, era tal su crecimiento que en 2013, el director de la Polic\u00eda Nacional de Colombia respondi\u00f3 al decomiso de varios miles de presuntas c\u00e1psulas de 2C-B alegando que esa droga estaba <a href=\"https:\/\/es.insightcrime.org\/noticias\/noticias-del-dia\/rcn-la-radio-colombia-policia-advierte-que-drogas-sinteticas-estan-reemplazando-a-las-tradicionales\/\" target=\"_blank\" rel=\"noreferrer noopener\">reemplazando<\/a> a la coca\u00edna.<\/p>\n\n\n\n<p class=\"wp-block-paragraph\">Al a\u00f1o siguiente, las autoridades de la ciudad de Pereira <a href=\"https:\/\/es.insightcrime.org\/noticias\/noticias-del-dia\/colombia-arresta-al-zar-del-prospero-comercio-de-las-drogas-sinteticas\/\" target=\"_blank\" rel=\"noreferrer noopener\">detuvieron<\/a> a un importante miembro de la banda Los Machos, aliados de Los Urabe\u00f1os, hoy conocidos como Clan del Golfo o Autodefensas Gaitanistas. Tras arrebatarle el creciente negocio del tusi en el pa\u00eds a uno de los capos Urdinola <a href=\"https:\/\/es.insightcrime.org\/noticias\/noticias-del-dia\/el-pais-colombia-capturan-en-meta-a-hector-mario-urdinola-presunto-jefe-de-los-urabenos-en-el-valle\/\" target=\"_blank\" rel=\"noreferrer noopener\">capturado<\/a>, los investigadores <a href=\"https:\/\/es.insightcrime.org\/noticias\/noticias-del-dia\/colombia-arresta-al-zar-del-prospero-comercio-de-las-drogas-sinteticas\/\" target=\"_blank\" rel=\"noreferrer noopener\">pensaron<\/a> que esta c\u00e9lula se convirti\u00f3 en el mayor distribuidor de drogas sint\u00e9ticas en Colombia. El tusi refinado por Los Machos ahora se <a href=\"https:\/\/es.insightcrime.org\/noticias\/noticias-del-dia\/colombia-arresta-al-zar-del-prospero-comercio-de-las-drogas-sinteticas\/\" target=\"_blank\" rel=\"noreferrer noopener\">vend\u00eda<\/a> en Bogot\u00e1, Medell\u00edn y Cali, y tambi\u00e9n en Barranquilla y Cartagena.<\/p>\n\n\n\n<p class=\"wp-block-paragraph\">Pero la competencia violenta nunca estuvo lejos. En octubre de 2014, una <a href=\"https:\/\/es.insightcrime.org\/noticias\/noticias-del-dia\/lucha-control-comercio-drogas-sinteticas-masacre-colombia-policia\/\" target=\"_blank\" rel=\"noreferrer noopener\">pelea<\/a> por el control de las ventas de tusi en Cali llev\u00f3 a una purga interna dentro de Los Urabe\u00f1os en la que resultaron ocho muertos. Al parecer una facci\u00f3n intent\u00f3 separarse y montar una red independiente de tr\u00e1fico de tusi, y sacar a la otra facci\u00f3n.<\/p>\n\n\n\n<h2 class=\"wp-block-heading\">De Colombia para el mundo<\/h2>\n\n\n\n<p class=\"wp-block-paragraph\">Para 2015, el genio se hab\u00eda liberado de la botella. En abril de ese a\u00f1o, las autoridades colombianas y estadounidenses <a href=\"https:\/\/es.insightcrime.org\/noticias\/noticias-del-dia\/autoridades-colombia-desmantelan-red-transnacional-trafico-drogas-sinteticas\/\" target=\"_blank\" rel=\"noreferrer noopener\">detuvieron<\/a> a 18 miembros de un grupo traficante de drogas sint\u00e9ticas, llamado \u201cLos Pri\u201d, que usaba cargamentos a\u00e9reos para traficar tusi a cinco pa\u00edses: Estados Unidos, Panam\u00e1, Ecuador, Per\u00fa y Chile.<\/p>\n\n\n\n<blockquote class=\"wp-block-quote is-layout-flow wp-block-quote-is-layout-flow\"><p><mark style=\"background-color:rgba(0, 0, 0, 0)\" class=\"has-inline-color has-vivid-red-color\"><strong>VEA TAMBI\u00c9N:<\/strong> <\/mark><a href=\"https:\/\/es.insightcrime.org\/noticias\/noticias-del-dia\/cocaina-rosada-sintetica-pasa-de-argentina-uruguay\/\" target=\"_blank\" rel=\"noreferrer noopener\">&#8216;Coca\u00edna rosada&#8217; sint\u00e9tica pasa de Argentina a Uruguay<\/a><\/p><\/blockquote>\n\n\n\n<p class=\"wp-block-paragraph\">Al comienzo, el tusi fue una nueva droga de exportaci\u00f3n colombiana. Luego, los refinadores colombianos se convirtieron en el producto de exportaci\u00f3n, para ense\u00f1ar a los distribuidores de toda Latinoam\u00e9rica a crear sus mezclas, relat\u00f3 Quintero.<\/p>\n\n\n\n<p class=\"wp-block-paragraph\">Estos primeros innovadores capacitaron a otros, hasta que cayeron en cuenta de algo que lo cambi\u00f3 todo: que mientras fuera rosa y se presentara en polvo, cualquier combinaci\u00f3n aleatoria de drogas disponibles en el mercado local pod\u00eda convertirse en \u201ctusi\u201d. Despu\u00e9s de todo, lo que se vend\u00eda era tanto una idea como una experiencia, como se\u00f1al\u00f3 Juli\u00e1n Quintero en conversaci\u00f3n con InSight Crime.<\/p>\n\n\n\n<p class=\"wp-block-paragraph\">\u201cCuando comenz\u00f3 a revelarse que la sustancia no conten\u00eda en realidad 2C-B, muchos empezaron a prepararla, a &#8216;cocinarla&#8217; como dicen\u201d, coment\u00f3 el investigador.<\/p>\n\n\n\n<p class=\"wp-block-paragraph\">En 2016, Espa\u00f1a <a href=\"https:\/\/elpais.com\/ccaa\/2016\/06\/25\/madrid\/1466850733_081743.html\" target=\"_blank\" rel=\"noreferrer noopener\">detuvo<\/a> a nueve personas, entre ellas varios colombianos, por operar dos laboratorios de refinaci\u00f3n en el \u00e1rea metropolitana de Madrid. Parec\u00eda que la droga estaba compuesta de ketamina, coca\u00edna y metanfetaminas.<\/p>\n\n\n\n<p class=\"wp-block-paragraph\">Un <a href=\"http:\/\/www.echelecabeza.com\/sino-es-2cb-tuci-entonces-que-es\/\" target=\"_blank\" rel=\"noreferrer noopener\">comunicado<\/a> del proyecto colombiano de pruebas con drogas \u00c9chele Cabeza advirti\u00f3 que hasta ahora el tusi conten\u00eda en gran medida ketamina, MDMA y anfetaminas. Hacia 2017, sin embargo, comenz\u00f3 a aparecer en las recetas de tusi una lista de nuevas sustancias sicoactivas (NPS, por sus siglas en ingl\u00e9s) cada vez m\u00e1s peligrosas.<\/p>\n\n\n\n<p class=\"wp-block-paragraph\">Estos sint\u00e9ticos ahora aparecen con regularidad: catinonas, opioides, benzodiazepinas y varias sustancias m\u00e1s de alto riesgo, se\u00f1al\u00f3 Juli\u00e1n Quintero. En 2021, se <a href=\"https:\/\/es.insightcrime.org\/noticias\/fentanilo-2cb-peligroso-coctel-tecno-colombia\/\" target=\"_blank\" rel=\"noreferrer noopener\">desarticul\u00f3<\/a> una banda que a\u00f1ad\u00eda fentanilo al tusi que vend\u00edan.<\/p>\n\n\n\n<p class=\"wp-block-paragraph\">Seg\u00fan <a href=\"http:\/\/www.echelecabeza.com\/sino-es-2cb-tuci-entonces-que-es\/\" target=\"_blank\" rel=\"noreferrer noopener\">\u00c9chele Cabeza<\/a>, los expendedores convenc\u00edan a los consumidores de que todo eso era normal, que esta droga \u201c2C-B\u201d de la que cada vez se hablaba m\u00e1s en el ambiente musical del <a href=\"https:\/\/www.youtube.com\/watch?v=9-oJFhV80W0\" target=\"_blank\" rel=\"noreferrer noopener\">reggaeton<\/a> y la <a href=\"https:\/\/www.youtube.com\/watch?v=0pBpTXM2_2s\" target=\"_blank\" rel=\"noreferrer noopener\">guaracha<\/a> y en los medios masivos \u201cno era una sola mol\u00e9cula, sino una mezcla de diferentes sustancias\u201d.<\/p>\n\n\n\n<p class=\"wp-block-paragraph\">De hecho, lleg\u00f3 a aceptarse que los refinadores de tusi a\u00f1ad\u00edan un \u201ctoque personal\u201d a su producto, entre ellos diferentes opioides y la sicod\u00e9lica mezcalina, <a href=\"https:\/\/www.france24.com\/es\/minuto-a-minuto\/20220509-en-el-laboratorio-del-tusibi-la-coca%C3%ADna-rosada-de-colombia\" target=\"_blank\" rel=\"noreferrer noopener\">seg\u00fan inform\u00f3<\/a> France24 en mayo de 2022.<\/p>\n\n\n\n<blockquote class=\"wp-block-quote is-layout-flow wp-block-quote-is-layout-flow\"><p><mark style=\"background-color:rgba(0, 0, 0, 0)\" class=\"has-inline-color has-vivid-red-color\"><strong>VEA TAMBI\u00c9N:<\/strong> <\/mark><a href=\"https:\/\/es.insightcrime.org\/noticias\/fentanilo-2cb-peligroso-coctel-tecno-colombia\/\" target=\"_blank\" rel=\"noreferrer noopener\">Autoridades de Colombia desmantelan red transnacional de tr\u00e1fico de drogas sint\u00e9ticas<\/a><\/p><\/blockquote>\n\n\n\n<p class=\"wp-block-paragraph\">A su vez, los consumidores comenzaron a pedir a los expendedores un tusi ajustado a sus preferencias particulares, relata Quintero. \u201c[Hoy] la misma gente encarga la sustancia. Llaman al proveedor y le dicen: &#8216;mira, quiero un tusi que me baje m\u00e1s&#8217;, o uno que sea m\u00e1s estimulante o incluso uno sicod\u00e9lico\u201d, le explic\u00f3 a InSight Crime.<\/p>\n\n\n\n<h2 class=\"wp-block-heading\" id=\"h-la-droga-posmilenial\">La droga posmilenial<\/h2>\n\n\n\n<p class=\"wp-block-paragraph\">Desde 2017, por lo tanto, se ha democratizado el tusi, al pasar desde los clubes m\u00e1s exclusivos hasta las calles m\u00e1s s\u00f3rdidas. En 2012, el tusi <a href=\"https:\/\/es.insightcrime.org\/noticias\/analisis\/2c-b-la-droga-de-eleccion-de-la-elite-colombiana\/\" target=\"_blank\" rel=\"noreferrer noopener\">se vend\u00eda al por menor<\/a> a US$71 el gramo; a mediados de 2022, se vende en Colombia por menos de US$10 el gramo, como lo anota Juli\u00e1n Quintero.<\/p>\n\n\n\n<p class=\"wp-block-paragraph\">Esta p\u00e9rdida de exclusividad ha alejado a algunos de los consumidores de la droga de mayor poder adquisitivo, pero se han compensado con el crecimiento de consumidores de clases media y baja, como observ\u00f3 el soci\u00f3logo de \u00c9chele Cabeza.<\/p>\n\n\n\n<p class=\"wp-block-paragraph\">A mediados de 2022, aparte de Colombia, el tusi se ha popularizado en los pa\u00edses del Cono Sur, como <a href=\"https:\/\/www.biobiochile.cl\/noticias\/salud-y-bienestar\/cuerpo\/2022\/06\/09\/que-es-tussi-y-cuales-son-los-peligros-de-esta-droga-sintetica.shtml\" target=\"_blank\" rel=\"noreferrer noopener\">Chile<\/a>, <a href=\"https:\/\/www.infobae.com\/sociedad\/policiales\/2021\/05\/03\/la-extrana-historia-criminal-detras-de-la-primera-cocina-de-cocaina-rosa-allanada-en-la-argentina\/\" target=\"_blank\" rel=\"noreferrer noopener\">Argentina<\/a> y <a href=\"https:\/\/es.insightcrime.org\/noticias\/noticias-del-dia\/cocaina-rosada-sintetica-pasa-de-argentina-uruguay\/\" target=\"_blank\" rel=\"noreferrer noopener\">Uruguay<\/a>, as\u00ed como en <a href=\"https:\/\/www.elperiodico.com\/es\/sociedad\/20220523\/tusi-cocaina-rosa-droga-clase-alta-high-class-espana-13694835\" target=\"_blank\" rel=\"noreferrer noopener\">Espa\u00f1a<\/a> y <a href=\"https:\/\/domiplay.com.pa\/video\/la-tusi-o-cocaina-rosa-01-06-22-telemetro-f7du7c\" target=\"_blank\" rel=\"noreferrer noopener\">Panam\u00e1<\/a>. La investigaci\u00f3n de InSight Crime en fuentes de acceso p\u00fablico tambi\u00e9n identific\u00f3 notas cre\u00edbles sobre tusi en <a href=\"https:\/\/www.infobae.com\/america\/colombia\/2022\/05\/07\/en-dron-trataron-de-llevar-tusi-a-miami-desde-aeropuerto-de-pereira\/\" target=\"_blank\" rel=\"noreferrer noopener\">M\u00e9xico<\/a>, <a href=\"https:\/\/qcostarica.com\/pink-cocaine-the-drug-that-is-gaining-strength-in-costa-rica\/\" target=\"_blank\" rel=\"noreferrer noopener\">Costa Rica<\/a>, <a href=\"https:\/\/www.laprensalara.com.ve\/nota\/47897\/2022\/06\/tussi-la-cocaina-rosa-que-gana-terreno-en-el-este-de-barquisimeto\" target=\"_blank\" rel=\"noreferrer noopener\">Venezuela<\/a>, <a href=\"https:\/\/panamericana.pe\/buenosdiasperu\/locales\/351852-pnp-captura-peligrosa-banda-elaboraba-droga-tusi\" target=\"_blank\" rel=\"noreferrer noopener\">Per\u00fa<\/a>, <a href=\"https:\/\/eldeber.com.bo\/pais\/el-tusi-la-droga-rosa-se-abre-paso-en-bolivia-y-aparece-entre-las-incautaciones-antinarcoticos_231552\" target=\"_blank\" rel=\"noreferrer noopener\">Bolivia<\/a> y <a href=\"https:\/\/twitter.com\/senad_paraguay\/status\/1532663141045358597?ref_src=twsrc%5Etfw%7Ctwcamp%5Etweetembed%7Ctwterm%5E1532663141045358597%7Ctwgr%5E%7Ctwcon%5Es1_&amp;ref_url=https%3A%2F%2Fwww.ultimahora.com%2Fallanamientos-cortar-una-red-venta-drogas-sinteticas-n3004877.html\" target=\"_blank\" rel=\"noreferrer noopener\">Paraguay<\/a>.<\/p>\n\n\n\n<p class=\"wp-block-paragraph\">En cierto modo, la marca ha evolucionado con la <a href=\"https:\/\/www.biobiochile.cl\/noticias\/salud-y-bienestar\/cuerpo\/2022\/06\/09\/que-es-tussi-y-cuales-son-los-peligros-de-esta-droga-sintetica.shtml\" target=\"_blank\" rel=\"noreferrer noopener\">aparici\u00f3n<\/a> de tusi de otros colores, como verde y amarillo. Pero se cree que su <a href=\"https:\/\/www.echelecabeza.com\/wp-content\/uploads\/2022\/05\/Informe_2021.pdf\" target=\"_blank\" rel=\"noreferrer noopener\">consumo<\/a> en Colombia \u2014y posiblemente en el resto de la regi\u00f3n\u2014 sigue en aumento.<\/p>\n\n\n\n<p class=\"wp-block-paragraph\">\u201cEs una droga muy milenial, y tambi\u00e9n muy posmilenial\u201d, coment\u00f3 Quintero. \u201cLa considero el gran producto de \u2018mercadeo\u2019 de drogas en Colombia y [quiz\u00e1s incluso] en Latinoam\u00e9rica y el mundo\u201d.<\/p>\n","protected":false},"excerpt":{"rendered":"<p>Una serie de decomisos a lo largo de Latinoam\u00e9rica revela c\u00f3mo el \u201ctusi\u201d, una droga sint\u00e9tica en forma de polvo rosa, se est\u00e1 expandiendo a nuevos pa\u00edses y aumentando su participaci\u00f3n en el boyante mercado regional de drogas sint\u00e9ticas.<\/p>\n","protected":false},"author":201,"featured_media":190545,"comment_status":"closed","ping_status":"closed","sticky":false,"template":"template-single-featured.php","format":"standard","meta":{"newspack_ads_suppress_ads":false,"newspack_popups_has_disabled_popups":false,"newspack_sponsor_sponsorship_scope":"","newspack_sponsor_native_byline_display":"inherit","newspack_sponsor_native_category_display":"inherit","newspack_sponsor_underwriter_style":"inherit","newspack_sponsor_underwriter_placement":"inherit","_EventAllDay":false,"_EventTimezone":"","_EventStartDate":"","_EventEndDate":"","_EventStartDateUTC":"","_EventEndDateUTC":"","_EventShowMap":false,"_EventShowMapLink":false,"_EventURL":"","_EventCost":"","_EventCostDescription":"","_EventCurrencySymbol":"","_EventCurrencyCode":"","_EventCurrencyPosition":"","_EventDateTimeSeparator":"","_EventTimeRangeSeparator":"","_EventOrganizerID":[],"_EventVenueID":[],"_OrganizerEmail":"","_OrganizerPhone":"","_OrganizerWebsite":"","_VenueAddress":"","_VenueCity":"","_VenueCountry":"","_VenueProvince":"","_VenueState":"","_VenueZip":"","_VenuePhone":"","_VenueURL":"","_VenueStateProvince":"","_VenueLat":"","_VenueLng":"","_VenueShowMap":false,"_VenueShowMapLink":false,"_newspack_byline_active":false,"_newspack_byline":"","newspack_hide_updated_date":false,"newspack_show_updated_date":false,"newspack_featured_image_position":"above","newspack_post_subtitle":"","newspack_article_summary_title":"Overview:","newspack_article_summary":"","_jetpack_memberships_contains_paid_content":false,"footnotes":""},"categories":[759],"tags":[428,425,3412,368,462,3387,3423,3406,2927,3527,406,376,463,465,427,400],"newspack_spnsrs_tax":[],"coauthors":[4245],"class_list":["post-190417","post","type-post","status-publish","format-standard","has-post-thumbnail","hentry","category-noticias","tag-argentina-pais","tag-chile-pais","tag-cocaina","tag-colombia-pais","tag-costa-rica-pais","tag-destacado","tag-drogas-sinteticas","tag-fentanilo","tag-gaitanistas","tag-metanfetamina","tag-mexico-pais","tag-migracion-criminal","tag-panama-pais","tag-paraguay-pais","tag-uruguay-pais","tag-venezuela-pais","entry"],"parsely":{"version":"1.1.0","canonical_url":"https:\/\/insightcrime.org\/es\/noticias\/tusi-coctel-sicodelico-rosa-engano-latinoamerica\/","smart_links":{"inbound":0,"outbound":0},"traffic_boost_suggestions_count":0,"meta":{"@context":"https:\/\/schema.org","@type":"NewsArticle","headline":"Tusi: el sicod\u00e9lico c\u00f3ctel rosa que enga\u00f1\u00f3 a Latinoam\u00e9rica","url":"http:\/\/insightcrime.org\/es\/noticias\/tusi-coctel-sicodelico-rosa-engano-latinoamerica\/","mainEntityOfPage":{"@type":"WebPage","@id":"http:\/\/insightcrime.org\/es\/noticias\/tusi-coctel-sicodelico-rosa-engano-latinoamerica\/"},"thumbnailUrl":"https:\/\/i0.wp.com\/insightcrime.org\/wp-content\/uploads\/2022\/07\/Tusi-3.jpg?resize=150%2C150&quality=100&ssl=1","image":{"@type":"ImageObject","url":"https:\/\/i0.wp.com\/insightcrime.org\/wp-content\/uploads\/2022\/07\/Tusi-3.jpg?fit=1366%2C768&quality=100&ssl=1"},"articleSection":"Noticias","author":[{"@type":"Person","name":"Alessandro Ford"}],"creator":["Alessandro Ford"],"publisher":{"@type":"Organization","name":"InSight Crime","logo":"https:\/\/insightcrime.org\/wp-content\/uploads\/2023\/08\/logo.png"},"keywords":["argentina","chile","coca\u00edna","colombia","costa rica","destacado","drogas sint\u00e9ticas","fentanilo","gaitanistas","metanfetamina","m\u00e9xico","migraci\u00f3n criminal","panam\u00e1","paraguay","uruguay","venezuela"],"dateCreated":"2022-07-06T14:49:33Z","datePublished":"2022-07-06T14:49:33Z","dateModified":"2022-07-06T17:59:09Z"},"rendered":"<meta name=\"parsely-title\" content=\"Tusi: el sicod\u00e9lico c\u00f3ctel rosa que enga\u00f1\u00f3 a Latinoam\u00e9rica\" \/>\n<meta name=\"parsely-link\" content=\"http:\/\/insightcrime.org\/es\/noticias\/tusi-coctel-sicodelico-rosa-engano-latinoamerica\/\" \/>\n<meta name=\"parsely-type\" content=\"post\" \/>\n<meta name=\"parsely-image-url\" content=\"https:\/\/i0.wp.com\/insightcrime.org\/wp-content\/uploads\/2022\/07\/Tusi-3.jpg?resize=150%2C150&amp;quality=100&amp;ssl=1\" \/>\n<meta name=\"parsely-pub-date\" content=\"2022-07-06T14:49:33Z\" \/>\n<meta name=\"parsely-section\" content=\"Noticias\" \/>\n<meta name=\"parsely-tags\" content=\"argentina,chile,coca\u00edna,colombia,costa rica,destacado,drogas sint\u00e9ticas,fentanilo,gaitanistas,metanfetamina,m\u00e9xico,migraci\u00f3n criminal,panam\u00e1,paraguay,uruguay,venezuela\" \/>\n<meta name=\"parsely-author\" content=\"Alessandro Ford\" \/>","tracker_url":"https:\/\/cdn.parsely.com\/keys\/insightcrime.org\/p.js"},"jetpack_sharing_enabled":true,"jetpack-related-posts":[{"id":205967,"url":"https:\/\/insightcrime.org\/es\/noticias\/europa-debe-prepararse-expansion-tusi\/","url_meta":{"origin":190417,"position":0},"title":"\u00bfDebe Europa prepararse para la expansi\u00f3n del tusi?","author":"Raquel Balletin","date":"2 de diciembre de 2022","format":false,"excerpt":"Los decomisos de coca\u00edna rosa, o \u201ctusi\u201d, en Espa\u00f1a muestran c\u00f3mo esta droga sint\u00e9tica ha pasado de usarse principalmente en ciudades latinoamericanas a ganar presencia permanente en Europa.","rel":"","context":"En \u00abNoticias\u00bb","block_context":{"text":"Noticias","link":"https:\/\/insightcrime.org\/es\/category\/noticias\/"},"img":{"alt_text":"Muestra de coca\u00edna rosa o tusi","src":"https:\/\/i0.wp.com\/insightcrime.org\/wp-content\/uploads\/2022\/12\/625711ce21bd2-1-1.jpeg?fit=350%2C250&quality=100&ssl=1&resize=350%2C200","width":350,"height":200},"classes":[]},{"id":189215,"url":"https:\/\/insightcrime.org\/es\/noticias\/la-ketamina-domina-el-mercado-de-drogas-sinteticas-en-chile\/","url_meta":{"origin":190417,"position":1},"title":"La ketamina domina el mercado de drogas sint\u00e9ticas en Chile","author":"Henry Shuldiner","date":"23 de junio de 2022","format":false,"excerpt":"La circulaci\u00f3n de ketamina se dispar\u00f3 en Chile con un crecimiento de las importaciones del alucin\u00f3geno desde pa\u00edses vecinos por parte de traficantes nacionales y extranjeros, una muestra del mayor rol de esta sustancia en el pujante mercado de drogas sint\u00e9ticas en Chile.","rel":"","context":"En \u00abNoticias\u00bb","block_context":{"text":"Noticias","link":"https:\/\/insightcrime.org\/es\/category\/noticias\/"},"img":{"alt_text":"Liquid ketamine in plastic bottles","src":"https:\/\/i0.wp.com\/insightcrime.org\/wp-content\/uploads\/2022\/06\/Chile-Ketamine-Synthetic-Drugs-BioBioChile-21-6-221.jpeg?fit=350%2C250&quality=100&ssl=1&resize=350%2C200","width":350,"height":200},"classes":[]},{"id":286478,"url":"https:\/\/insightcrime.org\/es\/noticias\/aumenta-trafico-ketamina-prospero-mercado-chileno-drogas-sinteticas\/","url_meta":{"origin":190417,"position":2},"title":"Aumenta el tr\u00e1fico de ketamina en el pr\u00f3spero mercado chileno de drogas sint\u00e9ticas","author":"Beatriz Vicent Fern\u00e1ndez","date":"2 de agosto de 2024","format":false,"excerpt":"Incautaciones r\u00e9cord de ketamina en Chile muestran c\u00f3mo esta droga se abre paso en el ya extenso mercado de drogas sint\u00e9ticas en el pa\u00eds.","rel":"","context":"En \u00abNoticias\u00bb","block_context":{"text":"Noticias","link":"https:\/\/insightcrime.org\/es\/category\/noticias\/"},"img":{"alt_text":"","src":"https:\/\/i0.wp.com\/insightcrime.org\/wp-content\/uploads\/2024\/08\/file_20240726120420-2.jpg?fit=350%2C250&quality=100&ssl=1&resize=350%2C200","width":350,"height":200},"classes":[]},{"id":188031,"url":"https:\/\/insightcrime.org\/es\/noticias\/paraguay-estaria-pasando-productor-consumidor-lsd-mdma\/","url_meta":{"origin":190417,"position":3},"title":"Paraguay podr\u00eda estar pasando de productor a consumidor de LSD y MDMA","author":"Henry Shuldiner","date":"10 de junio de 2022","format":false,"excerpt":"La desarticulaci\u00f3n de una red distribuidora de un variado portafolio de drogas sint\u00e9ticas por parte de las autoridades en Paraguay revela la expansi\u00f3n imparable de este nicho del mercado de drogas en el pa\u00eds suramericano.","rel":"","context":"En \u00abNoticias\u00bb","block_context":{"text":"Noticias","link":"https:\/\/insightcrime.org\/es\/category\/noticias\/"},"img":{"alt_text":"Decomiso de drogas sint\u00e9ticas en Paraguay","src":"https:\/\/i0.wp.com\/insightcrime.org\/wp-content\/uploads\/2022\/06\/Synthetic-Drugs-Paraguay-Bust-Pink-Cocaine.png?fit=350%2C250&quality=100&ssl=1&resize=350%2C200","width":350,"height":200},"classes":[]},{"id":308749,"url":"https:\/\/insightcrime.org\/es\/noticias\/tusi-alarma-estados-unidos-una-amenaza-real\/","url_meta":{"origin":190417,"position":4},"title":"El tusi alarma a Estados Unidos: \u00bfuna amenaza real?","author":"Henry Shuldiner","date":"5 de mayo de 2025","format":false,"excerpt":"EE. UU. vincula al Tren de Aragua con la venta de \u201ctusi\u201d. Pero la evidencia deja dudas sobre la existencia de una amenaza real.","rel":"","context":"En \u00abNoticias\u00bb","block_context":{"text":"Noticias","link":"https:\/\/insightcrime.org\/es\/category\/noticias\/"},"img":{"alt_text":"","src":"https:\/\/i0.wp.com\/insightcrime.org\/wp-content\/uploads\/2025\/05\/Pink-Cocaine-Tusi-CBS-250502png.png?fit=350%2C250&quality=100&ssl=1&resize=350%2C200","width":350,"height":200},"classes":[]},{"id":232616,"url":"https:\/\/insightcrime.org\/es\/noticias\/drogas-sinteticas-pequenos-mercados-auge-mundial\/","url_meta":{"origin":190417,"position":5},"title":"Drogas sint\u00e9ticas en Latinoam\u00e9rica: peque\u00f1os mercados en medio del auge mundial","author":"Gavin Voss","date":"27 de junio de 2023","format":false,"excerpt":"La producci\u00f3n de drogas sint\u00e9ticas ha aumentado en todo el mundo, pero los mercados de consumo en Am\u00e9rica Latina y el Caribe siguen siendo de peque\u00f1a escala, seg\u00fan un nuevo informe de la Oficina de las Naciones Unidas contra la Droga y el Delito.","rel":"","context":"En \u00abNoticias\u00bb","block_context":{"text":"Noticias","link":"https:\/\/insightcrime.org\/es\/category\/noticias\/"},"img":{"alt_text":"A seizure of tusi shown on a table in little packets.","src":"https:\/\/i0.wp.com\/insightcrime.org\/wp-content\/uploads\/2023\/09\/Panama-tusi-seizure-synthetic-drugs-mi-diario-1.jpg?fit=350%2C250&quality=100&ssl=1&resize=350%2C200","width":350,"height":200},"classes":[]}],"jetpack_featured_media_url":"https:\/\/i0.wp.com\/insightcrime.org\/wp-content\/uploads\/2022\/07\/Tusi-3.jpg?fit=1366%2C768&quality=100&ssl=1","_links":{"self":[{"href":"https:\/\/insightcrime.org\/es\/wp-json\/wp\/v2\/posts\/190417","targetHints":{"allow":["GET"]}}],"collection":[{"href":"https:\/\/insightcrime.org\/es\/wp-json\/wp\/v2\/posts"}],"about":[{"href":"https:\/\/insightcrime.org\/es\/wp-json\/wp\/v2\/types\/post"}],"author":[{"embeddable":true,"href":"https:\/\/insightcrime.org\/es\/wp-json\/wp\/v2\/users\/201"}],"replies":[{"embeddable":true,"href":"https:\/\/insightcrime.org\/es\/wp-json\/wp\/v2\/comments?post=190417"}],"version-history":[{"count":20,"href":"https:\/\/insightcrime.org\/es\/wp-json\/wp\/v2\/posts\/190417\/revisions"}],"predecessor-version":[{"id":190549,"href":"https:\/\/insightcrime.org\/es\/wp-json\/wp\/v2\/posts\/190417\/revisions\/190549"}],"wp:featuredmedia":[{"embeddable":true,"href":"https:\/\/insightcrime.org\/es\/wp-json\/wp\/v2\/media\/190545"}],"wp:attachment":[{"href":"https:\/\/insightcrime.org\/es\/wp-json\/wp\/v2\/media?parent=190417"}],"wp:term":[{"taxonomy":"category","embeddable":true,"href":"https:\/\/insightcrime.org\/es\/wp-json\/wp\/v2\/categories?post=190417"},{"taxonomy":"post_tag","embeddable":true,"href":"https:\/\/insightcrime.org\/es\/wp-json\/wp\/v2\/tags?post=190417"},{"taxonomy":"newspack_spnsrs_tax","embeddable":true,"href":"https:\/\/insightcrime.org\/es\/wp-json\/wp\/v2\/newspack_spnsrs_tax?post=190417"},{"taxonomy":"author","embeddable":true,"href":"https:\/\/insightcrime.org\/es\/wp-json\/wp\/v2\/coauthors?post=190417"}],"curies":[{"name":"wp","href":"https:\/\/api.w.org\/{rel}","templated":true}]}}