{"id":190870,"date":"2022-07-01T10:30:00","date_gmt":"2022-07-01T15:30:00","guid":{"rendered":"https:\/\/insightcrime.org\/?p=190870"},"modified":"2022-07-11T13:32:03","modified_gmt":"2022-07-11T18:32:03","slug":"cubrimiento-sobre-memo-fantasma-atrae-atencion-mundial","status":"publish","type":"post","link":"https:\/\/insightcrime.org\/es\/la-organizacion\/cubrimiento-sobre-memo-fantasma-atrae-atencion-mundial\/","title":{"rendered":"Cubrimiento sobre Memo Fantasma atrae atenci\u00f3n mundial"},"content":{"rendered":"\n<p class=\"wp-block-paragraph\">Guillermo Acevedo, el excomandante paramilitar y narcotraficante colombiano, m\u00e1s conocido como Memo Fantasma, pronto podr\u00eda tener su carta de libertad en las manos. Desde que se revel\u00f3 por primera vez la identidad de Memo Fantasma en 2020, InSight Crime ha seguido liderando el cubrimiento sobre sus negocios criminales.<br><br>La semana pasada, lanzamos la primera entrega de una nueva serie investigativa que detalla la trayectoria criminal de Memo Fantasma. Esto despert\u00f3 gran inter\u00e9s a ambos lados del Atl\u00e1ntico, incluido el cubrimiento de\u00a0<a href=\"https:\/\/elpais.com\/america-colombia\/2022-06-28\/los-temores-ante-la-posible-excarcelacion-de-memo-fantasma.html?outputType=amp\" target=\"_blank\" rel=\"noreferrer noopener\"><u>El Pa\u00eds<\/u><\/a>, de Espa\u00f1a, y\u00a0<a href=\"https:\/\/cambiocolombia.com\/articulo\/poder\/memo-fantasma-esta-un-paso-de-quedar-en-libertad-corrupcion-o-incompetencia\" target=\"_blank\" rel=\"noreferrer noopener\"><u>Cambio<\/u><\/a>\u00a0y\u00a0<a href=\"https:\/\/www.youtube.com\/watch?v=0HuOXWP4ZaA\" target=\"_blank\" rel=\"noreferrer noopener\"><u>Noticias Uno<\/u><\/a>, de Colombia.\u00a0<\/p>\n\n\n\n<blockquote class=\"wp-block-quote is-layout-flow wp-block-quote-is-layout-flow\"><p><strong><mark style=\"background-color:rgba(0, 0, 0, 0)\" class=\"has-inline-color has-vivid-red-color\">LEA: <\/mark><\/strong><a href=\"https:\/\/es.insightcrime.org\/investigaciones\/memo-fantasma-quedaria-libre-corrupcion-incompetencia\/\" target=\"_blank\" rel=\"noreferrer noopener\">Memo Fantasma est\u00e1 a un paso de quedar en libertad: \u00bfcorrupci\u00f3n o incompetencia?<\/a><\/p><\/blockquote>\n\n\n\n<p class=\"wp-block-paragraph\"><\/p>\n","protected":false},"excerpt":{"rendered":"<p>Guillermo Acevedo, el excomandante paramilitar y narcotraficante colombiano, m\u00e1s conocido como Memo Fantasma, pronto podr\u00eda tener su carta de libertad en las manos. Desde que se revel\u00f3 por primera vez [&hellip;]<\/p>\n","protected":false},"author":188,"featured_media":190868,"comment_status":"closed","ping_status":"closed","sticky":false,"template":"template-single-featured.php","format":"standard","meta":{"newspack_ads_suppress_ads":false,"newspack_popups_has_disabled_popups":false,"newspack_sponsor_sponsorship_scope":"","newspack_sponsor_native_byline_display":"inherit","newspack_sponsor_native_category_display":"inherit","newspack_sponsor_underwriter_style":"inherit","newspack_sponsor_underwriter_placement":"inherit","_EventAllDay":false,"_EventTimezone":"","_EventStartDate":"","_EventEndDate":"","_EventStartDateUTC":"","_EventEndDateUTC":"","_EventShowMap":false,"_EventShowMapLink":false,"_EventURL":"","_EventCost":"","_EventCostDescription":"","_EventCurrencySymbol":"","_EventCurrencyCode":"","_EventCurrencyPosition":"","_EventDateTimeSeparator":"","_EventTimeRangeSeparator":"","_EventOrganizerID":[],"_EventVenueID":[],"_OrganizerEmail":"","_OrganizerPhone":"","_OrganizerWebsite":"","_VenueAddress":"","_VenueCity":"","_VenueCountry":"","_VenueProvince":"","_VenueState":"","_VenueZip":"","_VenuePhone":"","_VenueURL":"","_VenueStateProvince":"","_VenueLat":"","_VenueLng":"","_VenueShowMap":false,"_VenueShowMapLink":false,"_newspack_byline_active":false,"_newspack_byline":"","newspack_hide_updated_date":false,"newspack_show_updated_date":false,"newspack_featured_image_position":"","newspack_post_subtitle":"","newspack_article_summary_title":"Overview:","newspack_article_summary":"","_jetpack_memberships_contains_paid_content":false,"footnotes":""},"categories":[337],"tags":[],"newspack_spnsrs_tax":[],"coauthors":[4351],"class_list":["post-190870","post","type-post","status-publish","format-standard","has-post-thumbnail","hentry","category-la-organizacion","entry"],"parsely":{"version":"1.1.0","canonical_url":"https:\/\/insightcrime.org\/es\/la-organizacion\/cubrimiento-sobre-memo-fantasma-atrae-atencion-mundial\/","smart_links":{"inbound":0,"outbound":0},"traffic_boost_suggestions_count":0,"meta":{"@context":"https:\/\/schema.org","@type":"NewsArticle","headline":"Cubrimiento sobre Memo Fantasma atrae atenci\u00f3n mundial","url":"http:\/\/insightcrime.org\/es\/la-organizacion\/cubrimiento-sobre-memo-fantasma-atrae-atencion-mundial\/","mainEntityOfPage":{"@type":"WebPage","@id":"http:\/\/insightcrime.org\/es\/la-organizacion\/cubrimiento-sobre-memo-fantasma-atrae-atencion-mundial\/"},"thumbnailUrl":"https:\/\/i0.wp.com\/insightcrime.org\/wp-content\/uploads\/2022\/07\/Impacto-Julio-1.jpg?resize=150%2C150&quality=100&ssl=1","image":{"@type":"ImageObject","url":"https:\/\/i0.wp.com\/insightcrime.org\/wp-content\/uploads\/2022\/07\/Impacto-Julio-1.jpg?fit=1366%2C768&quality=100&ssl=1"},"articleSection":"La Organizaci\u00f3n","author":[{"@type":"Person","name":"InSight Crime"}],"creator":["InSight Crime"],"publisher":{"@type":"Organization","name":"InSight Crime","logo":"https:\/\/insightcrime.org\/wp-content\/uploads\/2023\/08\/logo.png"},"keywords":[],"dateCreated":"2022-07-01T15:30:00Z","datePublished":"2022-07-01T15:30:00Z","dateModified":"2022-07-11T18:32:03Z"},"rendered":"<meta name=\"parsely-title\" content=\"Cubrimiento sobre Memo Fantasma atrae atenci\u00f3n mundial\" \/>\n<meta name=\"parsely-link\" content=\"http:\/\/insightcrime.org\/es\/la-organizacion\/cubrimiento-sobre-memo-fantasma-atrae-atencion-mundial\/\" \/>\n<meta name=\"parsely-type\" content=\"post\" \/>\n<meta name=\"parsely-image-url\" content=\"https:\/\/i0.wp.com\/insightcrime.org\/wp-content\/uploads\/2022\/07\/Impacto-Julio-1.jpg?resize=150%2C150&amp;quality=100&amp;ssl=1\" \/>\n<meta name=\"parsely-pub-date\" content=\"2022-07-01T15:30:00Z\" \/>\n<meta name=\"parsely-section\" content=\"La Organizaci\u00f3n\" \/>\n<meta name=\"parsely-author\" content=\"InSight Crime\" \/>","tracker_url":"https:\/\/cdn.parsely.com\/keys\/insightcrime.org\/p.js"},"jetpack_sharing_enabled":true,"jetpack-related-posts":[{"id":150086,"url":"https:\/\/insightcrime.org\/es\/noticias\/en-video-todo-sobre-memo-fantasma-en-dos-anos-de-investigacion\/","url_meta":{"origin":190870,"position":0},"title":"En video: Todo sobre Memo Fantasma en dos a\u00f1os de investigaci\u00f3n","author":"InSight Crime","date":"28 de junio de 2021","format":false,"excerpt":"Despu\u00e9s de tres d\u00e9cadas en las sombras, Guillermo Acevedo cay\u00f3 en manos de la justicia. Nuestro codirector Jeremy McDermott le cuenta la historia.","rel":"","context":"En \u00abNoticias\u00bb","block_context":{"text":"Noticias","link":"https:\/\/insightcrime.org\/es\/category\/noticias\/"},"img":{"alt_text":"","src":"https:\/\/i0.wp.com\/insightcrime.org\/wp-content\/uploads\/2021\/07\/Memo-fantasma-captured-handcuffed-guillermo-leon-acevedo.jpg?fit=1200%2C600&quality=100&ssl=1&resize=350%2C200","width":350,"height":200,"srcset":"https:\/\/i0.wp.com\/insightcrime.org\/wp-content\/uploads\/2021\/07\/Memo-fantasma-captured-handcuffed-guillermo-leon-acevedo.jpg?fit=1200%2C600&quality=100&ssl=1&resize=350%2C200 1x, https:\/\/i0.wp.com\/insightcrime.org\/wp-content\/uploads\/2021\/07\/Memo-fantasma-captured-handcuffed-guillermo-leon-acevedo.jpg?fit=1200%2C600&quality=100&ssl=1&resize=525%2C300 1.5x, https:\/\/i0.wp.com\/insightcrime.org\/wp-content\/uploads\/2021\/07\/Memo-fantasma-captured-handcuffed-guillermo-leon-acevedo.jpg?fit=1200%2C600&quality=100&ssl=1&resize=700%2C400 2x, https:\/\/i0.wp.com\/insightcrime.org\/wp-content\/uploads\/2021\/07\/Memo-fantasma-captured-handcuffed-guillermo-leon-acevedo.jpg?fit=1200%2C600&quality=100&ssl=1&resize=1050%2C600 3x"},"classes":[]},{"id":189781,"url":"https:\/\/insightcrime.org\/es\/la-organizacion\/quienes-son-memo-fantasma-y-sergio-roberto-de-carvalho\/","url_meta":{"origin":190870,"position":1},"title":"\u00bfQui\u00e9nes son Memo Fantasma y S\u00e9rgio Roberto de Carvalho?","author":"InSight Crime","date":"24 de junio de 2022","format":false,"excerpt":"Una mirada a la trayectoria criminal de Memo Fantasma En marzo de 2020, InSight Crime\u00a0revel\u00f3\u00a0la identidad y el paradero de Memo Fantasma, comandante paramilitar y narcotraficante que llevaba una vida de lujos en Madrid. Este ha sido nuestro reportaje m\u00e1s le\u00eddo hasta el momento. Despu\u00e9s de m\u00e1s de dos a\u00f1os\u2026","rel":"","context":"En \u00abLa Organizaci\u00f3n\u00bb","block_context":{"text":"La Organizaci\u00f3n","link":"https:\/\/insightcrime.org\/es\/category\/la-organizacion\/"},"img":{"alt_text":"","src":"https:\/\/i0.wp.com\/insightcrime.org\/wp-content\/uploads\/2022\/06\/Impact-24-de-junio.jpg?fit=1200%2C675&quality=100&ssl=1&resize=350%2C200","width":350,"height":200,"srcset":"https:\/\/i0.wp.com\/insightcrime.org\/wp-content\/uploads\/2022\/06\/Impact-24-de-junio.jpg?fit=1200%2C675&quality=100&ssl=1&resize=350%2C200 1x, https:\/\/i0.wp.com\/insightcrime.org\/wp-content\/uploads\/2022\/06\/Impact-24-de-junio.jpg?fit=1200%2C675&quality=100&ssl=1&resize=525%2C300 1.5x, https:\/\/i0.wp.com\/insightcrime.org\/wp-content\/uploads\/2022\/06\/Impact-24-de-junio.jpg?fit=1200%2C675&quality=100&ssl=1&resize=700%2C400 2x, https:\/\/i0.wp.com\/insightcrime.org\/wp-content\/uploads\/2022\/06\/Impact-24-de-junio.jpg?fit=1200%2C675&quality=100&ssl=1&resize=1050%2C600 3x"},"classes":[]},{"id":150705,"url":"https:\/\/insightcrime.org\/es\/la-organizacion\/capturas-presupuesto-para-policia-investigaciones-insight-crime\/","url_meta":{"origin":190870,"position":2},"title":"Capturas y m\u00e1s presupuesto  para la polic\u00eda como resultado de las investigaciones de InSight Crime","author":"InSight Crime","date":"8 de julio de 2021","format":false,"excerpt":"Con la captura de Memo Fantasma, InSight Crime demuestra que nuestras investigaciones pueden revelar amenazas criminales importantes para las Am\u00e9ricas.","rel":"","context":"En \u00abLa Organizaci\u00f3n\u00bb","block_context":{"text":"La Organizaci\u00f3n","link":"https:\/\/insightcrime.org\/es\/category\/la-organizacion\/"},"img":{"alt_text":"Memo Fantasma arrestado","src":"https:\/\/i0.wp.com\/insightcrime.org\/wp-content\/uploads\/2021\/07\/Imagenes-About-Us-6.png?fit=700%2C500&quality=100&ssl=1&resize=350%2C200","width":350,"height":200,"srcset":"https:\/\/i0.wp.com\/insightcrime.org\/wp-content\/uploads\/2021\/07\/Imagenes-About-Us-6.png?fit=700%2C500&quality=100&ssl=1&resize=350%2C200 1x, https:\/\/i0.wp.com\/insightcrime.org\/wp-content\/uploads\/2021\/07\/Imagenes-About-Us-6.png?fit=700%2C500&quality=100&ssl=1&resize=525%2C300 1.5x, https:\/\/i0.wp.com\/insightcrime.org\/wp-content\/uploads\/2021\/07\/Imagenes-About-Us-6.png?fit=700%2C500&quality=100&ssl=1&resize=700%2C400 2x"},"classes":[]},{"id":127228,"url":"https:\/\/insightcrime.org\/es\/la-organizacion\/insight-crime-memo-fantasma-premio-nacional-simon-bolivar\/","url_meta":{"origin":190870,"position":3},"title":"La investigaci\u00f3n &#8216;Memo Fantasma&#8217; de InSight Crime gana el Premio Nacional de Periodismo Sim\u00f3n Bol\u00edvar","author":"InSight Crime","date":"20 de noviembre de 2020","format":false,"excerpt":"El equipo investigativo de InSight Crime fue galardonado en Colombia con el prestigioso Premio Nacional de Periodismo Sim\u00f3n Bol\u00edvar por su investigaci\u00f3n de dos a\u00f1os de duraci\u00f3n sobre el narcotraficante conocido como \"Memo Fantasma\", la cual fue liderada por el codirector de la organizaci\u00f3n, Jeremy McDermott.","rel":"","context":"En \u00abLa Organizaci\u00f3n\u00bb","block_context":{"text":"La Organizaci\u00f3n","link":"https:\/\/insightcrime.org\/es\/category\/la-organizacion\/"},"img":{"alt_text":"","src":"https:\/\/i0.wp.com\/insightcrime.org\/wp-content\/uploads\/2020\/11\/cover-Jerry-periodismo-premio-simon-bolivar-2020-insight-crime-memo-fantasma.jpg?fit=1200%2C600&quality=100&ssl=1&resize=350%2C200","width":350,"height":200,"srcset":"https:\/\/i0.wp.com\/insightcrime.org\/wp-content\/uploads\/2020\/11\/cover-Jerry-periodismo-premio-simon-bolivar-2020-insight-crime-memo-fantasma.jpg?fit=1200%2C600&quality=100&ssl=1&resize=350%2C200 1x, https:\/\/i0.wp.com\/insightcrime.org\/wp-content\/uploads\/2020\/11\/cover-Jerry-periodismo-premio-simon-bolivar-2020-insight-crime-memo-fantasma.jpg?fit=1200%2C600&quality=100&ssl=1&resize=525%2C300 1.5x, https:\/\/i0.wp.com\/insightcrime.org\/wp-content\/uploads\/2020\/11\/cover-Jerry-periodismo-premio-simon-bolivar-2020-insight-crime-memo-fantasma.jpg?fit=1200%2C600&quality=100&ssl=1&resize=700%2C400 2x, https:\/\/i0.wp.com\/insightcrime.org\/wp-content\/uploads\/2020\/11\/cover-Jerry-periodismo-premio-simon-bolivar-2020-insight-crime-memo-fantasma.jpg?fit=1200%2C600&quality=100&ssl=1&resize=1050%2C600 3x"},"classes":[]},{"id":170450,"url":"https:\/\/insightcrime.org\/es\/noticias\/orden-juez-memo-fantasma-seguira-carcel-colombia\/","url_meta":{"origin":190870,"position":4},"title":"Por orden de un juez, Memo Fantasma seguir\u00e1 en la c\u00e1rcel en Colombia","author":"InSight Crime","date":"28 de octubre de 2021","format":false,"excerpt":"El acusado narcotraficante paramilitar Guillermo Le\u00f3n Acevedo, alias \u201cMemo Fantasma\u201d, permanecer\u00e1 en una prisi\u00f3n de alta seguridad de Bogot\u00e1, donde ha estado encarcelado durante los \u00faltimos cuatro meses.","rel":"","context":"En \u00abNoticias\u00bb","block_context":{"text":"Noticias","link":"https:\/\/insightcrime.org\/es\/category\/noticias\/"},"img":{"alt_text":"Arresto del acusado narcotraficante paramilitar Guillermo Le\u00f3n Acevedo, alias \"Memo Fantasma\"","src":"https:\/\/i0.wp.com\/insightcrime.org\/wp-content\/uploads\/2021\/09\/Memo-Fantasma-Arrest-Mug.jpg?fit=350%2C251&quality=100&ssl=1&resize=350%2C200","width":350,"height":200},"classes":[]},{"id":186575,"url":"https:\/\/insightcrime.org\/es\/noticias\/esposa-memo-fantasma-enfrentaria-cargos-lavado-activos\/","url_meta":{"origin":190870,"position":5},"title":"Esposa de Memo Fantasma enfrentar\u00eda posibles cargos por lavado de activos","author":"Juan Diego Posada","date":"26 de mayo de 2022","format":false,"excerpt":"Los fiscales en Colombia adelantaron una audiencia con la compa\u00f1era sentimental del presunto narcotraficante Guillermo Le\u00f3n Acevedo, alias \"Memo Fantasma\", que podr\u00eda enfrentar cargos de lavado de activos, convirti\u00e9ndola en la tercera familiar de su c\u00edrculo que ser\u00e1 investigada por la Fiscal\u00eda General.","rel":"","context":"En \u00abNoticias\u00bb","block_context":{"text":"Noticias","link":"https:\/\/insightcrime.org\/es\/category\/noticias\/"},"img":{"alt_text":"Catalina Mej\u00eda, compa\u00f1era sentimental de Memo Fantasma","src":"https:\/\/i0.wp.com\/insightcrime.org\/wp-content\/uploads\/2022\/05\/Catalina-Mejia-Memo-Fantasma.jpg?fit=350%2C250&quality=100&ssl=1&resize=350%2C200","width":350,"height":200},"classes":[]}],"jetpack_featured_media_url":"https:\/\/i0.wp.com\/insightcrime.org\/wp-content\/uploads\/2022\/07\/Impacto-Julio-1.jpg?fit=1366%2C768&quality=100&ssl=1","_links":{"self":[{"href":"https:\/\/insightcrime.org\/es\/wp-json\/wp\/v2\/posts\/190870","targetHints":{"allow":["GET"]}}],"collection":[{"href":"https:\/\/insightcrime.org\/es\/wp-json\/wp\/v2\/posts"}],"about":[{"href":"https:\/\/insightcrime.org\/es\/wp-json\/wp\/v2\/types\/post"}],"author":[{"embeddable":true,"href":"https:\/\/insightcrime.org\/es\/wp-json\/wp\/v2\/users\/188"}],"replies":[{"embeddable":true,"href":"https:\/\/insightcrime.org\/es\/wp-json\/wp\/v2\/comments?post=190870"}],"version-history":[{"count":1,"href":"https:\/\/insightcrime.org\/es\/wp-json\/wp\/v2\/posts\/190870\/revisions"}],"predecessor-version":[{"id":190871,"href":"https:\/\/insightcrime.org\/es\/wp-json\/wp\/v2\/posts\/190870\/revisions\/190871"}],"wp:featuredmedia":[{"embeddable":true,"href":"https:\/\/insightcrime.org\/es\/wp-json\/wp\/v2\/media\/190868"}],"wp:attachment":[{"href":"https:\/\/insightcrime.org\/es\/wp-json\/wp\/v2\/media?parent=190870"}],"wp:term":[{"taxonomy":"category","embeddable":true,"href":"https:\/\/insightcrime.org\/es\/wp-json\/wp\/v2\/categories?post=190870"},{"taxonomy":"post_tag","embeddable":true,"href":"https:\/\/insightcrime.org\/es\/wp-json\/wp\/v2\/tags?post=190870"},{"taxonomy":"newspack_spnsrs_tax","embeddable":true,"href":"https:\/\/insightcrime.org\/es\/wp-json\/wp\/v2\/newspack_spnsrs_tax?post=190870"},{"taxonomy":"author","embeddable":true,"href":"https:\/\/insightcrime.org\/es\/wp-json\/wp\/v2\/coauthors?post=190870"}],"curies":[{"name":"wp","href":"https:\/\/api.w.org\/{rel}","templated":true}]}}