{"id":195314,"date":"2022-08-16T10:13:01","date_gmt":"2022-08-16T15:13:01","guid":{"rendered":"https:\/\/insightcrime.org\/?p=195314"},"modified":"2023-03-02T15:22:19","modified_gmt":"2023-03-02T20:22:19","slug":"eln-urabenos-reabren-frente-guerra-criminal-colombia","status":"publish","type":"post","link":"https:\/\/insightcrime.org\/es\/noticias\/eln-urabenos-reabren-frente-guerra-criminal-colombia\/","title":{"rendered":"ELN y Gaitanistas reabren frente de guerra en un eje criminal de Colombia"},"content":{"rendered":"\n<p class=\"wp-block-paragraph\">Despu\u00e9s de tres a\u00f1os, se vuelven a presentar enfrentamientos entre el ELN y Los Gaitanistas en el departamento de Bol\u00edvar, al norte de Colombia. Mientras tanto, ambos grupos buscan iniciar conversaciones de paz con el gobierno nacional.  <\/p>\n\n\n\n<p class=\"wp-block-paragraph\">M\u00e1s de 600 familias han sido desplazadas durante la <a href=\"https:\/\/www.eltiempo.com\/colombia\/otras-ciudades\/familias-desplazadas-dejan-combates-entre-ilegales-en-sur-de-bolivar-693801\" target=\"_blank\" rel=\"noreferrer noopener\">primera<\/a> y <a href=\"https:\/\/www.rcnradio.com\/colombia\/caribe\/siguen-enfrentamientos-entre-grupos-armados-en-el-sur-de-bolivar\" target=\"_blank\" rel=\"noreferrer noopener\">segunda<\/a> semana de agosto por los combates entre la guerrilla del Ej\u00e9rcito de Liberaci\u00f3n Nacional (<a href=\"https:\/\/es.insightcrime.org\/noticias-crimen-organizado-colombia\/eln-colombia\/\" target=\"_blank\" rel=\"noreferrer noopener\">ELN<\/a>) y <a href=\"https:\/\/es.insightcrime.org\/noticias-crimen-organizado-colombia\/urabenos-perfil\/\" target=\"_blank\" rel=\"noreferrer noopener\">Los Gaitanistas<\/a>, tambi\u00e9n conocidos como Clan del Golfo, Urabe\u00f1os y Autodefensas Gaitanistas de Colombia (AGC), en el sur del departamento de Bol\u00edvar, seg\u00fan informaron varios medios locales.<\/p>\n\n\n\n<p class=\"wp-block-paragraph\">La Defensor\u00eda del Pueblo hizo un <a href=\"https:\/\/www.radionacional.co\/noticias-colombia\/desplazamiento-de-familias-por-enfrentamientos-entre-grupos-ilegales-en-bolivar\" target=\"_blank\" rel=\"noreferrer noopener\">llamado<\/a> al gobierno departamental para tomar medidas frente a la situaci\u00f3n humanitaria y de seguridad. La entidad ya hab\u00eda venido advirtiendo los posibles hechos victimizantes a manos de actores armados ilegales. \u00abEl accionar de las AGC en el territorio ha derivado en enfrentamientos con (&#8230;) el ELN, situaci\u00f3n que ha generado p\u00e1nico y zozobra en la poblaci\u00f3n civil\u00bb, se\u00f1al\u00f3 la Defensor\u00eda en la alerta temprana <a href=\"https:\/\/alertasstg.blob.core.windows.net\/alertas\/018-21.pdf\" target=\"_blank\" rel=\"noreferrer noopener\">018-2021<\/a>.<\/p>\n\n\n\n<blockquote class=\"wp-block-quote is-layout-flow wp-block-quote-is-layout-flow\">\n<p class=\"wp-block-paragraph\"><strong><mark style=\"background-color:rgba(0, 0, 0, 0)\" class=\"has-inline-color has-vivid-red-color\">VEA TAMBI\u00c9N:<\/mark><\/strong> <a href=\"https:\/\/es.insightcrime.org\/noticias\/quibdo-foco-violencia-colombia\/\" target=\"_blank\" rel=\"noreferrer noopener\">Quibd\u00f3: el nuevo foco de violencia del noroccidente colombiano<\/a><\/p>\n<\/blockquote>\n\n\n\n<p class=\"wp-block-paragraph\">La combinaci\u00f3n de una inmensa riqueza minera, una ubicaci\u00f3n estrat\u00e9gica para operaciones del narcotr\u00e1fico y la desmovilizaci\u00f3n de las Fuerzas Armadas Revolucionarias de Colombia (<a href=\"https:\/\/es.insightcrime.org\/sin-categorizar\/farc\/\" target=\"_blank\" rel=\"noreferrer noopener\">FARC<\/a>) ha hecho de la zona un territorio apetecido por los grupos ilegales.<\/p>\n\n\n\n<p class=\"wp-block-paragraph\">El ELN y las AGC se <a href=\"https:\/\/es.insightcrime.org\/noticias\/analisis\/sur-de-bolivar-el-fortin-criminal-donde-el-eln-se-fortalece-en-colombia\/\" target=\"_blank\" rel=\"noreferrer noopener\">disputaron<\/a> las econom\u00edas criminales de la regi\u00f3n a finales del 2016, cuando las FARC salieron del departamento en el marco del proceso de dejaci\u00f3n de armas. Sin embargo, en el a\u00f1o 2019, ambos grupos llegaron a un pacto de no agresi\u00f3n que les permiti\u00f3 seguir delinquiendo y coexistir en el territorio. <\/p>\n\n\n\n<h2 class=\"wp-block-heading\" id=\"h-analisis-de-insight-crime\">An\u00e1lisis de InSight Crime <\/h2>\n\n\n\n<p class=\"wp-block-paragraph\">Los recientes enfrentamientos entre el ELN y las AGC sugieren que el frente de guerra en el sur de Bol\u00edvar se ha reabierto. El reinicio del fuego cruzado obedecer\u00eda a los intereses de ambos grupos por obtener el control del fort\u00edn criminal que representa el departamento. <\/p>\n\n\n\n<p class=\"wp-block-paragraph\">El sur de Bol\u00edvar ha sido una regi\u00f3n hist\u00f3ricamente <a href=\"https:\/\/es.insightcrime.org\/noticias\/analisis\/sur-de-bolivar-el-fortin-criminal-donde-el-eln-se-fortalece-en-colombia\/\" target=\"_blank\" rel=\"noreferrer noopener\">dominada<\/a> por el ELN. No obstante, hacia el a\u00f1o 2016, las AGC ingresaron con m\u00e1s fuerza al departamento para ocupar el vac\u00edo criminal que dejaban las FARC luego de su desmovilizaci\u00f3n. <\/p>\n\n\n\n<p class=\"wp-block-paragraph\">Aunque la tensi\u00f3n y las disputas entre ambos grupos criminales azotaron la regi\u00f3n durante a\u00f1os, para el 2019 el ELN y las AGC hicieron un pacto de no agresi\u00f3n. El prop\u00f3sito de la pax mafiosa era cerrar un frente de guerra e incluso aliarse para combatir otros actores armados, tanto legales como ilegales, seg\u00fan explic\u00f3 Luis Fernando Trejos, analista pol\u00edtico de la Universidad del Norte, de Colombia, en conversaci\u00f3n con InSight Crime.<\/p>\n\n\n\n<blockquote class=\"wp-block-quote is-layout-flow wp-block-quote-is-layout-flow\">\n<p class=\"wp-block-paragraph\"><strong><mark style=\"background-color:rgba(0, 0, 0, 0)\" class=\"has-inline-color has-vivid-red-color\">VEA TAMBI\u00c9N:<\/mark><\/strong> <a href=\"https:\/\/es.insightcrime.org\/noticias\/analisis\/sur-de-bolivar-el-fortin-criminal-donde-el-eln-se-fortalece-en-colombia\/\" target=\"_blank\" rel=\"noreferrer noopener\">Sur de Bol\u00edvar: el fort\u00edn criminal donde el ELN se fortalece en Colombia<\/a><\/p>\n<\/blockquote>\n\n\n\n<p class=\"wp-block-paragraph\">\u00abLos Urabe\u00f1os y el ELN hicieron un esfuerzo conjunto para sacar al Ej\u00e9rcito del sur de Bol\u00edvar\u00bb, a\u00f1adi\u00f3 el analista.<\/p>\n\n\n\n<p class=\"wp-block-paragraph\">Ahora bien, ambos grupos parecen estar dispuestos a romper la pax mafiosa para apropiarse del fort\u00edn criminal en el sur de Bol\u00edvar. Lo anterior suma un nuevo frente de batalla a los actores ilegales, que hoy libran una guerra en los departamentos de <a href=\"https:\/\/www.semana.com\/nacion\/articulo\/en-riesgo-comunidades-del-alto-baudo-por-enfrentamientos-entre-el-clan-del-golfo-y-el-eln\/202237\/\" target=\"_blank\" rel=\"noreferrer noopener\">Choc\u00f3<\/a>, <a href=\"https:\/\/www.wradio.com.co\/2022\/03\/11\/enfrentamientos-contra-el-clan-del-golfo-en-zona-rural-de-cucuta-deja-varios-muertos-y-un-herido\/\" target=\"_blank\" rel=\"noreferrer noopener\">Norte de Santander<\/a> y <a href=\"https:\/\/www.noticiasrcn.com\/colombia\/enfrentamientos-entre-el-clan-del-golfo-y-el-eln-424948\" target=\"_blank\" rel=\"noreferrer noopener\">Antioquia<\/a>. <\/p>\n\n\n\n<p class=\"wp-block-paragraph\">Tanto el ELN como las AGC est\u00e1n en la b\u00fasqueda de acceder a negociaciones de paz con el nuevo gobierno, pero los m\u00faltiples frentes de batalla que azotan diferentes regiones de Colombia ponen en entredicho el inter\u00e9s de ambos grupos de dejar las armas. <\/p>\n","protected":false},"excerpt":{"rendered":"<p>Despu\u00e9s de tres a\u00f1os, se vuelven a presentar enfrentamientos entre el ELN y Los Urabe\u00f1os en el departamento de Bol\u00edvar, al norte de Colombia. Mientras tanto, ambos grupos buscan iniciar conversaciones de paz con el gobierno nacional.  <\/p>\n","protected":false},"author":223,"featured_media":195275,"comment_status":"closed","ping_status":"closed","sticky":false,"template":"","format":"standard","meta":{"newspack_ads_suppress_ads":false,"newspack_popups_has_disabled_popups":false,"newspack_sponsor_sponsorship_scope":"","newspack_sponsor_native_byline_display":"inherit","newspack_sponsor_native_category_display":"inherit","newspack_sponsor_underwriter_style":"inherit","newspack_sponsor_underwriter_placement":"inherit","_EventAllDay":false,"_EventTimezone":"","_EventStartDate":"","_EventEndDate":"","_EventStartDateUTC":"","_EventEndDateUTC":"","_EventShowMap":false,"_EventShowMapLink":false,"_EventURL":"","_EventCost":"","_EventCostDescription":"","_EventCurrencySymbol":"","_EventCurrencyCode":"","_EventCurrencyPosition":"","_EventDateTimeSeparator":"","_EventTimeRangeSeparator":"","_EventOrganizerID":[],"_EventVenueID":[],"_OrganizerEmail":"","_OrganizerPhone":"","_OrganizerWebsite":"","_VenueAddress":"","_VenueCity":"","_VenueCountry":"","_VenueProvince":"","_VenueState":"","_VenueZip":"","_VenuePhone":"","_VenueURL":"","_VenueStateProvince":"","_VenueLat":"","_VenueLng":"","_VenueShowMap":false,"_VenueShowMapLink":false,"_newspack_byline_active":false,"_newspack_byline":"","newspack_hide_updated_date":false,"newspack_show_updated_date":false,"newspack_featured_image_position":"","newspack_post_subtitle":"","newspack_article_summary_title":"Overview:","newspack_article_summary":"","_jetpack_memberships_contains_paid_content":false,"footnotes":""},"categories":[759,1],"tags":[368,421,2927],"newspack_spnsrs_tax":[],"coauthors":[4260],"class_list":["post-195314","post","type-post","status-publish","format-standard","has-post-thumbnail","hentry","category-noticias","category-uncategorized","tag-colombia-pais","tag-el-eln","tag-gaitanistas","entry"],"parsely":{"version":"1.1.0","canonical_url":"https:\/\/insightcrime.org\/es\/noticias\/eln-urabenos-reabren-frente-guerra-criminal-colombia\/","smart_links":{"inbound":0,"outbound":0},"traffic_boost_suggestions_count":0,"meta":{"@context":"https:\/\/schema.org","@type":"NewsArticle","headline":"ELN y Gaitanistas reabren frente de guerra en un eje criminal de Colombia","url":"http:\/\/insightcrime.org\/es\/noticias\/eln-urabenos-reabren-frente-guerra-criminal-colombia\/","mainEntityOfPage":{"@type":"WebPage","@id":"http:\/\/insightcrime.org\/es\/noticias\/eln-urabenos-reabren-frente-guerra-criminal-colombia\/"},"thumbnailUrl":"https:\/\/i0.wp.com\/insightcrime.org\/wp-content\/uploads\/2022\/08\/1628778114_155079_1628778247_noticia_normal_recorte1-1.jpeg?resize=150%2C150&quality=100&ssl=1","image":{"@type":"ImageObject","url":"https:\/\/i0.wp.com\/insightcrime.org\/wp-content\/uploads\/2022\/08\/1628778114_155079_1628778247_noticia_normal_recorte1-1.jpeg?fit=350%2C202&quality=100&ssl=1"},"articleSection":"Noticias","author":[{"@type":"Person","name":"Juliana Manjarr\u00e9s"}],"creator":["Juliana Manjarr\u00e9s"],"publisher":{"@type":"Organization","name":"InSight Crime","logo":"https:\/\/insightcrime.org\/wp-content\/uploads\/2023\/08\/logo.png"},"keywords":["colombia","eln","gaitanistas"],"dateCreated":"2022-08-16T15:13:01Z","datePublished":"2022-08-16T15:13:01Z","dateModified":"2023-03-02T20:22:19Z"},"rendered":"<meta name=\"parsely-title\" content=\"ELN y Gaitanistas reabren frente de guerra en un eje criminal de Colombia\" \/>\n<meta name=\"parsely-link\" content=\"http:\/\/insightcrime.org\/es\/noticias\/eln-urabenos-reabren-frente-guerra-criminal-colombia\/\" \/>\n<meta name=\"parsely-type\" content=\"post\" \/>\n<meta name=\"parsely-image-url\" content=\"https:\/\/i0.wp.com\/insightcrime.org\/wp-content\/uploads\/2022\/08\/1628778114_155079_1628778247_noticia_normal_recorte1-1.jpeg?resize=150%2C150&amp;quality=100&amp;ssl=1\" \/>\n<meta name=\"parsely-pub-date\" content=\"2022-08-16T15:13:01Z\" \/>\n<meta name=\"parsely-section\" content=\"Noticias\" \/>\n<meta name=\"parsely-tags\" content=\"colombia,eln,gaitanistas\" \/>\n<meta name=\"parsely-author\" content=\"Juliana Manjarr\u00e9s\" \/>","tracker_url":"https:\/\/cdn.parsely.com\/keys\/insightcrime.org\/p.js"},"jetpack_sharing_enabled":true,"jetpack-related-posts":[{"id":232681,"url":"https:\/\/insightcrime.org\/es\/noticias\/seis-meses-dialogo-gobierno-colombia-eln\/","url_meta":{"origin":195314,"position":0},"title":"Los seis espinosos meses de di\u00e1logos entre el gobierno de Colombia y el ELN","author":"Juan Diego Posada","date":"19 de mayo de 2023","format":false,"excerpt":"Tras seis meses de negociaciones con el ELN, la \"Paz Total\" de Colombia se enfrenta a un futuro incierto. Se han producido algunos avances, pero los continuos ataques contra la fuerzas de seguridad colombianas, el reclutamiento de menores y la incapacidad para alcanzar un alto el fuego amenazan el ambicioso\u2026","rel":"","context":"En \u00abNoticias\u00bb","block_context":{"text":"Noticias","link":"https:\/\/insightcrime.org\/es\/category\/noticias\/"},"img":{"alt_text":"","src":"https:\/\/i0.wp.com\/insightcrime.org\/wp-content\/uploads\/2023\/09\/Jose-Otty-Patino-Nicolas-Rodriguez-Gabino-Pablo-Beltran-Negotiations-between-the-ELN-and-the-Colombian-government-May-2023-23122598966924-A2-1.jpg?fit=1200%2C690&quality=100&ssl=1&resize=350%2C200","width":350,"height":200,"srcset":"https:\/\/i0.wp.com\/insightcrime.org\/wp-content\/uploads\/2023\/09\/Jose-Otty-Patino-Nicolas-Rodriguez-Gabino-Pablo-Beltran-Negotiations-between-the-ELN-and-the-Colombian-government-May-2023-23122598966924-A2-1.jpg?fit=1200%2C690&quality=100&ssl=1&resize=350%2C200 1x, https:\/\/i0.wp.com\/insightcrime.org\/wp-content\/uploads\/2023\/09\/Jose-Otty-Patino-Nicolas-Rodriguez-Gabino-Pablo-Beltran-Negotiations-between-the-ELN-and-the-Colombian-government-May-2023-23122598966924-A2-1.jpg?fit=1200%2C690&quality=100&ssl=1&resize=525%2C300 1.5x, https:\/\/i0.wp.com\/insightcrime.org\/wp-content\/uploads\/2023\/09\/Jose-Otty-Patino-Nicolas-Rodriguez-Gabino-Pablo-Beltran-Negotiations-between-the-ELN-and-the-Colombian-government-May-2023-23122598966924-A2-1.jpg?fit=1200%2C690&quality=100&ssl=1&resize=700%2C400 2x, https:\/\/i0.wp.com\/insightcrime.org\/wp-content\/uploads\/2023\/09\/Jose-Otty-Patino-Nicolas-Rodriguez-Gabino-Pablo-Beltran-Negotiations-between-the-ELN-and-the-Colombian-government-May-2023-23122598966924-A2-1.jpg?fit=1200%2C690&quality=100&ssl=1&resize=1050%2C600 3x"},"classes":[]},{"id":233348,"url":"https:\/\/insightcrime.org\/es\/noticias-crimen-organizado-colombia\/eln-colombia\/","url_meta":{"origin":195314,"position":1},"title":"Ej\u00e9rcito de Liberaci\u00f3n Nacional (ELN)","author":"InSight Crime","date":"12 de agosto de 2026","format":false,"excerpt":"Ej\u00e9rcito de Liberaci\u00f3n Nacional (ELN): qui\u00e9nes lo lideran, d\u00f3nde opera y c\u00f3mo se financia. Perfil completo y actualizado en 2026.","rel":"","context":"En \u00abColombia\u00bb","block_context":{"text":"Colombia","link":"https:\/\/insightcrime.org\/es\/category\/noticias-crimen-organizado-colombia\/"},"img":{"alt_text":"Ej\u00e9rcito de Liberaci\u00f3n Nacional (ELN), Colombia.","src":"https:\/\/i0.wp.com\/insightcrime.org\/wp-content\/uploads\/2026\/07\/Grupo-Criminal-ELN.jpg?fit=1200%2C900&quality=100&ssl=1&resize=350%2C200","width":350,"height":200,"srcset":"https:\/\/i0.wp.com\/insightcrime.org\/wp-content\/uploads\/2026\/07\/Grupo-Criminal-ELN.jpg?fit=1200%2C900&quality=100&ssl=1&resize=350%2C200 1x, https:\/\/i0.wp.com\/insightcrime.org\/wp-content\/uploads\/2026\/07\/Grupo-Criminal-ELN.jpg?fit=1200%2C900&quality=100&ssl=1&resize=525%2C300 1.5x, https:\/\/i0.wp.com\/insightcrime.org\/wp-content\/uploads\/2026\/07\/Grupo-Criminal-ELN.jpg?fit=1200%2C900&quality=100&ssl=1&resize=700%2C400 2x, https:\/\/i0.wp.com\/insightcrime.org\/wp-content\/uploads\/2026\/07\/Grupo-Criminal-ELN.jpg?fit=1200%2C900&quality=100&ssl=1&resize=1050%2C600 3x"},"classes":[]},{"id":232495,"url":"https:\/\/insightcrime.org\/es\/noticias\/ano-paz-total-colombia-menos-violencia-criminales-fuertes\/","url_meta":{"origin":195314,"position":2},"title":"Un a\u00f1o de Paz Total en Colombia: menos violencia, grupos criminales m\u00e1s fuertes","author":"Yago Rosado","date":"24 de agosto de 2023","format":false,"excerpt":"Tras un a\u00f1o del inicio del proyecto de Paz Total del presidente colombiano Gustavo Petro, un informe describe el fortalecimiento de los grupos criminales, aunque haya disminuido la violencia contra el Estado colombiano.","rel":"","context":"En \u00abNoticias\u00bb","block_context":{"text":"Noticias","link":"https:\/\/insightcrime.org\/es\/category\/noticias\/"},"img":{"alt_text":"El presidente Gustavo Petro el d\u00eda de su posesi\u00f3n presidencial","src":"https:\/\/i0.wp.com\/insightcrime.org\/wp-content\/uploads\/2023\/09\/Petro-1.jpg?fit=350%2C250&quality=100&ssl=1&resize=350%2C200","width":350,"height":200},"classes":[]},{"id":233192,"url":"https:\/\/insightcrime.org\/es\/noticias\/gobierno-colombia-incauta-record-cocaina-negocia-con-narcotraficantes\/","url_meta":{"origin":195314,"position":3},"title":"Gobierno de Colombia incauta r\u00e9cord de coca\u00edna mientras negocia con narcotraficantes","author":"Juan Diego Posada","date":"3 de febrero de 2023","format":false,"excerpt":"Colombia incaut\u00f3 671 toneladas de coca\u00edna en 2022, por valor de m\u00e1s de 16.000 millones de d\u00f3lares a precios al por mayor en Estados Unidos. El bot\u00edn para 2023 puede ser a\u00fan mayor, ya que se prev\u00e9n niveles r\u00e9cord de producci\u00f3n.","rel":"","context":"En \u00abNoticias\u00bb","block_context":{"text":"Noticias","link":"https:\/\/insightcrime.org\/es\/category\/noticias\/"},"img":{"alt_text":"Coca\u00edna incautada por la Fuerza P\u00fablica de Colombia durante el 2022","src":"https:\/\/i0.wp.com\/insightcrime.org\/wp-content\/uploads\/2023\/02\/Fuerzas-Militares-Incautaciones-record.jpg?fit=350%2C250&quality=100&ssl=1&resize=350%2C200","width":350,"height":200},"classes":[]},{"id":286738,"url":"https:\/\/insightcrime.org\/es\/noticias\/gobierno-colombiano-luz-verde-dialogos-paz-agc\/","url_meta":{"origin":195314,"position":4},"title":"Gobierno colombiano anuncia di\u00e1logos de paz con las AGC","author":"Lara Loaiza","date":"7 de agosto de 2024","format":false,"excerpt":"En una medida que podr\u00eda transformar por completo el panorama criminal de Colombia, el gobierno colombiano ha anunciado que entrar\u00e1 a negociar con uno de los grupos criminales m\u00e1s poderosos del pa\u00eds, Los Gaitanistas, tambi\u00e9n conocidos como el Clan del Golfo.","rel":"","context":"En \u00abNoticias\u00bb","block_context":{"text":"Noticias","link":"https:\/\/insightcrime.org\/es\/category\/noticias\/"},"img":{"alt_text":"Soldier walks in front of building graffiti reading \"AGC\" Soldado camina en frente de un edificio con las marcas \"AGC\"","src":"https:\/\/i0.wp.com\/insightcrime.org\/wp-content\/uploads\/2024\/08\/24-07-06-Colombia-AGC-Peace-Dialogued-El-Pais11.jpg?fit=350%2C250&quality=100&ssl=1&resize=350%2C200","width":350,"height":200},"classes":[]},{"id":201527,"url":"https:\/\/insightcrime.org\/es\/noticias\/arauca-obstaculo-en-el-camino-para-la-paz-del-eln-con-colombia\/","url_meta":{"origin":195314,"position":5},"title":"Arauca: \u00bfun obst\u00e1culo en el camino para la paz del ELN con Colombia?","author":"Javier Lizcano Villalba","date":"14 de octubre de 2022","format":false,"excerpt":"Arauca podr\u00eda convertirse en el mayor problema para la paz entre Colombia y el ELN","rel":"","context":"En \u00abNoticias\u00bb","block_context":{"text":"Noticias","link":"https:\/\/insightcrime.org\/es\/category\/noticias\/"},"img":{"alt_text":"Dos miembros uniformados del ELN en medio de la selva","src":"https:\/\/i0.wp.com\/insightcrime.org\/wp-content\/uploads\/2022\/10\/ELN-Arauca-Nuestro-Llano-TV-2020.jpg?fit=350%2C250&quality=100&ssl=1&resize=350%2C200","width":350,"height":200},"classes":[]}],"jetpack_featured_media_url":"https:\/\/i0.wp.com\/insightcrime.org\/wp-content\/uploads\/2022\/08\/1628778114_155079_1628778247_noticia_normal_recorte1-1.jpeg?fit=350%2C202&quality=100&ssl=1","_links":{"self":[{"href":"https:\/\/insightcrime.org\/es\/wp-json\/wp\/v2\/posts\/195314","targetHints":{"allow":["GET"]}}],"collection":[{"href":"https:\/\/insightcrime.org\/es\/wp-json\/wp\/v2\/posts"}],"about":[{"href":"https:\/\/insightcrime.org\/es\/wp-json\/wp\/v2\/types\/post"}],"author":[{"embeddable":true,"href":"https:\/\/insightcrime.org\/es\/wp-json\/wp\/v2\/users\/223"}],"replies":[{"embeddable":true,"href":"https:\/\/insightcrime.org\/es\/wp-json\/wp\/v2\/comments?post=195314"}],"version-history":[{"count":8,"href":"https:\/\/insightcrime.org\/es\/wp-json\/wp\/v2\/posts\/195314\/revisions"}],"predecessor-version":[{"id":211879,"href":"https:\/\/insightcrime.org\/es\/wp-json\/wp\/v2\/posts\/195314\/revisions\/211879"}],"wp:featuredmedia":[{"embeddable":true,"href":"https:\/\/insightcrime.org\/es\/wp-json\/wp\/v2\/media\/195275"}],"wp:attachment":[{"href":"https:\/\/insightcrime.org\/es\/wp-json\/wp\/v2\/media?parent=195314"}],"wp:term":[{"taxonomy":"category","embeddable":true,"href":"https:\/\/insightcrime.org\/es\/wp-json\/wp\/v2\/categories?post=195314"},{"taxonomy":"post_tag","embeddable":true,"href":"https:\/\/insightcrime.org\/es\/wp-json\/wp\/v2\/tags?post=195314"},{"taxonomy":"newspack_spnsrs_tax","embeddable":true,"href":"https:\/\/insightcrime.org\/es\/wp-json\/wp\/v2\/newspack_spnsrs_tax?post=195314"},{"taxonomy":"author","embeddable":true,"href":"https:\/\/insightcrime.org\/es\/wp-json\/wp\/v2\/coauthors?post=195314"}],"curies":[{"name":"wp","href":"https:\/\/api.w.org\/{rel}","templated":true}]}}