{"id":197498,"date":"2022-09-09T16:53:02","date_gmt":"2022-09-09T21:53:02","guid":{"rendered":"https:\/\/insightcrime.org\/?p=197498"},"modified":"2022-09-13T07:50:28","modified_gmt":"2022-09-13T12:50:28","slug":"exparamilitar-colombiano-hernan-giraldo-acusado-abusar-menores","status":"publish","type":"post","link":"https:\/\/insightcrime.org\/es\/noticias\/exparamilitar-colombiano-hernan-giraldo-acusado-abusar-menores\/","title":{"rendered":"Exparamilitar colombiano Hern\u00e1n Giraldo acusado de abuso de menores"},"content":{"rendered":"\n<p class=\"wp-block-paragraph\">En un caso que puede tener importantes implicaciones jur\u00eddicas, un excomandante paramilitar colombiano de las temidas autodefensas de derecha en Colombia, fue acusado formalmente de haber abusado sexualmente de menores de edad.<\/p>\n\n\n\n<p class=\"wp-block-paragraph\">La acusaci\u00f3n lleg\u00f3 el 8 de septiembre despu\u00e9s de varios meses de <a href=\"https:\/\/www.fiscalia.gov.co\/colombia\/derechos-humanos\/fiscalia-abre-investigacion-y-libra-orden-de-captura-contra-el-exjefe-paramilitar-hernan-giraldo-serna-por-su-presunta-responsabilidad-en-abusos-sexuales-a-menores-de-edad\/\" target=\"_blank\" rel=\"noreferrer noopener\">investigaci\u00f3n<\/a> contra Giraldo Serna, alias \u201cEl Taladro\u201d, comandante del Bloque Resistencia Tayrona de las Autodefensas Unidas de Colombia (<a href=\"https:\/\/es.insightcrime.org\/noticias-crimen-organizado-colombia\/auc-perfil\/\" target=\"_blank\" rel=\"noreferrer noopener\">AUC<\/a>), por el presunto abuso sexual de menores de edad mientras permanec\u00eda recluido en dos c\u00e1rceles en Colombia.<\/p>\n\n\n\n<p class=\"wp-block-paragraph\"><strong><mark style=\"background-color:rgba(0, 0, 0, 0)\" class=\"has-inline-color has-vivid-red-color\">VEA TAMBI\u00c9N:<\/mark><\/strong> <a href=\"https:\/\/es.insightcrime.org\/investigaciones\/paramilitarismo-violencia-sexual-costa-caribe-de-colombia\/\" target=\"_blank\" rel=\"noreferrer noopener\">Paramilitarismo y violencia sexual en la costa Caribe de Colombia<\/a><\/p>\n\n\n\n<p class=\"wp-block-paragraph\">\u00abLas evidencias recaudadas por la fiscal\u00eda general de la Naci\u00f3n se\u00f1alan que, al menos, cuatro menores de edad habr\u00edan sido instrumentalizadas e ingresadas mediante enga\u00f1os a centros de reclusi\u00f3n ubicados en [los departamentos de] Antioquia y Atl\u00e1ntico donde estuvo privado de la libertad Giraldo Serna, entre febrero de 2006 y mayo de 2008\u201d,&nbsp;<a href=\"https:\/\/www.fiscalia.gov.co\/colombia\/noticias\/fiscalia-declara-de-lesa-humanidad-los-delitos-de-violencia-sexual-basados-en-genero-contra-menores-de-edad-por-los-que-acuso-formalmente-al-exjefe-paramilitar-hernan-giraldo-serna\/\" target=\"_blank\" rel=\"noreferrer noopener\">anunci\u00f3<\/a> la Fiscal\u00eda colombiana.<\/p>\n\n\n\n<p class=\"wp-block-paragraph\">Es importante se\u00f1alar que la Fiscal\u00eda tambi\u00e9n <a href=\"https:\/\/www.fiscalia.gov.co\/colombia\/noticias\/fiscalia-declara-de-lesa-humanidad-los-delitos-de-violencia-sexual-basados-en-genero-contra-menores-de-edad-por-los-que-acuso-formalmente-al-exjefe-paramilitar-hernan-giraldo-serna\/\" target=\"_blank\" rel=\"noreferrer noopener nofollow\">declar\u00f3<\/a> los hechos de violencia sexual perpetrados por Giraldo Serna como delitos de lesa humanidad, una declaraci\u00f3n que puede abrir la puerta a la judicializaci\u00f3n de otros criminales de guerra por este tipo de delitos. Otros delitos de los que se acus\u00f3 al exparamilitar fueron agresi\u00f3n sexual violenta, trata de personas y aborto forzado.<\/p>\n\n\n\n<h2 class=\"wp-block-heading\" id=\"h-analisis-de-insight-crime\"><strong>An\u00e1lisis de InSight Crime<\/strong><\/h2>\n\n\n\n<p class=\"wp-block-paragraph\">La designaci\u00f3n de los actos de violencia sexual perpetrados por Giraldo Serna como cr\u00edmenes de lesa humanidad es relevante porque al clasificarlos como delitos de guerra, se asegura que la responsabilidad no caduque con el tiempo.<\/p>\n\n\n\n<p class=\"wp-block-paragraph\">Los casos de violencia sexual por los que est\u00e1 siendo acusado Hern\u00e1n Giraldo actualmente no ser\u00edan los \u00fanicos que cometi\u00f3. <a href=\"https:\/\/www.comisiondelaverdad.co\/mi-cuerpo-es-la-verdad\" target=\"_blank\" rel=\"noreferrer noopener\">Conocido<\/a> como el \u201cmayor depredador\u201d del pa\u00eds, Giraldo supuestamente cometi\u00f3 m\u00e1s de <a href=\"https:\/\/www.eltiempo.com\/colombia\/barranquilla\/tras-el-rastro-de-los-abusos-de-hernan-giraldo-en-magdalena-346746\" target=\"_blank\" rel=\"noreferrer noopener\">doscientas<\/a> violaciones durante su comandancia paramilitar.<\/p>\n\n\n\n<p class=\"wp-block-paragraph\">Desde la d\u00e9cada de los ochenta hasta su desmovilizaci\u00f3n en 2006, Giraldo y sus hombres <a href=\"https:\/\/es.insightcrime.org\/investigaciones\/un-imperio-criminal-violentaba-ninas-mujeres\/\" target=\"_blank\" rel=\"noreferrer noopener\">ejercieron<\/a> dominio sobre la Sierra Nevada de Santa Marta, en el Caribe colombiano, en gran parte mediante el abuso sexual sistem\u00e1tico de ni\u00f1as y mujeres.\u00a0<\/p>\n\n\n\n<p class=\"wp-block-paragraph\">Hay evidencia suficiente de que Giraldo y su grupo usaron la violencia sexual como arma de guerra para controlar el territorio y perpetuar su imperio criminal, como lo <a href=\"https:\/\/es.insightcrime.org\/investigaciones\/paramilitarismo-violencia-sexual-costa-caribe-de-colombia\/\" target=\"_blank\" rel=\"noreferrer noopener\">document\u00f3<\/a> InSight Crime en una investigaci\u00f3n a fondo sobre el tema.<\/p>\n\n\n\n<p class=\"wp-block-paragraph\">Sin embargo, no es claro si se litigar\u00e1 sobre estos nuevos casos penales, pues en 2018 Giraldo fue <a href=\"https:\/\/www.fiscalia.gov.co\/colombia\/wp-content\/uploads\/2018-12-18-Hernan-Giraldo-Extracto.pdf\" target=\"_blank\" rel=\"noreferrer noopener\">sentenciado<\/a> por este y otros delitos en los tribunales de Justicia y Paz, encargados de juzgar los cr\u00edmenes cometidos por los paramilitares desmovilizados.<\/p>\n\n\n\n<blockquote class=\"wp-block-quote is-layout-flow wp-block-quote-is-layout-flow\"><p><strong><mark style=\"background-color:rgba(0, 0, 0, 0)\" class=\"has-inline-color has-vivid-red-color\">VEA TAMBI\u00c9N:<\/mark><\/strong> <a href=\"https:\/\/es.insightcrime.org\/investigaciones\/un-imperio-criminal-violentaba-ninas-mujeres\/\" target=\"_blank\" rel=\"noreferrer noopener\">Un imperio criminal que violentaba a ni\u00f1as y mujeres<\/a><\/p><\/blockquote>\n\n\n\n<p class=\"wp-block-paragraph\">Pese a todo, la decisi\u00f3n de la Fiscal\u00eda sienta un precedente para que este tipo de cr\u00edmenes, que fueron generalizados y sistem\u00e1ticos en el conflicto, puedan llevarse a juicio para otros presuntos criminales de guerra. Otras investigaciones realizadas por organismos como la Comisi\u00f3n de la Verdad, entidad encargada de investigar y exponer los abusos cometidos durante el conflicto, confirman el uso de la violencia sexual por parte de los actores armados.<\/p>\n\n\n\n<p class=\"wp-block-paragraph\">\u201cLa Comisi\u00f3n pudo constatar que en el caso del paramilitarismo y sobre todo en el Caribe, Meta y Putumayo, la violencia sexual fue utilizada como una estrategia de guerra para amenazar y posteriormente vaciar el territorio y despojar. Hab\u00eda una intencionalidad de controlar y cooptar el territorio, para beneficio de intereses econ\u00f3micos y pol\u00edticos, utilizando la violencia sexual\u201d, <a href=\"https:\/\/es.insightcrime.org\/noticias\/conflicto-armado-colombia-agudizo-violencia-contra-mujeres-comunidad-lgtbiq-comision-verdad\/\" target=\"_blank\" rel=\"noreferrer noopener\">relat\u00f3<\/a> a InSight Crime Alejandra Miller, Comisionada de la Verdad.<\/p>\n\n\n\n<p class=\"wp-block-paragraph\">M\u00e1s a\u00fan, de ser declarado culpable por estos hechos de violencia sexual cometidos tras su desmovilizaci\u00f3n de las AUC, Giraldo perder\u00eda los beneficios de la Ley de Justicia y Paz, que le otorgaba penas alternativas de hasta 8 a\u00f1os de c\u00e1rcel, y por lo tanto ser\u00eda juzgado por la justicia ordinaria.<\/p>\n","protected":false},"excerpt":{"rendered":"<p>En un caso que puede tener importantes implicaciones jur\u00eddicas, un excomandante paramilitar colombiano de las temidas autodefensas de derecha en Colombia, fue acusado formalmente de haber abusado sexualmente de menores de edad.<\/p>\n","protected":false},"author":203,"featured_media":137622,"comment_status":"closed","ping_status":"closed","sticky":false,"template":"","format":"standard","meta":{"newspack_ads_suppress_ads":false,"newspack_popups_has_disabled_popups":false,"newspack_sponsor_sponsorship_scope":"","newspack_sponsor_native_byline_display":"inherit","newspack_sponsor_native_category_display":"inherit","newspack_sponsor_underwriter_style":"inherit","newspack_sponsor_underwriter_placement":"inherit","_EventAllDay":false,"_EventTimezone":"","_EventStartDate":"","_EventEndDate":"","_EventStartDateUTC":"","_EventEndDateUTC":"","_EventShowMap":false,"_EventShowMapLink":false,"_EventURL":"","_EventCost":"","_EventCostDescription":"","_EventCurrencySymbol":"","_EventCurrencyCode":"","_EventCurrencyPosition":"","_EventDateTimeSeparator":"","_EventTimeRangeSeparator":"","_EventOrganizerID":[],"_EventVenueID":[],"_OrganizerEmail":"","_OrganizerPhone":"","_OrganizerWebsite":"","_VenueAddress":"","_VenueCity":"","_VenueCountry":"","_VenueProvince":"","_VenueState":"","_VenueZip":"","_VenuePhone":"","_VenueURL":"","_VenueStateProvince":"","_VenueLat":"","_VenueLng":"","_VenueShowMap":false,"_VenueShowMapLink":false,"_newspack_byline_active":false,"_newspack_byline":"","newspack_hide_updated_date":false,"newspack_show_updated_date":false,"newspack_featured_image_position":"","newspack_post_subtitle":"","newspack_article_summary_title":"Overview:","newspack_article_summary":"","_jetpack_memberships_contains_paid_content":false,"footnotes":""},"categories":[759],"tags":[574,547],"newspack_spnsrs_tax":[],"coauthors":[4249,4068],"class_list":["post-197498","post","type-post","status-publish","format-standard","has-post-thumbnail","hentry","category-noticias","tag-auc","tag-colombia","entry"],"parsely":{"version":"1.1.0","canonical_url":"https:\/\/insightcrime.org\/es\/noticias\/exparamilitar-colombiano-hernan-giraldo-acusado-abusar-menores\/","smart_links":{"inbound":0,"outbound":0},"traffic_boost_suggestions_count":0,"meta":{"@context":"https:\/\/schema.org","@type":"NewsArticle","headline":"Exparamilitar colombiano Hern\u00e1n Giraldo acusado de abuso de menores","url":"http:\/\/insightcrime.org\/es\/noticias\/exparamilitar-colombiano-hernan-giraldo-acusado-abusar-menores\/","mainEntityOfPage":{"@type":"WebPage","@id":"http:\/\/insightcrime.org\/es\/noticias\/exparamilitar-colombiano-hernan-giraldo-acusado-abusar-menores\/"},"thumbnailUrl":"https:\/\/i0.wp.com\/insightcrime.org\/wp-content\/uploads\/2021\/03\/giraldo_hernan.jpg?resize=150%2C150&quality=100&ssl=1","image":{"@type":"ImageObject","url":"https:\/\/i0.wp.com\/insightcrime.org\/wp-content\/uploads\/2021\/03\/giraldo_hernan.jpg?fit=350%2C250&quality=100&ssl=1"},"articleSection":"Noticias","author":[{"@type":"Person","name":"Sara Garcia"},{"@type":"Person","name":"Laura \u00c1vila"}],"creator":["Sara Garcia","Laura \u00c1vila"],"publisher":{"@type":"Organization","name":"InSight Crime","logo":"https:\/\/insightcrime.org\/wp-content\/uploads\/2023\/08\/logo.png"},"keywords":["auc","colombia"],"dateCreated":"2022-09-09T21:53:02Z","datePublished":"2022-09-09T21:53:02Z","dateModified":"2022-09-13T12:50:28Z"},"rendered":"<meta name=\"parsely-title\" content=\"Exparamilitar colombiano Hern\u00e1n Giraldo acusado de abuso de menores\" \/>\n<meta name=\"parsely-link\" content=\"http:\/\/insightcrime.org\/es\/noticias\/exparamilitar-colombiano-hernan-giraldo-acusado-abusar-menores\/\" \/>\n<meta name=\"parsely-type\" content=\"post\" \/>\n<meta name=\"parsely-image-url\" content=\"https:\/\/i0.wp.com\/insightcrime.org\/wp-content\/uploads\/2021\/03\/giraldo_hernan.jpg?resize=150%2C150&amp;quality=100&amp;ssl=1\" \/>\n<meta name=\"parsely-pub-date\" content=\"2022-09-09T21:53:02Z\" \/>\n<meta name=\"parsely-section\" content=\"Noticias\" \/>\n<meta name=\"parsely-tags\" content=\"auc,colombia\" \/>\n<meta name=\"parsely-author\" content=\"Sara Garcia\" \/>\n<meta name=\"parsely-author\" content=\"Laura \u00c1vila\" \/>","tracker_url":"https:\/\/cdn.parsely.com\/keys\/insightcrime.org\/p.js"},"jetpack_sharing_enabled":true,"jetpack-related-posts":[{"id":272086,"url":"https:\/\/insightcrime.org\/es\/noticias-crimen-organizado-colombia\/salvatore-mancuso\/","url_meta":{"origin":197498,"position":0},"title":"Salvatore Mancuso","author":"InSight Crime","date":"12 de julio de 2024","format":false,"excerpt":"Salvatore Mancuso, alias \u201cEl Mono\u201d o \u201cSantander Lozada\u201d, es un excomandante paramilitar colombiano que hizo parte de las Autodefensas Campesinas de C\u00f3rdoba y Urab\u00e1 (ACCU) y de las Autodefensas Unidas de Colombia (AUC).","rel":"","context":"En \u00abColombia\u00bb","block_context":{"text":"Colombia","link":"https:\/\/insightcrime.org\/es\/category\/noticias-crimen-organizado-colombia\/"},"img":{"alt_text":"Salvatore Mancuso","src":"https:\/\/i0.wp.com\/insightcrime.org\/wp-content\/uploads\/2026\/06\/Perfil-Criminal-Salvatore-Mancuso.jpg?fit=1200%2C900&quality=100&ssl=1&resize=350%2C200","width":350,"height":200,"srcset":"https:\/\/i0.wp.com\/insightcrime.org\/wp-content\/uploads\/2026\/06\/Perfil-Criminal-Salvatore-Mancuso.jpg?fit=1200%2C900&quality=100&ssl=1&resize=350%2C200 1x, https:\/\/i0.wp.com\/insightcrime.org\/wp-content\/uploads\/2026\/06\/Perfil-Criminal-Salvatore-Mancuso.jpg?fit=1200%2C900&quality=100&ssl=1&resize=525%2C300 1.5x, https:\/\/i0.wp.com\/insightcrime.org\/wp-content\/uploads\/2026\/06\/Perfil-Criminal-Salvatore-Mancuso.jpg?fit=1200%2C900&quality=100&ssl=1&resize=700%2C400 2x, https:\/\/i0.wp.com\/insightcrime.org\/wp-content\/uploads\/2026\/06\/Perfil-Criminal-Salvatore-Mancuso.jpg?fit=1200%2C900&quality=100&ssl=1&resize=1050%2C600 3x"},"classes":[]},{"id":7016,"url":"https:\/\/insightcrime.org\/es\/noticias-crimen-organizado-colombia\/auc-perfil\/","url_meta":{"origin":197498,"position":1},"title":"AUC","author":"InSight Crime","date":"11 de junio de 2024","format":false,"excerpt":"Las Autodefensas Unidas de Colombia (AUC) fueron una coalici\u00f3n de ej\u00e9rcitos paramilitares de ultraderecha. Seg\u00fan sus principales l\u00edderes, su objetivo era detener la expansi\u00f3n de las guerrillas de izquierda en Colombia, sin embargo, detr\u00e1s de esto camuflaron un amplio portafolio de actividades il\u00edcitas y cr\u00edmenes de guerra como narcotr\u00e1fico, desplazamiento\u2026","rel":"","context":"En \u00abColombia\u00bb","block_context":{"text":"Colombia","link":"https:\/\/insightcrime.org\/es\/category\/noticias-crimen-organizado-colombia\/"},"img":{"alt_text":"United Self-Defense Forces of Colombia (AUC)","src":"https:\/\/i0.wp.com\/insightcrime.org\/wp-content\/uploads\/2026\/05\/Grupo-Criminal-AUC.jpg?fit=1200%2C900&quality=100&ssl=1&resize=350%2C200","width":350,"height":200,"srcset":"https:\/\/i0.wp.com\/insightcrime.org\/wp-content\/uploads\/2026\/05\/Grupo-Criminal-AUC.jpg?fit=1200%2C900&quality=100&ssl=1&resize=350%2C200 1x, https:\/\/i0.wp.com\/insightcrime.org\/wp-content\/uploads\/2026\/05\/Grupo-Criminal-AUC.jpg?fit=1200%2C900&quality=100&ssl=1&resize=525%2C300 1.5x, https:\/\/i0.wp.com\/insightcrime.org\/wp-content\/uploads\/2026\/05\/Grupo-Criminal-AUC.jpg?fit=1200%2C900&quality=100&ssl=1&resize=700%2C400 2x, https:\/\/i0.wp.com\/insightcrime.org\/wp-content\/uploads\/2026\/05\/Grupo-Criminal-AUC.jpg?fit=1200%2C900&quality=100&ssl=1&resize=1050%2C600 3x"},"classes":[]},{"id":232677,"url":"https:\/\/insightcrime.org\/es\/noticias\/salvatore-mancuso-revela-informacion-redes-criminales-auc-colombia\/","url_meta":{"origin":197498,"position":2},"title":"Salvatore Mancuso revela informaci\u00f3n sobre redes criminales de las AUC en Colombia","author":"Sara Garcia","date":"23 de mayo de 2023","format":false,"excerpt":"El testimonio de uno de los comandantes m\u00e1s importantes de las Autodefensas Unidas de Colombia ante la justicia transicional colombiana esboza la relaci\u00f3n de las redes criminales de este grupo con miembros de altas esferas pol\u00edticas, econ\u00f3micas y militares del pa\u00eds.","rel":"","context":"En \u00abNoticias\u00bb","block_context":{"text":"Noticias","link":"https:\/\/insightcrime.org\/es\/category\/noticias\/"},"img":{"alt_text":"Salvatore Mancuso, exl\u00edder paramilitar, en una audiencia de la JEP","src":"https:\/\/i0.wp.com\/insightcrime.org\/wp-content\/uploads\/2023\/09\/Salvatore-Mancuso-1.jpg?fit=350%2C250&quality=100&ssl=1&resize=350%2C200","width":350,"height":200},"classes":[]},{"id":247041,"url":"https:\/\/insightcrime.org\/es\/noticias\/3-tendencias-marcaron-reclutamiento-infantil-conflicto-colombiano\/","url_meta":{"origin":197498,"position":3},"title":"3 tendencias que marcaron el reclutamiento infantil en el conflicto colombiano","author":"Juliana Manjarr\u00e9s","date":"20 de noviembre de 2023","format":false,"excerpt":"Colombia sigue encontrando obst\u00e1culos para proteger los derechos de ni\u00f1os y ni\u00f1as que son reclutados forzosamente por grupos armados y criminales a pesar de que el gobierno negocia la paz con unos de los actores armados m\u00e1s grandes del pa\u00eds.\u00a0","rel":"","context":"En \u00abNoticias\u00bb","block_context":{"text":"Noticias","link":"https:\/\/insightcrime.org\/es\/category\/noticias\/"},"img":{"alt_text":"The ELN is one of the groups with the highest numbers of child recruitment in Colombia.","src":"https:\/\/i0.wp.com\/insightcrime.org\/wp-content\/uploads\/2023\/11\/WZCIWIXQUFDDBGQ2LPOPEXXEZY-1.jpg?fit=350%2C250&quality=100&ssl=1&resize=350%2C200","width":350,"height":200},"classes":[]},{"id":137620,"url":"https:\/\/insightcrime.org\/es\/noticias\/pachenca-reaparecen-tras-retorno-lider-colombia\/","url_meta":{"origin":197498,"position":4},"title":"Los Pachenca reaparecen tras el retorno de su l\u00edder a Colombia","author":"Juan Diego Posada","date":"18 de marzo de 2021","format":false,"excerpt":"El retorno del hist\u00f3rico l\u00edder paramilitar Hern\u00e1n Giraldo habr\u00eda unificado la aparici\u00f3n del grupo al norte de Colombia, aunque desde hace a\u00f1os este pierde poder en terreno. Cambios de nombre, rendici\u00f3n y disputas con redes criminales, rodean hoy el escenario de los Pachenca.","rel":"","context":"En \u00abNoticias\u00bb","block_context":{"text":"Noticias","link":"https:\/\/insightcrime.org\/es\/category\/noticias\/"},"img":{"alt_text":"Hern\u00e1n Giraldo es custodiado por guardias colombianos","src":"https:\/\/i0.wp.com\/insightcrime.org\/wp-content\/uploads\/2021\/03\/giraldo_hernan.jpg?fit=350%2C250&quality=100&ssl=1&resize=350%2C200","width":350,"height":200},"classes":[]},{"id":147081,"url":"https:\/\/insightcrime.org\/es\/noticias\/desmovilizados-paramilitares-siguen-extorsionando\/","url_meta":{"origin":197498,"position":5},"title":"Desmovilizados pero no desarmados: paramilitares en Colombia siguen extorsionando","author":"Gabrielle Gorder","date":"31 de mayo de 2021","format":false,"excerpt":"Varios desmovilizados de un conocido grupo paramilitar de derecha en Colombia se hicieron pasar como un nuevo grupo de autodefensas y comenzaron a extorsionar.","rel":"","context":"En \u00abNoticias\u00bb","block_context":{"text":"Noticias","link":"https:\/\/insightcrime.org\/es\/category\/noticias\/"},"img":{"alt_text":"","src":"https:\/\/i0.wp.com\/insightcrime.org\/wp-content\/uploads\/2021\/05\/AUC-Caldas-Fiscalia-mayo2021.jpg?fit=1200%2C898&quality=100&ssl=1&resize=350%2C200","width":350,"height":200,"srcset":"https:\/\/i0.wp.com\/insightcrime.org\/wp-content\/uploads\/2021\/05\/AUC-Caldas-Fiscalia-mayo2021.jpg?fit=1200%2C898&quality=100&ssl=1&resize=350%2C200 1x, https:\/\/i0.wp.com\/insightcrime.org\/wp-content\/uploads\/2021\/05\/AUC-Caldas-Fiscalia-mayo2021.jpg?fit=1200%2C898&quality=100&ssl=1&resize=525%2C300 1.5x, https:\/\/i0.wp.com\/insightcrime.org\/wp-content\/uploads\/2021\/05\/AUC-Caldas-Fiscalia-mayo2021.jpg?fit=1200%2C898&quality=100&ssl=1&resize=700%2C400 2x, https:\/\/i0.wp.com\/insightcrime.org\/wp-content\/uploads\/2021\/05\/AUC-Caldas-Fiscalia-mayo2021.jpg?fit=1200%2C898&quality=100&ssl=1&resize=1050%2C600 3x"},"classes":[]}],"jetpack_featured_media_url":"https:\/\/i0.wp.com\/insightcrime.org\/wp-content\/uploads\/2021\/03\/giraldo_hernan.jpg?fit=350%2C250&quality=100&ssl=1","_links":{"self":[{"href":"https:\/\/insightcrime.org\/es\/wp-json\/wp\/v2\/posts\/197498","targetHints":{"allow":["GET"]}}],"collection":[{"href":"https:\/\/insightcrime.org\/es\/wp-json\/wp\/v2\/posts"}],"about":[{"href":"https:\/\/insightcrime.org\/es\/wp-json\/wp\/v2\/types\/post"}],"author":[{"embeddable":true,"href":"https:\/\/insightcrime.org\/es\/wp-json\/wp\/v2\/users\/203"}],"replies":[{"embeddable":true,"href":"https:\/\/insightcrime.org\/es\/wp-json\/wp\/v2\/comments?post=197498"}],"version-history":[{"count":14,"href":"https:\/\/insightcrime.org\/es\/wp-json\/wp\/v2\/posts\/197498\/revisions"}],"predecessor-version":[{"id":197732,"href":"https:\/\/insightcrime.org\/es\/wp-json\/wp\/v2\/posts\/197498\/revisions\/197732"}],"wp:featuredmedia":[{"embeddable":true,"href":"https:\/\/insightcrime.org\/es\/wp-json\/wp\/v2\/media\/137622"}],"wp:attachment":[{"href":"https:\/\/insightcrime.org\/es\/wp-json\/wp\/v2\/media?parent=197498"}],"wp:term":[{"taxonomy":"category","embeddable":true,"href":"https:\/\/insightcrime.org\/es\/wp-json\/wp\/v2\/categories?post=197498"},{"taxonomy":"post_tag","embeddable":true,"href":"https:\/\/insightcrime.org\/es\/wp-json\/wp\/v2\/tags?post=197498"},{"taxonomy":"newspack_spnsrs_tax","embeddable":true,"href":"https:\/\/insightcrime.org\/es\/wp-json\/wp\/v2\/newspack_spnsrs_tax?post=197498"},{"taxonomy":"author","embeddable":true,"href":"https:\/\/insightcrime.org\/es\/wp-json\/wp\/v2\/coauthors?post=197498"}],"curies":[{"name":"wp","href":"https:\/\/api.w.org\/{rel}","templated":true}]}}