{"id":200292,"date":"2022-09-30T09:35:52","date_gmt":"2022-09-30T14:35:52","guid":{"rendered":"https:\/\/insightcrime.org\/?p=200292"},"modified":"2024-07-24T12:18:17","modified_gmt":"2024-07-24T17:18:17","slug":"escandalo-pasaportes-uruguay-preguntas-corrupcion-gobierno","status":"publish","type":"post","link":"https:\/\/insightcrime.org\/es\/noticias\/escandalo-pasaportes-uruguay-preguntas-corrupcion-gobierno\/","title":{"rendered":"Esc\u00e1ndalo de pasaportes en Uruguay suscita preguntas sobre corrupci\u00f3n en el gobierno"},"content":{"rendered":"\n<p class=\"wp-block-paragraph\">La captura del jefe de custodia del presidente uruguayo en un presunto fraude con pasaportes es el segundo esc\u00e1ndalo de esas proporciones en el pa\u00eds y plantea interrogantes de si la corrupci\u00f3n en el gobierno ha pasado inadvertida por demasiado tiempo.<\/p>\n\n\n\n<p class=\"wp-block-paragraph\">Alejandro Astesiano fue detenido el 25 de septiembre, acusado de dirigir una red criminal que prove\u00eda partidas de nacimiento falsas que dec\u00edan que ciudadanos rusos ten\u00edan padres uruguayos, <a href=\"https:\/\/www.gub.uy\/fiscalia-general-nacion\/comunicacion\/noticias\/fiscalia-flagrancia-imputo-4-personas-pasaportes-falsos\" target=\"_blank\" rel=\"noreferrer noopener\">seg\u00fan<\/a> la Fiscal\u00eda General del pa\u00eds.<\/p>\n\n\n\n<p class=\"wp-block-paragraph\">Los fiscales <a href=\"https:\/\/www.elobservador.com.uy\/nota\/custodio-de-lacalle-pou-usaba-la-torre-ejecutiva-para-sus-negocios-ilicitos-2022927174428\" target=\"_blank\" rel=\"noreferrer noopener\">declararon<\/a> que Astesiano se reun\u00eda con sus coconspiradores en su oficina en la Torre Ejecutiva, que sirve como despacho oficial del presidente de Uruguay. Aunque hasta ahora los investigadores han hallado 20 casos de ciudadanos rusos que obtuvieron pasaportes uruguayos por esta v\u00eda, podr\u00eda haber muchos m\u00e1s.<\/p>\n\n\n\n<p class=\"wp-block-paragraph\">\u201cSon cientos o quiz\u00e1s miles las falsificaciones de documentos uruguayos\u00bb, <a href=\"https:\/\/www.elpais.com.uy\/informacion\/judiciales\/alejandro-astesiano-indagado-causas-ultimos-anos-diferentes-departamentos.html\" target=\"_blank\" rel=\"noreferrer noopener\">declar\u00f3<\/a> la fiscal Gabriela Fossati esta semana a El Pa\u00eds.<\/p>\n\n\n\n<blockquote class=\"wp-block-quote is-layout-flow wp-block-quote-is-layout-flow\"><p><strong><mark style=\"background-color:rgba(0, 0, 0, 0)\" class=\"has-inline-color has-vivid-red-color\">VEA TAMBI\u00c9N:<\/mark><\/strong><mark style=\"background-color:rgba(0, 0, 0, 0)\" class=\"has-inline-color has-vivid-red-color\"> <\/mark><a href=\"https:\/\/es.insightcrime.org\/noticias\/adapta-uruguay-nuevo-rol-narcotrafico-internacional\/\" target=\"_blank\" rel=\"noreferrer noopener\">\u00bfSe adaptar\u00e1 Uruguay a su nuevo rol en el narcotr\u00e1fico internacional?<\/a><\/p><\/blockquote>\n\n\n\n<p class=\"wp-block-paragraph\">Aunque el presidente Luis Lacalle Pou <a href=\"https:\/\/www.youtube.com\/watch?t=35&amp;v=_PYXD8XV6m4&amp;feature=youtu.be\" target=\"_blank\" rel=\"noreferrer noopener\">neg\u00f3 tener conocimiento<\/a> del caso antes del arresto de Astesiano, los dos hombres se conoc\u00edan de a\u00f1os atr\u00e1s. Astesiano fue investigado m\u00e1s de 20 veces en las dos \u00faltimas d\u00e9cadas, entre ellas m\u00faltiples veces por fraude, seg\u00fan indic\u00f3 <a href=\"https:\/\/www.elpais.com.uy\/informacion\/judiciales\/alejandro-astesiano-indagado-causas-ultimos-anos-diferentes-departamentos.html%23\" target=\"_blank\" rel=\"noreferrer noopener\">El Pa\u00eds<\/a>.<\/p>\n\n\n\n<p class=\"wp-block-paragraph\">El ministro del interior tambi\u00e9n abri\u00f3 una investigaci\u00f3n para saber si se alter\u00f3 el expediente del caso de Astesiano, pues el presidente Lacalle Pou fue presuntamente informado en 2020 y 2021 que su custodio de seguridad no ten\u00eda ning\u00fan proceso legal previo a su nombre.<\/p>\n\n\n\n<p class=\"wp-block-paragraph\">Las autoridades estaban bien infromadas de los problemas relacionados con el otorgamiento de ciudadan\u00edas en el pa\u00eds, seg\u00fan Ricardo Gil Iribarne, expresidente de la Junta de Transparencia y \u00c9tica P\u00fablica (JUTEP) del gobierno.<\/p>\n\n\n\n<p class=\"wp-block-paragraph\">\u201cSe ignoraron las irregularidades informadas desde hace por lo menos dos a\u00f1os por jerarcas de la Direcci\u00f3n Nacional de Identificaci\u00f3n Civil en los tr\u00e1mites de nacionalizaci\u00f3n de hijos y nietos de uruguayos supuestamente nacidos en el exterior\u201d, dijo a InSight Crime.<\/p>\n\n\n\n<p class=\"wp-block-paragraph\">Este es el segundo caso en relaci\u00f3n con la emisi\u00f3n fraudulenta de pasaportes que golpea al gobierno de Lacalle Pou. El narcotraficante uruguayo Sebasti\u00e1n Marset fue retenido en Dub\u00e1i en octubre de 2021 despu\u00e9s de ser sorprendido viajando con un <a href=\"https:\/\/es.insightcrime.org\/noticias\/persecucion-sebastian-marset-fundador-primer-cartel-uruguayo\/\" target=\"_blank\" rel=\"noreferrer noopener\">pasaporte paraguayo falso<\/a>. Marset contact\u00f3 a las autoridades en su pa\u00eds y r\u00e1pidamente se le emiti\u00f3 un nuevo pasaporte uruguayo, tras lo cual desapareci\u00f3. Actualmente se desconoce su paradero.<\/p>\n\n\n\n<p class=\"wp-block-paragraph\">A ra\u00edz de ese hecho, la Fiscal\u00eda General orden\u00f3 que se abriera una <a href=\"https:\/\/www.elpais.com.uy\/informacion\/judiciales\/entrega-pasaporte-marset-fiscalia-delitos-economicos-complejos-investigara-caso.html\" target=\"_blank\" rel=\"noreferrer noopener\">investigaci\u00f3n<\/a> para saber c\u00f3mo se le hab\u00eda otorgado su pasaporte a Marset, <a href=\"https:\/\/www.elpais.com.uy\/informacion\/judiciales\/entrega-pasaporte-marset-fiscalia-delitos-economicos-complejos-investigara-caso.html\" target=\"_blank\" rel=\"noreferrer noopener\">seg\u00fan<\/a> indicaron varios medios uruguayos.<\/p>\n\n\n\n<h2 class=\"wp-block-heading\" id=\"h-analisis-de-insight-crime\">An\u00e1lisis de InSight Crime<\/h2>\n\n\n\n<p class=\"wp-block-paragraph\">Aunque Uruguay contin\u00faa <a href=\"https:\/\/www.uruguayxxi.gub.uy\/es\/noticias\/articulo\/uruguay-mejora-en-indice-de-percepcion-de-corrupcion\/#:~:text=Seg%C3%BAn%20datos%20del%20movimiento%20global,en%20su%20%C3%BAltima%20medici%C3%B3n%20anual.\" target=\"_blank\" rel=\"noreferrer noopener\">mejorando<\/a> su posici\u00f3n en los rankings internacionales que hacen seguimiento a la transparencia gubernamental, varias investigaciones han complicado al gobierno del presidente Lacalle Pou este a\u00f1o.<\/p>\n\n\n\n<p class=\"wp-block-paragraph\">Adem\u00e1s de estas dos investigaciones relacionadas con pasaportes, la esposa del ministro de educaci\u00f3n de Uruguay fue <a href=\"https:\/\/www.ambito.com\/mundo\/uruguay\/detienen-la-esposa-un-ministro-lacalle-pou-el-caso-odebrecht-n5084154\" target=\"_blank\" rel=\"noreferrer noopener\">detenida<\/a> en febrero por cargos de lavado de dinero en relaci\u00f3n con el a\u00fan actual esc\u00e1ndalo de corrupci\u00f3n de Odebrecht.<\/p>\n\n\n\n<p class=\"wp-block-paragraph\">Han surgido m\u00e1s preguntas acerca de los integrantes del esquema de protecci\u00f3n del presidente. Aunque Lacalle Pou ha negado tener conocimiento de los antecedentes criminales de Astesiano, en septiembre de 2021 el medio uruguayo Radio Sarandi public\u00f3 una <a href=\"https:\/\/www.sarandi690.com.uy\/2021\/09\/07\/los-antecedentes-de-3-custodios-del-presidente-lacalle-pou\/\" target=\"_blank\" rel=\"noreferrer noopener\">investigaci\u00f3n<\/a> sobre los miembros de la guardia presidencial. Adem\u00e1s de Astesiano, su segundo al mando fue investigado por formar parte de un escuadr\u00f3n de la polic\u00eda presuntamente implicado en extorsi\u00f3n y sobornos. Un tercer integrante de la unidad de Astesiano fue tambi\u00e9n destituido de la polic\u00eda de Montevideo por ser sospechoso de haberse apropiado de un dinero incautado, producto de un robo.<\/p>\n\n\n\n<blockquote class=\"wp-block-quote is-layout-flow wp-block-quote-is-layout-flow\"><p><strong><mark style=\"background-color:rgba(0, 0, 0, 0)\" class=\"has-inline-color has-vivid-red-color\">VEA TAMBI\u00c9N:<\/mark><\/strong><mark style=\"background-color:rgba(0, 0, 0, 0)\" class=\"has-inline-color has-vivid-red-color\"> <\/mark><a href=\"https:\/\/es.insightcrime.org\/noticias\/persecucion-sebastian-marset-fundador-primer-cartel-uruguayo\/\" target=\"_blank\" rel=\"noreferrer noopener\">La persecuci\u00f3n de Sebasti\u00e1n Marset, fundador del Primer Cartel Uruguayo<\/a><\/p><\/blockquote>\n\n\n\n<p class=\"wp-block-paragraph\">Para Gil Iribarne, no reconocer la corrupci\u00f3n en el sistema pol\u00edtico de Uruguay ha resultado en la falta de implementaci\u00f3n de medidas b\u00e1sicas de prevenci\u00f3n y en el desconocimiento de se\u00f1ales de alerta hasta que ya es muy tarde. <\/p>\n\n\n\n<p class=\"wp-block-paragraph\">Aunque elogi\u00f3 el hecho de que Uruguay se mantenga como el pa\u00eds menos corrupto de Latinoam\u00e9rica, <a href=\"https:\/\/www.uruguayxxi.gub.uy\/en\/news\/article\/uruguay-improves-in-corruption-perceptions-index\/#:~:text=According%20to%20the%20global%20movement,corrupt%20country%20in%20Latin%20America.\" target=\"_blank\" rel=\"noreferrer noopener nofollow\">seg\u00fan<\/a> Transparencia Internacional, Iribarne se\u00f1al\u00f3 que \u201chay corrupci\u00f3n en Uruguay, como la hay en el resto del mundo, pero si no se reconoce, no se puede trabajar para resolver el problema\u201d.<\/p>\n","protected":false},"excerpt":{"rendered":"<p>La captura del jefe de custodia del presidente uruguayo en un presunto fraude con pasaportes es el segundo esc\u00e1ndalo de esas proporciones en el pa\u00eds y plantea interrogantes de si la corrupci\u00f3n en el gobierno ha pasado inadvertida por demasiado tiempo.<\/p>\n","protected":false},"author":178,"featured_media":200266,"comment_status":"closed","ping_status":"closed","sticky":false,"template":"","format":"standard","meta":{"newspack_ads_suppress_ads":false,"newspack_popups_has_disabled_popups":false,"newspack_sponsor_sponsorship_scope":"","newspack_sponsor_native_byline_display":"inherit","newspack_sponsor_native_category_display":"inherit","newspack_sponsor_underwriter_style":"inherit","newspack_sponsor_underwriter_placement":"inherit","_EventAllDay":false,"_EventTimezone":"","_EventStartDate":"","_EventEndDate":"","_EventStartDateUTC":"","_EventEndDateUTC":"","_EventShowMap":false,"_EventShowMapLink":false,"_EventURL":"","_EventCost":"","_EventCostDescription":"","_EventCurrencySymbol":"","_EventCurrencyCode":"","_EventCurrencyPosition":"","_EventDateTimeSeparator":"","_EventTimeRangeSeparator":"","_EventOrganizerID":[],"_EventVenueID":[],"_OrganizerEmail":"","_OrganizerPhone":"","_OrganizerWebsite":"","_VenueAddress":"","_VenueCity":"","_VenueCountry":"","_VenueProvince":"","_VenueState":"","_VenueZip":"","_VenuePhone":"","_VenueURL":"","_VenueStateProvince":"","_VenueLat":"","_VenueLng":"","_VenueShowMap":false,"_VenueShowMapLink":false,"_newspack_byline_active":false,"_newspack_byline":"","newspack_hide_updated_date":false,"newspack_show_updated_date":false,"newspack_featured_image_position":"","newspack_post_subtitle":"","newspack_article_summary_title":"Overview:","newspack_article_summary":"","_jetpack_memberships_contains_paid_content":false,"footnotes":""},"categories":[759],"tags":[447,427],"newspack_spnsrs_tax":[],"coauthors":[4140,4305],"class_list":["post-200292","post","type-post","status-publish","format-standard","has-post-thumbnail","hentry","category-noticias","tag-elites-y-crimen-organizado","tag-uruguay-pais","entry"],"parsely":{"version":"1.1.0","canonical_url":"https:\/\/insightcrime.org\/es\/noticias\/escandalo-pasaportes-uruguay-preguntas-corrupcion-gobierno\/","smart_links":{"inbound":0,"outbound":0},"traffic_boost_suggestions_count":0,"meta":{"@context":"https:\/\/schema.org","@type":"NewsArticle","headline":"Esc\u00e1ndalo de pasaportes en Uruguay suscita preguntas sobre corrupci\u00f3n en el gobierno","url":"http:\/\/insightcrime.org\/es\/noticias\/escandalo-pasaportes-uruguay-preguntas-corrupcion-gobierno\/","mainEntityOfPage":{"@type":"WebPage","@id":"http:\/\/insightcrime.org\/es\/noticias\/escandalo-pasaportes-uruguay-preguntas-corrupcion-gobierno\/"},"thumbnailUrl":"https:\/\/i0.wp.com\/insightcrime.org\/wp-content\/uploads\/2022\/09\/foco-1-1.jpeg?resize=150%2C150&quality=100&ssl=1","image":{"@type":"ImageObject","url":"https:\/\/i0.wp.com\/insightcrime.org\/wp-content\/uploads\/2022\/09\/foco-1-1.jpeg?fit=350%2C250&quality=100&ssl=1"},"articleSection":"Noticias","author":[{"@type":"Person","name":"Chris Dalby"},{"@type":"Person","name":"Sean Doherty"}],"creator":["Chris Dalby","Sean Doherty"],"publisher":{"@type":"Organization","name":"InSight Crime","logo":"https:\/\/insightcrime.org\/wp-content\/uploads\/2023\/08\/logo.png"},"keywords":["\u00e9lites y crimen","uruguay"],"dateCreated":"2022-09-30T14:35:52Z","datePublished":"2022-09-30T14:35:52Z","dateModified":"2024-07-24T17:18:17Z"},"rendered":"<meta name=\"parsely-title\" content=\"Esc\u00e1ndalo de pasaportes en Uruguay suscita preguntas sobre corrupci\u00f3n en el gobierno\" \/>\n<meta name=\"parsely-link\" content=\"http:\/\/insightcrime.org\/es\/noticias\/escandalo-pasaportes-uruguay-preguntas-corrupcion-gobierno\/\" \/>\n<meta name=\"parsely-type\" content=\"post\" \/>\n<meta name=\"parsely-image-url\" content=\"https:\/\/i0.wp.com\/insightcrime.org\/wp-content\/uploads\/2022\/09\/foco-1-1.jpeg?resize=150%2C150&amp;quality=100&amp;ssl=1\" \/>\n<meta name=\"parsely-pub-date\" content=\"2022-09-30T14:35:52Z\" \/>\n<meta name=\"parsely-section\" content=\"Noticias\" \/>\n<meta name=\"parsely-tags\" content=\"\u00e9lites y crimen,uruguay\" \/>\n<meta name=\"parsely-author\" content=\"Chris Dalby\" \/>\n<meta name=\"parsely-author\" content=\"Sean Doherty\" \/>","tracker_url":"https:\/\/cdn.parsely.com\/keys\/insightcrime.org\/p.js"},"jetpack_sharing_enabled":true,"jetpack-related-posts":[{"id":293133,"url":"https:\/\/insightcrime.org\/es\/noticias\/entrevistas\/corrupcion-uruguay-liberacion-exfuncionario\/","url_meta":{"origin":200292,"position":0},"title":"Corrupci\u00f3n en Uruguay en la mira tras la liberaci\u00f3n de un exfuncionario","author":"Christopher Newton","date":"25 de septiembre de 2024","format":false,"excerpt":"El ex jefe de la custodia presidencial de Uruguay sali\u00f3 de la c\u00e1rcel dos a\u00f1os y medio antes de concluir su pena por cargos relacionados con crimen organizado. Pero, aunque empieza un nuevo cap\u00edtulo, Uruguay sigue luchando con cuestionamientos alrededor de la infiltraci\u00f3n criminal en el gobierno.\u00a0","rel":"","context":"En \u00abQ&amp;A\u00bb","block_context":{"text":"Q&amp;A","link":"https:\/\/insightcrime.org\/es\/category\/noticias\/entrevistas\/"},"img":{"alt_text":"The Astesiano Case book cover \nEl caso Astesiano ","src":"https:\/\/i0.wp.com\/insightcrime.org\/wp-content\/uploads\/2024\/09\/El-caso-Astesiano-1.jpg?fit=350%2C250&quality=100&ssl=1&resize=350%2C200","width":350,"height":200},"classes":[]},{"id":232539,"url":"https:\/\/insightcrime.org\/es\/noticias\/importante-traficante-uruguay-desaparece-bolivia\/","url_meta":{"origin":200292,"position":1},"title":"Importante traficante de Uruguay vuelve a desaparecer en Bolivia","author":"Christopher Newton","date":"31 de julio de 2023","format":false,"excerpt":"El traficante uruguayo Sebasti\u00e1n Marset ha vuelto a evadir a las autoridades despu\u00e9s de estar a punto de ser capturado en Santa Cruz, Bolivia, un hecho que vuelve a poner en evidencia su habilidad para esconderse detr\u00e1s de la protecci\u00f3n oficial y de identidades falsas.","rel":"","context":"En \u00abNoticias\u00bb","block_context":{"text":"Noticias","link":"https:\/\/insightcrime.org\/es\/category\/noticias\/"},"img":{"alt_text":"Armas incautadas durante el allanamiento a la casa de Sebastian Marset en Santa Cruz, Bolivia.","src":"https:\/\/i0.wp.com\/insightcrime.org\/wp-content\/uploads\/2023\/09\/5dbda258ca24c80138ce41be613519c30da92464-1-1-1.jpg?fit=350%2C250&quality=100&ssl=1&resize=350%2C200","width":350,"height":200},"classes":[]},{"id":196348,"url":"https:\/\/insightcrime.org\/es\/noticias\/persecucion-sebastian-marset-fundador-primer-cartel-uruguayo\/","url_meta":{"origin":200292,"position":2},"title":"La persecuci\u00f3n de Sebasti\u00e1n Marset, fundador del Primer Cartel Uruguayo","author":"Chris Dalby","date":"31 de agosto de 2022","format":false,"excerpt":"Lo que es com\u00fan para otros pa\u00edses latinoamericanos, combatir grupos narcotraficantes con alcance internacional, es una novedad para Uruguay.","rel":"","context":"En \u00abNoticias\u00bb","block_context":{"text":"Noticias","link":"https:\/\/insightcrime.org\/es\/category\/noticias\/"},"img":{"alt_text":"Foto de Sebasti\u00e1n Marset frente a una plataforma para conciertos","src":"https:\/\/i0.wp.com\/insightcrime.org\/wp-content\/uploads\/2022\/08\/marset-1-1.jpg?fit=350%2C250&quality=100&ssl=1&resize=350%2C200","width":350,"height":200},"classes":[]},{"id":246198,"url":"https:\/\/insightcrime.org\/es\/noticias-crimen-organizado-bolivia\/sebastian-marset\/","url_meta":{"origin":200292,"position":3},"title":"Sebasti\u00e1n Marset","author":"Maria Luisa Valencia","date":"25 de junio de 2026","format":false,"excerpt":"Sebasti\u00e1n Marset, el autoproclamado \u201cRey del Sur\u201d, es el delincuente m\u00e1s notorio de Uruguay y l\u00edder del Primer Cartel Uruguayo (PCU). Fue capturado el 13 de marzo de 2026 en Bolivia.","rel":"","context":"En \u00abBolivia\u00bb","block_context":{"text":"Bolivia","link":"https:\/\/insightcrime.org\/es\/category\/noticias-crimen-organizado-bolivia\/"},"img":{"alt_text":"Sebasti\u00e1n Marset","src":"https:\/\/i0.wp.com\/insightcrime.org\/wp-content\/uploads\/2026\/06\/Perfil-criminal-Marset.jpeg?fit=1200%2C900&quality=100&ssl=1&resize=350%2C200","width":350,"height":200,"srcset":"https:\/\/i0.wp.com\/insightcrime.org\/wp-content\/uploads\/2026\/06\/Perfil-criminal-Marset.jpeg?fit=1200%2C900&quality=100&ssl=1&resize=350%2C200 1x, https:\/\/i0.wp.com\/insightcrime.org\/wp-content\/uploads\/2026\/06\/Perfil-criminal-Marset.jpeg?fit=1200%2C900&quality=100&ssl=1&resize=525%2C300 1.5x, https:\/\/i0.wp.com\/insightcrime.org\/wp-content\/uploads\/2026\/06\/Perfil-criminal-Marset.jpeg?fit=1200%2C900&quality=100&ssl=1&resize=700%2C400 2x, https:\/\/i0.wp.com\/insightcrime.org\/wp-content\/uploads\/2026\/06\/Perfil-criminal-Marset.jpeg?fit=1200%2C900&quality=100&ssl=1&resize=1050%2C600 3x"},"classes":[]},{"id":197997,"url":"https:\/\/insightcrime.org\/es\/noticias\/adapta-uruguay-nuevo-rol-narcotrafico-internacional\/","url_meta":{"origin":200292,"position":4},"title":"\u00bfSe adaptar\u00e1 Uruguay a su nuevo rol en el narcotr\u00e1fico internacional?","author":"Chris Dalby","date":"15 de septiembre de 2022","format":false,"excerpt":"Con la proliferaci\u00f3n de decomisos de drogas, Uruguay se ve obligado a reevaluar r\u00e1pidamente su posici\u00f3n en el tr\u00e1fico global de drogas. Pero antes de plantear las soluciones adecuadas, las autoridades deben hacer las preguntas adecuadas.","rel":"","context":"En \u00abNoticias\u00bb","block_context":{"text":"Noticias","link":"https:\/\/insightcrime.org\/es\/category\/noticias\/"},"img":{"alt_text":"Alijo de coca\u00edna incautado en Uruguay","src":"https:\/\/i0.wp.com\/insightcrime.org\/wp-content\/uploads\/2022\/09\/1655163075356-1.jpeg?fit=350%2C250&quality=100&ssl=1&resize=350%2C200","width":350,"height":200},"classes":[]},{"id":209522,"url":"https:\/\/insightcrime.org\/es\/noticias\/paises-latinoamerica-avanzan-poco-contra-corrupcion\/","url_meta":{"origin":200292,"position":5},"title":"Pa\u00edses de Latinoam\u00e9rica avanzan poco contra la corrupci\u00f3n","author":"Sean Doherty","date":"2 de febrero de 2023","format":false,"excerpt":"Un estancamiento de la acci\u00f3n contra la corrupci\u00f3n en los pa\u00edses de Latinoam\u00e9rica y el Caribe fue el dictamen de un nuevo informe de un reconocido organismo, por la falta de voluntad o capacidad de la mayor parte de los gobiernos para sacudir las poderosas redes que se lucran de\u2026","rel":"","context":"En \u00abNoticias\u00bb","block_context":{"text":"Noticias","link":"https:\/\/insightcrime.org\/es\/category\/noticias\/"},"img":{"alt_text":"","src":"https:\/\/i0.wp.com\/insightcrime.org\/wp-content\/uploads\/2023\/02\/A-Game-of-Inches-The-Uncertain-Fight-Against-Corruption-in-Latin-America-LAM-1-1.jpg?fit=350%2C250&quality=100&ssl=1&resize=350%2C200","width":350,"height":200},"classes":[]}],"jetpack_featured_media_url":"https:\/\/i0.wp.com\/insightcrime.org\/wp-content\/uploads\/2022\/09\/foco-1-1.jpeg?fit=350%2C250&quality=100&ssl=1","_links":{"self":[{"href":"https:\/\/insightcrime.org\/es\/wp-json\/wp\/v2\/posts\/200292","targetHints":{"allow":["GET"]}}],"collection":[{"href":"https:\/\/insightcrime.org\/es\/wp-json\/wp\/v2\/posts"}],"about":[{"href":"https:\/\/insightcrime.org\/es\/wp-json\/wp\/v2\/types\/post"}],"author":[{"embeddable":true,"href":"https:\/\/insightcrime.org\/es\/wp-json\/wp\/v2\/users\/178"}],"replies":[{"embeddable":true,"href":"https:\/\/insightcrime.org\/es\/wp-json\/wp\/v2\/comments?post=200292"}],"version-history":[{"count":5,"href":"https:\/\/insightcrime.org\/es\/wp-json\/wp\/v2\/posts\/200292\/revisions"}],"predecessor-version":[{"id":200340,"href":"https:\/\/insightcrime.org\/es\/wp-json\/wp\/v2\/posts\/200292\/revisions\/200340"}],"wp:featuredmedia":[{"embeddable":true,"href":"https:\/\/insightcrime.org\/es\/wp-json\/wp\/v2\/media\/200266"}],"wp:attachment":[{"href":"https:\/\/insightcrime.org\/es\/wp-json\/wp\/v2\/media?parent=200292"}],"wp:term":[{"taxonomy":"category","embeddable":true,"href":"https:\/\/insightcrime.org\/es\/wp-json\/wp\/v2\/categories?post=200292"},{"taxonomy":"post_tag","embeddable":true,"href":"https:\/\/insightcrime.org\/es\/wp-json\/wp\/v2\/tags?post=200292"},{"taxonomy":"newspack_spnsrs_tax","embeddable":true,"href":"https:\/\/insightcrime.org\/es\/wp-json\/wp\/v2\/newspack_spnsrs_tax?post=200292"},{"taxonomy":"author","embeddable":true,"href":"https:\/\/insightcrime.org\/es\/wp-json\/wp\/v2\/coauthors?post=200292"}],"curies":[{"name":"wp","href":"https:\/\/api.w.org\/{rel}","templated":true}]}}