{"id":207901,"date":"2023-01-16T11:46:45","date_gmt":"2023-01-16T16:46:45","guid":{"rendered":"https:\/\/insightcrime.org\/?p=207901"},"modified":"2023-01-16T20:30:51","modified_gmt":"2023-01-17T01:30:51","slug":"dudas-control-pcc-trafico-cocaina-portugal","status":"publish","type":"post","link":"https:\/\/insightcrime.org\/es\/noticias\/dudas-control-pcc-trafico-cocaina-portugal\/","title":{"rendered":"Dudas sobre el control del PCC en el tr\u00e1fico de coca\u00edna a Portugal"},"content":{"rendered":"\n<p class=\"wp-block-paragraph\">Portugal tiene un problema. En 2022, los decomisos de coca\u00edna llegaron a 16,3 toneladas, el nivel m\u00e1s alto en 16 a\u00f1os, lo que afianz\u00f3 su lugar entre los cinco pa\u00edses de la Uni\u00f3n Europea con el mayor n\u00famero de decomisos de droga.<\/p>\n\n\n\n<p class=\"wp-block-paragraph\">A las autoridades les inquieta cu\u00e1l podr\u00eda ser el actor detr\u00e1s de esta tendencia. Dos investigaciones recientes de la revista <a href=\"https:\/\/expresso.pt\/sociedade\/2022-12-10-Luta-de-poder-no-trafico-de-droga-em-Lisboa.-Lugar-de-Xuxas-ocupado-por-operacionais-brasileiros-do-PCC-c449f790\" target=\"_blank\" rel=\"noreferrer noopener\">Expresso<\/a> y el peri\u00f3dico <a href=\"https:\/\/www.dn.pt\/sociedade\/mais-de-16-toneladas-de-cocaina-apreendidas-em-2022-portugal-prepara-se-para-a-tempestade-branca-15663739.html\" target=\"_blank\" rel=\"noreferrer noopener\">Di\u00e1rio de Not\u00edcias<\/a>, ambos de Portugal, revelaron que la polic\u00eda brasile\u00f1a est\u00e1 alertando a sus hom\u00f3logos portugueses sobre la importancia del mayor grupo criminal de Brasil, el <a href=\"https:\/\/es.insightcrime.org\/noticias-crimen-organizado-brasil\/primer-comando-capital-pcc-perfil\/\" target=\"_blank\" rel=\"noreferrer noopener\">Primer Comando de la Capital<\/a> (Primeiro Comando da Capital, PCC). <\/p>\n\n\n\n<p class=\"wp-block-paragraph\">Desde 2021, las autoridades brasile\u00f1as hallaron al menos 400 integrantes del PCC viviendo en Portugal y al control de gran parte del tr\u00e1fico de coca\u00edna que conectaba a los dos pa\u00edses, seg\u00fan la investigaci\u00f3n del <a href=\"https:\/\/www.dn.pt\/sociedade\/mais-de-16-toneladas-de-cocaina-apreendidas-em-2022-portugal-prepara-se-para-a-tempestade-branca-15663739.html\" target=\"_blank\" rel=\"noreferrer noopener\">Di\u00e1rio de Not\u00edcias<\/a>, publicada el 16 de enero, citando una fuente judicial brasile\u00f1a.<\/p>\n\n\n\n<blockquote class=\"wp-block-quote is-layout-flow wp-block-quote-is-layout-flow\"><p><strong><mark style=\"background-color:rgba(0, 0, 0, 0)\" class=\"has-inline-color has-vivid-red-color\">VEA TAMBI\u00c9N: <\/mark><\/strong><a href=\"https:\/\/es.insightcrime.org\/noticias\/supercartel-controlaba-trafico-drogas-europa\/\" target=\"_blank\" rel=\"noreferrer noopener\">\u00bfUn supercartel controlaba el tr\u00e1fico de drogas en Europa?<\/a><\/p><\/blockquote>\n\n\n\n<p class=\"wp-block-paragraph\">Una oportunidad real para la expansi\u00f3n del PCC puede haberse presentado en el verano de 2022, luego de dos capturas importantes. La primera fue el 21 de junio, cuando uno de los mayores narcos de Brasil, S\u00e9rgio Roberto de Carvalho, fue <a href=\"https:\/\/es.insightcrime.org\/noticias\/actas-defuncion-falsas-fajos-billetes-caida-pablo-escobar-brasil\/\" target=\"_blank\" rel=\"noreferrer noopener\">detenido<\/a> en Hungr\u00eda. Como lo <a href=\"https:\/\/es.insightcrime.org\/noticias\/actas-defuncion-falsas-fajos-billetes-caida-pablo-escobar-brasil\/\" target=\"_blank\" rel=\"noreferrer noopener\">inform\u00f3<\/a> InSight Crime, gran parte del imperio de Carvalho se encontraba en Portugal, donde ten\u00eda bienes que ascend\u00edan a millones de d\u00f3lares, entre ellos una empresa de vuelos ch\u00e1rter que usaba para mover coca\u00edna y dinero en efectivo.<\/p>\n\n\n\n<p class=\"wp-block-paragraph\">En cuesti\u00f3n de pocos d\u00edas, R\u00faben Oliveira, alias \u201cXuxas\u201d, uno de los m\u00e1s buscados de Portugal, fue detenido. <a href=\"https:\/\/visao.sapo.pt\/atualidade\/sociedade\/2022-06-29-quem-e-ruben-oliveira-o-maior-narcotraficante-portugues-detido-pela-pj\/\" target=\"_blank\" rel=\"noreferrer noopener\">Presuntamente<\/a>, Oliveira era el principal operador de de Carvalho en Portugal, donde colaboraba en la recepci\u00f3n y distribuci\u00f3n de grandes cargamentos de coca\u00edna y con el lavado de grandes sumas de dinero, <a href=\"https:\/\/visao.sapo.pt\/atualidade\/sociedade\/2022-06-29-quem-e-ruben-oliveira-o-maior-narcotraficante-portugues-detido-pela-pj\/\" target=\"_blank\" rel=\"noreferrer noopener\">seg\u00fan<\/a> el portal luso de noticias Vis\u00e3o.<\/p>\n\n\n\n<p class=\"wp-block-paragraph\">La desarticulaci\u00f3n de su operaci\u00f3n puede haber dejado la puerta abierta para el PCC, del cual se dice que logr\u00f3 tomar el control de algunas de las rutas de tr\u00e1fico de drogas dejadas por Xuxas, <a href=\"https:\/\/expresso.pt\/sociedade\/2022-12-16-Lider-em-Portugal-do-maior-grupo-de-trafico-de-cocaina-da-America-Latina-foi-preso-em-Abu-Dabi-c3c65fa6\" target=\"_blank\" rel=\"noreferrer noopener nofollow\">como lo<\/a><a href=\"https:\/\/expresso.pt\/sociedade\/2022-12-16-Lider-em-Portugal-do-maior-grupo-de-trafico-de-cocaina-da-America-Latina-foi-preso-em-Abu-Dabi-c3c65fa6\" target=\"_blank\" rel=\"noreferrer noopener\"> inform\u00f3<\/a> Expresso.<\/p>\n\n\n\n<p class=\"wp-block-paragraph\">\u00abPor lo que sabemos, de Carvalho era el mayor traficante de coca\u00edna de la Pen\u00ednsula Ib\u00e9rica y tambi\u00e9n era cliente del PCC. Desde el momento en que su organizaci\u00f3n qued\u00f3 en la mira de las autoridades, los traficantes portugueses buscaron establecer contacto con el PCC. Pero ellos tambi\u00e9n fueron capturados, como Xuxas\u00bb, declar\u00f3 Jo\u00e3o Amaral Santos, periodista para la revista portuguesa Vis\u00e3o, en entrevista con InSight Crime.<\/p>\n\n\n\n<p class=\"wp-block-paragraph\">B\u00e1sicamente, se presume que la situaci\u00f3n fue fuente de frustraci\u00f3n para el PCC. \u00abLas autoridades portuguesas creen que el PCC perdi\u00f3 la fe en sus hom\u00f3logos lusos. Como resultado, los miembros del PCC se ofrecieron a viajar y crear una c\u00e9lula del PCC como debe ser. No conocemos la actual situaci\u00f3n de esa c\u00e9lula\u00bb, explic\u00f3 Amaral Santos.<\/p>\n\n\n\n<p class=\"wp-block-paragraph\">Para un jefe de polic\u00eda portugu\u00e9s, la situaci\u00f3n es alarmante. \u201cEuropa no est\u00e1 preparada para esto. Hay un escenario posible en el que el PCC quiere controlar el narcotr\u00e1fico para Europa partiendo de Portugal\u201d, coment\u00f3 a Di\u00e1rio de Not\u00edcias, sin ofrecer mayores detalles. Las solicitudes de InSight Crime a la polic\u00eda portuguesa para que comentara al respecto no tuvieron respuesta.<\/p>\n\n\n\n<p class=\"wp-block-paragraph\">Pero es importante se\u00f1alar que, por el momento, no se conocen detalles espec\u00edficos sobre el PCC en Portugal. En 2021, esta falta de informaci\u00f3n <a href=\"https:\/\/visao.sapo.pt\/atualidade\/sociedade\/2022-10-08-pcc-a-mais-poderosa-e-perigosa-organizacao-criminosa-da-america-latina-esta-em-portugal\/\" target=\"_blank\" rel=\"noreferrer noopener\">impidi\u00f3<\/a> que un alto fiscal brasile\u00f1o entregara a Portugal informaci\u00f3n espec\u00edfica que identificaba a presuntos miembros del PCC.<\/p>\n\n\n\n<h2 class=\"wp-block-heading\" id=\"h-analisis-de-insight-crime\"><strong>An\u00e1lisis de InSight Crime<\/strong><\/h2>\n\n\n\n<p class=\"wp-block-paragraph\">En t\u00e9rminos geogr\u00e1ficos y ling\u00fc\u00edsticos es l\u00f3gico que Portugal incremente su importancia para el tr\u00e1fico de coca\u00edna en Europa. Lo sorprendente es que la tendencia haya tardado tanto en hacerse de conocimiento p\u00fablico.<\/p>\n\n\n\n<p class=\"wp-block-paragraph\">Sin embargo, sigue siendo dif\u00edcil demostrar todo el alcance de la influencia del PCC en Portugal. Las declaraciones que aparecen en las investigaciones de Expresso y Di\u00e1rio de Not\u00edcias hablan de varias docenas de integrantes del PCC en el pa\u00eds, listos para expandir el control de las drogas que entran. Pero hay pocos detalles m\u00e1s all\u00e1 de eso.<\/p>\n\n\n\n<p class=\"wp-block-paragraph\">En noviembre de 2021, las autoridades de S\u00e3o Paulo detuvieron a un integrante del PCC que llevaba consigo una lista de pandilleros en el exterior. En Portugal, se identific\u00f3 a 42 personas, solo en n\u00fameros, que hab\u00edan recibido transferencias de dinero de la pandilla, seg\u00fan Amaral Santos, citando al fiscal de S\u00e3o Paulo Lincoln Gakiya.<\/p>\n\n\n\n<p class=\"wp-block-paragraph\">El PCC tiene antecedentes de miembros refugiados o cerrando acuerdos ocasionales de drogas en Portugal. En septiembre de 2022, la polic\u00eda portuguesa <a href=\"https:\/\/noticias.uol.com.br\/colunas\/josmar-jozino\/2022\/11\/17\/integrante-do-pcc-e-acusado-por-trafico-drogas-e-sequestro-em-portugal.htm\" target=\"_blank\" rel=\"noreferrer noopener\">aprehendi\u00f3<\/a> a Wanderson Machado de Oliveira, tambi\u00e9n se\u00f1alado de pertenecer al PCC. \u00c9l estaba indiciado por narcotr\u00e1fico y por el secuestro de dos hombres quienes crey\u00f3 err\u00f3neamente que hab\u00edan robado 240 kilos de coca\u00edna cuando estos hab\u00edan sido incautados por las autoridades en el puerto de Sines, al sur de Portugal.<\/p>\n\n\n\n<blockquote class=\"wp-block-quote is-layout-flow wp-block-quote-is-layout-flow\"><p><strong><mark style=\"background-color:rgba(0, 0, 0, 0)\" class=\"has-inline-color has-vivid-red-color\">VEA TAMBI\u00c9N: <\/mark><\/strong><a href=\"https:\/\/es.insightcrime.org\/noticias\/portugal-reconquista-posicion-centro-transito-cocaina\/\" target=\"_blank\" rel=\"noreferrer noopener\"><mark style=\"background-color:rgba(0, 0, 0, 0)\" class=\"has-inline-color has-vivid-red-color\">&nbsp;<\/mark>Portugal reconquista su posici\u00f3n como centro de tr\u00e1nsito de coca\u00edna<\/a><\/p><\/blockquote>\n\n\n\n<p class=\"wp-block-paragraph\">En noviembre, Leonardo Serro dos Santos, presunto l\u00edder del PCC, tambi\u00e9n fue <a href=\"https:\/\/visao.sapo.pt\/atualidade\/sociedade\/2022-12-20-mulher-e-advogado-de-leonardo-serro-dos-santos-suspeito-de-liderar-primeiro-comando-da-capital-e-trafico-de-drogas-em-portugal-garantem-a-visao-que-acusacoes-sao-totalmente-falsas\/\" target=\"_blank\" rel=\"noreferrer noopener\">capturado<\/a> en Dub\u00e1i en medio de informaci\u00f3n no confirmada de que coordinaba actividades para la pandilla en Portugal. Este neg\u00f3 los cargos en su contra y fue liberado 45 d\u00edas despu\u00e9s porque Brasil no present\u00f3 a tiempo la solicitud de extradici\u00f3n.<\/p>\n\n\n\n<p class=\"wp-block-paragraph\">Pero persisten preguntas importantes. La primera y m\u00e1s acuciante es si el PCC ya hace parte de la <a href=\"https:\/\/es.insightcrime.org\/noticias\/analisis\/pcc-ndrangheta-la-alianza-criminal-internacional-que-inunda-europa-de-cocaina\/\" target=\"_blank\" rel=\"noreferrer noopener\">alianza<\/a> para traficar narc\u00f3ticos que apuntala gran parte del <a href=\"https:\/\/es.insightcrime.org\/investigaciones\/itinerario-cocaina-hacia-europa\/\" target=\"_blank\" rel=\"noreferrer noopener\">canal de distribuci\u00f3n de coca\u00edna hacia Europa<\/a>.<\/p>\n\n\n\n<p class=\"wp-block-paragraph\">Desde los a\u00f1os ochenta, la \u2018Ndrangheta, una red de clanes familiares en Italia que comparten lazos culturales y criminales, pero que en general operan de forma independiente.se <a href=\"https:\/\/noticias.uol.com.br\/cotidiano\/ultimas-noticias\/2019\/02\/21\/jordaniano-atua-no-brasil-para-negociar-drogas-entre-pcc-e-mafia-italiana.htm\" target=\"_blank\" rel=\"noreferrer noopener\">abastece de coca\u00edna<\/a> desde S\u00e3o Paulo, la cuna del PCC. Esta alianza se mantiene al d\u00eda de hoy y sigue proveyendo un porcentaje importante de la coca\u00edna con destino a Europa. Pero Portugal no ha sido un destino para estos cargamentos de coca\u00edna. En su lugar, la \u2018Ndrangheta <a href=\"https:\/\/www.occrp.org\/en\/37-ccblog\/ccblog\/9010-inside-the-mafia-run-cocaine-network-shattered-by-european-police\" target=\"_blank\" rel=\"noreferrer noopener\">hace<\/a> sus despachos de narc\u00f3ticos a B\u00e9lgica, Pa\u00edses Bajos, Alemania e Italia.<\/p>\n","protected":false},"excerpt":{"rendered":"<p>Portugal tiene un problema. En 2022, los decomisos de coca\u00edna llegaron a 16,3 toneladas, el nivel m\u00e1s alto en 16 a\u00f1os, lo que afianz\u00f3 su lugar entre los cinco pa\u00edses de la Uni\u00f3n Europea con el mayor n\u00famero de decomisos de droga.<\/p>\n","protected":false},"author":178,"featured_media":207874,"comment_status":"closed","ping_status":"closed","sticky":false,"template":"","format":"standard","meta":{"newspack_ads_suppress_ads":false,"newspack_popups_has_disabled_popups":false,"newspack_sponsor_sponsorship_scope":"","newspack_sponsor_native_byline_display":"inherit","newspack_sponsor_native_category_display":"inherit","newspack_sponsor_underwriter_style":"inherit","newspack_sponsor_underwriter_placement":"inherit","_EventAllDay":false,"_EventTimezone":"","_EventStartDate":"","_EventEndDate":"","_EventStartDateUTC":"","_EventEndDateUTC":"","_EventShowMap":false,"_EventShowMapLink":false,"_EventURL":"","_EventCost":"","_EventCostDescription":"","_EventCurrencySymbol":"","_EventCurrencyCode":"","_EventCurrencyPosition":"","_EventDateTimeSeparator":"","_EventTimeRangeSeparator":"","_EventOrganizerID":[],"_EventVenueID":[],"_OrganizerEmail":"","_OrganizerPhone":"","_OrganizerWebsite":"","_VenueAddress":"","_VenueCity":"","_VenueCountry":"","_VenueProvince":"","_VenueState":"","_VenueZip":"","_VenuePhone":"","_VenueURL":"","_VenueStateProvince":"","_VenueLat":"","_VenueLng":"","_VenueShowMap":false,"_VenueShowMapLink":false,"_newspack_byline_active":false,"_newspack_byline":"","newspack_hide_updated_date":false,"newspack_show_updated_date":false,"newspack_featured_image_position":"","newspack_post_subtitle":"","newspack_article_summary_title":"Overview:","newspack_article_summary":"","_jetpack_memberships_contains_paid_content":false,"footnotes":""},"categories":[759],"tags":[405,3412,449,446],"newspack_spnsrs_tax":[],"coauthors":[4140,4305],"class_list":["post-207901","post","type-post","status-publish","format-standard","has-post-thumbnail","hentry","category-noticias","tag-brasil","tag-cocaina","tag-cocaina-europa-crimen-organizado","tag-el-pcc","entry"],"parsely":{"version":"1.1.0","canonical_url":"https:\/\/insightcrime.org\/es\/noticias\/dudas-control-pcc-trafico-cocaina-portugal\/","smart_links":{"inbound":0,"outbound":0},"traffic_boost_suggestions_count":0,"meta":{"@context":"https:\/\/schema.org","@type":"NewsArticle","headline":"Dudas sobre el control del PCC en el tr\u00e1fico de coca\u00edna a Portugal","url":"http:\/\/insightcrime.org\/es\/noticias\/dudas-control-pcc-trafico-cocaina-portugal\/","mainEntityOfPage":{"@type":"WebPage","@id":"http:\/\/insightcrime.org\/es\/noticias\/dudas-control-pcc-trafico-cocaina-portugal\/"},"thumbnailUrl":"https:\/\/i0.wp.com\/insightcrime.org\/wp-content\/uploads\/2023\/01\/portugal_drugs-1-1.jpeg?resize=150%2C150&quality=100&ssl=1","image":{"@type":"ImageObject","url":"https:\/\/i0.wp.com\/insightcrime.org\/wp-content\/uploads\/2023\/01\/portugal_drugs-1-1.jpeg?fit=350%2C250&quality=100&ssl=1"},"articleSection":"Noticias","author":[{"@type":"Person","name":"Chris Dalby"},{"@type":"Person","name":"Sean Doherty"}],"creator":["Chris Dalby","Sean Doherty"],"publisher":{"@type":"Organization","name":"InSight Crime","logo":"https:\/\/insightcrime.org\/wp-content\/uploads\/2023\/08\/logo.png"},"keywords":["brasil","coca\u00edna","coca\u00edna europa","pcc"],"dateCreated":"2023-01-16T16:46:45Z","datePublished":"2023-01-16T16:46:45Z","dateModified":"2023-01-17T01:30:51Z"},"rendered":"<meta name=\"parsely-title\" content=\"Dudas sobre el control del PCC en el tr\u00e1fico de coca\u00edna a Portugal\" \/>\n<meta name=\"parsely-link\" content=\"http:\/\/insightcrime.org\/es\/noticias\/dudas-control-pcc-trafico-cocaina-portugal\/\" \/>\n<meta name=\"parsely-type\" content=\"post\" \/>\n<meta name=\"parsely-image-url\" content=\"https:\/\/i0.wp.com\/insightcrime.org\/wp-content\/uploads\/2023\/01\/portugal_drugs-1-1.jpeg?resize=150%2C150&amp;quality=100&amp;ssl=1\" \/>\n<meta name=\"parsely-pub-date\" content=\"2023-01-16T16:46:45Z\" \/>\n<meta name=\"parsely-section\" content=\"Noticias\" \/>\n<meta name=\"parsely-tags\" content=\"brasil,coca\u00edna,coca\u00edna europa,pcc\" \/>\n<meta name=\"parsely-author\" content=\"Chris Dalby\" \/>\n<meta name=\"parsely-author\" content=\"Sean Doherty\" \/>","tracker_url":"https:\/\/cdn.parsely.com\/keys\/insightcrime.org\/p.js"},"jetpack_sharing_enabled":true,"jetpack-related-posts":[{"id":195783,"url":"https:\/\/insightcrime.org\/es\/noticias\/entrevistas\/portugal-reconquista-posicion-centro-transito-cocaina\/","url_meta":{"origin":207901,"position":0},"title":"Portugal reconquista su posici\u00f3n como centro de tr\u00e1nsito de coca\u00edna","author":"Alessandro Ford","date":"25 de agosto de 2022","format":false,"excerpt":"Los decomisos r\u00e9cord de coca\u00edna procedente de Suram\u00e9rica hechos en los \u00faltimos meses en Portugal dejan ver c\u00f3mo el pais recupera su lugar como importante punto de entrada y centro de tr\u00e1nsito de coca\u00edna en Europa.","rel":"","context":"En \u00abQ&amp;A\u00bb","block_context":{"text":"Q&amp;A","link":"https:\/\/insightcrime.org\/es\/category\/noticias\/entrevistas\/"},"img":{"alt_text":"La polic\u00eda de Portugal exhibe una incautaci\u00f3n de 5 toneladas de coca\u00edna","src":"https:\/\/i0.wp.com\/insightcrime.org\/wp-content\/uploads\/2022\/08\/Portugal-CocaineSeizure-CocaineEuropeCrime-211018-PedroNunes.png?fit=350%2C250&quality=100&ssl=1&resize=350%2C200","width":350,"height":200},"classes":[]},{"id":247455,"url":"https:\/\/insightcrime.org\/es\/noticias\/desarticulado-narcolaboratorio-portugal-revela-inicios-produccion-cocaina\/","url_meta":{"origin":207901,"position":1},"title":"Desarticulaci\u00f3n de narcolaboratorio revela inicios de producci\u00f3n de coca\u00edna en Portugal","author":"Beatriz Vicent Fern\u00e1ndez","date":"23 de noviembre de 2023","format":false,"excerpt":"El desmantelamiento del que ser\u00eda el mayor laboratorio para el refinamiento de pasta base de coca encontrado en Portugal pone en evidencia el crecimiento y la expansi\u00f3n de la producci\u00f3n de coca\u00edna en Europa con la ayuda de grupos criminales de Am\u00e9rica Latina.","rel":"","context":"En \u00abNoticias\u00bb","block_context":{"text":"Noticias","link":"https:\/\/insightcrime.org\/es\/category\/noticias\/"},"img":{"alt_text":"Imagen del laboratorio divulgada por Polic\u00eda Judicial de Portugal","src":"https:\/\/i0.wp.com\/insightcrime.org\/wp-content\/uploads\/2023\/11\/Portugal_policiajudiciaria_cocaine-europe.jpg?fit=350%2C244&quality=100&ssl=1&resize=350%2C200","width":350,"height":200},"classes":[]},{"id":141475,"url":"https:\/\/insightcrime.org\/es\/noticias\/aviones-privados-cocaina-vuelan-brasil-europa\/","url_meta":{"origin":207901,"position":2},"title":"Coca\u00edna transita entre Brasil y Europa en aviones privados","author":"Katya Bleszynska","date":"21 de abril de 2021","format":false,"excerpt":"Las autoridades europeas tienen los ojos puestos en los aviones corporativos, luego de que se desmantelara una red que usaba aviones privados para el tr\u00e1fico de coca\u00edna entre Brasil y Portugal.","rel":"","context":"En \u00abNoticias\u00bb","block_context":{"text":"Noticias","link":"https:\/\/insightcrime.org\/es\/category\/noticias\/"},"img":{"alt_text":"","src":"https:\/\/i0.wp.com\/insightcrime.org\/wp-content\/uploads\/2021\/04\/3738678_9b96afca-1.jpg?fit=350%2C250&quality=100&ssl=1&resize=350%2C200","width":350,"height":200},"classes":[]},{"id":125324,"url":"https:\/\/insightcrime.org\/es\/noticias\/europa-crecimiento-narcotrafico-transatlantico\/","url_meta":{"origin":207901,"position":3},"title":"Reporte europeo sobre narc\u00f3ticos expone crecimiento en tr\u00e1fico transatl\u00e1ntico","author":"Maria Luisa Valencia","date":"12 de octubre de 2020","format":false,"excerpt":"Un nuevo informe sobre narcotr\u00e1fico y consumo en Europa ofrece datos claves para entender el impacto de la producci\u00f3n sin precedentes en Latinoam\u00e9rica sobre el suministro de drogas al otro lado del Atl\u00e1ntico.","rel":"","context":"En \u00abNoticias\u00bb","block_context":{"text":"Noticias","link":"https:\/\/insightcrime.org\/es\/category\/noticias\/"},"img":{"alt_text":"","src":"https:\/\/i0.wp.com\/insightcrime.org\/wp-content\/uploads\/2020\/10\/cocaine-rotterdam-560x373.jpg?fit=350%2C250&quality=100&ssl=1&resize=350%2C200","width":350,"height":200},"classes":[]},{"id":186828,"url":"https:\/\/insightcrime.org\/es\/noticias\/aeropuerto-guarulhos-sao-paulo-principal-centro-narcoconexiones-aereas-europa-africa\/","url_meta":{"origin":207901,"position":4},"title":"Aeropuerto de S\u00e3o Paulo lleva a nuevas alturas el env\u00edo de coca\u00edna hacia Europa y \u00c1frica","author":"Cat Rainsford","date":"27 de mayo de 2022","format":false,"excerpt":"El incremento de los decomisos de coca\u00edna en el aeropuerto internacional de Guarulhos, cerca de S\u00e3o Paulo, Brasil demuestra que ni el COVID-19 ni la cooperaci\u00f3n con fuerzas policiales internacionales alejaron a los traficantes del centro de conexiones a\u00e9reas con mayor tr\u00e1fico de Suram\u00e9rica.","rel":"","context":"En \u00abNoticias\u00bb","block_context":{"text":"Noticias","link":"https:\/\/insightcrime.org\/es\/category\/noticias\/"},"img":{"alt_text":"Guarulhos Brasil coca\u00edna","src":"https:\/\/i0.wp.com\/insightcrime.org\/wp-content\/uploads\/2022\/05\/Brazil-GuarulhosCocaine-BrazilCocaine-220525-LATimes.jpg?fit=350%2C250&quality=100&ssl=1&resize=350%2C200","width":350,"height":200},"classes":[]},{"id":214900,"url":"https:\/\/insightcrime.org\/es\/noticias\/megalaboratorio-espana-produccion-cocaina-europa\/","url_meta":{"origin":207901,"position":5},"title":"Megalaboratorio en Espa\u00f1a controvierte producci\u00f3n de coca\u00edna en Europa","author":"Gavin Voss","date":"19 de abril de 2023","format":false,"excerpt":"La polic\u00eda espa\u00f1ola descubri\u00f3 el mayor laboratorio para la producci\u00f3n de coca\u00edna en suelo europeo, pero a pesar del hallazgo, no hay duda de que la producci\u00f3n de coca\u00edna en Europa sigue en sus primeras etapas. Las autoridades hicieron el anuncio oficial el 13 de abril sobre una operaci\u00f3n ya\u2026","rel":"","context":"En \u00abNoticias\u00bb","block_context":{"text":"Noticias","link":"https:\/\/insightcrime.org\/es\/category\/noticias\/"},"img":{"alt_text":"Autoridades espa\u00f1olas analizan productos incautados en la operaci\u00f3n para desmantelar el megalaboratorio","src":"https:\/\/i0.wp.com\/insightcrime.org\/wp-content\/uploads\/2023\/04\/Spain-Cocaine-Lab-Cocaine-Europe-Europa-Press.jpg?fit=350%2C200&quality=100&ssl=1&resize=350%2C200","width":350,"height":200},"classes":[]}],"jetpack_featured_media_url":"https:\/\/i0.wp.com\/insightcrime.org\/wp-content\/uploads\/2023\/01\/portugal_drugs-1-1.jpeg?fit=350%2C250&quality=100&ssl=1","_links":{"self":[{"href":"https:\/\/insightcrime.org\/es\/wp-json\/wp\/v2\/posts\/207901","targetHints":{"allow":["GET"]}}],"collection":[{"href":"https:\/\/insightcrime.org\/es\/wp-json\/wp\/v2\/posts"}],"about":[{"href":"https:\/\/insightcrime.org\/es\/wp-json\/wp\/v2\/types\/post"}],"author":[{"embeddable":true,"href":"https:\/\/insightcrime.org\/es\/wp-json\/wp\/v2\/users\/178"}],"replies":[{"embeddable":true,"href":"https:\/\/insightcrime.org\/es\/wp-json\/wp\/v2\/comments?post=207901"}],"version-history":[{"count":11,"href":"https:\/\/insightcrime.org\/es\/wp-json\/wp\/v2\/posts\/207901\/revisions"}],"predecessor-version":[{"id":207939,"href":"https:\/\/insightcrime.org\/es\/wp-json\/wp\/v2\/posts\/207901\/revisions\/207939"}],"wp:featuredmedia":[{"embeddable":true,"href":"https:\/\/insightcrime.org\/es\/wp-json\/wp\/v2\/media\/207874"}],"wp:attachment":[{"href":"https:\/\/insightcrime.org\/es\/wp-json\/wp\/v2\/media?parent=207901"}],"wp:term":[{"taxonomy":"category","embeddable":true,"href":"https:\/\/insightcrime.org\/es\/wp-json\/wp\/v2\/categories?post=207901"},{"taxonomy":"post_tag","embeddable":true,"href":"https:\/\/insightcrime.org\/es\/wp-json\/wp\/v2\/tags?post=207901"},{"taxonomy":"newspack_spnsrs_tax","embeddable":true,"href":"https:\/\/insightcrime.org\/es\/wp-json\/wp\/v2\/newspack_spnsrs_tax?post=207901"},{"taxonomy":"author","embeddable":true,"href":"https:\/\/insightcrime.org\/es\/wp-json\/wp\/v2\/coauthors?post=207901"}],"curies":[{"name":"wp","href":"https:\/\/api.w.org\/{rel}","templated":true}]}}