{"id":207946,"date":"2023-01-17T10:45:15","date_gmt":"2023-01-17T15:45:15","guid":{"rendered":"https:\/\/insightcrime.org\/?p=207946"},"modified":"2023-01-19T09:53:02","modified_gmt":"2023-01-19T14:53:02","slug":"guerra-contra-drogas-ee-uu-mexico-baquillo-expolicia-rango","status":"publish","type":"post","link":"https:\/\/insightcrime.org\/es\/noticias\/guerra-contra-drogas-ee-uu-mexico-baquillo-expolicia-rango\/","title":{"rendered":"\u2018Guerra contra las drogas\u2019 de EE. UU. y M\u00e9xico al banquillo junto con un expolic\u00eda de alto rango"},"content":{"rendered":"\n<p class=\"wp-block-paragraph\">Los se\u00f1alamientos durante el juicio de un alto exfuncionario de seguridad p\u00fablica de M\u00e9xico, que comenzar\u00e1 pr\u00f3ximamente en Estados Unidos, tambi\u00e9n dejar\u00e1n en evidencia las deficiencias de la lucha de los dos pa\u00edses contra los grupos del crimen organizado.<\/p>\n\n\n\n<p class=\"wp-block-paragraph\">Este juicio de alto perfil comienza poco m\u00e1s de tres a\u00f1os despu\u00e9s de que las <a href=\"https:\/\/es.insightcrime.org\/noticias\/analisis\/estados-unidos-acusa-de-narcotrafico-a-exfuncionario-de-seguridad-de-mexico\/\" target=\"_blank\" rel=\"noreferrer noopener\">autoridades federales de Estados Unidos arrestaron<\/a> a Genaro Garc\u00eda Luna, secretario de seguridad p\u00fablica de M\u00e9xico entre 2006 y 2012, en el estado de Texas, por cargos de tr\u00e1fico de drogas y por mentir a las autoridades.<\/p>\n\n\n\n<p class=\"wp-block-paragraph\">En la <a href=\"https:\/\/storage.courtlistener.com\/recap\/gov.uscourts.nyed.442343\/gov.uscourts.nyed.442343.1.0_1.pdf\" target=\"_blank\" rel=\"noreferrer noopener\">imputaci\u00f3n de cuatro cargos<\/a> presentada en diciembre de 2019, los fiscales de Nueva York acusan al exfuncionario de ser parte central de una extensa conspiraci\u00f3n internacional de tr\u00e1fico de coca\u00edna durante la mitad de su carrera como funcionario p\u00fablico.<\/p>\n\n\n\n<blockquote class=\"wp-block-quote is-layout-flow wp-block-quote-is-layout-flow\"><p><strong><mark style=\"background-color:rgba(0, 0, 0, 0)\" class=\"has-inline-color has-vivid-red-color\">VEA TAMBI\u00c9N:<\/mark><\/strong> <a href=\"https:\/\/es.insightcrime.org\/noticias\/analisis\/eeuu-corrupcion-funcionarios-mexico\/\" target=\"_blank\" rel=\"noreferrer noopener\">EE. UU. omiti\u00f3 m\u00faltiples casos de corrupci\u00f3n de funcionarios antinarc\u00f3ticos en M\u00e9xico<\/a><\/p><\/blockquote>\n\n\n\n<p class=\"wp-block-paragraph\">En una <a href=\"https:\/\/www.justice.gov\/usao-edny\/press-release\/file\/1299686\/download\" target=\"_blank\" rel=\"noreferrer noopener\">imputaci\u00f3n formal<\/a> presentada en julio de 2020 se acusaba adem\u00e1s a Garc\u00eda Luna de \u201cparticipar en una continua empresa criminal\u201d. Seg\u00fan los informes, ello <a href=\"https:\/\/www.justice.gov\/usao-edny\/pr\/former-mexican-secretary-public-security-genaro-garcia-luna-charged-engaging-continuing\" target=\"_blank\" rel=\"noreferrer noopener\">implicaba<\/a> \u201caceptar sobornos de miembros del Cartel de Sinaloa para facilitar sus cr\u00edmenes\u201d, como se\u00f1ala el fiscal federal Seth DuCharme, lo que incluye el tr\u00e1fico de m\u00e1s de 50 toneladas de coca\u00edna. El exfuncionario ha negado los cargos que se le imputan y se ha declarado inocente a trav\u00e9s de sus abogados.<\/p>\n\n\n\n<p class=\"wp-block-paragraph\">Entre 2001 y 2012, Garc\u00eda Luna supuestamente recibi\u00f3 sobornos por millones de d\u00f3lares del Cartel de Sinaloa, entonces dirigido por Joaqu\u00edn Guzm\u00e1n Loera, alias \u201c<a href=\"https:\/\/es.insightcrime.org\/noticias-crimen-organizado-mexico\/el-chapo\/\" target=\"_blank\" rel=\"noreferrer noopener\">El Chapo<\/a>\u201d. En esa \u00e9poca, Garc\u00eda Luna estuvo al frente de la Agencia Federal de Investigaci\u00f3n (AFI) de M\u00e9xico, despu\u00e9s de lo cual pas\u00f3 a dirigir la ya extinta polic\u00eda federal del pa\u00eds, en su rol como secretario de seguridad p\u00fablica.<\/p>\n\n\n\n<p class=\"wp-block-paragraph\">Pero, como art\u00edfice de la llamada \u201cguerra contra las drogas\u201d, lanzada en 2006 por el expresidente Felipe Calder\u00f3n con pleno respaldo de Estados Unidos, Garc\u00eda Luna no ser\u00e1 el \u00fanico en la mira durante el juicio.<\/p>\n\n\n\n<h2 class=\"wp-block-heading\" id=\"h-analisis-de-insight-crime\">An\u00e1lisis de InSight Crime<\/h2>\n\n\n\n<p class=\"wp-block-paragraph\">Garc\u00eda Luna era uno de los operadores pol\u00edticos m\u00e1s poderosos de M\u00e9xico cuando Calder\u00f3n, pocos d\u00edas despu\u00e9s de asumir el cargo en diciembre de 2006, <a href=\"https:\/\/www.notimerica.com\/politica\/noticia-mexico-calderon-anuncia-envio-6500-soldados-policias-estado-michoacan-contra-crimen-organizado-20061211233555.html\" target=\"_blank\" rel=\"noreferrer noopener\">envi\u00f3 por primera<\/a> vez 6.500 soldados a Michoac\u00e1n, su estado natal, para enfrentar a la Familia Michoacana y al crimen organizado en general.<\/p>\n\n\n\n<p class=\"wp-block-paragraph\">Los <a href=\"https:\/\/storage.courtlistener.com\/recap\/gov.uscourts.nyed.442343\/gov.uscourts.nyed.442343.94.0.pdf\" target=\"_blank\" rel=\"noreferrer noopener\">fiscales estadounidenses aseguran<\/a> que \u00e9l ya hab\u00eda sostenido un quid-pro-quo durante a\u00f1os con el Cartel de Sinaloa. A cambio de los sobornos con dinero proveniente del narcotr\u00e1fico, Garc\u00eda Luna supuestamente ayudaba a que los cargamentos de coca\u00edna del grupo pasaran sin tropiezos, y les pasaba informaci\u00f3n sobre las investigaciones de la polic\u00eda en torno al cartel, as\u00ed como inteligencia sobre grupos rivales.<\/p>\n\n\n\n<p class=\"wp-block-paragraph\">El momento en el que se cometieron los presuntos cr\u00edmenes de Garc\u00eda Luna lleva a cuestionar el respaldo del gobierno de Estados Unidos a dicha estrategia contra el crimen, que estaba dirigida en parte por un individuo que, como afirman hoy en d\u00eda los fiscales, estaba profundamente corrompido por los m\u00e1s altos dirigentes del Cartel de Sinaloa.<\/p>\n\n\n\n<p class=\"wp-block-paragraph\">A pesar de los rumores de la presunta actividad criminal del exfuncionario, Roberta Jacobson, una diplom\u00e1tica de carrera que dirigi\u00f3 la Oficina de Asuntos Mexicanos del Departamento de Estado de Estados Unidos entre diciembre de 2002 y junio de 2007, y quien luego lleg\u00f3 a ser embajadora de Estados Unidos en M\u00e9xico, en 2015, dijo en <a href=\"https:\/\/twitter.com\/Jacobson_RS\/status\/1257104486860021760\" target=\"_blank\" rel=\"noreferrer noopener\">un tuit de mayo de 2020<\/a> que \u201cnunca vio ninguna informaci\u00f3n corroborada de la participaci\u00f3n [de Garc\u00eda Luna] en el tr\u00e1fico de drogas\u201d.<\/p>\n\n\n\n<p class=\"wp-block-paragraph\">\u201cEn medio de tantos rumores, uno siempre es cauteloso al trabajar con los funcionarios\u201d, agrega Jacobson.<\/p>\n\n\n\n<blockquote class=\"wp-block-quote is-layout-flow wp-block-quote-is-layout-flow\"><p><strong><mark style=\"background-color:rgba(0, 0, 0, 0)\" class=\"has-inline-color has-vivid-red-color\">VEA TAMBI\u00c9N:<\/mark><\/strong> <a href=\"https:\/\/es.insightcrime.org\/indepth\/frontera-eu-mexico\/\" target=\"_blank\" rel=\"noreferrer noopener\">En Profundidad Cobertura sobre la frontera EE.UU.\/M\u00e9xico<\/a><\/p><\/blockquote>\n\n\n\n<p class=\"wp-block-paragraph\">Los fiscales han dicho que utilizar\u00e1n <a href=\"https:\/\/storage.courtlistener.com\/recap\/gov.uscourts.nyed.442343\/gov.uscourts.nyed.442343.125.0.pdf\" target=\"_blank\" rel=\"noreferrer noopener\">una gran cantidad de evidencias<\/a>, como declaraciones de testigos, registros financieros, comunicaciones interceptadas, archivos policiales mexicanos y \u201cregistros no especificados relacionados con el env\u00edo de narc\u00f3ticos a Estados Unidos a trav\u00e9s de empresas fachada\u201d, entre otras pruebas.<\/p>\n\n\n\n<p class=\"wp-block-paragraph\">Sin embargo, los abogados de Garc\u00eda Luna le han solicitado al juez Brian Cogan que le permita al equipo de defensa presentar evidencias fotogr\u00e1ficas y escritas de las reuniones que su cliente sostuvo con altos funcionarios estadounidenses durante los 12 a\u00f1os que ejerci\u00f3 como funcionario p\u00fablico.<\/p>\n\n\n\n<p class=\"wp-block-paragraph\">\u201cGarc\u00eda Luna sostuvo innumerables reuniones con legisladores de Estados Unidos, miembros de las fuerzas policiales de Estados Unidos e importantes responsables del dise\u00f1o de pol\u00edticas en el poder ejecutivo de dicho pa\u00eds, entre ellos un expresidente y varios exfiscales generales, en las que se discutieron los esfuerzos conjuntos de las partes en la lucha contra los carteles\u201d, expresa C\u00e9sar de Castro en <a href=\"https:\/\/www.documentcloud.org\/documents\/23569747-genaro-garcia-luna-defense-response-to-motion-in-limine-11023\" target=\"_blank\" rel=\"noreferrer noopener\">una carta del 10 de enero<\/a>.<\/p>\n\n\n\n<p class=\"wp-block-paragraph\">De Castro argumenta incluso que la \u201cestrecha alianza\u201d entre Garc\u00eda Luna y \u201ctodos los niveles de las fuerzas del orden de Estados Unidos, el enemigo de todos los carteles de la droga, es en efecto probatoria y lleva a pensar si las declaraciones no corroboradas de los testigos son fiables, al afirmar que \u00e9l era supuestamente un miembro de los carteles y que recibi\u00f3 pagos para proteger a esos mismos miembros de los carteles frente a las actuaciones de las fuerzas del orden\u201d.<\/p>\n\n\n\n<p class=\"wp-block-paragraph\">Falta ver qu\u00e9 narrativa prevalecer\u00e1: Garc\u00eda Luna como un aliado de Estados Unidos al frente de la lucha contra los grupos narcotraficantes de M\u00e9xico, o como un funcionario de seguridad corrupto con el que Estados Unidos consider\u00f3 trabajar para lograr su objetivo de desmantelar algunos de los grupos del crimen organizado m\u00e1s poderosos del mundo.<\/p>\n\n\n\n<p class=\"wp-block-paragraph\">En cualquier caso, la guerra contra las drogas contin\u00faa. M\u00e9xico cerr\u00f3 el a\u00f1o pasado con m\u00e1s de 30.000 homicidios por quinto a\u00f1o consecutivo \u2014en gran parte a causa del crimen organizado que ha hecho met\u00e1stasis en un panorama altamente fragmentado <a href=\"https:\/\/www.crisisgroup.org\/latin-america-caribbean\/mexico\/more-cartels-counting-mexicos-crime-rings\" target=\"_blank\" rel=\"noreferrer noopener\">con cientos de grupos armados<\/a>\u2014, y el total de asesinatos es hoy casi tres veces m\u00e1s alto que cuando comenz\u00f3 esta campa\u00f1a contra las drogas.<\/p>\n","protected":false},"excerpt":{"rendered":"<p>Los se\u00f1alamientos durante el juicio de un alto exfuncionario de seguridad p\u00fablica de M\u00e9xico, que comenzar\u00e1 pr\u00f3ximamente en Estados Unidos, tambi\u00e9n dejar\u00e1n en evidencia las deficiencias de la lucha de los dos pa\u00edses contra los grupos del crimen organizado.<\/p>\n","protected":false},"author":90,"featured_media":208223,"comment_status":"closed","ping_status":"closed","sticky":false,"template":"template-single-featured.php","format":"standard","meta":{"newspack_ads_suppress_ads":false,"newspack_popups_has_disabled_popups":false,"newspack_sponsor_sponsorship_scope":"","newspack_sponsor_native_byline_display":"inherit","newspack_sponsor_native_category_display":"inherit","newspack_sponsor_underwriter_style":"inherit","newspack_sponsor_underwriter_placement":"inherit","_EventAllDay":false,"_EventTimezone":"","_EventStartDate":"","_EventEndDate":"","_EventStartDateUTC":"","_EventEndDateUTC":"","_EventShowMap":false,"_EventShowMapLink":false,"_EventURL":"","_EventCost":"","_EventCostDescription":"","_EventCurrencySymbol":"","_EventCurrencyCode":"","_EventCurrencyPosition":"","_EventDateTimeSeparator":"","_EventTimeRangeSeparator":"","_EventOrganizerID":[],"_EventVenueID":[],"_OrganizerEmail":"","_OrganizerPhone":"","_OrganizerWebsite":"","_VenueAddress":"","_VenueCity":"","_VenueCountry":"","_VenueProvince":"","_VenueState":"","_VenueZip":"","_VenuePhone":"","_VenueURL":"","_VenueStateProvince":"","_VenueLat":"","_VenueLng":"","_VenueShowMap":false,"_VenueShowMapLink":false,"_newspack_byline_active":false,"_newspack_byline":"","newspack_hide_updated_date":false,"newspack_show_updated_date":false,"newspack_featured_image_position":"","newspack_post_subtitle":"","newspack_article_summary_title":"Overview:","newspack_article_summary":"","_jetpack_memberships_contains_paid_content":false,"footnotes":""},"categories":[759],"tags":[396,3412,3394,2997,406,438],"newspack_spnsrs_tax":[],"coauthors":[4065],"class_list":["post-207946","post","type-post","status-publish","format-standard","has-post-thumbnail","hentry","category-noticias","tag-cartel-de-sinaloa","tag-cocaina","tag-estados-unidos","tag-frontera-eumexico-es","tag-mexico-pais","tag-politicas-de-seguridad","entry"],"parsely":{"version":"1.1.0","canonical_url":"https:\/\/insightcrime.org\/es\/noticias\/guerra-contra-drogas-ee-uu-mexico-baquillo-expolicia-rango\/","smart_links":{"inbound":0,"outbound":0},"traffic_boost_suggestions_count":0,"meta":{"@context":"https:\/\/schema.org","@type":"NewsArticle","headline":"\u2018Guerra contra las drogas\u2019 de EE. UU. y M\u00e9xico al banquillo junto con un expolic\u00eda de alto rango","url":"http:\/\/insightcrime.org\/es\/noticias\/guerra-contra-drogas-ee-uu-mexico-baquillo-expolicia-rango\/","mainEntityOfPage":{"@type":"WebPage","@id":"http:\/\/insightcrime.org\/es\/noticias\/guerra-contra-drogas-ee-uu-mexico-baquillo-expolicia-rango\/"},"thumbnailUrl":"https:\/\/i0.wp.com\/insightcrime.org\/wp-content\/uploads\/2023\/01\/Mexico-Secretary-of-Public-Safety-Genaro-Garcia-Luna-Aug-2022-AP22227647221108-A2.jpg?resize=150%2C150&quality=100&ssl=1","image":{"@type":"ImageObject","url":"https:\/\/i0.wp.com\/insightcrime.org\/wp-content\/uploads\/2023\/01\/Mexico-Secretary-of-Public-Safety-Genaro-Garcia-Luna-Aug-2022-AP22227647221108-A2.jpg?fit=1336%2C768&quality=100&ssl=1"},"articleSection":"Noticias","author":[{"@type":"Person","name":"Parker Asmann"}],"creator":["Parker Asmann"],"publisher":{"@type":"Organization","name":"InSight Crime","logo":"https:\/\/insightcrime.org\/wp-content\/uploads\/2023\/08\/logo.png"},"keywords":["cartel de sinaloa","coca\u00edna","estados unidos","frontera eu\/m\u00e9xico","m\u00e9xico","pol\u00edticas de seguridad"],"dateCreated":"2023-01-17T15:45:15Z","datePublished":"2023-01-17T15:45:15Z","dateModified":"2023-01-19T14:53:02Z"},"rendered":"<meta name=\"parsely-title\" content=\"\u2018Guerra contra las drogas\u2019 de EE. UU. y M\u00e9xico al banquillo junto con un expolic\u00eda de alto rango\" \/>\n<meta name=\"parsely-link\" content=\"http:\/\/insightcrime.org\/es\/noticias\/guerra-contra-drogas-ee-uu-mexico-baquillo-expolicia-rango\/\" \/>\n<meta name=\"parsely-type\" content=\"post\" \/>\n<meta name=\"parsely-image-url\" content=\"https:\/\/i0.wp.com\/insightcrime.org\/wp-content\/uploads\/2023\/01\/Mexico-Secretary-of-Public-Safety-Genaro-Garcia-Luna-Aug-2022-AP22227647221108-A2.jpg?resize=150%2C150&amp;quality=100&amp;ssl=1\" \/>\n<meta name=\"parsely-pub-date\" content=\"2023-01-17T15:45:15Z\" \/>\n<meta name=\"parsely-section\" content=\"Noticias\" \/>\n<meta name=\"parsely-tags\" content=\"cartel de sinaloa,coca\u00edna,estados unidos,frontera eu\/m\u00e9xico,m\u00e9xico,pol\u00edticas de seguridad\" \/>\n<meta name=\"parsely-author\" content=\"Parker Asmann\" \/>","tracker_url":"https:\/\/cdn.parsely.com\/keys\/insightcrime.org\/p.js"},"jetpack_sharing_enabled":true,"jetpack-related-posts":[{"id":242473,"url":"https:\/\/insightcrime.org\/es\/mexico-organized-crime-news\/genaro-garcia-luna\/","url_meta":{"origin":207946,"position":0},"title":"Genaro Garc\u00eda Luna","author":"InSight Crime","date":"18 de enero de 2023","format":false,"excerpt":"EE. UU. conden\u00f3 a Genaro Garc\u00eda Luna, exsecretario de Seguridad de M\u00e9xico, y orden\u00f3 la recuperaci\u00f3n de US$578,5 millones por lavado de dinero, sobornos y nexos con el Cartel de Sinaloa.","rel":"","context":"En \u00abMexico\u00bb","block_context":{"text":"Mexico","link":"https:\/\/insightcrime.org\/category\/mexico-organized-crime-news\/"},"img":{"alt_text":"Genaro Garc\u00eda Luna","src":"https:\/\/i0.wp.com\/insightcrime.org\/wp-content\/uploads\/2026\/06\/Perfil-Criminal-Genaro-Garcia-Luna.jpg?fit=1200%2C900&quality=100&ssl=1&resize=350%2C200","width":350,"height":200,"srcset":"https:\/\/i0.wp.com\/insightcrime.org\/wp-content\/uploads\/2026\/06\/Perfil-Criminal-Genaro-Garcia-Luna.jpg?fit=1200%2C900&quality=100&ssl=1&resize=350%2C200 1x, https:\/\/i0.wp.com\/insightcrime.org\/wp-content\/uploads\/2026\/06\/Perfil-Criminal-Genaro-Garcia-Luna.jpg?fit=1200%2C900&quality=100&ssl=1&resize=525%2C300 1.5x, https:\/\/i0.wp.com\/insightcrime.org\/wp-content\/uploads\/2026\/06\/Perfil-Criminal-Genaro-Garcia-Luna.jpg?fit=1200%2C900&quality=100&ssl=1&resize=700%2C400 2x, https:\/\/i0.wp.com\/insightcrime.org\/wp-content\/uploads\/2026\/06\/Perfil-Criminal-Genaro-Garcia-Luna.jpg?fit=1200%2C900&quality=100&ssl=1&resize=1050%2C600 3x"},"classes":[]},{"id":294689,"url":"https:\/\/insightcrime.org\/es\/noticias\/ex-jefe-seguridad-publica-mexico-condenado-decadas-prision\/","url_meta":{"origin":207946,"position":1},"title":"El ex jefe de seguridad p\u00fablica de M\u00e9xico fue condenado a d\u00e9cadas de prisi\u00f3n. \u00bfPero reducir\u00e1 esto la corrupci\u00f3n?","author":"Parker Asmann","date":"17 de octubre de 2024","format":false,"excerpt":"Uno de los cerebros detr\u00e1s del enfoque militarizado de M\u00e9xico contra el crimen organizado fue sentenciado a m\u00e1s de 38 a\u00f1os en prisi\u00f3n en Estados Unidos, aunque persisten las preguntas sobre la efectividad de los juicios a antiguos aliados del pa\u00eds para frenar la corrupci\u00f3n en Am\u00e9rica Latina.","rel":"","context":"En \u00abNoticias\u00bb","block_context":{"text":"Noticias","link":"https:\/\/insightcrime.org\/es\/category\/noticias\/"},"img":{"alt_text":"Genaro Garc\u00eda Luna asiste a una rueda de prensa en Ciudad de M\u00e9xico en 2010. Cr\u00e9dito: Marco Ugarte\/AP","src":"https:\/\/i0.wp.com\/insightcrime.org\/wp-content\/uploads\/2023\/01\/Mexico-Secretary-of-Public-Safety-Genaro-Garcia-Luna-Aug-2022-AP22227647221108-A2.jpg?fit=1200%2C690&quality=100&ssl=1&resize=350%2C200","width":350,"height":200,"srcset":"https:\/\/i0.wp.com\/insightcrime.org\/wp-content\/uploads\/2023\/01\/Mexico-Secretary-of-Public-Safety-Genaro-Garcia-Luna-Aug-2022-AP22227647221108-A2.jpg?fit=1200%2C690&quality=100&ssl=1&resize=350%2C200 1x, https:\/\/i0.wp.com\/insightcrime.org\/wp-content\/uploads\/2023\/01\/Mexico-Secretary-of-Public-Safety-Genaro-Garcia-Luna-Aug-2022-AP22227647221108-A2.jpg?fit=1200%2C690&quality=100&ssl=1&resize=525%2C300 1.5x, https:\/\/i0.wp.com\/insightcrime.org\/wp-content\/uploads\/2023\/01\/Mexico-Secretary-of-Public-Safety-Genaro-Garcia-Luna-Aug-2022-AP22227647221108-A2.jpg?fit=1200%2C690&quality=100&ssl=1&resize=700%2C400 2x, https:\/\/i0.wp.com\/insightcrime.org\/wp-content\/uploads\/2023\/01\/Mexico-Secretary-of-Public-Safety-Genaro-Garcia-Luna-Aug-2022-AP22227647221108-A2.jpg?fit=1200%2C690&quality=100&ssl=1&resize=1050%2C600 3x"},"classes":[]},{"id":127111,"url":"https:\/\/insightcrime.org\/es\/noticias\/arreglo-bajo-cuerda-pasa-sobre-cargos-de-drogas-en-ee-uu-contra-exsecretario-de-defensa-de-mexico\/","url_meta":{"origin":207946,"position":2},"title":"Arreglo bajo cuerda pasa sobre cargos de drogas en EE.UU. contra exsecretario de defensa de M\u00e9xico","author":"Parker Asmann","date":"18 de noviembre de 2020","format":false,"excerpt":"Las autoridades de M\u00e9xico se enfrentar\u00e1n a la hora de la verdad en materia de corrupci\u00f3n, luego de que el gobierno de Estados Unidos admitiera un explosivo arreglo para retirar los cargos federales por narcotr\u00e1fico que llevaron a la captura sin precedentes del exsecretario de defensa de ese pa\u00eds.","rel":"","context":"En \u00abNoticias\u00bb","block_context":{"text":"Noticias","link":"https:\/\/insightcrime.org\/es\/category\/noticias\/"},"img":{"alt_text":"","src":"https:\/\/i0.wp.com\/insightcrime.org\/wp-content\/uploads\/2020\/11\/20-11-17-Mexico-Cienfuegos2.jpg?fit=350%2C250&quality=100&ssl=1&resize=350%2C200","width":350,"height":200},"classes":[]},{"id":203332,"url":"https:\/\/insightcrime.org\/es\/noticias\/exsecretario-seguridad-mexico-ojo-huracan-ee-uu\/","url_meta":{"origin":207946,"position":3},"title":"Exsecretario de seguridad de M\u00e9xico sigue en el ojo del hurac\u00e1n de EE.UU.","author":"Juan Diego Posada","date":"3 de noviembre de 2022","format":false,"excerpt":"El juicio contra Genaro Garc\u00eda Luna, secretario de Seguridad P\u00fablica del expresidente de M\u00e9xico, Felipe Calder\u00f3n, se acerca. EL juicio contra el arquitecto de la guerra contra las drogas de ese pa\u00eds iniciar\u00eda el 9 de enero de 2023.","rel":"","context":"En \u00abNoticias\u00bb","block_context":{"text":"Noticias","link":"https:\/\/insightcrime.org\/es\/category\/noticias\/"},"img":{"alt_text":"Genaro Garc\u00eda Luna, exsecretario de Seguridad de M\u00e9xico","src":"https:\/\/i0.wp.com\/insightcrime.org\/wp-content\/uploads\/2022\/11\/genaro-garcia-luna-1.jpg?fit=350%2C250&quality=100&ssl=1&resize=350%2C200","width":350,"height":200},"classes":[]},{"id":168482,"url":"https:\/\/insightcrime.org\/es\/noticias\/acusaciones-ex-funcionario-gobierno-mexico-escalan-cortes-eeuu\/","url_meta":{"origin":207946,"position":4},"title":"Acusaciones contra ex alto funcionario del gobierno de M\u00e9xico escalan en cortes de EE. UU.","author":"Parker Asmann","date":"30 de septiembre de 2021","format":false,"excerpt":"Se acumulan la evidencia y las acusaciones contra el exdirector de seguridad p\u00fablica de M\u00e9xico Genaro Garc\u00eda Luna. Por un lado, los fiscales presentaron nuevos expendientes que podr\u00edan demostrar que el exfuncionario recibi\u00f3 sobornos de narcos. Por otro lado, M\u00e9xico present\u00f3 una demanda para recuperar millones de d\u00f3lares en presuntos\u2026","rel":"","context":"En \u00abNoticias\u00bb","block_context":{"text":"Noticias","link":"https:\/\/insightcrime.org\/es\/category\/noticias\/"},"img":{"alt_text":"","src":"https:\/\/i0.wp.com\/insightcrime.org\/wp-content\/uploads\/2021\/09\/21-09-30-UIF-Complaint-GGL-Florida.jpg?fit=350%2C250&quality=100&ssl=1&resize=350%2C200","width":350,"height":200},"classes":[]},{"id":267337,"url":"https:\/\/insightcrime.org\/es\/noticias\/juicio-expresidente-honduras-tensiones-estados-unidos-seguridad\/","url_meta":{"origin":207946,"position":5},"title":"Juicio a expresidente de Honduras resalta tensiones con Estados Unidos en materia de seguridad","author":"Mike LaSusa","date":"6 de febrero de 2024","format":false,"excerpt":"A medida que Estados Unidos se prepara para el juicio por narcotr\u00e1fico contra el expresidente hondure\u00f1o Juan Orlando Hern\u00e1ndez, los fiscales se enfrentan a la paradoja diplom\u00e1tica de presentar pruebas que demuestren que su gobierno mantuvo relaciones amistosas con un dirigente que sab\u00eda que era corrupto.","rel":"","context":"En \u00abNoticias\u00bb","block_context":{"text":"Noticias","link":"https:\/\/insightcrime.org\/es\/category\/noticias\/"},"img":{"alt_text":"Juan Orlando Hern\u00e1ndez and Joe Biden - Juan Orlando Hern\u00e1ndez y Joe Biden","src":"https:\/\/i0.wp.com\/insightcrime.org\/wp-content\/uploads\/2024\/02\/JOH-cover-Articulo-1.png?fit=1200%2C690&quality=100&ssl=1&resize=350%2C200","width":350,"height":200,"srcset":"https:\/\/i0.wp.com\/insightcrime.org\/wp-content\/uploads\/2024\/02\/JOH-cover-Articulo-1.png?fit=1200%2C690&quality=100&ssl=1&resize=350%2C200 1x, https:\/\/i0.wp.com\/insightcrime.org\/wp-content\/uploads\/2024\/02\/JOH-cover-Articulo-1.png?fit=1200%2C690&quality=100&ssl=1&resize=525%2C300 1.5x, https:\/\/i0.wp.com\/insightcrime.org\/wp-content\/uploads\/2024\/02\/JOH-cover-Articulo-1.png?fit=1200%2C690&quality=100&ssl=1&resize=700%2C400 2x, https:\/\/i0.wp.com\/insightcrime.org\/wp-content\/uploads\/2024\/02\/JOH-cover-Articulo-1.png?fit=1200%2C690&quality=100&ssl=1&resize=1050%2C600 3x"},"classes":[]}],"jetpack_featured_media_url":"https:\/\/i0.wp.com\/insightcrime.org\/wp-content\/uploads\/2023\/01\/Mexico-Secretary-of-Public-Safety-Genaro-Garcia-Luna-Aug-2022-AP22227647221108-A2.jpg?fit=1336%2C768&quality=100&ssl=1","_links":{"self":[{"href":"https:\/\/insightcrime.org\/es\/wp-json\/wp\/v2\/posts\/207946","targetHints":{"allow":["GET"]}}],"collection":[{"href":"https:\/\/insightcrime.org\/es\/wp-json\/wp\/v2\/posts"}],"about":[{"href":"https:\/\/insightcrime.org\/es\/wp-json\/wp\/v2\/types\/post"}],"author":[{"embeddable":true,"href":"https:\/\/insightcrime.org\/es\/wp-json\/wp\/v2\/users\/90"}],"replies":[{"embeddable":true,"href":"https:\/\/insightcrime.org\/es\/wp-json\/wp\/v2\/comments?post=207946"}],"version-history":[{"count":4,"href":"https:\/\/insightcrime.org\/es\/wp-json\/wp\/v2\/posts\/207946\/revisions"}],"predecessor-version":[{"id":207971,"href":"https:\/\/insightcrime.org\/es\/wp-json\/wp\/v2\/posts\/207946\/revisions\/207971"}],"wp:featuredmedia":[{"embeddable":true,"href":"https:\/\/insightcrime.org\/es\/wp-json\/wp\/v2\/media\/208223"}],"wp:attachment":[{"href":"https:\/\/insightcrime.org\/es\/wp-json\/wp\/v2\/media?parent=207946"}],"wp:term":[{"taxonomy":"category","embeddable":true,"href":"https:\/\/insightcrime.org\/es\/wp-json\/wp\/v2\/categories?post=207946"},{"taxonomy":"post_tag","embeddable":true,"href":"https:\/\/insightcrime.org\/es\/wp-json\/wp\/v2\/tags?post=207946"},{"taxonomy":"newspack_spnsrs_tax","embeddable":true,"href":"https:\/\/insightcrime.org\/es\/wp-json\/wp\/v2\/newspack_spnsrs_tax?post=207946"},{"taxonomy":"author","embeddable":true,"href":"https:\/\/insightcrime.org\/es\/wp-json\/wp\/v2\/coauthors?post=207946"}],"curies":[{"name":"wp","href":"https:\/\/api.w.org\/{rel}","templated":true}]}}